{"id":21451,"date":"2026-04-08T22:47:04","date_gmt":"2026-04-09T01:47:04","guid":{"rendered":"https:\/\/brasilnoticias.org\/site\/?p=21451"},"modified":"2026-04-09T06:49:48","modified_gmt":"2026-04-09T09:49:48","slug":"jair-ventura-sai-em-defesa-de-aitor-apos-goleada-do-vitoria-momento-de-recuperar-o-atleta","status":"publish","type":"post","link":"https:\/\/brasilnoticias.org\/site\/jair-ventura-sai-em-defesa-de-aitor-apos-goleada-do-vitoria-momento-de-recuperar-o-atleta\/","title":{"rendered":"Jair Ventura sai em defesa de Aitor ap\u00f3s goleada do Vit\u00f3ria: \u201cMomento de recuperar o atleta\u201d"},"content":{"rendered":"<p data-start=\"214\" data-end=\"422\">O t\u00e9cnico do Esporte Clube Vit\u00f3ria, <span class=\"hover:entity-accent entity-underline inline cursor-pointer align-baseline\"><span class=\"whitespace-normal\">Jair Ventura<\/span><\/span>, saiu em defesa do atacante <span class=\"hover:entity-accent entity-underline inline cursor-pointer align-baseline\"><span class=\"whitespace-normal\">Aitor Cantalapiedra<\/span><\/span> ap\u00f3s a goleada por 4 a 0 sobre a Juazeirense, pela Copa do Nordeste.<\/p>\n<p data-start=\"424\" data-end=\"598\">Apesar do bom desempenho coletivo da equipe, Aitor voltou a ser alvo de cr\u00edticas por parte da torcida, principalmente pelo desempenho abaixo do esperado nas \u00faltimas partidas.<\/p>\n<h3 data-section-id=\"1i4y0yz\" data-start=\"600\" data-end=\"633\">T\u00e9cnico pede apoio ao jogador<\/h3>\n<p data-start=\"635\" data-end=\"770\">Ap\u00f3s o jogo, Jair Ventura destacou a import\u00e2ncia de dar confian\u00e7a ao atleta e refor\u00e7ou que o momento \u00e9 de recupera\u00e7\u00e3o dentro do elenco.<\/p>\n<p data-start=\"772\" data-end=\"899\">Segundo o treinador, o atacante segue sendo pe\u00e7a importante no grupo e precisa de apoio para retomar o melhor n\u00edvel de atua\u00e7\u00e3o.<\/p>\n<p data-start=\"901\" data-end=\"1034\">\u201c\u00c9 um jogador que tem qualidade. A gente precisa recuperar o atleta, dar confian\u00e7a. Ele faz parte do nosso grupo\u201d, afirmou o t\u00e9cnico.<\/p>\n<h3 data-section-id=\"1vmx5pa\" data-start=\"1036\" data-end=\"1072\">Atua\u00e7\u00e3o coletiva ofusca cr\u00edticas<\/h3>\n<p data-start=\"1074\" data-end=\"1239\">Mesmo com os questionamentos em torno de Aitor, o Vit\u00f3ria teve uma atua\u00e7\u00e3o consistente e dominante, garantindo uma vit\u00f3ria convincente diante da torcida no Barrad\u00e3o.<\/p>\n<p data-start=\"1241\" data-end=\"1385\">O resultado positivo ajuda a aliviar a press\u00e3o sobre o elenco e fortalece o trabalho da comiss\u00e3o t\u00e9cnica neste in\u00edcio de sequ\u00eancia na temporada.<\/p>\n<h3 data-section-id=\"18na3vc\" data-start=\"1387\" data-end=\"1422\">Foco na recupera\u00e7\u00e3o e sequ\u00eancia<\/h3>\n<p data-start=\"1424\" data-end=\"1561\">Jair Ventura tamb\u00e9m ressaltou que oscila\u00e7\u00f5es fazem parte do futebol e que jogadores passam por momentos diferentes ao longo da temporada.<\/p>\n<p data-start=\"1563\" data-end=\"1713\">A comiss\u00e3o t\u00e9cnica deve seguir trabalhando para recuperar o desempenho individual de Aitor, ao mesmo tempo em que mant\u00e9m o foco no coletivo da equipe.<\/p>\n<h3 data-section-id=\"py2etz\" data-start=\"1715\" data-end=\"1736\">Pr\u00f3ximos desafios<\/h3>\n<p data-start=\"1738\" data-end=\"1895\">Com a vit\u00f3ria, o Vit\u00f3ria ganha confian\u00e7a para a sequ\u00eancia da Copa do Nordeste e do Campeonato Brasileiro, onde busca manter regularidade e evoluir na tabela.<\/p>\n<p data-start=\"1897\" data-end=\"2032\">A expectativa \u00e9 de que o atacante tenha novas oportunidades para mostrar seu futebol e reconquistar a confian\u00e7a da torcida rubro-negra.<\/p>\n<p>Fonte: Metro1<\/p>\n","protected":false},"excerpt":{"rendered":"<p>O t\u00e9cnico do Esporte Clube Vit\u00f3ria, Jair Ventura, saiu em defesa do atacante Aitor Cantalapiedra ap\u00f3s a goleada por 4<\/p>\n","protected":false},"author":4,"featured_media":21452,"comment_status":"open","ping_status":"open","sticky":false,"template":"","format":"standard","meta":{"colormag_page_container_layout":"default_layout","colormag_page_sidebar_layout":"default_layout","_FSMCFIC_featured_image_caption":"","_FSMCFIC_featured_image_nocaption":"","_FSMCFIC_featured_image_hide":"","footnotes":""},"categories":[4,1],"tags":[],"class_list":["post-21451","post","type-post","status-publish","format-standard","has-post-thumbnail","hentry","category-esporte","category-ultimas"],"yoast_head":"<!-- This site is optimized with the Yoast SEO plugin v27.1.1 - https:\/\/yoast.com\/product\/yoast-seo-wordpress\/ -->\n<title>Jair Ventura sai em defesa de Aitor ap\u00f3s goleada do Vit\u00f3ria: \u201cMomento de recuperar o atleta\u201d - Brasil not\u00edcias<\/title>\n<meta name=\"robots\" content=\"index, follow, max-snippet:-1, max-image-preview:large, max-video-preview:-1\" \/>\n<link rel=\"canonical\" href=\"https:\/\/brasilnoticias.org\/site\/jair-ventura-sai-em-defesa-de-aitor-apos-goleada-do-vitoria-momento-de-recuperar-o-atleta\/\" \/>\n<meta property=\"og:locale\" content=\"pt_PT\" \/>\n<meta property=\"og:type\" content=\"article\" \/>\n<meta property=\"og:title\" content=\"Jair Ventura sai em defesa de Aitor ap\u00f3s goleada do Vit\u00f3ria: \u201cMomento de recuperar o atleta\u201d - Brasil not\u00edcias\" \/>\n<meta property=\"og:description\" content=\"O t\u00e9cnico do Esporte Clube Vit\u00f3ria, Jair Ventura, saiu em defesa do atacante Aitor Cantalapiedra ap\u00f3s a goleada por 4\" \/>\n<meta property=\"og:url\" content=\"https:\/\/brasilnoticias.org\/site\/jair-ventura-sai-em-defesa-de-aitor-apos-goleada-do-vitoria-momento-de-recuperar-o-atleta\/\" \/>\n<meta property=\"og:site_name\" content=\"Brasil not\u00edcias\" \/>\n<meta property=\"article:published_time\" content=\"2026-04-09T01:47:04+00:00\" \/>\n<meta property=\"article:modified_time\" content=\"2026-04-09T09:49:48+00:00\" \/>\n<meta property=\"og:image\" content=\"https:\/\/brasilnoticias.org\/site\/wp-content\/uploads\/2026\/04\/180734jair-ventura-defende-aitor-apos-goleada-do-vitoria-tentando-recuperar-o-atleta-3.jpg\" \/>\n\t<meta property=\"og:image:width\" content=\"1600\" \/>\n\t<meta property=\"og:image:height\" content=\"752\" \/>\n\t<meta property=\"og:image:type\" content=\"image\/jpeg\" \/>\n<meta name=\"author\" content=\"Reda\u00e7\u00e3o\" \/>\n<meta name=\"twitter:card\" content=\"summary_large_image\" \/>\n<meta name=\"twitter:label1\" content=\"Escrito por\" \/>\n\t<meta name=\"twitter:data1\" content=\"Reda\u00e7\u00e3o\" \/>\n\t<meta name=\"twitter:label2\" content=\"Tempo estimado de leitura\" \/>\n\t<meta name=\"twitter:data2\" content=\"2 minutos\" \/>\n<script type=\"application\/ld+json\" class=\"yoast-schema-graph\">{\"@context\":\"https:\/\/schema.org\",\"@graph\":[{\"@type\":\"Article\",\"@id\":\"https:\/\/brasilnoticias.org\/site\/jair-ventura-sai-em-defesa-de-aitor-apos-goleada-do-vitoria-momento-de-recuperar-o-atleta\/#article\",\"isPartOf\":{\"@id\":\"https:\/\/brasilnoticias.org\/site\/jair-ventura-sai-em-defesa-de-aitor-apos-goleada-do-vitoria-momento-de-recuperar-o-atleta\/\"},\"author\":{\"name\":\"Reda\u00e7\u00e3o\",\"@id\":\"https:\/\/brasilnoticias.org\/site\/#\/schema\/person\/03bbbfe6c7634ad18c26444ea39049fa\"},\"headline\":\"Jair Ventura sai em defesa de Aitor ap\u00f3s goleada do Vit\u00f3ria: \u201cMomento de recuperar o atleta\u201d\",\"datePublished\":\"2026-04-09T01:47:04+00:00\",\"dateModified\":\"2026-04-09T09:49:48+00:00\",\"mainEntityOfPage\":{\"@id\":\"https:\/\/brasilnoticias.org\/site\/jair-ventura-sai-em-defesa-de-aitor-apos-goleada-do-vitoria-momento-de-recuperar-o-atleta\/\"},\"wordCount\":337,\"commentCount\":0,\"publisher\":{\"@id\":\"https:\/\/brasilnoticias.org\/site\/#organization\"},\"image\":{\"@id\":\"https:\/\/brasilnoticias.org\/site\/jair-ventura-sai-em-defesa-de-aitor-apos-goleada-do-vitoria-momento-de-recuperar-o-atleta\/#primaryimage\"},\"thumbnailUrl\":\"https:\/\/brasilnoticias.org\/site\/wp-content\/uploads\/2026\/04\/180734jair-ventura-defende-aitor-apos-goleada-do-vitoria-tentando-recuperar-o-atleta-3.jpg\",\"articleSection\":[\"Esporte\",\"\u00daltimas\"],\"inLanguage\":\"pt-PT\",\"potentialAction\":[{\"@type\":\"CommentAction\",\"name\":\"Comment\",\"target\":[\"https:\/\/brasilnoticias.org\/site\/jair-ventura-sai-em-defesa-de-aitor-apos-goleada-do-vitoria-momento-de-recuperar-o-atleta\/#respond\"]}]},{\"@type\":\"WebPage\",\"@id\":\"https:\/\/brasilnoticias.org\/site\/jair-ventura-sai-em-defesa-de-aitor-apos-goleada-do-vitoria-momento-de-recuperar-o-atleta\/\",\"url\":\"https:\/\/brasilnoticias.org\/site\/jair-ventura-sai-em-defesa-de-aitor-apos-goleada-do-vitoria-momento-de-recuperar-o-atleta\/\",\"name\":\"Jair Ventura sai em defesa de Aitor ap\u00f3s goleada do Vit\u00f3ria: \u201cMomento de recuperar o atleta\u201d - Brasil not\u00edcias\",\"isPartOf\":{\"@id\":\"https:\/\/brasilnoticias.org\/site\/#website\"},\"primaryImageOfPage\":{\"@id\":\"https:\/\/brasilnoticias.org\/site\/jair-ventura-sai-em-defesa-de-aitor-apos-goleada-do-vitoria-momento-de-recuperar-o-atleta\/#primaryimage\"},\"image\":{\"@id\":\"https:\/\/brasilnoticias.org\/site\/jair-ventura-sai-em-defesa-de-aitor-apos-goleada-do-vitoria-momento-de-recuperar-o-atleta\/#primaryimage\"},\"thumbnailUrl\":\"https:\/\/brasilnoticias.org\/site\/wp-content\/uploads\/2026\/04\/180734jair-ventura-defende-aitor-apos-goleada-do-vitoria-tentando-recuperar-o-atleta-3.jpg\",\"datePublished\":\"2026-04-09T01:47:04+00:00\",\"dateModified\":\"2026-04-09T09:49:48+00:00\",\"breadcrumb\":{\"@id\":\"https:\/\/brasilnoticias.org\/site\/jair-ventura-sai-em-defesa-de-aitor-apos-goleada-do-vitoria-momento-de-recuperar-o-atleta\/#breadcrumb\"},\"inLanguage\":\"pt-PT\",\"potentialAction\":[{\"@type\":\"ReadAction\",\"target\":[\"https:\/\/brasilnoticias.org\/site\/jair-ventura-sai-em-defesa-de-aitor-apos-goleada-do-vitoria-momento-de-recuperar-o-atleta\/\"]}]},{\"@type\":\"ImageObject\",\"inLanguage\":\"pt-PT\",\"@id\":\"https:\/\/brasilnoticias.org\/site\/jair-ventura-sai-em-defesa-de-aitor-apos-goleada-do-vitoria-momento-de-recuperar-o-atleta\/#primaryimage\",\"url\":\"https:\/\/brasilnoticias.org\/site\/wp-content\/uploads\/2026\/04\/180734jair-ventura-defende-aitor-apos-goleada-do-vitoria-tentando-recuperar-o-atleta-3.jpg\",\"contentUrl\":\"https:\/\/brasilnoticias.org\/site\/wp-content\/uploads\/2026\/04\/180734jair-ventura-defende-aitor-apos-goleada-do-vitoria-tentando-recuperar-o-atleta-3.jpg\",\"width\":1600,\"height\":752,\"caption\":\"Foto: Leandro Arag\u00e3o\/Metro1\"},{\"@type\":\"BreadcrumbList\",\"@id\":\"https:\/\/brasilnoticias.org\/site\/jair-ventura-sai-em-defesa-de-aitor-apos-goleada-do-vitoria-momento-de-recuperar-o-atleta\/#breadcrumb\",\"itemListElement\":[{\"@type\":\"ListItem\",\"position\":1,\"name\":\"In\u00edcio\",\"item\":\"https:\/\/brasilnoticias.org\/site\/\"},{\"@type\":\"ListItem\",\"position\":2,\"name\":\"Jair Ventura sai em defesa de Aitor ap\u00f3s goleada do Vit\u00f3ria: \u201cMomento de recuperar o atleta\u201d\"}]},{\"@type\":\"WebSite\",\"@id\":\"https:\/\/brasilnoticias.org\/site\/#website\",\"url\":\"https:\/\/brasilnoticias.org\/site\/\",\"name\":\"Brasil not\u00edcias\",\"description\":\"Brasil not\u00edcias\",\"publisher\":{\"@id\":\"https:\/\/brasilnoticias.org\/site\/#organization\"},\"potentialAction\":[{\"@type\":\"SearchAction\",\"target\":{\"@type\":\"EntryPoint\",\"urlTemplate\":\"https:\/\/brasilnoticias.org\/site\/?s={search_term_string}\"},\"query-input\":{\"@type\":\"PropertyValueSpecification\",\"valueRequired\":true,\"valueName\":\"search_term_string\"}}],\"inLanguage\":\"pt-PT\"},{\"@type\":\"Organization\",\"@id\":\"https:\/\/brasilnoticias.org\/site\/#organization\",\"name\":\"Brasil not\u00edcias\",\"url\":\"https:\/\/brasilnoticias.org\/site\/\",\"logo\":{\"@type\":\"ImageObject\",\"inLanguage\":\"pt-PT\",\"@id\":\"https:\/\/brasilnoticias.org\/site\/#\/schema\/logo\/image\/\",\"url\":\"https:\/\/brasilnoticias.org\/site\/wp-content\/uploads\/2022\/05\/cropped-brasilnoticias-mini.jpg\",\"contentUrl\":\"https:\/\/brasilnoticias.org\/site\/wp-content\/uploads\/2022\/05\/cropped-brasilnoticias-mini.jpg\",\"width\":314,\"height\":86,\"caption\":\"Brasil not\u00edcias\"},\"image\":{\"@id\":\"https:\/\/brasilnoticias.org\/site\/#\/schema\/logo\/image\/\"}},{\"@type\":\"Person\",\"@id\":\"https:\/\/brasilnoticias.org\/site\/#\/schema\/person\/03bbbfe6c7634ad18c26444ea39049fa\",\"name\":\"Reda\u00e7\u00e3o\",\"image\":{\"@type\":\"ImageObject\",\"inLanguage\":\"pt-PT\",\"@id\":\"https:\/\/brasilnoticias.org\/site\/#\/schema\/person\/image\/\",\"url\":\"https:\/\/secure.gravatar.com\/avatar\/9ecaf7327a696cb23ad926fedded5f1f04d7049de9e445375d55b48c001a6e42?s=96&d=mm&r=g\",\"contentUrl\":\"https:\/\/secure.gravatar.com\/avatar\/9ecaf7327a696cb23ad926fedded5f1f04d7049de9e445375d55b48c001a6e42?s=96&d=mm&r=g\",\"caption\":\"Reda\u00e7\u00e3o\"},\"url\":\"https:\/\/brasilnoticias.org\/site\/author\/henrique\/\"}]}<\/script>\n<!-- \/ Yoast SEO plugin. -->","yoast_head_json":{"title":"Jair Ventura sai em defesa de Aitor ap\u00f3s goleada do Vit\u00f3ria: \u201cMomento de recuperar o atleta\u201d - Brasil not\u00edcias","robots":{"index":"index","follow":"follow","max-snippet":"max-snippet:-1","max-image-preview":"max-image-preview:large","max-video-preview":"max-video-preview:-1"},"canonical":"https:\/\/brasilnoticias.org\/site\/jair-ventura-sai-em-defesa-de-aitor-apos-goleada-do-vitoria-momento-de-recuperar-o-atleta\/","og_locale":"pt_PT","og_type":"article","og_title":"Jair Ventura sai em defesa de Aitor ap\u00f3s goleada do Vit\u00f3ria: \u201cMomento de recuperar o atleta\u201d - Brasil not\u00edcias","og_description":"O t\u00e9cnico do Esporte Clube Vit\u00f3ria, Jair Ventura, saiu em defesa do atacante Aitor Cantalapiedra ap\u00f3s a goleada por 4","og_url":"https:\/\/brasilnoticias.org\/site\/jair-ventura-sai-em-defesa-de-aitor-apos-goleada-do-vitoria-momento-de-recuperar-o-atleta\/","og_site_name":"Brasil not\u00edcias","article_published_time":"2026-04-09T01:47:04+00:00","article_modified_time":"2026-04-09T09:49:48+00:00","og_image":[{"width":1600,"height":752,"url":"https:\/\/brasilnoticias.org\/site\/wp-content\/uploads\/2026\/04\/180734jair-ventura-defende-aitor-apos-goleada-do-vitoria-tentando-recuperar-o-atleta-3.jpg","type":"image\/jpeg"}],"author":"Reda\u00e7\u00e3o","twitter_card":"summary_large_image","twitter_misc":{"Escrito por":"Reda\u00e7\u00e3o","Tempo estimado de leitura":"2 minutos"},"schema":{"@context":"https:\/\/schema.org","@graph":[{"@type":"Article","@id":"https:\/\/brasilnoticias.org\/site\/jair-ventura-sai-em-defesa-de-aitor-apos-goleada-do-vitoria-momento-de-recuperar-o-atleta\/#article","isPartOf":{"@id":"https:\/\/brasilnoticias.org\/site\/jair-ventura-sai-em-defesa-de-aitor-apos-goleada-do-vitoria-momento-de-recuperar-o-atleta\/"},"author":{"name":"Reda\u00e7\u00e3o","@id":"https:\/\/brasilnoticias.org\/site\/#\/schema\/person\/03bbbfe6c7634ad18c26444ea39049fa"},"headline":"Jair Ventura sai em defesa de Aitor ap\u00f3s goleada do Vit\u00f3ria: \u201cMomento de recuperar o atleta\u201d","datePublished":"2026-04-09T01:47:04+00:00","dateModified":"2026-04-09T09:49:48+00:00","mainEntityOfPage":{"@id":"https:\/\/brasilnoticias.org\/site\/jair-ventura-sai-em-defesa-de-aitor-apos-goleada-do-vitoria-momento-de-recuperar-o-atleta\/"},"wordCount":337,"commentCount":0,"publisher":{"@id":"https:\/\/brasilnoticias.org\/site\/#organization"},"image":{"@id":"https:\/\/brasilnoticias.org\/site\/jair-ventura-sai-em-defesa-de-aitor-apos-goleada-do-vitoria-momento-de-recuperar-o-atleta\/#primaryimage"},"thumbnailUrl":"https:\/\/brasilnoticias.org\/site\/wp-content\/uploads\/2026\/04\/180734jair-ventura-defende-aitor-apos-goleada-do-vitoria-tentando-recuperar-o-atleta-3.jpg","articleSection":["Esporte","\u00daltimas"],"inLanguage":"pt-PT","potentialAction":[{"@type":"CommentAction","name":"Comment","target":["https:\/\/brasilnoticias.org\/site\/jair-ventura-sai-em-defesa-de-aitor-apos-goleada-do-vitoria-momento-de-recuperar-o-atleta\/#respond"]}]},{"@type":"WebPage","@id":"https:\/\/brasilnoticias.org\/site\/jair-ventura-sai-em-defesa-de-aitor-apos-goleada-do-vitoria-momento-de-recuperar-o-atleta\/","url":"https:\/\/brasilnoticias.org\/site\/jair-ventura-sai-em-defesa-de-aitor-apos-goleada-do-vitoria-momento-de-recuperar-o-atleta\/","name":"Jair Ventura sai em defesa de Aitor ap\u00f3s goleada do Vit\u00f3ria: \u201cMomento de recuperar o atleta\u201d - Brasil not\u00edcias","isPartOf":{"@id":"https:\/\/brasilnoticias.org\/site\/#website"},"primaryImageOfPage":{"@id":"https:\/\/brasilnoticias.org\/site\/jair-ventura-sai-em-defesa-de-aitor-apos-goleada-do-vitoria-momento-de-recuperar-o-atleta\/#primaryimage"},"image":{"@id":"https:\/\/brasilnoticias.org\/site\/jair-ventura-sai-em-defesa-de-aitor-apos-goleada-do-vitoria-momento-de-recuperar-o-atleta\/#primaryimage"},"thumbnailUrl":"https:\/\/brasilnoticias.org\/site\/wp-content\/uploads\/2026\/04\/180734jair-ventura-defende-aitor-apos-goleada-do-vitoria-tentando-recuperar-o-atleta-3.jpg","datePublished":"2026-04-09T01:47:04+00:00","dateModified":"2026-04-09T09:49:48+00:00","breadcrumb":{"@id":"https:\/\/brasilnoticias.org\/site\/jair-ventura-sai-em-defesa-de-aitor-apos-goleada-do-vitoria-momento-de-recuperar-o-atleta\/#breadcrumb"},"inLanguage":"pt-PT","potentialAction":[{"@type":"ReadAction","target":["https:\/\/brasilnoticias.org\/site\/jair-ventura-sai-em-defesa-de-aitor-apos-goleada-do-vitoria-momento-de-recuperar-o-atleta\/"]}]},{"@type":"ImageObject","inLanguage":"pt-PT","@id":"https:\/\/brasilnoticias.org\/site\/jair-ventura-sai-em-defesa-de-aitor-apos-goleada-do-vitoria-momento-de-recuperar-o-atleta\/#primaryimage","url":"https:\/\/brasilnoticias.org\/site\/wp-content\/uploads\/2026\/04\/180734jair-ventura-defende-aitor-apos-goleada-do-vitoria-tentando-recuperar-o-atleta-3.jpg","contentUrl":"https:\/\/brasilnoticias.org\/site\/wp-content\/uploads\/2026\/04\/180734jair-ventura-defende-aitor-apos-goleada-do-vitoria-tentando-recuperar-o-atleta-3.jpg","width":1600,"height":752,"caption":"Foto: Leandro Arag\u00e3o\/Metro1"},{"@type":"BreadcrumbList","@id":"https:\/\/brasilnoticias.org\/site\/jair-ventura-sai-em-defesa-de-aitor-apos-goleada-do-vitoria-momento-de-recuperar-o-atleta\/#breadcrumb","itemListElement":[{"@type":"ListItem","position":1,"name":"In\u00edcio","item":"https:\/\/brasilnoticias.org\/site\/"},{"@type":"ListItem","position":2,"name":"Jair Ventura sai em defesa de Aitor ap\u00f3s goleada do Vit\u00f3ria: \u201cMomento de recuperar o atleta\u201d"}]},{"@type":"WebSite","@id":"https:\/\/brasilnoticias.org\/site\/#website","url":"https:\/\/brasilnoticias.org\/site\/","name":"Brasil not\u00edcias","description":"Brasil not\u00edcias","publisher":{"@id":"https:\/\/brasilnoticias.org\/site\/#organization"},"potentialAction":[{"@type":"SearchAction","target":{"@type":"EntryPoint","urlTemplate":"https:\/\/brasilnoticias.org\/site\/?s={search_term_string}"},"query-input":{"@type":"PropertyValueSpecification","valueRequired":true,"valueName":"search_term_string"}}],"inLanguage":"pt-PT"},{"@type":"Organization","@id":"https:\/\/brasilnoticias.org\/site\/#organization","name":"Brasil not\u00edcias","url":"https:\/\/brasilnoticias.org\/site\/","logo":{"@type":"ImageObject","inLanguage":"pt-PT","@id":"https:\/\/brasilnoticias.org\/site\/#\/schema\/logo\/image\/","url":"https:\/\/brasilnoticias.org\/site\/wp-content\/uploads\/2022\/05\/cropped-brasilnoticias-mini.jpg","contentUrl":"https:\/\/brasilnoticias.org\/site\/wp-content\/uploads\/2022\/05\/cropped-brasilnoticias-mini.jpg","width":314,"height":86,"caption":"Brasil not\u00edcias"},"image":{"@id":"https:\/\/brasilnoticias.org\/site\/#\/schema\/logo\/image\/"}},{"@type":"Person","@id":"https:\/\/brasilnoticias.org\/site\/#\/schema\/person\/03bbbfe6c7634ad18c26444ea39049fa","name":"Reda\u00e7\u00e3o","image":{"@type":"ImageObject","inLanguage":"pt-PT","@id":"https:\/\/brasilnoticias.org\/site\/#\/schema\/person\/image\/","url":"https:\/\/secure.gravatar.com\/avatar\/9ecaf7327a696cb23ad926fedded5f1f04d7049de9e445375d55b48c001a6e42?s=96&d=mm&r=g","contentUrl":"https:\/\/secure.gravatar.com\/avatar\/9ecaf7327a696cb23ad926fedded5f1f04d7049de9e445375d55b48c001a6e42?s=96&d=mm&r=g","caption":"Reda\u00e7\u00e3o"},"url":"https:\/\/brasilnoticias.org\/site\/author\/henrique\/"}]}},"_links":{"self":[{"href":"https:\/\/brasilnoticias.org\/site\/wp-json\/wp\/v2\/posts\/21451","targetHints":{"allow":["GET"]}}],"collection":[{"href":"https:\/\/brasilnoticias.org\/site\/wp-json\/wp\/v2\/posts"}],"about":[{"href":"https:\/\/brasilnoticias.org\/site\/wp-json\/wp\/v2\/types\/post"}],"author":[{"embeddable":true,"href":"https:\/\/brasilnoticias.org\/site\/wp-json\/wp\/v2\/users\/4"}],"replies":[{"embeddable":true,"href":"https:\/\/brasilnoticias.org\/site\/wp-json\/wp\/v2\/comments?post=21451"}],"version-history":[{"count":1,"href":"https:\/\/brasilnoticias.org\/site\/wp-json\/wp\/v2\/posts\/21451\/revisions"}],"predecessor-version":[{"id":21453,"href":"https:\/\/brasilnoticias.org\/site\/wp-json\/wp\/v2\/posts\/21451\/revisions\/21453"}],"wp:featuredmedia":[{"embeddable":true,"href":"https:\/\/brasilnoticias.org\/site\/wp-json\/wp\/v2\/media\/21452"}],"wp:attachment":[{"href":"https:\/\/brasilnoticias.org\/site\/wp-json\/wp\/v2\/media?parent=21451"}],"wp:term":[{"taxonomy":"category","embeddable":true,"href":"https:\/\/brasilnoticias.org\/site\/wp-json\/wp\/v2\/categories?post=21451"},{"taxonomy":"post_tag","embeddable":true,"href":"https:\/\/brasilnoticias.org\/site\/wp-json\/wp\/v2\/tags?post=21451"}],"curies":[{"name":"wp","href":"https:\/\/api.w.org\/{rel}","templated":true}]}}