{"id":21461,"date":"2026-04-09T07:33:25","date_gmt":"2026-04-09T10:33:25","guid":{"rendered":"https:\/\/brasilnoticias.org\/site\/?p=21461"},"modified":"2026-04-09T07:33:25","modified_gmt":"2026-04-09T10:33:25","slug":"unicef-mobiliza-jovens-de-16-e-17-anos-para-tirar-titulo-de-eleitor-no-brasil","status":"publish","type":"post","link":"https:\/\/brasilnoticias.org\/site\/unicef-mobiliza-jovens-de-16-e-17-anos-para-tirar-titulo-de-eleitor-no-brasil\/","title":{"rendered":"UNICEF mobiliza jovens de 16 e 17 anos para tirar t\u00edtulo de eleitor no Brasil"},"content":{"rendered":"<p data-start=\"197\" data-end=\"382\">O <span class=\"hover:entity-accent entity-underline inline cursor-pointer align-baseline\"><span class=\"whitespace-normal\">UNICEF<\/span><\/span> iniciou uma mobiliza\u00e7\u00e3o nacional para incentivar adolescentes de 16 e 17 anos a tirarem o t\u00edtulo de eleitor e participarem das pr\u00f3ximas elei\u00e7\u00f5es.<\/p>\n<p data-start=\"384\" data-end=\"533\">A campanha busca ampliar a participa\u00e7\u00e3o dos jovens no processo democr\u00e1tico, destacando a import\u00e2ncia do voto como ferramenta de transforma\u00e7\u00e3o social.<\/p>\n<h3 data-section-id=\"svn86p\" data-start=\"535\" data-end=\"573\">Voto \u00e9 facultativo, mas importante<\/h3>\n<p data-start=\"575\" data-end=\"717\">No Brasil, o voto \u00e9 opcional para jovens entre 16 e 17 anos, mas o UNICEF refor\u00e7a que essa \u00e9 uma oportunidade de exercer cidadania desde cedo.<\/p>\n<p data-start=\"719\" data-end=\"870\">A iniciativa pretende conscientizar adolescentes sobre o impacto das decis\u00f5es pol\u00edticas em \u00e1reas como educa\u00e7\u00e3o, sa\u00fade e oportunidades para a juventude.<\/p>\n<h3 data-section-id=\"h4u7i4\" data-start=\"872\" data-end=\"906\">Campanha nacional de incentivo<\/h3>\n<p data-start=\"908\" data-end=\"1031\">A mobiliza\u00e7\u00e3o inclui a\u00e7\u00f5es nas redes sociais, escolas e comunidades, al\u00e9m de parcerias com organiza\u00e7\u00f5es da sociedade civil.<\/p>\n<p data-start=\"1033\" data-end=\"1190\">O objetivo \u00e9 facilitar o acesso \u00e0 informa\u00e7\u00e3o e incentivar os jovens a realizarem o alistamento eleitoral dentro do prazo estabelecido pela Justi\u00e7a Eleitoral.<\/p>\n<h3 data-section-id=\"197sbvy\" data-start=\"1192\" data-end=\"1230\">Participa\u00e7\u00e3o pol\u00edtica da juventude<\/h3>\n<p data-start=\"1232\" data-end=\"1380\">Dados recentes apontam que o n\u00famero de jovens eleitores pode variar a cada elei\u00e7\u00e3o, dependendo do n\u00edvel de engajamento e das campanhas de incentivo.<\/p>\n<p data-start=\"1382\" data-end=\"1524\">Para o UNICEF, ampliar essa participa\u00e7\u00e3o \u00e9 essencial para fortalecer a democracia e garantir que as demandas da juventude sejam representadas.<\/p>\n<h3 data-section-id=\"1d5x880\" data-start=\"1526\" data-end=\"1549\">Como tirar o t\u00edtulo<\/h3>\n<p data-start=\"1551\" data-end=\"1732\">O processo de emiss\u00e3o do t\u00edtulo de eleitor pode ser feito de forma online, por meio do sistema da <span class=\"hover:entity-accent entity-underline inline cursor-pointer align-baseline\"><span class=\"whitespace-normal\">Justi\u00e7a Eleitoral brasileira<\/span><\/span>, ou presencialmente nos cart\u00f3rios eleitorais.<\/p>\n<p data-start=\"1734\" data-end=\"1813\">\u00c9 necess\u00e1rio apresentar documentos como identidade e comprovante de resid\u00eancia.<\/p>\n<h3 data-section-id=\"4nohnz\" data-start=\"1815\" data-end=\"1838\">Prazo e import\u00e2ncia<\/h3>\n<p data-start=\"1840\" data-end=\"1992\">O prazo para regulariza\u00e7\u00e3o do t\u00edtulo costuma ocorrer meses antes das elei\u00e7\u00f5es, por isso o UNICEF refor\u00e7a a import\u00e2ncia de n\u00e3o deixar para a \u00faltima hora.<\/p>\n<p data-start=\"1994\" data-end=\"2127\">A campanha destaca que o voto jovem pode fazer diferen\u00e7a nos rumos do pa\u00eds, incentivando uma gera\u00e7\u00e3o mais consciente e participativa.<\/p>\n","protected":false},"excerpt":{"rendered":"<p>O UNICEF iniciou uma mobiliza\u00e7\u00e3o nacional para incentivar adolescentes de 16 e 17 anos a tirarem o t\u00edtulo de eleitor<\/p>\n","protected":false},"author":4,"featured_media":21462,"comment_status":"open","ping_status":"open","sticky":false,"template":"","format":"standard","meta":{"colormag_page_container_layout":"default_layout","colormag_page_sidebar_layout":"default_layout","_FSMCFIC_featured_image_caption":"","_FSMCFIC_featured_image_nocaption":"","_FSMCFIC_featured_image_hide":"","footnotes":""},"categories":[2,1],"tags":[],"class_list":["post-21461","post","type-post","status-publish","format-standard","has-post-thumbnail","hentry","category-noticias","category-ultimas"],"yoast_head":"<!-- This site is optimized with the Yoast SEO plugin v27.1.1 - https:\/\/yoast.com\/product\/yoast-seo-wordpress\/ -->\n<title>UNICEF mobiliza jovens de 16 e 17 anos para tirar t\u00edtulo de eleitor no Brasil - Brasil not\u00edcias<\/title>\n<meta name=\"robots\" content=\"index, follow, max-snippet:-1, max-image-preview:large, max-video-preview:-1\" \/>\n<link rel=\"canonical\" href=\"https:\/\/brasilnoticias.org\/site\/unicef-mobiliza-jovens-de-16-e-17-anos-para-tirar-titulo-de-eleitor-no-brasil\/\" \/>\n<meta property=\"og:locale\" content=\"pt_PT\" \/>\n<meta property=\"og:type\" content=\"article\" \/>\n<meta property=\"og:title\" content=\"UNICEF mobiliza jovens de 16 e 17 anos para tirar t\u00edtulo de eleitor no Brasil - Brasil not\u00edcias\" \/>\n<meta property=\"og:description\" content=\"O UNICEF iniciou uma mobiliza\u00e7\u00e3o nacional para incentivar adolescentes de 16 e 17 anos a tirarem o t\u00edtulo de eleitor\" \/>\n<meta property=\"og:url\" content=\"https:\/\/brasilnoticias.org\/site\/unicef-mobiliza-jovens-de-16-e-17-anos-para-tirar-titulo-de-eleitor-no-brasil\/\" \/>\n<meta property=\"og:site_name\" content=\"Brasil not\u00edcias\" \/>\n<meta property=\"article:published_time\" content=\"2026-04-09T10:33:25+00:00\" \/>\n<meta property=\"og:image\" content=\"https:\/\/brasilnoticias.org\/site\/wp-content\/uploads\/2026\/04\/913611-agencia_brasil_ultimo_dia_titulo_de_eleitor_4799.webp\" \/>\n\t<meta property=\"og:image:width\" content=\"1170\" \/>\n\t<meta property=\"og:image:height\" content=\"700\" \/>\n\t<meta property=\"og:image:type\" content=\"image\/webp\" \/>\n<meta name=\"author\" content=\"Reda\u00e7\u00e3o\" \/>\n<meta name=\"twitter:card\" content=\"summary_large_image\" \/>\n<meta name=\"twitter:label1\" content=\"Escrito por\" \/>\n\t<meta name=\"twitter:data1\" content=\"Reda\u00e7\u00e3o\" \/>\n\t<meta name=\"twitter:label2\" content=\"Tempo estimado de leitura\" \/>\n\t<meta name=\"twitter:data2\" content=\"2 minutos\" \/>\n<script type=\"application\/ld+json\" class=\"yoast-schema-graph\">{\"@context\":\"https:\/\/schema.org\",\"@graph\":[{\"@type\":\"Article\",\"@id\":\"https:\/\/brasilnoticias.org\/site\/unicef-mobiliza-jovens-de-16-e-17-anos-para-tirar-titulo-de-eleitor-no-brasil\/#article\",\"isPartOf\":{\"@id\":\"https:\/\/brasilnoticias.org\/site\/unicef-mobiliza-jovens-de-16-e-17-anos-para-tirar-titulo-de-eleitor-no-brasil\/\"},\"author\":{\"name\":\"Reda\u00e7\u00e3o\",\"@id\":\"https:\/\/brasilnoticias.org\/site\/#\/schema\/person\/03bbbfe6c7634ad18c26444ea39049fa\"},\"headline\":\"UNICEF mobiliza jovens de 16 e 17 anos para tirar t\u00edtulo de eleitor no Brasil\",\"datePublished\":\"2026-04-09T10:33:25+00:00\",\"mainEntityOfPage\":{\"@id\":\"https:\/\/brasilnoticias.org\/site\/unicef-mobiliza-jovens-de-16-e-17-anos-para-tirar-titulo-de-eleitor-no-brasil\/\"},\"wordCount\":330,\"commentCount\":0,\"publisher\":{\"@id\":\"https:\/\/brasilnoticias.org\/site\/#organization\"},\"image\":{\"@id\":\"https:\/\/brasilnoticias.org\/site\/unicef-mobiliza-jovens-de-16-e-17-anos-para-tirar-titulo-de-eleitor-no-brasil\/#primaryimage\"},\"thumbnailUrl\":\"https:\/\/brasilnoticias.org\/site\/wp-content\/uploads\/2026\/04\/913611-agencia_brasil_ultimo_dia_titulo_de_eleitor_4799.webp\",\"articleSection\":[\"Not\u00edcias\",\"\u00daltimas\"],\"inLanguage\":\"pt-PT\",\"potentialAction\":[{\"@type\":\"CommentAction\",\"name\":\"Comment\",\"target\":[\"https:\/\/brasilnoticias.org\/site\/unicef-mobiliza-jovens-de-16-e-17-anos-para-tirar-titulo-de-eleitor-no-brasil\/#respond\"]}]},{\"@type\":\"WebPage\",\"@id\":\"https:\/\/brasilnoticias.org\/site\/unicef-mobiliza-jovens-de-16-e-17-anos-para-tirar-titulo-de-eleitor-no-brasil\/\",\"url\":\"https:\/\/brasilnoticias.org\/site\/unicef-mobiliza-jovens-de-16-e-17-anos-para-tirar-titulo-de-eleitor-no-brasil\/\",\"name\":\"UNICEF mobiliza jovens de 16 e 17 anos para tirar t\u00edtulo de eleitor no Brasil - Brasil not\u00edcias\",\"isPartOf\":{\"@id\":\"https:\/\/brasilnoticias.org\/site\/#website\"},\"primaryImageOfPage\":{\"@id\":\"https:\/\/brasilnoticias.org\/site\/unicef-mobiliza-jovens-de-16-e-17-anos-para-tirar-titulo-de-eleitor-no-brasil\/#primaryimage\"},\"image\":{\"@id\":\"https:\/\/brasilnoticias.org\/site\/unicef-mobiliza-jovens-de-16-e-17-anos-para-tirar-titulo-de-eleitor-no-brasil\/#primaryimage\"},\"thumbnailUrl\":\"https:\/\/brasilnoticias.org\/site\/wp-content\/uploads\/2026\/04\/913611-agencia_brasil_ultimo_dia_titulo_de_eleitor_4799.webp\",\"datePublished\":\"2026-04-09T10:33:25+00:00\",\"breadcrumb\":{\"@id\":\"https:\/\/brasilnoticias.org\/site\/unicef-mobiliza-jovens-de-16-e-17-anos-para-tirar-titulo-de-eleitor-no-brasil\/#breadcrumb\"},\"inLanguage\":\"pt-PT\",\"potentialAction\":[{\"@type\":\"ReadAction\",\"target\":[\"https:\/\/brasilnoticias.org\/site\/unicef-mobiliza-jovens-de-16-e-17-anos-para-tirar-titulo-de-eleitor-no-brasil\/\"]}]},{\"@type\":\"ImageObject\",\"inLanguage\":\"pt-PT\",\"@id\":\"https:\/\/brasilnoticias.org\/site\/unicef-mobiliza-jovens-de-16-e-17-anos-para-tirar-titulo-de-eleitor-no-brasil\/#primaryimage\",\"url\":\"https:\/\/brasilnoticias.org\/site\/wp-content\/uploads\/2026\/04\/913611-agencia_brasil_ultimo_dia_titulo_de_eleitor_4799.webp\",\"contentUrl\":\"https:\/\/brasilnoticias.org\/site\/wp-content\/uploads\/2026\/04\/913611-agencia_brasil_ultimo_dia_titulo_de_eleitor_4799.webp\",\"width\":1170,\"height\":700,\"caption\":\"Marcelo Camargo\/Ag\u00eancia Brasil\"},{\"@type\":\"BreadcrumbList\",\"@id\":\"https:\/\/brasilnoticias.org\/site\/unicef-mobiliza-jovens-de-16-e-17-anos-para-tirar-titulo-de-eleitor-no-brasil\/#breadcrumb\",\"itemListElement\":[{\"@type\":\"ListItem\",\"position\":1,\"name\":\"In\u00edcio\",\"item\":\"https:\/\/brasilnoticias.org\/site\/\"},{\"@type\":\"ListItem\",\"position\":2,\"name\":\"UNICEF mobiliza jovens de 16 e 17 anos para tirar t\u00edtulo de eleitor no Brasil\"}]},{\"@type\":\"WebSite\",\"@id\":\"https:\/\/brasilnoticias.org\/site\/#website\",\"url\":\"https:\/\/brasilnoticias.org\/site\/\",\"name\":\"Brasil not\u00edcias\",\"description\":\"Brasil not\u00edcias\",\"publisher\":{\"@id\":\"https:\/\/brasilnoticias.org\/site\/#organization\"},\"potentialAction\":[{\"@type\":\"SearchAction\",\"target\":{\"@type\":\"EntryPoint\",\"urlTemplate\":\"https:\/\/brasilnoticias.org\/site\/?s={search_term_string}\"},\"query-input\":{\"@type\":\"PropertyValueSpecification\",\"valueRequired\":true,\"valueName\":\"search_term_string\"}}],\"inLanguage\":\"pt-PT\"},{\"@type\":\"Organization\",\"@id\":\"https:\/\/brasilnoticias.org\/site\/#organization\",\"name\":\"Brasil not\u00edcias\",\"url\":\"https:\/\/brasilnoticias.org\/site\/\",\"logo\":{\"@type\":\"ImageObject\",\"inLanguage\":\"pt-PT\",\"@id\":\"https:\/\/brasilnoticias.org\/site\/#\/schema\/logo\/image\/\",\"url\":\"https:\/\/brasilnoticias.org\/site\/wp-content\/uploads\/2022\/05\/cropped-brasilnoticias-mini.jpg\",\"contentUrl\":\"https:\/\/brasilnoticias.org\/site\/wp-content\/uploads\/2022\/05\/cropped-brasilnoticias-mini.jpg\",\"width\":314,\"height\":86,\"caption\":\"Brasil not\u00edcias\"},\"image\":{\"@id\":\"https:\/\/brasilnoticias.org\/site\/#\/schema\/logo\/image\/\"}},{\"@type\":\"Person\",\"@id\":\"https:\/\/brasilnoticias.org\/site\/#\/schema\/person\/03bbbfe6c7634ad18c26444ea39049fa\",\"name\":\"Reda\u00e7\u00e3o\",\"image\":{\"@type\":\"ImageObject\",\"inLanguage\":\"pt-PT\",\"@id\":\"https:\/\/brasilnoticias.org\/site\/#\/schema\/person\/image\/\",\"url\":\"https:\/\/secure.gravatar.com\/avatar\/9ecaf7327a696cb23ad926fedded5f1f04d7049de9e445375d55b48c001a6e42?s=96&d=mm&r=g\",\"contentUrl\":\"https:\/\/secure.gravatar.com\/avatar\/9ecaf7327a696cb23ad926fedded5f1f04d7049de9e445375d55b48c001a6e42?s=96&d=mm&r=g\",\"caption\":\"Reda\u00e7\u00e3o\"},\"url\":\"https:\/\/brasilnoticias.org\/site\/author\/henrique\/\"}]}<\/script>\n<!-- \/ Yoast SEO plugin. -->","yoast_head_json":{"title":"UNICEF mobiliza jovens de 16 e 17 anos para tirar t\u00edtulo de eleitor no Brasil - Brasil not\u00edcias","robots":{"index":"index","follow":"follow","max-snippet":"max-snippet:-1","max-image-preview":"max-image-preview:large","max-video-preview":"max-video-preview:-1"},"canonical":"https:\/\/brasilnoticias.org\/site\/unicef-mobiliza-jovens-de-16-e-17-anos-para-tirar-titulo-de-eleitor-no-brasil\/","og_locale":"pt_PT","og_type":"article","og_title":"UNICEF mobiliza jovens de 16 e 17 anos para tirar t\u00edtulo de eleitor no Brasil - Brasil not\u00edcias","og_description":"O UNICEF iniciou uma mobiliza\u00e7\u00e3o nacional para incentivar adolescentes de 16 e 17 anos a tirarem o t\u00edtulo de eleitor","og_url":"https:\/\/brasilnoticias.org\/site\/unicef-mobiliza-jovens-de-16-e-17-anos-para-tirar-titulo-de-eleitor-no-brasil\/","og_site_name":"Brasil not\u00edcias","article_published_time":"2026-04-09T10:33:25+00:00","og_image":[{"width":1170,"height":700,"url":"https:\/\/brasilnoticias.org\/site\/wp-content\/uploads\/2026\/04\/913611-agencia_brasil_ultimo_dia_titulo_de_eleitor_4799.webp","type":"image\/webp"}],"author":"Reda\u00e7\u00e3o","twitter_card":"summary_large_image","twitter_misc":{"Escrito por":"Reda\u00e7\u00e3o","Tempo estimado de leitura":"2 minutos"},"schema":{"@context":"https:\/\/schema.org","@graph":[{"@type":"Article","@id":"https:\/\/brasilnoticias.org\/site\/unicef-mobiliza-jovens-de-16-e-17-anos-para-tirar-titulo-de-eleitor-no-brasil\/#article","isPartOf":{"@id":"https:\/\/brasilnoticias.org\/site\/unicef-mobiliza-jovens-de-16-e-17-anos-para-tirar-titulo-de-eleitor-no-brasil\/"},"author":{"name":"Reda\u00e7\u00e3o","@id":"https:\/\/brasilnoticias.org\/site\/#\/schema\/person\/03bbbfe6c7634ad18c26444ea39049fa"},"headline":"UNICEF mobiliza jovens de 16 e 17 anos para tirar t\u00edtulo de eleitor no Brasil","datePublished":"2026-04-09T10:33:25+00:00","mainEntityOfPage":{"@id":"https:\/\/brasilnoticias.org\/site\/unicef-mobiliza-jovens-de-16-e-17-anos-para-tirar-titulo-de-eleitor-no-brasil\/"},"wordCount":330,"commentCount":0,"publisher":{"@id":"https:\/\/brasilnoticias.org\/site\/#organization"},"image":{"@id":"https:\/\/brasilnoticias.org\/site\/unicef-mobiliza-jovens-de-16-e-17-anos-para-tirar-titulo-de-eleitor-no-brasil\/#primaryimage"},"thumbnailUrl":"https:\/\/brasilnoticias.org\/site\/wp-content\/uploads\/2026\/04\/913611-agencia_brasil_ultimo_dia_titulo_de_eleitor_4799.webp","articleSection":["Not\u00edcias","\u00daltimas"],"inLanguage":"pt-PT","potentialAction":[{"@type":"CommentAction","name":"Comment","target":["https:\/\/brasilnoticias.org\/site\/unicef-mobiliza-jovens-de-16-e-17-anos-para-tirar-titulo-de-eleitor-no-brasil\/#respond"]}]},{"@type":"WebPage","@id":"https:\/\/brasilnoticias.org\/site\/unicef-mobiliza-jovens-de-16-e-17-anos-para-tirar-titulo-de-eleitor-no-brasil\/","url":"https:\/\/brasilnoticias.org\/site\/unicef-mobiliza-jovens-de-16-e-17-anos-para-tirar-titulo-de-eleitor-no-brasil\/","name":"UNICEF mobiliza jovens de 16 e 17 anos para tirar t\u00edtulo de eleitor no Brasil - Brasil not\u00edcias","isPartOf":{"@id":"https:\/\/brasilnoticias.org\/site\/#website"},"primaryImageOfPage":{"@id":"https:\/\/brasilnoticias.org\/site\/unicef-mobiliza-jovens-de-16-e-17-anos-para-tirar-titulo-de-eleitor-no-brasil\/#primaryimage"},"image":{"@id":"https:\/\/brasilnoticias.org\/site\/unicef-mobiliza-jovens-de-16-e-17-anos-para-tirar-titulo-de-eleitor-no-brasil\/#primaryimage"},"thumbnailUrl":"https:\/\/brasilnoticias.org\/site\/wp-content\/uploads\/2026\/04\/913611-agencia_brasil_ultimo_dia_titulo_de_eleitor_4799.webp","datePublished":"2026-04-09T10:33:25+00:00","breadcrumb":{"@id":"https:\/\/brasilnoticias.org\/site\/unicef-mobiliza-jovens-de-16-e-17-anos-para-tirar-titulo-de-eleitor-no-brasil\/#breadcrumb"},"inLanguage":"pt-PT","potentialAction":[{"@type":"ReadAction","target":["https:\/\/brasilnoticias.org\/site\/unicef-mobiliza-jovens-de-16-e-17-anos-para-tirar-titulo-de-eleitor-no-brasil\/"]}]},{"@type":"ImageObject","inLanguage":"pt-PT","@id":"https:\/\/brasilnoticias.org\/site\/unicef-mobiliza-jovens-de-16-e-17-anos-para-tirar-titulo-de-eleitor-no-brasil\/#primaryimage","url":"https:\/\/brasilnoticias.org\/site\/wp-content\/uploads\/2026\/04\/913611-agencia_brasil_ultimo_dia_titulo_de_eleitor_4799.webp","contentUrl":"https:\/\/brasilnoticias.org\/site\/wp-content\/uploads\/2026\/04\/913611-agencia_brasil_ultimo_dia_titulo_de_eleitor_4799.webp","width":1170,"height":700,"caption":"Marcelo Camargo\/Ag\u00eancia Brasil"},{"@type":"BreadcrumbList","@id":"https:\/\/brasilnoticias.org\/site\/unicef-mobiliza-jovens-de-16-e-17-anos-para-tirar-titulo-de-eleitor-no-brasil\/#breadcrumb","itemListElement":[{"@type":"ListItem","position":1,"name":"In\u00edcio","item":"https:\/\/brasilnoticias.org\/site\/"},{"@type":"ListItem","position":2,"name":"UNICEF mobiliza jovens de 16 e 17 anos para tirar t\u00edtulo de eleitor no Brasil"}]},{"@type":"WebSite","@id":"https:\/\/brasilnoticias.org\/site\/#website","url":"https:\/\/brasilnoticias.org\/site\/","name":"Brasil not\u00edcias","description":"Brasil not\u00edcias","publisher":{"@id":"https:\/\/brasilnoticias.org\/site\/#organization"},"potentialAction":[{"@type":"SearchAction","target":{"@type":"EntryPoint","urlTemplate":"https:\/\/brasilnoticias.org\/site\/?s={search_term_string}"},"query-input":{"@type":"PropertyValueSpecification","valueRequired":true,"valueName":"search_term_string"}}],"inLanguage":"pt-PT"},{"@type":"Organization","@id":"https:\/\/brasilnoticias.org\/site\/#organization","name":"Brasil not\u00edcias","url":"https:\/\/brasilnoticias.org\/site\/","logo":{"@type":"ImageObject","inLanguage":"pt-PT","@id":"https:\/\/brasilnoticias.org\/site\/#\/schema\/logo\/image\/","url":"https:\/\/brasilnoticias.org\/site\/wp-content\/uploads\/2022\/05\/cropped-brasilnoticias-mini.jpg","contentUrl":"https:\/\/brasilnoticias.org\/site\/wp-content\/uploads\/2022\/05\/cropped-brasilnoticias-mini.jpg","width":314,"height":86,"caption":"Brasil not\u00edcias"},"image":{"@id":"https:\/\/brasilnoticias.org\/site\/#\/schema\/logo\/image\/"}},{"@type":"Person","@id":"https:\/\/brasilnoticias.org\/site\/#\/schema\/person\/03bbbfe6c7634ad18c26444ea39049fa","name":"Reda\u00e7\u00e3o","image":{"@type":"ImageObject","inLanguage":"pt-PT","@id":"https:\/\/brasilnoticias.org\/site\/#\/schema\/person\/image\/","url":"https:\/\/secure.gravatar.com\/avatar\/9ecaf7327a696cb23ad926fedded5f1f04d7049de9e445375d55b48c001a6e42?s=96&d=mm&r=g","contentUrl":"https:\/\/secure.gravatar.com\/avatar\/9ecaf7327a696cb23ad926fedded5f1f04d7049de9e445375d55b48c001a6e42?s=96&d=mm&r=g","caption":"Reda\u00e7\u00e3o"},"url":"https:\/\/brasilnoticias.org\/site\/author\/henrique\/"}]}},"_links":{"self":[{"href":"https:\/\/brasilnoticias.org\/site\/wp-json\/wp\/v2\/posts\/21461","targetHints":{"allow":["GET"]}}],"collection":[{"href":"https:\/\/brasilnoticias.org\/site\/wp-json\/wp\/v2\/posts"}],"about":[{"href":"https:\/\/brasilnoticias.org\/site\/wp-json\/wp\/v2\/types\/post"}],"author":[{"embeddable":true,"href":"https:\/\/brasilnoticias.org\/site\/wp-json\/wp\/v2\/users\/4"}],"replies":[{"embeddable":true,"href":"https:\/\/brasilnoticias.org\/site\/wp-json\/wp\/v2\/comments?post=21461"}],"version-history":[{"count":1,"href":"https:\/\/brasilnoticias.org\/site\/wp-json\/wp\/v2\/posts\/21461\/revisions"}],"predecessor-version":[{"id":21463,"href":"https:\/\/brasilnoticias.org\/site\/wp-json\/wp\/v2\/posts\/21461\/revisions\/21463"}],"wp:featuredmedia":[{"embeddable":true,"href":"https:\/\/brasilnoticias.org\/site\/wp-json\/wp\/v2\/media\/21462"}],"wp:attachment":[{"href":"https:\/\/brasilnoticias.org\/site\/wp-json\/wp\/v2\/media?parent=21461"}],"wp:term":[{"taxonomy":"category","embeddable":true,"href":"https:\/\/brasilnoticias.org\/site\/wp-json\/wp\/v2\/categories?post=21461"},{"taxonomy":"post_tag","embeddable":true,"href":"https:\/\/brasilnoticias.org\/site\/wp-json\/wp\/v2\/tags?post=21461"}],"curies":[{"name":"wp","href":"https:\/\/api.w.org\/{rel}","templated":true}]}}