{"id":21482,"date":"2026-04-10T06:16:44","date_gmt":"2026-04-10T09:16:44","guid":{"rendered":"https:\/\/brasilnoticias.org\/site\/?p=21482"},"modified":"2026-04-10T06:16:44","modified_gmt":"2026-04-10T09:16:44","slug":"semaforos-vandalizados-causam-prejuizo-de-mais-de-r-1-milhao-em-salvador","status":"publish","type":"post","link":"https:\/\/brasilnoticias.org\/site\/semaforos-vandalizados-causam-prejuizo-de-mais-de-r-1-milhao-em-salvador\/","title":{"rendered":"Sem\u00e1foros vandalizados causam preju\u00edzo de mais de R$ 1 milh\u00e3o em Salvador"},"content":{"rendered":"<p data-start=\"144\" data-end=\"349\">O vandalismo contra sem\u00e1foros em <span class=\"hover:entity-accent entity-underline inline cursor-pointer align-baseline\"><span class=\"whitespace-normal\">Salvador<\/span><\/span> gerou um preju\u00edzo superior a R$ 1,1 milh\u00e3o aos cofres p\u00fablicos apenas em 2025, segundo dados da <span class=\"hover:entity-accent entity-underline inline cursor-pointer align-baseline\"><span class=\"whitespace-normal\">Transalvador<\/span><\/span>.<\/p>\n<p data-start=\"351\" data-end=\"589\">De acordo com o \u00f3rg\u00e3o, a principal motiva\u00e7\u00e3o dos crimes \u00e9 o furto de cabos de cobre, que acaba danificando toda a estrutura dos equipamentos e comprometendo o funcionamento da sinaliza\u00e7\u00e3o na cidade.<\/p>\n<h3 data-section-id=\"1jb14lq\" data-start=\"591\" data-end=\"629\">Crimes afetam tr\u00e2nsito e seguran\u00e7a<\/h3>\n<p data-start=\"631\" data-end=\"742\">Al\u00e9m do impacto financeiro, o vandalismo tem reflexos diretos na mobilidade urbana e na seguran\u00e7a da popula\u00e7\u00e3o.<\/p>\n<p data-start=\"744\" data-end=\"957\">Segundo o superintendente da Transalvador, Diego Brito, a retirada dos cabos transforma cruzamentos em \u00e1reas de risco imediato, especialmente para pedestres e motociclistas.<\/p>\n<p data-start=\"959\" data-end=\"1090\">Sem o funcionamento adequado dos sem\u00e1foros, aumentam as chances de acidentes e congestionamentos em pontos estrat\u00e9gicos da capital.<\/p>\n<h3 data-section-id=\"efr9o4\" data-start=\"1092\" data-end=\"1132\">A\u00e7\u00f5es ocorrem principalmente \u00e0 noite<\/h3>\n<p data-start=\"1134\" data-end=\"1247\">A maioria dos casos \u00e9 registrada durante a madrugada, principalmente em regi\u00f5es centrais e avenidas movimentadas.<\/p>\n<p data-start=\"1249\" data-end=\"1307\">Entre os locais mais afetados est\u00e3o vias importantes como:<\/p>\n<ul data-start=\"1308\" data-end=\"1412\">\n<li data-section-id=\"rfd6t1\" data-start=\"1308\" data-end=\"1334\">Avenida Joana Ang\u00e9lica<\/li>\n<li data-section-id=\"hp1nd7\" data-start=\"1335\" data-end=\"1363\">Avenida Sete de Setembro<\/li>\n<li data-section-id=\"1fndpnb\" data-start=\"1364\" data-end=\"1385\">Avenida Suburbana<\/li>\n<li data-section-id=\"ppb90h\" data-start=\"1386\" data-end=\"1412\">Avenida Dorival Caymmi<\/li>\n<\/ul>\n<p data-start=\"1414\" data-end=\"1561\">Essas \u00e1reas concentram grande fluxo de ve\u00edculos e pedestres, o que agrava ainda mais os impactos dos danos.<\/p>\n<h3 data-section-id=\"eug9pl\" data-start=\"1563\" data-end=\"1591\">Como ocorre o vandalismo<\/h3>\n<p data-start=\"1593\" data-end=\"1794\">Mesmo com prote\u00e7\u00e3o, os criminosos conseguem acessar a fia\u00e7\u00e3o dos sem\u00e1foros. Os cabos ficam enterrados a cerca de 40 cent\u00edmetros de profundidade e protegidos por concreto, mas ainda assim s\u00e3o retirados.<\/p>\n<p data-start=\"1796\" data-end=\"1951\">Em alguns casos, suspeitos chegam a observar a instala\u00e7\u00e3o dos equipamentos e retornam depois para realizar o furto.<\/p>\n<h3 data-section-id=\"848idw\" data-start=\"1953\" data-end=\"1996\">Tempo de reparo pode chegar a dois dias<\/h3>\n<p data-start=\"1998\" data-end=\"2073\">O tempo para consertar os equipamentos varia de acordo com o n\u00edvel do dano:<\/p>\n<ul data-start=\"2074\" data-end=\"2153\">\n<li data-section-id=\"1j3641k\" data-start=\"2074\" data-end=\"2106\">At\u00e9 3 horas em casos simples<\/li>\n<li data-section-id=\"1829el4\" data-start=\"2107\" data-end=\"2153\">At\u00e9 48 horas quando h\u00e1 destrui\u00e7\u00e3o completa<\/li>\n<\/ul>\n<p data-start=\"2155\" data-end=\"2317\">As opera\u00e7\u00f5es exigem equipes t\u00e9cnicas, caminh\u00f5es e substitui\u00e7\u00e3o de pe\u00e7as, aumentando ainda mais os custos para o munic\u00edpio.<\/p>\n<h3 data-section-id=\"14gma14\" data-start=\"2319\" data-end=\"2357\">Problema persiste nos \u00faltimos anos<\/h3>\n<p data-start=\"2359\" data-end=\"2568\">Apesar de uma leve redu\u00e7\u00e3o nos preju\u00edzos entre 2022 e 2025, os danos seguem acima da marca de R$ 1 milh\u00e3o por ano, mostrando que o problema ainda \u00e9 recorrente na cidade.<\/p>\n<h3 data-section-id=\"eafgdp\" data-start=\"2570\" data-end=\"2595\">Popula\u00e7\u00e3o pode ajudar<\/h3>\n<p data-start=\"2597\" data-end=\"2725\">A Transalvador refor\u00e7a que a popula\u00e7\u00e3o pode contribuir denunciando atividades suspeitas, ajudando a combater esse tipo de crime.<\/p>\n<p data-start=\"2727\" data-end=\"2842\">Segundo o \u00f3rg\u00e3o, cada equipamento danificado impacta diretamente o dia a dia de quem depende do tr\u00e2nsito na cidade.<\/p>\n<p data-start=\"2727\" data-end=\"2842\">\n<p data-start=\"2727\" data-end=\"2842\">Fonte: Metro1<\/p>\n","protected":false},"excerpt":{"rendered":"<p>O vandalismo contra sem\u00e1foros em Salvador gerou um preju\u00edzo superior a R$ 1,1 milh\u00e3o aos cofres p\u00fablicos apenas em 2025,<\/p>\n","protected":false},"author":4,"featured_media":21484,"comment_status":"open","ping_status":"open","sticky":false,"template":"","format":"standard","meta":{"colormag_page_container_layout":"default_layout","colormag_page_sidebar_layout":"default_layout","_FSMCFIC_featured_image_caption":"","_FSMCFIC_featured_image_nocaption":"","_FSMCFIC_featured_image_hide":"","footnotes":""},"categories":[2,1],"tags":[],"class_list":["post-21482","post","type-post","status-publish","format-standard","has-post-thumbnail","hentry","category-noticias","category-ultimas"],"yoast_head":"<!-- This site is optimized with the Yoast SEO plugin v27.1.1 - https:\/\/yoast.com\/product\/yoast-seo-wordpress\/ -->\n<title>Sem\u00e1foros vandalizados causam preju\u00edzo de mais de R$ 1 milh\u00e3o em Salvador - Brasil not\u00edcias<\/title>\n<meta name=\"robots\" content=\"index, follow, max-snippet:-1, max-image-preview:large, max-video-preview:-1\" \/>\n<link rel=\"canonical\" href=\"https:\/\/brasilnoticias.org\/site\/semaforos-vandalizados-causam-prejuizo-de-mais-de-r-1-milhao-em-salvador\/\" \/>\n<meta property=\"og:locale\" content=\"pt_PT\" \/>\n<meta property=\"og:type\" content=\"article\" \/>\n<meta property=\"og:title\" content=\"Sem\u00e1foros vandalizados causam preju\u00edzo de mais de R$ 1 milh\u00e3o em Salvador - Brasil not\u00edcias\" \/>\n<meta property=\"og:description\" content=\"O vandalismo contra sem\u00e1foros em Salvador gerou um preju\u00edzo superior a R$ 1,1 milh\u00e3o aos cofres p\u00fablicos apenas em 2025,\" \/>\n<meta property=\"og:url\" content=\"https:\/\/brasilnoticias.org\/site\/semaforos-vandalizados-causam-prejuizo-de-mais-de-r-1-milhao-em-salvador\/\" \/>\n<meta property=\"og:site_name\" content=\"Brasil not\u00edcias\" \/>\n<meta property=\"article:published_time\" content=\"2026-04-10T09:16:44+00:00\" \/>\n<meta property=\"og:image\" content=\"https:\/\/brasilnoticias.org\/site\/wp-content\/uploads\/2026\/04\/180755semaforos-vandalizados-geram-mais-de-r-1-milhao-de-prejuizo-em-salvador-3.jpg\" \/>\n\t<meta property=\"og:image:width\" content=\"1600\" \/>\n\t<meta property=\"og:image:height\" content=\"752\" \/>\n\t<meta property=\"og:image:type\" content=\"image\/jpeg\" \/>\n<meta name=\"author\" content=\"Reda\u00e7\u00e3o\" \/>\n<meta name=\"twitter:card\" content=\"summary_large_image\" \/>\n<meta name=\"twitter:label1\" content=\"Escrito por\" \/>\n\t<meta name=\"twitter:data1\" content=\"Reda\u00e7\u00e3o\" \/>\n\t<meta name=\"twitter:label2\" content=\"Tempo estimado de leitura\" \/>\n\t<meta name=\"twitter:data2\" content=\"3 minutos\" \/>\n<script type=\"application\/ld+json\" class=\"yoast-schema-graph\">{\"@context\":\"https:\/\/schema.org\",\"@graph\":[{\"@type\":\"Article\",\"@id\":\"https:\/\/brasilnoticias.org\/site\/semaforos-vandalizados-causam-prejuizo-de-mais-de-r-1-milhao-em-salvador\/#article\",\"isPartOf\":{\"@id\":\"https:\/\/brasilnoticias.org\/site\/semaforos-vandalizados-causam-prejuizo-de-mais-de-r-1-milhao-em-salvador\/\"},\"author\":{\"name\":\"Reda\u00e7\u00e3o\",\"@id\":\"https:\/\/brasilnoticias.org\/site\/#\/schema\/person\/03bbbfe6c7634ad18c26444ea39049fa\"},\"headline\":\"Sem\u00e1foros vandalizados causam preju\u00edzo de mais de R$ 1 milh\u00e3o em Salvador\",\"datePublished\":\"2026-04-10T09:16:44+00:00\",\"mainEntityOfPage\":{\"@id\":\"https:\/\/brasilnoticias.org\/site\/semaforos-vandalizados-causam-prejuizo-de-mais-de-r-1-milhao-em-salvador\/\"},\"wordCount\":408,\"commentCount\":0,\"publisher\":{\"@id\":\"https:\/\/brasilnoticias.org\/site\/#organization\"},\"image\":{\"@id\":\"https:\/\/brasilnoticias.org\/site\/semaforos-vandalizados-causam-prejuizo-de-mais-de-r-1-milhao-em-salvador\/#primaryimage\"},\"thumbnailUrl\":\"https:\/\/brasilnoticias.org\/site\/wp-content\/uploads\/2026\/04\/180755semaforos-vandalizados-geram-mais-de-r-1-milhao-de-prejuizo-em-salvador-3.jpg\",\"articleSection\":[\"Not\u00edcias\",\"\u00daltimas\"],\"inLanguage\":\"pt-PT\",\"potentialAction\":[{\"@type\":\"CommentAction\",\"name\":\"Comment\",\"target\":[\"https:\/\/brasilnoticias.org\/site\/semaforos-vandalizados-causam-prejuizo-de-mais-de-r-1-milhao-em-salvador\/#respond\"]}]},{\"@type\":\"WebPage\",\"@id\":\"https:\/\/brasilnoticias.org\/site\/semaforos-vandalizados-causam-prejuizo-de-mais-de-r-1-milhao-em-salvador\/\",\"url\":\"https:\/\/brasilnoticias.org\/site\/semaforos-vandalizados-causam-prejuizo-de-mais-de-r-1-milhao-em-salvador\/\",\"name\":\"Sem\u00e1foros vandalizados causam preju\u00edzo de mais de R$ 1 milh\u00e3o em Salvador - Brasil not\u00edcias\",\"isPartOf\":{\"@id\":\"https:\/\/brasilnoticias.org\/site\/#website\"},\"primaryImageOfPage\":{\"@id\":\"https:\/\/brasilnoticias.org\/site\/semaforos-vandalizados-causam-prejuizo-de-mais-de-r-1-milhao-em-salvador\/#primaryimage\"},\"image\":{\"@id\":\"https:\/\/brasilnoticias.org\/site\/semaforos-vandalizados-causam-prejuizo-de-mais-de-r-1-milhao-em-salvador\/#primaryimage\"},\"thumbnailUrl\":\"https:\/\/brasilnoticias.org\/site\/wp-content\/uploads\/2026\/04\/180755semaforos-vandalizados-geram-mais-de-r-1-milhao-de-prejuizo-em-salvador-3.jpg\",\"datePublished\":\"2026-04-10T09:16:44+00:00\",\"breadcrumb\":{\"@id\":\"https:\/\/brasilnoticias.org\/site\/semaforos-vandalizados-causam-prejuizo-de-mais-de-r-1-milhao-em-salvador\/#breadcrumb\"},\"inLanguage\":\"pt-PT\",\"potentialAction\":[{\"@type\":\"ReadAction\",\"target\":[\"https:\/\/brasilnoticias.org\/site\/semaforos-vandalizados-causam-prejuizo-de-mais-de-r-1-milhao-em-salvador\/\"]}]},{\"@type\":\"ImageObject\",\"inLanguage\":\"pt-PT\",\"@id\":\"https:\/\/brasilnoticias.org\/site\/semaforos-vandalizados-causam-prejuizo-de-mais-de-r-1-milhao-em-salvador\/#primaryimage\",\"url\":\"https:\/\/brasilnoticias.org\/site\/wp-content\/uploads\/2026\/04\/180755semaforos-vandalizados-geram-mais-de-r-1-milhao-de-prejuizo-em-salvador-3.jpg\",\"contentUrl\":\"https:\/\/brasilnoticias.org\/site\/wp-content\/uploads\/2026\/04\/180755semaforos-vandalizados-geram-mais-de-r-1-milhao-de-prejuizo-em-salvador-3.jpg\",\"width\":1600,\"height\":752,\"caption\":\"Foto: Divulga\u00e7\u00e3o\/Transalvador\"},{\"@type\":\"BreadcrumbList\",\"@id\":\"https:\/\/brasilnoticias.org\/site\/semaforos-vandalizados-causam-prejuizo-de-mais-de-r-1-milhao-em-salvador\/#breadcrumb\",\"itemListElement\":[{\"@type\":\"ListItem\",\"position\":1,\"name\":\"In\u00edcio\",\"item\":\"https:\/\/brasilnoticias.org\/site\/\"},{\"@type\":\"ListItem\",\"position\":2,\"name\":\"Sem\u00e1foros vandalizados causam preju\u00edzo de mais de R$ 1 milh\u00e3o em Salvador\"}]},{\"@type\":\"WebSite\",\"@id\":\"https:\/\/brasilnoticias.org\/site\/#website\",\"url\":\"https:\/\/brasilnoticias.org\/site\/\",\"name\":\"Brasil not\u00edcias\",\"description\":\"Brasil not\u00edcias\",\"publisher\":{\"@id\":\"https:\/\/brasilnoticias.org\/site\/#organization\"},\"potentialAction\":[{\"@type\":\"SearchAction\",\"target\":{\"@type\":\"EntryPoint\",\"urlTemplate\":\"https:\/\/brasilnoticias.org\/site\/?s={search_term_string}\"},\"query-input\":{\"@type\":\"PropertyValueSpecification\",\"valueRequired\":true,\"valueName\":\"search_term_string\"}}],\"inLanguage\":\"pt-PT\"},{\"@type\":\"Organization\",\"@id\":\"https:\/\/brasilnoticias.org\/site\/#organization\",\"name\":\"Brasil not\u00edcias\",\"url\":\"https:\/\/brasilnoticias.org\/site\/\",\"logo\":{\"@type\":\"ImageObject\",\"inLanguage\":\"pt-PT\",\"@id\":\"https:\/\/brasilnoticias.org\/site\/#\/schema\/logo\/image\/\",\"url\":\"https:\/\/brasilnoticias.org\/site\/wp-content\/uploads\/2022\/05\/cropped-brasilnoticias-mini.jpg\",\"contentUrl\":\"https:\/\/brasilnoticias.org\/site\/wp-content\/uploads\/2022\/05\/cropped-brasilnoticias-mini.jpg\",\"width\":314,\"height\":86,\"caption\":\"Brasil not\u00edcias\"},\"image\":{\"@id\":\"https:\/\/brasilnoticias.org\/site\/#\/schema\/logo\/image\/\"}},{\"@type\":\"Person\",\"@id\":\"https:\/\/brasilnoticias.org\/site\/#\/schema\/person\/03bbbfe6c7634ad18c26444ea39049fa\",\"name\":\"Reda\u00e7\u00e3o\",\"image\":{\"@type\":\"ImageObject\",\"inLanguage\":\"pt-PT\",\"@id\":\"https:\/\/brasilnoticias.org\/site\/#\/schema\/person\/image\/\",\"url\":\"https:\/\/secure.gravatar.com\/avatar\/9ecaf7327a696cb23ad926fedded5f1f04d7049de9e445375d55b48c001a6e42?s=96&d=mm&r=g\",\"contentUrl\":\"https:\/\/secure.gravatar.com\/avatar\/9ecaf7327a696cb23ad926fedded5f1f04d7049de9e445375d55b48c001a6e42?s=96&d=mm&r=g\",\"caption\":\"Reda\u00e7\u00e3o\"},\"url\":\"https:\/\/brasilnoticias.org\/site\/author\/henrique\/\"}]}<\/script>\n<!-- \/ Yoast SEO plugin. -->","yoast_head_json":{"title":"Sem\u00e1foros vandalizados causam preju\u00edzo de mais de R$ 1 milh\u00e3o em Salvador - Brasil not\u00edcias","robots":{"index":"index","follow":"follow","max-snippet":"max-snippet:-1","max-image-preview":"max-image-preview:large","max-video-preview":"max-video-preview:-1"},"canonical":"https:\/\/brasilnoticias.org\/site\/semaforos-vandalizados-causam-prejuizo-de-mais-de-r-1-milhao-em-salvador\/","og_locale":"pt_PT","og_type":"article","og_title":"Sem\u00e1foros vandalizados causam preju\u00edzo de mais de R$ 1 milh\u00e3o em Salvador - Brasil not\u00edcias","og_description":"O vandalismo contra sem\u00e1foros em Salvador gerou um preju\u00edzo superior a R$ 1,1 milh\u00e3o aos cofres p\u00fablicos apenas em 2025,","og_url":"https:\/\/brasilnoticias.org\/site\/semaforos-vandalizados-causam-prejuizo-de-mais-de-r-1-milhao-em-salvador\/","og_site_name":"Brasil not\u00edcias","article_published_time":"2026-04-10T09:16:44+00:00","og_image":[{"width":1600,"height":752,"url":"https:\/\/brasilnoticias.org\/site\/wp-content\/uploads\/2026\/04\/180755semaforos-vandalizados-geram-mais-de-r-1-milhao-de-prejuizo-em-salvador-3.jpg","type":"image\/jpeg"}],"author":"Reda\u00e7\u00e3o","twitter_card":"summary_large_image","twitter_misc":{"Escrito por":"Reda\u00e7\u00e3o","Tempo estimado de leitura":"3 minutos"},"schema":{"@context":"https:\/\/schema.org","@graph":[{"@type":"Article","@id":"https:\/\/brasilnoticias.org\/site\/semaforos-vandalizados-causam-prejuizo-de-mais-de-r-1-milhao-em-salvador\/#article","isPartOf":{"@id":"https:\/\/brasilnoticias.org\/site\/semaforos-vandalizados-causam-prejuizo-de-mais-de-r-1-milhao-em-salvador\/"},"author":{"name":"Reda\u00e7\u00e3o","@id":"https:\/\/brasilnoticias.org\/site\/#\/schema\/person\/03bbbfe6c7634ad18c26444ea39049fa"},"headline":"Sem\u00e1foros vandalizados causam preju\u00edzo de mais de R$ 1 milh\u00e3o em Salvador","datePublished":"2026-04-10T09:16:44+00:00","mainEntityOfPage":{"@id":"https:\/\/brasilnoticias.org\/site\/semaforos-vandalizados-causam-prejuizo-de-mais-de-r-1-milhao-em-salvador\/"},"wordCount":408,"commentCount":0,"publisher":{"@id":"https:\/\/brasilnoticias.org\/site\/#organization"},"image":{"@id":"https:\/\/brasilnoticias.org\/site\/semaforos-vandalizados-causam-prejuizo-de-mais-de-r-1-milhao-em-salvador\/#primaryimage"},"thumbnailUrl":"https:\/\/brasilnoticias.org\/site\/wp-content\/uploads\/2026\/04\/180755semaforos-vandalizados-geram-mais-de-r-1-milhao-de-prejuizo-em-salvador-3.jpg","articleSection":["Not\u00edcias","\u00daltimas"],"inLanguage":"pt-PT","potentialAction":[{"@type":"CommentAction","name":"Comment","target":["https:\/\/brasilnoticias.org\/site\/semaforos-vandalizados-causam-prejuizo-de-mais-de-r-1-milhao-em-salvador\/#respond"]}]},{"@type":"WebPage","@id":"https:\/\/brasilnoticias.org\/site\/semaforos-vandalizados-causam-prejuizo-de-mais-de-r-1-milhao-em-salvador\/","url":"https:\/\/brasilnoticias.org\/site\/semaforos-vandalizados-causam-prejuizo-de-mais-de-r-1-milhao-em-salvador\/","name":"Sem\u00e1foros vandalizados causam preju\u00edzo de mais de R$ 1 milh\u00e3o em Salvador - Brasil not\u00edcias","isPartOf":{"@id":"https:\/\/brasilnoticias.org\/site\/#website"},"primaryImageOfPage":{"@id":"https:\/\/brasilnoticias.org\/site\/semaforos-vandalizados-causam-prejuizo-de-mais-de-r-1-milhao-em-salvador\/#primaryimage"},"image":{"@id":"https:\/\/brasilnoticias.org\/site\/semaforos-vandalizados-causam-prejuizo-de-mais-de-r-1-milhao-em-salvador\/#primaryimage"},"thumbnailUrl":"https:\/\/brasilnoticias.org\/site\/wp-content\/uploads\/2026\/04\/180755semaforos-vandalizados-geram-mais-de-r-1-milhao-de-prejuizo-em-salvador-3.jpg","datePublished":"2026-04-10T09:16:44+00:00","breadcrumb":{"@id":"https:\/\/brasilnoticias.org\/site\/semaforos-vandalizados-causam-prejuizo-de-mais-de-r-1-milhao-em-salvador\/#breadcrumb"},"inLanguage":"pt-PT","potentialAction":[{"@type":"ReadAction","target":["https:\/\/brasilnoticias.org\/site\/semaforos-vandalizados-causam-prejuizo-de-mais-de-r-1-milhao-em-salvador\/"]}]},{"@type":"ImageObject","inLanguage":"pt-PT","@id":"https:\/\/brasilnoticias.org\/site\/semaforos-vandalizados-causam-prejuizo-de-mais-de-r-1-milhao-em-salvador\/#primaryimage","url":"https:\/\/brasilnoticias.org\/site\/wp-content\/uploads\/2026\/04\/180755semaforos-vandalizados-geram-mais-de-r-1-milhao-de-prejuizo-em-salvador-3.jpg","contentUrl":"https:\/\/brasilnoticias.org\/site\/wp-content\/uploads\/2026\/04\/180755semaforos-vandalizados-geram-mais-de-r-1-milhao-de-prejuizo-em-salvador-3.jpg","width":1600,"height":752,"caption":"Foto: Divulga\u00e7\u00e3o\/Transalvador"},{"@type":"BreadcrumbList","@id":"https:\/\/brasilnoticias.org\/site\/semaforos-vandalizados-causam-prejuizo-de-mais-de-r-1-milhao-em-salvador\/#breadcrumb","itemListElement":[{"@type":"ListItem","position":1,"name":"In\u00edcio","item":"https:\/\/brasilnoticias.org\/site\/"},{"@type":"ListItem","position":2,"name":"Sem\u00e1foros vandalizados causam preju\u00edzo de mais de R$ 1 milh\u00e3o em Salvador"}]},{"@type":"WebSite","@id":"https:\/\/brasilnoticias.org\/site\/#website","url":"https:\/\/brasilnoticias.org\/site\/","name":"Brasil not\u00edcias","description":"Brasil not\u00edcias","publisher":{"@id":"https:\/\/brasilnoticias.org\/site\/#organization"},"potentialAction":[{"@type":"SearchAction","target":{"@type":"EntryPoint","urlTemplate":"https:\/\/brasilnoticias.org\/site\/?s={search_term_string}"},"query-input":{"@type":"PropertyValueSpecification","valueRequired":true,"valueName":"search_term_string"}}],"inLanguage":"pt-PT"},{"@type":"Organization","@id":"https:\/\/brasilnoticias.org\/site\/#organization","name":"Brasil not\u00edcias","url":"https:\/\/brasilnoticias.org\/site\/","logo":{"@type":"ImageObject","inLanguage":"pt-PT","@id":"https:\/\/brasilnoticias.org\/site\/#\/schema\/logo\/image\/","url":"https:\/\/brasilnoticias.org\/site\/wp-content\/uploads\/2022\/05\/cropped-brasilnoticias-mini.jpg","contentUrl":"https:\/\/brasilnoticias.org\/site\/wp-content\/uploads\/2022\/05\/cropped-brasilnoticias-mini.jpg","width":314,"height":86,"caption":"Brasil not\u00edcias"},"image":{"@id":"https:\/\/brasilnoticias.org\/site\/#\/schema\/logo\/image\/"}},{"@type":"Person","@id":"https:\/\/brasilnoticias.org\/site\/#\/schema\/person\/03bbbfe6c7634ad18c26444ea39049fa","name":"Reda\u00e7\u00e3o","image":{"@type":"ImageObject","inLanguage":"pt-PT","@id":"https:\/\/brasilnoticias.org\/site\/#\/schema\/person\/image\/","url":"https:\/\/secure.gravatar.com\/avatar\/9ecaf7327a696cb23ad926fedded5f1f04d7049de9e445375d55b48c001a6e42?s=96&d=mm&r=g","contentUrl":"https:\/\/secure.gravatar.com\/avatar\/9ecaf7327a696cb23ad926fedded5f1f04d7049de9e445375d55b48c001a6e42?s=96&d=mm&r=g","caption":"Reda\u00e7\u00e3o"},"url":"https:\/\/brasilnoticias.org\/site\/author\/henrique\/"}]}},"_links":{"self":[{"href":"https:\/\/brasilnoticias.org\/site\/wp-json\/wp\/v2\/posts\/21482","targetHints":{"allow":["GET"]}}],"collection":[{"href":"https:\/\/brasilnoticias.org\/site\/wp-json\/wp\/v2\/posts"}],"about":[{"href":"https:\/\/brasilnoticias.org\/site\/wp-json\/wp\/v2\/types\/post"}],"author":[{"embeddable":true,"href":"https:\/\/brasilnoticias.org\/site\/wp-json\/wp\/v2\/users\/4"}],"replies":[{"embeddable":true,"href":"https:\/\/brasilnoticias.org\/site\/wp-json\/wp\/v2\/comments?post=21482"}],"version-history":[{"count":1,"href":"https:\/\/brasilnoticias.org\/site\/wp-json\/wp\/v2\/posts\/21482\/revisions"}],"predecessor-version":[{"id":21485,"href":"https:\/\/brasilnoticias.org\/site\/wp-json\/wp\/v2\/posts\/21482\/revisions\/21485"}],"wp:featuredmedia":[{"embeddable":true,"href":"https:\/\/brasilnoticias.org\/site\/wp-json\/wp\/v2\/media\/21484"}],"wp:attachment":[{"href":"https:\/\/brasilnoticias.org\/site\/wp-json\/wp\/v2\/media?parent=21482"}],"wp:term":[{"taxonomy":"category","embeddable":true,"href":"https:\/\/brasilnoticias.org\/site\/wp-json\/wp\/v2\/categories?post=21482"},{"taxonomy":"post_tag","embeddable":true,"href":"https:\/\/brasilnoticias.org\/site\/wp-json\/wp\/v2\/tags?post=21482"}],"curies":[{"name":"wp","href":"https:\/\/api.w.org\/{rel}","templated":true}]}}