{"id":21486,"date":"2026-04-10T06:22:43","date_gmt":"2026-04-10T09:22:43","guid":{"rendered":"https:\/\/brasilnoticias.org\/site\/?p=21486"},"modified":"2026-04-10T06:22:43","modified_gmt":"2026-04-10T09:22:43","slug":"wagner-diz-que-fala-de-lula-sobre-desistencia-e-pegadinha-e-descarta-recuo-em-2026","status":"publish","type":"post","link":"https:\/\/brasilnoticias.org\/site\/wagner-diz-que-fala-de-lula-sobre-desistencia-e-pegadinha-e-descarta-recuo-em-2026\/","title":{"rendered":"Wagner diz que fala de Lula sobre desist\u00eancia \u00e9 \u201cpegadinha\u201d e descarta recuo em 2026"},"content":{"rendered":"<p data-start=\"155\" data-end=\"383\">O senador <span class=\"hover:entity-accent entity-underline inline cursor-pointer align-baseline\"><span class=\"whitespace-normal\">Jaques Wagner<\/span><\/span> afirmou que a recente declara\u00e7\u00e3o do presidente <span class=\"hover:entity-accent entity-underline inline cursor-pointer align-baseline\"><span class=\"whitespace-normal\">Luiz In\u00e1cio Lula da Silva<\/span><\/span> sobre uma poss\u00edvel desist\u00eancia da candidatura \u00e0 reelei\u00e7\u00e3o em 2026 n\u00e3o passa de uma \u201cpegadinha\u201d.<\/p>\n<p data-start=\"385\" data-end=\"634\">Segundo Wagner, n\u00e3o h\u00e1 qualquer chance de o presidente abrir m\u00e3o da disputa. A fala ocorreu ap\u00f3s Lula dizer, em entrevista, que ainda n\u00e3o decidiu se ser\u00e1 candidato, o que gerou repercuss\u00e3o no cen\u00e1rio pol\u00edtico.<\/p>\n<h3 data-section-id=\"1kaoqmt\" data-start=\"636\" data-end=\"668\">\u201cChance zero\u201d de desist\u00eancia<\/h3>\n<p data-start=\"670\" data-end=\"752\">Para o l\u00edder do governo no Senado, a hip\u00f3tese de Lula n\u00e3o concorrer \u00e9 inexistente.<\/p>\n<p data-start=\"754\" data-end=\"1052\">Wagner afirmou que o presidente costuma usar declara\u00e7\u00f5es estrat\u00e9gicas para provocar debate e criar d\u00favidas no ambiente pol\u00edtico. \u201cEle gosta de falar algumas coisas para deixar o pessoal excitado\u201d, disse o senador, ao refor\u00e7ar que n\u00e3o acredita em desist\u00eancia.<\/p>\n<h3 data-section-id=\"1300u84\" data-start=\"1054\" data-end=\"1094\">Declara\u00e7\u00e3o de Lula gerou repercuss\u00e3o<\/h3>\n<p data-start=\"1096\" data-end=\"1251\">A pol\u00eamica come\u00e7ou ap\u00f3s Lula afirmar que sua candidatura ainda ser\u00e1 discutida dentro do partido, apesar de indicar que dificilmente ficar\u00e1 fora da disputa.<\/p>\n<p data-start=\"1253\" data-end=\"1467\">O presidente destacou que seu foco \u00e9 articular alian\u00e7as pol\u00edticas e evitar a volta de advers\u00e1rios ao poder, ressaltando sua experi\u00eancia como diferencial no cen\u00e1rio eleitoral.<\/p>\n<h3 data-section-id=\"1ksu5xb\" data-start=\"1469\" data-end=\"1490\">Cen\u00e1rio para 2026<\/h3>\n<p data-start=\"1492\" data-end=\"1619\">A elei\u00e7\u00e3o presidencial de 2026 j\u00e1 movimenta bastidores pol\u00edticos, com articula\u00e7\u00f5es tanto da base governista quanto da oposi\u00e7\u00e3o.<\/p>\n<p data-start=\"1621\" data-end=\"1791\">Lula \u00e9 eleg\u00edvel para disputar novamente o cargo e, segundo aliados, segue como principal nome do partido para a corrida eleitoral.<\/p>\n<h3 data-section-id=\"h23etr\" data-start=\"1793\" data-end=\"1825\">Clima de estrat\u00e9gia pol\u00edtica<\/h3>\n<p data-start=\"1827\" data-end=\"1974\">A avalia\u00e7\u00e3o de aliados \u00e9 que declara\u00e7\u00f5es como a do presidente fazem parte de uma estrat\u00e9gia pol\u00edtica para manter o debate aberto e testar cen\u00e1rios.<\/p>\n<p data-start=\"1976\" data-end=\"2138\">Mesmo com as especula\u00e7\u00f5es, integrantes do governo refor\u00e7am que a tend\u00eancia \u00e9 de manuten\u00e7\u00e3o da candidatura, com articula\u00e7\u00f5es j\u00e1 em curso visando a pr\u00f3xima elei\u00e7\u00e3o.<\/p>\n<p data-start=\"1976\" data-end=\"2138\">\n<p data-start=\"1976\" data-end=\"2138\">Fonte: A Tarde<\/p>\n","protected":false},"excerpt":{"rendered":"<p>O senador Jaques Wagner afirmou que a recente declara\u00e7\u00e3o do presidente Luiz In\u00e1cio Lula da Silva sobre uma poss\u00edvel desist\u00eancia<\/p>\n","protected":false},"author":4,"featured_media":21487,"comment_status":"open","ping_status":"open","sticky":false,"template":"","format":"standard","meta":{"colormag_page_container_layout":"default_layout","colormag_page_sidebar_layout":"default_layout","_FSMCFIC_featured_image_caption":"","_FSMCFIC_featured_image_nocaption":"","_FSMCFIC_featured_image_hide":"","footnotes":""},"categories":[5,1],"tags":[],"class_list":["post-21486","post","type-post","status-publish","format-standard","has-post-thumbnail","hentry","category-politica","category-ultimas"],"yoast_head":"<!-- This site is optimized with the Yoast SEO plugin v27.1.1 - https:\/\/yoast.com\/product\/yoast-seo-wordpress\/ -->\n<title>Wagner diz que fala de Lula sobre desist\u00eancia \u00e9 \u201cpegadinha\u201d e descarta recuo em 2026 - Brasil not\u00edcias<\/title>\n<meta name=\"robots\" content=\"index, follow, max-snippet:-1, max-image-preview:large, max-video-preview:-1\" \/>\n<link rel=\"canonical\" href=\"https:\/\/brasilnoticias.org\/site\/wagner-diz-que-fala-de-lula-sobre-desistencia-e-pegadinha-e-descarta-recuo-em-2026\/\" \/>\n<meta property=\"og:locale\" content=\"pt_PT\" \/>\n<meta property=\"og:type\" content=\"article\" \/>\n<meta property=\"og:title\" content=\"Wagner diz que fala de Lula sobre desist\u00eancia \u00e9 \u201cpegadinha\u201d e descarta recuo em 2026 - Brasil not\u00edcias\" \/>\n<meta property=\"og:description\" content=\"O senador Jaques Wagner afirmou que a recente declara\u00e7\u00e3o do presidente Luiz In\u00e1cio Lula da Silva sobre uma poss\u00edvel desist\u00eancia\" \/>\n<meta property=\"og:url\" content=\"https:\/\/brasilnoticias.org\/site\/wagner-diz-que-fala-de-lula-sobre-desistencia-e-pegadinha-e-descarta-recuo-em-2026\/\" \/>\n<meta property=\"og:site_name\" content=\"Brasil not\u00edcias\" \/>\n<meta property=\"article:published_time\" content=\"2026-04-10T09:22:43+00:00\" \/>\n<meta property=\"og:image\" content=\"https:\/\/brasilnoticias.org\/site\/wp-content\/uploads\/2026\/04\/flavio-nao-vai-aceitar-ficar-sem-palanque-na-bahia0138446300202603312021-ScaleDownProportional.webp\" \/>\n\t<meta property=\"og:image:width\" content=\"960\" \/>\n\t<meta property=\"og:image:height\" content=\"720\" \/>\n\t<meta property=\"og:image:type\" content=\"image\/webp\" \/>\n<meta name=\"author\" content=\"Reda\u00e7\u00e3o\" \/>\n<meta name=\"twitter:card\" content=\"summary_large_image\" \/>\n<meta name=\"twitter:label1\" content=\"Escrito por\" \/>\n\t<meta name=\"twitter:data1\" content=\"Reda\u00e7\u00e3o\" \/>\n\t<meta name=\"twitter:label2\" content=\"Tempo estimado de leitura\" \/>\n\t<meta name=\"twitter:data2\" content=\"2 minutos\" \/>\n<script type=\"application\/ld+json\" class=\"yoast-schema-graph\">{\"@context\":\"https:\/\/schema.org\",\"@graph\":[{\"@type\":\"Article\",\"@id\":\"https:\/\/brasilnoticias.org\/site\/wagner-diz-que-fala-de-lula-sobre-desistencia-e-pegadinha-e-descarta-recuo-em-2026\/#article\",\"isPartOf\":{\"@id\":\"https:\/\/brasilnoticias.org\/site\/wagner-diz-que-fala-de-lula-sobre-desistencia-e-pegadinha-e-descarta-recuo-em-2026\/\"},\"author\":{\"name\":\"Reda\u00e7\u00e3o\",\"@id\":\"https:\/\/brasilnoticias.org\/site\/#\/schema\/person\/03bbbfe6c7634ad18c26444ea39049fa\"},\"headline\":\"Wagner diz que fala de Lula sobre desist\u00eancia \u00e9 \u201cpegadinha\u201d e descarta recuo em 2026\",\"datePublished\":\"2026-04-10T09:22:43+00:00\",\"mainEntityOfPage\":{\"@id\":\"https:\/\/brasilnoticias.org\/site\/wagner-diz-que-fala-de-lula-sobre-desistencia-e-pegadinha-e-descarta-recuo-em-2026\/\"},\"wordCount\":337,\"commentCount\":0,\"publisher\":{\"@id\":\"https:\/\/brasilnoticias.org\/site\/#organization\"},\"image\":{\"@id\":\"https:\/\/brasilnoticias.org\/site\/wagner-diz-que-fala-de-lula-sobre-desistencia-e-pegadinha-e-descarta-recuo-em-2026\/#primaryimage\"},\"thumbnailUrl\":\"https:\/\/brasilnoticias.org\/site\/wp-content\/uploads\/2026\/04\/flavio-nao-vai-aceitar-ficar-sem-palanque-na-bahia0138446300202603312021-ScaleDownProportional.webp\",\"articleSection\":[\"Pol\u00edtica\",\"\u00daltimas\"],\"inLanguage\":\"pt-PT\",\"potentialAction\":[{\"@type\":\"CommentAction\",\"name\":\"Comment\",\"target\":[\"https:\/\/brasilnoticias.org\/site\/wagner-diz-que-fala-de-lula-sobre-desistencia-e-pegadinha-e-descarta-recuo-em-2026\/#respond\"]}]},{\"@type\":\"WebPage\",\"@id\":\"https:\/\/brasilnoticias.org\/site\/wagner-diz-que-fala-de-lula-sobre-desistencia-e-pegadinha-e-descarta-recuo-em-2026\/\",\"url\":\"https:\/\/brasilnoticias.org\/site\/wagner-diz-que-fala-de-lula-sobre-desistencia-e-pegadinha-e-descarta-recuo-em-2026\/\",\"name\":\"Wagner diz que fala de Lula sobre desist\u00eancia \u00e9 \u201cpegadinha\u201d e descarta recuo em 2026 - Brasil not\u00edcias\",\"isPartOf\":{\"@id\":\"https:\/\/brasilnoticias.org\/site\/#website\"},\"primaryImageOfPage\":{\"@id\":\"https:\/\/brasilnoticias.org\/site\/wagner-diz-que-fala-de-lula-sobre-desistencia-e-pegadinha-e-descarta-recuo-em-2026\/#primaryimage\"},\"image\":{\"@id\":\"https:\/\/brasilnoticias.org\/site\/wagner-diz-que-fala-de-lula-sobre-desistencia-e-pegadinha-e-descarta-recuo-em-2026\/#primaryimage\"},\"thumbnailUrl\":\"https:\/\/brasilnoticias.org\/site\/wp-content\/uploads\/2026\/04\/flavio-nao-vai-aceitar-ficar-sem-palanque-na-bahia0138446300202603312021-ScaleDownProportional.webp\",\"datePublished\":\"2026-04-10T09:22:43+00:00\",\"breadcrumb\":{\"@id\":\"https:\/\/brasilnoticias.org\/site\/wagner-diz-que-fala-de-lula-sobre-desistencia-e-pegadinha-e-descarta-recuo-em-2026\/#breadcrumb\"},\"inLanguage\":\"pt-PT\",\"potentialAction\":[{\"@type\":\"ReadAction\",\"target\":[\"https:\/\/brasilnoticias.org\/site\/wagner-diz-que-fala-de-lula-sobre-desistencia-e-pegadinha-e-descarta-recuo-em-2026\/\"]}]},{\"@type\":\"ImageObject\",\"inLanguage\":\"pt-PT\",\"@id\":\"https:\/\/brasilnoticias.org\/site\/wagner-diz-que-fala-de-lula-sobre-desistencia-e-pegadinha-e-descarta-recuo-em-2026\/#primaryimage\",\"url\":\"https:\/\/brasilnoticias.org\/site\/wp-content\/uploads\/2026\/04\/flavio-nao-vai-aceitar-ficar-sem-palanque-na-bahia0138446300202603312021-ScaleDownProportional.webp\",\"contentUrl\":\"https:\/\/brasilnoticias.org\/site\/wp-content\/uploads\/2026\/04\/flavio-nao-vai-aceitar-ficar-sem-palanque-na-bahia0138446300202603312021-ScaleDownProportional.webp\",\"width\":960,\"height\":720},{\"@type\":\"BreadcrumbList\",\"@id\":\"https:\/\/brasilnoticias.org\/site\/wagner-diz-que-fala-de-lula-sobre-desistencia-e-pegadinha-e-descarta-recuo-em-2026\/#breadcrumb\",\"itemListElement\":[{\"@type\":\"ListItem\",\"position\":1,\"name\":\"In\u00edcio\",\"item\":\"https:\/\/brasilnoticias.org\/site\/\"},{\"@type\":\"ListItem\",\"position\":2,\"name\":\"Wagner diz que fala de Lula sobre desist\u00eancia \u00e9 \u201cpegadinha\u201d e descarta recuo em 2026\"}]},{\"@type\":\"WebSite\",\"@id\":\"https:\/\/brasilnoticias.org\/site\/#website\",\"url\":\"https:\/\/brasilnoticias.org\/site\/\",\"name\":\"Brasil not\u00edcias\",\"description\":\"Brasil not\u00edcias\",\"publisher\":{\"@id\":\"https:\/\/brasilnoticias.org\/site\/#organization\"},\"potentialAction\":[{\"@type\":\"SearchAction\",\"target\":{\"@type\":\"EntryPoint\",\"urlTemplate\":\"https:\/\/brasilnoticias.org\/site\/?s={search_term_string}\"},\"query-input\":{\"@type\":\"PropertyValueSpecification\",\"valueRequired\":true,\"valueName\":\"search_term_string\"}}],\"inLanguage\":\"pt-PT\"},{\"@type\":\"Organization\",\"@id\":\"https:\/\/brasilnoticias.org\/site\/#organization\",\"name\":\"Brasil not\u00edcias\",\"url\":\"https:\/\/brasilnoticias.org\/site\/\",\"logo\":{\"@type\":\"ImageObject\",\"inLanguage\":\"pt-PT\",\"@id\":\"https:\/\/brasilnoticias.org\/site\/#\/schema\/logo\/image\/\",\"url\":\"https:\/\/brasilnoticias.org\/site\/wp-content\/uploads\/2022\/05\/cropped-brasilnoticias-mini.jpg\",\"contentUrl\":\"https:\/\/brasilnoticias.org\/site\/wp-content\/uploads\/2022\/05\/cropped-brasilnoticias-mini.jpg\",\"width\":314,\"height\":86,\"caption\":\"Brasil not\u00edcias\"},\"image\":{\"@id\":\"https:\/\/brasilnoticias.org\/site\/#\/schema\/logo\/image\/\"}},{\"@type\":\"Person\",\"@id\":\"https:\/\/brasilnoticias.org\/site\/#\/schema\/person\/03bbbfe6c7634ad18c26444ea39049fa\",\"name\":\"Reda\u00e7\u00e3o\",\"image\":{\"@type\":\"ImageObject\",\"inLanguage\":\"pt-PT\",\"@id\":\"https:\/\/brasilnoticias.org\/site\/#\/schema\/person\/image\/\",\"url\":\"https:\/\/secure.gravatar.com\/avatar\/9ecaf7327a696cb23ad926fedded5f1f04d7049de9e445375d55b48c001a6e42?s=96&d=mm&r=g\",\"contentUrl\":\"https:\/\/secure.gravatar.com\/avatar\/9ecaf7327a696cb23ad926fedded5f1f04d7049de9e445375d55b48c001a6e42?s=96&d=mm&r=g\",\"caption\":\"Reda\u00e7\u00e3o\"},\"url\":\"https:\/\/brasilnoticias.org\/site\/author\/henrique\/\"}]}<\/script>\n<!-- \/ Yoast SEO plugin. -->","yoast_head_json":{"title":"Wagner diz que fala de Lula sobre desist\u00eancia \u00e9 \u201cpegadinha\u201d e descarta recuo em 2026 - Brasil not\u00edcias","robots":{"index":"index","follow":"follow","max-snippet":"max-snippet:-1","max-image-preview":"max-image-preview:large","max-video-preview":"max-video-preview:-1"},"canonical":"https:\/\/brasilnoticias.org\/site\/wagner-diz-que-fala-de-lula-sobre-desistencia-e-pegadinha-e-descarta-recuo-em-2026\/","og_locale":"pt_PT","og_type":"article","og_title":"Wagner diz que fala de Lula sobre desist\u00eancia \u00e9 \u201cpegadinha\u201d e descarta recuo em 2026 - Brasil not\u00edcias","og_description":"O senador Jaques Wagner afirmou que a recente declara\u00e7\u00e3o do presidente Luiz In\u00e1cio Lula da Silva sobre uma poss\u00edvel desist\u00eancia","og_url":"https:\/\/brasilnoticias.org\/site\/wagner-diz-que-fala-de-lula-sobre-desistencia-e-pegadinha-e-descarta-recuo-em-2026\/","og_site_name":"Brasil not\u00edcias","article_published_time":"2026-04-10T09:22:43+00:00","og_image":[{"width":960,"height":720,"url":"https:\/\/brasilnoticias.org\/site\/wp-content\/uploads\/2026\/04\/flavio-nao-vai-aceitar-ficar-sem-palanque-na-bahia0138446300202603312021-ScaleDownProportional.webp","type":"image\/webp"}],"author":"Reda\u00e7\u00e3o","twitter_card":"summary_large_image","twitter_misc":{"Escrito por":"Reda\u00e7\u00e3o","Tempo estimado de leitura":"2 minutos"},"schema":{"@context":"https:\/\/schema.org","@graph":[{"@type":"Article","@id":"https:\/\/brasilnoticias.org\/site\/wagner-diz-que-fala-de-lula-sobre-desistencia-e-pegadinha-e-descarta-recuo-em-2026\/#article","isPartOf":{"@id":"https:\/\/brasilnoticias.org\/site\/wagner-diz-que-fala-de-lula-sobre-desistencia-e-pegadinha-e-descarta-recuo-em-2026\/"},"author":{"name":"Reda\u00e7\u00e3o","@id":"https:\/\/brasilnoticias.org\/site\/#\/schema\/person\/03bbbfe6c7634ad18c26444ea39049fa"},"headline":"Wagner diz que fala de Lula sobre desist\u00eancia \u00e9 \u201cpegadinha\u201d e descarta recuo em 2026","datePublished":"2026-04-10T09:22:43+00:00","mainEntityOfPage":{"@id":"https:\/\/brasilnoticias.org\/site\/wagner-diz-que-fala-de-lula-sobre-desistencia-e-pegadinha-e-descarta-recuo-em-2026\/"},"wordCount":337,"commentCount":0,"publisher":{"@id":"https:\/\/brasilnoticias.org\/site\/#organization"},"image":{"@id":"https:\/\/brasilnoticias.org\/site\/wagner-diz-que-fala-de-lula-sobre-desistencia-e-pegadinha-e-descarta-recuo-em-2026\/#primaryimage"},"thumbnailUrl":"https:\/\/brasilnoticias.org\/site\/wp-content\/uploads\/2026\/04\/flavio-nao-vai-aceitar-ficar-sem-palanque-na-bahia0138446300202603312021-ScaleDownProportional.webp","articleSection":["Pol\u00edtica","\u00daltimas"],"inLanguage":"pt-PT","potentialAction":[{"@type":"CommentAction","name":"Comment","target":["https:\/\/brasilnoticias.org\/site\/wagner-diz-que-fala-de-lula-sobre-desistencia-e-pegadinha-e-descarta-recuo-em-2026\/#respond"]}]},{"@type":"WebPage","@id":"https:\/\/brasilnoticias.org\/site\/wagner-diz-que-fala-de-lula-sobre-desistencia-e-pegadinha-e-descarta-recuo-em-2026\/","url":"https:\/\/brasilnoticias.org\/site\/wagner-diz-que-fala-de-lula-sobre-desistencia-e-pegadinha-e-descarta-recuo-em-2026\/","name":"Wagner diz que fala de Lula sobre desist\u00eancia \u00e9 \u201cpegadinha\u201d e descarta recuo em 2026 - Brasil not\u00edcias","isPartOf":{"@id":"https:\/\/brasilnoticias.org\/site\/#website"},"primaryImageOfPage":{"@id":"https:\/\/brasilnoticias.org\/site\/wagner-diz-que-fala-de-lula-sobre-desistencia-e-pegadinha-e-descarta-recuo-em-2026\/#primaryimage"},"image":{"@id":"https:\/\/brasilnoticias.org\/site\/wagner-diz-que-fala-de-lula-sobre-desistencia-e-pegadinha-e-descarta-recuo-em-2026\/#primaryimage"},"thumbnailUrl":"https:\/\/brasilnoticias.org\/site\/wp-content\/uploads\/2026\/04\/flavio-nao-vai-aceitar-ficar-sem-palanque-na-bahia0138446300202603312021-ScaleDownProportional.webp","datePublished":"2026-04-10T09:22:43+00:00","breadcrumb":{"@id":"https:\/\/brasilnoticias.org\/site\/wagner-diz-que-fala-de-lula-sobre-desistencia-e-pegadinha-e-descarta-recuo-em-2026\/#breadcrumb"},"inLanguage":"pt-PT","potentialAction":[{"@type":"ReadAction","target":["https:\/\/brasilnoticias.org\/site\/wagner-diz-que-fala-de-lula-sobre-desistencia-e-pegadinha-e-descarta-recuo-em-2026\/"]}]},{"@type":"ImageObject","inLanguage":"pt-PT","@id":"https:\/\/brasilnoticias.org\/site\/wagner-diz-que-fala-de-lula-sobre-desistencia-e-pegadinha-e-descarta-recuo-em-2026\/#primaryimage","url":"https:\/\/brasilnoticias.org\/site\/wp-content\/uploads\/2026\/04\/flavio-nao-vai-aceitar-ficar-sem-palanque-na-bahia0138446300202603312021-ScaleDownProportional.webp","contentUrl":"https:\/\/brasilnoticias.org\/site\/wp-content\/uploads\/2026\/04\/flavio-nao-vai-aceitar-ficar-sem-palanque-na-bahia0138446300202603312021-ScaleDownProportional.webp","width":960,"height":720},{"@type":"BreadcrumbList","@id":"https:\/\/brasilnoticias.org\/site\/wagner-diz-que-fala-de-lula-sobre-desistencia-e-pegadinha-e-descarta-recuo-em-2026\/#breadcrumb","itemListElement":[{"@type":"ListItem","position":1,"name":"In\u00edcio","item":"https:\/\/brasilnoticias.org\/site\/"},{"@type":"ListItem","position":2,"name":"Wagner diz que fala de Lula sobre desist\u00eancia \u00e9 \u201cpegadinha\u201d e descarta recuo em 2026"}]},{"@type":"WebSite","@id":"https:\/\/brasilnoticias.org\/site\/#website","url":"https:\/\/brasilnoticias.org\/site\/","name":"Brasil not\u00edcias","description":"Brasil not\u00edcias","publisher":{"@id":"https:\/\/brasilnoticias.org\/site\/#organization"},"potentialAction":[{"@type":"SearchAction","target":{"@type":"EntryPoint","urlTemplate":"https:\/\/brasilnoticias.org\/site\/?s={search_term_string}"},"query-input":{"@type":"PropertyValueSpecification","valueRequired":true,"valueName":"search_term_string"}}],"inLanguage":"pt-PT"},{"@type":"Organization","@id":"https:\/\/brasilnoticias.org\/site\/#organization","name":"Brasil not\u00edcias","url":"https:\/\/brasilnoticias.org\/site\/","logo":{"@type":"ImageObject","inLanguage":"pt-PT","@id":"https:\/\/brasilnoticias.org\/site\/#\/schema\/logo\/image\/","url":"https:\/\/brasilnoticias.org\/site\/wp-content\/uploads\/2022\/05\/cropped-brasilnoticias-mini.jpg","contentUrl":"https:\/\/brasilnoticias.org\/site\/wp-content\/uploads\/2022\/05\/cropped-brasilnoticias-mini.jpg","width":314,"height":86,"caption":"Brasil not\u00edcias"},"image":{"@id":"https:\/\/brasilnoticias.org\/site\/#\/schema\/logo\/image\/"}},{"@type":"Person","@id":"https:\/\/brasilnoticias.org\/site\/#\/schema\/person\/03bbbfe6c7634ad18c26444ea39049fa","name":"Reda\u00e7\u00e3o","image":{"@type":"ImageObject","inLanguage":"pt-PT","@id":"https:\/\/brasilnoticias.org\/site\/#\/schema\/person\/image\/","url":"https:\/\/secure.gravatar.com\/avatar\/9ecaf7327a696cb23ad926fedded5f1f04d7049de9e445375d55b48c001a6e42?s=96&d=mm&r=g","contentUrl":"https:\/\/secure.gravatar.com\/avatar\/9ecaf7327a696cb23ad926fedded5f1f04d7049de9e445375d55b48c001a6e42?s=96&d=mm&r=g","caption":"Reda\u00e7\u00e3o"},"url":"https:\/\/brasilnoticias.org\/site\/author\/henrique\/"}]}},"_links":{"self":[{"href":"https:\/\/brasilnoticias.org\/site\/wp-json\/wp\/v2\/posts\/21486","targetHints":{"allow":["GET"]}}],"collection":[{"href":"https:\/\/brasilnoticias.org\/site\/wp-json\/wp\/v2\/posts"}],"about":[{"href":"https:\/\/brasilnoticias.org\/site\/wp-json\/wp\/v2\/types\/post"}],"author":[{"embeddable":true,"href":"https:\/\/brasilnoticias.org\/site\/wp-json\/wp\/v2\/users\/4"}],"replies":[{"embeddable":true,"href":"https:\/\/brasilnoticias.org\/site\/wp-json\/wp\/v2\/comments?post=21486"}],"version-history":[{"count":1,"href":"https:\/\/brasilnoticias.org\/site\/wp-json\/wp\/v2\/posts\/21486\/revisions"}],"predecessor-version":[{"id":21488,"href":"https:\/\/brasilnoticias.org\/site\/wp-json\/wp\/v2\/posts\/21486\/revisions\/21488"}],"wp:featuredmedia":[{"embeddable":true,"href":"https:\/\/brasilnoticias.org\/site\/wp-json\/wp\/v2\/media\/21487"}],"wp:attachment":[{"href":"https:\/\/brasilnoticias.org\/site\/wp-json\/wp\/v2\/media?parent=21486"}],"wp:term":[{"taxonomy":"category","embeddable":true,"href":"https:\/\/brasilnoticias.org\/site\/wp-json\/wp\/v2\/categories?post=21486"},{"taxonomy":"post_tag","embeddable":true,"href":"https:\/\/brasilnoticias.org\/site\/wp-json\/wp\/v2\/tags?post=21486"}],"curies":[{"name":"wp","href":"https:\/\/api.w.org\/{rel}","templated":true}]}}