{"id":21492,"date":"2026-04-10T06:36:37","date_gmt":"2026-04-10T09:36:37","guid":{"rendered":"https:\/\/brasilnoticias.org\/site\/?p=21492"},"modified":"2026-04-10T06:36:37","modified_gmt":"2026-04-10T09:36:37","slug":"alex-da-piata-revela-que-assumira-lideranca-do-psd-na-alba-e-admite-sonho-de-presidir-casa","status":"publish","type":"post","link":"https:\/\/brasilnoticias.org\/site\/alex-da-piata-revela-que-assumira-lideranca-do-psd-na-alba-e-admite-sonho-de-presidir-casa\/","title":{"rendered":"Alex da Piat\u00e3 revela que assumir\u00e1 lideran\u00e7a do PSD na Alba e admite sonho de presidir Casa"},"content":{"rendered":"<h2 class=\"self-stretch font-sans text-headline-6 font-normal tracking-tight text-neutral-50\">Deputado afirma que escolha foi definida por Otto Alencar, confirma sa\u00edda da Comiss\u00e3o de Sa\u00fade e projeta PSD ainda maior na pr\u00f3xima legislatura<\/h2>\n<p>&nbsp;<\/p>\n<p>O deputado estadual\u00a0<strong>Alex da Piat\u00e3<\/strong>\u00a0revelou, em primeira m\u00e3o, durante entrevista \u00e0\u00a0<em><strong>CBN Salvador<\/strong><\/em>, que ser\u00e1 o novo l\u00edder do PSD na Assembleia Legislativa. A defini\u00e7\u00e3o ocorreu ap\u00f3s reuni\u00e3o da bancada e foi conduzida pelo senador\u00a0<strong>Otto Alencar<\/strong>\u00a0 presidente do partido na Bahia.<\/p>\n<p>De acordo com o parlamentar, a escolha aconteceu de forma natural ap\u00f3s a sa\u00edda do antigo l\u00edder,\u00a0<strong>Angelo Coronel Filho<\/strong>, para o Republicanos. Ele tamb\u00e9m confirmou que deixar\u00e1 a presid\u00eancia da Comiss\u00e3o de Sa\u00fade da Alba, que ser\u00e1 comandada por\u00a0<strong>Jusmari Oliveira<\/strong>, que retorna ao mandato ap\u00f3s se desincompatibilizar do governo.<\/p>\n<p>\u201c<strong>Reunimos a bancada e, sob a tutela do nosso l\u00edder, o senador Otto Alencar, n\u00f3s vamos assumir a lideran\u00e7a do partido na Assembleia. N\u00e3o \u00e9 compensa\u00e7\u00e3o de forma alguma. \u00c9 uma escolha natural do senador Otto e dos colegas<\/strong>\u201d, afirmou.<\/p>\n<p>Nos bastidores da Alba, Alex era apontado como um dos nomes fortes do PSD para ocupar a presid\u00eancia da Casa em um futuro pr\u00f3ximo, sobretudo ap\u00f3s a especula\u00e7\u00e3o de que poderia ser escolhido vice na chapa do governador\u00a0<strong>Jer\u00f4nimo Rodrigues<\/strong>\u00a0(PT). Com a manuten\u00e7\u00e3o de\u00a0<strong>Geraldo J\u00fanior<\/strong>\u00a0(MDB) no cargo e a tend\u00eancia de reelei\u00e7\u00e3o de\u00a0<strong>Ivana Bastos<\/strong>\u00a0\u00e0 presid\u00eancia da Alba, Alex admite que sonha em chegar ao comando do Legislativo estadual, mas diz respeitar a fila dentro do partido.<\/p>\n<p>\u201c<strong>Claro que seria hipocrisia dizer que n\u00e3o. Sempre \u00e9 um sonho. Mas eu respeito a fila. Respeito a deputada Ivana, torci muito por ela, trabalhei para que ela pudesse estar hoje presidente porque foi importante para a Bahia e para a pol\u00edtica<\/strong>\u201d, disse.<\/p>\n<p>O parlamentar ponderou, no entanto, que qualquer articula\u00e7\u00e3o sobre o segundo bi\u00eanio da pr\u00f3xima legislatura ainda seria precipitada, j\u00e1 que a futura composi\u00e7\u00e3o da Assembleia pode sofrer mudan\u00e7as significativas ap\u00f3s as elei\u00e7\u00f5es.<\/p>\n<p>\u201c<strong>A gente n\u00e3o pode combinar um jogo que a gente n\u00e3o sabe ainda quem v\u00e3o ser os 63 membros. Depois da elei\u00e7\u00e3o sempre tem mudan\u00e7a de composi\u00e7\u00e3o partid\u00e1ria e de bancada<\/strong>\u201d, ressaltou.<\/p>\n<p>Alex tamb\u00e9m afirmou que o PSD\u00a0<a href=\"https:\/\/www.blogdovila.com.br\/noticia\/janela-final\" target=\"_blank\" rel=\"noopener\"><strong>chega fortalecido para a disputa proporcional\u00a0<\/strong><\/a>e projetou crescimento da legenda tanto na Alba quanto na C\u00e2mara Federal. Segundo ele, o partido deve eleger pelo menos 11 deputados estaduais e sete federais.<\/p>\n<p>\u201cO PSD se refor\u00e7ou muito. Acho que o piso \u00e9 esse:\u00a0<strong>sete federais e onze estaduais<\/strong>. O resultado vai depender do desempenho de cada um e tamb\u00e9m da elei\u00e7\u00e3o majorit\u00e1ria\u201d, avaliou.<\/p>\n<p>Durante a entrevista, Alex ainda fez uma defesa enf\u00e1tica da reelei\u00e7\u00e3o de Jer\u00f4nimo e do presidente\u00a0<strong>Luiz In\u00e1cio Lula da Silva<\/strong>, ao acreditar na vit\u00f3ria de ambos j\u00e1 no primeiro turno.<\/p>\n<p>\u201c<strong>A disputa na Bahia est\u00e1 definida. De um lado, o projeto Lula-Jer\u00f4nimo. Do outro, o projeto ACM Neto-Fl\u00e1vio Bolsonaro. E eu n\u00e3o acredito, de forma alguma, que a popula\u00e7\u00e3o vai escolher outro projeto que n\u00e3o seja o de Lula e Jer\u00f4nimo<\/strong>\u201d, declarou.<\/p>\n<p><strong>Confira a entrevista na \u00edntegra:<\/strong><\/p>\n<p><iframe loading=\"lazy\" title=\"CBN BAHIA | 09\/04\/2026 | Participe pelo WhatsApp (71) 98679-2647\" src=\"https:\/\/www.youtube.com\/embed\/wE6znoVsPQc\" width=\"780\" height=\"439\" frameborder=\"0\" allowfullscreen=\"allowfullscreen\" data-mce-fragment=\"1\"><\/iframe><\/p>\n<p>Fonte: <a href=\"https:\/\/www.blogdovila.com.br\/noticia\/alex-lider\" target=\"_blank\" rel=\"noopener\">Blog do Vila<\/a><\/p>\n","protected":false},"excerpt":{"rendered":"<p>Deputado afirma que escolha foi definida por Otto Alencar, confirma sa\u00edda da Comiss\u00e3o de Sa\u00fade e projeta PSD ainda maior<\/p>\n","protected":false},"author":4,"featured_media":21493,"comment_status":"open","ping_status":"open","sticky":false,"template":"","format":"standard","meta":{"colormag_page_container_layout":"default_layout","colormag_page_sidebar_layout":"default_layout","_FSMCFIC_featured_image_caption":"","_FSMCFIC_featured_image_nocaption":"","_FSMCFIC_featured_image_hide":"","footnotes":""},"categories":[5,1],"tags":[],"class_list":["post-21492","post","type-post","status-publish","format-standard","has-post-thumbnail","hentry","category-politica","category-ultimas"],"yoast_head":"<!-- This site is optimized with the Yoast SEO plugin v27.1.1 - https:\/\/yoast.com\/product\/yoast-seo-wordpress\/ -->\n<title>Alex da Piat\u00e3 revela que assumir\u00e1 lideran\u00e7a do PSD na Alba e admite sonho de presidir Casa - Brasil not\u00edcias<\/title>\n<meta name=\"robots\" content=\"index, follow, max-snippet:-1, max-image-preview:large, max-video-preview:-1\" \/>\n<link rel=\"canonical\" href=\"https:\/\/brasilnoticias.org\/site\/alex-da-piata-revela-que-assumira-lideranca-do-psd-na-alba-e-admite-sonho-de-presidir-casa\/\" \/>\n<meta property=\"og:locale\" content=\"pt_PT\" \/>\n<meta property=\"og:type\" content=\"article\" \/>\n<meta property=\"og:title\" content=\"Alex da Piat\u00e3 revela que assumir\u00e1 lideran\u00e7a do PSD na Alba e admite sonho de presidir Casa - Brasil not\u00edcias\" \/>\n<meta property=\"og:description\" content=\"Deputado afirma que escolha foi definida por Otto Alencar, confirma sa\u00edda da Comiss\u00e3o de Sa\u00fade e projeta PSD ainda maior\" \/>\n<meta property=\"og:url\" content=\"https:\/\/brasilnoticias.org\/site\/alex-da-piata-revela-que-assumira-lideranca-do-psd-na-alba-e-admite-sonho-de-presidir-casa\/\" \/>\n<meta property=\"og:site_name\" content=\"Brasil not\u00edcias\" \/>\n<meta property=\"article:published_time\" content=\"2026-04-10T09:36:37+00:00\" \/>\n<meta property=\"og:image\" content=\"https:\/\/brasilnoticias.org\/site\/wp-content\/uploads\/2026\/04\/WhatsApp-Image-2026-04-09-at-10.35.32.jpeg\" \/>\n\t<meta property=\"og:image:width\" content=\"1280\" \/>\n\t<meta property=\"og:image:height\" content=\"720\" \/>\n\t<meta property=\"og:image:type\" content=\"image\/jpeg\" \/>\n<meta name=\"author\" content=\"Reda\u00e7\u00e3o\" \/>\n<meta name=\"twitter:card\" content=\"summary_large_image\" \/>\n<meta name=\"twitter:label1\" content=\"Escrito por\" \/>\n\t<meta name=\"twitter:data1\" content=\"Reda\u00e7\u00e3o\" \/>\n\t<meta name=\"twitter:label2\" content=\"Tempo estimado de leitura\" \/>\n\t<meta name=\"twitter:data2\" content=\"3 minutos\" \/>\n<script type=\"application\/ld+json\" class=\"yoast-schema-graph\">{\"@context\":\"https:\/\/schema.org\",\"@graph\":[{\"@type\":\"Article\",\"@id\":\"https:\/\/brasilnoticias.org\/site\/alex-da-piata-revela-que-assumira-lideranca-do-psd-na-alba-e-admite-sonho-de-presidir-casa\/#article\",\"isPartOf\":{\"@id\":\"https:\/\/brasilnoticias.org\/site\/alex-da-piata-revela-que-assumira-lideranca-do-psd-na-alba-e-admite-sonho-de-presidir-casa\/\"},\"author\":{\"name\":\"Reda\u00e7\u00e3o\",\"@id\":\"https:\/\/brasilnoticias.org\/site\/#\/schema\/person\/03bbbfe6c7634ad18c26444ea39049fa\"},\"headline\":\"Alex da Piat\u00e3 revela que assumir\u00e1 lideran\u00e7a do PSD na Alba e admite sonho de presidir Casa\",\"datePublished\":\"2026-04-10T09:36:37+00:00\",\"mainEntityOfPage\":{\"@id\":\"https:\/\/brasilnoticias.org\/site\/alex-da-piata-revela-que-assumira-lideranca-do-psd-na-alba-e-admite-sonho-de-presidir-casa\/\"},\"wordCount\":573,\"commentCount\":0,\"publisher\":{\"@id\":\"https:\/\/brasilnoticias.org\/site\/#organization\"},\"image\":{\"@id\":\"https:\/\/brasilnoticias.org\/site\/alex-da-piata-revela-que-assumira-lideranca-do-psd-na-alba-e-admite-sonho-de-presidir-casa\/#primaryimage\"},\"thumbnailUrl\":\"https:\/\/brasilnoticias.org\/site\/wp-content\/uploads\/2026\/04\/WhatsApp-Image-2026-04-09-at-10.35.32.jpeg\",\"articleSection\":[\"Pol\u00edtica\",\"\u00daltimas\"],\"inLanguage\":\"pt-PT\",\"potentialAction\":[{\"@type\":\"CommentAction\",\"name\":\"Comment\",\"target\":[\"https:\/\/brasilnoticias.org\/site\/alex-da-piata-revela-que-assumira-lideranca-do-psd-na-alba-e-admite-sonho-de-presidir-casa\/#respond\"]}]},{\"@type\":\"WebPage\",\"@id\":\"https:\/\/brasilnoticias.org\/site\/alex-da-piata-revela-que-assumira-lideranca-do-psd-na-alba-e-admite-sonho-de-presidir-casa\/\",\"url\":\"https:\/\/brasilnoticias.org\/site\/alex-da-piata-revela-que-assumira-lideranca-do-psd-na-alba-e-admite-sonho-de-presidir-casa\/\",\"name\":\"Alex da Piat\u00e3 revela que assumir\u00e1 lideran\u00e7a do PSD na Alba e admite sonho de presidir Casa - Brasil not\u00edcias\",\"isPartOf\":{\"@id\":\"https:\/\/brasilnoticias.org\/site\/#website\"},\"primaryImageOfPage\":{\"@id\":\"https:\/\/brasilnoticias.org\/site\/alex-da-piata-revela-que-assumira-lideranca-do-psd-na-alba-e-admite-sonho-de-presidir-casa\/#primaryimage\"},\"image\":{\"@id\":\"https:\/\/brasilnoticias.org\/site\/alex-da-piata-revela-que-assumira-lideranca-do-psd-na-alba-e-admite-sonho-de-presidir-casa\/#primaryimage\"},\"thumbnailUrl\":\"https:\/\/brasilnoticias.org\/site\/wp-content\/uploads\/2026\/04\/WhatsApp-Image-2026-04-09-at-10.35.32.jpeg\",\"datePublished\":\"2026-04-10T09:36:37+00:00\",\"breadcrumb\":{\"@id\":\"https:\/\/brasilnoticias.org\/site\/alex-da-piata-revela-que-assumira-lideranca-do-psd-na-alba-e-admite-sonho-de-presidir-casa\/#breadcrumb\"},\"inLanguage\":\"pt-PT\",\"potentialAction\":[{\"@type\":\"ReadAction\",\"target\":[\"https:\/\/brasilnoticias.org\/site\/alex-da-piata-revela-que-assumira-lideranca-do-psd-na-alba-e-admite-sonho-de-presidir-casa\/\"]}]},{\"@type\":\"ImageObject\",\"inLanguage\":\"pt-PT\",\"@id\":\"https:\/\/brasilnoticias.org\/site\/alex-da-piata-revela-que-assumira-lideranca-do-psd-na-alba-e-admite-sonho-de-presidir-casa\/#primaryimage\",\"url\":\"https:\/\/brasilnoticias.org\/site\/wp-content\/uploads\/2026\/04\/WhatsApp-Image-2026-04-09-at-10.35.32.jpeg\",\"contentUrl\":\"https:\/\/brasilnoticias.org\/site\/wp-content\/uploads\/2026\/04\/WhatsApp-Image-2026-04-09-at-10.35.32.jpeg\",\"width\":1280,\"height\":720,\"caption\":\"Foto: Evil\u00e1sio J\u00fanior\"},{\"@type\":\"BreadcrumbList\",\"@id\":\"https:\/\/brasilnoticias.org\/site\/alex-da-piata-revela-que-assumira-lideranca-do-psd-na-alba-e-admite-sonho-de-presidir-casa\/#breadcrumb\",\"itemListElement\":[{\"@type\":\"ListItem\",\"position\":1,\"name\":\"In\u00edcio\",\"item\":\"https:\/\/brasilnoticias.org\/site\/\"},{\"@type\":\"ListItem\",\"position\":2,\"name\":\"Alex da Piat\u00e3 revela que assumir\u00e1 lideran\u00e7a do PSD na Alba e admite sonho de presidir Casa\"}]},{\"@type\":\"WebSite\",\"@id\":\"https:\/\/brasilnoticias.org\/site\/#website\",\"url\":\"https:\/\/brasilnoticias.org\/site\/\",\"name\":\"Brasil not\u00edcias\",\"description\":\"Brasil not\u00edcias\",\"publisher\":{\"@id\":\"https:\/\/brasilnoticias.org\/site\/#organization\"},\"potentialAction\":[{\"@type\":\"SearchAction\",\"target\":{\"@type\":\"EntryPoint\",\"urlTemplate\":\"https:\/\/brasilnoticias.org\/site\/?s={search_term_string}\"},\"query-input\":{\"@type\":\"PropertyValueSpecification\",\"valueRequired\":true,\"valueName\":\"search_term_string\"}}],\"inLanguage\":\"pt-PT\"},{\"@type\":\"Organization\",\"@id\":\"https:\/\/brasilnoticias.org\/site\/#organization\",\"name\":\"Brasil not\u00edcias\",\"url\":\"https:\/\/brasilnoticias.org\/site\/\",\"logo\":{\"@type\":\"ImageObject\",\"inLanguage\":\"pt-PT\",\"@id\":\"https:\/\/brasilnoticias.org\/site\/#\/schema\/logo\/image\/\",\"url\":\"https:\/\/brasilnoticias.org\/site\/wp-content\/uploads\/2022\/05\/cropped-brasilnoticias-mini.jpg\",\"contentUrl\":\"https:\/\/brasilnoticias.org\/site\/wp-content\/uploads\/2022\/05\/cropped-brasilnoticias-mini.jpg\",\"width\":314,\"height\":86,\"caption\":\"Brasil not\u00edcias\"},\"image\":{\"@id\":\"https:\/\/brasilnoticias.org\/site\/#\/schema\/logo\/image\/\"}},{\"@type\":\"Person\",\"@id\":\"https:\/\/brasilnoticias.org\/site\/#\/schema\/person\/03bbbfe6c7634ad18c26444ea39049fa\",\"name\":\"Reda\u00e7\u00e3o\",\"image\":{\"@type\":\"ImageObject\",\"inLanguage\":\"pt-PT\",\"@id\":\"https:\/\/brasilnoticias.org\/site\/#\/schema\/person\/image\/\",\"url\":\"https:\/\/secure.gravatar.com\/avatar\/9ecaf7327a696cb23ad926fedded5f1f04d7049de9e445375d55b48c001a6e42?s=96&d=mm&r=g\",\"contentUrl\":\"https:\/\/secure.gravatar.com\/avatar\/9ecaf7327a696cb23ad926fedded5f1f04d7049de9e445375d55b48c001a6e42?s=96&d=mm&r=g\",\"caption\":\"Reda\u00e7\u00e3o\"},\"url\":\"https:\/\/brasilnoticias.org\/site\/author\/henrique\/\"}]}<\/script>\n<!-- \/ Yoast SEO plugin. -->","yoast_head_json":{"title":"Alex da Piat\u00e3 revela que assumir\u00e1 lideran\u00e7a do PSD na Alba e admite sonho de presidir Casa - Brasil not\u00edcias","robots":{"index":"index","follow":"follow","max-snippet":"max-snippet:-1","max-image-preview":"max-image-preview:large","max-video-preview":"max-video-preview:-1"},"canonical":"https:\/\/brasilnoticias.org\/site\/alex-da-piata-revela-que-assumira-lideranca-do-psd-na-alba-e-admite-sonho-de-presidir-casa\/","og_locale":"pt_PT","og_type":"article","og_title":"Alex da Piat\u00e3 revela que assumir\u00e1 lideran\u00e7a do PSD na Alba e admite sonho de presidir Casa - Brasil not\u00edcias","og_description":"Deputado afirma que escolha foi definida por Otto Alencar, confirma sa\u00edda da Comiss\u00e3o de Sa\u00fade e projeta PSD ainda maior","og_url":"https:\/\/brasilnoticias.org\/site\/alex-da-piata-revela-que-assumira-lideranca-do-psd-na-alba-e-admite-sonho-de-presidir-casa\/","og_site_name":"Brasil not\u00edcias","article_published_time":"2026-04-10T09:36:37+00:00","og_image":[{"width":1280,"height":720,"url":"https:\/\/brasilnoticias.org\/site\/wp-content\/uploads\/2026\/04\/WhatsApp-Image-2026-04-09-at-10.35.32.jpeg","type":"image\/jpeg"}],"author":"Reda\u00e7\u00e3o","twitter_card":"summary_large_image","twitter_misc":{"Escrito por":"Reda\u00e7\u00e3o","Tempo estimado de leitura":"3 minutos"},"schema":{"@context":"https:\/\/schema.org","@graph":[{"@type":"Article","@id":"https:\/\/brasilnoticias.org\/site\/alex-da-piata-revela-que-assumira-lideranca-do-psd-na-alba-e-admite-sonho-de-presidir-casa\/#article","isPartOf":{"@id":"https:\/\/brasilnoticias.org\/site\/alex-da-piata-revela-que-assumira-lideranca-do-psd-na-alba-e-admite-sonho-de-presidir-casa\/"},"author":{"name":"Reda\u00e7\u00e3o","@id":"https:\/\/brasilnoticias.org\/site\/#\/schema\/person\/03bbbfe6c7634ad18c26444ea39049fa"},"headline":"Alex da Piat\u00e3 revela que assumir\u00e1 lideran\u00e7a do PSD na Alba e admite sonho de presidir Casa","datePublished":"2026-04-10T09:36:37+00:00","mainEntityOfPage":{"@id":"https:\/\/brasilnoticias.org\/site\/alex-da-piata-revela-que-assumira-lideranca-do-psd-na-alba-e-admite-sonho-de-presidir-casa\/"},"wordCount":573,"commentCount":0,"publisher":{"@id":"https:\/\/brasilnoticias.org\/site\/#organization"},"image":{"@id":"https:\/\/brasilnoticias.org\/site\/alex-da-piata-revela-que-assumira-lideranca-do-psd-na-alba-e-admite-sonho-de-presidir-casa\/#primaryimage"},"thumbnailUrl":"https:\/\/brasilnoticias.org\/site\/wp-content\/uploads\/2026\/04\/WhatsApp-Image-2026-04-09-at-10.35.32.jpeg","articleSection":["Pol\u00edtica","\u00daltimas"],"inLanguage":"pt-PT","potentialAction":[{"@type":"CommentAction","name":"Comment","target":["https:\/\/brasilnoticias.org\/site\/alex-da-piata-revela-que-assumira-lideranca-do-psd-na-alba-e-admite-sonho-de-presidir-casa\/#respond"]}]},{"@type":"WebPage","@id":"https:\/\/brasilnoticias.org\/site\/alex-da-piata-revela-que-assumira-lideranca-do-psd-na-alba-e-admite-sonho-de-presidir-casa\/","url":"https:\/\/brasilnoticias.org\/site\/alex-da-piata-revela-que-assumira-lideranca-do-psd-na-alba-e-admite-sonho-de-presidir-casa\/","name":"Alex da Piat\u00e3 revela que assumir\u00e1 lideran\u00e7a do PSD na Alba e admite sonho de presidir Casa - Brasil not\u00edcias","isPartOf":{"@id":"https:\/\/brasilnoticias.org\/site\/#website"},"primaryImageOfPage":{"@id":"https:\/\/brasilnoticias.org\/site\/alex-da-piata-revela-que-assumira-lideranca-do-psd-na-alba-e-admite-sonho-de-presidir-casa\/#primaryimage"},"image":{"@id":"https:\/\/brasilnoticias.org\/site\/alex-da-piata-revela-que-assumira-lideranca-do-psd-na-alba-e-admite-sonho-de-presidir-casa\/#primaryimage"},"thumbnailUrl":"https:\/\/brasilnoticias.org\/site\/wp-content\/uploads\/2026\/04\/WhatsApp-Image-2026-04-09-at-10.35.32.jpeg","datePublished":"2026-04-10T09:36:37+00:00","breadcrumb":{"@id":"https:\/\/brasilnoticias.org\/site\/alex-da-piata-revela-que-assumira-lideranca-do-psd-na-alba-e-admite-sonho-de-presidir-casa\/#breadcrumb"},"inLanguage":"pt-PT","potentialAction":[{"@type":"ReadAction","target":["https:\/\/brasilnoticias.org\/site\/alex-da-piata-revela-que-assumira-lideranca-do-psd-na-alba-e-admite-sonho-de-presidir-casa\/"]}]},{"@type":"ImageObject","inLanguage":"pt-PT","@id":"https:\/\/brasilnoticias.org\/site\/alex-da-piata-revela-que-assumira-lideranca-do-psd-na-alba-e-admite-sonho-de-presidir-casa\/#primaryimage","url":"https:\/\/brasilnoticias.org\/site\/wp-content\/uploads\/2026\/04\/WhatsApp-Image-2026-04-09-at-10.35.32.jpeg","contentUrl":"https:\/\/brasilnoticias.org\/site\/wp-content\/uploads\/2026\/04\/WhatsApp-Image-2026-04-09-at-10.35.32.jpeg","width":1280,"height":720,"caption":"Foto: Evil\u00e1sio J\u00fanior"},{"@type":"BreadcrumbList","@id":"https:\/\/brasilnoticias.org\/site\/alex-da-piata-revela-que-assumira-lideranca-do-psd-na-alba-e-admite-sonho-de-presidir-casa\/#breadcrumb","itemListElement":[{"@type":"ListItem","position":1,"name":"In\u00edcio","item":"https:\/\/brasilnoticias.org\/site\/"},{"@type":"ListItem","position":2,"name":"Alex da Piat\u00e3 revela que assumir\u00e1 lideran\u00e7a do PSD na Alba e admite sonho de presidir Casa"}]},{"@type":"WebSite","@id":"https:\/\/brasilnoticias.org\/site\/#website","url":"https:\/\/brasilnoticias.org\/site\/","name":"Brasil not\u00edcias","description":"Brasil not\u00edcias","publisher":{"@id":"https:\/\/brasilnoticias.org\/site\/#organization"},"potentialAction":[{"@type":"SearchAction","target":{"@type":"EntryPoint","urlTemplate":"https:\/\/brasilnoticias.org\/site\/?s={search_term_string}"},"query-input":{"@type":"PropertyValueSpecification","valueRequired":true,"valueName":"search_term_string"}}],"inLanguage":"pt-PT"},{"@type":"Organization","@id":"https:\/\/brasilnoticias.org\/site\/#organization","name":"Brasil not\u00edcias","url":"https:\/\/brasilnoticias.org\/site\/","logo":{"@type":"ImageObject","inLanguage":"pt-PT","@id":"https:\/\/brasilnoticias.org\/site\/#\/schema\/logo\/image\/","url":"https:\/\/brasilnoticias.org\/site\/wp-content\/uploads\/2022\/05\/cropped-brasilnoticias-mini.jpg","contentUrl":"https:\/\/brasilnoticias.org\/site\/wp-content\/uploads\/2022\/05\/cropped-brasilnoticias-mini.jpg","width":314,"height":86,"caption":"Brasil not\u00edcias"},"image":{"@id":"https:\/\/brasilnoticias.org\/site\/#\/schema\/logo\/image\/"}},{"@type":"Person","@id":"https:\/\/brasilnoticias.org\/site\/#\/schema\/person\/03bbbfe6c7634ad18c26444ea39049fa","name":"Reda\u00e7\u00e3o","image":{"@type":"ImageObject","inLanguage":"pt-PT","@id":"https:\/\/brasilnoticias.org\/site\/#\/schema\/person\/image\/","url":"https:\/\/secure.gravatar.com\/avatar\/9ecaf7327a696cb23ad926fedded5f1f04d7049de9e445375d55b48c001a6e42?s=96&d=mm&r=g","contentUrl":"https:\/\/secure.gravatar.com\/avatar\/9ecaf7327a696cb23ad926fedded5f1f04d7049de9e445375d55b48c001a6e42?s=96&d=mm&r=g","caption":"Reda\u00e7\u00e3o"},"url":"https:\/\/brasilnoticias.org\/site\/author\/henrique\/"}]}},"_links":{"self":[{"href":"https:\/\/brasilnoticias.org\/site\/wp-json\/wp\/v2\/posts\/21492","targetHints":{"allow":["GET"]}}],"collection":[{"href":"https:\/\/brasilnoticias.org\/site\/wp-json\/wp\/v2\/posts"}],"about":[{"href":"https:\/\/brasilnoticias.org\/site\/wp-json\/wp\/v2\/types\/post"}],"author":[{"embeddable":true,"href":"https:\/\/brasilnoticias.org\/site\/wp-json\/wp\/v2\/users\/4"}],"replies":[{"embeddable":true,"href":"https:\/\/brasilnoticias.org\/site\/wp-json\/wp\/v2\/comments?post=21492"}],"version-history":[{"count":1,"href":"https:\/\/brasilnoticias.org\/site\/wp-json\/wp\/v2\/posts\/21492\/revisions"}],"predecessor-version":[{"id":21494,"href":"https:\/\/brasilnoticias.org\/site\/wp-json\/wp\/v2\/posts\/21492\/revisions\/21494"}],"wp:featuredmedia":[{"embeddable":true,"href":"https:\/\/brasilnoticias.org\/site\/wp-json\/wp\/v2\/media\/21493"}],"wp:attachment":[{"href":"https:\/\/brasilnoticias.org\/site\/wp-json\/wp\/v2\/media?parent=21492"}],"wp:term":[{"taxonomy":"category","embeddable":true,"href":"https:\/\/brasilnoticias.org\/site\/wp-json\/wp\/v2\/categories?post=21492"},{"taxonomy":"post_tag","embeddable":true,"href":"https:\/\/brasilnoticias.org\/site\/wp-json\/wp\/v2\/tags?post=21492"}],"curies":[{"name":"wp","href":"https:\/\/api.w.org\/{rel}","templated":true}]}}