{"id":21501,"date":"2026-04-13T06:22:12","date_gmt":"2026-04-13T09:22:12","guid":{"rendered":"https:\/\/brasilnoticias.org\/site\/?p=21501"},"modified":"2026-04-13T06:22:12","modified_gmt":"2026-04-13T09:22:12","slug":"nova-lei-do-planserv-corrige-injustica-social-afirma-gestor-do-sistema","status":"publish","type":"post","link":"https:\/\/brasilnoticias.org\/site\/nova-lei-do-planserv-corrige-injustica-social-afirma-gestor-do-sistema\/","title":{"rendered":"Nova lei do Planserv corrige \u201cinjusti\u00e7a social\u201d, afirma gestor do sistema"},"content":{"rendered":"<p data-start=\"178\" data-end=\"447\">O diretor-geral do <span class=\"hover:entity-accent entity-underline inline cursor-pointer align-baseline\"><span class=\"whitespace-normal\">Planserv<\/span><\/span>, <span class=\"hover:entity-accent entity-underline inline cursor-pointer align-baseline\"><span class=\"whitespace-normal\">Luiz Eduardo Perez<\/span><\/span>, afirmou que a nova legisla\u00e7\u00e3o do plano representa uma corre\u00e7\u00e3o de distor\u00e7\u00f5es hist\u00f3ricas e promove maior justi\u00e7a social no sistema de sa\u00fade dos servidores p\u00fablicos da Bahia.<\/p>\n<p data-start=\"449\" data-end=\"570\">A declara\u00e7\u00e3o foi feita durante entrevista, na qual o gestor detalhou os impactos das mudan\u00e7as implementadas recentemente.<\/p>\n<h3 data-section-id=\"xb3ns0\" data-start=\"572\" data-end=\"612\">Mudan\u00e7as visam equil\u00edbrio do sistema<\/h3>\n<p data-start=\"614\" data-end=\"808\">Segundo Luiz Eduardo Perez, a nova lei busca tornar o Planserv mais sustent\u00e1vel financeiramente, ao mesmo tempo em que amplia o acesso e melhora a distribui\u00e7\u00e3o dos custos entre os benefici\u00e1rios.<\/p>\n<p data-start=\"810\" data-end=\"940\">Ele destacou que, antes das mudan\u00e7as, havia desigualdades no modelo de contribui\u00e7\u00e3o, o que acabava penalizando parte dos usu\u00e1rios.<\/p>\n<h3 data-section-id=\"7mmfjq\" data-start=\"942\" data-end=\"968\">Corre\u00e7\u00e3o de distor\u00e7\u00f5es<\/h3>\n<p data-start=\"970\" data-end=\"1144\">De acordo com o gestor, a legisla\u00e7\u00e3o corrige situa\u00e7\u00f5es em que benefici\u00e1rios com maior renda contribu\u00edam proporcionalmente menos do que outros com menor capacidade financeira.<\/p>\n<p data-start=\"1146\" data-end=\"1264\">A nova regra estabelece crit\u00e9rios mais equilibrados, levando em considera\u00e7\u00e3o fatores como renda e perfil dos usu\u00e1rios.<\/p>\n<h3 data-section-id=\"6gam41\" data-start=\"1266\" data-end=\"1305\">Garantia de continuidade do servi\u00e7o<\/h3>\n<p data-start=\"1307\" data-end=\"1401\">Outro ponto ressaltado foi a necessidade de garantir a continuidade do Planserv a longo prazo.<\/p>\n<p data-start=\"1403\" data-end=\"1576\">Perez afirmou que as mudan\u00e7as foram essenciais para evitar o colapso do sistema, diante do aumento de custos na \u00e1rea da sa\u00fade e da amplia\u00e7\u00e3o da demanda por servi\u00e7os m\u00e9dicos.<\/p>\n<h3 data-section-id=\"17k0ye\" data-start=\"1578\" data-end=\"1604\">Cr\u00edticas e resist\u00eancia<\/h3>\n<p data-start=\"1606\" data-end=\"1783\">Apesar dos argumentos da gest\u00e3o, a nova lei tem sido alvo de cr\u00edticas por parte de servidores, que apontam aumento nas contribui\u00e7\u00f5es e poss\u00edveis impactos no acesso aos servi\u00e7os.<\/p>\n<p data-start=\"1785\" data-end=\"1880\">O diretor reconheceu as diverg\u00eancias, mas afirmou que o di\u00e1logo segue aberto com as categorias.<\/p>\n<h3 data-section-id=\"wan452\" data-start=\"1882\" data-end=\"1909\">Import\u00e2ncia do Planserv<\/h3>\n<p data-start=\"1911\" data-end=\"2056\">O Planserv atende milhares de servidores p\u00fablicos estaduais e seus dependentes, sendo um dos principais sistemas de assist\u00eancia \u00e0 sa\u00fade da Bahia.<\/p>\n<p data-start=\"2058\" data-end=\"2212\">Segundo o gestor, o objetivo das mudan\u00e7as \u00e9 garantir que o plano continue funcionando de forma eficiente, sem comprometer o atendimento aos benefici\u00e1rios.<\/p>\n<p data-start=\"2058\" data-end=\"2212\">\n<p data-start=\"2058\" data-end=\"2212\">Fonte: A Tarde<\/p>\n","protected":false},"excerpt":{"rendered":"<p>O diretor-geral do Planserv, Luiz Eduardo Perez, afirmou que a nova legisla\u00e7\u00e3o do plano representa uma corre\u00e7\u00e3o de distor\u00e7\u00f5es hist\u00f3ricas<\/p>\n","protected":false},"author":4,"featured_media":21502,"comment_status":"open","ping_status":"open","sticky":false,"template":"","format":"standard","meta":{"colormag_page_container_layout":"default_layout","colormag_page_sidebar_layout":"default_layout","_FSMCFIC_featured_image_caption":"","_FSMCFIC_featured_image_nocaption":"","_FSMCFIC_featured_image_hide":"","footnotes":""},"categories":[2,1],"tags":[],"class_list":["post-21501","post","type-post","status-publish","format-standard","has-post-thumbnail","hentry","category-noticias","category-ultimas"],"yoast_head":"<!-- This site is optimized with the Yoast SEO plugin v27.1.1 - https:\/\/yoast.com\/product\/yoast-seo-wordpress\/ -->\n<title>Nova lei do Planserv corrige \u201cinjusti\u00e7a social\u201d, afirma gestor do sistema - Brasil not\u00edcias<\/title>\n<meta name=\"robots\" content=\"index, follow, max-snippet:-1, max-image-preview:large, max-video-preview:-1\" \/>\n<link rel=\"canonical\" href=\"https:\/\/brasilnoticias.org\/site\/nova-lei-do-planserv-corrige-injustica-social-afirma-gestor-do-sistema\/\" \/>\n<meta property=\"og:locale\" content=\"pt_PT\" \/>\n<meta property=\"og:type\" content=\"article\" \/>\n<meta property=\"og:title\" content=\"Nova lei do Planserv corrige \u201cinjusti\u00e7a social\u201d, afirma gestor do sistema - Brasil not\u00edcias\" \/>\n<meta property=\"og:description\" content=\"O diretor-geral do Planserv, Luiz Eduardo Perez, afirmou que a nova legisla\u00e7\u00e3o do plano representa uma corre\u00e7\u00e3o de distor\u00e7\u00f5es hist\u00f3ricas\" \/>\n<meta property=\"og:url\" content=\"https:\/\/brasilnoticias.org\/site\/nova-lei-do-planserv-corrige-injustica-social-afirma-gestor-do-sistema\/\" \/>\n<meta property=\"og:site_name\" content=\"Brasil not\u00edcias\" \/>\n<meta property=\"article:published_time\" content=\"2026-04-13T09:22:12+00:00\" \/>\n<meta property=\"og:image\" content=\"https:\/\/brasilnoticias.org\/site\/wp-content\/uploads\/2026\/04\/a-nova-lei-do-planserv-corrige-uma-injustica-socia0138566700202604121803-ScaleDownProportional.webp\" \/>\n\t<meta property=\"og:image:width\" content=\"1080\" \/>\n\t<meta property=\"og:image:height\" content=\"720\" \/>\n\t<meta property=\"og:image:type\" content=\"image\/webp\" \/>\n<meta name=\"author\" content=\"Reda\u00e7\u00e3o\" \/>\n<meta name=\"twitter:card\" content=\"summary_large_image\" \/>\n<meta name=\"twitter:label1\" content=\"Escrito por\" \/>\n\t<meta name=\"twitter:data1\" content=\"Reda\u00e7\u00e3o\" \/>\n\t<meta name=\"twitter:label2\" content=\"Tempo estimado de leitura\" \/>\n\t<meta name=\"twitter:data2\" content=\"2 minutos\" \/>\n<script type=\"application\/ld+json\" class=\"yoast-schema-graph\">{\"@context\":\"https:\/\/schema.org\",\"@graph\":[{\"@type\":\"Article\",\"@id\":\"https:\/\/brasilnoticias.org\/site\/nova-lei-do-planserv-corrige-injustica-social-afirma-gestor-do-sistema\/#article\",\"isPartOf\":{\"@id\":\"https:\/\/brasilnoticias.org\/site\/nova-lei-do-planserv-corrige-injustica-social-afirma-gestor-do-sistema\/\"},\"author\":{\"name\":\"Reda\u00e7\u00e3o\",\"@id\":\"https:\/\/brasilnoticias.org\/site\/#\/schema\/person\/03bbbfe6c7634ad18c26444ea39049fa\"},\"headline\":\"Nova lei do Planserv corrige \u201cinjusti\u00e7a social\u201d, afirma gestor do sistema\",\"datePublished\":\"2026-04-13T09:22:12+00:00\",\"mainEntityOfPage\":{\"@id\":\"https:\/\/brasilnoticias.org\/site\/nova-lei-do-planserv-corrige-injustica-social-afirma-gestor-do-sistema\/\"},\"wordCount\":356,\"commentCount\":0,\"publisher\":{\"@id\":\"https:\/\/brasilnoticias.org\/site\/#organization\"},\"image\":{\"@id\":\"https:\/\/brasilnoticias.org\/site\/nova-lei-do-planserv-corrige-injustica-social-afirma-gestor-do-sistema\/#primaryimage\"},\"thumbnailUrl\":\"https:\/\/brasilnoticias.org\/site\/wp-content\/uploads\/2026\/04\/a-nova-lei-do-planserv-corrige-uma-injustica-socia0138566700202604121803-ScaleDownProportional.webp\",\"articleSection\":[\"Not\u00edcias\",\"\u00daltimas\"],\"inLanguage\":\"pt-PT\",\"potentialAction\":[{\"@type\":\"CommentAction\",\"name\":\"Comment\",\"target\":[\"https:\/\/brasilnoticias.org\/site\/nova-lei-do-planserv-corrige-injustica-social-afirma-gestor-do-sistema\/#respond\"]}]},{\"@type\":\"WebPage\",\"@id\":\"https:\/\/brasilnoticias.org\/site\/nova-lei-do-planserv-corrige-injustica-social-afirma-gestor-do-sistema\/\",\"url\":\"https:\/\/brasilnoticias.org\/site\/nova-lei-do-planserv-corrige-injustica-social-afirma-gestor-do-sistema\/\",\"name\":\"Nova lei do Planserv corrige \u201cinjusti\u00e7a social\u201d, afirma gestor do sistema - Brasil not\u00edcias\",\"isPartOf\":{\"@id\":\"https:\/\/brasilnoticias.org\/site\/#website\"},\"primaryImageOfPage\":{\"@id\":\"https:\/\/brasilnoticias.org\/site\/nova-lei-do-planserv-corrige-injustica-social-afirma-gestor-do-sistema\/#primaryimage\"},\"image\":{\"@id\":\"https:\/\/brasilnoticias.org\/site\/nova-lei-do-planserv-corrige-injustica-social-afirma-gestor-do-sistema\/#primaryimage\"},\"thumbnailUrl\":\"https:\/\/brasilnoticias.org\/site\/wp-content\/uploads\/2026\/04\/a-nova-lei-do-planserv-corrige-uma-injustica-socia0138566700202604121803-ScaleDownProportional.webp\",\"datePublished\":\"2026-04-13T09:22:12+00:00\",\"breadcrumb\":{\"@id\":\"https:\/\/brasilnoticias.org\/site\/nova-lei-do-planserv-corrige-injustica-social-afirma-gestor-do-sistema\/#breadcrumb\"},\"inLanguage\":\"pt-PT\",\"potentialAction\":[{\"@type\":\"ReadAction\",\"target\":[\"https:\/\/brasilnoticias.org\/site\/nova-lei-do-planserv-corrige-injustica-social-afirma-gestor-do-sistema\/\"]}]},{\"@type\":\"ImageObject\",\"inLanguage\":\"pt-PT\",\"@id\":\"https:\/\/brasilnoticias.org\/site\/nova-lei-do-planserv-corrige-injustica-social-afirma-gestor-do-sistema\/#primaryimage\",\"url\":\"https:\/\/brasilnoticias.org\/site\/wp-content\/uploads\/2026\/04\/a-nova-lei-do-planserv-corrige-uma-injustica-socia0138566700202604121803-ScaleDownProportional.webp\",\"contentUrl\":\"https:\/\/brasilnoticias.org\/site\/wp-content\/uploads\/2026\/04\/a-nova-lei-do-planserv-corrige-uma-injustica-socia0138566700202604121803-ScaleDownProportional.webp\",\"width\":1080,\"height\":720,\"caption\":\"Foto: Clara Pessoa\/Ag. A Tarde\"},{\"@type\":\"BreadcrumbList\",\"@id\":\"https:\/\/brasilnoticias.org\/site\/nova-lei-do-planserv-corrige-injustica-social-afirma-gestor-do-sistema\/#breadcrumb\",\"itemListElement\":[{\"@type\":\"ListItem\",\"position\":1,\"name\":\"In\u00edcio\",\"item\":\"https:\/\/brasilnoticias.org\/site\/\"},{\"@type\":\"ListItem\",\"position\":2,\"name\":\"Nova lei do Planserv corrige \u201cinjusti\u00e7a social\u201d, afirma gestor do sistema\"}]},{\"@type\":\"WebSite\",\"@id\":\"https:\/\/brasilnoticias.org\/site\/#website\",\"url\":\"https:\/\/brasilnoticias.org\/site\/\",\"name\":\"Brasil not\u00edcias\",\"description\":\"Brasil not\u00edcias\",\"publisher\":{\"@id\":\"https:\/\/brasilnoticias.org\/site\/#organization\"},\"potentialAction\":[{\"@type\":\"SearchAction\",\"target\":{\"@type\":\"EntryPoint\",\"urlTemplate\":\"https:\/\/brasilnoticias.org\/site\/?s={search_term_string}\"},\"query-input\":{\"@type\":\"PropertyValueSpecification\",\"valueRequired\":true,\"valueName\":\"search_term_string\"}}],\"inLanguage\":\"pt-PT\"},{\"@type\":\"Organization\",\"@id\":\"https:\/\/brasilnoticias.org\/site\/#organization\",\"name\":\"Brasil not\u00edcias\",\"url\":\"https:\/\/brasilnoticias.org\/site\/\",\"logo\":{\"@type\":\"ImageObject\",\"inLanguage\":\"pt-PT\",\"@id\":\"https:\/\/brasilnoticias.org\/site\/#\/schema\/logo\/image\/\",\"url\":\"https:\/\/brasilnoticias.org\/site\/wp-content\/uploads\/2022\/05\/cropped-brasilnoticias-mini.jpg\",\"contentUrl\":\"https:\/\/brasilnoticias.org\/site\/wp-content\/uploads\/2022\/05\/cropped-brasilnoticias-mini.jpg\",\"width\":314,\"height\":86,\"caption\":\"Brasil not\u00edcias\"},\"image\":{\"@id\":\"https:\/\/brasilnoticias.org\/site\/#\/schema\/logo\/image\/\"}},{\"@type\":\"Person\",\"@id\":\"https:\/\/brasilnoticias.org\/site\/#\/schema\/person\/03bbbfe6c7634ad18c26444ea39049fa\",\"name\":\"Reda\u00e7\u00e3o\",\"image\":{\"@type\":\"ImageObject\",\"inLanguage\":\"pt-PT\",\"@id\":\"https:\/\/brasilnoticias.org\/site\/#\/schema\/person\/image\/\",\"url\":\"https:\/\/secure.gravatar.com\/avatar\/9ecaf7327a696cb23ad926fedded5f1f04d7049de9e445375d55b48c001a6e42?s=96&d=mm&r=g\",\"contentUrl\":\"https:\/\/secure.gravatar.com\/avatar\/9ecaf7327a696cb23ad926fedded5f1f04d7049de9e445375d55b48c001a6e42?s=96&d=mm&r=g\",\"caption\":\"Reda\u00e7\u00e3o\"},\"url\":\"https:\/\/brasilnoticias.org\/site\/author\/henrique\/\"}]}<\/script>\n<!-- \/ Yoast SEO plugin. -->","yoast_head_json":{"title":"Nova lei do Planserv corrige \u201cinjusti\u00e7a social\u201d, afirma gestor do sistema - Brasil not\u00edcias","robots":{"index":"index","follow":"follow","max-snippet":"max-snippet:-1","max-image-preview":"max-image-preview:large","max-video-preview":"max-video-preview:-1"},"canonical":"https:\/\/brasilnoticias.org\/site\/nova-lei-do-planserv-corrige-injustica-social-afirma-gestor-do-sistema\/","og_locale":"pt_PT","og_type":"article","og_title":"Nova lei do Planserv corrige \u201cinjusti\u00e7a social\u201d, afirma gestor do sistema - Brasil not\u00edcias","og_description":"O diretor-geral do Planserv, Luiz Eduardo Perez, afirmou que a nova legisla\u00e7\u00e3o do plano representa uma corre\u00e7\u00e3o de distor\u00e7\u00f5es hist\u00f3ricas","og_url":"https:\/\/brasilnoticias.org\/site\/nova-lei-do-planserv-corrige-injustica-social-afirma-gestor-do-sistema\/","og_site_name":"Brasil not\u00edcias","article_published_time":"2026-04-13T09:22:12+00:00","og_image":[{"width":1080,"height":720,"url":"https:\/\/brasilnoticias.org\/site\/wp-content\/uploads\/2026\/04\/a-nova-lei-do-planserv-corrige-uma-injustica-socia0138566700202604121803-ScaleDownProportional.webp","type":"image\/webp"}],"author":"Reda\u00e7\u00e3o","twitter_card":"summary_large_image","twitter_misc":{"Escrito por":"Reda\u00e7\u00e3o","Tempo estimado de leitura":"2 minutos"},"schema":{"@context":"https:\/\/schema.org","@graph":[{"@type":"Article","@id":"https:\/\/brasilnoticias.org\/site\/nova-lei-do-planserv-corrige-injustica-social-afirma-gestor-do-sistema\/#article","isPartOf":{"@id":"https:\/\/brasilnoticias.org\/site\/nova-lei-do-planserv-corrige-injustica-social-afirma-gestor-do-sistema\/"},"author":{"name":"Reda\u00e7\u00e3o","@id":"https:\/\/brasilnoticias.org\/site\/#\/schema\/person\/03bbbfe6c7634ad18c26444ea39049fa"},"headline":"Nova lei do Planserv corrige \u201cinjusti\u00e7a social\u201d, afirma gestor do sistema","datePublished":"2026-04-13T09:22:12+00:00","mainEntityOfPage":{"@id":"https:\/\/brasilnoticias.org\/site\/nova-lei-do-planserv-corrige-injustica-social-afirma-gestor-do-sistema\/"},"wordCount":356,"commentCount":0,"publisher":{"@id":"https:\/\/brasilnoticias.org\/site\/#organization"},"image":{"@id":"https:\/\/brasilnoticias.org\/site\/nova-lei-do-planserv-corrige-injustica-social-afirma-gestor-do-sistema\/#primaryimage"},"thumbnailUrl":"https:\/\/brasilnoticias.org\/site\/wp-content\/uploads\/2026\/04\/a-nova-lei-do-planserv-corrige-uma-injustica-socia0138566700202604121803-ScaleDownProportional.webp","articleSection":["Not\u00edcias","\u00daltimas"],"inLanguage":"pt-PT","potentialAction":[{"@type":"CommentAction","name":"Comment","target":["https:\/\/brasilnoticias.org\/site\/nova-lei-do-planserv-corrige-injustica-social-afirma-gestor-do-sistema\/#respond"]}]},{"@type":"WebPage","@id":"https:\/\/brasilnoticias.org\/site\/nova-lei-do-planserv-corrige-injustica-social-afirma-gestor-do-sistema\/","url":"https:\/\/brasilnoticias.org\/site\/nova-lei-do-planserv-corrige-injustica-social-afirma-gestor-do-sistema\/","name":"Nova lei do Planserv corrige \u201cinjusti\u00e7a social\u201d, afirma gestor do sistema - Brasil not\u00edcias","isPartOf":{"@id":"https:\/\/brasilnoticias.org\/site\/#website"},"primaryImageOfPage":{"@id":"https:\/\/brasilnoticias.org\/site\/nova-lei-do-planserv-corrige-injustica-social-afirma-gestor-do-sistema\/#primaryimage"},"image":{"@id":"https:\/\/brasilnoticias.org\/site\/nova-lei-do-planserv-corrige-injustica-social-afirma-gestor-do-sistema\/#primaryimage"},"thumbnailUrl":"https:\/\/brasilnoticias.org\/site\/wp-content\/uploads\/2026\/04\/a-nova-lei-do-planserv-corrige-uma-injustica-socia0138566700202604121803-ScaleDownProportional.webp","datePublished":"2026-04-13T09:22:12+00:00","breadcrumb":{"@id":"https:\/\/brasilnoticias.org\/site\/nova-lei-do-planserv-corrige-injustica-social-afirma-gestor-do-sistema\/#breadcrumb"},"inLanguage":"pt-PT","potentialAction":[{"@type":"ReadAction","target":["https:\/\/brasilnoticias.org\/site\/nova-lei-do-planserv-corrige-injustica-social-afirma-gestor-do-sistema\/"]}]},{"@type":"ImageObject","inLanguage":"pt-PT","@id":"https:\/\/brasilnoticias.org\/site\/nova-lei-do-planserv-corrige-injustica-social-afirma-gestor-do-sistema\/#primaryimage","url":"https:\/\/brasilnoticias.org\/site\/wp-content\/uploads\/2026\/04\/a-nova-lei-do-planserv-corrige-uma-injustica-socia0138566700202604121803-ScaleDownProportional.webp","contentUrl":"https:\/\/brasilnoticias.org\/site\/wp-content\/uploads\/2026\/04\/a-nova-lei-do-planserv-corrige-uma-injustica-socia0138566700202604121803-ScaleDownProportional.webp","width":1080,"height":720,"caption":"Foto: Clara Pessoa\/Ag. A Tarde"},{"@type":"BreadcrumbList","@id":"https:\/\/brasilnoticias.org\/site\/nova-lei-do-planserv-corrige-injustica-social-afirma-gestor-do-sistema\/#breadcrumb","itemListElement":[{"@type":"ListItem","position":1,"name":"In\u00edcio","item":"https:\/\/brasilnoticias.org\/site\/"},{"@type":"ListItem","position":2,"name":"Nova lei do Planserv corrige \u201cinjusti\u00e7a social\u201d, afirma gestor do sistema"}]},{"@type":"WebSite","@id":"https:\/\/brasilnoticias.org\/site\/#website","url":"https:\/\/brasilnoticias.org\/site\/","name":"Brasil not\u00edcias","description":"Brasil not\u00edcias","publisher":{"@id":"https:\/\/brasilnoticias.org\/site\/#organization"},"potentialAction":[{"@type":"SearchAction","target":{"@type":"EntryPoint","urlTemplate":"https:\/\/brasilnoticias.org\/site\/?s={search_term_string}"},"query-input":{"@type":"PropertyValueSpecification","valueRequired":true,"valueName":"search_term_string"}}],"inLanguage":"pt-PT"},{"@type":"Organization","@id":"https:\/\/brasilnoticias.org\/site\/#organization","name":"Brasil not\u00edcias","url":"https:\/\/brasilnoticias.org\/site\/","logo":{"@type":"ImageObject","inLanguage":"pt-PT","@id":"https:\/\/brasilnoticias.org\/site\/#\/schema\/logo\/image\/","url":"https:\/\/brasilnoticias.org\/site\/wp-content\/uploads\/2022\/05\/cropped-brasilnoticias-mini.jpg","contentUrl":"https:\/\/brasilnoticias.org\/site\/wp-content\/uploads\/2022\/05\/cropped-brasilnoticias-mini.jpg","width":314,"height":86,"caption":"Brasil not\u00edcias"},"image":{"@id":"https:\/\/brasilnoticias.org\/site\/#\/schema\/logo\/image\/"}},{"@type":"Person","@id":"https:\/\/brasilnoticias.org\/site\/#\/schema\/person\/03bbbfe6c7634ad18c26444ea39049fa","name":"Reda\u00e7\u00e3o","image":{"@type":"ImageObject","inLanguage":"pt-PT","@id":"https:\/\/brasilnoticias.org\/site\/#\/schema\/person\/image\/","url":"https:\/\/secure.gravatar.com\/avatar\/9ecaf7327a696cb23ad926fedded5f1f04d7049de9e445375d55b48c001a6e42?s=96&d=mm&r=g","contentUrl":"https:\/\/secure.gravatar.com\/avatar\/9ecaf7327a696cb23ad926fedded5f1f04d7049de9e445375d55b48c001a6e42?s=96&d=mm&r=g","caption":"Reda\u00e7\u00e3o"},"url":"https:\/\/brasilnoticias.org\/site\/author\/henrique\/"}]}},"_links":{"self":[{"href":"https:\/\/brasilnoticias.org\/site\/wp-json\/wp\/v2\/posts\/21501","targetHints":{"allow":["GET"]}}],"collection":[{"href":"https:\/\/brasilnoticias.org\/site\/wp-json\/wp\/v2\/posts"}],"about":[{"href":"https:\/\/brasilnoticias.org\/site\/wp-json\/wp\/v2\/types\/post"}],"author":[{"embeddable":true,"href":"https:\/\/brasilnoticias.org\/site\/wp-json\/wp\/v2\/users\/4"}],"replies":[{"embeddable":true,"href":"https:\/\/brasilnoticias.org\/site\/wp-json\/wp\/v2\/comments?post=21501"}],"version-history":[{"count":1,"href":"https:\/\/brasilnoticias.org\/site\/wp-json\/wp\/v2\/posts\/21501\/revisions"}],"predecessor-version":[{"id":21503,"href":"https:\/\/brasilnoticias.org\/site\/wp-json\/wp\/v2\/posts\/21501\/revisions\/21503"}],"wp:featuredmedia":[{"embeddable":true,"href":"https:\/\/brasilnoticias.org\/site\/wp-json\/wp\/v2\/media\/21502"}],"wp:attachment":[{"href":"https:\/\/brasilnoticias.org\/site\/wp-json\/wp\/v2\/media?parent=21501"}],"wp:term":[{"taxonomy":"category","embeddable":true,"href":"https:\/\/brasilnoticias.org\/site\/wp-json\/wp\/v2\/categories?post=21501"},{"taxonomy":"post_tag","embeddable":true,"href":"https:\/\/brasilnoticias.org\/site\/wp-json\/wp\/v2\/tags?post=21501"}],"curies":[{"name":"wp","href":"https:\/\/api.w.org\/{rel}","templated":true}]}}