{"id":21504,"date":"2026-04-13T06:28:25","date_gmt":"2026-04-13T09:28:25","guid":{"rendered":"https:\/\/brasilnoticias.org\/site\/?p=21504"},"modified":"2026-04-13T06:28:25","modified_gmt":"2026-04-13T09:28:25","slug":"fornecimento-de-agua-e-suspenso-em-seis-cidades-da-bahia-nesta-segunda-feira-13","status":"publish","type":"post","link":"https:\/\/brasilnoticias.org\/site\/fornecimento-de-agua-e-suspenso-em-seis-cidades-da-bahia-nesta-segunda-feira-13\/","title":{"rendered":"Fornecimento de \u00e1gua \u00e9 suspenso em seis cidades da Bahia nesta segunda-feira (13)"},"content":{"rendered":"<p data-start=\"181\" data-end=\"358\">O abastecimento de \u00e1gua foi temporariamente suspenso em seis cidades da Bahia nesta segunda-feira (13), devido \u00e0 realiza\u00e7\u00e3o de servi\u00e7os de manuten\u00e7\u00e3o no sistema de distribui\u00e7\u00e3o.<\/p>\n<p data-start=\"360\" data-end=\"472\">A interrup\u00e7\u00e3o foi informada pela <span class=\"hover:entity-accent entity-underline inline cursor-pointer align-baseline\"><span class=\"whitespace-normal\">Empresa Baiana de \u00c1guas e Saneamento<\/span><\/span>, respons\u00e1vel pelo fornecimento no estado.<\/p>\n<h3 data-section-id=\"132qnay\" data-start=\"474\" data-end=\"494\">Cidades afetadas<\/h3>\n<p data-start=\"496\" data-end=\"563\">De acordo com a Embasa, os munic\u00edpios atingidos pela suspens\u00e3o s\u00e3o:<\/p>\n<ul data-start=\"565\" data-end=\"683\">\n<li data-section-id=\"5mq4hb\" data-start=\"565\" data-end=\"585\">Am\u00e9lia Rodrigues<\/li>\n<li data-section-id=\"11kux7k\" data-start=\"586\" data-end=\"610\">Concei\u00e7\u00e3o do Jacu\u00edpe<\/li>\n<li data-section-id=\"1qdp1qj\" data-start=\"611\" data-end=\"631\">Cora\u00e7\u00e3o de Maria<\/li>\n<li data-section-id=\"19b8wwe\" data-start=\"632\" data-end=\"646\">Terra Nova<\/li>\n<li data-section-id=\"x89eqw\" data-start=\"647\" data-end=\"666\">Teodoro Sampaio<\/li>\n<li data-section-id=\"wexshh\" data-start=\"667\" data-end=\"683\">Santan\u00f3polis<\/li>\n<\/ul>\n<p data-start=\"685\" data-end=\"777\">A medida \u00e9 necess\u00e1ria para garantir melhorias e maior seguran\u00e7a no sistema de abastecimento.<\/p>\n<h3 data-section-id=\"3auwu5\" data-start=\"779\" data-end=\"804\">Motivo da interrup\u00e7\u00e3o<\/h3>\n<p data-start=\"806\" data-end=\"947\">Segundo o \u00f3rg\u00e3o, a suspens\u00e3o ocorre por conta de interven\u00e7\u00f5es t\u00e9cnicas programadas, que incluem manuten\u00e7\u00e3o e ajustes na rede de distribui\u00e7\u00e3o.<\/p>\n<p data-start=\"949\" data-end=\"1069\">Esses servi\u00e7os s\u00e3o considerados essenciais para evitar falhas futuras e garantir a regularidade no fornecimento de \u00e1gua.<\/p>\n<h3 data-section-id=\"1xapzze\" data-start=\"1071\" data-end=\"1099\">Previs\u00e3o de normaliza\u00e7\u00e3o<\/h3>\n<p data-start=\"1101\" data-end=\"1227\">A expectativa \u00e9 de que o abastecimento seja retomado gradativamente ainda nesta segunda-feira, ap\u00f3s a conclus\u00e3o dos trabalhos.<\/p>\n<p data-start=\"1229\" data-end=\"1330\">No entanto, o retorno total pode levar mais tempo em \u00e1reas mais altas ou distantes da rede principal.<\/p>\n<h3 data-section-id=\"1pb3f3v\" data-start=\"1332\" data-end=\"1358\">Orienta\u00e7\u00e3o \u00e0 popula\u00e7\u00e3o<\/h3>\n<p data-start=\"1360\" data-end=\"1490\">A Embasa orienta que os moradores utilizem a \u00e1gua armazenada de forma consciente at\u00e9 que o servi\u00e7o seja completamente normalizado.<\/p>\n<p data-start=\"1492\" data-end=\"1574\">A recomenda\u00e7\u00e3o \u00e9 evitar desperd\u00edcios e priorizar o uso para atividades essenciais.<\/p>\n<p data-start=\"1492\" data-end=\"1574\">\n<p data-start=\"1492\" data-end=\"1574\">Fonte: Coreio 24 Horas<\/p>\n","protected":false},"excerpt":{"rendered":"<p>O abastecimento de \u00e1gua foi temporariamente suspenso em seis cidades da Bahia nesta segunda-feira (13), devido \u00e0 realiza\u00e7\u00e3o de servi\u00e7os<\/p>\n","protected":false},"author":4,"featured_media":21505,"comment_status":"open","ping_status":"open","sticky":false,"template":"","format":"standard","meta":{"colormag_page_container_layout":"default_layout","colormag_page_sidebar_layout":"default_layout","_FSMCFIC_featured_image_caption":"","_FSMCFIC_featured_image_nocaption":"","_FSMCFIC_featured_image_hide":"","footnotes":""},"categories":[2,1],"tags":[],"class_list":["post-21504","post","type-post","status-publish","format-standard","has-post-thumbnail","hentry","category-noticias","category-ultimas"],"yoast_head":"<!-- This site is optimized with the Yoast SEO plugin v27.1.1 - https:\/\/yoast.com\/product\/yoast-seo-wordpress\/ -->\n<title>Fornecimento de \u00e1gua \u00e9 suspenso em seis cidades da Bahia nesta segunda-feira (13) - Brasil not\u00edcias<\/title>\n<meta name=\"robots\" content=\"index, follow, max-snippet:-1, max-image-preview:large, max-video-preview:-1\" \/>\n<link rel=\"canonical\" href=\"https:\/\/brasilnoticias.org\/site\/fornecimento-de-agua-e-suspenso-em-seis-cidades-da-bahia-nesta-segunda-feira-13\/\" \/>\n<meta property=\"og:locale\" content=\"pt_PT\" \/>\n<meta property=\"og:type\" content=\"article\" \/>\n<meta property=\"og:title\" content=\"Fornecimento de \u00e1gua \u00e9 suspenso em seis cidades da Bahia nesta segunda-feira (13) - Brasil not\u00edcias\" \/>\n<meta property=\"og:description\" content=\"O abastecimento de \u00e1gua foi temporariamente suspenso em seis cidades da Bahia nesta segunda-feira (13), devido \u00e0 realiza\u00e7\u00e3o de servi\u00e7os\" \/>\n<meta property=\"og:url\" content=\"https:\/\/brasilnoticias.org\/site\/fornecimento-de-agua-e-suspenso-em-seis-cidades-da-bahia-nesta-segunda-feira-13\/\" \/>\n<meta property=\"og:site_name\" content=\"Brasil not\u00edcias\" \/>\n<meta property=\"article:published_time\" content=\"2026-04-13T09:28:25+00:00\" \/>\n<meta property=\"og:image\" content=\"https:\/\/brasilnoticias.org\/site\/wp-content\/uploads\/2026\/04\/torneira-sem-agua-2756803-article.webp\" \/>\n\t<meta property=\"og:image:width\" content=\"600\" \/>\n\t<meta property=\"og:image:height\" content=\"338\" \/>\n\t<meta property=\"og:image:type\" content=\"image\/webp\" \/>\n<meta name=\"author\" content=\"Reda\u00e7\u00e3o\" \/>\n<meta name=\"twitter:card\" content=\"summary_large_image\" \/>\n<meta name=\"twitter:label1\" content=\"Escrito por\" \/>\n\t<meta name=\"twitter:data1\" content=\"Reda\u00e7\u00e3o\" \/>\n\t<meta name=\"twitter:label2\" content=\"Tempo estimado de leitura\" \/>\n\t<meta name=\"twitter:data2\" content=\"2 minutos\" \/>\n<script type=\"application\/ld+json\" class=\"yoast-schema-graph\">{\"@context\":\"https:\/\/schema.org\",\"@graph\":[{\"@type\":\"Article\",\"@id\":\"https:\/\/brasilnoticias.org\/site\/fornecimento-de-agua-e-suspenso-em-seis-cidades-da-bahia-nesta-segunda-feira-13\/#article\",\"isPartOf\":{\"@id\":\"https:\/\/brasilnoticias.org\/site\/fornecimento-de-agua-e-suspenso-em-seis-cidades-da-bahia-nesta-segunda-feira-13\/\"},\"author\":{\"name\":\"Reda\u00e7\u00e3o\",\"@id\":\"https:\/\/brasilnoticias.org\/site\/#\/schema\/person\/03bbbfe6c7634ad18c26444ea39049fa\"},\"headline\":\"Fornecimento de \u00e1gua \u00e9 suspenso em seis cidades da Bahia nesta segunda-feira (13)\",\"datePublished\":\"2026-04-13T09:28:25+00:00\",\"mainEntityOfPage\":{\"@id\":\"https:\/\/brasilnoticias.org\/site\/fornecimento-de-agua-e-suspenso-em-seis-cidades-da-bahia-nesta-segunda-feira-13\/\"},\"wordCount\":239,\"commentCount\":0,\"publisher\":{\"@id\":\"https:\/\/brasilnoticias.org\/site\/#organization\"},\"image\":{\"@id\":\"https:\/\/brasilnoticias.org\/site\/fornecimento-de-agua-e-suspenso-em-seis-cidades-da-bahia-nesta-segunda-feira-13\/#primaryimage\"},\"thumbnailUrl\":\"https:\/\/brasilnoticias.org\/site\/wp-content\/uploads\/2026\/04\/torneira-sem-agua-2756803-article.webp\",\"articleSection\":[\"Not\u00edcias\",\"\u00daltimas\"],\"inLanguage\":\"pt-PT\",\"potentialAction\":[{\"@type\":\"CommentAction\",\"name\":\"Comment\",\"target\":[\"https:\/\/brasilnoticias.org\/site\/fornecimento-de-agua-e-suspenso-em-seis-cidades-da-bahia-nesta-segunda-feira-13\/#respond\"]}]},{\"@type\":\"WebPage\",\"@id\":\"https:\/\/brasilnoticias.org\/site\/fornecimento-de-agua-e-suspenso-em-seis-cidades-da-bahia-nesta-segunda-feira-13\/\",\"url\":\"https:\/\/brasilnoticias.org\/site\/fornecimento-de-agua-e-suspenso-em-seis-cidades-da-bahia-nesta-segunda-feira-13\/\",\"name\":\"Fornecimento de \u00e1gua \u00e9 suspenso em seis cidades da Bahia nesta segunda-feira (13) - Brasil not\u00edcias\",\"isPartOf\":{\"@id\":\"https:\/\/brasilnoticias.org\/site\/#website\"},\"primaryImageOfPage\":{\"@id\":\"https:\/\/brasilnoticias.org\/site\/fornecimento-de-agua-e-suspenso-em-seis-cidades-da-bahia-nesta-segunda-feira-13\/#primaryimage\"},\"image\":{\"@id\":\"https:\/\/brasilnoticias.org\/site\/fornecimento-de-agua-e-suspenso-em-seis-cidades-da-bahia-nesta-segunda-feira-13\/#primaryimage\"},\"thumbnailUrl\":\"https:\/\/brasilnoticias.org\/site\/wp-content\/uploads\/2026\/04\/torneira-sem-agua-2756803-article.webp\",\"datePublished\":\"2026-04-13T09:28:25+00:00\",\"breadcrumb\":{\"@id\":\"https:\/\/brasilnoticias.org\/site\/fornecimento-de-agua-e-suspenso-em-seis-cidades-da-bahia-nesta-segunda-feira-13\/#breadcrumb\"},\"inLanguage\":\"pt-PT\",\"potentialAction\":[{\"@type\":\"ReadAction\",\"target\":[\"https:\/\/brasilnoticias.org\/site\/fornecimento-de-agua-e-suspenso-em-seis-cidades-da-bahia-nesta-segunda-feira-13\/\"]}]},{\"@type\":\"ImageObject\",\"inLanguage\":\"pt-PT\",\"@id\":\"https:\/\/brasilnoticias.org\/site\/fornecimento-de-agua-e-suspenso-em-seis-cidades-da-bahia-nesta-segunda-feira-13\/#primaryimage\",\"url\":\"https:\/\/brasilnoticias.org\/site\/wp-content\/uploads\/2026\/04\/torneira-sem-agua-2756803-article.webp\",\"contentUrl\":\"https:\/\/brasilnoticias.org\/site\/wp-content\/uploads\/2026\/04\/torneira-sem-agua-2756803-article.webp\",\"width\":600,\"height\":338,\"caption\":\"Cr\u00e9dito: Ag\u00eancia Brasil\"},{\"@type\":\"BreadcrumbList\",\"@id\":\"https:\/\/brasilnoticias.org\/site\/fornecimento-de-agua-e-suspenso-em-seis-cidades-da-bahia-nesta-segunda-feira-13\/#breadcrumb\",\"itemListElement\":[{\"@type\":\"ListItem\",\"position\":1,\"name\":\"In\u00edcio\",\"item\":\"https:\/\/brasilnoticias.org\/site\/\"},{\"@type\":\"ListItem\",\"position\":2,\"name\":\"Fornecimento de \u00e1gua \u00e9 suspenso em seis cidades da Bahia nesta segunda-feira (13)\"}]},{\"@type\":\"WebSite\",\"@id\":\"https:\/\/brasilnoticias.org\/site\/#website\",\"url\":\"https:\/\/brasilnoticias.org\/site\/\",\"name\":\"Brasil not\u00edcias\",\"description\":\"Brasil not\u00edcias\",\"publisher\":{\"@id\":\"https:\/\/brasilnoticias.org\/site\/#organization\"},\"potentialAction\":[{\"@type\":\"SearchAction\",\"target\":{\"@type\":\"EntryPoint\",\"urlTemplate\":\"https:\/\/brasilnoticias.org\/site\/?s={search_term_string}\"},\"query-input\":{\"@type\":\"PropertyValueSpecification\",\"valueRequired\":true,\"valueName\":\"search_term_string\"}}],\"inLanguage\":\"pt-PT\"},{\"@type\":\"Organization\",\"@id\":\"https:\/\/brasilnoticias.org\/site\/#organization\",\"name\":\"Brasil not\u00edcias\",\"url\":\"https:\/\/brasilnoticias.org\/site\/\",\"logo\":{\"@type\":\"ImageObject\",\"inLanguage\":\"pt-PT\",\"@id\":\"https:\/\/brasilnoticias.org\/site\/#\/schema\/logo\/image\/\",\"url\":\"https:\/\/brasilnoticias.org\/site\/wp-content\/uploads\/2022\/05\/cropped-brasilnoticias-mini.jpg\",\"contentUrl\":\"https:\/\/brasilnoticias.org\/site\/wp-content\/uploads\/2022\/05\/cropped-brasilnoticias-mini.jpg\",\"width\":314,\"height\":86,\"caption\":\"Brasil not\u00edcias\"},\"image\":{\"@id\":\"https:\/\/brasilnoticias.org\/site\/#\/schema\/logo\/image\/\"}},{\"@type\":\"Person\",\"@id\":\"https:\/\/brasilnoticias.org\/site\/#\/schema\/person\/03bbbfe6c7634ad18c26444ea39049fa\",\"name\":\"Reda\u00e7\u00e3o\",\"image\":{\"@type\":\"ImageObject\",\"inLanguage\":\"pt-PT\",\"@id\":\"https:\/\/brasilnoticias.org\/site\/#\/schema\/person\/image\/\",\"url\":\"https:\/\/secure.gravatar.com\/avatar\/9ecaf7327a696cb23ad926fedded5f1f04d7049de9e445375d55b48c001a6e42?s=96&d=mm&r=g\",\"contentUrl\":\"https:\/\/secure.gravatar.com\/avatar\/9ecaf7327a696cb23ad926fedded5f1f04d7049de9e445375d55b48c001a6e42?s=96&d=mm&r=g\",\"caption\":\"Reda\u00e7\u00e3o\"},\"url\":\"https:\/\/brasilnoticias.org\/site\/author\/henrique\/\"}]}<\/script>\n<!-- \/ Yoast SEO plugin. -->","yoast_head_json":{"title":"Fornecimento de \u00e1gua \u00e9 suspenso em seis cidades da Bahia nesta segunda-feira (13) - Brasil not\u00edcias","robots":{"index":"index","follow":"follow","max-snippet":"max-snippet:-1","max-image-preview":"max-image-preview:large","max-video-preview":"max-video-preview:-1"},"canonical":"https:\/\/brasilnoticias.org\/site\/fornecimento-de-agua-e-suspenso-em-seis-cidades-da-bahia-nesta-segunda-feira-13\/","og_locale":"pt_PT","og_type":"article","og_title":"Fornecimento de \u00e1gua \u00e9 suspenso em seis cidades da Bahia nesta segunda-feira (13) - Brasil not\u00edcias","og_description":"O abastecimento de \u00e1gua foi temporariamente suspenso em seis cidades da Bahia nesta segunda-feira (13), devido \u00e0 realiza\u00e7\u00e3o de servi\u00e7os","og_url":"https:\/\/brasilnoticias.org\/site\/fornecimento-de-agua-e-suspenso-em-seis-cidades-da-bahia-nesta-segunda-feira-13\/","og_site_name":"Brasil not\u00edcias","article_published_time":"2026-04-13T09:28:25+00:00","og_image":[{"width":600,"height":338,"url":"https:\/\/brasilnoticias.org\/site\/wp-content\/uploads\/2026\/04\/torneira-sem-agua-2756803-article.webp","type":"image\/webp"}],"author":"Reda\u00e7\u00e3o","twitter_card":"summary_large_image","twitter_misc":{"Escrito por":"Reda\u00e7\u00e3o","Tempo estimado de leitura":"2 minutos"},"schema":{"@context":"https:\/\/schema.org","@graph":[{"@type":"Article","@id":"https:\/\/brasilnoticias.org\/site\/fornecimento-de-agua-e-suspenso-em-seis-cidades-da-bahia-nesta-segunda-feira-13\/#article","isPartOf":{"@id":"https:\/\/brasilnoticias.org\/site\/fornecimento-de-agua-e-suspenso-em-seis-cidades-da-bahia-nesta-segunda-feira-13\/"},"author":{"name":"Reda\u00e7\u00e3o","@id":"https:\/\/brasilnoticias.org\/site\/#\/schema\/person\/03bbbfe6c7634ad18c26444ea39049fa"},"headline":"Fornecimento de \u00e1gua \u00e9 suspenso em seis cidades da Bahia nesta segunda-feira (13)","datePublished":"2026-04-13T09:28:25+00:00","mainEntityOfPage":{"@id":"https:\/\/brasilnoticias.org\/site\/fornecimento-de-agua-e-suspenso-em-seis-cidades-da-bahia-nesta-segunda-feira-13\/"},"wordCount":239,"commentCount":0,"publisher":{"@id":"https:\/\/brasilnoticias.org\/site\/#organization"},"image":{"@id":"https:\/\/brasilnoticias.org\/site\/fornecimento-de-agua-e-suspenso-em-seis-cidades-da-bahia-nesta-segunda-feira-13\/#primaryimage"},"thumbnailUrl":"https:\/\/brasilnoticias.org\/site\/wp-content\/uploads\/2026\/04\/torneira-sem-agua-2756803-article.webp","articleSection":["Not\u00edcias","\u00daltimas"],"inLanguage":"pt-PT","potentialAction":[{"@type":"CommentAction","name":"Comment","target":["https:\/\/brasilnoticias.org\/site\/fornecimento-de-agua-e-suspenso-em-seis-cidades-da-bahia-nesta-segunda-feira-13\/#respond"]}]},{"@type":"WebPage","@id":"https:\/\/brasilnoticias.org\/site\/fornecimento-de-agua-e-suspenso-em-seis-cidades-da-bahia-nesta-segunda-feira-13\/","url":"https:\/\/brasilnoticias.org\/site\/fornecimento-de-agua-e-suspenso-em-seis-cidades-da-bahia-nesta-segunda-feira-13\/","name":"Fornecimento de \u00e1gua \u00e9 suspenso em seis cidades da Bahia nesta segunda-feira (13) - Brasil not\u00edcias","isPartOf":{"@id":"https:\/\/brasilnoticias.org\/site\/#website"},"primaryImageOfPage":{"@id":"https:\/\/brasilnoticias.org\/site\/fornecimento-de-agua-e-suspenso-em-seis-cidades-da-bahia-nesta-segunda-feira-13\/#primaryimage"},"image":{"@id":"https:\/\/brasilnoticias.org\/site\/fornecimento-de-agua-e-suspenso-em-seis-cidades-da-bahia-nesta-segunda-feira-13\/#primaryimage"},"thumbnailUrl":"https:\/\/brasilnoticias.org\/site\/wp-content\/uploads\/2026\/04\/torneira-sem-agua-2756803-article.webp","datePublished":"2026-04-13T09:28:25+00:00","breadcrumb":{"@id":"https:\/\/brasilnoticias.org\/site\/fornecimento-de-agua-e-suspenso-em-seis-cidades-da-bahia-nesta-segunda-feira-13\/#breadcrumb"},"inLanguage":"pt-PT","potentialAction":[{"@type":"ReadAction","target":["https:\/\/brasilnoticias.org\/site\/fornecimento-de-agua-e-suspenso-em-seis-cidades-da-bahia-nesta-segunda-feira-13\/"]}]},{"@type":"ImageObject","inLanguage":"pt-PT","@id":"https:\/\/brasilnoticias.org\/site\/fornecimento-de-agua-e-suspenso-em-seis-cidades-da-bahia-nesta-segunda-feira-13\/#primaryimage","url":"https:\/\/brasilnoticias.org\/site\/wp-content\/uploads\/2026\/04\/torneira-sem-agua-2756803-article.webp","contentUrl":"https:\/\/brasilnoticias.org\/site\/wp-content\/uploads\/2026\/04\/torneira-sem-agua-2756803-article.webp","width":600,"height":338,"caption":"Cr\u00e9dito: Ag\u00eancia Brasil"},{"@type":"BreadcrumbList","@id":"https:\/\/brasilnoticias.org\/site\/fornecimento-de-agua-e-suspenso-em-seis-cidades-da-bahia-nesta-segunda-feira-13\/#breadcrumb","itemListElement":[{"@type":"ListItem","position":1,"name":"In\u00edcio","item":"https:\/\/brasilnoticias.org\/site\/"},{"@type":"ListItem","position":2,"name":"Fornecimento de \u00e1gua \u00e9 suspenso em seis cidades da Bahia nesta segunda-feira (13)"}]},{"@type":"WebSite","@id":"https:\/\/brasilnoticias.org\/site\/#website","url":"https:\/\/brasilnoticias.org\/site\/","name":"Brasil not\u00edcias","description":"Brasil not\u00edcias","publisher":{"@id":"https:\/\/brasilnoticias.org\/site\/#organization"},"potentialAction":[{"@type":"SearchAction","target":{"@type":"EntryPoint","urlTemplate":"https:\/\/brasilnoticias.org\/site\/?s={search_term_string}"},"query-input":{"@type":"PropertyValueSpecification","valueRequired":true,"valueName":"search_term_string"}}],"inLanguage":"pt-PT"},{"@type":"Organization","@id":"https:\/\/brasilnoticias.org\/site\/#organization","name":"Brasil not\u00edcias","url":"https:\/\/brasilnoticias.org\/site\/","logo":{"@type":"ImageObject","inLanguage":"pt-PT","@id":"https:\/\/brasilnoticias.org\/site\/#\/schema\/logo\/image\/","url":"https:\/\/brasilnoticias.org\/site\/wp-content\/uploads\/2022\/05\/cropped-brasilnoticias-mini.jpg","contentUrl":"https:\/\/brasilnoticias.org\/site\/wp-content\/uploads\/2022\/05\/cropped-brasilnoticias-mini.jpg","width":314,"height":86,"caption":"Brasil not\u00edcias"},"image":{"@id":"https:\/\/brasilnoticias.org\/site\/#\/schema\/logo\/image\/"}},{"@type":"Person","@id":"https:\/\/brasilnoticias.org\/site\/#\/schema\/person\/03bbbfe6c7634ad18c26444ea39049fa","name":"Reda\u00e7\u00e3o","image":{"@type":"ImageObject","inLanguage":"pt-PT","@id":"https:\/\/brasilnoticias.org\/site\/#\/schema\/person\/image\/","url":"https:\/\/secure.gravatar.com\/avatar\/9ecaf7327a696cb23ad926fedded5f1f04d7049de9e445375d55b48c001a6e42?s=96&d=mm&r=g","contentUrl":"https:\/\/secure.gravatar.com\/avatar\/9ecaf7327a696cb23ad926fedded5f1f04d7049de9e445375d55b48c001a6e42?s=96&d=mm&r=g","caption":"Reda\u00e7\u00e3o"},"url":"https:\/\/brasilnoticias.org\/site\/author\/henrique\/"}]}},"_links":{"self":[{"href":"https:\/\/brasilnoticias.org\/site\/wp-json\/wp\/v2\/posts\/21504","targetHints":{"allow":["GET"]}}],"collection":[{"href":"https:\/\/brasilnoticias.org\/site\/wp-json\/wp\/v2\/posts"}],"about":[{"href":"https:\/\/brasilnoticias.org\/site\/wp-json\/wp\/v2\/types\/post"}],"author":[{"embeddable":true,"href":"https:\/\/brasilnoticias.org\/site\/wp-json\/wp\/v2\/users\/4"}],"replies":[{"embeddable":true,"href":"https:\/\/brasilnoticias.org\/site\/wp-json\/wp\/v2\/comments?post=21504"}],"version-history":[{"count":1,"href":"https:\/\/brasilnoticias.org\/site\/wp-json\/wp\/v2\/posts\/21504\/revisions"}],"predecessor-version":[{"id":21506,"href":"https:\/\/brasilnoticias.org\/site\/wp-json\/wp\/v2\/posts\/21504\/revisions\/21506"}],"wp:featuredmedia":[{"embeddable":true,"href":"https:\/\/brasilnoticias.org\/site\/wp-json\/wp\/v2\/media\/21505"}],"wp:attachment":[{"href":"https:\/\/brasilnoticias.org\/site\/wp-json\/wp\/v2\/media?parent=21504"}],"wp:term":[{"taxonomy":"category","embeddable":true,"href":"https:\/\/brasilnoticias.org\/site\/wp-json\/wp\/v2\/categories?post=21504"},{"taxonomy":"post_tag","embeddable":true,"href":"https:\/\/brasilnoticias.org\/site\/wp-json\/wp\/v2\/tags?post=21504"}],"curies":[{"name":"wp","href":"https:\/\/api.w.org\/{rel}","templated":true}]}}