{"id":2151,"date":"2022-11-15T07:00:58","date_gmt":"2022-11-15T10:00:58","guid":{"rendered":"https:\/\/brasilnoticias.org\/site\/?p=2151"},"modified":"2022-11-14T21:05:47","modified_gmt":"2022-11-15T00:05:47","slug":"galvao-bueno-e-internado-as-vesperas-da-copa-saiba-o-que-aconteceu-com-narrador-da-globo","status":"publish","type":"post","link":"https:\/\/brasilnoticias.org\/site\/galvao-bueno-e-internado-as-vesperas-da-copa-saiba-o-que-aconteceu-com-narrador-da-globo\/","title":{"rendered":"Galv\u00e3o Bueno \u00e9 internado \u00e0s v\u00e9speras da Copa. Saiba o que aconteceu com narrador da Globo!"},"content":{"rendered":"<div id=\"content\" class=\"clearfix\">\n<article id=\"post-4932\" class=\"post-4932 post type-post status-publish format-standard has-post-thumbnail hentry category-noticias category-ultimas\">\n<div class=\"article-content clearfix\">\n<div class=\"entry-content clearfix\">\n<p>Galv\u00e3o Bueno foi internado na noite da \u00faltima sexta-feira (11) no hospital Albert Einstein, em S\u00e3o Paulo, ap\u00f3s testar positivo para a Covid-19. Afastado do trabalho presencial, o apresentador, de 72 anos, decidiu por essa op\u00e7\u00e3o para agilizar a recupera\u00e7\u00e3o da doen\u00e7a. Locutor da Globo, ele embarca para o Catar para narrar sua \u00faltima Copa do Mundo na TV.<\/p>\n<p>Em sua p\u00e1gina no Instagram, Galv\u00e3o publicou um v\u00eddeo pedalando e fazendo exerc\u00edcios. Duas vezes ao dia, o veterano acompanha seus sinais vitais com o m\u00e9dico Davi Lewi. O narrador tamb\u00e9m faz tratamento fonoaudiol\u00f3gico para a voz.<\/p>\n<p>Na rede social, Galv\u00e3o tranquilizou os f\u00e3s. \u201cPra quem torce por mim, uma \u00f3tima not\u00edcia!! O Dr. Davi Lewi achou que seria bom ficar aqui no Einstein por 3 dias pra ser monitorado e fazer muita fisioterapia\u201d, explicou ele, que recentemente foi homenageado por Pel\u00e9 no \u201cDoming\u00e3o com Huck\u201d.<\/p>\n<p>Famosos, como Marcos Mion, comentaram em apoio ao artista. \u201cFor\u00e7a mestre!!! Precisamos de voc\u00ea pra nos emocionar ainda mais no hexa!!\u201d, escreveu. \u201cBora guerreiro\u201d, incentivou Marco Luque. \u201cSa\u00fade rapaz! Foco e F\u00e9!\u201d, falou Astrid Fontenelle.<\/p>\n<p>Purepeople<br \/>\nFoto tv Globo<\/p>\n<\/div>\n<\/div>\n<\/article>\n<\/div>\n","protected":false},"excerpt":{"rendered":"<p>Galv\u00e3o Bueno foi internado na noite da \u00faltima sexta-feira (11) no hospital Albert Einstein, em S\u00e3o Paulo, ap\u00f3s testar positivo<\/p>\n","protected":false},"author":1,"featured_media":2152,"comment_status":"open","ping_status":"open","sticky":false,"template":"","format":"standard","meta":{"colormag_page_container_layout":"default_layout","colormag_page_sidebar_layout":"default_layout","_FSMCFIC_featured_image_caption":"","_FSMCFIC_featured_image_nocaption":"","_FSMCFIC_featured_image_hide":"","footnotes":""},"categories":[2,1],"tags":[],"class_list":["post-2151","post","type-post","status-publish","format-standard","has-post-thumbnail","hentry","category-noticias","category-ultimas"],"yoast_head":"<!-- This site is optimized with the Yoast SEO plugin v27.1.1 - https:\/\/yoast.com\/product\/yoast-seo-wordpress\/ -->\n<title>Galv\u00e3o Bueno \u00e9 internado \u00e0s v\u00e9speras da Copa. Saiba o que aconteceu com narrador da Globo! - Brasil not\u00edcias<\/title>\n<meta name=\"robots\" content=\"index, follow, max-snippet:-1, max-image-preview:large, max-video-preview:-1\" \/>\n<link rel=\"canonical\" href=\"https:\/\/brasilnoticias.org\/site\/galvao-bueno-e-internado-as-vesperas-da-copa-saiba-o-que-aconteceu-com-narrador-da-globo\/\" \/>\n<meta property=\"og:locale\" content=\"pt_PT\" \/>\n<meta property=\"og:type\" content=\"article\" \/>\n<meta property=\"og:title\" content=\"Galv\u00e3o Bueno \u00e9 internado \u00e0s v\u00e9speras da Copa. Saiba o que aconteceu com narrador da Globo! - Brasil not\u00edcias\" \/>\n<meta property=\"og:description\" content=\"Galv\u00e3o Bueno foi internado na noite da \u00faltima sexta-feira (11) no hospital Albert Einstein, em S\u00e3o Paulo, ap\u00f3s testar positivo\" \/>\n<meta property=\"og:url\" content=\"https:\/\/brasilnoticias.org\/site\/galvao-bueno-e-internado-as-vesperas-da-copa-saiba-o-que-aconteceu-com-narrador-da-globo\/\" \/>\n<meta property=\"og:site_name\" content=\"Brasil not\u00edcias\" \/>\n<meta property=\"article:published_time\" content=\"2022-11-15T10:00:58+00:00\" \/>\n<meta property=\"og:image\" content=\"https:\/\/brasilnoticias.org\/site\/wp-content\/uploads\/2022\/11\/AA143FQZ-768x445-1.jpg\" \/>\n\t<meta property=\"og:image:width\" content=\"768\" \/>\n\t<meta property=\"og:image:height\" content=\"445\" \/>\n\t<meta property=\"og:image:type\" content=\"image\/jpeg\" \/>\n<meta name=\"author\" content=\"Reda\u00e7\u00e3o\" \/>\n<meta name=\"twitter:card\" content=\"summary_large_image\" \/>\n<meta name=\"twitter:label1\" content=\"Escrito por\" \/>\n\t<meta name=\"twitter:data1\" content=\"Reda\u00e7\u00e3o\" \/>\n\t<meta name=\"twitter:label2\" content=\"Tempo estimado de leitura\" \/>\n\t<meta name=\"twitter:data2\" content=\"1 minuto\" \/>\n<script type=\"application\/ld+json\" class=\"yoast-schema-graph\">{\"@context\":\"https:\/\/schema.org\",\"@graph\":[{\"@type\":\"Article\",\"@id\":\"https:\/\/brasilnoticias.org\/site\/galvao-bueno-e-internado-as-vesperas-da-copa-saiba-o-que-aconteceu-com-narrador-da-globo\/#article\",\"isPartOf\":{\"@id\":\"https:\/\/brasilnoticias.org\/site\/galvao-bueno-e-internado-as-vesperas-da-copa-saiba-o-que-aconteceu-com-narrador-da-globo\/\"},\"author\":{\"name\":\"Reda\u00e7\u00e3o\",\"@id\":\"https:\/\/brasilnoticias.org\/site\/#\/schema\/person\/a0e05b973ec4d15c658d51911e53507b\"},\"headline\":\"Galv\u00e3o Bueno \u00e9 internado \u00e0s v\u00e9speras da Copa. Saiba o que aconteceu com narrador da Globo!\",\"datePublished\":\"2022-11-15T10:00:58+00:00\",\"mainEntityOfPage\":{\"@id\":\"https:\/\/brasilnoticias.org\/site\/galvao-bueno-e-internado-as-vesperas-da-copa-saiba-o-que-aconteceu-com-narrador-da-globo\/\"},\"wordCount\":217,\"commentCount\":0,\"publisher\":{\"@id\":\"https:\/\/brasilnoticias.org\/site\/#organization\"},\"image\":{\"@id\":\"https:\/\/brasilnoticias.org\/site\/galvao-bueno-e-internado-as-vesperas-da-copa-saiba-o-que-aconteceu-com-narrador-da-globo\/#primaryimage\"},\"thumbnailUrl\":\"https:\/\/brasilnoticias.org\/site\/wp-content\/uploads\/2022\/11\/AA143FQZ-768x445-1.jpg\",\"articleSection\":[\"Not\u00edcias\",\"\u00daltimas\"],\"inLanguage\":\"pt-PT\",\"potentialAction\":[{\"@type\":\"CommentAction\",\"name\":\"Comment\",\"target\":[\"https:\/\/brasilnoticias.org\/site\/galvao-bueno-e-internado-as-vesperas-da-copa-saiba-o-que-aconteceu-com-narrador-da-globo\/#respond\"]}]},{\"@type\":\"WebPage\",\"@id\":\"https:\/\/brasilnoticias.org\/site\/galvao-bueno-e-internado-as-vesperas-da-copa-saiba-o-que-aconteceu-com-narrador-da-globo\/\",\"url\":\"https:\/\/brasilnoticias.org\/site\/galvao-bueno-e-internado-as-vesperas-da-copa-saiba-o-que-aconteceu-com-narrador-da-globo\/\",\"name\":\"Galv\u00e3o Bueno \u00e9 internado \u00e0s v\u00e9speras da Copa. Saiba o que aconteceu com narrador da Globo! - Brasil not\u00edcias\",\"isPartOf\":{\"@id\":\"https:\/\/brasilnoticias.org\/site\/#website\"},\"primaryImageOfPage\":{\"@id\":\"https:\/\/brasilnoticias.org\/site\/galvao-bueno-e-internado-as-vesperas-da-copa-saiba-o-que-aconteceu-com-narrador-da-globo\/#primaryimage\"},\"image\":{\"@id\":\"https:\/\/brasilnoticias.org\/site\/galvao-bueno-e-internado-as-vesperas-da-copa-saiba-o-que-aconteceu-com-narrador-da-globo\/#primaryimage\"},\"thumbnailUrl\":\"https:\/\/brasilnoticias.org\/site\/wp-content\/uploads\/2022\/11\/AA143FQZ-768x445-1.jpg\",\"datePublished\":\"2022-11-15T10:00:58+00:00\",\"breadcrumb\":{\"@id\":\"https:\/\/brasilnoticias.org\/site\/galvao-bueno-e-internado-as-vesperas-da-copa-saiba-o-que-aconteceu-com-narrador-da-globo\/#breadcrumb\"},\"inLanguage\":\"pt-PT\",\"potentialAction\":[{\"@type\":\"ReadAction\",\"target\":[\"https:\/\/brasilnoticias.org\/site\/galvao-bueno-e-internado-as-vesperas-da-copa-saiba-o-que-aconteceu-com-narrador-da-globo\/\"]}]},{\"@type\":\"ImageObject\",\"inLanguage\":\"pt-PT\",\"@id\":\"https:\/\/brasilnoticias.org\/site\/galvao-bueno-e-internado-as-vesperas-da-copa-saiba-o-que-aconteceu-com-narrador-da-globo\/#primaryimage\",\"url\":\"https:\/\/brasilnoticias.org\/site\/wp-content\/uploads\/2022\/11\/AA143FQZ-768x445-1.jpg\",\"contentUrl\":\"https:\/\/brasilnoticias.org\/site\/wp-content\/uploads\/2022\/11\/AA143FQZ-768x445-1.jpg\",\"width\":768,\"height\":445},{\"@type\":\"BreadcrumbList\",\"@id\":\"https:\/\/brasilnoticias.org\/site\/galvao-bueno-e-internado-as-vesperas-da-copa-saiba-o-que-aconteceu-com-narrador-da-globo\/#breadcrumb\",\"itemListElement\":[{\"@type\":\"ListItem\",\"position\":1,\"name\":\"In\u00edcio\",\"item\":\"https:\/\/brasilnoticias.org\/site\/\"},{\"@type\":\"ListItem\",\"position\":2,\"name\":\"Galv\u00e3o Bueno \u00e9 internado \u00e0s v\u00e9speras da Copa. Saiba o que aconteceu com narrador da Globo!\"}]},{\"@type\":\"WebSite\",\"@id\":\"https:\/\/brasilnoticias.org\/site\/#website\",\"url\":\"https:\/\/brasilnoticias.org\/site\/\",\"name\":\"Brasil not\u00edcias\",\"description\":\"Brasil not\u00edcias\",\"publisher\":{\"@id\":\"https:\/\/brasilnoticias.org\/site\/#organization\"},\"potentialAction\":[{\"@type\":\"SearchAction\",\"target\":{\"@type\":\"EntryPoint\",\"urlTemplate\":\"https:\/\/brasilnoticias.org\/site\/?s={search_term_string}\"},\"query-input\":{\"@type\":\"PropertyValueSpecification\",\"valueRequired\":true,\"valueName\":\"search_term_string\"}}],\"inLanguage\":\"pt-PT\"},{\"@type\":\"Organization\",\"@id\":\"https:\/\/brasilnoticias.org\/site\/#organization\",\"name\":\"Brasil not\u00edcias\",\"url\":\"https:\/\/brasilnoticias.org\/site\/\",\"logo\":{\"@type\":\"ImageObject\",\"inLanguage\":\"pt-PT\",\"@id\":\"https:\/\/brasilnoticias.org\/site\/#\/schema\/logo\/image\/\",\"url\":\"https:\/\/brasilnoticias.org\/site\/wp-content\/uploads\/2022\/05\/cropped-brasilnoticias-mini.jpg\",\"contentUrl\":\"https:\/\/brasilnoticias.org\/site\/wp-content\/uploads\/2022\/05\/cropped-brasilnoticias-mini.jpg\",\"width\":314,\"height\":86,\"caption\":\"Brasil not\u00edcias\"},\"image\":{\"@id\":\"https:\/\/brasilnoticias.org\/site\/#\/schema\/logo\/image\/\"}},{\"@type\":\"Person\",\"@id\":\"https:\/\/brasilnoticias.org\/site\/#\/schema\/person\/a0e05b973ec4d15c658d51911e53507b\",\"name\":\"Reda\u00e7\u00e3o\",\"image\":{\"@type\":\"ImageObject\",\"inLanguage\":\"pt-PT\",\"@id\":\"https:\/\/brasilnoticias.org\/site\/#\/schema\/person\/image\/\",\"url\":\"https:\/\/secure.gravatar.com\/avatar\/75d8b050df2de108b08ae78dfb8e374892df24a383c67db9c46a9c604f6aee9c?s=96&d=mm&r=g\",\"contentUrl\":\"https:\/\/secure.gravatar.com\/avatar\/75d8b050df2de108b08ae78dfb8e374892df24a383c67db9c46a9c604f6aee9c?s=96&d=mm&r=g\",\"caption\":\"Reda\u00e7\u00e3o\"},\"sameAs\":[\"https:\/\/brasilnoticias.org\/site\"],\"url\":\"https:\/\/brasilnoticias.org\/site\/author\/fernandozsngmail-com\/\"}]}<\/script>\n<!-- \/ Yoast SEO plugin. -->","yoast_head_json":{"title":"Galv\u00e3o Bueno \u00e9 internado \u00e0s v\u00e9speras da Copa. Saiba o que aconteceu com narrador da Globo! - Brasil not\u00edcias","robots":{"index":"index","follow":"follow","max-snippet":"max-snippet:-1","max-image-preview":"max-image-preview:large","max-video-preview":"max-video-preview:-1"},"canonical":"https:\/\/brasilnoticias.org\/site\/galvao-bueno-e-internado-as-vesperas-da-copa-saiba-o-que-aconteceu-com-narrador-da-globo\/","og_locale":"pt_PT","og_type":"article","og_title":"Galv\u00e3o Bueno \u00e9 internado \u00e0s v\u00e9speras da Copa. Saiba o que aconteceu com narrador da Globo! - Brasil not\u00edcias","og_description":"Galv\u00e3o Bueno foi internado na noite da \u00faltima sexta-feira (11) no hospital Albert Einstein, em S\u00e3o Paulo, ap\u00f3s testar positivo","og_url":"https:\/\/brasilnoticias.org\/site\/galvao-bueno-e-internado-as-vesperas-da-copa-saiba-o-que-aconteceu-com-narrador-da-globo\/","og_site_name":"Brasil not\u00edcias","article_published_time":"2022-11-15T10:00:58+00:00","og_image":[{"width":768,"height":445,"url":"https:\/\/brasilnoticias.org\/site\/wp-content\/uploads\/2022\/11\/AA143FQZ-768x445-1.jpg","type":"image\/jpeg"}],"author":"Reda\u00e7\u00e3o","twitter_card":"summary_large_image","twitter_misc":{"Escrito por":"Reda\u00e7\u00e3o","Tempo estimado de leitura":"1 minuto"},"schema":{"@context":"https:\/\/schema.org","@graph":[{"@type":"Article","@id":"https:\/\/brasilnoticias.org\/site\/galvao-bueno-e-internado-as-vesperas-da-copa-saiba-o-que-aconteceu-com-narrador-da-globo\/#article","isPartOf":{"@id":"https:\/\/brasilnoticias.org\/site\/galvao-bueno-e-internado-as-vesperas-da-copa-saiba-o-que-aconteceu-com-narrador-da-globo\/"},"author":{"name":"Reda\u00e7\u00e3o","@id":"https:\/\/brasilnoticias.org\/site\/#\/schema\/person\/a0e05b973ec4d15c658d51911e53507b"},"headline":"Galv\u00e3o Bueno \u00e9 internado \u00e0s v\u00e9speras da Copa. Saiba o que aconteceu com narrador da Globo!","datePublished":"2022-11-15T10:00:58+00:00","mainEntityOfPage":{"@id":"https:\/\/brasilnoticias.org\/site\/galvao-bueno-e-internado-as-vesperas-da-copa-saiba-o-que-aconteceu-com-narrador-da-globo\/"},"wordCount":217,"commentCount":0,"publisher":{"@id":"https:\/\/brasilnoticias.org\/site\/#organization"},"image":{"@id":"https:\/\/brasilnoticias.org\/site\/galvao-bueno-e-internado-as-vesperas-da-copa-saiba-o-que-aconteceu-com-narrador-da-globo\/#primaryimage"},"thumbnailUrl":"https:\/\/brasilnoticias.org\/site\/wp-content\/uploads\/2022\/11\/AA143FQZ-768x445-1.jpg","articleSection":["Not\u00edcias","\u00daltimas"],"inLanguage":"pt-PT","potentialAction":[{"@type":"CommentAction","name":"Comment","target":["https:\/\/brasilnoticias.org\/site\/galvao-bueno-e-internado-as-vesperas-da-copa-saiba-o-que-aconteceu-com-narrador-da-globo\/#respond"]}]},{"@type":"WebPage","@id":"https:\/\/brasilnoticias.org\/site\/galvao-bueno-e-internado-as-vesperas-da-copa-saiba-o-que-aconteceu-com-narrador-da-globo\/","url":"https:\/\/brasilnoticias.org\/site\/galvao-bueno-e-internado-as-vesperas-da-copa-saiba-o-que-aconteceu-com-narrador-da-globo\/","name":"Galv\u00e3o Bueno \u00e9 internado \u00e0s v\u00e9speras da Copa. Saiba o que aconteceu com narrador da Globo! - Brasil not\u00edcias","isPartOf":{"@id":"https:\/\/brasilnoticias.org\/site\/#website"},"primaryImageOfPage":{"@id":"https:\/\/brasilnoticias.org\/site\/galvao-bueno-e-internado-as-vesperas-da-copa-saiba-o-que-aconteceu-com-narrador-da-globo\/#primaryimage"},"image":{"@id":"https:\/\/brasilnoticias.org\/site\/galvao-bueno-e-internado-as-vesperas-da-copa-saiba-o-que-aconteceu-com-narrador-da-globo\/#primaryimage"},"thumbnailUrl":"https:\/\/brasilnoticias.org\/site\/wp-content\/uploads\/2022\/11\/AA143FQZ-768x445-1.jpg","datePublished":"2022-11-15T10:00:58+00:00","breadcrumb":{"@id":"https:\/\/brasilnoticias.org\/site\/galvao-bueno-e-internado-as-vesperas-da-copa-saiba-o-que-aconteceu-com-narrador-da-globo\/#breadcrumb"},"inLanguage":"pt-PT","potentialAction":[{"@type":"ReadAction","target":["https:\/\/brasilnoticias.org\/site\/galvao-bueno-e-internado-as-vesperas-da-copa-saiba-o-que-aconteceu-com-narrador-da-globo\/"]}]},{"@type":"ImageObject","inLanguage":"pt-PT","@id":"https:\/\/brasilnoticias.org\/site\/galvao-bueno-e-internado-as-vesperas-da-copa-saiba-o-que-aconteceu-com-narrador-da-globo\/#primaryimage","url":"https:\/\/brasilnoticias.org\/site\/wp-content\/uploads\/2022\/11\/AA143FQZ-768x445-1.jpg","contentUrl":"https:\/\/brasilnoticias.org\/site\/wp-content\/uploads\/2022\/11\/AA143FQZ-768x445-1.jpg","width":768,"height":445},{"@type":"BreadcrumbList","@id":"https:\/\/brasilnoticias.org\/site\/galvao-bueno-e-internado-as-vesperas-da-copa-saiba-o-que-aconteceu-com-narrador-da-globo\/#breadcrumb","itemListElement":[{"@type":"ListItem","position":1,"name":"In\u00edcio","item":"https:\/\/brasilnoticias.org\/site\/"},{"@type":"ListItem","position":2,"name":"Galv\u00e3o Bueno \u00e9 internado \u00e0s v\u00e9speras da Copa. Saiba o que aconteceu com narrador da Globo!"}]},{"@type":"WebSite","@id":"https:\/\/brasilnoticias.org\/site\/#website","url":"https:\/\/brasilnoticias.org\/site\/","name":"Brasil not\u00edcias","description":"Brasil not\u00edcias","publisher":{"@id":"https:\/\/brasilnoticias.org\/site\/#organization"},"potentialAction":[{"@type":"SearchAction","target":{"@type":"EntryPoint","urlTemplate":"https:\/\/brasilnoticias.org\/site\/?s={search_term_string}"},"query-input":{"@type":"PropertyValueSpecification","valueRequired":true,"valueName":"search_term_string"}}],"inLanguage":"pt-PT"},{"@type":"Organization","@id":"https:\/\/brasilnoticias.org\/site\/#organization","name":"Brasil not\u00edcias","url":"https:\/\/brasilnoticias.org\/site\/","logo":{"@type":"ImageObject","inLanguage":"pt-PT","@id":"https:\/\/brasilnoticias.org\/site\/#\/schema\/logo\/image\/","url":"https:\/\/brasilnoticias.org\/site\/wp-content\/uploads\/2022\/05\/cropped-brasilnoticias-mini.jpg","contentUrl":"https:\/\/brasilnoticias.org\/site\/wp-content\/uploads\/2022\/05\/cropped-brasilnoticias-mini.jpg","width":314,"height":86,"caption":"Brasil not\u00edcias"},"image":{"@id":"https:\/\/brasilnoticias.org\/site\/#\/schema\/logo\/image\/"}},{"@type":"Person","@id":"https:\/\/brasilnoticias.org\/site\/#\/schema\/person\/a0e05b973ec4d15c658d51911e53507b","name":"Reda\u00e7\u00e3o","image":{"@type":"ImageObject","inLanguage":"pt-PT","@id":"https:\/\/brasilnoticias.org\/site\/#\/schema\/person\/image\/","url":"https:\/\/secure.gravatar.com\/avatar\/75d8b050df2de108b08ae78dfb8e374892df24a383c67db9c46a9c604f6aee9c?s=96&d=mm&r=g","contentUrl":"https:\/\/secure.gravatar.com\/avatar\/75d8b050df2de108b08ae78dfb8e374892df24a383c67db9c46a9c604f6aee9c?s=96&d=mm&r=g","caption":"Reda\u00e7\u00e3o"},"sameAs":["https:\/\/brasilnoticias.org\/site"],"url":"https:\/\/brasilnoticias.org\/site\/author\/fernandozsngmail-com\/"}]}},"_links":{"self":[{"href":"https:\/\/brasilnoticias.org\/site\/wp-json\/wp\/v2\/posts\/2151","targetHints":{"allow":["GET"]}}],"collection":[{"href":"https:\/\/brasilnoticias.org\/site\/wp-json\/wp\/v2\/posts"}],"about":[{"href":"https:\/\/brasilnoticias.org\/site\/wp-json\/wp\/v2\/types\/post"}],"author":[{"embeddable":true,"href":"https:\/\/brasilnoticias.org\/site\/wp-json\/wp\/v2\/users\/1"}],"replies":[{"embeddable":true,"href":"https:\/\/brasilnoticias.org\/site\/wp-json\/wp\/v2\/comments?post=2151"}],"version-history":[{"count":1,"href":"https:\/\/brasilnoticias.org\/site\/wp-json\/wp\/v2\/posts\/2151\/revisions"}],"predecessor-version":[{"id":2153,"href":"https:\/\/brasilnoticias.org\/site\/wp-json\/wp\/v2\/posts\/2151\/revisions\/2153"}],"wp:featuredmedia":[{"embeddable":true,"href":"https:\/\/brasilnoticias.org\/site\/wp-json\/wp\/v2\/media\/2152"}],"wp:attachment":[{"href":"https:\/\/brasilnoticias.org\/site\/wp-json\/wp\/v2\/media?parent=2151"}],"wp:term":[{"taxonomy":"category","embeddable":true,"href":"https:\/\/brasilnoticias.org\/site\/wp-json\/wp\/v2\/categories?post=2151"},{"taxonomy":"post_tag","embeddable":true,"href":"https:\/\/brasilnoticias.org\/site\/wp-json\/wp\/v2\/tags?post=2151"}],"curies":[{"name":"wp","href":"https:\/\/api.w.org\/{rel}","templated":true}]}}