{"id":21510,"date":"2026-04-13T06:45:54","date_gmt":"2026-04-13T09:45:54","guid":{"rendered":"https:\/\/brasilnoticias.org\/site\/?p=21510"},"modified":"2026-04-13T06:45:54","modified_gmt":"2026-04-13T09:45:54","slug":"exercito-dos-eua-afirma-que-pretende-bloquear-portos-do-ira-e-eleva-tensao-no-oriente-medio","status":"publish","type":"post","link":"https:\/\/brasilnoticias.org\/site\/exercito-dos-eua-afirma-que-pretende-bloquear-portos-do-ira-e-eleva-tensao-no-oriente-medio\/","title":{"rendered":"Ex\u00e9rcito dos EUA afirma que pretende bloquear portos do Ir\u00e3 e eleva tens\u00e3o no Oriente M\u00e9dio"},"content":{"rendered":"<p data-start=\"232\" data-end=\"429\">O <span class=\"hover:entity-accent entity-underline inline cursor-pointer align-baseline\"><span class=\"whitespace-normal\">Ex\u00e9rcito dos Estados Unidos<\/span><\/span> anunciou que pretende bloquear todos os portos do <span class=\"hover:entity-accent entity-underline inline cursor-pointer align-baseline\"><span class=\"whitespace-normal\">Ir\u00e3<\/span><\/span>, aumentando ainda mais a tens\u00e3o no cen\u00e1rio geopol\u00edtico internacional.<\/p>\n<p data-start=\"431\" data-end=\"565\">A medida foi divulgada como parte das a\u00e7\u00f5es militares em resposta ao conflito envolvendo o pa\u00eds iraniano e seus advers\u00e1rios na regi\u00e3o.<\/p>\n<h3 data-section-id=\"1w44vxn\" data-start=\"567\" data-end=\"591\">Escalada do conflito<\/h3>\n<p data-start=\"593\" data-end=\"765\">O an\u00fancio representa uma escalada significativa nas tens\u00f5es no Oriente M\u00e9dio, especialmente ap\u00f3s recentes confrontos envolvendo for\u00e7as dos Estados Unidos, Israel e aliados.<\/p>\n<p data-start=\"767\" data-end=\"913\">O bloqueio de portos \u00e9 considerado uma a\u00e7\u00e3o estrat\u00e9gica que pode afetar diretamente o com\u00e9rcio internacional, principalmente no setor de petr\u00f3leo.<\/p>\n<h3 data-section-id=\"13hwfuj\" data-start=\"915\" data-end=\"943\">Impacto econ\u00f4mico global<\/h3>\n<p data-start=\"945\" data-end=\"1097\">O Ir\u00e3 \u00e9 um dos principais produtores de petr\u00f3leo do mundo, e qualquer interrup\u00e7\u00e3o em suas exporta\u00e7\u00f5es pode gerar efeitos imediatos nos mercados globais.<\/p>\n<p data-start=\"1099\" data-end=\"1148\">Especialistas alertam que a medida pode provocar:<\/p>\n<ul data-start=\"1149\" data-end=\"1265\">\n<li data-section-id=\"18crgz\" data-start=\"1149\" data-end=\"1180\">Alta nos pre\u00e7os do petr\u00f3leo<\/li>\n<li data-section-id=\"22qm1n\" data-start=\"1181\" data-end=\"1222\">Instabilidade econ\u00f4mica internacional<\/li>\n<li data-section-id=\"2o09tw\" data-start=\"1223\" data-end=\"1265\">Press\u00e3o sobre cadeias de abastecimento<\/li>\n<\/ul>\n<p data-start=\"1267\" data-end=\"1433\">Al\u00e9m disso, a regi\u00e3o do Golfo P\u00e9rsico, pr\u00f3xima ao <span class=\"hover:entity-accent entity-underline inline cursor-pointer align-baseline\"><span class=\"whitespace-normal\">Estreito de Ormuz<\/span><\/span>, \u00e9 considerada uma das mais sens\u00edveis para o transporte de energia no planeta.<\/p>\n<h3 data-section-id=\"r8xopv\" data-start=\"1435\" data-end=\"1467\">Risco de amplia\u00e7\u00e3o da guerra<\/h3>\n<p data-start=\"1469\" data-end=\"1649\">Analistas internacionais apontam que o bloqueio de portos pode ser interpretado como uma a\u00e7\u00e3o de grande impacto militar, aumentando o risco de uma escalada ainda maior do conflito.<\/p>\n<p data-start=\"1651\" data-end=\"1786\">O Ir\u00e3 j\u00e1 sinalizou que pode reagir a qualquer tentativa de restri\u00e7\u00e3o ao seu com\u00e9rcio mar\u00edtimo, o que eleva o temor de novos confrontos.<\/p>\n<h3 data-section-id=\"lzw8d7\" data-start=\"1788\" data-end=\"1826\">Comunidade internacional em alerta<\/h3>\n<p data-start=\"1828\" data-end=\"1920\">Diante do cen\u00e1rio, pa\u00edses e organismos internacionais acompanham a situa\u00e7\u00e3o com preocupa\u00e7\u00e3o.<\/p>\n<p data-start=\"1922\" data-end=\"2069\">A possibilidade de agravamento da crise pode levar a novas negocia\u00e7\u00f5es diplom\u00e1ticas, mas tamb\u00e9m aumenta o risco de confrontos diretos entre na\u00e7\u00f5es.<\/p>\n<h3 data-section-id=\"pzua9v\" data-start=\"2071\" data-end=\"2095\">Cen\u00e1rio de incerteza<\/h3>\n<p data-start=\"2097\" data-end=\"2239\">O an\u00fancio refor\u00e7a o momento de instabilidade global, com impactos que podem ir al\u00e9m do campo militar e atingir diretamente a economia mundial.<\/p>\n<p data-start=\"2241\" data-end=\"2401\">A expectativa agora \u00e9 sobre os pr\u00f3ximos passos das partes envolvidas e a possibilidade de uma solu\u00e7\u00e3o diplom\u00e1tica para evitar um conflito de maiores propor\u00e7\u00f5es.<\/p>\n<p data-start=\"2241\" data-end=\"2401\">\n<p data-start=\"2241\" data-end=\"2401\">Fonte: A Tarde<\/p>\n","protected":false},"excerpt":{"rendered":"<p>O Ex\u00e9rcito dos Estados Unidos anunciou que pretende bloquear todos os portos do Ir\u00e3, aumentando ainda mais a tens\u00e3o no<\/p>\n","protected":false},"author":4,"featured_media":21511,"comment_status":"open","ping_status":"open","sticky":false,"template":"","format":"standard","meta":{"colormag_page_container_layout":"default_layout","colormag_page_sidebar_layout":"default_layout","_FSMCFIC_featured_image_caption":"","_FSMCFIC_featured_image_nocaption":"","_FSMCFIC_featured_image_hide":"","footnotes":""},"categories":[6,1],"tags":[],"class_list":["post-21510","post","type-post","status-publish","format-standard","has-post-thumbnail","hentry","category-mundo","category-ultimas"],"yoast_head":"<!-- This site is optimized with the Yoast SEO plugin v27.1.1 - https:\/\/yoast.com\/product\/yoast-seo-wordpress\/ -->\n<title>Ex\u00e9rcito dos EUA afirma que pretende bloquear portos do Ir\u00e3 e eleva tens\u00e3o no Oriente M\u00e9dio - Brasil not\u00edcias<\/title>\n<meta name=\"robots\" content=\"index, follow, max-snippet:-1, max-image-preview:large, max-video-preview:-1\" \/>\n<link rel=\"canonical\" href=\"https:\/\/brasilnoticias.org\/site\/exercito-dos-eua-afirma-que-pretende-bloquear-portos-do-ira-e-eleva-tensao-no-oriente-medio\/\" \/>\n<meta property=\"og:locale\" content=\"pt_PT\" \/>\n<meta property=\"og:type\" content=\"article\" \/>\n<meta property=\"og:title\" content=\"Ex\u00e9rcito dos EUA afirma que pretende bloquear portos do Ir\u00e3 e eleva tens\u00e3o no Oriente M\u00e9dio - Brasil not\u00edcias\" \/>\n<meta property=\"og:description\" content=\"O Ex\u00e9rcito dos Estados Unidos anunciou que pretende bloquear todos os portos do Ir\u00e3, aumentando ainda mais a tens\u00e3o no\" \/>\n<meta property=\"og:url\" content=\"https:\/\/brasilnoticias.org\/site\/exercito-dos-eua-afirma-que-pretende-bloquear-portos-do-ira-e-eleva-tensao-no-oriente-medio\/\" \/>\n<meta property=\"og:site_name\" content=\"Brasil not\u00edcias\" \/>\n<meta property=\"article:published_time\" content=\"2026-04-13T09:45:54+00:00\" \/>\n<meta property=\"og:image\" content=\"https:\/\/brasilnoticias.org\/site\/wp-content\/uploads\/2026\/04\/exercito-dos-eua-diz-que-bloqueara-todos-os-portos0138567200202604121855-ScaleDownProportional.webp\" \/>\n\t<meta property=\"og:image:width\" content=\"1080\" \/>\n\t<meta property=\"og:image:height\" content=\"720\" \/>\n\t<meta property=\"og:image:type\" content=\"image\/webp\" \/>\n<meta name=\"author\" content=\"Reda\u00e7\u00e3o\" \/>\n<meta name=\"twitter:card\" content=\"summary_large_image\" \/>\n<meta name=\"twitter:label1\" content=\"Escrito por\" \/>\n\t<meta name=\"twitter:data1\" content=\"Reda\u00e7\u00e3o\" \/>\n\t<meta name=\"twitter:label2\" content=\"Tempo estimado de leitura\" \/>\n\t<meta name=\"twitter:data2\" content=\"2 minutos\" \/>\n<script type=\"application\/ld+json\" class=\"yoast-schema-graph\">{\"@context\":\"https:\/\/schema.org\",\"@graph\":[{\"@type\":\"Article\",\"@id\":\"https:\/\/brasilnoticias.org\/site\/exercito-dos-eua-afirma-que-pretende-bloquear-portos-do-ira-e-eleva-tensao-no-oriente-medio\/#article\",\"isPartOf\":{\"@id\":\"https:\/\/brasilnoticias.org\/site\/exercito-dos-eua-afirma-que-pretende-bloquear-portos-do-ira-e-eleva-tensao-no-oriente-medio\/\"},\"author\":{\"name\":\"Reda\u00e7\u00e3o\",\"@id\":\"https:\/\/brasilnoticias.org\/site\/#\/schema\/person\/03bbbfe6c7634ad18c26444ea39049fa\"},\"headline\":\"Ex\u00e9rcito dos EUA afirma que pretende bloquear portos do Ir\u00e3 e eleva tens\u00e3o no Oriente M\u00e9dio\",\"datePublished\":\"2026-04-13T09:45:54+00:00\",\"mainEntityOfPage\":{\"@id\":\"https:\/\/brasilnoticias.org\/site\/exercito-dos-eua-afirma-que-pretende-bloquear-portos-do-ira-e-eleva-tensao-no-oriente-medio\/\"},\"wordCount\":379,\"commentCount\":0,\"publisher\":{\"@id\":\"https:\/\/brasilnoticias.org\/site\/#organization\"},\"image\":{\"@id\":\"https:\/\/brasilnoticias.org\/site\/exercito-dos-eua-afirma-que-pretende-bloquear-portos-do-ira-e-eleva-tensao-no-oriente-medio\/#primaryimage\"},\"thumbnailUrl\":\"https:\/\/brasilnoticias.org\/site\/wp-content\/uploads\/2026\/04\/exercito-dos-eua-diz-que-bloqueara-todos-os-portos0138567200202604121855-ScaleDownProportional.webp\",\"articleSection\":[\"Mundo\",\"\u00daltimas\"],\"inLanguage\":\"pt-PT\",\"potentialAction\":[{\"@type\":\"CommentAction\",\"name\":\"Comment\",\"target\":[\"https:\/\/brasilnoticias.org\/site\/exercito-dos-eua-afirma-que-pretende-bloquear-portos-do-ira-e-eleva-tensao-no-oriente-medio\/#respond\"]}]},{\"@type\":\"WebPage\",\"@id\":\"https:\/\/brasilnoticias.org\/site\/exercito-dos-eua-afirma-que-pretende-bloquear-portos-do-ira-e-eleva-tensao-no-oriente-medio\/\",\"url\":\"https:\/\/brasilnoticias.org\/site\/exercito-dos-eua-afirma-que-pretende-bloquear-portos-do-ira-e-eleva-tensao-no-oriente-medio\/\",\"name\":\"Ex\u00e9rcito dos EUA afirma que pretende bloquear portos do Ir\u00e3 e eleva tens\u00e3o no Oriente M\u00e9dio - Brasil not\u00edcias\",\"isPartOf\":{\"@id\":\"https:\/\/brasilnoticias.org\/site\/#website\"},\"primaryImageOfPage\":{\"@id\":\"https:\/\/brasilnoticias.org\/site\/exercito-dos-eua-afirma-que-pretende-bloquear-portos-do-ira-e-eleva-tensao-no-oriente-medio\/#primaryimage\"},\"image\":{\"@id\":\"https:\/\/brasilnoticias.org\/site\/exercito-dos-eua-afirma-que-pretende-bloquear-portos-do-ira-e-eleva-tensao-no-oriente-medio\/#primaryimage\"},\"thumbnailUrl\":\"https:\/\/brasilnoticias.org\/site\/wp-content\/uploads\/2026\/04\/exercito-dos-eua-diz-que-bloqueara-todos-os-portos0138567200202604121855-ScaleDownProportional.webp\",\"datePublished\":\"2026-04-13T09:45:54+00:00\",\"breadcrumb\":{\"@id\":\"https:\/\/brasilnoticias.org\/site\/exercito-dos-eua-afirma-que-pretende-bloquear-portos-do-ira-e-eleva-tensao-no-oriente-medio\/#breadcrumb\"},\"inLanguage\":\"pt-PT\",\"potentialAction\":[{\"@type\":\"ReadAction\",\"target\":[\"https:\/\/brasilnoticias.org\/site\/exercito-dos-eua-afirma-que-pretende-bloquear-portos-do-ira-e-eleva-tensao-no-oriente-medio\/\"]}]},{\"@type\":\"ImageObject\",\"inLanguage\":\"pt-PT\",\"@id\":\"https:\/\/brasilnoticias.org\/site\/exercito-dos-eua-afirma-que-pretende-bloquear-portos-do-ira-e-eleva-tensao-no-oriente-medio\/#primaryimage\",\"url\":\"https:\/\/brasilnoticias.org\/site\/wp-content\/uploads\/2026\/04\/exercito-dos-eua-diz-que-bloqueara-todos-os-portos0138567200202604121855-ScaleDownProportional.webp\",\"contentUrl\":\"https:\/\/brasilnoticias.org\/site\/wp-content\/uploads\/2026\/04\/exercito-dos-eua-diz-que-bloqueara-todos-os-portos0138567200202604121855-ScaleDownProportional.webp\",\"width\":1080,\"height\":720,\"caption\":\"Foto: Brendan Smialowski | AFP\"},{\"@type\":\"BreadcrumbList\",\"@id\":\"https:\/\/brasilnoticias.org\/site\/exercito-dos-eua-afirma-que-pretende-bloquear-portos-do-ira-e-eleva-tensao-no-oriente-medio\/#breadcrumb\",\"itemListElement\":[{\"@type\":\"ListItem\",\"position\":1,\"name\":\"In\u00edcio\",\"item\":\"https:\/\/brasilnoticias.org\/site\/\"},{\"@type\":\"ListItem\",\"position\":2,\"name\":\"Ex\u00e9rcito dos EUA afirma que pretende bloquear portos do Ir\u00e3 e eleva tens\u00e3o no Oriente M\u00e9dio\"}]},{\"@type\":\"WebSite\",\"@id\":\"https:\/\/brasilnoticias.org\/site\/#website\",\"url\":\"https:\/\/brasilnoticias.org\/site\/\",\"name\":\"Brasil not\u00edcias\",\"description\":\"Brasil not\u00edcias\",\"publisher\":{\"@id\":\"https:\/\/brasilnoticias.org\/site\/#organization\"},\"potentialAction\":[{\"@type\":\"SearchAction\",\"target\":{\"@type\":\"EntryPoint\",\"urlTemplate\":\"https:\/\/brasilnoticias.org\/site\/?s={search_term_string}\"},\"query-input\":{\"@type\":\"PropertyValueSpecification\",\"valueRequired\":true,\"valueName\":\"search_term_string\"}}],\"inLanguage\":\"pt-PT\"},{\"@type\":\"Organization\",\"@id\":\"https:\/\/brasilnoticias.org\/site\/#organization\",\"name\":\"Brasil not\u00edcias\",\"url\":\"https:\/\/brasilnoticias.org\/site\/\",\"logo\":{\"@type\":\"ImageObject\",\"inLanguage\":\"pt-PT\",\"@id\":\"https:\/\/brasilnoticias.org\/site\/#\/schema\/logo\/image\/\",\"url\":\"https:\/\/brasilnoticias.org\/site\/wp-content\/uploads\/2022\/05\/cropped-brasilnoticias-mini.jpg\",\"contentUrl\":\"https:\/\/brasilnoticias.org\/site\/wp-content\/uploads\/2022\/05\/cropped-brasilnoticias-mini.jpg\",\"width\":314,\"height\":86,\"caption\":\"Brasil not\u00edcias\"},\"image\":{\"@id\":\"https:\/\/brasilnoticias.org\/site\/#\/schema\/logo\/image\/\"}},{\"@type\":\"Person\",\"@id\":\"https:\/\/brasilnoticias.org\/site\/#\/schema\/person\/03bbbfe6c7634ad18c26444ea39049fa\",\"name\":\"Reda\u00e7\u00e3o\",\"image\":{\"@type\":\"ImageObject\",\"inLanguage\":\"pt-PT\",\"@id\":\"https:\/\/brasilnoticias.org\/site\/#\/schema\/person\/image\/\",\"url\":\"https:\/\/secure.gravatar.com\/avatar\/9ecaf7327a696cb23ad926fedded5f1f04d7049de9e445375d55b48c001a6e42?s=96&d=mm&r=g\",\"contentUrl\":\"https:\/\/secure.gravatar.com\/avatar\/9ecaf7327a696cb23ad926fedded5f1f04d7049de9e445375d55b48c001a6e42?s=96&d=mm&r=g\",\"caption\":\"Reda\u00e7\u00e3o\"},\"url\":\"https:\/\/brasilnoticias.org\/site\/author\/henrique\/\"}]}<\/script>\n<!-- \/ Yoast SEO plugin. -->","yoast_head_json":{"title":"Ex\u00e9rcito dos EUA afirma que pretende bloquear portos do Ir\u00e3 e eleva tens\u00e3o no Oriente M\u00e9dio - Brasil not\u00edcias","robots":{"index":"index","follow":"follow","max-snippet":"max-snippet:-1","max-image-preview":"max-image-preview:large","max-video-preview":"max-video-preview:-1"},"canonical":"https:\/\/brasilnoticias.org\/site\/exercito-dos-eua-afirma-que-pretende-bloquear-portos-do-ira-e-eleva-tensao-no-oriente-medio\/","og_locale":"pt_PT","og_type":"article","og_title":"Ex\u00e9rcito dos EUA afirma que pretende bloquear portos do Ir\u00e3 e eleva tens\u00e3o no Oriente M\u00e9dio - Brasil not\u00edcias","og_description":"O Ex\u00e9rcito dos Estados Unidos anunciou que pretende bloquear todos os portos do Ir\u00e3, aumentando ainda mais a tens\u00e3o no","og_url":"https:\/\/brasilnoticias.org\/site\/exercito-dos-eua-afirma-que-pretende-bloquear-portos-do-ira-e-eleva-tensao-no-oriente-medio\/","og_site_name":"Brasil not\u00edcias","article_published_time":"2026-04-13T09:45:54+00:00","og_image":[{"width":1080,"height":720,"url":"https:\/\/brasilnoticias.org\/site\/wp-content\/uploads\/2026\/04\/exercito-dos-eua-diz-que-bloqueara-todos-os-portos0138567200202604121855-ScaleDownProportional.webp","type":"image\/webp"}],"author":"Reda\u00e7\u00e3o","twitter_card":"summary_large_image","twitter_misc":{"Escrito por":"Reda\u00e7\u00e3o","Tempo estimado de leitura":"2 minutos"},"schema":{"@context":"https:\/\/schema.org","@graph":[{"@type":"Article","@id":"https:\/\/brasilnoticias.org\/site\/exercito-dos-eua-afirma-que-pretende-bloquear-portos-do-ira-e-eleva-tensao-no-oriente-medio\/#article","isPartOf":{"@id":"https:\/\/brasilnoticias.org\/site\/exercito-dos-eua-afirma-que-pretende-bloquear-portos-do-ira-e-eleva-tensao-no-oriente-medio\/"},"author":{"name":"Reda\u00e7\u00e3o","@id":"https:\/\/brasilnoticias.org\/site\/#\/schema\/person\/03bbbfe6c7634ad18c26444ea39049fa"},"headline":"Ex\u00e9rcito dos EUA afirma que pretende bloquear portos do Ir\u00e3 e eleva tens\u00e3o no Oriente M\u00e9dio","datePublished":"2026-04-13T09:45:54+00:00","mainEntityOfPage":{"@id":"https:\/\/brasilnoticias.org\/site\/exercito-dos-eua-afirma-que-pretende-bloquear-portos-do-ira-e-eleva-tensao-no-oriente-medio\/"},"wordCount":379,"commentCount":0,"publisher":{"@id":"https:\/\/brasilnoticias.org\/site\/#organization"},"image":{"@id":"https:\/\/brasilnoticias.org\/site\/exercito-dos-eua-afirma-que-pretende-bloquear-portos-do-ira-e-eleva-tensao-no-oriente-medio\/#primaryimage"},"thumbnailUrl":"https:\/\/brasilnoticias.org\/site\/wp-content\/uploads\/2026\/04\/exercito-dos-eua-diz-que-bloqueara-todos-os-portos0138567200202604121855-ScaleDownProportional.webp","articleSection":["Mundo","\u00daltimas"],"inLanguage":"pt-PT","potentialAction":[{"@type":"CommentAction","name":"Comment","target":["https:\/\/brasilnoticias.org\/site\/exercito-dos-eua-afirma-que-pretende-bloquear-portos-do-ira-e-eleva-tensao-no-oriente-medio\/#respond"]}]},{"@type":"WebPage","@id":"https:\/\/brasilnoticias.org\/site\/exercito-dos-eua-afirma-que-pretende-bloquear-portos-do-ira-e-eleva-tensao-no-oriente-medio\/","url":"https:\/\/brasilnoticias.org\/site\/exercito-dos-eua-afirma-que-pretende-bloquear-portos-do-ira-e-eleva-tensao-no-oriente-medio\/","name":"Ex\u00e9rcito dos EUA afirma que pretende bloquear portos do Ir\u00e3 e eleva tens\u00e3o no Oriente M\u00e9dio - Brasil not\u00edcias","isPartOf":{"@id":"https:\/\/brasilnoticias.org\/site\/#website"},"primaryImageOfPage":{"@id":"https:\/\/brasilnoticias.org\/site\/exercito-dos-eua-afirma-que-pretende-bloquear-portos-do-ira-e-eleva-tensao-no-oriente-medio\/#primaryimage"},"image":{"@id":"https:\/\/brasilnoticias.org\/site\/exercito-dos-eua-afirma-que-pretende-bloquear-portos-do-ira-e-eleva-tensao-no-oriente-medio\/#primaryimage"},"thumbnailUrl":"https:\/\/brasilnoticias.org\/site\/wp-content\/uploads\/2026\/04\/exercito-dos-eua-diz-que-bloqueara-todos-os-portos0138567200202604121855-ScaleDownProportional.webp","datePublished":"2026-04-13T09:45:54+00:00","breadcrumb":{"@id":"https:\/\/brasilnoticias.org\/site\/exercito-dos-eua-afirma-que-pretende-bloquear-portos-do-ira-e-eleva-tensao-no-oriente-medio\/#breadcrumb"},"inLanguage":"pt-PT","potentialAction":[{"@type":"ReadAction","target":["https:\/\/brasilnoticias.org\/site\/exercito-dos-eua-afirma-que-pretende-bloquear-portos-do-ira-e-eleva-tensao-no-oriente-medio\/"]}]},{"@type":"ImageObject","inLanguage":"pt-PT","@id":"https:\/\/brasilnoticias.org\/site\/exercito-dos-eua-afirma-que-pretende-bloquear-portos-do-ira-e-eleva-tensao-no-oriente-medio\/#primaryimage","url":"https:\/\/brasilnoticias.org\/site\/wp-content\/uploads\/2026\/04\/exercito-dos-eua-diz-que-bloqueara-todos-os-portos0138567200202604121855-ScaleDownProportional.webp","contentUrl":"https:\/\/brasilnoticias.org\/site\/wp-content\/uploads\/2026\/04\/exercito-dos-eua-diz-que-bloqueara-todos-os-portos0138567200202604121855-ScaleDownProportional.webp","width":1080,"height":720,"caption":"Foto: Brendan Smialowski | AFP"},{"@type":"BreadcrumbList","@id":"https:\/\/brasilnoticias.org\/site\/exercito-dos-eua-afirma-que-pretende-bloquear-portos-do-ira-e-eleva-tensao-no-oriente-medio\/#breadcrumb","itemListElement":[{"@type":"ListItem","position":1,"name":"In\u00edcio","item":"https:\/\/brasilnoticias.org\/site\/"},{"@type":"ListItem","position":2,"name":"Ex\u00e9rcito dos EUA afirma que pretende bloquear portos do Ir\u00e3 e eleva tens\u00e3o no Oriente M\u00e9dio"}]},{"@type":"WebSite","@id":"https:\/\/brasilnoticias.org\/site\/#website","url":"https:\/\/brasilnoticias.org\/site\/","name":"Brasil not\u00edcias","description":"Brasil not\u00edcias","publisher":{"@id":"https:\/\/brasilnoticias.org\/site\/#organization"},"potentialAction":[{"@type":"SearchAction","target":{"@type":"EntryPoint","urlTemplate":"https:\/\/brasilnoticias.org\/site\/?s={search_term_string}"},"query-input":{"@type":"PropertyValueSpecification","valueRequired":true,"valueName":"search_term_string"}}],"inLanguage":"pt-PT"},{"@type":"Organization","@id":"https:\/\/brasilnoticias.org\/site\/#organization","name":"Brasil not\u00edcias","url":"https:\/\/brasilnoticias.org\/site\/","logo":{"@type":"ImageObject","inLanguage":"pt-PT","@id":"https:\/\/brasilnoticias.org\/site\/#\/schema\/logo\/image\/","url":"https:\/\/brasilnoticias.org\/site\/wp-content\/uploads\/2022\/05\/cropped-brasilnoticias-mini.jpg","contentUrl":"https:\/\/brasilnoticias.org\/site\/wp-content\/uploads\/2022\/05\/cropped-brasilnoticias-mini.jpg","width":314,"height":86,"caption":"Brasil not\u00edcias"},"image":{"@id":"https:\/\/brasilnoticias.org\/site\/#\/schema\/logo\/image\/"}},{"@type":"Person","@id":"https:\/\/brasilnoticias.org\/site\/#\/schema\/person\/03bbbfe6c7634ad18c26444ea39049fa","name":"Reda\u00e7\u00e3o","image":{"@type":"ImageObject","inLanguage":"pt-PT","@id":"https:\/\/brasilnoticias.org\/site\/#\/schema\/person\/image\/","url":"https:\/\/secure.gravatar.com\/avatar\/9ecaf7327a696cb23ad926fedded5f1f04d7049de9e445375d55b48c001a6e42?s=96&d=mm&r=g","contentUrl":"https:\/\/secure.gravatar.com\/avatar\/9ecaf7327a696cb23ad926fedded5f1f04d7049de9e445375d55b48c001a6e42?s=96&d=mm&r=g","caption":"Reda\u00e7\u00e3o"},"url":"https:\/\/brasilnoticias.org\/site\/author\/henrique\/"}]}},"_links":{"self":[{"href":"https:\/\/brasilnoticias.org\/site\/wp-json\/wp\/v2\/posts\/21510","targetHints":{"allow":["GET"]}}],"collection":[{"href":"https:\/\/brasilnoticias.org\/site\/wp-json\/wp\/v2\/posts"}],"about":[{"href":"https:\/\/brasilnoticias.org\/site\/wp-json\/wp\/v2\/types\/post"}],"author":[{"embeddable":true,"href":"https:\/\/brasilnoticias.org\/site\/wp-json\/wp\/v2\/users\/4"}],"replies":[{"embeddable":true,"href":"https:\/\/brasilnoticias.org\/site\/wp-json\/wp\/v2\/comments?post=21510"}],"version-history":[{"count":1,"href":"https:\/\/brasilnoticias.org\/site\/wp-json\/wp\/v2\/posts\/21510\/revisions"}],"predecessor-version":[{"id":21512,"href":"https:\/\/brasilnoticias.org\/site\/wp-json\/wp\/v2\/posts\/21510\/revisions\/21512"}],"wp:featuredmedia":[{"embeddable":true,"href":"https:\/\/brasilnoticias.org\/site\/wp-json\/wp\/v2\/media\/21511"}],"wp:attachment":[{"href":"https:\/\/brasilnoticias.org\/site\/wp-json\/wp\/v2\/media?parent=21510"}],"wp:term":[{"taxonomy":"category","embeddable":true,"href":"https:\/\/brasilnoticias.org\/site\/wp-json\/wp\/v2\/categories?post=21510"},{"taxonomy":"post_tag","embeddable":true,"href":"https:\/\/brasilnoticias.org\/site\/wp-json\/wp\/v2\/tags?post=21510"}],"curies":[{"name":"wp","href":"https:\/\/api.w.org\/{rel}","templated":true}]}}