{"id":21513,"date":"2026-04-13T11:46:24","date_gmt":"2026-04-13T14:46:24","guid":{"rendered":"https:\/\/brasilnoticias.org\/site\/?p=21513"},"modified":"2026-04-13T11:46:24","modified_gmt":"2026-04-13T14:46:24","slug":"reinaldinho-braga-preve-oposicao-com-ate-29-deputados-e-minimiza-insatisfacao-de-bolsonaristas","status":"publish","type":"post","link":"https:\/\/brasilnoticias.org\/site\/reinaldinho-braga-preve-oposicao-com-ate-29-deputados-e-minimiza-insatisfacao-de-bolsonaristas\/","title":{"rendered":"Reinaldinho Braga prev\u00ea oposi\u00e7\u00e3o com at\u00e9 29 deputados e minimiza insatisfa\u00e7\u00e3o de bolsonaristas"},"content":{"rendered":"<h2 class=\"self-stretch font-sans text-headline-6 font-normal tracking-tight text-neutral-50\">Coordenador da pr\u00e9-campanha de ACM Neto afirma que oposi\u00e7\u00e3o est\u00e1 mais organizada que a base governista e v\u00ea grupo competitivo para Assembleia e C\u00e2mara<\/h2>\n<p>&nbsp;<\/p>\n<p>O ex-prefeito de Xique-Xique e um dos coordenadores da pr\u00e9-campanha de\u00a0<strong>ACM Neto<\/strong>\u00a0(Uni\u00e3o Brasil),\u00a0<strong>Reinaldo Braga Filho<\/strong>, projetou que a oposi\u00e7\u00e3o pode eleger entre 26 e 29 deputados estaduais nas elei\u00e7\u00f5es deste ano e disse acreditar em uma vit\u00f3ria do ex-prefeito de Salvador sobre o governador Jer\u00f4nimo Rodrigues (PT) ainda no primeiro turno.<\/p>\n<p>Em entrevista \u00e0\u00a0<strong><em>CBN Salvador<\/em><\/strong>, o ex-gestor avaliou que a federa\u00e7\u00e3o entre Uni\u00e3o Brasil e PP pode eleger entre 12 e 15 deputados estaduais, enquanto o conjunto da oposi\u00e7\u00e3o deve ultrapassar com folga os n\u00fameros obtidos em elei\u00e7\u00f5es anteriores.<\/p>\n<p>\u201c<strong>A gente espera que se fa\u00e7a realmente 26, 27, 28, 29 deputados. O time \u00e9 forte e existem pessoas que talvez ainda estejam filiadas, mas que ainda nem colocaram o bloco na rua<\/strong>\u201d, afirmou.<\/p>\n<p>Segundo ele, a proje\u00e7\u00e3o inicial de 24 deputados estaduais e 19 federais para a oposi\u00e7\u00e3o seria conservadora demais.<\/p>\n<p>\u201c<strong>Esses n\u00fameros seriam realmente de uma derrota. Na elei\u00e7\u00e3o de 2018, quando a oposi\u00e7\u00e3o teve menos de 25% dos votos, fez 22 deputados. Como \u00e9 que agora, com uma chapa extremamente competitiva, faria menos?<\/strong>\u201d, questionou.<\/p>\n<h2><strong>Cr\u00edticas \u00e0 chapa governista<\/p>\n<p><\/strong><\/h2>\n<p>Reinaldo tamb\u00e9m fez cr\u00edticas \u00e0 forma como a base do governador\u00a0<strong>Jer\u00f4nimo Rodrigues<\/strong>\u00a0(PT) conduziu a defini\u00e7\u00e3o da majorit\u00e1ria.<\/p>\n<p>Na avalia\u00e7\u00e3o dele, o grupo governista exp\u00f4s divis\u00f5es internas ao discutir publicamente a perman\u00eancia do vice-governador\u00a0<strong>Geraldo J\u00fanior<\/strong>\u00a0(MDB) e a disputa pelas vagas ao Senado entre os petistas\u00a0<strong>Rui Costa<\/strong>\u00a0e\u00a0<strong>Jaques Wagner<\/strong>, al\u00e9m de\u00a0<strong>Angelo Coronel<\/strong>, que concorrer\u00e1 \u00e0 reelei\u00e7\u00e3o pelo Republicanos ap\u00f3s ser removido da chapa.<\/p>\n<p>\u201c<strong>Foi um verdadeiro bate-cabe\u00e7a. Primeiro fritaram publicamente o vice-governador Geraldo J\u00fanior. Depois houve uma disputa clara entre Rui Costa e Jaques Wagner pela montagem da chapa. Isso tudo foi percebido pela popula\u00e7\u00e3o<\/strong>\u201d, disse.<\/p>\n<p>O ex-prefeito afirmou que, enquanto a oposi\u00e7\u00e3o conseguiu consolidar os nomes de ACM Neto,\u00a0<strong>Z\u00e9 Coc\u00e1<\/strong>\u00a0(PP),\u00a0<strong>Jo\u00e3o Roma<\/strong>\u00a0(PL) e Angelo Coronel, a base governista demorou para fechar sua composi\u00e7\u00e3o e terminou desgastada.<\/p>\n<p>\u201c<strong>As oposi\u00e7\u00f5es est\u00e3o muito mais organizadas, com unidade e objetivo comum. Do lado deles, depois de 20 anos sem resolver os problemas da Bahia, eles querem mais quatro anos com aquele que eles mesmos dizem ser o pior dos tr\u00eas governadores deles<\/strong>\u201d, disparou.<\/p>\n<h2><strong>PL e bolsonaristas<\/p>\n<p><\/strong><\/h2>\n<p>Questionado sobre a insatisfa\u00e7\u00e3o de deputados bolsonaristas do PL com a posi\u00e7\u00e3o de ACM Neto em rela\u00e7\u00e3o \u00e0 disputa presidencial, Reinaldo minimizou os atritos e disse acreditar que o partido estar\u00e1 unido na campanha estadual.<\/p>\n<p>\u201c<strong>Eu n\u00e3o tenho d\u00favida de que eles v\u00e3o estar junto conosco, marchando nesse primeiro turno, fazendo campanha e pedindo voto para ACM Neto<\/strong>\u201d, afirmou.<\/p>\n<p>Ele tamb\u00e9m voltou a defender que pr\u00e9-candidato a governador da oposi\u00e7\u00e3o mantenha coer\u00eancia ao apoiar o ex-governador de Goi\u00e1s,\u00a0<strong>Ronaldo Caiado<\/strong>\u00a0(PSD), de quem \u00e9 aliado hist\u00f3rico.<\/p>\n<p>\u201c<strong>Acho que o amigo de verdade n\u00e3o solta a m\u00e3o do outro nem nos momentos de dificuldade. O normal, o coerente e o razo\u00e1vel \u00e9 ACM Neto votar em seu amigo de uma vida, que \u00e9 Ronaldo Caiado<\/strong>\u201d, disse.<\/p>\n<h2><strong>\u201cDiferen\u00e7a de cinco pontos\u201d<\/p>\n<p><\/strong><\/h2>\n<p>Ao final da entrevista, Reinaldo Braga Filho projetou uma vit\u00f3ria de ACM Neto e disse acreditar que a diferen\u00e7a para Jer\u00f4nimo Rodrigues ser\u00e1 m\u00ednima, mas com a elei\u00e7\u00e3o decidida em primeiro turno.<\/p>\n<p>\u201c<strong>Eu acho que ser\u00e1 uma diferen\u00e7a de cinco pontos de ACM Neto para o segundo colocado. Existe um sentimento de mudan\u00e7a. A vida real dos baianos n\u00e3o est\u00e1 boa, tem que mudar, e tem que mudar para melhor<\/strong>\u201d, afirmou.<\/p>\n<p><strong>Confira a entrevista na \u00edntegra:<\/strong><\/p>\n<p><iframe loading=\"lazy\" title=\"CBN BAHIA | 10\/04\/2026 | Participe pelo WhatsApp (71) 98679-2647\" src=\"https:\/\/www.youtube.com\/embed\/0IEQ3pRYYBE\" width=\"780\" height=\"439\" frameborder=\"0\" allowfullscreen=\"allowfullscreen\" data-mce-fragment=\"1\"><\/iframe><\/p>\n<p>Fonte: <a href=\"https:\/\/www.blogdovila.com.br\/noticia\/reinaldinho-pl\" target=\"_blank\" rel=\"noopener\">Blog do Vila<\/a><\/p>\n","protected":false},"excerpt":{"rendered":"<p>Coordenador da pr\u00e9-campanha de ACM Neto afirma que oposi\u00e7\u00e3o est\u00e1 mais organizada que a base governista e v\u00ea grupo competitivo<\/p>\n","protected":false},"author":4,"featured_media":21522,"comment_status":"open","ping_status":"open","sticky":false,"template":"","format":"standard","meta":{"colormag_page_container_layout":"default_layout","colormag_page_sidebar_layout":"default_layout","_FSMCFIC_featured_image_caption":"","_FSMCFIC_featured_image_nocaption":"","_FSMCFIC_featured_image_hide":"","footnotes":""},"categories":[5,1],"tags":[],"class_list":["post-21513","post","type-post","status-publish","format-standard","has-post-thumbnail","hentry","category-politica","category-ultimas"],"yoast_head":"<!-- This site is optimized with the Yoast SEO plugin v27.1.1 - https:\/\/yoast.com\/product\/yoast-seo-wordpress\/ -->\n<title>Reinaldinho Braga prev\u00ea oposi\u00e7\u00e3o com at\u00e9 29 deputados e minimiza insatisfa\u00e7\u00e3o de bolsonaristas - Brasil not\u00edcias<\/title>\n<meta name=\"robots\" content=\"index, follow, max-snippet:-1, max-image-preview:large, max-video-preview:-1\" \/>\n<link rel=\"canonical\" href=\"https:\/\/brasilnoticias.org\/site\/reinaldinho-braga-preve-oposicao-com-ate-29-deputados-e-minimiza-insatisfacao-de-bolsonaristas\/\" \/>\n<meta property=\"og:locale\" content=\"pt_PT\" \/>\n<meta property=\"og:type\" content=\"article\" \/>\n<meta property=\"og:title\" content=\"Reinaldinho Braga prev\u00ea oposi\u00e7\u00e3o com at\u00e9 29 deputados e minimiza insatisfa\u00e7\u00e3o de bolsonaristas - Brasil not\u00edcias\" \/>\n<meta property=\"og:description\" content=\"Coordenador da pr\u00e9-campanha de ACM Neto afirma que oposi\u00e7\u00e3o est\u00e1 mais organizada que a base governista e v\u00ea grupo competitivo\" \/>\n<meta property=\"og:url\" content=\"https:\/\/brasilnoticias.org\/site\/reinaldinho-braga-preve-oposicao-com-ate-29-deputados-e-minimiza-insatisfacao-de-bolsonaristas\/\" \/>\n<meta property=\"og:site_name\" content=\"Brasil not\u00edcias\" \/>\n<meta property=\"article:published_time\" content=\"2026-04-13T14:46:24+00:00\" \/>\n<meta property=\"og:image\" content=\"https:\/\/brasilnoticias.org\/site\/wp-content\/uploads\/2026\/04\/WhatsApp-Image-2026-04-10-at-12.34.42.jpeg\" \/>\n\t<meta property=\"og:image:width\" content=\"1280\" \/>\n\t<meta property=\"og:image:height\" content=\"720\" \/>\n\t<meta property=\"og:image:type\" content=\"image\/jpeg\" \/>\n<meta name=\"author\" content=\"Reda\u00e7\u00e3o\" \/>\n<meta name=\"twitter:card\" content=\"summary_large_image\" \/>\n<meta name=\"twitter:label1\" content=\"Escrito por\" \/>\n\t<meta name=\"twitter:data1\" content=\"Reda\u00e7\u00e3o\" \/>\n\t<meta name=\"twitter:label2\" content=\"Tempo estimado de leitura\" \/>\n\t<meta name=\"twitter:data2\" content=\"4 minutos\" \/>\n<script type=\"application\/ld+json\" class=\"yoast-schema-graph\">{\"@context\":\"https:\/\/schema.org\",\"@graph\":[{\"@type\":\"Article\",\"@id\":\"https:\/\/brasilnoticias.org\/site\/reinaldinho-braga-preve-oposicao-com-ate-29-deputados-e-minimiza-insatisfacao-de-bolsonaristas\/#article\",\"isPartOf\":{\"@id\":\"https:\/\/brasilnoticias.org\/site\/reinaldinho-braga-preve-oposicao-com-ate-29-deputados-e-minimiza-insatisfacao-de-bolsonaristas\/\"},\"author\":{\"name\":\"Reda\u00e7\u00e3o\",\"@id\":\"https:\/\/brasilnoticias.org\/site\/#\/schema\/person\/03bbbfe6c7634ad18c26444ea39049fa\"},\"headline\":\"Reinaldinho Braga prev\u00ea oposi\u00e7\u00e3o com at\u00e9 29 deputados e minimiza insatisfa\u00e7\u00e3o de bolsonaristas\",\"datePublished\":\"2026-04-13T14:46:24+00:00\",\"mainEntityOfPage\":{\"@id\":\"https:\/\/brasilnoticias.org\/site\/reinaldinho-braga-preve-oposicao-com-ate-29-deputados-e-minimiza-insatisfacao-de-bolsonaristas\/\"},\"wordCount\":656,\"commentCount\":0,\"publisher\":{\"@id\":\"https:\/\/brasilnoticias.org\/site\/#organization\"},\"image\":{\"@id\":\"https:\/\/brasilnoticias.org\/site\/reinaldinho-braga-preve-oposicao-com-ate-29-deputados-e-minimiza-insatisfacao-de-bolsonaristas\/#primaryimage\"},\"thumbnailUrl\":\"https:\/\/brasilnoticias.org\/site\/wp-content\/uploads\/2026\/04\/WhatsApp-Image-2026-04-10-at-12.34.42.jpeg\",\"articleSection\":[\"Pol\u00edtica\",\"\u00daltimas\"],\"inLanguage\":\"pt-PT\",\"potentialAction\":[{\"@type\":\"CommentAction\",\"name\":\"Comment\",\"target\":[\"https:\/\/brasilnoticias.org\/site\/reinaldinho-braga-preve-oposicao-com-ate-29-deputados-e-minimiza-insatisfacao-de-bolsonaristas\/#respond\"]}]},{\"@type\":\"WebPage\",\"@id\":\"https:\/\/brasilnoticias.org\/site\/reinaldinho-braga-preve-oposicao-com-ate-29-deputados-e-minimiza-insatisfacao-de-bolsonaristas\/\",\"url\":\"https:\/\/brasilnoticias.org\/site\/reinaldinho-braga-preve-oposicao-com-ate-29-deputados-e-minimiza-insatisfacao-de-bolsonaristas\/\",\"name\":\"Reinaldinho Braga prev\u00ea oposi\u00e7\u00e3o com at\u00e9 29 deputados e minimiza insatisfa\u00e7\u00e3o de bolsonaristas - Brasil not\u00edcias\",\"isPartOf\":{\"@id\":\"https:\/\/brasilnoticias.org\/site\/#website\"},\"primaryImageOfPage\":{\"@id\":\"https:\/\/brasilnoticias.org\/site\/reinaldinho-braga-preve-oposicao-com-ate-29-deputados-e-minimiza-insatisfacao-de-bolsonaristas\/#primaryimage\"},\"image\":{\"@id\":\"https:\/\/brasilnoticias.org\/site\/reinaldinho-braga-preve-oposicao-com-ate-29-deputados-e-minimiza-insatisfacao-de-bolsonaristas\/#primaryimage\"},\"thumbnailUrl\":\"https:\/\/brasilnoticias.org\/site\/wp-content\/uploads\/2026\/04\/WhatsApp-Image-2026-04-10-at-12.34.42.jpeg\",\"datePublished\":\"2026-04-13T14:46:24+00:00\",\"breadcrumb\":{\"@id\":\"https:\/\/brasilnoticias.org\/site\/reinaldinho-braga-preve-oposicao-com-ate-29-deputados-e-minimiza-insatisfacao-de-bolsonaristas\/#breadcrumb\"},\"inLanguage\":\"pt-PT\",\"potentialAction\":[{\"@type\":\"ReadAction\",\"target\":[\"https:\/\/brasilnoticias.org\/site\/reinaldinho-braga-preve-oposicao-com-ate-29-deputados-e-minimiza-insatisfacao-de-bolsonaristas\/\"]}]},{\"@type\":\"ImageObject\",\"inLanguage\":\"pt-PT\",\"@id\":\"https:\/\/brasilnoticias.org\/site\/reinaldinho-braga-preve-oposicao-com-ate-29-deputados-e-minimiza-insatisfacao-de-bolsonaristas\/#primaryimage\",\"url\":\"https:\/\/brasilnoticias.org\/site\/wp-content\/uploads\/2026\/04\/WhatsApp-Image-2026-04-10-at-12.34.42.jpeg\",\"contentUrl\":\"https:\/\/brasilnoticias.org\/site\/wp-content\/uploads\/2026\/04\/WhatsApp-Image-2026-04-10-at-12.34.42.jpeg\",\"width\":1280,\"height\":720,\"caption\":\"Foto: Evil\u00e1sio J\u00fanior\"},{\"@type\":\"BreadcrumbList\",\"@id\":\"https:\/\/brasilnoticias.org\/site\/reinaldinho-braga-preve-oposicao-com-ate-29-deputados-e-minimiza-insatisfacao-de-bolsonaristas\/#breadcrumb\",\"itemListElement\":[{\"@type\":\"ListItem\",\"position\":1,\"name\":\"In\u00edcio\",\"item\":\"https:\/\/brasilnoticias.org\/site\/\"},{\"@type\":\"ListItem\",\"position\":2,\"name\":\"Reinaldinho Braga prev\u00ea oposi\u00e7\u00e3o com at\u00e9 29 deputados e minimiza insatisfa\u00e7\u00e3o de bolsonaristas\"}]},{\"@type\":\"WebSite\",\"@id\":\"https:\/\/brasilnoticias.org\/site\/#website\",\"url\":\"https:\/\/brasilnoticias.org\/site\/\",\"name\":\"Brasil not\u00edcias\",\"description\":\"Brasil not\u00edcias\",\"publisher\":{\"@id\":\"https:\/\/brasilnoticias.org\/site\/#organization\"},\"potentialAction\":[{\"@type\":\"SearchAction\",\"target\":{\"@type\":\"EntryPoint\",\"urlTemplate\":\"https:\/\/brasilnoticias.org\/site\/?s={search_term_string}\"},\"query-input\":{\"@type\":\"PropertyValueSpecification\",\"valueRequired\":true,\"valueName\":\"search_term_string\"}}],\"inLanguage\":\"pt-PT\"},{\"@type\":\"Organization\",\"@id\":\"https:\/\/brasilnoticias.org\/site\/#organization\",\"name\":\"Brasil not\u00edcias\",\"url\":\"https:\/\/brasilnoticias.org\/site\/\",\"logo\":{\"@type\":\"ImageObject\",\"inLanguage\":\"pt-PT\",\"@id\":\"https:\/\/brasilnoticias.org\/site\/#\/schema\/logo\/image\/\",\"url\":\"https:\/\/brasilnoticias.org\/site\/wp-content\/uploads\/2022\/05\/cropped-brasilnoticias-mini.jpg\",\"contentUrl\":\"https:\/\/brasilnoticias.org\/site\/wp-content\/uploads\/2022\/05\/cropped-brasilnoticias-mini.jpg\",\"width\":314,\"height\":86,\"caption\":\"Brasil not\u00edcias\"},\"image\":{\"@id\":\"https:\/\/brasilnoticias.org\/site\/#\/schema\/logo\/image\/\"}},{\"@type\":\"Person\",\"@id\":\"https:\/\/brasilnoticias.org\/site\/#\/schema\/person\/03bbbfe6c7634ad18c26444ea39049fa\",\"name\":\"Reda\u00e7\u00e3o\",\"image\":{\"@type\":\"ImageObject\",\"inLanguage\":\"pt-PT\",\"@id\":\"https:\/\/brasilnoticias.org\/site\/#\/schema\/person\/image\/\",\"url\":\"https:\/\/secure.gravatar.com\/avatar\/9ecaf7327a696cb23ad926fedded5f1f04d7049de9e445375d55b48c001a6e42?s=96&d=mm&r=g\",\"contentUrl\":\"https:\/\/secure.gravatar.com\/avatar\/9ecaf7327a696cb23ad926fedded5f1f04d7049de9e445375d55b48c001a6e42?s=96&d=mm&r=g\",\"caption\":\"Reda\u00e7\u00e3o\"},\"url\":\"https:\/\/brasilnoticias.org\/site\/author\/henrique\/\"}]}<\/script>\n<!-- \/ Yoast SEO plugin. -->","yoast_head_json":{"title":"Reinaldinho Braga prev\u00ea oposi\u00e7\u00e3o com at\u00e9 29 deputados e minimiza insatisfa\u00e7\u00e3o de bolsonaristas - Brasil not\u00edcias","robots":{"index":"index","follow":"follow","max-snippet":"max-snippet:-1","max-image-preview":"max-image-preview:large","max-video-preview":"max-video-preview:-1"},"canonical":"https:\/\/brasilnoticias.org\/site\/reinaldinho-braga-preve-oposicao-com-ate-29-deputados-e-minimiza-insatisfacao-de-bolsonaristas\/","og_locale":"pt_PT","og_type":"article","og_title":"Reinaldinho Braga prev\u00ea oposi\u00e7\u00e3o com at\u00e9 29 deputados e minimiza insatisfa\u00e7\u00e3o de bolsonaristas - Brasil not\u00edcias","og_description":"Coordenador da pr\u00e9-campanha de ACM Neto afirma que oposi\u00e7\u00e3o est\u00e1 mais organizada que a base governista e v\u00ea grupo competitivo","og_url":"https:\/\/brasilnoticias.org\/site\/reinaldinho-braga-preve-oposicao-com-ate-29-deputados-e-minimiza-insatisfacao-de-bolsonaristas\/","og_site_name":"Brasil not\u00edcias","article_published_time":"2026-04-13T14:46:24+00:00","og_image":[{"width":1280,"height":720,"url":"https:\/\/brasilnoticias.org\/site\/wp-content\/uploads\/2026\/04\/WhatsApp-Image-2026-04-10-at-12.34.42.jpeg","type":"image\/jpeg"}],"author":"Reda\u00e7\u00e3o","twitter_card":"summary_large_image","twitter_misc":{"Escrito por":"Reda\u00e7\u00e3o","Tempo estimado de leitura":"4 minutos"},"schema":{"@context":"https:\/\/schema.org","@graph":[{"@type":"Article","@id":"https:\/\/brasilnoticias.org\/site\/reinaldinho-braga-preve-oposicao-com-ate-29-deputados-e-minimiza-insatisfacao-de-bolsonaristas\/#article","isPartOf":{"@id":"https:\/\/brasilnoticias.org\/site\/reinaldinho-braga-preve-oposicao-com-ate-29-deputados-e-minimiza-insatisfacao-de-bolsonaristas\/"},"author":{"name":"Reda\u00e7\u00e3o","@id":"https:\/\/brasilnoticias.org\/site\/#\/schema\/person\/03bbbfe6c7634ad18c26444ea39049fa"},"headline":"Reinaldinho Braga prev\u00ea oposi\u00e7\u00e3o com at\u00e9 29 deputados e minimiza insatisfa\u00e7\u00e3o de bolsonaristas","datePublished":"2026-04-13T14:46:24+00:00","mainEntityOfPage":{"@id":"https:\/\/brasilnoticias.org\/site\/reinaldinho-braga-preve-oposicao-com-ate-29-deputados-e-minimiza-insatisfacao-de-bolsonaristas\/"},"wordCount":656,"commentCount":0,"publisher":{"@id":"https:\/\/brasilnoticias.org\/site\/#organization"},"image":{"@id":"https:\/\/brasilnoticias.org\/site\/reinaldinho-braga-preve-oposicao-com-ate-29-deputados-e-minimiza-insatisfacao-de-bolsonaristas\/#primaryimage"},"thumbnailUrl":"https:\/\/brasilnoticias.org\/site\/wp-content\/uploads\/2026\/04\/WhatsApp-Image-2026-04-10-at-12.34.42.jpeg","articleSection":["Pol\u00edtica","\u00daltimas"],"inLanguage":"pt-PT","potentialAction":[{"@type":"CommentAction","name":"Comment","target":["https:\/\/brasilnoticias.org\/site\/reinaldinho-braga-preve-oposicao-com-ate-29-deputados-e-minimiza-insatisfacao-de-bolsonaristas\/#respond"]}]},{"@type":"WebPage","@id":"https:\/\/brasilnoticias.org\/site\/reinaldinho-braga-preve-oposicao-com-ate-29-deputados-e-minimiza-insatisfacao-de-bolsonaristas\/","url":"https:\/\/brasilnoticias.org\/site\/reinaldinho-braga-preve-oposicao-com-ate-29-deputados-e-minimiza-insatisfacao-de-bolsonaristas\/","name":"Reinaldinho Braga prev\u00ea oposi\u00e7\u00e3o com at\u00e9 29 deputados e minimiza insatisfa\u00e7\u00e3o de bolsonaristas - Brasil not\u00edcias","isPartOf":{"@id":"https:\/\/brasilnoticias.org\/site\/#website"},"primaryImageOfPage":{"@id":"https:\/\/brasilnoticias.org\/site\/reinaldinho-braga-preve-oposicao-com-ate-29-deputados-e-minimiza-insatisfacao-de-bolsonaristas\/#primaryimage"},"image":{"@id":"https:\/\/brasilnoticias.org\/site\/reinaldinho-braga-preve-oposicao-com-ate-29-deputados-e-minimiza-insatisfacao-de-bolsonaristas\/#primaryimage"},"thumbnailUrl":"https:\/\/brasilnoticias.org\/site\/wp-content\/uploads\/2026\/04\/WhatsApp-Image-2026-04-10-at-12.34.42.jpeg","datePublished":"2026-04-13T14:46:24+00:00","breadcrumb":{"@id":"https:\/\/brasilnoticias.org\/site\/reinaldinho-braga-preve-oposicao-com-ate-29-deputados-e-minimiza-insatisfacao-de-bolsonaristas\/#breadcrumb"},"inLanguage":"pt-PT","potentialAction":[{"@type":"ReadAction","target":["https:\/\/brasilnoticias.org\/site\/reinaldinho-braga-preve-oposicao-com-ate-29-deputados-e-minimiza-insatisfacao-de-bolsonaristas\/"]}]},{"@type":"ImageObject","inLanguage":"pt-PT","@id":"https:\/\/brasilnoticias.org\/site\/reinaldinho-braga-preve-oposicao-com-ate-29-deputados-e-minimiza-insatisfacao-de-bolsonaristas\/#primaryimage","url":"https:\/\/brasilnoticias.org\/site\/wp-content\/uploads\/2026\/04\/WhatsApp-Image-2026-04-10-at-12.34.42.jpeg","contentUrl":"https:\/\/brasilnoticias.org\/site\/wp-content\/uploads\/2026\/04\/WhatsApp-Image-2026-04-10-at-12.34.42.jpeg","width":1280,"height":720,"caption":"Foto: Evil\u00e1sio J\u00fanior"},{"@type":"BreadcrumbList","@id":"https:\/\/brasilnoticias.org\/site\/reinaldinho-braga-preve-oposicao-com-ate-29-deputados-e-minimiza-insatisfacao-de-bolsonaristas\/#breadcrumb","itemListElement":[{"@type":"ListItem","position":1,"name":"In\u00edcio","item":"https:\/\/brasilnoticias.org\/site\/"},{"@type":"ListItem","position":2,"name":"Reinaldinho Braga prev\u00ea oposi\u00e7\u00e3o com at\u00e9 29 deputados e minimiza insatisfa\u00e7\u00e3o de bolsonaristas"}]},{"@type":"WebSite","@id":"https:\/\/brasilnoticias.org\/site\/#website","url":"https:\/\/brasilnoticias.org\/site\/","name":"Brasil not\u00edcias","description":"Brasil not\u00edcias","publisher":{"@id":"https:\/\/brasilnoticias.org\/site\/#organization"},"potentialAction":[{"@type":"SearchAction","target":{"@type":"EntryPoint","urlTemplate":"https:\/\/brasilnoticias.org\/site\/?s={search_term_string}"},"query-input":{"@type":"PropertyValueSpecification","valueRequired":true,"valueName":"search_term_string"}}],"inLanguage":"pt-PT"},{"@type":"Organization","@id":"https:\/\/brasilnoticias.org\/site\/#organization","name":"Brasil not\u00edcias","url":"https:\/\/brasilnoticias.org\/site\/","logo":{"@type":"ImageObject","inLanguage":"pt-PT","@id":"https:\/\/brasilnoticias.org\/site\/#\/schema\/logo\/image\/","url":"https:\/\/brasilnoticias.org\/site\/wp-content\/uploads\/2022\/05\/cropped-brasilnoticias-mini.jpg","contentUrl":"https:\/\/brasilnoticias.org\/site\/wp-content\/uploads\/2022\/05\/cropped-brasilnoticias-mini.jpg","width":314,"height":86,"caption":"Brasil not\u00edcias"},"image":{"@id":"https:\/\/brasilnoticias.org\/site\/#\/schema\/logo\/image\/"}},{"@type":"Person","@id":"https:\/\/brasilnoticias.org\/site\/#\/schema\/person\/03bbbfe6c7634ad18c26444ea39049fa","name":"Reda\u00e7\u00e3o","image":{"@type":"ImageObject","inLanguage":"pt-PT","@id":"https:\/\/brasilnoticias.org\/site\/#\/schema\/person\/image\/","url":"https:\/\/secure.gravatar.com\/avatar\/9ecaf7327a696cb23ad926fedded5f1f04d7049de9e445375d55b48c001a6e42?s=96&d=mm&r=g","contentUrl":"https:\/\/secure.gravatar.com\/avatar\/9ecaf7327a696cb23ad926fedded5f1f04d7049de9e445375d55b48c001a6e42?s=96&d=mm&r=g","caption":"Reda\u00e7\u00e3o"},"url":"https:\/\/brasilnoticias.org\/site\/author\/henrique\/"}]}},"_links":{"self":[{"href":"https:\/\/brasilnoticias.org\/site\/wp-json\/wp\/v2\/posts\/21513","targetHints":{"allow":["GET"]}}],"collection":[{"href":"https:\/\/brasilnoticias.org\/site\/wp-json\/wp\/v2\/posts"}],"about":[{"href":"https:\/\/brasilnoticias.org\/site\/wp-json\/wp\/v2\/types\/post"}],"author":[{"embeddable":true,"href":"https:\/\/brasilnoticias.org\/site\/wp-json\/wp\/v2\/users\/4"}],"replies":[{"embeddable":true,"href":"https:\/\/brasilnoticias.org\/site\/wp-json\/wp\/v2\/comments?post=21513"}],"version-history":[{"count":1,"href":"https:\/\/brasilnoticias.org\/site\/wp-json\/wp\/v2\/posts\/21513\/revisions"}],"predecessor-version":[{"id":21523,"href":"https:\/\/brasilnoticias.org\/site\/wp-json\/wp\/v2\/posts\/21513\/revisions\/21523"}],"wp:featuredmedia":[{"embeddable":true,"href":"https:\/\/brasilnoticias.org\/site\/wp-json\/wp\/v2\/media\/21522"}],"wp:attachment":[{"href":"https:\/\/brasilnoticias.org\/site\/wp-json\/wp\/v2\/media?parent=21513"}],"wp:term":[{"taxonomy":"category","embeddable":true,"href":"https:\/\/brasilnoticias.org\/site\/wp-json\/wp\/v2\/categories?post=21513"},{"taxonomy":"post_tag","embeddable":true,"href":"https:\/\/brasilnoticias.org\/site\/wp-json\/wp\/v2\/tags?post=21513"}],"curies":[{"name":"wp","href":"https:\/\/api.w.org\/{rel}","templated":true}]}}