{"id":21532,"date":"2026-04-14T08:12:05","date_gmt":"2026-04-14T11:12:05","guid":{"rendered":"https:\/\/brasilnoticias.org\/site\/?p=21532"},"modified":"2026-04-14T08:12:05","modified_gmt":"2026-04-14T11:12:05","slug":"sandro-bahiense-retorna-a-camara-de-salvador-e-promete-reforcar-trabalho-nas-comunidades","status":"publish","type":"post","link":"https:\/\/brasilnoticias.org\/site\/sandro-bahiense-retorna-a-camara-de-salvador-e-promete-reforcar-trabalho-nas-comunidades\/","title":{"rendered":"Sandro Bahiense retorna \u00e0 C\u00e2mara de Salvador e promete refor\u00e7ar trabalho nas comunidades"},"content":{"rendered":"<h2 class=\"self-stretch font-sans text-headline-6 font-normal tracking-tight text-neutral-50\">Vereador reassume mandato ap\u00f3s mudan\u00e7as na bancada do PP e diz que ficou \u201cum ano e tr\u00eas meses fora, mas sem parar\u201d<\/h2>\n<p>&nbsp;<\/p>\n<p>O vereador\u00a0<strong>Sandro Bahiense<\/strong>\u00a0(PP) est\u00e1 oficialmente de volta \u00e0 C\u00e2mara Municipal de Salvador. Primeiro suplente do Progressistas nas elei\u00e7\u00f5es de 2024, ele reassumiu o mandato nesta segunda-feira (13), ap\u00f3s uma mudan\u00e7a em cadeia que envolveu a bancada do partido.<\/p>\n<p>A movimenta\u00e7\u00e3o come\u00e7ou com a ida de\u00a0<strong>Jo\u00e3o Le\u00e3o<\/strong>\u00a0para a Secretaria de Governo do prefeito\u00a0<strong>Bruno Reis<\/strong>\u00a0(Uni\u00e3o Brasil). Com isso,\u00a0<strong>Jorge Ara\u00fajo<\/strong>\u00a0assumiu a vaga na C\u00e2mara dos Deputados e abriu espa\u00e7o para o retorno do correligion\u00e1rio ao Legislativo soteropolitano.<\/p>\n<p>Em entrevista ao\u00a0<a href=\"https:\/\/www.blogdovila.com.br\/\" target=\"_blank\" rel=\"noopener\"><strong>Blog do Vila<\/strong><\/a>, Bahiense disse que reassume a cadeira com sentimento de \u201crenova\u00e7\u00e3o\u201d e destacou que, mesmo fora do mandato, manteve a atua\u00e7\u00e3o junto \u00e0s comunidades.<\/p>\n<p><strong>\u201c\u00c9 o sentimento de dever cumprido. Gra\u00e7as ao meu bom Deus, que conseguiu me dar condi\u00e7\u00e3o de ter retornado \u00e0 Casa que eu tanto amo, vou estabelecer um grande trabalho que eu continuo fazendo por toda Salvador\u201d<\/strong>, afirmou.<\/p>\n<p>O vereador ressaltou que, mesmo afastado formalmente do plen\u00e1rio, jamais interrompeu a atua\u00e7\u00e3o pol\u00edtica nos bairros da capital.<\/p>\n<p><strong>\u201cForam um ano e tr\u00eas meses fora, mas sem parar. Em nenhum momento larguei o bra\u00e7o das comunidades onde eu trabalho e lutei muito para deixar claro que o vereador, mesmo estando do lado de fora, tem compromisso com o povo de Salvador\u201d<\/strong>, declarou.<\/p>\n<p>Sandro tamb\u00e9m afirmou que pretende intensificar suas a\u00e7\u00f5es agora que est\u00e1 de volta ao mandato.\u00a0<strong>\u201cVou mostrar muito mais agora, empossado, gra\u00e7as a Deus, para fazer o melhor pela cidade e o crescimento social\u201d<\/strong>, disse.<\/p>\n<p>Conhecido pela liga\u00e7\u00e3o com o samba junino, Sandro garantiu que seguir\u00e1 nas manifesta\u00e7\u00f5es culturais da cidade neste ano.<\/p>\n<p><strong>\u201cCom certeza. Sou o padrinho da cultura do samba de Salvador e nada melhor do que ter a minha presen\u00e7a fortalecendo esta cultura\u201d<\/strong>, afirmou.<\/p>\n<p>&nbsp;<\/p>\n<p>Fonte: <a href=\"https:\/\/www.blogdovila.com.br\/noticia\/sandro-retorno\" target=\"_blank\" rel=\"noopener\">Blog do Vila<\/a><\/p>\n","protected":false},"excerpt":{"rendered":"<p>Vereador reassume mandato ap\u00f3s mudan\u00e7as na bancada do PP e diz que ficou \u201cum ano e tr\u00eas meses fora, mas<\/p>\n","protected":false},"author":4,"featured_media":21533,"comment_status":"open","ping_status":"open","sticky":false,"template":"","format":"standard","meta":{"colormag_page_container_layout":"default_layout","colormag_page_sidebar_layout":"default_layout","_FSMCFIC_featured_image_caption":"","_FSMCFIC_featured_image_nocaption":"","_FSMCFIC_featured_image_hide":"","footnotes":""},"categories":[5,1],"tags":[],"class_list":["post-21532","post","type-post","status-publish","format-standard","has-post-thumbnail","hentry","category-politica","category-ultimas"],"yoast_head":"<!-- This site is optimized with the Yoast SEO plugin v27.1.1 - https:\/\/yoast.com\/product\/yoast-seo-wordpress\/ -->\n<title>Sandro Bahiense retorna \u00e0 C\u00e2mara de Salvador e promete refor\u00e7ar trabalho nas comunidades - Brasil not\u00edcias<\/title>\n<meta name=\"robots\" content=\"index, follow, max-snippet:-1, max-image-preview:large, max-video-preview:-1\" \/>\n<link rel=\"canonical\" href=\"https:\/\/brasilnoticias.org\/site\/sandro-bahiense-retorna-a-camara-de-salvador-e-promete-reforcar-trabalho-nas-comunidades\/\" \/>\n<meta property=\"og:locale\" content=\"pt_PT\" \/>\n<meta property=\"og:type\" content=\"article\" \/>\n<meta property=\"og:title\" content=\"Sandro Bahiense retorna \u00e0 C\u00e2mara de Salvador e promete refor\u00e7ar trabalho nas comunidades - Brasil not\u00edcias\" \/>\n<meta property=\"og:description\" content=\"Vereador reassume mandato ap\u00f3s mudan\u00e7as na bancada do PP e diz que ficou \u201cum ano e tr\u00eas meses fora, mas\" \/>\n<meta property=\"og:url\" content=\"https:\/\/brasilnoticias.org\/site\/sandro-bahiense-retorna-a-camara-de-salvador-e-promete-reforcar-trabalho-nas-comunidades\/\" \/>\n<meta property=\"og:site_name\" content=\"Brasil not\u00edcias\" \/>\n<meta property=\"article:published_time\" content=\"2026-04-14T11:12:05+00:00\" \/>\n<meta property=\"og:image\" content=\"https:\/\/brasilnoticias.org\/site\/wp-content\/uploads\/2026\/04\/WhatsApp-Image-2026-04-13-at-17.16.48.jpeg\" \/>\n\t<meta property=\"og:image:width\" content=\"1600\" \/>\n\t<meta property=\"og:image:height\" content=\"900\" \/>\n\t<meta property=\"og:image:type\" content=\"image\/jpeg\" \/>\n<meta name=\"author\" content=\"Reda\u00e7\u00e3o\" \/>\n<meta name=\"twitter:card\" content=\"summary_large_image\" \/>\n<meta name=\"twitter:label1\" content=\"Escrito por\" \/>\n\t<meta name=\"twitter:data1\" content=\"Reda\u00e7\u00e3o\" \/>\n\t<meta name=\"twitter:label2\" content=\"Tempo estimado de leitura\" \/>\n\t<meta name=\"twitter:data2\" content=\"2 minutos\" \/>\n<script type=\"application\/ld+json\" class=\"yoast-schema-graph\">{\"@context\":\"https:\/\/schema.org\",\"@graph\":[{\"@type\":\"Article\",\"@id\":\"https:\/\/brasilnoticias.org\/site\/sandro-bahiense-retorna-a-camara-de-salvador-e-promete-reforcar-trabalho-nas-comunidades\/#article\",\"isPartOf\":{\"@id\":\"https:\/\/brasilnoticias.org\/site\/sandro-bahiense-retorna-a-camara-de-salvador-e-promete-reforcar-trabalho-nas-comunidades\/\"},\"author\":{\"name\":\"Reda\u00e7\u00e3o\",\"@id\":\"https:\/\/brasilnoticias.org\/site\/#\/schema\/person\/03bbbfe6c7634ad18c26444ea39049fa\"},\"headline\":\"Sandro Bahiense retorna \u00e0 C\u00e2mara de Salvador e promete refor\u00e7ar trabalho nas comunidades\",\"datePublished\":\"2026-04-14T11:12:05+00:00\",\"mainEntityOfPage\":{\"@id\":\"https:\/\/brasilnoticias.org\/site\/sandro-bahiense-retorna-a-camara-de-salvador-e-promete-reforcar-trabalho-nas-comunidades\/\"},\"wordCount\":356,\"commentCount\":0,\"publisher\":{\"@id\":\"https:\/\/brasilnoticias.org\/site\/#organization\"},\"image\":{\"@id\":\"https:\/\/brasilnoticias.org\/site\/sandro-bahiense-retorna-a-camara-de-salvador-e-promete-reforcar-trabalho-nas-comunidades\/#primaryimage\"},\"thumbnailUrl\":\"https:\/\/brasilnoticias.org\/site\/wp-content\/uploads\/2026\/04\/WhatsApp-Image-2026-04-13-at-17.16.48.jpeg\",\"articleSection\":[\"Pol\u00edtica\",\"\u00daltimas\"],\"inLanguage\":\"pt-PT\",\"potentialAction\":[{\"@type\":\"CommentAction\",\"name\":\"Comment\",\"target\":[\"https:\/\/brasilnoticias.org\/site\/sandro-bahiense-retorna-a-camara-de-salvador-e-promete-reforcar-trabalho-nas-comunidades\/#respond\"]}]},{\"@type\":\"WebPage\",\"@id\":\"https:\/\/brasilnoticias.org\/site\/sandro-bahiense-retorna-a-camara-de-salvador-e-promete-reforcar-trabalho-nas-comunidades\/\",\"url\":\"https:\/\/brasilnoticias.org\/site\/sandro-bahiense-retorna-a-camara-de-salvador-e-promete-reforcar-trabalho-nas-comunidades\/\",\"name\":\"Sandro Bahiense retorna \u00e0 C\u00e2mara de Salvador e promete refor\u00e7ar trabalho nas comunidades - Brasil not\u00edcias\",\"isPartOf\":{\"@id\":\"https:\/\/brasilnoticias.org\/site\/#website\"},\"primaryImageOfPage\":{\"@id\":\"https:\/\/brasilnoticias.org\/site\/sandro-bahiense-retorna-a-camara-de-salvador-e-promete-reforcar-trabalho-nas-comunidades\/#primaryimage\"},\"image\":{\"@id\":\"https:\/\/brasilnoticias.org\/site\/sandro-bahiense-retorna-a-camara-de-salvador-e-promete-reforcar-trabalho-nas-comunidades\/#primaryimage\"},\"thumbnailUrl\":\"https:\/\/brasilnoticias.org\/site\/wp-content\/uploads\/2026\/04\/WhatsApp-Image-2026-04-13-at-17.16.48.jpeg\",\"datePublished\":\"2026-04-14T11:12:05+00:00\",\"breadcrumb\":{\"@id\":\"https:\/\/brasilnoticias.org\/site\/sandro-bahiense-retorna-a-camara-de-salvador-e-promete-reforcar-trabalho-nas-comunidades\/#breadcrumb\"},\"inLanguage\":\"pt-PT\",\"potentialAction\":[{\"@type\":\"ReadAction\",\"target\":[\"https:\/\/brasilnoticias.org\/site\/sandro-bahiense-retorna-a-camara-de-salvador-e-promete-reforcar-trabalho-nas-comunidades\/\"]}]},{\"@type\":\"ImageObject\",\"inLanguage\":\"pt-PT\",\"@id\":\"https:\/\/brasilnoticias.org\/site\/sandro-bahiense-retorna-a-camara-de-salvador-e-promete-reforcar-trabalho-nas-comunidades\/#primaryimage\",\"url\":\"https:\/\/brasilnoticias.org\/site\/wp-content\/uploads\/2026\/04\/WhatsApp-Image-2026-04-13-at-17.16.48.jpeg\",\"contentUrl\":\"https:\/\/brasilnoticias.org\/site\/wp-content\/uploads\/2026\/04\/WhatsApp-Image-2026-04-13-at-17.16.48.jpeg\",\"width\":1600,\"height\":900,\"caption\":\"Foto: Evil\u00e1sio J\u00fanior\"},{\"@type\":\"BreadcrumbList\",\"@id\":\"https:\/\/brasilnoticias.org\/site\/sandro-bahiense-retorna-a-camara-de-salvador-e-promete-reforcar-trabalho-nas-comunidades\/#breadcrumb\",\"itemListElement\":[{\"@type\":\"ListItem\",\"position\":1,\"name\":\"In\u00edcio\",\"item\":\"https:\/\/brasilnoticias.org\/site\/\"},{\"@type\":\"ListItem\",\"position\":2,\"name\":\"Sandro Bahiense retorna \u00e0 C\u00e2mara de Salvador e promete refor\u00e7ar trabalho nas comunidades\"}]},{\"@type\":\"WebSite\",\"@id\":\"https:\/\/brasilnoticias.org\/site\/#website\",\"url\":\"https:\/\/brasilnoticias.org\/site\/\",\"name\":\"Brasil not\u00edcias\",\"description\":\"Brasil not\u00edcias\",\"publisher\":{\"@id\":\"https:\/\/brasilnoticias.org\/site\/#organization\"},\"potentialAction\":[{\"@type\":\"SearchAction\",\"target\":{\"@type\":\"EntryPoint\",\"urlTemplate\":\"https:\/\/brasilnoticias.org\/site\/?s={search_term_string}\"},\"query-input\":{\"@type\":\"PropertyValueSpecification\",\"valueRequired\":true,\"valueName\":\"search_term_string\"}}],\"inLanguage\":\"pt-PT\"},{\"@type\":\"Organization\",\"@id\":\"https:\/\/brasilnoticias.org\/site\/#organization\",\"name\":\"Brasil not\u00edcias\",\"url\":\"https:\/\/brasilnoticias.org\/site\/\",\"logo\":{\"@type\":\"ImageObject\",\"inLanguage\":\"pt-PT\",\"@id\":\"https:\/\/brasilnoticias.org\/site\/#\/schema\/logo\/image\/\",\"url\":\"https:\/\/brasilnoticias.org\/site\/wp-content\/uploads\/2022\/05\/cropped-brasilnoticias-mini.jpg\",\"contentUrl\":\"https:\/\/brasilnoticias.org\/site\/wp-content\/uploads\/2022\/05\/cropped-brasilnoticias-mini.jpg\",\"width\":314,\"height\":86,\"caption\":\"Brasil not\u00edcias\"},\"image\":{\"@id\":\"https:\/\/brasilnoticias.org\/site\/#\/schema\/logo\/image\/\"}},{\"@type\":\"Person\",\"@id\":\"https:\/\/brasilnoticias.org\/site\/#\/schema\/person\/03bbbfe6c7634ad18c26444ea39049fa\",\"name\":\"Reda\u00e7\u00e3o\",\"image\":{\"@type\":\"ImageObject\",\"inLanguage\":\"pt-PT\",\"@id\":\"https:\/\/brasilnoticias.org\/site\/#\/schema\/person\/image\/\",\"url\":\"https:\/\/secure.gravatar.com\/avatar\/9ecaf7327a696cb23ad926fedded5f1f04d7049de9e445375d55b48c001a6e42?s=96&d=mm&r=g\",\"contentUrl\":\"https:\/\/secure.gravatar.com\/avatar\/9ecaf7327a696cb23ad926fedded5f1f04d7049de9e445375d55b48c001a6e42?s=96&d=mm&r=g\",\"caption\":\"Reda\u00e7\u00e3o\"},\"url\":\"https:\/\/brasilnoticias.org\/site\/author\/henrique\/\"}]}<\/script>\n<!-- \/ Yoast SEO plugin. -->","yoast_head_json":{"title":"Sandro Bahiense retorna \u00e0 C\u00e2mara de Salvador e promete refor\u00e7ar trabalho nas comunidades - Brasil not\u00edcias","robots":{"index":"index","follow":"follow","max-snippet":"max-snippet:-1","max-image-preview":"max-image-preview:large","max-video-preview":"max-video-preview:-1"},"canonical":"https:\/\/brasilnoticias.org\/site\/sandro-bahiense-retorna-a-camara-de-salvador-e-promete-reforcar-trabalho-nas-comunidades\/","og_locale":"pt_PT","og_type":"article","og_title":"Sandro Bahiense retorna \u00e0 C\u00e2mara de Salvador e promete refor\u00e7ar trabalho nas comunidades - Brasil not\u00edcias","og_description":"Vereador reassume mandato ap\u00f3s mudan\u00e7as na bancada do PP e diz que ficou \u201cum ano e tr\u00eas meses fora, mas","og_url":"https:\/\/brasilnoticias.org\/site\/sandro-bahiense-retorna-a-camara-de-salvador-e-promete-reforcar-trabalho-nas-comunidades\/","og_site_name":"Brasil not\u00edcias","article_published_time":"2026-04-14T11:12:05+00:00","og_image":[{"width":1600,"height":900,"url":"https:\/\/brasilnoticias.org\/site\/wp-content\/uploads\/2026\/04\/WhatsApp-Image-2026-04-13-at-17.16.48.jpeg","type":"image\/jpeg"}],"author":"Reda\u00e7\u00e3o","twitter_card":"summary_large_image","twitter_misc":{"Escrito por":"Reda\u00e7\u00e3o","Tempo estimado de leitura":"2 minutos"},"schema":{"@context":"https:\/\/schema.org","@graph":[{"@type":"Article","@id":"https:\/\/brasilnoticias.org\/site\/sandro-bahiense-retorna-a-camara-de-salvador-e-promete-reforcar-trabalho-nas-comunidades\/#article","isPartOf":{"@id":"https:\/\/brasilnoticias.org\/site\/sandro-bahiense-retorna-a-camara-de-salvador-e-promete-reforcar-trabalho-nas-comunidades\/"},"author":{"name":"Reda\u00e7\u00e3o","@id":"https:\/\/brasilnoticias.org\/site\/#\/schema\/person\/03bbbfe6c7634ad18c26444ea39049fa"},"headline":"Sandro Bahiense retorna \u00e0 C\u00e2mara de Salvador e promete refor\u00e7ar trabalho nas comunidades","datePublished":"2026-04-14T11:12:05+00:00","mainEntityOfPage":{"@id":"https:\/\/brasilnoticias.org\/site\/sandro-bahiense-retorna-a-camara-de-salvador-e-promete-reforcar-trabalho-nas-comunidades\/"},"wordCount":356,"commentCount":0,"publisher":{"@id":"https:\/\/brasilnoticias.org\/site\/#organization"},"image":{"@id":"https:\/\/brasilnoticias.org\/site\/sandro-bahiense-retorna-a-camara-de-salvador-e-promete-reforcar-trabalho-nas-comunidades\/#primaryimage"},"thumbnailUrl":"https:\/\/brasilnoticias.org\/site\/wp-content\/uploads\/2026\/04\/WhatsApp-Image-2026-04-13-at-17.16.48.jpeg","articleSection":["Pol\u00edtica","\u00daltimas"],"inLanguage":"pt-PT","potentialAction":[{"@type":"CommentAction","name":"Comment","target":["https:\/\/brasilnoticias.org\/site\/sandro-bahiense-retorna-a-camara-de-salvador-e-promete-reforcar-trabalho-nas-comunidades\/#respond"]}]},{"@type":"WebPage","@id":"https:\/\/brasilnoticias.org\/site\/sandro-bahiense-retorna-a-camara-de-salvador-e-promete-reforcar-trabalho-nas-comunidades\/","url":"https:\/\/brasilnoticias.org\/site\/sandro-bahiense-retorna-a-camara-de-salvador-e-promete-reforcar-trabalho-nas-comunidades\/","name":"Sandro Bahiense retorna \u00e0 C\u00e2mara de Salvador e promete refor\u00e7ar trabalho nas comunidades - Brasil not\u00edcias","isPartOf":{"@id":"https:\/\/brasilnoticias.org\/site\/#website"},"primaryImageOfPage":{"@id":"https:\/\/brasilnoticias.org\/site\/sandro-bahiense-retorna-a-camara-de-salvador-e-promete-reforcar-trabalho-nas-comunidades\/#primaryimage"},"image":{"@id":"https:\/\/brasilnoticias.org\/site\/sandro-bahiense-retorna-a-camara-de-salvador-e-promete-reforcar-trabalho-nas-comunidades\/#primaryimage"},"thumbnailUrl":"https:\/\/brasilnoticias.org\/site\/wp-content\/uploads\/2026\/04\/WhatsApp-Image-2026-04-13-at-17.16.48.jpeg","datePublished":"2026-04-14T11:12:05+00:00","breadcrumb":{"@id":"https:\/\/brasilnoticias.org\/site\/sandro-bahiense-retorna-a-camara-de-salvador-e-promete-reforcar-trabalho-nas-comunidades\/#breadcrumb"},"inLanguage":"pt-PT","potentialAction":[{"@type":"ReadAction","target":["https:\/\/brasilnoticias.org\/site\/sandro-bahiense-retorna-a-camara-de-salvador-e-promete-reforcar-trabalho-nas-comunidades\/"]}]},{"@type":"ImageObject","inLanguage":"pt-PT","@id":"https:\/\/brasilnoticias.org\/site\/sandro-bahiense-retorna-a-camara-de-salvador-e-promete-reforcar-trabalho-nas-comunidades\/#primaryimage","url":"https:\/\/brasilnoticias.org\/site\/wp-content\/uploads\/2026\/04\/WhatsApp-Image-2026-04-13-at-17.16.48.jpeg","contentUrl":"https:\/\/brasilnoticias.org\/site\/wp-content\/uploads\/2026\/04\/WhatsApp-Image-2026-04-13-at-17.16.48.jpeg","width":1600,"height":900,"caption":"Foto: Evil\u00e1sio J\u00fanior"},{"@type":"BreadcrumbList","@id":"https:\/\/brasilnoticias.org\/site\/sandro-bahiense-retorna-a-camara-de-salvador-e-promete-reforcar-trabalho-nas-comunidades\/#breadcrumb","itemListElement":[{"@type":"ListItem","position":1,"name":"In\u00edcio","item":"https:\/\/brasilnoticias.org\/site\/"},{"@type":"ListItem","position":2,"name":"Sandro Bahiense retorna \u00e0 C\u00e2mara de Salvador e promete refor\u00e7ar trabalho nas comunidades"}]},{"@type":"WebSite","@id":"https:\/\/brasilnoticias.org\/site\/#website","url":"https:\/\/brasilnoticias.org\/site\/","name":"Brasil not\u00edcias","description":"Brasil not\u00edcias","publisher":{"@id":"https:\/\/brasilnoticias.org\/site\/#organization"},"potentialAction":[{"@type":"SearchAction","target":{"@type":"EntryPoint","urlTemplate":"https:\/\/brasilnoticias.org\/site\/?s={search_term_string}"},"query-input":{"@type":"PropertyValueSpecification","valueRequired":true,"valueName":"search_term_string"}}],"inLanguage":"pt-PT"},{"@type":"Organization","@id":"https:\/\/brasilnoticias.org\/site\/#organization","name":"Brasil not\u00edcias","url":"https:\/\/brasilnoticias.org\/site\/","logo":{"@type":"ImageObject","inLanguage":"pt-PT","@id":"https:\/\/brasilnoticias.org\/site\/#\/schema\/logo\/image\/","url":"https:\/\/brasilnoticias.org\/site\/wp-content\/uploads\/2022\/05\/cropped-brasilnoticias-mini.jpg","contentUrl":"https:\/\/brasilnoticias.org\/site\/wp-content\/uploads\/2022\/05\/cropped-brasilnoticias-mini.jpg","width":314,"height":86,"caption":"Brasil not\u00edcias"},"image":{"@id":"https:\/\/brasilnoticias.org\/site\/#\/schema\/logo\/image\/"}},{"@type":"Person","@id":"https:\/\/brasilnoticias.org\/site\/#\/schema\/person\/03bbbfe6c7634ad18c26444ea39049fa","name":"Reda\u00e7\u00e3o","image":{"@type":"ImageObject","inLanguage":"pt-PT","@id":"https:\/\/brasilnoticias.org\/site\/#\/schema\/person\/image\/","url":"https:\/\/secure.gravatar.com\/avatar\/9ecaf7327a696cb23ad926fedded5f1f04d7049de9e445375d55b48c001a6e42?s=96&d=mm&r=g","contentUrl":"https:\/\/secure.gravatar.com\/avatar\/9ecaf7327a696cb23ad926fedded5f1f04d7049de9e445375d55b48c001a6e42?s=96&d=mm&r=g","caption":"Reda\u00e7\u00e3o"},"url":"https:\/\/brasilnoticias.org\/site\/author\/henrique\/"}]}},"_links":{"self":[{"href":"https:\/\/brasilnoticias.org\/site\/wp-json\/wp\/v2\/posts\/21532","targetHints":{"allow":["GET"]}}],"collection":[{"href":"https:\/\/brasilnoticias.org\/site\/wp-json\/wp\/v2\/posts"}],"about":[{"href":"https:\/\/brasilnoticias.org\/site\/wp-json\/wp\/v2\/types\/post"}],"author":[{"embeddable":true,"href":"https:\/\/brasilnoticias.org\/site\/wp-json\/wp\/v2\/users\/4"}],"replies":[{"embeddable":true,"href":"https:\/\/brasilnoticias.org\/site\/wp-json\/wp\/v2\/comments?post=21532"}],"version-history":[{"count":1,"href":"https:\/\/brasilnoticias.org\/site\/wp-json\/wp\/v2\/posts\/21532\/revisions"}],"predecessor-version":[{"id":21534,"href":"https:\/\/brasilnoticias.org\/site\/wp-json\/wp\/v2\/posts\/21532\/revisions\/21534"}],"wp:featuredmedia":[{"embeddable":true,"href":"https:\/\/brasilnoticias.org\/site\/wp-json\/wp\/v2\/media\/21533"}],"wp:attachment":[{"href":"https:\/\/brasilnoticias.org\/site\/wp-json\/wp\/v2\/media?parent=21532"}],"wp:term":[{"taxonomy":"category","embeddable":true,"href":"https:\/\/brasilnoticias.org\/site\/wp-json\/wp\/v2\/categories?post=21532"},{"taxonomy":"post_tag","embeddable":true,"href":"https:\/\/brasilnoticias.org\/site\/wp-json\/wp\/v2\/tags?post=21532"}],"curies":[{"name":"wp","href":"https:\/\/api.w.org\/{rel}","templated":true}]}}