{"id":21535,"date":"2026-04-14T08:20:39","date_gmt":"2026-04-14T11:20:39","guid":{"rendered":"https:\/\/brasilnoticias.org\/site\/?p=21535"},"modified":"2026-04-14T08:20:39","modified_gmt":"2026-04-14T11:20:39","slug":"luiz-carlos-ve-acm-neto-ao-lado-de-caiado-e-diz-ser-muito-dificil-apoio-a-flavio-bolsonaro","status":"publish","type":"post","link":"https:\/\/brasilnoticias.org\/site\/luiz-carlos-ve-acm-neto-ao-lado-de-caiado-e-diz-ser-muito-dificil-apoio-a-flavio-bolsonaro\/","title":{"rendered":"Luiz Carlos v\u00ea ACM Neto ao lado de Caiado e diz ser &#8216;muito dif\u00edcil&#8217; apoio a Fl\u00e1vio Bolsonaro"},"content":{"rendered":"<h2 class=\"self-stretch font-sans text-headline-6 font-normal tracking-tight text-neutral-50\">Presidente municipal do Republicanos avalia que ex-prefeito deve manter alian\u00e7a hist\u00f3rica com o ex-governador de Goi\u00e1s, apesar do crescimento do senador nas pesquisas<\/h2>\n<p>&nbsp;<\/p>\n<p>O vereador\u00a0<strong>Luiz Carlos<\/strong>\u00a0afirmou que considera \u201cmuito dif\u00edcil\u201d que o ex-prefeito\u00a0<strong>ACM Neto<\/strong>\u00a0(Uni\u00e3o Brasil) abandone a pr\u00e9-candidatura de\u00a0<strong>Ronaldo Caiado<\/strong>\u00a0(PSD-GO) para apoiar\u00a0<strong>Fl\u00e1vio Bolsonaro<\/strong>\u00a0(PL-RJ) na\u00a0<a href=\"https:\/\/www.blogdovila.com.br\/noticia\/arthur-dilmo\" target=\"_blank\" rel=\"noopener\"><strong>disputa presidencial<\/strong><\/a>.<\/p>\n<p>Na avalia\u00e7\u00e3o do presidente municipal do Republicanos, a rela\u00e7\u00e3o pol\u00edtica e pessoal entre Neto e Caiado pesa mais do que o desempenho do senador nas pesquisas.<\/p>\n<p><strong>\u201cSe a candidatura de Caiado vingar, eu acho muito dif\u00edcil. Caiado tem uma rela\u00e7\u00e3o hist\u00f3rica com a Uni\u00e3o Brasil e essa rela\u00e7\u00e3o com Neto \u00e9 de longas datas\u201d<\/strong>, considerou, em entrevista ao\u00a0<a href=\"https:\/\/www.blogdovila.com.br\/\" target=\"_blank\" rel=\"noopener\"><strong>Blog do Vila<\/strong><\/a>.<\/p>\n<p>O dirigente reconheceu que Fl\u00e1vio tem ganhado espa\u00e7o no cen\u00e1rio nacional, mas avaliou que ACM Neto deve manter coer\u00eancia pol\u00edtica.<\/p>\n<p><strong>\u201cAcho muito dif\u00edcil ele tomar essa decis\u00e3o. Acho que ele deve caminhar com Caiado, at\u00e9 por uma quest\u00e3o de coer\u00eancia pol\u00edtica, de caminhada hist\u00f3rica ao lado dele\u201d<\/strong>, declarou.<\/p>\n<p>Apesar disso, Luiz Carlos acredita que as for\u00e7as da direita poder\u00e3o se reunir em um eventual segundo turno.<\/p>\n<p><strong>\u201cNa elei\u00e7\u00e3o em n\u00edvel nacional normalmente tem dois turnos, e a\u00ed \u00e9 poss\u00edvel que no segundo turno estejamos juntos com o mesmo prop\u00f3sito\u201d<\/strong>, disse.<\/p>\n<p>A declara\u00e7\u00e3o foi dada no mesmo dia em que Luiz Carlos retornou \u00e0 C\u00e2mara Municipal de Salvador. O vereador deixou o comando da Secretaria Municipal de Obras e Infraestrutura (Seinfra) para reassumir o mandato e tamb\u00e9m coordenar a campanha de reelei\u00e7\u00e3o do deputado federal\u00a0<strong>M\u00e1rcio Marinho<\/strong>.<\/p>\n<p>Com a sa\u00edda dele, a Seinfra passou a ser comandada por\u00a0<strong>J\u00falio Santos<\/strong>, que se licenciou do mandato para assumir a pasta.<\/p>\n<p>Ao comentar o retorno ao Legislativo, Luiz Carlos destacou a import\u00e2ncia da C\u00e2mara para a formula\u00e7\u00e3o de pol\u00edticas p\u00fablicas e disse que deve atuar na Comiss\u00e3o de Constitui\u00e7\u00e3o e Justi\u00e7a (CCJ).<\/p>\n<p><strong>\u201c\u00c9 sempre uma alegria voltar a essa Casa. A gente sabe que o Legislativo aponta os caminhos, aprova e fiscaliza\u201d<\/strong>, afirmou.<\/p>\n<p>Ele citou como uma das prioridades o debate sobre o Plano Municipal de Seguran\u00e7a P\u00fablica.<\/p>\n<p><strong>\u201cEmbora seja legalmente uma atribui\u00e7\u00e3o dos governos estaduais, os munic\u00edpios, principalmente Salvador, que tem sido pioneira em implementa\u00e7\u00e3o de pol\u00edticas p\u00fablicas, n\u00e3o podem se furtar desse debate\u201d<\/strong>, disse.\u00a0<strong>\u201c\u00c9 preciso trabalhar para que o munic\u00edpio fa\u00e7a mitigar esses efeitos da viol\u00eancia que cerca a nossa popula\u00e7\u00e3o\u201d<\/strong>, acrescentou.<\/p>\n<p>Foto: <a href=\"https:\/\/www.blogdovila.com.br\/noticia\/luiz-neto\" target=\"_blank\" rel=\"noopener\">Blog do Vila<\/a><\/p>\n","protected":false},"excerpt":{"rendered":"<p>Presidente municipal do Republicanos avalia que ex-prefeito deve manter alian\u00e7a hist\u00f3rica com o ex-governador de Goi\u00e1s, apesar do crescimento do<\/p>\n","protected":false},"author":4,"featured_media":21536,"comment_status":"open","ping_status":"open","sticky":false,"template":"","format":"standard","meta":{"colormag_page_container_layout":"default_layout","colormag_page_sidebar_layout":"default_layout","_FSMCFIC_featured_image_caption":"","_FSMCFIC_featured_image_nocaption":"","_FSMCFIC_featured_image_hide":"","footnotes":""},"categories":[5,1],"tags":[],"class_list":["post-21535","post","type-post","status-publish","format-standard","has-post-thumbnail","hentry","category-politica","category-ultimas"],"yoast_head":"<!-- This site is optimized with the Yoast SEO plugin v27.1.1 - https:\/\/yoast.com\/product\/yoast-seo-wordpress\/ -->\n<title>Luiz Carlos v\u00ea ACM Neto ao lado de Caiado e diz ser &#039;muito dif\u00edcil&#039; apoio a Fl\u00e1vio Bolsonaro - Brasil not\u00edcias<\/title>\n<meta name=\"robots\" content=\"index, follow, max-snippet:-1, max-image-preview:large, max-video-preview:-1\" \/>\n<link rel=\"canonical\" href=\"https:\/\/brasilnoticias.org\/site\/luiz-carlos-ve-acm-neto-ao-lado-de-caiado-e-diz-ser-muito-dificil-apoio-a-flavio-bolsonaro\/\" \/>\n<meta property=\"og:locale\" content=\"pt_PT\" \/>\n<meta property=\"og:type\" content=\"article\" \/>\n<meta property=\"og:title\" content=\"Luiz Carlos v\u00ea ACM Neto ao lado de Caiado e diz ser &#039;muito dif\u00edcil&#039; apoio a Fl\u00e1vio Bolsonaro - Brasil not\u00edcias\" \/>\n<meta property=\"og:description\" content=\"Presidente municipal do Republicanos avalia que ex-prefeito deve manter alian\u00e7a hist\u00f3rica com o ex-governador de Goi\u00e1s, apesar do crescimento do\" \/>\n<meta property=\"og:url\" content=\"https:\/\/brasilnoticias.org\/site\/luiz-carlos-ve-acm-neto-ao-lado-de-caiado-e-diz-ser-muito-dificil-apoio-a-flavio-bolsonaro\/\" \/>\n<meta property=\"og:site_name\" content=\"Brasil not\u00edcias\" \/>\n<meta property=\"article:published_time\" content=\"2026-04-14T11:20:39+00:00\" \/>\n<meta property=\"og:image\" content=\"https:\/\/brasilnoticias.org\/site\/wp-content\/uploads\/2026\/04\/WhatsApp-Image-2026-04-13-at-17.16.48-1-1.jpeg\" \/>\n\t<meta property=\"og:image:width\" content=\"1600\" \/>\n\t<meta property=\"og:image:height\" content=\"900\" \/>\n\t<meta property=\"og:image:type\" content=\"image\/jpeg\" \/>\n<meta name=\"author\" content=\"Reda\u00e7\u00e3o\" \/>\n<meta name=\"twitter:card\" content=\"summary_large_image\" \/>\n<meta name=\"twitter:label1\" content=\"Escrito por\" \/>\n\t<meta name=\"twitter:data1\" content=\"Reda\u00e7\u00e3o\" \/>\n\t<meta name=\"twitter:label2\" content=\"Tempo estimado de leitura\" \/>\n\t<meta name=\"twitter:data2\" content=\"3 minutos\" \/>\n<script type=\"application\/ld+json\" class=\"yoast-schema-graph\">{\"@context\":\"https:\/\/schema.org\",\"@graph\":[{\"@type\":\"Article\",\"@id\":\"https:\/\/brasilnoticias.org\/site\/luiz-carlos-ve-acm-neto-ao-lado-de-caiado-e-diz-ser-muito-dificil-apoio-a-flavio-bolsonaro\/#article\",\"isPartOf\":{\"@id\":\"https:\/\/brasilnoticias.org\/site\/luiz-carlos-ve-acm-neto-ao-lado-de-caiado-e-diz-ser-muito-dificil-apoio-a-flavio-bolsonaro\/\"},\"author\":{\"name\":\"Reda\u00e7\u00e3o\",\"@id\":\"https:\/\/brasilnoticias.org\/site\/#\/schema\/person\/03bbbfe6c7634ad18c26444ea39049fa\"},\"headline\":\"Luiz Carlos v\u00ea ACM Neto ao lado de Caiado e diz ser &#8216;muito dif\u00edcil&#8217; apoio a Fl\u00e1vio Bolsonaro\",\"datePublished\":\"2026-04-14T11:20:39+00:00\",\"mainEntityOfPage\":{\"@id\":\"https:\/\/brasilnoticias.org\/site\/luiz-carlos-ve-acm-neto-ao-lado-de-caiado-e-diz-ser-muito-dificil-apoio-a-flavio-bolsonaro\/\"},\"wordCount\":466,\"commentCount\":0,\"publisher\":{\"@id\":\"https:\/\/brasilnoticias.org\/site\/#organization\"},\"image\":{\"@id\":\"https:\/\/brasilnoticias.org\/site\/luiz-carlos-ve-acm-neto-ao-lado-de-caiado-e-diz-ser-muito-dificil-apoio-a-flavio-bolsonaro\/#primaryimage\"},\"thumbnailUrl\":\"https:\/\/brasilnoticias.org\/site\/wp-content\/uploads\/2026\/04\/WhatsApp-Image-2026-04-13-at-17.16.48-1-1.jpeg\",\"articleSection\":[\"Pol\u00edtica\",\"\u00daltimas\"],\"inLanguage\":\"pt-PT\",\"potentialAction\":[{\"@type\":\"CommentAction\",\"name\":\"Comment\",\"target\":[\"https:\/\/brasilnoticias.org\/site\/luiz-carlos-ve-acm-neto-ao-lado-de-caiado-e-diz-ser-muito-dificil-apoio-a-flavio-bolsonaro\/#respond\"]}]},{\"@type\":\"WebPage\",\"@id\":\"https:\/\/brasilnoticias.org\/site\/luiz-carlos-ve-acm-neto-ao-lado-de-caiado-e-diz-ser-muito-dificil-apoio-a-flavio-bolsonaro\/\",\"url\":\"https:\/\/brasilnoticias.org\/site\/luiz-carlos-ve-acm-neto-ao-lado-de-caiado-e-diz-ser-muito-dificil-apoio-a-flavio-bolsonaro\/\",\"name\":\"Luiz Carlos v\u00ea ACM Neto ao lado de Caiado e diz ser 'muito dif\u00edcil' apoio a Fl\u00e1vio Bolsonaro - Brasil not\u00edcias\",\"isPartOf\":{\"@id\":\"https:\/\/brasilnoticias.org\/site\/#website\"},\"primaryImageOfPage\":{\"@id\":\"https:\/\/brasilnoticias.org\/site\/luiz-carlos-ve-acm-neto-ao-lado-de-caiado-e-diz-ser-muito-dificil-apoio-a-flavio-bolsonaro\/#primaryimage\"},\"image\":{\"@id\":\"https:\/\/brasilnoticias.org\/site\/luiz-carlos-ve-acm-neto-ao-lado-de-caiado-e-diz-ser-muito-dificil-apoio-a-flavio-bolsonaro\/#primaryimage\"},\"thumbnailUrl\":\"https:\/\/brasilnoticias.org\/site\/wp-content\/uploads\/2026\/04\/WhatsApp-Image-2026-04-13-at-17.16.48-1-1.jpeg\",\"datePublished\":\"2026-04-14T11:20:39+00:00\",\"breadcrumb\":{\"@id\":\"https:\/\/brasilnoticias.org\/site\/luiz-carlos-ve-acm-neto-ao-lado-de-caiado-e-diz-ser-muito-dificil-apoio-a-flavio-bolsonaro\/#breadcrumb\"},\"inLanguage\":\"pt-PT\",\"potentialAction\":[{\"@type\":\"ReadAction\",\"target\":[\"https:\/\/brasilnoticias.org\/site\/luiz-carlos-ve-acm-neto-ao-lado-de-caiado-e-diz-ser-muito-dificil-apoio-a-flavio-bolsonaro\/\"]}]},{\"@type\":\"ImageObject\",\"inLanguage\":\"pt-PT\",\"@id\":\"https:\/\/brasilnoticias.org\/site\/luiz-carlos-ve-acm-neto-ao-lado-de-caiado-e-diz-ser-muito-dificil-apoio-a-flavio-bolsonaro\/#primaryimage\",\"url\":\"https:\/\/brasilnoticias.org\/site\/wp-content\/uploads\/2026\/04\/WhatsApp-Image-2026-04-13-at-17.16.48-1-1.jpeg\",\"contentUrl\":\"https:\/\/brasilnoticias.org\/site\/wp-content\/uploads\/2026\/04\/WhatsApp-Image-2026-04-13-at-17.16.48-1-1.jpeg\",\"width\":1600,\"height\":900,\"caption\":\"Foto: Evil\u00e1sio J\u00fanior\"},{\"@type\":\"BreadcrumbList\",\"@id\":\"https:\/\/brasilnoticias.org\/site\/luiz-carlos-ve-acm-neto-ao-lado-de-caiado-e-diz-ser-muito-dificil-apoio-a-flavio-bolsonaro\/#breadcrumb\",\"itemListElement\":[{\"@type\":\"ListItem\",\"position\":1,\"name\":\"In\u00edcio\",\"item\":\"https:\/\/brasilnoticias.org\/site\/\"},{\"@type\":\"ListItem\",\"position\":2,\"name\":\"Luiz Carlos v\u00ea ACM Neto ao lado de Caiado e diz ser &#8216;muito dif\u00edcil&#8217; apoio a Fl\u00e1vio Bolsonaro\"}]},{\"@type\":\"WebSite\",\"@id\":\"https:\/\/brasilnoticias.org\/site\/#website\",\"url\":\"https:\/\/brasilnoticias.org\/site\/\",\"name\":\"Brasil not\u00edcias\",\"description\":\"Brasil not\u00edcias\",\"publisher\":{\"@id\":\"https:\/\/brasilnoticias.org\/site\/#organization\"},\"potentialAction\":[{\"@type\":\"SearchAction\",\"target\":{\"@type\":\"EntryPoint\",\"urlTemplate\":\"https:\/\/brasilnoticias.org\/site\/?s={search_term_string}\"},\"query-input\":{\"@type\":\"PropertyValueSpecification\",\"valueRequired\":true,\"valueName\":\"search_term_string\"}}],\"inLanguage\":\"pt-PT\"},{\"@type\":\"Organization\",\"@id\":\"https:\/\/brasilnoticias.org\/site\/#organization\",\"name\":\"Brasil not\u00edcias\",\"url\":\"https:\/\/brasilnoticias.org\/site\/\",\"logo\":{\"@type\":\"ImageObject\",\"inLanguage\":\"pt-PT\",\"@id\":\"https:\/\/brasilnoticias.org\/site\/#\/schema\/logo\/image\/\",\"url\":\"https:\/\/brasilnoticias.org\/site\/wp-content\/uploads\/2022\/05\/cropped-brasilnoticias-mini.jpg\",\"contentUrl\":\"https:\/\/brasilnoticias.org\/site\/wp-content\/uploads\/2022\/05\/cropped-brasilnoticias-mini.jpg\",\"width\":314,\"height\":86,\"caption\":\"Brasil not\u00edcias\"},\"image\":{\"@id\":\"https:\/\/brasilnoticias.org\/site\/#\/schema\/logo\/image\/\"}},{\"@type\":\"Person\",\"@id\":\"https:\/\/brasilnoticias.org\/site\/#\/schema\/person\/03bbbfe6c7634ad18c26444ea39049fa\",\"name\":\"Reda\u00e7\u00e3o\",\"image\":{\"@type\":\"ImageObject\",\"inLanguage\":\"pt-PT\",\"@id\":\"https:\/\/brasilnoticias.org\/site\/#\/schema\/person\/image\/\",\"url\":\"https:\/\/secure.gravatar.com\/avatar\/9ecaf7327a696cb23ad926fedded5f1f04d7049de9e445375d55b48c001a6e42?s=96&d=mm&r=g\",\"contentUrl\":\"https:\/\/secure.gravatar.com\/avatar\/9ecaf7327a696cb23ad926fedded5f1f04d7049de9e445375d55b48c001a6e42?s=96&d=mm&r=g\",\"caption\":\"Reda\u00e7\u00e3o\"},\"url\":\"https:\/\/brasilnoticias.org\/site\/author\/henrique\/\"}]}<\/script>\n<!-- \/ Yoast SEO plugin. -->","yoast_head_json":{"title":"Luiz Carlos v\u00ea ACM Neto ao lado de Caiado e diz ser 'muito dif\u00edcil' apoio a Fl\u00e1vio Bolsonaro - Brasil not\u00edcias","robots":{"index":"index","follow":"follow","max-snippet":"max-snippet:-1","max-image-preview":"max-image-preview:large","max-video-preview":"max-video-preview:-1"},"canonical":"https:\/\/brasilnoticias.org\/site\/luiz-carlos-ve-acm-neto-ao-lado-de-caiado-e-diz-ser-muito-dificil-apoio-a-flavio-bolsonaro\/","og_locale":"pt_PT","og_type":"article","og_title":"Luiz Carlos v\u00ea ACM Neto ao lado de Caiado e diz ser 'muito dif\u00edcil' apoio a Fl\u00e1vio Bolsonaro - Brasil not\u00edcias","og_description":"Presidente municipal do Republicanos avalia que ex-prefeito deve manter alian\u00e7a hist\u00f3rica com o ex-governador de Goi\u00e1s, apesar do crescimento do","og_url":"https:\/\/brasilnoticias.org\/site\/luiz-carlos-ve-acm-neto-ao-lado-de-caiado-e-diz-ser-muito-dificil-apoio-a-flavio-bolsonaro\/","og_site_name":"Brasil not\u00edcias","article_published_time":"2026-04-14T11:20:39+00:00","og_image":[{"width":1600,"height":900,"url":"https:\/\/brasilnoticias.org\/site\/wp-content\/uploads\/2026\/04\/WhatsApp-Image-2026-04-13-at-17.16.48-1-1.jpeg","type":"image\/jpeg"}],"author":"Reda\u00e7\u00e3o","twitter_card":"summary_large_image","twitter_misc":{"Escrito por":"Reda\u00e7\u00e3o","Tempo estimado de leitura":"3 minutos"},"schema":{"@context":"https:\/\/schema.org","@graph":[{"@type":"Article","@id":"https:\/\/brasilnoticias.org\/site\/luiz-carlos-ve-acm-neto-ao-lado-de-caiado-e-diz-ser-muito-dificil-apoio-a-flavio-bolsonaro\/#article","isPartOf":{"@id":"https:\/\/brasilnoticias.org\/site\/luiz-carlos-ve-acm-neto-ao-lado-de-caiado-e-diz-ser-muito-dificil-apoio-a-flavio-bolsonaro\/"},"author":{"name":"Reda\u00e7\u00e3o","@id":"https:\/\/brasilnoticias.org\/site\/#\/schema\/person\/03bbbfe6c7634ad18c26444ea39049fa"},"headline":"Luiz Carlos v\u00ea ACM Neto ao lado de Caiado e diz ser &#8216;muito dif\u00edcil&#8217; apoio a Fl\u00e1vio Bolsonaro","datePublished":"2026-04-14T11:20:39+00:00","mainEntityOfPage":{"@id":"https:\/\/brasilnoticias.org\/site\/luiz-carlos-ve-acm-neto-ao-lado-de-caiado-e-diz-ser-muito-dificil-apoio-a-flavio-bolsonaro\/"},"wordCount":466,"commentCount":0,"publisher":{"@id":"https:\/\/brasilnoticias.org\/site\/#organization"},"image":{"@id":"https:\/\/brasilnoticias.org\/site\/luiz-carlos-ve-acm-neto-ao-lado-de-caiado-e-diz-ser-muito-dificil-apoio-a-flavio-bolsonaro\/#primaryimage"},"thumbnailUrl":"https:\/\/brasilnoticias.org\/site\/wp-content\/uploads\/2026\/04\/WhatsApp-Image-2026-04-13-at-17.16.48-1-1.jpeg","articleSection":["Pol\u00edtica","\u00daltimas"],"inLanguage":"pt-PT","potentialAction":[{"@type":"CommentAction","name":"Comment","target":["https:\/\/brasilnoticias.org\/site\/luiz-carlos-ve-acm-neto-ao-lado-de-caiado-e-diz-ser-muito-dificil-apoio-a-flavio-bolsonaro\/#respond"]}]},{"@type":"WebPage","@id":"https:\/\/brasilnoticias.org\/site\/luiz-carlos-ve-acm-neto-ao-lado-de-caiado-e-diz-ser-muito-dificil-apoio-a-flavio-bolsonaro\/","url":"https:\/\/brasilnoticias.org\/site\/luiz-carlos-ve-acm-neto-ao-lado-de-caiado-e-diz-ser-muito-dificil-apoio-a-flavio-bolsonaro\/","name":"Luiz Carlos v\u00ea ACM Neto ao lado de Caiado e diz ser 'muito dif\u00edcil' apoio a Fl\u00e1vio Bolsonaro - Brasil not\u00edcias","isPartOf":{"@id":"https:\/\/brasilnoticias.org\/site\/#website"},"primaryImageOfPage":{"@id":"https:\/\/brasilnoticias.org\/site\/luiz-carlos-ve-acm-neto-ao-lado-de-caiado-e-diz-ser-muito-dificil-apoio-a-flavio-bolsonaro\/#primaryimage"},"image":{"@id":"https:\/\/brasilnoticias.org\/site\/luiz-carlos-ve-acm-neto-ao-lado-de-caiado-e-diz-ser-muito-dificil-apoio-a-flavio-bolsonaro\/#primaryimage"},"thumbnailUrl":"https:\/\/brasilnoticias.org\/site\/wp-content\/uploads\/2026\/04\/WhatsApp-Image-2026-04-13-at-17.16.48-1-1.jpeg","datePublished":"2026-04-14T11:20:39+00:00","breadcrumb":{"@id":"https:\/\/brasilnoticias.org\/site\/luiz-carlos-ve-acm-neto-ao-lado-de-caiado-e-diz-ser-muito-dificil-apoio-a-flavio-bolsonaro\/#breadcrumb"},"inLanguage":"pt-PT","potentialAction":[{"@type":"ReadAction","target":["https:\/\/brasilnoticias.org\/site\/luiz-carlos-ve-acm-neto-ao-lado-de-caiado-e-diz-ser-muito-dificil-apoio-a-flavio-bolsonaro\/"]}]},{"@type":"ImageObject","inLanguage":"pt-PT","@id":"https:\/\/brasilnoticias.org\/site\/luiz-carlos-ve-acm-neto-ao-lado-de-caiado-e-diz-ser-muito-dificil-apoio-a-flavio-bolsonaro\/#primaryimage","url":"https:\/\/brasilnoticias.org\/site\/wp-content\/uploads\/2026\/04\/WhatsApp-Image-2026-04-13-at-17.16.48-1-1.jpeg","contentUrl":"https:\/\/brasilnoticias.org\/site\/wp-content\/uploads\/2026\/04\/WhatsApp-Image-2026-04-13-at-17.16.48-1-1.jpeg","width":1600,"height":900,"caption":"Foto: Evil\u00e1sio J\u00fanior"},{"@type":"BreadcrumbList","@id":"https:\/\/brasilnoticias.org\/site\/luiz-carlos-ve-acm-neto-ao-lado-de-caiado-e-diz-ser-muito-dificil-apoio-a-flavio-bolsonaro\/#breadcrumb","itemListElement":[{"@type":"ListItem","position":1,"name":"In\u00edcio","item":"https:\/\/brasilnoticias.org\/site\/"},{"@type":"ListItem","position":2,"name":"Luiz Carlos v\u00ea ACM Neto ao lado de Caiado e diz ser &#8216;muito dif\u00edcil&#8217; apoio a Fl\u00e1vio Bolsonaro"}]},{"@type":"WebSite","@id":"https:\/\/brasilnoticias.org\/site\/#website","url":"https:\/\/brasilnoticias.org\/site\/","name":"Brasil not\u00edcias","description":"Brasil not\u00edcias","publisher":{"@id":"https:\/\/brasilnoticias.org\/site\/#organization"},"potentialAction":[{"@type":"SearchAction","target":{"@type":"EntryPoint","urlTemplate":"https:\/\/brasilnoticias.org\/site\/?s={search_term_string}"},"query-input":{"@type":"PropertyValueSpecification","valueRequired":true,"valueName":"search_term_string"}}],"inLanguage":"pt-PT"},{"@type":"Organization","@id":"https:\/\/brasilnoticias.org\/site\/#organization","name":"Brasil not\u00edcias","url":"https:\/\/brasilnoticias.org\/site\/","logo":{"@type":"ImageObject","inLanguage":"pt-PT","@id":"https:\/\/brasilnoticias.org\/site\/#\/schema\/logo\/image\/","url":"https:\/\/brasilnoticias.org\/site\/wp-content\/uploads\/2022\/05\/cropped-brasilnoticias-mini.jpg","contentUrl":"https:\/\/brasilnoticias.org\/site\/wp-content\/uploads\/2022\/05\/cropped-brasilnoticias-mini.jpg","width":314,"height":86,"caption":"Brasil not\u00edcias"},"image":{"@id":"https:\/\/brasilnoticias.org\/site\/#\/schema\/logo\/image\/"}},{"@type":"Person","@id":"https:\/\/brasilnoticias.org\/site\/#\/schema\/person\/03bbbfe6c7634ad18c26444ea39049fa","name":"Reda\u00e7\u00e3o","image":{"@type":"ImageObject","inLanguage":"pt-PT","@id":"https:\/\/brasilnoticias.org\/site\/#\/schema\/person\/image\/","url":"https:\/\/secure.gravatar.com\/avatar\/9ecaf7327a696cb23ad926fedded5f1f04d7049de9e445375d55b48c001a6e42?s=96&d=mm&r=g","contentUrl":"https:\/\/secure.gravatar.com\/avatar\/9ecaf7327a696cb23ad926fedded5f1f04d7049de9e445375d55b48c001a6e42?s=96&d=mm&r=g","caption":"Reda\u00e7\u00e3o"},"url":"https:\/\/brasilnoticias.org\/site\/author\/henrique\/"}]}},"_links":{"self":[{"href":"https:\/\/brasilnoticias.org\/site\/wp-json\/wp\/v2\/posts\/21535","targetHints":{"allow":["GET"]}}],"collection":[{"href":"https:\/\/brasilnoticias.org\/site\/wp-json\/wp\/v2\/posts"}],"about":[{"href":"https:\/\/brasilnoticias.org\/site\/wp-json\/wp\/v2\/types\/post"}],"author":[{"embeddable":true,"href":"https:\/\/brasilnoticias.org\/site\/wp-json\/wp\/v2\/users\/4"}],"replies":[{"embeddable":true,"href":"https:\/\/brasilnoticias.org\/site\/wp-json\/wp\/v2\/comments?post=21535"}],"version-history":[{"count":1,"href":"https:\/\/brasilnoticias.org\/site\/wp-json\/wp\/v2\/posts\/21535\/revisions"}],"predecessor-version":[{"id":21537,"href":"https:\/\/brasilnoticias.org\/site\/wp-json\/wp\/v2\/posts\/21535\/revisions\/21537"}],"wp:featuredmedia":[{"embeddable":true,"href":"https:\/\/brasilnoticias.org\/site\/wp-json\/wp\/v2\/media\/21536"}],"wp:attachment":[{"href":"https:\/\/brasilnoticias.org\/site\/wp-json\/wp\/v2\/media?parent=21535"}],"wp:term":[{"taxonomy":"category","embeddable":true,"href":"https:\/\/brasilnoticias.org\/site\/wp-json\/wp\/v2\/categories?post=21535"},{"taxonomy":"post_tag","embeddable":true,"href":"https:\/\/brasilnoticias.org\/site\/wp-json\/wp\/v2\/tags?post=21535"}],"curies":[{"name":"wp","href":"https:\/\/api.w.org\/{rel}","templated":true}]}}