{"id":2154,"date":"2022-11-15T07:10:51","date_gmt":"2022-11-15T10:10:51","guid":{"rendered":"https:\/\/brasilnoticias.org\/site\/?p=2154"},"modified":"2022-11-14T21:07:08","modified_gmt":"2022-11-15T00:07:08","slug":"ipva-das-placas-de-finais-9-e-0-vence-no-fim-do-mes-veja-prazo","status":"publish","type":"post","link":"https:\/\/brasilnoticias.org\/site\/ipva-das-placas-de-finais-9-e-0-vence-no-fim-do-mes-veja-prazo\/","title":{"rendered":"IPVA das placas de finais 9 e 0 vence no fim do m\u00eas; veja prazo"},"content":{"rendered":"<div id=\"content\" class=\"clearfix\">\n<article id=\"post-4935\" class=\"post-4935 post type-post status-publish format-standard has-post-thumbnail hentry category-noticias category-ultimas\">\n<div class=\"article-content clearfix\">\n<div class=\"entry-content clearfix\">\n<p>Propriet\u00e1rios de ve\u00edculos com placas de finais 9 e 0 tem at\u00e9 o fim de novembro para fazer o pagamento da \u00faltima parcela do Imposto sobre a Propriedade de Ve\u00edculos Automotores (IPVA). O fim do prazo est\u00e1 marcado para os dias 29 e 30 respectivamente.<\/p>\n<p>O pagamento dever\u00e1 ser feito em uma ag\u00eancia banc\u00e1ria, caixa eletr\u00f4nico, por aplicativo ou pelo site do Banco do Brasil, Bradesco ou Sicoob, bastando apenas apresentar o n\u00famero do Registro Nacional de Ve\u00edculos Automotores (Renavam).<\/p>\n<p>De acordo com a Secretaria da Fazenda do Estado (Sefaz-BA), os ve\u00edculos com placas de finais 1, 2, 3 e 4 que n\u00e3o efetuaram o pagamento do imposto j\u00e1 foram notificados.<\/p>\n<p>Neste caso, para quitar o licenciamento, o contribuinte deve primeiro pagar o IPVA notificado e, s\u00f3 ap\u00f3s a quita\u00e7\u00e3o, \u00e9 poss\u00edvel emitir o Certificado de Registro e Licenciamento de Ve\u00edculo Eletr\u00f4nico (CRLV-e), emitido pelo SAC Digital.<\/p>\n<p>O calend\u00e1rio de pagamento do IPVA est\u00e1 dispon\u00edvel no site da Sefaz-BA, no Canal Inspetoria Eletr\u00f4nica \u2013 IPVA \u2013 Calend\u00e1rio. Para mais informa\u00e7\u00f5es, o contribuinte pode entrar em contato com o n\u00famero 0800 071 0071 ou enviar e-mail para faleconosco@sefaz.ba.gov.br.<\/p>\n<p>Foto: Bruno Concha\/Secom<\/p>\n<p>Por: Metro1<\/p>\n<\/div>\n<\/div>\n<\/article>\n<\/div>\n","protected":false},"excerpt":{"rendered":"<p>Propriet\u00e1rios de ve\u00edculos com placas de finais 9 e 0 tem at\u00e9 o fim de novembro para fazer o pagamento<\/p>\n","protected":false},"author":1,"featured_media":2155,"comment_status":"open","ping_status":"open","sticky":false,"template":"","format":"standard","meta":{"colormag_page_container_layout":"default_layout","colormag_page_sidebar_layout":"default_layout","_FSMCFIC_featured_image_caption":"","_FSMCFIC_featured_image_nocaption":"","_FSMCFIC_featured_image_hide":"","footnotes":""},"categories":[2,1],"tags":[],"class_list":["post-2154","post","type-post","status-publish","format-standard","has-post-thumbnail","hentry","category-noticias","category-ultimas"],"yoast_head":"<!-- This site is optimized with the Yoast SEO plugin v27.1.1 - https:\/\/yoast.com\/product\/yoast-seo-wordpress\/ -->\n<title>IPVA das placas de finais 9 e 0 vence no fim do m\u00eas; veja prazo - Brasil not\u00edcias<\/title>\n<meta name=\"robots\" content=\"index, follow, max-snippet:-1, max-image-preview:large, max-video-preview:-1\" \/>\n<link rel=\"canonical\" href=\"https:\/\/brasilnoticias.org\/site\/ipva-das-placas-de-finais-9-e-0-vence-no-fim-do-mes-veja-prazo\/\" \/>\n<meta property=\"og:locale\" content=\"pt_PT\" \/>\n<meta property=\"og:type\" content=\"article\" \/>\n<meta property=\"og:title\" content=\"IPVA das placas de finais 9 e 0 vence no fim do m\u00eas; veja prazo - Brasil not\u00edcias\" \/>\n<meta property=\"og:description\" content=\"Propriet\u00e1rios de ve\u00edculos com placas de finais 9 e 0 tem at\u00e9 o fim de novembro para fazer o pagamento\" \/>\n<meta property=\"og:url\" content=\"https:\/\/brasilnoticias.org\/site\/ipva-das-placas-de-finais-9-e-0-vence-no-fim-do-mes-veja-prazo\/\" \/>\n<meta property=\"og:site_name\" content=\"Brasil not\u00edcias\" \/>\n<meta property=\"article:published_time\" content=\"2022-11-15T10:10:51+00:00\" \/>\n<meta property=\"og:image\" content=\"https:\/\/brasilnoticias.org\/site\/wp-content\/uploads\/2022\/11\/130371ipva-das-placas-de-finais-9-e-0-vence-no-fim-do-mes-veja-prazo-3-800x445-1.jpg\" \/>\n\t<meta property=\"og:image:width\" content=\"800\" \/>\n\t<meta property=\"og:image:height\" content=\"445\" \/>\n\t<meta property=\"og:image:type\" content=\"image\/jpeg\" \/>\n<meta name=\"author\" content=\"Reda\u00e7\u00e3o\" \/>\n<meta name=\"twitter:card\" content=\"summary_large_image\" \/>\n<meta name=\"twitter:label1\" content=\"Escrito por\" \/>\n\t<meta name=\"twitter:data1\" content=\"Reda\u00e7\u00e3o\" \/>\n\t<meta name=\"twitter:label2\" content=\"Tempo estimado de leitura\" \/>\n\t<meta name=\"twitter:data2\" content=\"1 minuto\" \/>\n<script type=\"application\/ld+json\" class=\"yoast-schema-graph\">{\"@context\":\"https:\/\/schema.org\",\"@graph\":[{\"@type\":\"Article\",\"@id\":\"https:\/\/brasilnoticias.org\/site\/ipva-das-placas-de-finais-9-e-0-vence-no-fim-do-mes-veja-prazo\/#article\",\"isPartOf\":{\"@id\":\"https:\/\/brasilnoticias.org\/site\/ipva-das-placas-de-finais-9-e-0-vence-no-fim-do-mes-veja-prazo\/\"},\"author\":{\"name\":\"Reda\u00e7\u00e3o\",\"@id\":\"https:\/\/brasilnoticias.org\/site\/#\/schema\/person\/a0e05b973ec4d15c658d51911e53507b\"},\"headline\":\"IPVA das placas de finais 9 e 0 vence no fim do m\u00eas; veja prazo\",\"datePublished\":\"2022-11-15T10:10:51+00:00\",\"mainEntityOfPage\":{\"@id\":\"https:\/\/brasilnoticias.org\/site\/ipva-das-placas-de-finais-9-e-0-vence-no-fim-do-mes-veja-prazo\/\"},\"wordCount\":218,\"commentCount\":0,\"publisher\":{\"@id\":\"https:\/\/brasilnoticias.org\/site\/#organization\"},\"image\":{\"@id\":\"https:\/\/brasilnoticias.org\/site\/ipva-das-placas-de-finais-9-e-0-vence-no-fim-do-mes-veja-prazo\/#primaryimage\"},\"thumbnailUrl\":\"https:\/\/brasilnoticias.org\/site\/wp-content\/uploads\/2022\/11\/130371ipva-das-placas-de-finais-9-e-0-vence-no-fim-do-mes-veja-prazo-3-800x445-1.jpg\",\"articleSection\":[\"Not\u00edcias\",\"\u00daltimas\"],\"inLanguage\":\"pt-PT\",\"potentialAction\":[{\"@type\":\"CommentAction\",\"name\":\"Comment\",\"target\":[\"https:\/\/brasilnoticias.org\/site\/ipva-das-placas-de-finais-9-e-0-vence-no-fim-do-mes-veja-prazo\/#respond\"]}]},{\"@type\":\"WebPage\",\"@id\":\"https:\/\/brasilnoticias.org\/site\/ipva-das-placas-de-finais-9-e-0-vence-no-fim-do-mes-veja-prazo\/\",\"url\":\"https:\/\/brasilnoticias.org\/site\/ipva-das-placas-de-finais-9-e-0-vence-no-fim-do-mes-veja-prazo\/\",\"name\":\"IPVA das placas de finais 9 e 0 vence no fim do m\u00eas; veja prazo - Brasil not\u00edcias\",\"isPartOf\":{\"@id\":\"https:\/\/brasilnoticias.org\/site\/#website\"},\"primaryImageOfPage\":{\"@id\":\"https:\/\/brasilnoticias.org\/site\/ipva-das-placas-de-finais-9-e-0-vence-no-fim-do-mes-veja-prazo\/#primaryimage\"},\"image\":{\"@id\":\"https:\/\/brasilnoticias.org\/site\/ipva-das-placas-de-finais-9-e-0-vence-no-fim-do-mes-veja-prazo\/#primaryimage\"},\"thumbnailUrl\":\"https:\/\/brasilnoticias.org\/site\/wp-content\/uploads\/2022\/11\/130371ipva-das-placas-de-finais-9-e-0-vence-no-fim-do-mes-veja-prazo-3-800x445-1.jpg\",\"datePublished\":\"2022-11-15T10:10:51+00:00\",\"breadcrumb\":{\"@id\":\"https:\/\/brasilnoticias.org\/site\/ipva-das-placas-de-finais-9-e-0-vence-no-fim-do-mes-veja-prazo\/#breadcrumb\"},\"inLanguage\":\"pt-PT\",\"potentialAction\":[{\"@type\":\"ReadAction\",\"target\":[\"https:\/\/brasilnoticias.org\/site\/ipva-das-placas-de-finais-9-e-0-vence-no-fim-do-mes-veja-prazo\/\"]}]},{\"@type\":\"ImageObject\",\"inLanguage\":\"pt-PT\",\"@id\":\"https:\/\/brasilnoticias.org\/site\/ipva-das-placas-de-finais-9-e-0-vence-no-fim-do-mes-veja-prazo\/#primaryimage\",\"url\":\"https:\/\/brasilnoticias.org\/site\/wp-content\/uploads\/2022\/11\/130371ipva-das-placas-de-finais-9-e-0-vence-no-fim-do-mes-veja-prazo-3-800x445-1.jpg\",\"contentUrl\":\"https:\/\/brasilnoticias.org\/site\/wp-content\/uploads\/2022\/11\/130371ipva-das-placas-de-finais-9-e-0-vence-no-fim-do-mes-veja-prazo-3-800x445-1.jpg\",\"width\":800,\"height\":445},{\"@type\":\"BreadcrumbList\",\"@id\":\"https:\/\/brasilnoticias.org\/site\/ipva-das-placas-de-finais-9-e-0-vence-no-fim-do-mes-veja-prazo\/#breadcrumb\",\"itemListElement\":[{\"@type\":\"ListItem\",\"position\":1,\"name\":\"In\u00edcio\",\"item\":\"https:\/\/brasilnoticias.org\/site\/\"},{\"@type\":\"ListItem\",\"position\":2,\"name\":\"IPVA das placas de finais 9 e 0 vence no fim do m\u00eas; veja prazo\"}]},{\"@type\":\"WebSite\",\"@id\":\"https:\/\/brasilnoticias.org\/site\/#website\",\"url\":\"https:\/\/brasilnoticias.org\/site\/\",\"name\":\"Brasil not\u00edcias\",\"description\":\"Brasil not\u00edcias\",\"publisher\":{\"@id\":\"https:\/\/brasilnoticias.org\/site\/#organization\"},\"potentialAction\":[{\"@type\":\"SearchAction\",\"target\":{\"@type\":\"EntryPoint\",\"urlTemplate\":\"https:\/\/brasilnoticias.org\/site\/?s={search_term_string}\"},\"query-input\":{\"@type\":\"PropertyValueSpecification\",\"valueRequired\":true,\"valueName\":\"search_term_string\"}}],\"inLanguage\":\"pt-PT\"},{\"@type\":\"Organization\",\"@id\":\"https:\/\/brasilnoticias.org\/site\/#organization\",\"name\":\"Brasil not\u00edcias\",\"url\":\"https:\/\/brasilnoticias.org\/site\/\",\"logo\":{\"@type\":\"ImageObject\",\"inLanguage\":\"pt-PT\",\"@id\":\"https:\/\/brasilnoticias.org\/site\/#\/schema\/logo\/image\/\",\"url\":\"https:\/\/brasilnoticias.org\/site\/wp-content\/uploads\/2022\/05\/cropped-brasilnoticias-mini.jpg\",\"contentUrl\":\"https:\/\/brasilnoticias.org\/site\/wp-content\/uploads\/2022\/05\/cropped-brasilnoticias-mini.jpg\",\"width\":314,\"height\":86,\"caption\":\"Brasil not\u00edcias\"},\"image\":{\"@id\":\"https:\/\/brasilnoticias.org\/site\/#\/schema\/logo\/image\/\"}},{\"@type\":\"Person\",\"@id\":\"https:\/\/brasilnoticias.org\/site\/#\/schema\/person\/a0e05b973ec4d15c658d51911e53507b\",\"name\":\"Reda\u00e7\u00e3o\",\"image\":{\"@type\":\"ImageObject\",\"inLanguage\":\"pt-PT\",\"@id\":\"https:\/\/brasilnoticias.org\/site\/#\/schema\/person\/image\/\",\"url\":\"https:\/\/secure.gravatar.com\/avatar\/75d8b050df2de108b08ae78dfb8e374892df24a383c67db9c46a9c604f6aee9c?s=96&d=mm&r=g\",\"contentUrl\":\"https:\/\/secure.gravatar.com\/avatar\/75d8b050df2de108b08ae78dfb8e374892df24a383c67db9c46a9c604f6aee9c?s=96&d=mm&r=g\",\"caption\":\"Reda\u00e7\u00e3o\"},\"sameAs\":[\"https:\/\/brasilnoticias.org\/site\"],\"url\":\"https:\/\/brasilnoticias.org\/site\/author\/fernandozsngmail-com\/\"}]}<\/script>\n<!-- \/ Yoast SEO plugin. -->","yoast_head_json":{"title":"IPVA das placas de finais 9 e 0 vence no fim do m\u00eas; veja prazo - Brasil not\u00edcias","robots":{"index":"index","follow":"follow","max-snippet":"max-snippet:-1","max-image-preview":"max-image-preview:large","max-video-preview":"max-video-preview:-1"},"canonical":"https:\/\/brasilnoticias.org\/site\/ipva-das-placas-de-finais-9-e-0-vence-no-fim-do-mes-veja-prazo\/","og_locale":"pt_PT","og_type":"article","og_title":"IPVA das placas de finais 9 e 0 vence no fim do m\u00eas; veja prazo - Brasil not\u00edcias","og_description":"Propriet\u00e1rios de ve\u00edculos com placas de finais 9 e 0 tem at\u00e9 o fim de novembro para fazer o pagamento","og_url":"https:\/\/brasilnoticias.org\/site\/ipva-das-placas-de-finais-9-e-0-vence-no-fim-do-mes-veja-prazo\/","og_site_name":"Brasil not\u00edcias","article_published_time":"2022-11-15T10:10:51+00:00","og_image":[{"width":800,"height":445,"url":"https:\/\/brasilnoticias.org\/site\/wp-content\/uploads\/2022\/11\/130371ipva-das-placas-de-finais-9-e-0-vence-no-fim-do-mes-veja-prazo-3-800x445-1.jpg","type":"image\/jpeg"}],"author":"Reda\u00e7\u00e3o","twitter_card":"summary_large_image","twitter_misc":{"Escrito por":"Reda\u00e7\u00e3o","Tempo estimado de leitura":"1 minuto"},"schema":{"@context":"https:\/\/schema.org","@graph":[{"@type":"Article","@id":"https:\/\/brasilnoticias.org\/site\/ipva-das-placas-de-finais-9-e-0-vence-no-fim-do-mes-veja-prazo\/#article","isPartOf":{"@id":"https:\/\/brasilnoticias.org\/site\/ipva-das-placas-de-finais-9-e-0-vence-no-fim-do-mes-veja-prazo\/"},"author":{"name":"Reda\u00e7\u00e3o","@id":"https:\/\/brasilnoticias.org\/site\/#\/schema\/person\/a0e05b973ec4d15c658d51911e53507b"},"headline":"IPVA das placas de finais 9 e 0 vence no fim do m\u00eas; veja prazo","datePublished":"2022-11-15T10:10:51+00:00","mainEntityOfPage":{"@id":"https:\/\/brasilnoticias.org\/site\/ipva-das-placas-de-finais-9-e-0-vence-no-fim-do-mes-veja-prazo\/"},"wordCount":218,"commentCount":0,"publisher":{"@id":"https:\/\/brasilnoticias.org\/site\/#organization"},"image":{"@id":"https:\/\/brasilnoticias.org\/site\/ipva-das-placas-de-finais-9-e-0-vence-no-fim-do-mes-veja-prazo\/#primaryimage"},"thumbnailUrl":"https:\/\/brasilnoticias.org\/site\/wp-content\/uploads\/2022\/11\/130371ipva-das-placas-de-finais-9-e-0-vence-no-fim-do-mes-veja-prazo-3-800x445-1.jpg","articleSection":["Not\u00edcias","\u00daltimas"],"inLanguage":"pt-PT","potentialAction":[{"@type":"CommentAction","name":"Comment","target":["https:\/\/brasilnoticias.org\/site\/ipva-das-placas-de-finais-9-e-0-vence-no-fim-do-mes-veja-prazo\/#respond"]}]},{"@type":"WebPage","@id":"https:\/\/brasilnoticias.org\/site\/ipva-das-placas-de-finais-9-e-0-vence-no-fim-do-mes-veja-prazo\/","url":"https:\/\/brasilnoticias.org\/site\/ipva-das-placas-de-finais-9-e-0-vence-no-fim-do-mes-veja-prazo\/","name":"IPVA das placas de finais 9 e 0 vence no fim do m\u00eas; veja prazo - Brasil not\u00edcias","isPartOf":{"@id":"https:\/\/brasilnoticias.org\/site\/#website"},"primaryImageOfPage":{"@id":"https:\/\/brasilnoticias.org\/site\/ipva-das-placas-de-finais-9-e-0-vence-no-fim-do-mes-veja-prazo\/#primaryimage"},"image":{"@id":"https:\/\/brasilnoticias.org\/site\/ipva-das-placas-de-finais-9-e-0-vence-no-fim-do-mes-veja-prazo\/#primaryimage"},"thumbnailUrl":"https:\/\/brasilnoticias.org\/site\/wp-content\/uploads\/2022\/11\/130371ipva-das-placas-de-finais-9-e-0-vence-no-fim-do-mes-veja-prazo-3-800x445-1.jpg","datePublished":"2022-11-15T10:10:51+00:00","breadcrumb":{"@id":"https:\/\/brasilnoticias.org\/site\/ipva-das-placas-de-finais-9-e-0-vence-no-fim-do-mes-veja-prazo\/#breadcrumb"},"inLanguage":"pt-PT","potentialAction":[{"@type":"ReadAction","target":["https:\/\/brasilnoticias.org\/site\/ipva-das-placas-de-finais-9-e-0-vence-no-fim-do-mes-veja-prazo\/"]}]},{"@type":"ImageObject","inLanguage":"pt-PT","@id":"https:\/\/brasilnoticias.org\/site\/ipva-das-placas-de-finais-9-e-0-vence-no-fim-do-mes-veja-prazo\/#primaryimage","url":"https:\/\/brasilnoticias.org\/site\/wp-content\/uploads\/2022\/11\/130371ipva-das-placas-de-finais-9-e-0-vence-no-fim-do-mes-veja-prazo-3-800x445-1.jpg","contentUrl":"https:\/\/brasilnoticias.org\/site\/wp-content\/uploads\/2022\/11\/130371ipva-das-placas-de-finais-9-e-0-vence-no-fim-do-mes-veja-prazo-3-800x445-1.jpg","width":800,"height":445},{"@type":"BreadcrumbList","@id":"https:\/\/brasilnoticias.org\/site\/ipva-das-placas-de-finais-9-e-0-vence-no-fim-do-mes-veja-prazo\/#breadcrumb","itemListElement":[{"@type":"ListItem","position":1,"name":"In\u00edcio","item":"https:\/\/brasilnoticias.org\/site\/"},{"@type":"ListItem","position":2,"name":"IPVA das placas de finais 9 e 0 vence no fim do m\u00eas; veja prazo"}]},{"@type":"WebSite","@id":"https:\/\/brasilnoticias.org\/site\/#website","url":"https:\/\/brasilnoticias.org\/site\/","name":"Brasil not\u00edcias","description":"Brasil not\u00edcias","publisher":{"@id":"https:\/\/brasilnoticias.org\/site\/#organization"},"potentialAction":[{"@type":"SearchAction","target":{"@type":"EntryPoint","urlTemplate":"https:\/\/brasilnoticias.org\/site\/?s={search_term_string}"},"query-input":{"@type":"PropertyValueSpecification","valueRequired":true,"valueName":"search_term_string"}}],"inLanguage":"pt-PT"},{"@type":"Organization","@id":"https:\/\/brasilnoticias.org\/site\/#organization","name":"Brasil not\u00edcias","url":"https:\/\/brasilnoticias.org\/site\/","logo":{"@type":"ImageObject","inLanguage":"pt-PT","@id":"https:\/\/brasilnoticias.org\/site\/#\/schema\/logo\/image\/","url":"https:\/\/brasilnoticias.org\/site\/wp-content\/uploads\/2022\/05\/cropped-brasilnoticias-mini.jpg","contentUrl":"https:\/\/brasilnoticias.org\/site\/wp-content\/uploads\/2022\/05\/cropped-brasilnoticias-mini.jpg","width":314,"height":86,"caption":"Brasil not\u00edcias"},"image":{"@id":"https:\/\/brasilnoticias.org\/site\/#\/schema\/logo\/image\/"}},{"@type":"Person","@id":"https:\/\/brasilnoticias.org\/site\/#\/schema\/person\/a0e05b973ec4d15c658d51911e53507b","name":"Reda\u00e7\u00e3o","image":{"@type":"ImageObject","inLanguage":"pt-PT","@id":"https:\/\/brasilnoticias.org\/site\/#\/schema\/person\/image\/","url":"https:\/\/secure.gravatar.com\/avatar\/75d8b050df2de108b08ae78dfb8e374892df24a383c67db9c46a9c604f6aee9c?s=96&d=mm&r=g","contentUrl":"https:\/\/secure.gravatar.com\/avatar\/75d8b050df2de108b08ae78dfb8e374892df24a383c67db9c46a9c604f6aee9c?s=96&d=mm&r=g","caption":"Reda\u00e7\u00e3o"},"sameAs":["https:\/\/brasilnoticias.org\/site"],"url":"https:\/\/brasilnoticias.org\/site\/author\/fernandozsngmail-com\/"}]}},"_links":{"self":[{"href":"https:\/\/brasilnoticias.org\/site\/wp-json\/wp\/v2\/posts\/2154","targetHints":{"allow":["GET"]}}],"collection":[{"href":"https:\/\/brasilnoticias.org\/site\/wp-json\/wp\/v2\/posts"}],"about":[{"href":"https:\/\/brasilnoticias.org\/site\/wp-json\/wp\/v2\/types\/post"}],"author":[{"embeddable":true,"href":"https:\/\/brasilnoticias.org\/site\/wp-json\/wp\/v2\/users\/1"}],"replies":[{"embeddable":true,"href":"https:\/\/brasilnoticias.org\/site\/wp-json\/wp\/v2\/comments?post=2154"}],"version-history":[{"count":1,"href":"https:\/\/brasilnoticias.org\/site\/wp-json\/wp\/v2\/posts\/2154\/revisions"}],"predecessor-version":[{"id":2156,"href":"https:\/\/brasilnoticias.org\/site\/wp-json\/wp\/v2\/posts\/2154\/revisions\/2156"}],"wp:featuredmedia":[{"embeddable":true,"href":"https:\/\/brasilnoticias.org\/site\/wp-json\/wp\/v2\/media\/2155"}],"wp:attachment":[{"href":"https:\/\/brasilnoticias.org\/site\/wp-json\/wp\/v2\/media?parent=2154"}],"wp:term":[{"taxonomy":"category","embeddable":true,"href":"https:\/\/brasilnoticias.org\/site\/wp-json\/wp\/v2\/categories?post=2154"},{"taxonomy":"post_tag","embeddable":true,"href":"https:\/\/brasilnoticias.org\/site\/wp-json\/wp\/v2\/tags?post=2154"}],"curies":[{"name":"wp","href":"https:\/\/api.w.org\/{rel}","templated":true}]}}