{"id":21557,"date":"2026-04-15T08:39:03","date_gmt":"2026-04-15T11:39:03","guid":{"rendered":"https:\/\/brasilnoticias.org\/site\/?p=21557"},"modified":"2026-04-15T08:39:03","modified_gmt":"2026-04-15T11:39:03","slug":"lula-critica-escolas-civico-militares-ao-sancionar-novo-plano-nacional-de-educacao","status":"publish","type":"post","link":"https:\/\/brasilnoticias.org\/site\/lula-critica-escolas-civico-militares-ao-sancionar-novo-plano-nacional-de-educacao\/","title":{"rendered":"Lula critica escolas c\u00edvico-militares ao sancionar novo Plano Nacional de Educa\u00e7\u00e3o"},"content":{"rendered":"<p data-start=\"197\" data-end=\"393\">O presidente <span class=\"hover:entity-accent entity-underline inline cursor-pointer align-baseline\"><span class=\"whitespace-normal\">Luiz In\u00e1cio Lula da Silva<\/span><\/span> sancionou o novo Plano Nacional de Educa\u00e7\u00e3o (PNE) nesta semana e aproveitou o momento para criticar o modelo de escolas c\u00edvico-militares no pa\u00eds.<\/p>\n<p data-start=\"395\" data-end=\"632\">Durante a cerim\u00f4nia no Pal\u00e1cio do Planalto, Lula afirmou que o Brasil n\u00e3o precisa desse formato para garantir qualidade no ensino p\u00fablico e defendeu um modelo educacional mais uniforme e inclusivo.<\/p>\n<h3 data-section-id=\"1o676yl\" data-start=\"634\" data-end=\"670\">Cr\u00edtica ao modelo c\u00edvico-militar<\/h3>\n<p data-start=\"672\" data-end=\"827\">Em seu discurso, o presidente destacou que a educa\u00e7\u00e3o deve seguir um padr\u00e3o comum para todos os estudantes, sem distin\u00e7\u00f5es baseadas em modelos espec\u00edficos.<\/p>\n<p data-start=\"829\" data-end=\"1101\">Segundo Lula, escolas com orienta\u00e7\u00e3o militar s\u00f3 fazem sentido para jovens que pretendem seguir carreira nas For\u00e7as Armadas. Para os demais estudantes, ele defendeu uma forma\u00e7\u00e3o baseada nas diretrizes do sistema educacional nacional.<\/p>\n<h3 data-section-id=\"grbyzd\" data-start=\"1103\" data-end=\"1143\">Novo plano define metas para 10 anos<\/h3>\n<p data-start=\"1145\" data-end=\"1237\">O novo PNE estabelece diretrizes para a educa\u00e7\u00e3o brasileira ao longo da pr\u00f3xima d\u00e9cada, com:<\/p>\n<ul data-start=\"1239\" data-end=\"1333\">\n<li data-section-id=\"osxjm9\" data-start=\"1239\" data-end=\"1270\"><strong data-start=\"1241\" data-end=\"1268\">19 objetivos principais<\/strong><\/li>\n<li data-section-id=\"m882de\" data-start=\"1271\" data-end=\"1287\"><strong data-start=\"1273\" data-end=\"1285\">73 metas<\/strong><\/li>\n<li data-section-id=\"ymc80r\" data-start=\"1288\" data-end=\"1333\"><strong data-start=\"1290\" data-end=\"1317\">Centenas de estrat\u00e9gias<\/strong> para execu\u00e7\u00e3o<\/li>\n<\/ul>\n<p data-start=\"1335\" data-end=\"1518\">Entre as prioridades est\u00e3o a amplia\u00e7\u00e3o do acesso \u00e0 educa\u00e7\u00e3o infantil, melhoria da qualidade do ensino e redu\u00e7\u00e3o das desigualdades educacionais.<\/p>\n<h3 data-section-id=\"thfi87\" data-start=\"1520\" data-end=\"1549\">Investimentos em educa\u00e7\u00e3o<\/h3>\n<p data-start=\"1551\" data-end=\"1726\">O plano tamb\u00e9m prev\u00ea aumento progressivo dos investimentos p\u00fablicos na \u00e1rea, com a meta de alcan\u00e7ar at\u00e9 <strong data-start=\"1655\" data-end=\"1693\">10% do Produto Interno Bruto (PIB)<\/strong> ao final do per\u00edodo de vig\u00eancia.<\/p>\n<p data-start=\"1728\" data-end=\"1879\">A proposta busca corrigir falhas do plano anterior, que n\u00e3o conseguiu atingir o n\u00edvel de investimento previsto.<\/p>\n<h3 data-section-id=\"ud2qg1\" data-start=\"1881\" data-end=\"1917\">Educa\u00e7\u00e3o p\u00fablica como prioridade<\/h3>\n<p data-start=\"1919\" data-end=\"2067\">Durante o evento, Lula refor\u00e7ou a import\u00e2ncia da educa\u00e7\u00e3o p\u00fablica como ferramenta central para o desenvolvimento do pa\u00eds e combate \u00e0s desigualdades.<\/p>\n<p data-start=\"2069\" data-end=\"2304\">O presidente tamb\u00e9m incentivou a sociedade a cobrar o cumprimento das metas estabelecidas no plano, destacando que o sucesso das pol\u00edticas educacionais depende da participa\u00e7\u00e3o ativa da popula\u00e7\u00e3o.<\/p>\n<h3 data-section-id=\"16pj5i3\" data-start=\"2306\" data-end=\"2331\">Debate pol\u00edtico segue<\/h3>\n<p data-start=\"2333\" data-end=\"2486\">A cr\u00edtica \u00e0s escolas c\u00edvico-militares reacende o debate sobre modelos educacionais no Brasil, tema que divide opini\u00f5es entre diferentes grupos pol\u00edticos.<\/p>\n<p data-start=\"2488\" data-end=\"2672\">Enquanto aliados do governo defendem a prioriza\u00e7\u00e3o de um ensino p\u00fablico padronizado, setores da oposi\u00e7\u00e3o continuam apoiando a expans\u00e3o do modelo c\u00edvico-militar em estados e munic\u00edpios.<\/p>\n","protected":false},"excerpt":{"rendered":"<p>O presidente Luiz In\u00e1cio Lula da Silva sancionou o novo Plano Nacional de Educa\u00e7\u00e3o (PNE) nesta semana e aproveitou o<\/p>\n","protected":false},"author":4,"featured_media":21558,"comment_status":"open","ping_status":"open","sticky":false,"template":"","format":"standard","meta":{"colormag_page_container_layout":"default_layout","colormag_page_sidebar_layout":"default_layout","_FSMCFIC_featured_image_caption":"","_FSMCFIC_featured_image_nocaption":"","_FSMCFIC_featured_image_hide":"","footnotes":""},"categories":[2,1],"tags":[],"class_list":["post-21557","post","type-post","status-publish","format-standard","has-post-thumbnail","hentry","category-noticias","category-ultimas"],"yoast_head":"<!-- This site is optimized with the Yoast SEO plugin v27.1.1 - https:\/\/yoast.com\/product\/yoast-seo-wordpress\/ -->\n<title>Lula critica escolas c\u00edvico-militares ao sancionar novo Plano Nacional de Educa\u00e7\u00e3o - Brasil not\u00edcias<\/title>\n<meta name=\"robots\" content=\"index, follow, max-snippet:-1, max-image-preview:large, max-video-preview:-1\" \/>\n<link rel=\"canonical\" href=\"https:\/\/brasilnoticias.org\/site\/lula-critica-escolas-civico-militares-ao-sancionar-novo-plano-nacional-de-educacao\/\" \/>\n<meta property=\"og:locale\" content=\"pt_PT\" \/>\n<meta property=\"og:type\" content=\"article\" \/>\n<meta property=\"og:title\" content=\"Lula critica escolas c\u00edvico-militares ao sancionar novo Plano Nacional de Educa\u00e7\u00e3o - Brasil not\u00edcias\" \/>\n<meta property=\"og:description\" content=\"O presidente Luiz In\u00e1cio Lula da Silva sancionou o novo Plano Nacional de Educa\u00e7\u00e3o (PNE) nesta semana e aproveitou o\" \/>\n<meta property=\"og:url\" content=\"https:\/\/brasilnoticias.org\/site\/lula-critica-escolas-civico-militares-ao-sancionar-novo-plano-nacional-de-educacao\/\" \/>\n<meta property=\"og:site_name\" content=\"Brasil not\u00edcias\" \/>\n<meta property=\"article:published_time\" content=\"2026-04-15T11:39:03+00:00\" \/>\n<meta property=\"og:image\" content=\"https:\/\/brasilnoticias.org\/site\/wp-content\/uploads\/2026\/04\/181027lula-critica-escolas-civico-militares-ao-sancionar-novo-plano-nacional-de-educacao-3.jpg\" \/>\n\t<meta property=\"og:image:width\" content=\"1600\" \/>\n\t<meta property=\"og:image:height\" content=\"752\" \/>\n\t<meta property=\"og:image:type\" content=\"image\/jpeg\" \/>\n<meta name=\"author\" content=\"Reda\u00e7\u00e3o\" \/>\n<meta name=\"twitter:card\" content=\"summary_large_image\" \/>\n<meta name=\"twitter:label1\" content=\"Escrito por\" \/>\n\t<meta name=\"twitter:data1\" content=\"Reda\u00e7\u00e3o\" \/>\n\t<meta name=\"twitter:label2\" content=\"Tempo estimado de leitura\" \/>\n\t<meta name=\"twitter:data2\" content=\"3 minutos\" \/>\n<script type=\"application\/ld+json\" class=\"yoast-schema-graph\">{\"@context\":\"https:\/\/schema.org\",\"@graph\":[{\"@type\":\"Article\",\"@id\":\"https:\/\/brasilnoticias.org\/site\/lula-critica-escolas-civico-militares-ao-sancionar-novo-plano-nacional-de-educacao\/#article\",\"isPartOf\":{\"@id\":\"https:\/\/brasilnoticias.org\/site\/lula-critica-escolas-civico-militares-ao-sancionar-novo-plano-nacional-de-educacao\/\"},\"author\":{\"name\":\"Reda\u00e7\u00e3o\",\"@id\":\"https:\/\/brasilnoticias.org\/site\/#\/schema\/person\/03bbbfe6c7634ad18c26444ea39049fa\"},\"headline\":\"Lula critica escolas c\u00edvico-militares ao sancionar novo Plano Nacional de Educa\u00e7\u00e3o\",\"datePublished\":\"2026-04-15T11:39:03+00:00\",\"mainEntityOfPage\":{\"@id\":\"https:\/\/brasilnoticias.org\/site\/lula-critica-escolas-civico-militares-ao-sancionar-novo-plano-nacional-de-educacao\/\"},\"wordCount\":392,\"commentCount\":0,\"publisher\":{\"@id\":\"https:\/\/brasilnoticias.org\/site\/#organization\"},\"image\":{\"@id\":\"https:\/\/brasilnoticias.org\/site\/lula-critica-escolas-civico-militares-ao-sancionar-novo-plano-nacional-de-educacao\/#primaryimage\"},\"thumbnailUrl\":\"https:\/\/brasilnoticias.org\/site\/wp-content\/uploads\/2026\/04\/181027lula-critica-escolas-civico-militares-ao-sancionar-novo-plano-nacional-de-educacao-3.jpg\",\"articleSection\":[\"Not\u00edcias\",\"\u00daltimas\"],\"inLanguage\":\"pt-PT\",\"potentialAction\":[{\"@type\":\"CommentAction\",\"name\":\"Comment\",\"target\":[\"https:\/\/brasilnoticias.org\/site\/lula-critica-escolas-civico-militares-ao-sancionar-novo-plano-nacional-de-educacao\/#respond\"]}]},{\"@type\":\"WebPage\",\"@id\":\"https:\/\/brasilnoticias.org\/site\/lula-critica-escolas-civico-militares-ao-sancionar-novo-plano-nacional-de-educacao\/\",\"url\":\"https:\/\/brasilnoticias.org\/site\/lula-critica-escolas-civico-militares-ao-sancionar-novo-plano-nacional-de-educacao\/\",\"name\":\"Lula critica escolas c\u00edvico-militares ao sancionar novo Plano Nacional de Educa\u00e7\u00e3o - Brasil not\u00edcias\",\"isPartOf\":{\"@id\":\"https:\/\/brasilnoticias.org\/site\/#website\"},\"primaryImageOfPage\":{\"@id\":\"https:\/\/brasilnoticias.org\/site\/lula-critica-escolas-civico-militares-ao-sancionar-novo-plano-nacional-de-educacao\/#primaryimage\"},\"image\":{\"@id\":\"https:\/\/brasilnoticias.org\/site\/lula-critica-escolas-civico-militares-ao-sancionar-novo-plano-nacional-de-educacao\/#primaryimage\"},\"thumbnailUrl\":\"https:\/\/brasilnoticias.org\/site\/wp-content\/uploads\/2026\/04\/181027lula-critica-escolas-civico-militares-ao-sancionar-novo-plano-nacional-de-educacao-3.jpg\",\"datePublished\":\"2026-04-15T11:39:03+00:00\",\"breadcrumb\":{\"@id\":\"https:\/\/brasilnoticias.org\/site\/lula-critica-escolas-civico-militares-ao-sancionar-novo-plano-nacional-de-educacao\/#breadcrumb\"},\"inLanguage\":\"pt-PT\",\"potentialAction\":[{\"@type\":\"ReadAction\",\"target\":[\"https:\/\/brasilnoticias.org\/site\/lula-critica-escolas-civico-militares-ao-sancionar-novo-plano-nacional-de-educacao\/\"]}]},{\"@type\":\"ImageObject\",\"inLanguage\":\"pt-PT\",\"@id\":\"https:\/\/brasilnoticias.org\/site\/lula-critica-escolas-civico-militares-ao-sancionar-novo-plano-nacional-de-educacao\/#primaryimage\",\"url\":\"https:\/\/brasilnoticias.org\/site\/wp-content\/uploads\/2026\/04\/181027lula-critica-escolas-civico-militares-ao-sancionar-novo-plano-nacional-de-educacao-3.jpg\",\"contentUrl\":\"https:\/\/brasilnoticias.org\/site\/wp-content\/uploads\/2026\/04\/181027lula-critica-escolas-civico-militares-ao-sancionar-novo-plano-nacional-de-educacao-3.jpg\",\"width\":1600,\"height\":752,\"caption\":\"Fabio Rodrigues-Pozzebom\/Ag\u00eancia Brasil\"},{\"@type\":\"BreadcrumbList\",\"@id\":\"https:\/\/brasilnoticias.org\/site\/lula-critica-escolas-civico-militares-ao-sancionar-novo-plano-nacional-de-educacao\/#breadcrumb\",\"itemListElement\":[{\"@type\":\"ListItem\",\"position\":1,\"name\":\"In\u00edcio\",\"item\":\"https:\/\/brasilnoticias.org\/site\/\"},{\"@type\":\"ListItem\",\"position\":2,\"name\":\"Lula critica escolas c\u00edvico-militares ao sancionar novo Plano Nacional de Educa\u00e7\u00e3o\"}]},{\"@type\":\"WebSite\",\"@id\":\"https:\/\/brasilnoticias.org\/site\/#website\",\"url\":\"https:\/\/brasilnoticias.org\/site\/\",\"name\":\"Brasil not\u00edcias\",\"description\":\"Brasil not\u00edcias\",\"publisher\":{\"@id\":\"https:\/\/brasilnoticias.org\/site\/#organization\"},\"potentialAction\":[{\"@type\":\"SearchAction\",\"target\":{\"@type\":\"EntryPoint\",\"urlTemplate\":\"https:\/\/brasilnoticias.org\/site\/?s={search_term_string}\"},\"query-input\":{\"@type\":\"PropertyValueSpecification\",\"valueRequired\":true,\"valueName\":\"search_term_string\"}}],\"inLanguage\":\"pt-PT\"},{\"@type\":\"Organization\",\"@id\":\"https:\/\/brasilnoticias.org\/site\/#organization\",\"name\":\"Brasil not\u00edcias\",\"url\":\"https:\/\/brasilnoticias.org\/site\/\",\"logo\":{\"@type\":\"ImageObject\",\"inLanguage\":\"pt-PT\",\"@id\":\"https:\/\/brasilnoticias.org\/site\/#\/schema\/logo\/image\/\",\"url\":\"https:\/\/brasilnoticias.org\/site\/wp-content\/uploads\/2022\/05\/cropped-brasilnoticias-mini.jpg\",\"contentUrl\":\"https:\/\/brasilnoticias.org\/site\/wp-content\/uploads\/2022\/05\/cropped-brasilnoticias-mini.jpg\",\"width\":314,\"height\":86,\"caption\":\"Brasil not\u00edcias\"},\"image\":{\"@id\":\"https:\/\/brasilnoticias.org\/site\/#\/schema\/logo\/image\/\"}},{\"@type\":\"Person\",\"@id\":\"https:\/\/brasilnoticias.org\/site\/#\/schema\/person\/03bbbfe6c7634ad18c26444ea39049fa\",\"name\":\"Reda\u00e7\u00e3o\",\"image\":{\"@type\":\"ImageObject\",\"inLanguage\":\"pt-PT\",\"@id\":\"https:\/\/brasilnoticias.org\/site\/#\/schema\/person\/image\/\",\"url\":\"https:\/\/secure.gravatar.com\/avatar\/9ecaf7327a696cb23ad926fedded5f1f04d7049de9e445375d55b48c001a6e42?s=96&d=mm&r=g\",\"contentUrl\":\"https:\/\/secure.gravatar.com\/avatar\/9ecaf7327a696cb23ad926fedded5f1f04d7049de9e445375d55b48c001a6e42?s=96&d=mm&r=g\",\"caption\":\"Reda\u00e7\u00e3o\"},\"url\":\"https:\/\/brasilnoticias.org\/site\/author\/henrique\/\"}]}<\/script>\n<!-- \/ Yoast SEO plugin. -->","yoast_head_json":{"title":"Lula critica escolas c\u00edvico-militares ao sancionar novo Plano Nacional de Educa\u00e7\u00e3o - Brasil not\u00edcias","robots":{"index":"index","follow":"follow","max-snippet":"max-snippet:-1","max-image-preview":"max-image-preview:large","max-video-preview":"max-video-preview:-1"},"canonical":"https:\/\/brasilnoticias.org\/site\/lula-critica-escolas-civico-militares-ao-sancionar-novo-plano-nacional-de-educacao\/","og_locale":"pt_PT","og_type":"article","og_title":"Lula critica escolas c\u00edvico-militares ao sancionar novo Plano Nacional de Educa\u00e7\u00e3o - Brasil not\u00edcias","og_description":"O presidente Luiz In\u00e1cio Lula da Silva sancionou o novo Plano Nacional de Educa\u00e7\u00e3o (PNE) nesta semana e aproveitou o","og_url":"https:\/\/brasilnoticias.org\/site\/lula-critica-escolas-civico-militares-ao-sancionar-novo-plano-nacional-de-educacao\/","og_site_name":"Brasil not\u00edcias","article_published_time":"2026-04-15T11:39:03+00:00","og_image":[{"width":1600,"height":752,"url":"https:\/\/brasilnoticias.org\/site\/wp-content\/uploads\/2026\/04\/181027lula-critica-escolas-civico-militares-ao-sancionar-novo-plano-nacional-de-educacao-3.jpg","type":"image\/jpeg"}],"author":"Reda\u00e7\u00e3o","twitter_card":"summary_large_image","twitter_misc":{"Escrito por":"Reda\u00e7\u00e3o","Tempo estimado de leitura":"3 minutos"},"schema":{"@context":"https:\/\/schema.org","@graph":[{"@type":"Article","@id":"https:\/\/brasilnoticias.org\/site\/lula-critica-escolas-civico-militares-ao-sancionar-novo-plano-nacional-de-educacao\/#article","isPartOf":{"@id":"https:\/\/brasilnoticias.org\/site\/lula-critica-escolas-civico-militares-ao-sancionar-novo-plano-nacional-de-educacao\/"},"author":{"name":"Reda\u00e7\u00e3o","@id":"https:\/\/brasilnoticias.org\/site\/#\/schema\/person\/03bbbfe6c7634ad18c26444ea39049fa"},"headline":"Lula critica escolas c\u00edvico-militares ao sancionar novo Plano Nacional de Educa\u00e7\u00e3o","datePublished":"2026-04-15T11:39:03+00:00","mainEntityOfPage":{"@id":"https:\/\/brasilnoticias.org\/site\/lula-critica-escolas-civico-militares-ao-sancionar-novo-plano-nacional-de-educacao\/"},"wordCount":392,"commentCount":0,"publisher":{"@id":"https:\/\/brasilnoticias.org\/site\/#organization"},"image":{"@id":"https:\/\/brasilnoticias.org\/site\/lula-critica-escolas-civico-militares-ao-sancionar-novo-plano-nacional-de-educacao\/#primaryimage"},"thumbnailUrl":"https:\/\/brasilnoticias.org\/site\/wp-content\/uploads\/2026\/04\/181027lula-critica-escolas-civico-militares-ao-sancionar-novo-plano-nacional-de-educacao-3.jpg","articleSection":["Not\u00edcias","\u00daltimas"],"inLanguage":"pt-PT","potentialAction":[{"@type":"CommentAction","name":"Comment","target":["https:\/\/brasilnoticias.org\/site\/lula-critica-escolas-civico-militares-ao-sancionar-novo-plano-nacional-de-educacao\/#respond"]}]},{"@type":"WebPage","@id":"https:\/\/brasilnoticias.org\/site\/lula-critica-escolas-civico-militares-ao-sancionar-novo-plano-nacional-de-educacao\/","url":"https:\/\/brasilnoticias.org\/site\/lula-critica-escolas-civico-militares-ao-sancionar-novo-plano-nacional-de-educacao\/","name":"Lula critica escolas c\u00edvico-militares ao sancionar novo Plano Nacional de Educa\u00e7\u00e3o - Brasil not\u00edcias","isPartOf":{"@id":"https:\/\/brasilnoticias.org\/site\/#website"},"primaryImageOfPage":{"@id":"https:\/\/brasilnoticias.org\/site\/lula-critica-escolas-civico-militares-ao-sancionar-novo-plano-nacional-de-educacao\/#primaryimage"},"image":{"@id":"https:\/\/brasilnoticias.org\/site\/lula-critica-escolas-civico-militares-ao-sancionar-novo-plano-nacional-de-educacao\/#primaryimage"},"thumbnailUrl":"https:\/\/brasilnoticias.org\/site\/wp-content\/uploads\/2026\/04\/181027lula-critica-escolas-civico-militares-ao-sancionar-novo-plano-nacional-de-educacao-3.jpg","datePublished":"2026-04-15T11:39:03+00:00","breadcrumb":{"@id":"https:\/\/brasilnoticias.org\/site\/lula-critica-escolas-civico-militares-ao-sancionar-novo-plano-nacional-de-educacao\/#breadcrumb"},"inLanguage":"pt-PT","potentialAction":[{"@type":"ReadAction","target":["https:\/\/brasilnoticias.org\/site\/lula-critica-escolas-civico-militares-ao-sancionar-novo-plano-nacional-de-educacao\/"]}]},{"@type":"ImageObject","inLanguage":"pt-PT","@id":"https:\/\/brasilnoticias.org\/site\/lula-critica-escolas-civico-militares-ao-sancionar-novo-plano-nacional-de-educacao\/#primaryimage","url":"https:\/\/brasilnoticias.org\/site\/wp-content\/uploads\/2026\/04\/181027lula-critica-escolas-civico-militares-ao-sancionar-novo-plano-nacional-de-educacao-3.jpg","contentUrl":"https:\/\/brasilnoticias.org\/site\/wp-content\/uploads\/2026\/04\/181027lula-critica-escolas-civico-militares-ao-sancionar-novo-plano-nacional-de-educacao-3.jpg","width":1600,"height":752,"caption":"Fabio Rodrigues-Pozzebom\/Ag\u00eancia Brasil"},{"@type":"BreadcrumbList","@id":"https:\/\/brasilnoticias.org\/site\/lula-critica-escolas-civico-militares-ao-sancionar-novo-plano-nacional-de-educacao\/#breadcrumb","itemListElement":[{"@type":"ListItem","position":1,"name":"In\u00edcio","item":"https:\/\/brasilnoticias.org\/site\/"},{"@type":"ListItem","position":2,"name":"Lula critica escolas c\u00edvico-militares ao sancionar novo Plano Nacional de Educa\u00e7\u00e3o"}]},{"@type":"WebSite","@id":"https:\/\/brasilnoticias.org\/site\/#website","url":"https:\/\/brasilnoticias.org\/site\/","name":"Brasil not\u00edcias","description":"Brasil not\u00edcias","publisher":{"@id":"https:\/\/brasilnoticias.org\/site\/#organization"},"potentialAction":[{"@type":"SearchAction","target":{"@type":"EntryPoint","urlTemplate":"https:\/\/brasilnoticias.org\/site\/?s={search_term_string}"},"query-input":{"@type":"PropertyValueSpecification","valueRequired":true,"valueName":"search_term_string"}}],"inLanguage":"pt-PT"},{"@type":"Organization","@id":"https:\/\/brasilnoticias.org\/site\/#organization","name":"Brasil not\u00edcias","url":"https:\/\/brasilnoticias.org\/site\/","logo":{"@type":"ImageObject","inLanguage":"pt-PT","@id":"https:\/\/brasilnoticias.org\/site\/#\/schema\/logo\/image\/","url":"https:\/\/brasilnoticias.org\/site\/wp-content\/uploads\/2022\/05\/cropped-brasilnoticias-mini.jpg","contentUrl":"https:\/\/brasilnoticias.org\/site\/wp-content\/uploads\/2022\/05\/cropped-brasilnoticias-mini.jpg","width":314,"height":86,"caption":"Brasil not\u00edcias"},"image":{"@id":"https:\/\/brasilnoticias.org\/site\/#\/schema\/logo\/image\/"}},{"@type":"Person","@id":"https:\/\/brasilnoticias.org\/site\/#\/schema\/person\/03bbbfe6c7634ad18c26444ea39049fa","name":"Reda\u00e7\u00e3o","image":{"@type":"ImageObject","inLanguage":"pt-PT","@id":"https:\/\/brasilnoticias.org\/site\/#\/schema\/person\/image\/","url":"https:\/\/secure.gravatar.com\/avatar\/9ecaf7327a696cb23ad926fedded5f1f04d7049de9e445375d55b48c001a6e42?s=96&d=mm&r=g","contentUrl":"https:\/\/secure.gravatar.com\/avatar\/9ecaf7327a696cb23ad926fedded5f1f04d7049de9e445375d55b48c001a6e42?s=96&d=mm&r=g","caption":"Reda\u00e7\u00e3o"},"url":"https:\/\/brasilnoticias.org\/site\/author\/henrique\/"}]}},"_links":{"self":[{"href":"https:\/\/brasilnoticias.org\/site\/wp-json\/wp\/v2\/posts\/21557","targetHints":{"allow":["GET"]}}],"collection":[{"href":"https:\/\/brasilnoticias.org\/site\/wp-json\/wp\/v2\/posts"}],"about":[{"href":"https:\/\/brasilnoticias.org\/site\/wp-json\/wp\/v2\/types\/post"}],"author":[{"embeddable":true,"href":"https:\/\/brasilnoticias.org\/site\/wp-json\/wp\/v2\/users\/4"}],"replies":[{"embeddable":true,"href":"https:\/\/brasilnoticias.org\/site\/wp-json\/wp\/v2\/comments?post=21557"}],"version-history":[{"count":1,"href":"https:\/\/brasilnoticias.org\/site\/wp-json\/wp\/v2\/posts\/21557\/revisions"}],"predecessor-version":[{"id":21559,"href":"https:\/\/brasilnoticias.org\/site\/wp-json\/wp\/v2\/posts\/21557\/revisions\/21559"}],"wp:featuredmedia":[{"embeddable":true,"href":"https:\/\/brasilnoticias.org\/site\/wp-json\/wp\/v2\/media\/21558"}],"wp:attachment":[{"href":"https:\/\/brasilnoticias.org\/site\/wp-json\/wp\/v2\/media?parent=21557"}],"wp:term":[{"taxonomy":"category","embeddable":true,"href":"https:\/\/brasilnoticias.org\/site\/wp-json\/wp\/v2\/categories?post=21557"},{"taxonomy":"post_tag","embeddable":true,"href":"https:\/\/brasilnoticias.org\/site\/wp-json\/wp\/v2\/tags?post=21557"}],"curies":[{"name":"wp","href":"https:\/\/api.w.org\/{rel}","templated":true}]}}