{"id":21560,"date":"2026-04-15T08:45:37","date_gmt":"2026-04-15T11:45:37","guid":{"rendered":"https:\/\/brasilnoticias.org\/site\/?p=21560"},"modified":"2026-04-15T08:45:37","modified_gmt":"2026-04-15T11:45:37","slug":"cpi-do-crime-organizado-rejeita-indiciamento-de-ministros-do-stf-e-do-procurador-geral","status":"publish","type":"post","link":"https:\/\/brasilnoticias.org\/site\/cpi-do-crime-organizado-rejeita-indiciamento-de-ministros-do-stf-e-do-procurador-geral\/","title":{"rendered":"CPI do Crime Organizado rejeita indiciamento de ministros do STF e do procurador-geral"},"content":{"rendered":"<p>Ap\u00f3s manobras, embates e pol\u00eamicas, a Comiss\u00e3o Parlamentar de Inqu\u00e9rito (CPI) do Crime Organizado rejeitou na noite desta ter\u00e7a-feira (14) o parecer final apresentado pelo relator, senador Alessandro Vieira (MDB-SE), cujo teor pedia o indiciamento de tr\u00eas ministros do Supremo Tribunal Federal (STF) &#8211; Dias Toffoli, Alexandre de Moraes e Gilmar Mendes &#8211; e do procurador-geral da Rep\u00fablica (PGR), Paulo Gonet. O placar final ficou em 6&#215;4 contra o relat\u00f3rio de Vieira.<\/p>\n<p>Pelas regras do Parlamento, o pedido de indiciamento, caso fosse aprovado pela maioria da CPI, abriria espa\u00e7o para uma eventual abertura de processo de impeachment contra as quatro autoridades inclu\u00eddas pelo relator. O resultado reflete a manobra articulada poucas horas antes da vota\u00e7\u00e3o, com as b\u00ean\u00e7\u00e3os do Pal\u00e1cio do Planalto e do presidente do Senador, Davi Alcolumbre (Uni\u00e3o Brasil-AP), para conseguir maioria capaz de rejeitar o parecer. Em suma, a costura alterou a composi\u00e7\u00e3o da CPI e garantiu n\u00famero suficiente para derrubar a proposta de Vieira.<\/p>\n<p>No total, tr\u00eas dos 11 membros titulares da comiss\u00e3o foram trocados. Assim, os senadores Sergio Moro (PL-PR) e Marcos do Val (Avante-ES) foram substitu\u00eddos por Beto Faro (PT-PA) e Teresa Leit\u00e3o (PT-PE). Em movimento simult\u00e2neo, a senadora Soraya Thronicke (PSB-MS), que era suplente, foi designada como membro titular.<\/p>\n<p>Al\u00e9m de Beto Faro e Teresa Leit\u00e3o, votaram contra o relat\u00f3rio os senadores Rog\u00e9rio Carvalho (PT-SE), Otto Alencar (PSD-BA), Humberto Costa (PT-PE) e Soraya Thronicke. No parecer, Vieira apontava ind\u00edcios de crimes de responsabilidade por parte do procurador-geral e dos ministros do STF.<\/p>\n<p>No lado oposto, votaram a favor do indiciamento, al\u00e9m de Vieira, os senadores Eduardo Gir\u00e3o (Novo-CE), Magno Malta (PL-ES) e Esperidi\u00e3o Amin (PP-SC). O presidente da CPI, Fabiano Contarato (PT-ES), n\u00e3o se posicionou. Pelo regimento da Casa, presidentes de colegiados\u00a0s\u00f3 podem\u00a0votar em caso de empate.<\/p>\n<p>Para Vieira, os tr\u00eas ministros do STF deveriam ter se declarados suspeitos de julgar o caso do Banco Master por supostas liga\u00e7\u00f5es com o banqueiro Daniel Vorcaro, preso sob a acusa\u00e7\u00e3o de crimes contra o sistema financeiro e fraudes. J\u00e1 o chefe da PGR, pela tese do relator, teria sido omisso em rela\u00e7\u00e3o \u00e0s investiga\u00e7\u00f5es sobre o Master.<\/p>\n<p>O pedido de Vieira foi duramente criticado por Toffoli, Gilmar e Moraes, al\u00e9m de dois outros ministros do STF n\u00e3o citados pelo senador: Fl\u00e1vio Dino e Andr\u00e9 Mendon\u00e7a, atual relator do caso no Supremo.<\/p>\n","protected":false},"excerpt":{"rendered":"<p>Ap\u00f3s manobras, embates e pol\u00eamicas, a Comiss\u00e3o Parlamentar de Inqu\u00e9rito (CPI) do Crime Organizado rejeitou na noite desta ter\u00e7a-feira (14)<\/p>\n","protected":false},"author":4,"featured_media":21561,"comment_status":"open","ping_status":"open","sticky":false,"template":"","format":"standard","meta":{"colormag_page_container_layout":"default_layout","colormag_page_sidebar_layout":"default_layout","_FSMCFIC_featured_image_caption":"","_FSMCFIC_featured_image_nocaption":"","_FSMCFIC_featured_image_hide":"","footnotes":""},"categories":[5,1],"tags":[],"class_list":["post-21560","post","type-post","status-publish","format-standard","has-post-thumbnail","hentry","category-politica","category-ultimas"],"yoast_head":"<!-- This site is optimized with the Yoast SEO plugin v27.1.1 - https:\/\/yoast.com\/product\/yoast-seo-wordpress\/ -->\n<title>CPI do Crime Organizado rejeita indiciamento de ministros do STF e do procurador-geral - Brasil not\u00edcias<\/title>\n<meta name=\"robots\" content=\"index, follow, max-snippet:-1, max-image-preview:large, max-video-preview:-1\" \/>\n<link rel=\"canonical\" href=\"https:\/\/brasilnoticias.org\/site\/cpi-do-crime-organizado-rejeita-indiciamento-de-ministros-do-stf-e-do-procurador-geral\/\" \/>\n<meta property=\"og:locale\" content=\"pt_PT\" \/>\n<meta property=\"og:type\" content=\"article\" \/>\n<meta property=\"og:title\" content=\"CPI do Crime Organizado rejeita indiciamento de ministros do STF e do procurador-geral - Brasil not\u00edcias\" \/>\n<meta property=\"og:description\" content=\"Ap\u00f3s manobras, embates e pol\u00eamicas, a Comiss\u00e3o Parlamentar de Inqu\u00e9rito (CPI) do Crime Organizado rejeitou na noite desta ter\u00e7a-feira (14)\" \/>\n<meta property=\"og:url\" content=\"https:\/\/brasilnoticias.org\/site\/cpi-do-crime-organizado-rejeita-indiciamento-de-ministros-do-stf-e-do-procurador-geral\/\" \/>\n<meta property=\"og:site_name\" content=\"Brasil not\u00edcias\" \/>\n<meta property=\"article:published_time\" content=\"2026-04-15T11:45:37+00:00\" \/>\n<meta property=\"og:image\" content=\"https:\/\/brasilnoticias.org\/site\/wp-content\/uploads\/2026\/04\/181032cpi-do-crime-organizado-rejeita-indiciamento-de-moraes-toffoli-gilmar-e-gonet-3.jpg\" \/>\n\t<meta property=\"og:image:width\" content=\"1600\" \/>\n\t<meta property=\"og:image:height\" content=\"752\" \/>\n\t<meta property=\"og:image:type\" content=\"image\/jpeg\" \/>\n<meta name=\"author\" content=\"Reda\u00e7\u00e3o\" \/>\n<meta name=\"twitter:card\" content=\"summary_large_image\" \/>\n<meta name=\"twitter:label1\" content=\"Escrito por\" \/>\n\t<meta name=\"twitter:data1\" content=\"Reda\u00e7\u00e3o\" \/>\n\t<meta name=\"twitter:label2\" content=\"Tempo estimado de leitura\" \/>\n\t<meta name=\"twitter:data2\" content=\"3 minutos\" \/>\n<script type=\"application\/ld+json\" class=\"yoast-schema-graph\">{\"@context\":\"https:\/\/schema.org\",\"@graph\":[{\"@type\":\"Article\",\"@id\":\"https:\/\/brasilnoticias.org\/site\/cpi-do-crime-organizado-rejeita-indiciamento-de-ministros-do-stf-e-do-procurador-geral\/#article\",\"isPartOf\":{\"@id\":\"https:\/\/brasilnoticias.org\/site\/cpi-do-crime-organizado-rejeita-indiciamento-de-ministros-do-stf-e-do-procurador-geral\/\"},\"author\":{\"name\":\"Reda\u00e7\u00e3o\",\"@id\":\"https:\/\/brasilnoticias.org\/site\/#\/schema\/person\/03bbbfe6c7634ad18c26444ea39049fa\"},\"headline\":\"CPI do Crime Organizado rejeita indiciamento de ministros do STF e do procurador-geral\",\"datePublished\":\"2026-04-15T11:45:37+00:00\",\"mainEntityOfPage\":{\"@id\":\"https:\/\/brasilnoticias.org\/site\/cpi-do-crime-organizado-rejeita-indiciamento-de-ministros-do-stf-e-do-procurador-geral\/\"},\"wordCount\":439,\"commentCount\":0,\"publisher\":{\"@id\":\"https:\/\/brasilnoticias.org\/site\/#organization\"},\"image\":{\"@id\":\"https:\/\/brasilnoticias.org\/site\/cpi-do-crime-organizado-rejeita-indiciamento-de-ministros-do-stf-e-do-procurador-geral\/#primaryimage\"},\"thumbnailUrl\":\"https:\/\/brasilnoticias.org\/site\/wp-content\/uploads\/2026\/04\/181032cpi-do-crime-organizado-rejeita-indiciamento-de-moraes-toffoli-gilmar-e-gonet-3.jpg\",\"articleSection\":[\"Pol\u00edtica\",\"\u00daltimas\"],\"inLanguage\":\"pt-PT\",\"potentialAction\":[{\"@type\":\"CommentAction\",\"name\":\"Comment\",\"target\":[\"https:\/\/brasilnoticias.org\/site\/cpi-do-crime-organizado-rejeita-indiciamento-de-ministros-do-stf-e-do-procurador-geral\/#respond\"]}]},{\"@type\":\"WebPage\",\"@id\":\"https:\/\/brasilnoticias.org\/site\/cpi-do-crime-organizado-rejeita-indiciamento-de-ministros-do-stf-e-do-procurador-geral\/\",\"url\":\"https:\/\/brasilnoticias.org\/site\/cpi-do-crime-organizado-rejeita-indiciamento-de-ministros-do-stf-e-do-procurador-geral\/\",\"name\":\"CPI do Crime Organizado rejeita indiciamento de ministros do STF e do procurador-geral - Brasil not\u00edcias\",\"isPartOf\":{\"@id\":\"https:\/\/brasilnoticias.org\/site\/#website\"},\"primaryImageOfPage\":{\"@id\":\"https:\/\/brasilnoticias.org\/site\/cpi-do-crime-organizado-rejeita-indiciamento-de-ministros-do-stf-e-do-procurador-geral\/#primaryimage\"},\"image\":{\"@id\":\"https:\/\/brasilnoticias.org\/site\/cpi-do-crime-organizado-rejeita-indiciamento-de-ministros-do-stf-e-do-procurador-geral\/#primaryimage\"},\"thumbnailUrl\":\"https:\/\/brasilnoticias.org\/site\/wp-content\/uploads\/2026\/04\/181032cpi-do-crime-organizado-rejeita-indiciamento-de-moraes-toffoli-gilmar-e-gonet-3.jpg\",\"datePublished\":\"2026-04-15T11:45:37+00:00\",\"breadcrumb\":{\"@id\":\"https:\/\/brasilnoticias.org\/site\/cpi-do-crime-organizado-rejeita-indiciamento-de-ministros-do-stf-e-do-procurador-geral\/#breadcrumb\"},\"inLanguage\":\"pt-PT\",\"potentialAction\":[{\"@type\":\"ReadAction\",\"target\":[\"https:\/\/brasilnoticias.org\/site\/cpi-do-crime-organizado-rejeita-indiciamento-de-ministros-do-stf-e-do-procurador-geral\/\"]}]},{\"@type\":\"ImageObject\",\"inLanguage\":\"pt-PT\",\"@id\":\"https:\/\/brasilnoticias.org\/site\/cpi-do-crime-organizado-rejeita-indiciamento-de-ministros-do-stf-e-do-procurador-geral\/#primaryimage\",\"url\":\"https:\/\/brasilnoticias.org\/site\/wp-content\/uploads\/2026\/04\/181032cpi-do-crime-organizado-rejeita-indiciamento-de-moraes-toffoli-gilmar-e-gonet-3.jpg\",\"contentUrl\":\"https:\/\/brasilnoticias.org\/site\/wp-content\/uploads\/2026\/04\/181032cpi-do-crime-organizado-rejeita-indiciamento-de-moraes-toffoli-gilmar-e-gonet-3.jpg\",\"width\":1600,\"height\":752,\"caption\":\"Foto: Andressa Anholete\/Ag\u00eancia Senado\"},{\"@type\":\"BreadcrumbList\",\"@id\":\"https:\/\/brasilnoticias.org\/site\/cpi-do-crime-organizado-rejeita-indiciamento-de-ministros-do-stf-e-do-procurador-geral\/#breadcrumb\",\"itemListElement\":[{\"@type\":\"ListItem\",\"position\":1,\"name\":\"In\u00edcio\",\"item\":\"https:\/\/brasilnoticias.org\/site\/\"},{\"@type\":\"ListItem\",\"position\":2,\"name\":\"CPI do Crime Organizado rejeita indiciamento de ministros do STF e do procurador-geral\"}]},{\"@type\":\"WebSite\",\"@id\":\"https:\/\/brasilnoticias.org\/site\/#website\",\"url\":\"https:\/\/brasilnoticias.org\/site\/\",\"name\":\"Brasil not\u00edcias\",\"description\":\"Brasil not\u00edcias\",\"publisher\":{\"@id\":\"https:\/\/brasilnoticias.org\/site\/#organization\"},\"potentialAction\":[{\"@type\":\"SearchAction\",\"target\":{\"@type\":\"EntryPoint\",\"urlTemplate\":\"https:\/\/brasilnoticias.org\/site\/?s={search_term_string}\"},\"query-input\":{\"@type\":\"PropertyValueSpecification\",\"valueRequired\":true,\"valueName\":\"search_term_string\"}}],\"inLanguage\":\"pt-PT\"},{\"@type\":\"Organization\",\"@id\":\"https:\/\/brasilnoticias.org\/site\/#organization\",\"name\":\"Brasil not\u00edcias\",\"url\":\"https:\/\/brasilnoticias.org\/site\/\",\"logo\":{\"@type\":\"ImageObject\",\"inLanguage\":\"pt-PT\",\"@id\":\"https:\/\/brasilnoticias.org\/site\/#\/schema\/logo\/image\/\",\"url\":\"https:\/\/brasilnoticias.org\/site\/wp-content\/uploads\/2022\/05\/cropped-brasilnoticias-mini.jpg\",\"contentUrl\":\"https:\/\/brasilnoticias.org\/site\/wp-content\/uploads\/2022\/05\/cropped-brasilnoticias-mini.jpg\",\"width\":314,\"height\":86,\"caption\":\"Brasil not\u00edcias\"},\"image\":{\"@id\":\"https:\/\/brasilnoticias.org\/site\/#\/schema\/logo\/image\/\"}},{\"@type\":\"Person\",\"@id\":\"https:\/\/brasilnoticias.org\/site\/#\/schema\/person\/03bbbfe6c7634ad18c26444ea39049fa\",\"name\":\"Reda\u00e7\u00e3o\",\"image\":{\"@type\":\"ImageObject\",\"inLanguage\":\"pt-PT\",\"@id\":\"https:\/\/brasilnoticias.org\/site\/#\/schema\/person\/image\/\",\"url\":\"https:\/\/secure.gravatar.com\/avatar\/9ecaf7327a696cb23ad926fedded5f1f04d7049de9e445375d55b48c001a6e42?s=96&d=mm&r=g\",\"contentUrl\":\"https:\/\/secure.gravatar.com\/avatar\/9ecaf7327a696cb23ad926fedded5f1f04d7049de9e445375d55b48c001a6e42?s=96&d=mm&r=g\",\"caption\":\"Reda\u00e7\u00e3o\"},\"url\":\"https:\/\/brasilnoticias.org\/site\/author\/henrique\/\"}]}<\/script>\n<!-- \/ Yoast SEO plugin. -->","yoast_head_json":{"title":"CPI do Crime Organizado rejeita indiciamento de ministros do STF e do procurador-geral - Brasil not\u00edcias","robots":{"index":"index","follow":"follow","max-snippet":"max-snippet:-1","max-image-preview":"max-image-preview:large","max-video-preview":"max-video-preview:-1"},"canonical":"https:\/\/brasilnoticias.org\/site\/cpi-do-crime-organizado-rejeita-indiciamento-de-ministros-do-stf-e-do-procurador-geral\/","og_locale":"pt_PT","og_type":"article","og_title":"CPI do Crime Organizado rejeita indiciamento de ministros do STF e do procurador-geral - Brasil not\u00edcias","og_description":"Ap\u00f3s manobras, embates e pol\u00eamicas, a Comiss\u00e3o Parlamentar de Inqu\u00e9rito (CPI) do Crime Organizado rejeitou na noite desta ter\u00e7a-feira (14)","og_url":"https:\/\/brasilnoticias.org\/site\/cpi-do-crime-organizado-rejeita-indiciamento-de-ministros-do-stf-e-do-procurador-geral\/","og_site_name":"Brasil not\u00edcias","article_published_time":"2026-04-15T11:45:37+00:00","og_image":[{"width":1600,"height":752,"url":"https:\/\/brasilnoticias.org\/site\/wp-content\/uploads\/2026\/04\/181032cpi-do-crime-organizado-rejeita-indiciamento-de-moraes-toffoli-gilmar-e-gonet-3.jpg","type":"image\/jpeg"}],"author":"Reda\u00e7\u00e3o","twitter_card":"summary_large_image","twitter_misc":{"Escrito por":"Reda\u00e7\u00e3o","Tempo estimado de leitura":"3 minutos"},"schema":{"@context":"https:\/\/schema.org","@graph":[{"@type":"Article","@id":"https:\/\/brasilnoticias.org\/site\/cpi-do-crime-organizado-rejeita-indiciamento-de-ministros-do-stf-e-do-procurador-geral\/#article","isPartOf":{"@id":"https:\/\/brasilnoticias.org\/site\/cpi-do-crime-organizado-rejeita-indiciamento-de-ministros-do-stf-e-do-procurador-geral\/"},"author":{"name":"Reda\u00e7\u00e3o","@id":"https:\/\/brasilnoticias.org\/site\/#\/schema\/person\/03bbbfe6c7634ad18c26444ea39049fa"},"headline":"CPI do Crime Organizado rejeita indiciamento de ministros do STF e do procurador-geral","datePublished":"2026-04-15T11:45:37+00:00","mainEntityOfPage":{"@id":"https:\/\/brasilnoticias.org\/site\/cpi-do-crime-organizado-rejeita-indiciamento-de-ministros-do-stf-e-do-procurador-geral\/"},"wordCount":439,"commentCount":0,"publisher":{"@id":"https:\/\/brasilnoticias.org\/site\/#organization"},"image":{"@id":"https:\/\/brasilnoticias.org\/site\/cpi-do-crime-organizado-rejeita-indiciamento-de-ministros-do-stf-e-do-procurador-geral\/#primaryimage"},"thumbnailUrl":"https:\/\/brasilnoticias.org\/site\/wp-content\/uploads\/2026\/04\/181032cpi-do-crime-organizado-rejeita-indiciamento-de-moraes-toffoli-gilmar-e-gonet-3.jpg","articleSection":["Pol\u00edtica","\u00daltimas"],"inLanguage":"pt-PT","potentialAction":[{"@type":"CommentAction","name":"Comment","target":["https:\/\/brasilnoticias.org\/site\/cpi-do-crime-organizado-rejeita-indiciamento-de-ministros-do-stf-e-do-procurador-geral\/#respond"]}]},{"@type":"WebPage","@id":"https:\/\/brasilnoticias.org\/site\/cpi-do-crime-organizado-rejeita-indiciamento-de-ministros-do-stf-e-do-procurador-geral\/","url":"https:\/\/brasilnoticias.org\/site\/cpi-do-crime-organizado-rejeita-indiciamento-de-ministros-do-stf-e-do-procurador-geral\/","name":"CPI do Crime Organizado rejeita indiciamento de ministros do STF e do procurador-geral - Brasil not\u00edcias","isPartOf":{"@id":"https:\/\/brasilnoticias.org\/site\/#website"},"primaryImageOfPage":{"@id":"https:\/\/brasilnoticias.org\/site\/cpi-do-crime-organizado-rejeita-indiciamento-de-ministros-do-stf-e-do-procurador-geral\/#primaryimage"},"image":{"@id":"https:\/\/brasilnoticias.org\/site\/cpi-do-crime-organizado-rejeita-indiciamento-de-ministros-do-stf-e-do-procurador-geral\/#primaryimage"},"thumbnailUrl":"https:\/\/brasilnoticias.org\/site\/wp-content\/uploads\/2026\/04\/181032cpi-do-crime-organizado-rejeita-indiciamento-de-moraes-toffoli-gilmar-e-gonet-3.jpg","datePublished":"2026-04-15T11:45:37+00:00","breadcrumb":{"@id":"https:\/\/brasilnoticias.org\/site\/cpi-do-crime-organizado-rejeita-indiciamento-de-ministros-do-stf-e-do-procurador-geral\/#breadcrumb"},"inLanguage":"pt-PT","potentialAction":[{"@type":"ReadAction","target":["https:\/\/brasilnoticias.org\/site\/cpi-do-crime-organizado-rejeita-indiciamento-de-ministros-do-stf-e-do-procurador-geral\/"]}]},{"@type":"ImageObject","inLanguage":"pt-PT","@id":"https:\/\/brasilnoticias.org\/site\/cpi-do-crime-organizado-rejeita-indiciamento-de-ministros-do-stf-e-do-procurador-geral\/#primaryimage","url":"https:\/\/brasilnoticias.org\/site\/wp-content\/uploads\/2026\/04\/181032cpi-do-crime-organizado-rejeita-indiciamento-de-moraes-toffoli-gilmar-e-gonet-3.jpg","contentUrl":"https:\/\/brasilnoticias.org\/site\/wp-content\/uploads\/2026\/04\/181032cpi-do-crime-organizado-rejeita-indiciamento-de-moraes-toffoli-gilmar-e-gonet-3.jpg","width":1600,"height":752,"caption":"Foto: Andressa Anholete\/Ag\u00eancia Senado"},{"@type":"BreadcrumbList","@id":"https:\/\/brasilnoticias.org\/site\/cpi-do-crime-organizado-rejeita-indiciamento-de-ministros-do-stf-e-do-procurador-geral\/#breadcrumb","itemListElement":[{"@type":"ListItem","position":1,"name":"In\u00edcio","item":"https:\/\/brasilnoticias.org\/site\/"},{"@type":"ListItem","position":2,"name":"CPI do Crime Organizado rejeita indiciamento de ministros do STF e do procurador-geral"}]},{"@type":"WebSite","@id":"https:\/\/brasilnoticias.org\/site\/#website","url":"https:\/\/brasilnoticias.org\/site\/","name":"Brasil not\u00edcias","description":"Brasil not\u00edcias","publisher":{"@id":"https:\/\/brasilnoticias.org\/site\/#organization"},"potentialAction":[{"@type":"SearchAction","target":{"@type":"EntryPoint","urlTemplate":"https:\/\/brasilnoticias.org\/site\/?s={search_term_string}"},"query-input":{"@type":"PropertyValueSpecification","valueRequired":true,"valueName":"search_term_string"}}],"inLanguage":"pt-PT"},{"@type":"Organization","@id":"https:\/\/brasilnoticias.org\/site\/#organization","name":"Brasil not\u00edcias","url":"https:\/\/brasilnoticias.org\/site\/","logo":{"@type":"ImageObject","inLanguage":"pt-PT","@id":"https:\/\/brasilnoticias.org\/site\/#\/schema\/logo\/image\/","url":"https:\/\/brasilnoticias.org\/site\/wp-content\/uploads\/2022\/05\/cropped-brasilnoticias-mini.jpg","contentUrl":"https:\/\/brasilnoticias.org\/site\/wp-content\/uploads\/2022\/05\/cropped-brasilnoticias-mini.jpg","width":314,"height":86,"caption":"Brasil not\u00edcias"},"image":{"@id":"https:\/\/brasilnoticias.org\/site\/#\/schema\/logo\/image\/"}},{"@type":"Person","@id":"https:\/\/brasilnoticias.org\/site\/#\/schema\/person\/03bbbfe6c7634ad18c26444ea39049fa","name":"Reda\u00e7\u00e3o","image":{"@type":"ImageObject","inLanguage":"pt-PT","@id":"https:\/\/brasilnoticias.org\/site\/#\/schema\/person\/image\/","url":"https:\/\/secure.gravatar.com\/avatar\/9ecaf7327a696cb23ad926fedded5f1f04d7049de9e445375d55b48c001a6e42?s=96&d=mm&r=g","contentUrl":"https:\/\/secure.gravatar.com\/avatar\/9ecaf7327a696cb23ad926fedded5f1f04d7049de9e445375d55b48c001a6e42?s=96&d=mm&r=g","caption":"Reda\u00e7\u00e3o"},"url":"https:\/\/brasilnoticias.org\/site\/author\/henrique\/"}]}},"_links":{"self":[{"href":"https:\/\/brasilnoticias.org\/site\/wp-json\/wp\/v2\/posts\/21560","targetHints":{"allow":["GET"]}}],"collection":[{"href":"https:\/\/brasilnoticias.org\/site\/wp-json\/wp\/v2\/posts"}],"about":[{"href":"https:\/\/brasilnoticias.org\/site\/wp-json\/wp\/v2\/types\/post"}],"author":[{"embeddable":true,"href":"https:\/\/brasilnoticias.org\/site\/wp-json\/wp\/v2\/users\/4"}],"replies":[{"embeddable":true,"href":"https:\/\/brasilnoticias.org\/site\/wp-json\/wp\/v2\/comments?post=21560"}],"version-history":[{"count":1,"href":"https:\/\/brasilnoticias.org\/site\/wp-json\/wp\/v2\/posts\/21560\/revisions"}],"predecessor-version":[{"id":21562,"href":"https:\/\/brasilnoticias.org\/site\/wp-json\/wp\/v2\/posts\/21560\/revisions\/21562"}],"wp:featuredmedia":[{"embeddable":true,"href":"https:\/\/brasilnoticias.org\/site\/wp-json\/wp\/v2\/media\/21561"}],"wp:attachment":[{"href":"https:\/\/brasilnoticias.org\/site\/wp-json\/wp\/v2\/media?parent=21560"}],"wp:term":[{"taxonomy":"category","embeddable":true,"href":"https:\/\/brasilnoticias.org\/site\/wp-json\/wp\/v2\/categories?post=21560"},{"taxonomy":"post_tag","embeddable":true,"href":"https:\/\/brasilnoticias.org\/site\/wp-json\/wp\/v2\/tags?post=21560"}],"curies":[{"name":"wp","href":"https:\/\/api.w.org\/{rel}","templated":true}]}}