{"id":21566,"date":"2026-04-15T09:27:06","date_gmt":"2026-04-15T12:27:06","guid":{"rendered":"https:\/\/brasilnoticias.org\/site\/?p=21566"},"modified":"2026-04-15T09:27:06","modified_gmt":"2026-04-15T12:27:06","slug":"justica-proibe-abate-de-jumentos-na-bahia-por-maus-tratos-e-risco-de-extincao","status":"publish","type":"post","link":"https:\/\/brasilnoticias.org\/site\/justica-proibe-abate-de-jumentos-na-bahia-por-maus-tratos-e-risco-de-extincao\/","title":{"rendered":"Justi\u00e7a pro\u00edbe abate de jumentos na Bahia por maus-tratos e risco de extin\u00e7\u00e3o"},"content":{"rendered":"<p data-start=\"203\" data-end=\"435\">A Justi\u00e7a Federal determinou a proibi\u00e7\u00e3o do abate de jumentos na Bahia, em decis\u00e3o considerada hist\u00f3rica por entidades de prote\u00e7\u00e3o animal. A medida foi tomada ap\u00f3s o reconhecimento de maus-tratos e riscos \u00e0 sobreviv\u00eancia da esp\u00e9cie.<\/p>\n<p data-start=\"437\" data-end=\"606\">A decis\u00e3o foi assinada pela ju\u00edza Arali Maciel Duarte e atende a uma a\u00e7\u00e3o civil p\u00fablica movida por organiza\u00e7\u00f5es de defesa animal.<\/p>\n<h3 data-section-id=\"1syxm5\" data-start=\"608\" data-end=\"639\">Proibi\u00e7\u00e3o vai al\u00e9m do abate<\/h3>\n<p data-start=\"641\" data-end=\"729\">Al\u00e9m de impedir o abate, a decis\u00e3o determina que tamb\u00e9m sejam suspensas atividades como:<\/p>\n<ul data-start=\"731\" data-end=\"820\">\n<li data-section-id=\"1fxwfy0\" data-start=\"731\" data-end=\"754\">Captura de jumentos<\/li>\n<li data-section-id=\"1o0ekrk\" data-start=\"755\" data-end=\"788\">Comercializa\u00e7\u00e3o para esse fim<\/li>\n<li data-section-id=\"250nng\" data-start=\"789\" data-end=\"820\">Confinamento em abatedouros<\/li>\n<\/ul>\n<p data-start=\"822\" data-end=\"957\">Os animais que j\u00e1 estavam em frigor\u00edficos dever\u00e3o ser encaminhados para santu\u00e1rios de prote\u00e7\u00e3o.<\/p>\n<h3 data-section-id=\"1sndh98\" data-start=\"959\" data-end=\"994\">Maus-tratos foram determinantes<\/h3>\n<p data-start=\"996\" data-end=\"1082\">A senten\u00e7a se baseou em provas que apontaram situa\u00e7\u00f5es graves de crueldade, incluindo:<\/p>\n<ul data-start=\"1084\" data-end=\"1189\">\n<li data-section-id=\"169goik\" data-start=\"1084\" data-end=\"1115\">Falta de \u00e1gua e alimenta\u00e7\u00e3o<\/li>\n<li data-section-id=\"dk3k1z\" data-start=\"1116\" data-end=\"1141\">Transporte inadequado<\/li>\n<li data-section-id=\"1l71s4f\" data-start=\"1142\" data-end=\"1189\">Animais mortos ou agonizando antes do abate<\/li>\n<\/ul>\n<p data-start=\"1191\" data-end=\"1354\">Relat\u00f3rios, v\u00eddeos e registros t\u00e9cnicos indicaram condi\u00e7\u00f5es prec\u00e1rias no manejo dos animais, refor\u00e7ando a decis\u00e3o judicial.<\/p>\n<h3 data-section-id=\"bqy5b7\" data-start=\"1356\" data-end=\"1388\">Risco de extin\u00e7\u00e3o da esp\u00e9cie<\/h3>\n<p data-start=\"1390\" data-end=\"1559\">Outro ponto central foi o risco de desaparecimento dos jumentos no Brasil. Dados apresentados no processo indicam queda acentuada da popula\u00e7\u00e3o ao longo dos \u00faltimos anos.<\/p>\n<p data-start=\"1561\" data-end=\"1753\">Especialistas apontam que a explora\u00e7\u00e3o intensiva, principalmente para exporta\u00e7\u00e3o de couro, pode levar a esp\u00e9cie \u00e0 extin\u00e7\u00e3o caso continue no ritmo atual.<\/p>\n<h3 data-section-id=\"1u3quz5\" data-start=\"1755\" data-end=\"1792\">Liga\u00e7\u00e3o com mercado internacional<\/h3>\n<p data-start=\"1794\" data-end=\"1955\">O aumento do abate est\u00e1 relacionado \u00e0 exporta\u00e7\u00e3o da pele dos animais para a China, onde \u00e9 utilizada na produ\u00e7\u00e3o do <strong data-start=\"1909\" data-end=\"1918\">ejiao<\/strong>, subst\u00e2ncia da medicina tradicional.<\/p>\n<p data-start=\"1957\" data-end=\"2099\">Essa demanda internacional impulsionou a atividade no Brasil nos \u00faltimos anos, especialmente na Bahia.<\/p>\n<h3 data-section-id=\"1qhfpac\" data-start=\"2101\" data-end=\"2137\">Decis\u00e3o vale apenas para a Bahia<\/h3>\n<p data-start=\"2139\" data-end=\"2297\">A proibi\u00e7\u00e3o tem efeito imediato, mas \u00e9 v\u00e1lida apenas no estado da Bahia. A magistrada destacou que n\u00e3o h\u00e1, neste momento, decis\u00e3o abrangente para todo o pa\u00eds.<\/p>\n<p data-start=\"2299\" data-end=\"2385\">Ainda assim, o caso pode influenciar debates jur\u00eddicos e ambientais em outras regi\u00f5es.<\/p>\n<h3 data-section-id=\"1y5uz68\" data-start=\"2387\" data-end=\"2406\">Debate continua<\/h3>\n<p data-start=\"2408\" data-end=\"2488\">Apesar da decis\u00e3o, o tema segue em disputa judicial e pode ser alvo de recursos.<\/p>\n<p data-start=\"2490\" data-end=\"2669\">De um lado, entidades defendem a preserva\u00e7\u00e3o da esp\u00e9cie e o fim definitivo da pr\u00e1tica. Do outro, setores econ\u00f4micos argumentam que a atividade gera renda e pode ser regulamentada.<\/p>\n","protected":false},"excerpt":{"rendered":"<p>A Justi\u00e7a Federal determinou a proibi\u00e7\u00e3o do abate de jumentos na Bahia, em decis\u00e3o considerada hist\u00f3rica por entidades de prote\u00e7\u00e3o<\/p>\n","protected":false},"author":4,"featured_media":21568,"comment_status":"open","ping_status":"open","sticky":false,"template":"","format":"standard","meta":{"colormag_page_container_layout":"default_layout","colormag_page_sidebar_layout":"default_layout","_FSMCFIC_featured_image_caption":"","_FSMCFIC_featured_image_nocaption":"","_FSMCFIC_featured_image_hide":"","footnotes":""},"categories":[7,1],"tags":[],"class_list":["post-21566","post","type-post","status-publish","format-standard","has-post-thumbnail","hentry","category-justica","category-ultimas"],"yoast_head":"<!-- This site is optimized with the Yoast SEO plugin v27.1.1 - https:\/\/yoast.com\/product\/yoast-seo-wordpress\/ -->\n<title>Justi\u00e7a pro\u00edbe abate de jumentos na Bahia por maus-tratos e risco de extin\u00e7\u00e3o - Brasil not\u00edcias<\/title>\n<meta name=\"robots\" content=\"index, follow, max-snippet:-1, max-image-preview:large, max-video-preview:-1\" \/>\n<link rel=\"canonical\" href=\"https:\/\/brasilnoticias.org\/site\/justica-proibe-abate-de-jumentos-na-bahia-por-maus-tratos-e-risco-de-extincao\/\" \/>\n<meta property=\"og:locale\" content=\"pt_PT\" \/>\n<meta property=\"og:type\" content=\"article\" \/>\n<meta property=\"og:title\" content=\"Justi\u00e7a pro\u00edbe abate de jumentos na Bahia por maus-tratos e risco de extin\u00e7\u00e3o - Brasil not\u00edcias\" \/>\n<meta property=\"og:description\" content=\"A Justi\u00e7a Federal determinou a proibi\u00e7\u00e3o do abate de jumentos na Bahia, em decis\u00e3o considerada hist\u00f3rica por entidades de prote\u00e7\u00e3o\" \/>\n<meta property=\"og:url\" content=\"https:\/\/brasilnoticias.org\/site\/justica-proibe-abate-de-jumentos-na-bahia-por-maus-tratos-e-risco-de-extincao\/\" \/>\n<meta property=\"og:site_name\" content=\"Brasil not\u00edcias\" \/>\n<meta property=\"article:published_time\" content=\"2026-04-15T12:27:06+00:00\" \/>\n<meta property=\"og:image\" content=\"https:\/\/brasilnoticias.org\/site\/wp-content\/uploads\/2026\/04\/carol-highsmith-s-america-8x8MlxrmQ4I-unsplash-1.jpg\" \/>\n\t<meta property=\"og:image:width\" content=\"640\" \/>\n\t<meta property=\"og:image:height\" content=\"600\" \/>\n\t<meta property=\"og:image:type\" content=\"image\/jpeg\" \/>\n<meta name=\"author\" content=\"Reda\u00e7\u00e3o\" \/>\n<meta name=\"twitter:card\" content=\"summary_large_image\" \/>\n<meta name=\"twitter:label1\" content=\"Escrito por\" \/>\n\t<meta name=\"twitter:data1\" content=\"Reda\u00e7\u00e3o\" \/>\n\t<meta name=\"twitter:label2\" content=\"Tempo estimado de leitura\" \/>\n\t<meta name=\"twitter:data2\" content=\"3 minutos\" \/>\n<script type=\"application\/ld+json\" class=\"yoast-schema-graph\">{\"@context\":\"https:\/\/schema.org\",\"@graph\":[{\"@type\":\"Article\",\"@id\":\"https:\/\/brasilnoticias.org\/site\/justica-proibe-abate-de-jumentos-na-bahia-por-maus-tratos-e-risco-de-extincao\/#article\",\"isPartOf\":{\"@id\":\"https:\/\/brasilnoticias.org\/site\/justica-proibe-abate-de-jumentos-na-bahia-por-maus-tratos-e-risco-de-extincao\/\"},\"author\":{\"name\":\"Reda\u00e7\u00e3o\",\"@id\":\"https:\/\/brasilnoticias.org\/site\/#\/schema\/person\/03bbbfe6c7634ad18c26444ea39049fa\"},\"headline\":\"Justi\u00e7a pro\u00edbe abate de jumentos na Bahia por maus-tratos e risco de extin\u00e7\u00e3o\",\"datePublished\":\"2026-04-15T12:27:06+00:00\",\"mainEntityOfPage\":{\"@id\":\"https:\/\/brasilnoticias.org\/site\/justica-proibe-abate-de-jumentos-na-bahia-por-maus-tratos-e-risco-de-extincao\/\"},\"wordCount\":404,\"commentCount\":0,\"publisher\":{\"@id\":\"https:\/\/brasilnoticias.org\/site\/#organization\"},\"image\":{\"@id\":\"https:\/\/brasilnoticias.org\/site\/justica-proibe-abate-de-jumentos-na-bahia-por-maus-tratos-e-risco-de-extincao\/#primaryimage\"},\"thumbnailUrl\":\"https:\/\/brasilnoticias.org\/site\/wp-content\/uploads\/2026\/04\/carol-highsmith-s-america-8x8MlxrmQ4I-unsplash-1.jpg\",\"articleSection\":[\"Justi\u00e7a\",\"\u00daltimas\"],\"inLanguage\":\"pt-PT\",\"potentialAction\":[{\"@type\":\"CommentAction\",\"name\":\"Comment\",\"target\":[\"https:\/\/brasilnoticias.org\/site\/justica-proibe-abate-de-jumentos-na-bahia-por-maus-tratos-e-risco-de-extincao\/#respond\"]}]},{\"@type\":\"WebPage\",\"@id\":\"https:\/\/brasilnoticias.org\/site\/justica-proibe-abate-de-jumentos-na-bahia-por-maus-tratos-e-risco-de-extincao\/\",\"url\":\"https:\/\/brasilnoticias.org\/site\/justica-proibe-abate-de-jumentos-na-bahia-por-maus-tratos-e-risco-de-extincao\/\",\"name\":\"Justi\u00e7a pro\u00edbe abate de jumentos na Bahia por maus-tratos e risco de extin\u00e7\u00e3o - Brasil not\u00edcias\",\"isPartOf\":{\"@id\":\"https:\/\/brasilnoticias.org\/site\/#website\"},\"primaryImageOfPage\":{\"@id\":\"https:\/\/brasilnoticias.org\/site\/justica-proibe-abate-de-jumentos-na-bahia-por-maus-tratos-e-risco-de-extincao\/#primaryimage\"},\"image\":{\"@id\":\"https:\/\/brasilnoticias.org\/site\/justica-proibe-abate-de-jumentos-na-bahia-por-maus-tratos-e-risco-de-extincao\/#primaryimage\"},\"thumbnailUrl\":\"https:\/\/brasilnoticias.org\/site\/wp-content\/uploads\/2026\/04\/carol-highsmith-s-america-8x8MlxrmQ4I-unsplash-1.jpg\",\"datePublished\":\"2026-04-15T12:27:06+00:00\",\"breadcrumb\":{\"@id\":\"https:\/\/brasilnoticias.org\/site\/justica-proibe-abate-de-jumentos-na-bahia-por-maus-tratos-e-risco-de-extincao\/#breadcrumb\"},\"inLanguage\":\"pt-PT\",\"potentialAction\":[{\"@type\":\"ReadAction\",\"target\":[\"https:\/\/brasilnoticias.org\/site\/justica-proibe-abate-de-jumentos-na-bahia-por-maus-tratos-e-risco-de-extincao\/\"]}]},{\"@type\":\"ImageObject\",\"inLanguage\":\"pt-PT\",\"@id\":\"https:\/\/brasilnoticias.org\/site\/justica-proibe-abate-de-jumentos-na-bahia-por-maus-tratos-e-risco-de-extincao\/#primaryimage\",\"url\":\"https:\/\/brasilnoticias.org\/site\/wp-content\/uploads\/2026\/04\/carol-highsmith-s-america-8x8MlxrmQ4I-unsplash-1.jpg\",\"contentUrl\":\"https:\/\/brasilnoticias.org\/site\/wp-content\/uploads\/2026\/04\/carol-highsmith-s-america-8x8MlxrmQ4I-unsplash-1.jpg\",\"width\":640,\"height\":600,\"caption\":\"(Unsplash)\"},{\"@type\":\"BreadcrumbList\",\"@id\":\"https:\/\/brasilnoticias.org\/site\/justica-proibe-abate-de-jumentos-na-bahia-por-maus-tratos-e-risco-de-extincao\/#breadcrumb\",\"itemListElement\":[{\"@type\":\"ListItem\",\"position\":1,\"name\":\"In\u00edcio\",\"item\":\"https:\/\/brasilnoticias.org\/site\/\"},{\"@type\":\"ListItem\",\"position\":2,\"name\":\"Justi\u00e7a pro\u00edbe abate de jumentos na Bahia por maus-tratos e risco de extin\u00e7\u00e3o\"}]},{\"@type\":\"WebSite\",\"@id\":\"https:\/\/brasilnoticias.org\/site\/#website\",\"url\":\"https:\/\/brasilnoticias.org\/site\/\",\"name\":\"Brasil not\u00edcias\",\"description\":\"Brasil not\u00edcias\",\"publisher\":{\"@id\":\"https:\/\/brasilnoticias.org\/site\/#organization\"},\"potentialAction\":[{\"@type\":\"SearchAction\",\"target\":{\"@type\":\"EntryPoint\",\"urlTemplate\":\"https:\/\/brasilnoticias.org\/site\/?s={search_term_string}\"},\"query-input\":{\"@type\":\"PropertyValueSpecification\",\"valueRequired\":true,\"valueName\":\"search_term_string\"}}],\"inLanguage\":\"pt-PT\"},{\"@type\":\"Organization\",\"@id\":\"https:\/\/brasilnoticias.org\/site\/#organization\",\"name\":\"Brasil not\u00edcias\",\"url\":\"https:\/\/brasilnoticias.org\/site\/\",\"logo\":{\"@type\":\"ImageObject\",\"inLanguage\":\"pt-PT\",\"@id\":\"https:\/\/brasilnoticias.org\/site\/#\/schema\/logo\/image\/\",\"url\":\"https:\/\/brasilnoticias.org\/site\/wp-content\/uploads\/2022\/05\/cropped-brasilnoticias-mini.jpg\",\"contentUrl\":\"https:\/\/brasilnoticias.org\/site\/wp-content\/uploads\/2022\/05\/cropped-brasilnoticias-mini.jpg\",\"width\":314,\"height\":86,\"caption\":\"Brasil not\u00edcias\"},\"image\":{\"@id\":\"https:\/\/brasilnoticias.org\/site\/#\/schema\/logo\/image\/\"}},{\"@type\":\"Person\",\"@id\":\"https:\/\/brasilnoticias.org\/site\/#\/schema\/person\/03bbbfe6c7634ad18c26444ea39049fa\",\"name\":\"Reda\u00e7\u00e3o\",\"image\":{\"@type\":\"ImageObject\",\"inLanguage\":\"pt-PT\",\"@id\":\"https:\/\/brasilnoticias.org\/site\/#\/schema\/person\/image\/\",\"url\":\"https:\/\/secure.gravatar.com\/avatar\/9ecaf7327a696cb23ad926fedded5f1f04d7049de9e445375d55b48c001a6e42?s=96&d=mm&r=g\",\"contentUrl\":\"https:\/\/secure.gravatar.com\/avatar\/9ecaf7327a696cb23ad926fedded5f1f04d7049de9e445375d55b48c001a6e42?s=96&d=mm&r=g\",\"caption\":\"Reda\u00e7\u00e3o\"},\"url\":\"https:\/\/brasilnoticias.org\/site\/author\/henrique\/\"}]}<\/script>\n<!-- \/ Yoast SEO plugin. -->","yoast_head_json":{"title":"Justi\u00e7a pro\u00edbe abate de jumentos na Bahia por maus-tratos e risco de extin\u00e7\u00e3o - Brasil not\u00edcias","robots":{"index":"index","follow":"follow","max-snippet":"max-snippet:-1","max-image-preview":"max-image-preview:large","max-video-preview":"max-video-preview:-1"},"canonical":"https:\/\/brasilnoticias.org\/site\/justica-proibe-abate-de-jumentos-na-bahia-por-maus-tratos-e-risco-de-extincao\/","og_locale":"pt_PT","og_type":"article","og_title":"Justi\u00e7a pro\u00edbe abate de jumentos na Bahia por maus-tratos e risco de extin\u00e7\u00e3o - Brasil not\u00edcias","og_description":"A Justi\u00e7a Federal determinou a proibi\u00e7\u00e3o do abate de jumentos na Bahia, em decis\u00e3o considerada hist\u00f3rica por entidades de prote\u00e7\u00e3o","og_url":"https:\/\/brasilnoticias.org\/site\/justica-proibe-abate-de-jumentos-na-bahia-por-maus-tratos-e-risco-de-extincao\/","og_site_name":"Brasil not\u00edcias","article_published_time":"2026-04-15T12:27:06+00:00","og_image":[{"width":640,"height":600,"url":"https:\/\/brasilnoticias.org\/site\/wp-content\/uploads\/2026\/04\/carol-highsmith-s-america-8x8MlxrmQ4I-unsplash-1.jpg","type":"image\/jpeg"}],"author":"Reda\u00e7\u00e3o","twitter_card":"summary_large_image","twitter_misc":{"Escrito por":"Reda\u00e7\u00e3o","Tempo estimado de leitura":"3 minutos"},"schema":{"@context":"https:\/\/schema.org","@graph":[{"@type":"Article","@id":"https:\/\/brasilnoticias.org\/site\/justica-proibe-abate-de-jumentos-na-bahia-por-maus-tratos-e-risco-de-extincao\/#article","isPartOf":{"@id":"https:\/\/brasilnoticias.org\/site\/justica-proibe-abate-de-jumentos-na-bahia-por-maus-tratos-e-risco-de-extincao\/"},"author":{"name":"Reda\u00e7\u00e3o","@id":"https:\/\/brasilnoticias.org\/site\/#\/schema\/person\/03bbbfe6c7634ad18c26444ea39049fa"},"headline":"Justi\u00e7a pro\u00edbe abate de jumentos na Bahia por maus-tratos e risco de extin\u00e7\u00e3o","datePublished":"2026-04-15T12:27:06+00:00","mainEntityOfPage":{"@id":"https:\/\/brasilnoticias.org\/site\/justica-proibe-abate-de-jumentos-na-bahia-por-maus-tratos-e-risco-de-extincao\/"},"wordCount":404,"commentCount":0,"publisher":{"@id":"https:\/\/brasilnoticias.org\/site\/#organization"},"image":{"@id":"https:\/\/brasilnoticias.org\/site\/justica-proibe-abate-de-jumentos-na-bahia-por-maus-tratos-e-risco-de-extincao\/#primaryimage"},"thumbnailUrl":"https:\/\/brasilnoticias.org\/site\/wp-content\/uploads\/2026\/04\/carol-highsmith-s-america-8x8MlxrmQ4I-unsplash-1.jpg","articleSection":["Justi\u00e7a","\u00daltimas"],"inLanguage":"pt-PT","potentialAction":[{"@type":"CommentAction","name":"Comment","target":["https:\/\/brasilnoticias.org\/site\/justica-proibe-abate-de-jumentos-na-bahia-por-maus-tratos-e-risco-de-extincao\/#respond"]}]},{"@type":"WebPage","@id":"https:\/\/brasilnoticias.org\/site\/justica-proibe-abate-de-jumentos-na-bahia-por-maus-tratos-e-risco-de-extincao\/","url":"https:\/\/brasilnoticias.org\/site\/justica-proibe-abate-de-jumentos-na-bahia-por-maus-tratos-e-risco-de-extincao\/","name":"Justi\u00e7a pro\u00edbe abate de jumentos na Bahia por maus-tratos e risco de extin\u00e7\u00e3o - Brasil not\u00edcias","isPartOf":{"@id":"https:\/\/brasilnoticias.org\/site\/#website"},"primaryImageOfPage":{"@id":"https:\/\/brasilnoticias.org\/site\/justica-proibe-abate-de-jumentos-na-bahia-por-maus-tratos-e-risco-de-extincao\/#primaryimage"},"image":{"@id":"https:\/\/brasilnoticias.org\/site\/justica-proibe-abate-de-jumentos-na-bahia-por-maus-tratos-e-risco-de-extincao\/#primaryimage"},"thumbnailUrl":"https:\/\/brasilnoticias.org\/site\/wp-content\/uploads\/2026\/04\/carol-highsmith-s-america-8x8MlxrmQ4I-unsplash-1.jpg","datePublished":"2026-04-15T12:27:06+00:00","breadcrumb":{"@id":"https:\/\/brasilnoticias.org\/site\/justica-proibe-abate-de-jumentos-na-bahia-por-maus-tratos-e-risco-de-extincao\/#breadcrumb"},"inLanguage":"pt-PT","potentialAction":[{"@type":"ReadAction","target":["https:\/\/brasilnoticias.org\/site\/justica-proibe-abate-de-jumentos-na-bahia-por-maus-tratos-e-risco-de-extincao\/"]}]},{"@type":"ImageObject","inLanguage":"pt-PT","@id":"https:\/\/brasilnoticias.org\/site\/justica-proibe-abate-de-jumentos-na-bahia-por-maus-tratos-e-risco-de-extincao\/#primaryimage","url":"https:\/\/brasilnoticias.org\/site\/wp-content\/uploads\/2026\/04\/carol-highsmith-s-america-8x8MlxrmQ4I-unsplash-1.jpg","contentUrl":"https:\/\/brasilnoticias.org\/site\/wp-content\/uploads\/2026\/04\/carol-highsmith-s-america-8x8MlxrmQ4I-unsplash-1.jpg","width":640,"height":600,"caption":"(Unsplash)"},{"@type":"BreadcrumbList","@id":"https:\/\/brasilnoticias.org\/site\/justica-proibe-abate-de-jumentos-na-bahia-por-maus-tratos-e-risco-de-extincao\/#breadcrumb","itemListElement":[{"@type":"ListItem","position":1,"name":"In\u00edcio","item":"https:\/\/brasilnoticias.org\/site\/"},{"@type":"ListItem","position":2,"name":"Justi\u00e7a pro\u00edbe abate de jumentos na Bahia por maus-tratos e risco de extin\u00e7\u00e3o"}]},{"@type":"WebSite","@id":"https:\/\/brasilnoticias.org\/site\/#website","url":"https:\/\/brasilnoticias.org\/site\/","name":"Brasil not\u00edcias","description":"Brasil not\u00edcias","publisher":{"@id":"https:\/\/brasilnoticias.org\/site\/#organization"},"potentialAction":[{"@type":"SearchAction","target":{"@type":"EntryPoint","urlTemplate":"https:\/\/brasilnoticias.org\/site\/?s={search_term_string}"},"query-input":{"@type":"PropertyValueSpecification","valueRequired":true,"valueName":"search_term_string"}}],"inLanguage":"pt-PT"},{"@type":"Organization","@id":"https:\/\/brasilnoticias.org\/site\/#organization","name":"Brasil not\u00edcias","url":"https:\/\/brasilnoticias.org\/site\/","logo":{"@type":"ImageObject","inLanguage":"pt-PT","@id":"https:\/\/brasilnoticias.org\/site\/#\/schema\/logo\/image\/","url":"https:\/\/brasilnoticias.org\/site\/wp-content\/uploads\/2022\/05\/cropped-brasilnoticias-mini.jpg","contentUrl":"https:\/\/brasilnoticias.org\/site\/wp-content\/uploads\/2022\/05\/cropped-brasilnoticias-mini.jpg","width":314,"height":86,"caption":"Brasil not\u00edcias"},"image":{"@id":"https:\/\/brasilnoticias.org\/site\/#\/schema\/logo\/image\/"}},{"@type":"Person","@id":"https:\/\/brasilnoticias.org\/site\/#\/schema\/person\/03bbbfe6c7634ad18c26444ea39049fa","name":"Reda\u00e7\u00e3o","image":{"@type":"ImageObject","inLanguage":"pt-PT","@id":"https:\/\/brasilnoticias.org\/site\/#\/schema\/person\/image\/","url":"https:\/\/secure.gravatar.com\/avatar\/9ecaf7327a696cb23ad926fedded5f1f04d7049de9e445375d55b48c001a6e42?s=96&d=mm&r=g","contentUrl":"https:\/\/secure.gravatar.com\/avatar\/9ecaf7327a696cb23ad926fedded5f1f04d7049de9e445375d55b48c001a6e42?s=96&d=mm&r=g","caption":"Reda\u00e7\u00e3o"},"url":"https:\/\/brasilnoticias.org\/site\/author\/henrique\/"}]}},"_links":{"self":[{"href":"https:\/\/brasilnoticias.org\/site\/wp-json\/wp\/v2\/posts\/21566","targetHints":{"allow":["GET"]}}],"collection":[{"href":"https:\/\/brasilnoticias.org\/site\/wp-json\/wp\/v2\/posts"}],"about":[{"href":"https:\/\/brasilnoticias.org\/site\/wp-json\/wp\/v2\/types\/post"}],"author":[{"embeddable":true,"href":"https:\/\/brasilnoticias.org\/site\/wp-json\/wp\/v2\/users\/4"}],"replies":[{"embeddable":true,"href":"https:\/\/brasilnoticias.org\/site\/wp-json\/wp\/v2\/comments?post=21566"}],"version-history":[{"count":1,"href":"https:\/\/brasilnoticias.org\/site\/wp-json\/wp\/v2\/posts\/21566\/revisions"}],"predecessor-version":[{"id":21569,"href":"https:\/\/brasilnoticias.org\/site\/wp-json\/wp\/v2\/posts\/21566\/revisions\/21569"}],"wp:featuredmedia":[{"embeddable":true,"href":"https:\/\/brasilnoticias.org\/site\/wp-json\/wp\/v2\/media\/21568"}],"wp:attachment":[{"href":"https:\/\/brasilnoticias.org\/site\/wp-json\/wp\/v2\/media?parent=21566"}],"wp:term":[{"taxonomy":"category","embeddable":true,"href":"https:\/\/brasilnoticias.org\/site\/wp-json\/wp\/v2\/categories?post=21566"},{"taxonomy":"post_tag","embeddable":true,"href":"https:\/\/brasilnoticias.org\/site\/wp-json\/wp\/v2\/tags?post=21566"}],"curies":[{"name":"wp","href":"https:\/\/api.w.org\/{rel}","templated":true}]}}