{"id":2157,"date":"2022-11-15T07:20:19","date_gmt":"2022-11-15T10:20:19","guid":{"rendered":"https:\/\/brasilnoticias.org\/site\/?p=2157"},"modified":"2022-11-14T21:08:37","modified_gmt":"2022-11-15T00:08:37","slug":"aos-74-anos-felipao-anuncia-aposentadoria-como-treinador","status":"publish","type":"post","link":"https:\/\/brasilnoticias.org\/site\/aos-74-anos-felipao-anuncia-aposentadoria-como-treinador\/","title":{"rendered":"Aos 74 anos, Felip\u00e3o anuncia aposentadoria como treinador"},"content":{"rendered":"<div id=\"content\" class=\"clearfix\">\n<article id=\"post-4941\" class=\"post-4941 post type-post status-publish format-standard has-post-thumbnail hentry category-esporte category-ultimas\">\n<div class=\"article-content clearfix\">\n<div class=\"entry-content clearfix\">\n<p>A partida deste domingo (13) do Athletico Paranaense, na Arena da Baixada, contra o Botafogo, ser\u00e1 a \u00faltima do t\u00e9cnico Luiz Felipe Scolari, mais conhecido como Felip\u00e3o. Ele anunciou, aos 74 anos, sua aposentadoria como treinador de futebol.<\/p>\n<p>A carreira de Felip\u00e3o \u00e9 marcado pela conquista do pentacampeonato da Sele\u00e7\u00e3o Brasileira em 2002, e pelo 7 a 1 sofrido em 2016 na Copa do Mundo no Brasil contra a Alemanha. Com a sua aposentadoria do cargo, ele se torna diretor t\u00e9cnico do Athletico. Sua fun\u00e7\u00e3o passa a ser assumida por Paulo Turra, bra\u00e7o direito de Felip\u00e3o no time.<\/p>\n<p>Foto: Reprodu\u00e7\u00e3o\/ Instagram<br \/>\nPor: Metro1<\/p>\n<\/div>\n<\/div>\n<\/article>\n<\/div>\n","protected":false},"excerpt":{"rendered":"<p>A partida deste domingo (13) do Athletico Paranaense, na Arena da Baixada, contra o Botafogo, ser\u00e1 a \u00faltima do t\u00e9cnico<\/p>\n","protected":false},"author":1,"featured_media":2158,"comment_status":"open","ping_status":"open","sticky":false,"template":"","format":"standard","meta":{"colormag_page_container_layout":"default_layout","colormag_page_sidebar_layout":"default_layout","_FSMCFIC_featured_image_caption":"","_FSMCFIC_featured_image_nocaption":"","_FSMCFIC_featured_image_hide":"","footnotes":""},"categories":[4,1],"tags":[],"class_list":["post-2157","post","type-post","status-publish","format-standard","has-post-thumbnail","hentry","category-esporte","category-ultimas"],"yoast_head":"<!-- This site is optimized with the Yoast SEO plugin v27.1.1 - https:\/\/yoast.com\/product\/yoast-seo-wordpress\/ -->\n<title>Aos 74 anos, Felip\u00e3o anuncia aposentadoria como treinador - Brasil not\u00edcias<\/title>\n<meta name=\"robots\" content=\"index, follow, max-snippet:-1, max-image-preview:large, max-video-preview:-1\" \/>\n<link rel=\"canonical\" href=\"https:\/\/brasilnoticias.org\/site\/aos-74-anos-felipao-anuncia-aposentadoria-como-treinador\/\" \/>\n<meta property=\"og:locale\" content=\"pt_PT\" \/>\n<meta property=\"og:type\" content=\"article\" \/>\n<meta property=\"og:title\" content=\"Aos 74 anos, Felip\u00e3o anuncia aposentadoria como treinador - Brasil not\u00edcias\" \/>\n<meta property=\"og:description\" content=\"A partida deste domingo (13) do Athletico Paranaense, na Arena da Baixada, contra o Botafogo, ser\u00e1 a \u00faltima do t\u00e9cnico\" \/>\n<meta property=\"og:url\" content=\"https:\/\/brasilnoticias.org\/site\/aos-74-anos-felipao-anuncia-aposentadoria-como-treinador\/\" \/>\n<meta property=\"og:site_name\" content=\"Brasil not\u00edcias\" \/>\n<meta property=\"article:published_time\" content=\"2022-11-15T10:20:19+00:00\" \/>\n<meta property=\"og:image\" content=\"https:\/\/brasilnoticias.org\/site\/wp-content\/uploads\/2022\/11\/130368aos-74-anos-felipao-anuncia-aposentadoria-como-treinador-3-800x445-1.jpg\" \/>\n\t<meta property=\"og:image:width\" content=\"800\" \/>\n\t<meta property=\"og:image:height\" content=\"445\" \/>\n\t<meta property=\"og:image:type\" content=\"image\/jpeg\" \/>\n<meta name=\"author\" content=\"Reda\u00e7\u00e3o\" \/>\n<meta name=\"twitter:card\" content=\"summary_large_image\" \/>\n<meta name=\"twitter:label1\" content=\"Escrito por\" \/>\n\t<meta name=\"twitter:data1\" content=\"Reda\u00e7\u00e3o\" \/>\n\t<meta name=\"twitter:label2\" content=\"Tempo estimado de leitura\" \/>\n\t<meta name=\"twitter:data2\" content=\"1 minuto\" \/>\n<script type=\"application\/ld+json\" class=\"yoast-schema-graph\">{\"@context\":\"https:\/\/schema.org\",\"@graph\":[{\"@type\":\"Article\",\"@id\":\"https:\/\/brasilnoticias.org\/site\/aos-74-anos-felipao-anuncia-aposentadoria-como-treinador\/#article\",\"isPartOf\":{\"@id\":\"https:\/\/brasilnoticias.org\/site\/aos-74-anos-felipao-anuncia-aposentadoria-como-treinador\/\"},\"author\":{\"name\":\"Reda\u00e7\u00e3o\",\"@id\":\"https:\/\/brasilnoticias.org\/site\/#\/schema\/person\/a0e05b973ec4d15c658d51911e53507b\"},\"headline\":\"Aos 74 anos, Felip\u00e3o anuncia aposentadoria como treinador\",\"datePublished\":\"2022-11-15T10:20:19+00:00\",\"mainEntityOfPage\":{\"@id\":\"https:\/\/brasilnoticias.org\/site\/aos-74-anos-felipao-anuncia-aposentadoria-como-treinador\/\"},\"wordCount\":113,\"commentCount\":0,\"publisher\":{\"@id\":\"https:\/\/brasilnoticias.org\/site\/#organization\"},\"image\":{\"@id\":\"https:\/\/brasilnoticias.org\/site\/aos-74-anos-felipao-anuncia-aposentadoria-como-treinador\/#primaryimage\"},\"thumbnailUrl\":\"https:\/\/brasilnoticias.org\/site\/wp-content\/uploads\/2022\/11\/130368aos-74-anos-felipao-anuncia-aposentadoria-como-treinador-3-800x445-1.jpg\",\"articleSection\":[\"Esporte\",\"\u00daltimas\"],\"inLanguage\":\"pt-PT\",\"potentialAction\":[{\"@type\":\"CommentAction\",\"name\":\"Comment\",\"target\":[\"https:\/\/brasilnoticias.org\/site\/aos-74-anos-felipao-anuncia-aposentadoria-como-treinador\/#respond\"]}]},{\"@type\":\"WebPage\",\"@id\":\"https:\/\/brasilnoticias.org\/site\/aos-74-anos-felipao-anuncia-aposentadoria-como-treinador\/\",\"url\":\"https:\/\/brasilnoticias.org\/site\/aos-74-anos-felipao-anuncia-aposentadoria-como-treinador\/\",\"name\":\"Aos 74 anos, Felip\u00e3o anuncia aposentadoria como treinador - Brasil not\u00edcias\",\"isPartOf\":{\"@id\":\"https:\/\/brasilnoticias.org\/site\/#website\"},\"primaryImageOfPage\":{\"@id\":\"https:\/\/brasilnoticias.org\/site\/aos-74-anos-felipao-anuncia-aposentadoria-como-treinador\/#primaryimage\"},\"image\":{\"@id\":\"https:\/\/brasilnoticias.org\/site\/aos-74-anos-felipao-anuncia-aposentadoria-como-treinador\/#primaryimage\"},\"thumbnailUrl\":\"https:\/\/brasilnoticias.org\/site\/wp-content\/uploads\/2022\/11\/130368aos-74-anos-felipao-anuncia-aposentadoria-como-treinador-3-800x445-1.jpg\",\"datePublished\":\"2022-11-15T10:20:19+00:00\",\"breadcrumb\":{\"@id\":\"https:\/\/brasilnoticias.org\/site\/aos-74-anos-felipao-anuncia-aposentadoria-como-treinador\/#breadcrumb\"},\"inLanguage\":\"pt-PT\",\"potentialAction\":[{\"@type\":\"ReadAction\",\"target\":[\"https:\/\/brasilnoticias.org\/site\/aos-74-anos-felipao-anuncia-aposentadoria-como-treinador\/\"]}]},{\"@type\":\"ImageObject\",\"inLanguage\":\"pt-PT\",\"@id\":\"https:\/\/brasilnoticias.org\/site\/aos-74-anos-felipao-anuncia-aposentadoria-como-treinador\/#primaryimage\",\"url\":\"https:\/\/brasilnoticias.org\/site\/wp-content\/uploads\/2022\/11\/130368aos-74-anos-felipao-anuncia-aposentadoria-como-treinador-3-800x445-1.jpg\",\"contentUrl\":\"https:\/\/brasilnoticias.org\/site\/wp-content\/uploads\/2022\/11\/130368aos-74-anos-felipao-anuncia-aposentadoria-como-treinador-3-800x445-1.jpg\",\"width\":800,\"height\":445},{\"@type\":\"BreadcrumbList\",\"@id\":\"https:\/\/brasilnoticias.org\/site\/aos-74-anos-felipao-anuncia-aposentadoria-como-treinador\/#breadcrumb\",\"itemListElement\":[{\"@type\":\"ListItem\",\"position\":1,\"name\":\"In\u00edcio\",\"item\":\"https:\/\/brasilnoticias.org\/site\/\"},{\"@type\":\"ListItem\",\"position\":2,\"name\":\"Aos 74 anos, Felip\u00e3o anuncia aposentadoria como treinador\"}]},{\"@type\":\"WebSite\",\"@id\":\"https:\/\/brasilnoticias.org\/site\/#website\",\"url\":\"https:\/\/brasilnoticias.org\/site\/\",\"name\":\"Brasil not\u00edcias\",\"description\":\"Brasil not\u00edcias\",\"publisher\":{\"@id\":\"https:\/\/brasilnoticias.org\/site\/#organization\"},\"potentialAction\":[{\"@type\":\"SearchAction\",\"target\":{\"@type\":\"EntryPoint\",\"urlTemplate\":\"https:\/\/brasilnoticias.org\/site\/?s={search_term_string}\"},\"query-input\":{\"@type\":\"PropertyValueSpecification\",\"valueRequired\":true,\"valueName\":\"search_term_string\"}}],\"inLanguage\":\"pt-PT\"},{\"@type\":\"Organization\",\"@id\":\"https:\/\/brasilnoticias.org\/site\/#organization\",\"name\":\"Brasil not\u00edcias\",\"url\":\"https:\/\/brasilnoticias.org\/site\/\",\"logo\":{\"@type\":\"ImageObject\",\"inLanguage\":\"pt-PT\",\"@id\":\"https:\/\/brasilnoticias.org\/site\/#\/schema\/logo\/image\/\",\"url\":\"https:\/\/brasilnoticias.org\/site\/wp-content\/uploads\/2022\/05\/cropped-brasilnoticias-mini.jpg\",\"contentUrl\":\"https:\/\/brasilnoticias.org\/site\/wp-content\/uploads\/2022\/05\/cropped-brasilnoticias-mini.jpg\",\"width\":314,\"height\":86,\"caption\":\"Brasil not\u00edcias\"},\"image\":{\"@id\":\"https:\/\/brasilnoticias.org\/site\/#\/schema\/logo\/image\/\"}},{\"@type\":\"Person\",\"@id\":\"https:\/\/brasilnoticias.org\/site\/#\/schema\/person\/a0e05b973ec4d15c658d51911e53507b\",\"name\":\"Reda\u00e7\u00e3o\",\"image\":{\"@type\":\"ImageObject\",\"inLanguage\":\"pt-PT\",\"@id\":\"https:\/\/brasilnoticias.org\/site\/#\/schema\/person\/image\/\",\"url\":\"https:\/\/secure.gravatar.com\/avatar\/75d8b050df2de108b08ae78dfb8e374892df24a383c67db9c46a9c604f6aee9c?s=96&d=mm&r=g\",\"contentUrl\":\"https:\/\/secure.gravatar.com\/avatar\/75d8b050df2de108b08ae78dfb8e374892df24a383c67db9c46a9c604f6aee9c?s=96&d=mm&r=g\",\"caption\":\"Reda\u00e7\u00e3o\"},\"sameAs\":[\"https:\/\/brasilnoticias.org\/site\"],\"url\":\"https:\/\/brasilnoticias.org\/site\/author\/fernandozsngmail-com\/\"}]}<\/script>\n<!-- \/ Yoast SEO plugin. -->","yoast_head_json":{"title":"Aos 74 anos, Felip\u00e3o anuncia aposentadoria como treinador - Brasil not\u00edcias","robots":{"index":"index","follow":"follow","max-snippet":"max-snippet:-1","max-image-preview":"max-image-preview:large","max-video-preview":"max-video-preview:-1"},"canonical":"https:\/\/brasilnoticias.org\/site\/aos-74-anos-felipao-anuncia-aposentadoria-como-treinador\/","og_locale":"pt_PT","og_type":"article","og_title":"Aos 74 anos, Felip\u00e3o anuncia aposentadoria como treinador - Brasil not\u00edcias","og_description":"A partida deste domingo (13) do Athletico Paranaense, na Arena da Baixada, contra o Botafogo, ser\u00e1 a \u00faltima do t\u00e9cnico","og_url":"https:\/\/brasilnoticias.org\/site\/aos-74-anos-felipao-anuncia-aposentadoria-como-treinador\/","og_site_name":"Brasil not\u00edcias","article_published_time":"2022-11-15T10:20:19+00:00","og_image":[{"width":800,"height":445,"url":"https:\/\/brasilnoticias.org\/site\/wp-content\/uploads\/2022\/11\/130368aos-74-anos-felipao-anuncia-aposentadoria-como-treinador-3-800x445-1.jpg","type":"image\/jpeg"}],"author":"Reda\u00e7\u00e3o","twitter_card":"summary_large_image","twitter_misc":{"Escrito por":"Reda\u00e7\u00e3o","Tempo estimado de leitura":"1 minuto"},"schema":{"@context":"https:\/\/schema.org","@graph":[{"@type":"Article","@id":"https:\/\/brasilnoticias.org\/site\/aos-74-anos-felipao-anuncia-aposentadoria-como-treinador\/#article","isPartOf":{"@id":"https:\/\/brasilnoticias.org\/site\/aos-74-anos-felipao-anuncia-aposentadoria-como-treinador\/"},"author":{"name":"Reda\u00e7\u00e3o","@id":"https:\/\/brasilnoticias.org\/site\/#\/schema\/person\/a0e05b973ec4d15c658d51911e53507b"},"headline":"Aos 74 anos, Felip\u00e3o anuncia aposentadoria como treinador","datePublished":"2022-11-15T10:20:19+00:00","mainEntityOfPage":{"@id":"https:\/\/brasilnoticias.org\/site\/aos-74-anos-felipao-anuncia-aposentadoria-como-treinador\/"},"wordCount":113,"commentCount":0,"publisher":{"@id":"https:\/\/brasilnoticias.org\/site\/#organization"},"image":{"@id":"https:\/\/brasilnoticias.org\/site\/aos-74-anos-felipao-anuncia-aposentadoria-como-treinador\/#primaryimage"},"thumbnailUrl":"https:\/\/brasilnoticias.org\/site\/wp-content\/uploads\/2022\/11\/130368aos-74-anos-felipao-anuncia-aposentadoria-como-treinador-3-800x445-1.jpg","articleSection":["Esporte","\u00daltimas"],"inLanguage":"pt-PT","potentialAction":[{"@type":"CommentAction","name":"Comment","target":["https:\/\/brasilnoticias.org\/site\/aos-74-anos-felipao-anuncia-aposentadoria-como-treinador\/#respond"]}]},{"@type":"WebPage","@id":"https:\/\/brasilnoticias.org\/site\/aos-74-anos-felipao-anuncia-aposentadoria-como-treinador\/","url":"https:\/\/brasilnoticias.org\/site\/aos-74-anos-felipao-anuncia-aposentadoria-como-treinador\/","name":"Aos 74 anos, Felip\u00e3o anuncia aposentadoria como treinador - Brasil not\u00edcias","isPartOf":{"@id":"https:\/\/brasilnoticias.org\/site\/#website"},"primaryImageOfPage":{"@id":"https:\/\/brasilnoticias.org\/site\/aos-74-anos-felipao-anuncia-aposentadoria-como-treinador\/#primaryimage"},"image":{"@id":"https:\/\/brasilnoticias.org\/site\/aos-74-anos-felipao-anuncia-aposentadoria-como-treinador\/#primaryimage"},"thumbnailUrl":"https:\/\/brasilnoticias.org\/site\/wp-content\/uploads\/2022\/11\/130368aos-74-anos-felipao-anuncia-aposentadoria-como-treinador-3-800x445-1.jpg","datePublished":"2022-11-15T10:20:19+00:00","breadcrumb":{"@id":"https:\/\/brasilnoticias.org\/site\/aos-74-anos-felipao-anuncia-aposentadoria-como-treinador\/#breadcrumb"},"inLanguage":"pt-PT","potentialAction":[{"@type":"ReadAction","target":["https:\/\/brasilnoticias.org\/site\/aos-74-anos-felipao-anuncia-aposentadoria-como-treinador\/"]}]},{"@type":"ImageObject","inLanguage":"pt-PT","@id":"https:\/\/brasilnoticias.org\/site\/aos-74-anos-felipao-anuncia-aposentadoria-como-treinador\/#primaryimage","url":"https:\/\/brasilnoticias.org\/site\/wp-content\/uploads\/2022\/11\/130368aos-74-anos-felipao-anuncia-aposentadoria-como-treinador-3-800x445-1.jpg","contentUrl":"https:\/\/brasilnoticias.org\/site\/wp-content\/uploads\/2022\/11\/130368aos-74-anos-felipao-anuncia-aposentadoria-como-treinador-3-800x445-1.jpg","width":800,"height":445},{"@type":"BreadcrumbList","@id":"https:\/\/brasilnoticias.org\/site\/aos-74-anos-felipao-anuncia-aposentadoria-como-treinador\/#breadcrumb","itemListElement":[{"@type":"ListItem","position":1,"name":"In\u00edcio","item":"https:\/\/brasilnoticias.org\/site\/"},{"@type":"ListItem","position":2,"name":"Aos 74 anos, Felip\u00e3o anuncia aposentadoria como treinador"}]},{"@type":"WebSite","@id":"https:\/\/brasilnoticias.org\/site\/#website","url":"https:\/\/brasilnoticias.org\/site\/","name":"Brasil not\u00edcias","description":"Brasil not\u00edcias","publisher":{"@id":"https:\/\/brasilnoticias.org\/site\/#organization"},"potentialAction":[{"@type":"SearchAction","target":{"@type":"EntryPoint","urlTemplate":"https:\/\/brasilnoticias.org\/site\/?s={search_term_string}"},"query-input":{"@type":"PropertyValueSpecification","valueRequired":true,"valueName":"search_term_string"}}],"inLanguage":"pt-PT"},{"@type":"Organization","@id":"https:\/\/brasilnoticias.org\/site\/#organization","name":"Brasil not\u00edcias","url":"https:\/\/brasilnoticias.org\/site\/","logo":{"@type":"ImageObject","inLanguage":"pt-PT","@id":"https:\/\/brasilnoticias.org\/site\/#\/schema\/logo\/image\/","url":"https:\/\/brasilnoticias.org\/site\/wp-content\/uploads\/2022\/05\/cropped-brasilnoticias-mini.jpg","contentUrl":"https:\/\/brasilnoticias.org\/site\/wp-content\/uploads\/2022\/05\/cropped-brasilnoticias-mini.jpg","width":314,"height":86,"caption":"Brasil not\u00edcias"},"image":{"@id":"https:\/\/brasilnoticias.org\/site\/#\/schema\/logo\/image\/"}},{"@type":"Person","@id":"https:\/\/brasilnoticias.org\/site\/#\/schema\/person\/a0e05b973ec4d15c658d51911e53507b","name":"Reda\u00e7\u00e3o","image":{"@type":"ImageObject","inLanguage":"pt-PT","@id":"https:\/\/brasilnoticias.org\/site\/#\/schema\/person\/image\/","url":"https:\/\/secure.gravatar.com\/avatar\/75d8b050df2de108b08ae78dfb8e374892df24a383c67db9c46a9c604f6aee9c?s=96&d=mm&r=g","contentUrl":"https:\/\/secure.gravatar.com\/avatar\/75d8b050df2de108b08ae78dfb8e374892df24a383c67db9c46a9c604f6aee9c?s=96&d=mm&r=g","caption":"Reda\u00e7\u00e3o"},"sameAs":["https:\/\/brasilnoticias.org\/site"],"url":"https:\/\/brasilnoticias.org\/site\/author\/fernandozsngmail-com\/"}]}},"_links":{"self":[{"href":"https:\/\/brasilnoticias.org\/site\/wp-json\/wp\/v2\/posts\/2157","targetHints":{"allow":["GET"]}}],"collection":[{"href":"https:\/\/brasilnoticias.org\/site\/wp-json\/wp\/v2\/posts"}],"about":[{"href":"https:\/\/brasilnoticias.org\/site\/wp-json\/wp\/v2\/types\/post"}],"author":[{"embeddable":true,"href":"https:\/\/brasilnoticias.org\/site\/wp-json\/wp\/v2\/users\/1"}],"replies":[{"embeddable":true,"href":"https:\/\/brasilnoticias.org\/site\/wp-json\/wp\/v2\/comments?post=2157"}],"version-history":[{"count":1,"href":"https:\/\/brasilnoticias.org\/site\/wp-json\/wp\/v2\/posts\/2157\/revisions"}],"predecessor-version":[{"id":2159,"href":"https:\/\/brasilnoticias.org\/site\/wp-json\/wp\/v2\/posts\/2157\/revisions\/2159"}],"wp:featuredmedia":[{"embeddable":true,"href":"https:\/\/brasilnoticias.org\/site\/wp-json\/wp\/v2\/media\/2158"}],"wp:attachment":[{"href":"https:\/\/brasilnoticias.org\/site\/wp-json\/wp\/v2\/media?parent=2157"}],"wp:term":[{"taxonomy":"category","embeddable":true,"href":"https:\/\/brasilnoticias.org\/site\/wp-json\/wp\/v2\/categories?post=2157"},{"taxonomy":"post_tag","embeddable":true,"href":"https:\/\/brasilnoticias.org\/site\/wp-json\/wp\/v2\/tags?post=2157"}],"curies":[{"name":"wp","href":"https:\/\/api.w.org\/{rel}","templated":true}]}}