{"id":21570,"date":"2026-04-15T09:40:03","date_gmt":"2026-04-15T12:40:03","guid":{"rendered":"https:\/\/brasilnoticias.org\/site\/?p=21570"},"modified":"2026-04-15T09:40:03","modified_gmt":"2026-04-15T12:40:03","slug":"lula-diz-que-brasil-nao-precisa-de-escolas-civico-militares","status":"publish","type":"post","link":"https:\/\/brasilnoticias.org\/site\/lula-diz-que-brasil-nao-precisa-de-escolas-civico-militares\/","title":{"rendered":"Lula diz que Brasil n\u00e3o precisa de escolas c\u00edvico-militares"},"content":{"rendered":"<p data-start=\"184\" data-end=\"444\">O presidente <span class=\"hover:entity-accent entity-underline inline cursor-pointer align-baseline\"><span class=\"whitespace-normal\">Luiz In\u00e1cio Lula da Silva<\/span><\/span> afirmou que o Brasil n\u00e3o precisa de escolas c\u00edvico-militares no sistema p\u00fablico de ensino. A declara\u00e7\u00e3o foi feita durante a san\u00e7\u00e3o do novo Plano Nacional de Educa\u00e7\u00e3o (PNE), em cerim\u00f4nia no Pal\u00e1cio do Planalto.<\/p>\n<p data-start=\"446\" data-end=\"621\">Segundo o presidente, o novo plano educacional demonstra que \u00e9 poss\u00edvel garantir qualidade no ensino p\u00fablico sem a ado\u00e7\u00e3o desse modelo.<\/p>\n<h3 data-section-id=\"i7y6wr\" data-start=\"623\" data-end=\"656\">Cr\u00edtica ao modelo educacional<\/h3>\n<p data-start=\"658\" data-end=\"802\">Durante o discurso, Lula afirmou que escolas c\u00edvico-militares s\u00f3 fazem sentido para estudantes que pretendem seguir carreira nas For\u00e7as Armadas.<\/p>\n<p data-start=\"804\" data-end=\"975\">Para os demais alunos, ele defendeu um modelo de ensino padronizado, com acesso igualit\u00e1rio ao conte\u00fado educacional em todo o pa\u00eds.<\/p>\n<h3 data-section-id=\"uxx57g\" data-start=\"977\" data-end=\"1007\">Novo plano para a educa\u00e7\u00e3o<\/h3>\n<p data-start=\"1009\" data-end=\"1126\">O novo <span class=\"hover:entity-accent entity-underline inline cursor-pointer align-baseline\"><span class=\"whitespace-normal\">Plano Nacional de Educa\u00e7\u00e3o<\/span><\/span> estabelece diretrizes para a educa\u00e7\u00e3o brasileira pelos pr\u00f3ximos 10 anos.<\/p>\n<p data-start=\"1128\" data-end=\"1146\">O documento prev\u00ea:<\/p>\n<ul data-start=\"1147\" data-end=\"1247\">\n<li data-section-id=\"osxjm9\" data-start=\"1147\" data-end=\"1178\"><strong data-start=\"1149\" data-end=\"1176\">19 objetivos principais<\/strong><\/li>\n<li data-section-id=\"m882de\" data-start=\"1179\" data-end=\"1195\"><strong data-start=\"1181\" data-end=\"1193\">73 metas<\/strong><\/li>\n<li data-section-id=\"ciqjdo\" data-start=\"1196\" data-end=\"1247\">Centenas de estrat\u00e9gias para melhoria do ensino<\/li>\n<\/ul>\n<p data-start=\"1249\" data-end=\"1429\">Entre as prioridades est\u00e3o a amplia\u00e7\u00e3o da alfabetiza\u00e7\u00e3o, melhoria da qualidade educacional e redu\u00e7\u00e3o das desigualdades no acesso \u00e0 educa\u00e7\u00e3o.<\/p>\n<h3 data-section-id=\"1epivb5\" data-start=\"1431\" data-end=\"1461\">Defesa da educa\u00e7\u00e3o p\u00fablica<\/h3>\n<p data-start=\"1463\" data-end=\"1649\">Lula refor\u00e7ou que a educa\u00e7\u00e3o p\u00fablica deve seguir diretrizes nacionais e atender todos os estudantes de forma igual, independentemente de posicionamentos pol\u00edticos ou modelos espec\u00edficos.<\/p>\n<p data-start=\"1651\" data-end=\"1820\">O presidente tamb\u00e9m destacou que cabe \u00e0 sociedade cobrar a implementa\u00e7\u00e3o das metas previstas no plano ao longo da pr\u00f3xima d\u00e9cada.<\/p>\n<h3 data-section-id=\"1tzpfax\" data-start=\"1822\" data-end=\"1843\">Contexto pol\u00edtico<\/h3>\n<p data-start=\"1845\" data-end=\"1973\">O modelo de escolas c\u00edvico-militares foi ampliado durante o governo anterior e continua sendo defendido por setores da oposi\u00e7\u00e3o.<\/p>\n<p data-start=\"1975\" data-end=\"2115\">J\u00e1 o atual governo tem adotado uma linha diferente, priorizando pol\u00edticas educacionais voltadas \u00e0 inclus\u00e3o e padroniza\u00e7\u00e3o do ensino p\u00fablico.<\/p>\n<h3 data-section-id=\"1y5uz68\" data-start=\"2117\" data-end=\"2136\">Debate continua<\/h3>\n<p data-start=\"2138\" data-end=\"2219\">A declara\u00e7\u00e3o reacende o debate sobre os diferentes modelos de educa\u00e7\u00e3o no Brasil.<\/p>\n<p data-start=\"2221\" data-end=\"2398\">Enquanto apoiadores defendem a valoriza\u00e7\u00e3o do ensino p\u00fablico tradicional, cr\u00edticos argumentam que escolas c\u00edvico-militares podem contribuir para disciplina e desempenho escolar.<\/p>\n","protected":false},"excerpt":{"rendered":"<p>O presidente Luiz In\u00e1cio Lula da Silva afirmou que o Brasil n\u00e3o precisa de escolas c\u00edvico-militares no sistema p\u00fablico de<\/p>\n","protected":false},"author":4,"featured_media":21571,"comment_status":"open","ping_status":"open","sticky":false,"template":"","format":"standard","meta":{"colormag_page_container_layout":"default_layout","colormag_page_sidebar_layout":"default_layout","_FSMCFIC_featured_image_caption":"","_FSMCFIC_featured_image_nocaption":"","_FSMCFIC_featured_image_hide":"","footnotes":""},"categories":[5,1],"tags":[],"class_list":["post-21570","post","type-post","status-publish","format-standard","has-post-thumbnail","hentry","category-politica","category-ultimas"],"yoast_head":"<!-- This site is optimized with the Yoast SEO plugin v27.1.1 - https:\/\/yoast.com\/product\/yoast-seo-wordpress\/ -->\n<title>Lula diz que Brasil n\u00e3o precisa de escolas c\u00edvico-militares - Brasil not\u00edcias<\/title>\n<meta name=\"robots\" content=\"index, follow, max-snippet:-1, max-image-preview:large, max-video-preview:-1\" \/>\n<link rel=\"canonical\" href=\"https:\/\/brasilnoticias.org\/site\/lula-diz-que-brasil-nao-precisa-de-escolas-civico-militares\/\" \/>\n<meta property=\"og:locale\" content=\"pt_PT\" \/>\n<meta property=\"og:type\" content=\"article\" \/>\n<meta property=\"og:title\" content=\"Lula diz que Brasil n\u00e3o precisa de escolas c\u00edvico-militares - Brasil not\u00edcias\" \/>\n<meta property=\"og:description\" content=\"O presidente Luiz In\u00e1cio Lula da Silva afirmou que o Brasil n\u00e3o precisa de escolas c\u00edvico-militares no sistema p\u00fablico de\" \/>\n<meta property=\"og:url\" content=\"https:\/\/brasilnoticias.org\/site\/lula-diz-que-brasil-nao-precisa-de-escolas-civico-militares\/\" \/>\n<meta property=\"og:site_name\" content=\"Brasil not\u00edcias\" \/>\n<meta property=\"article:published_time\" content=\"2026-04-15T12:40:03+00:00\" \/>\n<meta property=\"og:image\" content=\"https:\/\/brasilnoticias.org\/site\/wp-content\/uploads\/2026\/04\/55087722775_82f782e93b_c.jpg\" \/>\n\t<meta property=\"og:image:width\" content=\"799\" \/>\n\t<meta property=\"og:image:height\" content=\"533\" \/>\n\t<meta property=\"og:image:type\" content=\"image\/jpeg\" \/>\n<meta name=\"author\" content=\"Reda\u00e7\u00e3o\" \/>\n<meta name=\"twitter:card\" content=\"summary_large_image\" \/>\n<meta name=\"twitter:label1\" content=\"Escrito por\" \/>\n\t<meta name=\"twitter:data1\" content=\"Reda\u00e7\u00e3o\" \/>\n\t<meta name=\"twitter:label2\" content=\"Tempo estimado de leitura\" \/>\n\t<meta name=\"twitter:data2\" content=\"2 minutos\" \/>\n<script type=\"application\/ld+json\" class=\"yoast-schema-graph\">{\"@context\":\"https:\/\/schema.org\",\"@graph\":[{\"@type\":\"Article\",\"@id\":\"https:\/\/brasilnoticias.org\/site\/lula-diz-que-brasil-nao-precisa-de-escolas-civico-militares\/#article\",\"isPartOf\":{\"@id\":\"https:\/\/brasilnoticias.org\/site\/lula-diz-que-brasil-nao-precisa-de-escolas-civico-militares\/\"},\"author\":{\"name\":\"Reda\u00e7\u00e3o\",\"@id\":\"https:\/\/brasilnoticias.org\/site\/#\/schema\/person\/03bbbfe6c7634ad18c26444ea39049fa\"},\"headline\":\"Lula diz que Brasil n\u00e3o precisa de escolas c\u00edvico-militares\",\"datePublished\":\"2026-04-15T12:40:03+00:00\",\"mainEntityOfPage\":{\"@id\":\"https:\/\/brasilnoticias.org\/site\/lula-diz-que-brasil-nao-precisa-de-escolas-civico-militares\/\"},\"wordCount\":346,\"commentCount\":0,\"publisher\":{\"@id\":\"https:\/\/brasilnoticias.org\/site\/#organization\"},\"image\":{\"@id\":\"https:\/\/brasilnoticias.org\/site\/lula-diz-que-brasil-nao-precisa-de-escolas-civico-militares\/#primaryimage\"},\"thumbnailUrl\":\"https:\/\/brasilnoticias.org\/site\/wp-content\/uploads\/2026\/04\/55087722775_82f782e93b_c.jpg\",\"articleSection\":[\"Pol\u00edtica\",\"\u00daltimas\"],\"inLanguage\":\"pt-PT\",\"potentialAction\":[{\"@type\":\"CommentAction\",\"name\":\"Comment\",\"target\":[\"https:\/\/brasilnoticias.org\/site\/lula-diz-que-brasil-nao-precisa-de-escolas-civico-militares\/#respond\"]}]},{\"@type\":\"WebPage\",\"@id\":\"https:\/\/brasilnoticias.org\/site\/lula-diz-que-brasil-nao-precisa-de-escolas-civico-militares\/\",\"url\":\"https:\/\/brasilnoticias.org\/site\/lula-diz-que-brasil-nao-precisa-de-escolas-civico-militares\/\",\"name\":\"Lula diz que Brasil n\u00e3o precisa de escolas c\u00edvico-militares - Brasil not\u00edcias\",\"isPartOf\":{\"@id\":\"https:\/\/brasilnoticias.org\/site\/#website\"},\"primaryImageOfPage\":{\"@id\":\"https:\/\/brasilnoticias.org\/site\/lula-diz-que-brasil-nao-precisa-de-escolas-civico-militares\/#primaryimage\"},\"image\":{\"@id\":\"https:\/\/brasilnoticias.org\/site\/lula-diz-que-brasil-nao-precisa-de-escolas-civico-militares\/#primaryimage\"},\"thumbnailUrl\":\"https:\/\/brasilnoticias.org\/site\/wp-content\/uploads\/2026\/04\/55087722775_82f782e93b_c.jpg\",\"datePublished\":\"2026-04-15T12:40:03+00:00\",\"breadcrumb\":{\"@id\":\"https:\/\/brasilnoticias.org\/site\/lula-diz-que-brasil-nao-precisa-de-escolas-civico-militares\/#breadcrumb\"},\"inLanguage\":\"pt-PT\",\"potentialAction\":[{\"@type\":\"ReadAction\",\"target\":[\"https:\/\/brasilnoticias.org\/site\/lula-diz-que-brasil-nao-precisa-de-escolas-civico-militares\/\"]}]},{\"@type\":\"ImageObject\",\"inLanguage\":\"pt-PT\",\"@id\":\"https:\/\/brasilnoticias.org\/site\/lula-diz-que-brasil-nao-precisa-de-escolas-civico-militares\/#primaryimage\",\"url\":\"https:\/\/brasilnoticias.org\/site\/wp-content\/uploads\/2026\/04\/55087722775_82f782e93b_c.jpg\",\"contentUrl\":\"https:\/\/brasilnoticias.org\/site\/wp-content\/uploads\/2026\/04\/55087722775_82f782e93b_c.jpg\",\"width\":799,\"height\":533,\"caption\":\"Foto: Ricardo Stuckert \/ PR\"},{\"@type\":\"BreadcrumbList\",\"@id\":\"https:\/\/brasilnoticias.org\/site\/lula-diz-que-brasil-nao-precisa-de-escolas-civico-militares\/#breadcrumb\",\"itemListElement\":[{\"@type\":\"ListItem\",\"position\":1,\"name\":\"In\u00edcio\",\"item\":\"https:\/\/brasilnoticias.org\/site\/\"},{\"@type\":\"ListItem\",\"position\":2,\"name\":\"Lula diz que Brasil n\u00e3o precisa de escolas c\u00edvico-militares\"}]},{\"@type\":\"WebSite\",\"@id\":\"https:\/\/brasilnoticias.org\/site\/#website\",\"url\":\"https:\/\/brasilnoticias.org\/site\/\",\"name\":\"Brasil not\u00edcias\",\"description\":\"Brasil not\u00edcias\",\"publisher\":{\"@id\":\"https:\/\/brasilnoticias.org\/site\/#organization\"},\"potentialAction\":[{\"@type\":\"SearchAction\",\"target\":{\"@type\":\"EntryPoint\",\"urlTemplate\":\"https:\/\/brasilnoticias.org\/site\/?s={search_term_string}\"},\"query-input\":{\"@type\":\"PropertyValueSpecification\",\"valueRequired\":true,\"valueName\":\"search_term_string\"}}],\"inLanguage\":\"pt-PT\"},{\"@type\":\"Organization\",\"@id\":\"https:\/\/brasilnoticias.org\/site\/#organization\",\"name\":\"Brasil not\u00edcias\",\"url\":\"https:\/\/brasilnoticias.org\/site\/\",\"logo\":{\"@type\":\"ImageObject\",\"inLanguage\":\"pt-PT\",\"@id\":\"https:\/\/brasilnoticias.org\/site\/#\/schema\/logo\/image\/\",\"url\":\"https:\/\/brasilnoticias.org\/site\/wp-content\/uploads\/2022\/05\/cropped-brasilnoticias-mini.jpg\",\"contentUrl\":\"https:\/\/brasilnoticias.org\/site\/wp-content\/uploads\/2022\/05\/cropped-brasilnoticias-mini.jpg\",\"width\":314,\"height\":86,\"caption\":\"Brasil not\u00edcias\"},\"image\":{\"@id\":\"https:\/\/brasilnoticias.org\/site\/#\/schema\/logo\/image\/\"}},{\"@type\":\"Person\",\"@id\":\"https:\/\/brasilnoticias.org\/site\/#\/schema\/person\/03bbbfe6c7634ad18c26444ea39049fa\",\"name\":\"Reda\u00e7\u00e3o\",\"image\":{\"@type\":\"ImageObject\",\"inLanguage\":\"pt-PT\",\"@id\":\"https:\/\/brasilnoticias.org\/site\/#\/schema\/person\/image\/\",\"url\":\"https:\/\/secure.gravatar.com\/avatar\/9ecaf7327a696cb23ad926fedded5f1f04d7049de9e445375d55b48c001a6e42?s=96&d=mm&r=g\",\"contentUrl\":\"https:\/\/secure.gravatar.com\/avatar\/9ecaf7327a696cb23ad926fedded5f1f04d7049de9e445375d55b48c001a6e42?s=96&d=mm&r=g\",\"caption\":\"Reda\u00e7\u00e3o\"},\"url\":\"https:\/\/brasilnoticias.org\/site\/author\/henrique\/\"}]}<\/script>\n<!-- \/ Yoast SEO plugin. -->","yoast_head_json":{"title":"Lula diz que Brasil n\u00e3o precisa de escolas c\u00edvico-militares - Brasil not\u00edcias","robots":{"index":"index","follow":"follow","max-snippet":"max-snippet:-1","max-image-preview":"max-image-preview:large","max-video-preview":"max-video-preview:-1"},"canonical":"https:\/\/brasilnoticias.org\/site\/lula-diz-que-brasil-nao-precisa-de-escolas-civico-militares\/","og_locale":"pt_PT","og_type":"article","og_title":"Lula diz que Brasil n\u00e3o precisa de escolas c\u00edvico-militares - Brasil not\u00edcias","og_description":"O presidente Luiz In\u00e1cio Lula da Silva afirmou que o Brasil n\u00e3o precisa de escolas c\u00edvico-militares no sistema p\u00fablico de","og_url":"https:\/\/brasilnoticias.org\/site\/lula-diz-que-brasil-nao-precisa-de-escolas-civico-militares\/","og_site_name":"Brasil not\u00edcias","article_published_time":"2026-04-15T12:40:03+00:00","og_image":[{"width":799,"height":533,"url":"https:\/\/brasilnoticias.org\/site\/wp-content\/uploads\/2026\/04\/55087722775_82f782e93b_c.jpg","type":"image\/jpeg"}],"author":"Reda\u00e7\u00e3o","twitter_card":"summary_large_image","twitter_misc":{"Escrito por":"Reda\u00e7\u00e3o","Tempo estimado de leitura":"2 minutos"},"schema":{"@context":"https:\/\/schema.org","@graph":[{"@type":"Article","@id":"https:\/\/brasilnoticias.org\/site\/lula-diz-que-brasil-nao-precisa-de-escolas-civico-militares\/#article","isPartOf":{"@id":"https:\/\/brasilnoticias.org\/site\/lula-diz-que-brasil-nao-precisa-de-escolas-civico-militares\/"},"author":{"name":"Reda\u00e7\u00e3o","@id":"https:\/\/brasilnoticias.org\/site\/#\/schema\/person\/03bbbfe6c7634ad18c26444ea39049fa"},"headline":"Lula diz que Brasil n\u00e3o precisa de escolas c\u00edvico-militares","datePublished":"2026-04-15T12:40:03+00:00","mainEntityOfPage":{"@id":"https:\/\/brasilnoticias.org\/site\/lula-diz-que-brasil-nao-precisa-de-escolas-civico-militares\/"},"wordCount":346,"commentCount":0,"publisher":{"@id":"https:\/\/brasilnoticias.org\/site\/#organization"},"image":{"@id":"https:\/\/brasilnoticias.org\/site\/lula-diz-que-brasil-nao-precisa-de-escolas-civico-militares\/#primaryimage"},"thumbnailUrl":"https:\/\/brasilnoticias.org\/site\/wp-content\/uploads\/2026\/04\/55087722775_82f782e93b_c.jpg","articleSection":["Pol\u00edtica","\u00daltimas"],"inLanguage":"pt-PT","potentialAction":[{"@type":"CommentAction","name":"Comment","target":["https:\/\/brasilnoticias.org\/site\/lula-diz-que-brasil-nao-precisa-de-escolas-civico-militares\/#respond"]}]},{"@type":"WebPage","@id":"https:\/\/brasilnoticias.org\/site\/lula-diz-que-brasil-nao-precisa-de-escolas-civico-militares\/","url":"https:\/\/brasilnoticias.org\/site\/lula-diz-que-brasil-nao-precisa-de-escolas-civico-militares\/","name":"Lula diz que Brasil n\u00e3o precisa de escolas c\u00edvico-militares - Brasil not\u00edcias","isPartOf":{"@id":"https:\/\/brasilnoticias.org\/site\/#website"},"primaryImageOfPage":{"@id":"https:\/\/brasilnoticias.org\/site\/lula-diz-que-brasil-nao-precisa-de-escolas-civico-militares\/#primaryimage"},"image":{"@id":"https:\/\/brasilnoticias.org\/site\/lula-diz-que-brasil-nao-precisa-de-escolas-civico-militares\/#primaryimage"},"thumbnailUrl":"https:\/\/brasilnoticias.org\/site\/wp-content\/uploads\/2026\/04\/55087722775_82f782e93b_c.jpg","datePublished":"2026-04-15T12:40:03+00:00","breadcrumb":{"@id":"https:\/\/brasilnoticias.org\/site\/lula-diz-que-brasil-nao-precisa-de-escolas-civico-militares\/#breadcrumb"},"inLanguage":"pt-PT","potentialAction":[{"@type":"ReadAction","target":["https:\/\/brasilnoticias.org\/site\/lula-diz-que-brasil-nao-precisa-de-escolas-civico-militares\/"]}]},{"@type":"ImageObject","inLanguage":"pt-PT","@id":"https:\/\/brasilnoticias.org\/site\/lula-diz-que-brasil-nao-precisa-de-escolas-civico-militares\/#primaryimage","url":"https:\/\/brasilnoticias.org\/site\/wp-content\/uploads\/2026\/04\/55087722775_82f782e93b_c.jpg","contentUrl":"https:\/\/brasilnoticias.org\/site\/wp-content\/uploads\/2026\/04\/55087722775_82f782e93b_c.jpg","width":799,"height":533,"caption":"Foto: Ricardo Stuckert \/ PR"},{"@type":"BreadcrumbList","@id":"https:\/\/brasilnoticias.org\/site\/lula-diz-que-brasil-nao-precisa-de-escolas-civico-militares\/#breadcrumb","itemListElement":[{"@type":"ListItem","position":1,"name":"In\u00edcio","item":"https:\/\/brasilnoticias.org\/site\/"},{"@type":"ListItem","position":2,"name":"Lula diz que Brasil n\u00e3o precisa de escolas c\u00edvico-militares"}]},{"@type":"WebSite","@id":"https:\/\/brasilnoticias.org\/site\/#website","url":"https:\/\/brasilnoticias.org\/site\/","name":"Brasil not\u00edcias","description":"Brasil not\u00edcias","publisher":{"@id":"https:\/\/brasilnoticias.org\/site\/#organization"},"potentialAction":[{"@type":"SearchAction","target":{"@type":"EntryPoint","urlTemplate":"https:\/\/brasilnoticias.org\/site\/?s={search_term_string}"},"query-input":{"@type":"PropertyValueSpecification","valueRequired":true,"valueName":"search_term_string"}}],"inLanguage":"pt-PT"},{"@type":"Organization","@id":"https:\/\/brasilnoticias.org\/site\/#organization","name":"Brasil not\u00edcias","url":"https:\/\/brasilnoticias.org\/site\/","logo":{"@type":"ImageObject","inLanguage":"pt-PT","@id":"https:\/\/brasilnoticias.org\/site\/#\/schema\/logo\/image\/","url":"https:\/\/brasilnoticias.org\/site\/wp-content\/uploads\/2022\/05\/cropped-brasilnoticias-mini.jpg","contentUrl":"https:\/\/brasilnoticias.org\/site\/wp-content\/uploads\/2022\/05\/cropped-brasilnoticias-mini.jpg","width":314,"height":86,"caption":"Brasil not\u00edcias"},"image":{"@id":"https:\/\/brasilnoticias.org\/site\/#\/schema\/logo\/image\/"}},{"@type":"Person","@id":"https:\/\/brasilnoticias.org\/site\/#\/schema\/person\/03bbbfe6c7634ad18c26444ea39049fa","name":"Reda\u00e7\u00e3o","image":{"@type":"ImageObject","inLanguage":"pt-PT","@id":"https:\/\/brasilnoticias.org\/site\/#\/schema\/person\/image\/","url":"https:\/\/secure.gravatar.com\/avatar\/9ecaf7327a696cb23ad926fedded5f1f04d7049de9e445375d55b48c001a6e42?s=96&d=mm&r=g","contentUrl":"https:\/\/secure.gravatar.com\/avatar\/9ecaf7327a696cb23ad926fedded5f1f04d7049de9e445375d55b48c001a6e42?s=96&d=mm&r=g","caption":"Reda\u00e7\u00e3o"},"url":"https:\/\/brasilnoticias.org\/site\/author\/henrique\/"}]}},"_links":{"self":[{"href":"https:\/\/brasilnoticias.org\/site\/wp-json\/wp\/v2\/posts\/21570","targetHints":{"allow":["GET"]}}],"collection":[{"href":"https:\/\/brasilnoticias.org\/site\/wp-json\/wp\/v2\/posts"}],"about":[{"href":"https:\/\/brasilnoticias.org\/site\/wp-json\/wp\/v2\/types\/post"}],"author":[{"embeddable":true,"href":"https:\/\/brasilnoticias.org\/site\/wp-json\/wp\/v2\/users\/4"}],"replies":[{"embeddable":true,"href":"https:\/\/brasilnoticias.org\/site\/wp-json\/wp\/v2\/comments?post=21570"}],"version-history":[{"count":1,"href":"https:\/\/brasilnoticias.org\/site\/wp-json\/wp\/v2\/posts\/21570\/revisions"}],"predecessor-version":[{"id":21572,"href":"https:\/\/brasilnoticias.org\/site\/wp-json\/wp\/v2\/posts\/21570\/revisions\/21572"}],"wp:featuredmedia":[{"embeddable":true,"href":"https:\/\/brasilnoticias.org\/site\/wp-json\/wp\/v2\/media\/21571"}],"wp:attachment":[{"href":"https:\/\/brasilnoticias.org\/site\/wp-json\/wp\/v2\/media?parent=21570"}],"wp:term":[{"taxonomy":"category","embeddable":true,"href":"https:\/\/brasilnoticias.org\/site\/wp-json\/wp\/v2\/categories?post=21570"},{"taxonomy":"post_tag","embeddable":true,"href":"https:\/\/brasilnoticias.org\/site\/wp-json\/wp\/v2\/tags?post=21570"}],"curies":[{"name":"wp","href":"https:\/\/api.w.org\/{rel}","templated":true}]}}