{"id":21577,"date":"2026-04-15T09:59:49","date_gmt":"2026-04-15T12:59:49","guid":{"rendered":"https:\/\/brasilnoticias.org\/site\/?p=21577"},"modified":"2026-04-15T09:59:49","modified_gmt":"2026-04-15T12:59:49","slug":"matheus-ferreira-projeta-bancada-maior-do-mdb-e-aposta-em-ate-quatro-vagas-na-alba","status":"publish","type":"post","link":"https:\/\/brasilnoticias.org\/site\/matheus-ferreira-projeta-bancada-maior-do-mdb-e-aposta-em-ate-quatro-vagas-na-alba\/","title":{"rendered":"Matheus Ferreira projeta bancada maior do MDB e aposta em at\u00e9 quatro vagas na Alba"},"content":{"rendered":"<h2 class=\"self-stretch font-sans text-headline-6 font-normal tracking-tight text-neutral-50\">Parlamentar diz que partido montou chapa competitiva e acredita tamb\u00e9m na elei\u00e7\u00e3o de at\u00e9 tr\u00eas deputados federais<\/h2>\n<p>&nbsp;<\/p>\n<p>O deputado estadual\u00a0<strong>Matheus Ferreira<\/strong>\u00a0afirmou que o MDB chega fortalecido para a disputa eleitoral deste ano e projetou um crescimento da bancada do partido na Assembleia Legislativa da Bahia. Em entrevista ao\u00a0<a href=\"https:\/\/www.blogdovila.com.br\/\" target=\"_blank\" rel=\"noopener\"><strong>Blog do Vila<\/strong><\/a>, o parlamentar disse acreditar que a legenda pode conquistar at\u00e9 quatro cadeiras na Alba e at\u00e9 tr\u00eas vagas na C\u00e2mara dos Deputados.<\/p>\n<p>\u201c<strong>Olha, a gente sempre quer buscar a maior vota\u00e7\u00e3o poss\u00edvel, n\u00e3o s\u00f3 para mim, mas para todo partido. A gente pensa em um projeto pol\u00edtico de grupo, n\u00e3o de ordem pessoal. Eu mesmo que tive 60 mil votos na elei\u00e7\u00e3o passada, busco crescer cada vez mais. Mas a gente organizou muito bem o partido, tanto para estadual quanto para federal, ent\u00e3o a gente busca fazer quatro deputados estaduais e quem sabe a\u00ed tr\u00eas deputados federais. Ent\u00e3o \u00e9 hora de trabalhar e botar cebo na canela para cada um se eleger em outubro<\/strong>\u201d, declarou.<\/p>\n<p>A proje\u00e7\u00e3o de Matheus est\u00e1 em linha com o c\u00e1lculo feito por lideran\u00e7as hist\u00f3ricas da legenda, como\u00a0<strong><a href=\"https:\/\/www.blogdovila.com.br\/noticia\/geddel-pressao\" target=\"_blank\" rel=\"noopener\">Geddel Vieira Lima<\/a><\/strong>\u00a0e\u00a0<strong><a href=\"https:\/\/www.blogdovila.com.br\/noticia\/lucio-rui\" target=\"_blank\" rel=\"noopener\">L\u00facio Vieira Lima<\/a><\/strong>, que tamb\u00e9m trabalham com a possibilidade de amplia\u00e7\u00e3o das bancadas estadual e federal do MDB.<\/p>\n<p>Na disputa para a C\u00e2mara dos Deputados,\u00a0<a href=\"https:\/\/www.blogdovila.com.br\/noticia\/janela-final\" target=\"_blank\" rel=\"noopener\"><strong>o partido conseguiu reunir nomes de peso<\/strong><\/a>, a exemplo de\u00a0<strong>Ricardo Maia<\/strong>,\u00a0<strong>Jayme Vieira Lima<\/strong>,\u00a0<strong>Moema Gramacho<\/strong>, que deixou o PT,\u00a0<strong>Danilo Henrique<\/strong>, vindo do PP, e\u00a0<strong>L\u00facia Rocha<\/strong>.<\/p>\n<p>J\u00e1 para a Assembleia Legislativa, al\u00e9m do pr\u00f3prio Matheus Ferreira, o MDB conta com nomes como\u00a0<strong>Rog\u00e9rio Andrade<\/strong>,\u00a0<strong>Heber Santana<\/strong>, que migrou do Podemos,\u00a0<strong>Fernando Torres<\/strong>, vindo do PSD,\u00a0<strong>Carlinhos Sobral<\/strong>\u00a0e\u00a0<strong>David Rios<\/strong>, atual vereador de Salvador.<\/p>\n<p>Filho do vice-governador\u00a0<strong>Geraldo J\u00fanior (MDB)<\/strong>\u00a0, Matheus tamb\u00e9m comentou o per\u00edodo de indefini\u00e7\u00e3o sobre a perman\u00eancia do pai na chapa governista e afirmou que sempre manteve confian\u00e7a na recondu\u00e7\u00e3o do MDB ao posto.<\/p>\n<p>\u201c<strong>Eu sempre fiz quest\u00e3o de dizer isso, da confian\u00e7a, que n\u00e3o s\u00f3 o nosso partido, o MDB, tinha sobre o governador Jer\u00f4nimo Rodrigues, sobretudo o grupo do Conselho Pol\u00edtico, mas esse momento, que para alguns foi humilha\u00e7\u00e3o ou perrengue, eu chamo de resili\u00eancia e preparo<\/strong>\u201d, afirmou.<\/p>\n<p>Na avalia\u00e7\u00e3o do parlamentar, o MDB teve papel decisivo na vit\u00f3ria do grupo governista em 2022 e a escolha de Geraldo J\u00fanior para seguir na vice reconhece a for\u00e7a pol\u00edtica do partido e sua influ\u00eancia na Regi\u00e3o Metropolitana de Salvador.<\/p>\n<p>&nbsp;<\/p>\n<p>Fonte: <a href=\"https:\/\/www.blogdovila.com.br\/noticia\/matheus-projecao\" target=\"_blank\" rel=\"noopener\">Blog do Vila<\/a><\/p>\n","protected":false},"excerpt":{"rendered":"<p>Parlamentar diz que partido montou chapa competitiva e acredita tamb\u00e9m na elei\u00e7\u00e3o de at\u00e9 tr\u00eas deputados federais &nbsp; O deputado<\/p>\n","protected":false},"author":4,"featured_media":21585,"comment_status":"open","ping_status":"open","sticky":false,"template":"","format":"standard","meta":{"colormag_page_container_layout":"default_layout","colormag_page_sidebar_layout":"default_layout","_FSMCFIC_featured_image_caption":"","_FSMCFIC_featured_image_nocaption":"","_FSMCFIC_featured_image_hide":"","footnotes":""},"categories":[5,1],"tags":[],"class_list":["post-21577","post","type-post","status-publish","format-standard","has-post-thumbnail","hentry","category-politica","category-ultimas"],"yoast_head":"<!-- This site is optimized with the Yoast SEO plugin v27.1.1 - https:\/\/yoast.com\/product\/yoast-seo-wordpress\/ -->\n<title>Matheus Ferreira projeta bancada maior do MDB e aposta em at\u00e9 quatro vagas na Alba - Brasil not\u00edcias<\/title>\n<meta name=\"robots\" content=\"index, follow, max-snippet:-1, max-image-preview:large, max-video-preview:-1\" \/>\n<link rel=\"canonical\" href=\"https:\/\/brasilnoticias.org\/site\/matheus-ferreira-projeta-bancada-maior-do-mdb-e-aposta-em-ate-quatro-vagas-na-alba\/\" \/>\n<meta property=\"og:locale\" content=\"pt_PT\" \/>\n<meta property=\"og:type\" content=\"article\" \/>\n<meta property=\"og:title\" content=\"Matheus Ferreira projeta bancada maior do MDB e aposta em at\u00e9 quatro vagas na Alba - Brasil not\u00edcias\" \/>\n<meta property=\"og:description\" content=\"Parlamentar diz que partido montou chapa competitiva e acredita tamb\u00e9m na elei\u00e7\u00e3o de at\u00e9 tr\u00eas deputados federais &nbsp; O deputado\" \/>\n<meta property=\"og:url\" content=\"https:\/\/brasilnoticias.org\/site\/matheus-ferreira-projeta-bancada-maior-do-mdb-e-aposta-em-ate-quatro-vagas-na-alba\/\" \/>\n<meta property=\"og:site_name\" content=\"Brasil not\u00edcias\" \/>\n<meta property=\"article:published_time\" content=\"2026-04-15T12:59:49+00:00\" \/>\n<meta property=\"og:image\" content=\"https:\/\/brasilnoticias.org\/site\/wp-content\/uploads\/2026\/04\/WhatsApp-Image-2026-04-14-at-20.10.20-1.jpeg\" \/>\n\t<meta property=\"og:image:width\" content=\"1600\" \/>\n\t<meta property=\"og:image:height\" content=\"900\" \/>\n\t<meta property=\"og:image:type\" content=\"image\/jpeg\" \/>\n<meta name=\"author\" content=\"Reda\u00e7\u00e3o\" \/>\n<meta name=\"twitter:card\" content=\"summary_large_image\" \/>\n<meta name=\"twitter:label1\" content=\"Escrito por\" \/>\n\t<meta name=\"twitter:data1\" content=\"Reda\u00e7\u00e3o\" \/>\n\t<meta name=\"twitter:label2\" content=\"Tempo estimado de leitura\" \/>\n\t<meta name=\"twitter:data2\" content=\"3 minutos\" \/>\n<script type=\"application\/ld+json\" class=\"yoast-schema-graph\">{\"@context\":\"https:\/\/schema.org\",\"@graph\":[{\"@type\":\"Article\",\"@id\":\"https:\/\/brasilnoticias.org\/site\/matheus-ferreira-projeta-bancada-maior-do-mdb-e-aposta-em-ate-quatro-vagas-na-alba\/#article\",\"isPartOf\":{\"@id\":\"https:\/\/brasilnoticias.org\/site\/matheus-ferreira-projeta-bancada-maior-do-mdb-e-aposta-em-ate-quatro-vagas-na-alba\/\"},\"author\":{\"name\":\"Reda\u00e7\u00e3o\",\"@id\":\"https:\/\/brasilnoticias.org\/site\/#\/schema\/person\/03bbbfe6c7634ad18c26444ea39049fa\"},\"headline\":\"Matheus Ferreira projeta bancada maior do MDB e aposta em at\u00e9 quatro vagas na Alba\",\"datePublished\":\"2026-04-15T12:59:49+00:00\",\"mainEntityOfPage\":{\"@id\":\"https:\/\/brasilnoticias.org\/site\/matheus-ferreira-projeta-bancada-maior-do-mdb-e-aposta-em-ate-quatro-vagas-na-alba\/\"},\"wordCount\":465,\"commentCount\":0,\"publisher\":{\"@id\":\"https:\/\/brasilnoticias.org\/site\/#organization\"},\"image\":{\"@id\":\"https:\/\/brasilnoticias.org\/site\/matheus-ferreira-projeta-bancada-maior-do-mdb-e-aposta-em-ate-quatro-vagas-na-alba\/#primaryimage\"},\"thumbnailUrl\":\"https:\/\/brasilnoticias.org\/site\/wp-content\/uploads\/2026\/04\/WhatsApp-Image-2026-04-14-at-20.10.20-1.jpeg\",\"articleSection\":[\"Pol\u00edtica\",\"\u00daltimas\"],\"inLanguage\":\"pt-PT\",\"potentialAction\":[{\"@type\":\"CommentAction\",\"name\":\"Comment\",\"target\":[\"https:\/\/brasilnoticias.org\/site\/matheus-ferreira-projeta-bancada-maior-do-mdb-e-aposta-em-ate-quatro-vagas-na-alba\/#respond\"]}]},{\"@type\":\"WebPage\",\"@id\":\"https:\/\/brasilnoticias.org\/site\/matheus-ferreira-projeta-bancada-maior-do-mdb-e-aposta-em-ate-quatro-vagas-na-alba\/\",\"url\":\"https:\/\/brasilnoticias.org\/site\/matheus-ferreira-projeta-bancada-maior-do-mdb-e-aposta-em-ate-quatro-vagas-na-alba\/\",\"name\":\"Matheus Ferreira projeta bancada maior do MDB e aposta em at\u00e9 quatro vagas na Alba - Brasil not\u00edcias\",\"isPartOf\":{\"@id\":\"https:\/\/brasilnoticias.org\/site\/#website\"},\"primaryImageOfPage\":{\"@id\":\"https:\/\/brasilnoticias.org\/site\/matheus-ferreira-projeta-bancada-maior-do-mdb-e-aposta-em-ate-quatro-vagas-na-alba\/#primaryimage\"},\"image\":{\"@id\":\"https:\/\/brasilnoticias.org\/site\/matheus-ferreira-projeta-bancada-maior-do-mdb-e-aposta-em-ate-quatro-vagas-na-alba\/#primaryimage\"},\"thumbnailUrl\":\"https:\/\/brasilnoticias.org\/site\/wp-content\/uploads\/2026\/04\/WhatsApp-Image-2026-04-14-at-20.10.20-1.jpeg\",\"datePublished\":\"2026-04-15T12:59:49+00:00\",\"breadcrumb\":{\"@id\":\"https:\/\/brasilnoticias.org\/site\/matheus-ferreira-projeta-bancada-maior-do-mdb-e-aposta-em-ate-quatro-vagas-na-alba\/#breadcrumb\"},\"inLanguage\":\"pt-PT\",\"potentialAction\":[{\"@type\":\"ReadAction\",\"target\":[\"https:\/\/brasilnoticias.org\/site\/matheus-ferreira-projeta-bancada-maior-do-mdb-e-aposta-em-ate-quatro-vagas-na-alba\/\"]}]},{\"@type\":\"ImageObject\",\"inLanguage\":\"pt-PT\",\"@id\":\"https:\/\/brasilnoticias.org\/site\/matheus-ferreira-projeta-bancada-maior-do-mdb-e-aposta-em-ate-quatro-vagas-na-alba\/#primaryimage\",\"url\":\"https:\/\/brasilnoticias.org\/site\/wp-content\/uploads\/2026\/04\/WhatsApp-Image-2026-04-14-at-20.10.20-1.jpeg\",\"contentUrl\":\"https:\/\/brasilnoticias.org\/site\/wp-content\/uploads\/2026\/04\/WhatsApp-Image-2026-04-14-at-20.10.20-1.jpeg\",\"width\":1600,\"height\":900,\"caption\":\"Evil\u00e1sio J\u00fanior\"},{\"@type\":\"BreadcrumbList\",\"@id\":\"https:\/\/brasilnoticias.org\/site\/matheus-ferreira-projeta-bancada-maior-do-mdb-e-aposta-em-ate-quatro-vagas-na-alba\/#breadcrumb\",\"itemListElement\":[{\"@type\":\"ListItem\",\"position\":1,\"name\":\"In\u00edcio\",\"item\":\"https:\/\/brasilnoticias.org\/site\/\"},{\"@type\":\"ListItem\",\"position\":2,\"name\":\"Matheus Ferreira projeta bancada maior do MDB e aposta em at\u00e9 quatro vagas na Alba\"}]},{\"@type\":\"WebSite\",\"@id\":\"https:\/\/brasilnoticias.org\/site\/#website\",\"url\":\"https:\/\/brasilnoticias.org\/site\/\",\"name\":\"Brasil not\u00edcias\",\"description\":\"Brasil not\u00edcias\",\"publisher\":{\"@id\":\"https:\/\/brasilnoticias.org\/site\/#organization\"},\"potentialAction\":[{\"@type\":\"SearchAction\",\"target\":{\"@type\":\"EntryPoint\",\"urlTemplate\":\"https:\/\/brasilnoticias.org\/site\/?s={search_term_string}\"},\"query-input\":{\"@type\":\"PropertyValueSpecification\",\"valueRequired\":true,\"valueName\":\"search_term_string\"}}],\"inLanguage\":\"pt-PT\"},{\"@type\":\"Organization\",\"@id\":\"https:\/\/brasilnoticias.org\/site\/#organization\",\"name\":\"Brasil not\u00edcias\",\"url\":\"https:\/\/brasilnoticias.org\/site\/\",\"logo\":{\"@type\":\"ImageObject\",\"inLanguage\":\"pt-PT\",\"@id\":\"https:\/\/brasilnoticias.org\/site\/#\/schema\/logo\/image\/\",\"url\":\"https:\/\/brasilnoticias.org\/site\/wp-content\/uploads\/2022\/05\/cropped-brasilnoticias-mini.jpg\",\"contentUrl\":\"https:\/\/brasilnoticias.org\/site\/wp-content\/uploads\/2022\/05\/cropped-brasilnoticias-mini.jpg\",\"width\":314,\"height\":86,\"caption\":\"Brasil not\u00edcias\"},\"image\":{\"@id\":\"https:\/\/brasilnoticias.org\/site\/#\/schema\/logo\/image\/\"}},{\"@type\":\"Person\",\"@id\":\"https:\/\/brasilnoticias.org\/site\/#\/schema\/person\/03bbbfe6c7634ad18c26444ea39049fa\",\"name\":\"Reda\u00e7\u00e3o\",\"image\":{\"@type\":\"ImageObject\",\"inLanguage\":\"pt-PT\",\"@id\":\"https:\/\/brasilnoticias.org\/site\/#\/schema\/person\/image\/\",\"url\":\"https:\/\/secure.gravatar.com\/avatar\/9ecaf7327a696cb23ad926fedded5f1f04d7049de9e445375d55b48c001a6e42?s=96&d=mm&r=g\",\"contentUrl\":\"https:\/\/secure.gravatar.com\/avatar\/9ecaf7327a696cb23ad926fedded5f1f04d7049de9e445375d55b48c001a6e42?s=96&d=mm&r=g\",\"caption\":\"Reda\u00e7\u00e3o\"},\"url\":\"https:\/\/brasilnoticias.org\/site\/author\/henrique\/\"}]}<\/script>\n<!-- \/ Yoast SEO plugin. -->","yoast_head_json":{"title":"Matheus Ferreira projeta bancada maior do MDB e aposta em at\u00e9 quatro vagas na Alba - Brasil not\u00edcias","robots":{"index":"index","follow":"follow","max-snippet":"max-snippet:-1","max-image-preview":"max-image-preview:large","max-video-preview":"max-video-preview:-1"},"canonical":"https:\/\/brasilnoticias.org\/site\/matheus-ferreira-projeta-bancada-maior-do-mdb-e-aposta-em-ate-quatro-vagas-na-alba\/","og_locale":"pt_PT","og_type":"article","og_title":"Matheus Ferreira projeta bancada maior do MDB e aposta em at\u00e9 quatro vagas na Alba - Brasil not\u00edcias","og_description":"Parlamentar diz que partido montou chapa competitiva e acredita tamb\u00e9m na elei\u00e7\u00e3o de at\u00e9 tr\u00eas deputados federais &nbsp; O deputado","og_url":"https:\/\/brasilnoticias.org\/site\/matheus-ferreira-projeta-bancada-maior-do-mdb-e-aposta-em-ate-quatro-vagas-na-alba\/","og_site_name":"Brasil not\u00edcias","article_published_time":"2026-04-15T12:59:49+00:00","og_image":[{"width":1600,"height":900,"url":"https:\/\/brasilnoticias.org\/site\/wp-content\/uploads\/2026\/04\/WhatsApp-Image-2026-04-14-at-20.10.20-1.jpeg","type":"image\/jpeg"}],"author":"Reda\u00e7\u00e3o","twitter_card":"summary_large_image","twitter_misc":{"Escrito por":"Reda\u00e7\u00e3o","Tempo estimado de leitura":"3 minutos"},"schema":{"@context":"https:\/\/schema.org","@graph":[{"@type":"Article","@id":"https:\/\/brasilnoticias.org\/site\/matheus-ferreira-projeta-bancada-maior-do-mdb-e-aposta-em-ate-quatro-vagas-na-alba\/#article","isPartOf":{"@id":"https:\/\/brasilnoticias.org\/site\/matheus-ferreira-projeta-bancada-maior-do-mdb-e-aposta-em-ate-quatro-vagas-na-alba\/"},"author":{"name":"Reda\u00e7\u00e3o","@id":"https:\/\/brasilnoticias.org\/site\/#\/schema\/person\/03bbbfe6c7634ad18c26444ea39049fa"},"headline":"Matheus Ferreira projeta bancada maior do MDB e aposta em at\u00e9 quatro vagas na Alba","datePublished":"2026-04-15T12:59:49+00:00","mainEntityOfPage":{"@id":"https:\/\/brasilnoticias.org\/site\/matheus-ferreira-projeta-bancada-maior-do-mdb-e-aposta-em-ate-quatro-vagas-na-alba\/"},"wordCount":465,"commentCount":0,"publisher":{"@id":"https:\/\/brasilnoticias.org\/site\/#organization"},"image":{"@id":"https:\/\/brasilnoticias.org\/site\/matheus-ferreira-projeta-bancada-maior-do-mdb-e-aposta-em-ate-quatro-vagas-na-alba\/#primaryimage"},"thumbnailUrl":"https:\/\/brasilnoticias.org\/site\/wp-content\/uploads\/2026\/04\/WhatsApp-Image-2026-04-14-at-20.10.20-1.jpeg","articleSection":["Pol\u00edtica","\u00daltimas"],"inLanguage":"pt-PT","potentialAction":[{"@type":"CommentAction","name":"Comment","target":["https:\/\/brasilnoticias.org\/site\/matheus-ferreira-projeta-bancada-maior-do-mdb-e-aposta-em-ate-quatro-vagas-na-alba\/#respond"]}]},{"@type":"WebPage","@id":"https:\/\/brasilnoticias.org\/site\/matheus-ferreira-projeta-bancada-maior-do-mdb-e-aposta-em-ate-quatro-vagas-na-alba\/","url":"https:\/\/brasilnoticias.org\/site\/matheus-ferreira-projeta-bancada-maior-do-mdb-e-aposta-em-ate-quatro-vagas-na-alba\/","name":"Matheus Ferreira projeta bancada maior do MDB e aposta em at\u00e9 quatro vagas na Alba - Brasil not\u00edcias","isPartOf":{"@id":"https:\/\/brasilnoticias.org\/site\/#website"},"primaryImageOfPage":{"@id":"https:\/\/brasilnoticias.org\/site\/matheus-ferreira-projeta-bancada-maior-do-mdb-e-aposta-em-ate-quatro-vagas-na-alba\/#primaryimage"},"image":{"@id":"https:\/\/brasilnoticias.org\/site\/matheus-ferreira-projeta-bancada-maior-do-mdb-e-aposta-em-ate-quatro-vagas-na-alba\/#primaryimage"},"thumbnailUrl":"https:\/\/brasilnoticias.org\/site\/wp-content\/uploads\/2026\/04\/WhatsApp-Image-2026-04-14-at-20.10.20-1.jpeg","datePublished":"2026-04-15T12:59:49+00:00","breadcrumb":{"@id":"https:\/\/brasilnoticias.org\/site\/matheus-ferreira-projeta-bancada-maior-do-mdb-e-aposta-em-ate-quatro-vagas-na-alba\/#breadcrumb"},"inLanguage":"pt-PT","potentialAction":[{"@type":"ReadAction","target":["https:\/\/brasilnoticias.org\/site\/matheus-ferreira-projeta-bancada-maior-do-mdb-e-aposta-em-ate-quatro-vagas-na-alba\/"]}]},{"@type":"ImageObject","inLanguage":"pt-PT","@id":"https:\/\/brasilnoticias.org\/site\/matheus-ferreira-projeta-bancada-maior-do-mdb-e-aposta-em-ate-quatro-vagas-na-alba\/#primaryimage","url":"https:\/\/brasilnoticias.org\/site\/wp-content\/uploads\/2026\/04\/WhatsApp-Image-2026-04-14-at-20.10.20-1.jpeg","contentUrl":"https:\/\/brasilnoticias.org\/site\/wp-content\/uploads\/2026\/04\/WhatsApp-Image-2026-04-14-at-20.10.20-1.jpeg","width":1600,"height":900,"caption":"Evil\u00e1sio J\u00fanior"},{"@type":"BreadcrumbList","@id":"https:\/\/brasilnoticias.org\/site\/matheus-ferreira-projeta-bancada-maior-do-mdb-e-aposta-em-ate-quatro-vagas-na-alba\/#breadcrumb","itemListElement":[{"@type":"ListItem","position":1,"name":"In\u00edcio","item":"https:\/\/brasilnoticias.org\/site\/"},{"@type":"ListItem","position":2,"name":"Matheus Ferreira projeta bancada maior do MDB e aposta em at\u00e9 quatro vagas na Alba"}]},{"@type":"WebSite","@id":"https:\/\/brasilnoticias.org\/site\/#website","url":"https:\/\/brasilnoticias.org\/site\/","name":"Brasil not\u00edcias","description":"Brasil not\u00edcias","publisher":{"@id":"https:\/\/brasilnoticias.org\/site\/#organization"},"potentialAction":[{"@type":"SearchAction","target":{"@type":"EntryPoint","urlTemplate":"https:\/\/brasilnoticias.org\/site\/?s={search_term_string}"},"query-input":{"@type":"PropertyValueSpecification","valueRequired":true,"valueName":"search_term_string"}}],"inLanguage":"pt-PT"},{"@type":"Organization","@id":"https:\/\/brasilnoticias.org\/site\/#organization","name":"Brasil not\u00edcias","url":"https:\/\/brasilnoticias.org\/site\/","logo":{"@type":"ImageObject","inLanguage":"pt-PT","@id":"https:\/\/brasilnoticias.org\/site\/#\/schema\/logo\/image\/","url":"https:\/\/brasilnoticias.org\/site\/wp-content\/uploads\/2022\/05\/cropped-brasilnoticias-mini.jpg","contentUrl":"https:\/\/brasilnoticias.org\/site\/wp-content\/uploads\/2022\/05\/cropped-brasilnoticias-mini.jpg","width":314,"height":86,"caption":"Brasil not\u00edcias"},"image":{"@id":"https:\/\/brasilnoticias.org\/site\/#\/schema\/logo\/image\/"}},{"@type":"Person","@id":"https:\/\/brasilnoticias.org\/site\/#\/schema\/person\/03bbbfe6c7634ad18c26444ea39049fa","name":"Reda\u00e7\u00e3o","image":{"@type":"ImageObject","inLanguage":"pt-PT","@id":"https:\/\/brasilnoticias.org\/site\/#\/schema\/person\/image\/","url":"https:\/\/secure.gravatar.com\/avatar\/9ecaf7327a696cb23ad926fedded5f1f04d7049de9e445375d55b48c001a6e42?s=96&d=mm&r=g","contentUrl":"https:\/\/secure.gravatar.com\/avatar\/9ecaf7327a696cb23ad926fedded5f1f04d7049de9e445375d55b48c001a6e42?s=96&d=mm&r=g","caption":"Reda\u00e7\u00e3o"},"url":"https:\/\/brasilnoticias.org\/site\/author\/henrique\/"}]}},"_links":{"self":[{"href":"https:\/\/brasilnoticias.org\/site\/wp-json\/wp\/v2\/posts\/21577","targetHints":{"allow":["GET"]}}],"collection":[{"href":"https:\/\/brasilnoticias.org\/site\/wp-json\/wp\/v2\/posts"}],"about":[{"href":"https:\/\/brasilnoticias.org\/site\/wp-json\/wp\/v2\/types\/post"}],"author":[{"embeddable":true,"href":"https:\/\/brasilnoticias.org\/site\/wp-json\/wp\/v2\/users\/4"}],"replies":[{"embeddable":true,"href":"https:\/\/brasilnoticias.org\/site\/wp-json\/wp\/v2\/comments?post=21577"}],"version-history":[{"count":1,"href":"https:\/\/brasilnoticias.org\/site\/wp-json\/wp\/v2\/posts\/21577\/revisions"}],"predecessor-version":[{"id":21586,"href":"https:\/\/brasilnoticias.org\/site\/wp-json\/wp\/v2\/posts\/21577\/revisions\/21586"}],"wp:featuredmedia":[{"embeddable":true,"href":"https:\/\/brasilnoticias.org\/site\/wp-json\/wp\/v2\/media\/21585"}],"wp:attachment":[{"href":"https:\/\/brasilnoticias.org\/site\/wp-json\/wp\/v2\/media?parent=21577"}],"wp:term":[{"taxonomy":"category","embeddable":true,"href":"https:\/\/brasilnoticias.org\/site\/wp-json\/wp\/v2\/categories?post=21577"},{"taxonomy":"post_tag","embeddable":true,"href":"https:\/\/brasilnoticias.org\/site\/wp-json\/wp\/v2\/tags?post=21577"}],"curies":[{"name":"wp","href":"https:\/\/api.w.org\/{rel}","templated":true}]}}