{"id":21587,"date":"2026-04-15T10:09:45","date_gmt":"2026-04-15T13:09:45","guid":{"rendered":"https:\/\/brasilnoticias.org\/site\/?p=21587"},"modified":"2026-04-15T10:09:45","modified_gmt":"2026-04-15T13:09:45","slug":"ivana-bastos-admite-risco-de-queda-na-produtividade-da-alba-em-ano-eleitoral-apos-falta-de-quorum","status":"publish","type":"post","link":"https:\/\/brasilnoticias.org\/site\/ivana-bastos-admite-risco-de-queda-na-produtividade-da-alba-em-ano-eleitoral-apos-falta-de-quorum\/","title":{"rendered":"Ivana Bastos admite risco de queda na produtividade da Alba em ano eleitoral ap\u00f3s falta de qu\u00f3rum"},"content":{"rendered":"<h2 class=\"self-stretch font-sans text-headline-6 font-normal tracking-tight text-neutral-50\">Presidente da Assembleia diz que deputados est\u00e3o mais presentes no interior e promete reorganizar hor\u00e1rios das sess\u00f5es para garantir vota\u00e7\u00f5es, pelo menos \u00e0s ter\u00e7as-feiras<\/h2>\n<p>&nbsp;<\/p>\n<p>A presidente da Assembleia Legislativa da Bahia,\u00a0<strong>Ivana Bastos (PSD)<\/strong>, admitiu que o ano eleitoral j\u00e1 come\u00e7a a impactar a rotina da Casa e pode comprometer a produtividade do Legislativo estadual. Em entrevista ao\u00a0<a href=\"https:\/\/www.blogdovila.com.br\/\" target=\"_blank\" rel=\"noopener\"><strong>Blog do Vila<\/strong><\/a>, a deputada reconheceu a dificuldade de manter os parlamentares em Salvador e afirmou que pretende reorganizar os hor\u00e1rios das sess\u00f5es para evitar novos problemas de qu\u00f3rum.<\/p>\n<p>\u201c<strong>Olha, eu estou tentando ter toda a produtividade. Agora, a Bahia \u00e9 muito grande. Voc\u00ea manter os deputados aqui&#8230; os deputados est\u00e3o todos viajando. A gente entra nas redes sociais, no final de semana, \u00e9 cada um em um lugar. Mas a gente vai tentar adequar os hor\u00e1rios, pelo menos para ter\u00e7a-feira, para a gente ter uma boa produtividade<\/strong>\u201d, declarou.<\/p>\n<p>A fala ocorreu justamente no dia em que a Assembleia enfrentou um constrangimento por falta de qu\u00f3rum. Nesta ter\u00e7a-feira (14),\u00a0<strong>a vota\u00e7\u00e3o do reajuste salarial dos professores da rede estadual acabou adiada porque o n\u00famero m\u00ednimo de deputados presentes n\u00e3o foi alcan\u00e7ado<\/strong>.<\/p>\n<p>Ap\u00f3s uma sess\u00e3o que se estendeu at\u00e9 quase 18h, apenas 30 parlamentares registraram presen\u00e7a no momento da verifica\u00e7\u00e3o de qu\u00f3rum. O m\u00ednimo exigido era de 32 deputados. Diante disso, a sess\u00e3o foi encerrada sem vota\u00e7\u00e3o.<\/p>\n<p>A proposta enviada pelo governador\u00a0<strong>Jer\u00f4nimo Rodrigues (PT)<\/strong>\u00a0prev\u00ea recomposi\u00e7\u00e3o de 3,3% sobre o valor praticado em 2025, com efeito retroativo a fevereiro, al\u00e9m de acr\u00e9scimo de 2% a partir de junho. Segundo o governo, a medida manter\u00e1 o pagamento dos educadores baianos 2% acima do piso nacional.<\/p>\n<p>Nos bastidores, o epis\u00f3dio foi tratado como\u00a0<strong>\u201cfrustrante\u201d<\/strong>\u00a0pela pr\u00f3pria presidente da Assembleia, sobretudo porque o reajuste dos professores era considerado uma das mat\u00e9rias priorit\u00e1rias da pauta.<\/p>\n<p>Ao comentar a reorganiza\u00e7\u00e3o da Casa ap\u00f3s a janela partid\u00e1ria, Ivana tamb\u00e9m destacou que a Assembleia passa por uma nova composi\u00e7\u00e3o de blocos e pela volta de deputados titulares que haviam se licenciado.<\/p>\n<p>\u201c<strong>Olha, n\u00f3s estamos aqui com novos blocos partid\u00e1rios e fechando a composi\u00e7\u00e3o. N\u00f3s tivemos algumas mudan\u00e7as aqui na Casa, mudan\u00e7as pontuais. Teve tamb\u00e9m os quatro, cinco deputados, que eram suplentes, que sa\u00edram e voltaram os titulares. N\u00f3s estamos arrumando a Casa essa semana, vamos ter que arrumar algumas comiss\u00f5es para poder continuar o trabalho, nessa nova caminhada nossa<\/strong>\u201d, afirmou.<\/p>\n<p>A preocupa\u00e7\u00e3o com a produtividade da Alba em per\u00edodo eleitoral n\u00e3o \u00e9 novidade. Durante a presid\u00eancia do ex-deputado\u00a0<strong>Cl\u00f3vis Ferraz<\/strong>, entre 2005 e 2007,\u00a0<strong>houve um acordo entre as bancadas de governo e oposi\u00e7\u00e3o para garantir o qu\u00f3rum m\u00ednimo nas sess\u00f5es de ter\u00e7a-feira durante a campanha de 2006<\/strong>. A avalia\u00e7\u00e3o entre parlamentares mais experientes \u00e9 de que uma sa\u00edda semelhante pode voltar a ser discutida neste ano.<\/p>\n<p>&nbsp;<\/p>\n<p>Fonte: <a href=\"https:\/\/www.blogdovila.com.br\/noticia\/ivana-quorum\" target=\"_blank\" rel=\"noopener\">Blog do Vila<\/a><\/p>\n","protected":false},"excerpt":{"rendered":"<p>Presidente da Assembleia diz que deputados est\u00e3o mais presentes no interior e promete reorganizar hor\u00e1rios das sess\u00f5es para garantir vota\u00e7\u00f5es,<\/p>\n","protected":false},"author":4,"featured_media":21588,"comment_status":"open","ping_status":"open","sticky":false,"template":"","format":"standard","meta":{"colormag_page_container_layout":"default_layout","colormag_page_sidebar_layout":"default_layout","_FSMCFIC_featured_image_caption":"","_FSMCFIC_featured_image_nocaption":"","_FSMCFIC_featured_image_hide":"","footnotes":""},"categories":[5,1],"tags":[],"class_list":["post-21587","post","type-post","status-publish","format-standard","has-post-thumbnail","hentry","category-politica","category-ultimas"],"yoast_head":"<!-- This site is optimized with the Yoast SEO plugin v27.1.1 - https:\/\/yoast.com\/product\/yoast-seo-wordpress\/ -->\n<title>Ivana Bastos admite risco de queda na produtividade da Alba em ano eleitoral ap\u00f3s falta de qu\u00f3rum - Brasil not\u00edcias<\/title>\n<meta name=\"robots\" content=\"index, follow, max-snippet:-1, max-image-preview:large, max-video-preview:-1\" \/>\n<link rel=\"canonical\" href=\"https:\/\/brasilnoticias.org\/site\/ivana-bastos-admite-risco-de-queda-na-produtividade-da-alba-em-ano-eleitoral-apos-falta-de-quorum\/\" \/>\n<meta property=\"og:locale\" content=\"pt_PT\" \/>\n<meta property=\"og:type\" content=\"article\" \/>\n<meta property=\"og:title\" content=\"Ivana Bastos admite risco de queda na produtividade da Alba em ano eleitoral ap\u00f3s falta de qu\u00f3rum - Brasil not\u00edcias\" \/>\n<meta property=\"og:description\" content=\"Presidente da Assembleia diz que deputados est\u00e3o mais presentes no interior e promete reorganizar hor\u00e1rios das sess\u00f5es para garantir vota\u00e7\u00f5es,\" \/>\n<meta property=\"og:url\" content=\"https:\/\/brasilnoticias.org\/site\/ivana-bastos-admite-risco-de-queda-na-produtividade-da-alba-em-ano-eleitoral-apos-falta-de-quorum\/\" \/>\n<meta property=\"og:site_name\" content=\"Brasil not\u00edcias\" \/>\n<meta property=\"article:published_time\" content=\"2026-04-15T13:09:45+00:00\" \/>\n<meta property=\"og:image\" content=\"https:\/\/brasilnoticias.org\/site\/wp-content\/uploads\/2026\/04\/WhatsApp-Image-2026-04-14-at-21.25.18.jpeg\" \/>\n\t<meta property=\"og:image:width\" content=\"1600\" \/>\n\t<meta property=\"og:image:height\" content=\"899\" \/>\n\t<meta property=\"og:image:type\" content=\"image\/jpeg\" \/>\n<meta name=\"author\" content=\"Reda\u00e7\u00e3o\" \/>\n<meta name=\"twitter:card\" content=\"summary_large_image\" \/>\n<meta name=\"twitter:label1\" content=\"Escrito por\" \/>\n\t<meta name=\"twitter:data1\" content=\"Reda\u00e7\u00e3o\" \/>\n\t<meta name=\"twitter:label2\" content=\"Tempo estimado de leitura\" \/>\n\t<meta name=\"twitter:data2\" content=\"3 minutos\" \/>\n<script type=\"application\/ld+json\" class=\"yoast-schema-graph\">{\"@context\":\"https:\/\/schema.org\",\"@graph\":[{\"@type\":\"Article\",\"@id\":\"https:\/\/brasilnoticias.org\/site\/ivana-bastos-admite-risco-de-queda-na-produtividade-da-alba-em-ano-eleitoral-apos-falta-de-quorum\/#article\",\"isPartOf\":{\"@id\":\"https:\/\/brasilnoticias.org\/site\/ivana-bastos-admite-risco-de-queda-na-produtividade-da-alba-em-ano-eleitoral-apos-falta-de-quorum\/\"},\"author\":{\"name\":\"Reda\u00e7\u00e3o\",\"@id\":\"https:\/\/brasilnoticias.org\/site\/#\/schema\/person\/03bbbfe6c7634ad18c26444ea39049fa\"},\"headline\":\"Ivana Bastos admite risco de queda na produtividade da Alba em ano eleitoral ap\u00f3s falta de qu\u00f3rum\",\"datePublished\":\"2026-04-15T13:09:45+00:00\",\"mainEntityOfPage\":{\"@id\":\"https:\/\/brasilnoticias.org\/site\/ivana-bastos-admite-risco-de-queda-na-produtividade-da-alba-em-ano-eleitoral-apos-falta-de-quorum\/\"},\"wordCount\":531,\"commentCount\":0,\"publisher\":{\"@id\":\"https:\/\/brasilnoticias.org\/site\/#organization\"},\"image\":{\"@id\":\"https:\/\/brasilnoticias.org\/site\/ivana-bastos-admite-risco-de-queda-na-produtividade-da-alba-em-ano-eleitoral-apos-falta-de-quorum\/#primaryimage\"},\"thumbnailUrl\":\"https:\/\/brasilnoticias.org\/site\/wp-content\/uploads\/2026\/04\/WhatsApp-Image-2026-04-14-at-21.25.18.jpeg\",\"articleSection\":[\"Pol\u00edtica\",\"\u00daltimas\"],\"inLanguage\":\"pt-PT\",\"potentialAction\":[{\"@type\":\"CommentAction\",\"name\":\"Comment\",\"target\":[\"https:\/\/brasilnoticias.org\/site\/ivana-bastos-admite-risco-de-queda-na-produtividade-da-alba-em-ano-eleitoral-apos-falta-de-quorum\/#respond\"]}]},{\"@type\":\"WebPage\",\"@id\":\"https:\/\/brasilnoticias.org\/site\/ivana-bastos-admite-risco-de-queda-na-produtividade-da-alba-em-ano-eleitoral-apos-falta-de-quorum\/\",\"url\":\"https:\/\/brasilnoticias.org\/site\/ivana-bastos-admite-risco-de-queda-na-produtividade-da-alba-em-ano-eleitoral-apos-falta-de-quorum\/\",\"name\":\"Ivana Bastos admite risco de queda na produtividade da Alba em ano eleitoral ap\u00f3s falta de qu\u00f3rum - Brasil not\u00edcias\",\"isPartOf\":{\"@id\":\"https:\/\/brasilnoticias.org\/site\/#website\"},\"primaryImageOfPage\":{\"@id\":\"https:\/\/brasilnoticias.org\/site\/ivana-bastos-admite-risco-de-queda-na-produtividade-da-alba-em-ano-eleitoral-apos-falta-de-quorum\/#primaryimage\"},\"image\":{\"@id\":\"https:\/\/brasilnoticias.org\/site\/ivana-bastos-admite-risco-de-queda-na-produtividade-da-alba-em-ano-eleitoral-apos-falta-de-quorum\/#primaryimage\"},\"thumbnailUrl\":\"https:\/\/brasilnoticias.org\/site\/wp-content\/uploads\/2026\/04\/WhatsApp-Image-2026-04-14-at-21.25.18.jpeg\",\"datePublished\":\"2026-04-15T13:09:45+00:00\",\"breadcrumb\":{\"@id\":\"https:\/\/brasilnoticias.org\/site\/ivana-bastos-admite-risco-de-queda-na-produtividade-da-alba-em-ano-eleitoral-apos-falta-de-quorum\/#breadcrumb\"},\"inLanguage\":\"pt-PT\",\"potentialAction\":[{\"@type\":\"ReadAction\",\"target\":[\"https:\/\/brasilnoticias.org\/site\/ivana-bastos-admite-risco-de-queda-na-produtividade-da-alba-em-ano-eleitoral-apos-falta-de-quorum\/\"]}]},{\"@type\":\"ImageObject\",\"inLanguage\":\"pt-PT\",\"@id\":\"https:\/\/brasilnoticias.org\/site\/ivana-bastos-admite-risco-de-queda-na-produtividade-da-alba-em-ano-eleitoral-apos-falta-de-quorum\/#primaryimage\",\"url\":\"https:\/\/brasilnoticias.org\/site\/wp-content\/uploads\/2026\/04\/WhatsApp-Image-2026-04-14-at-21.25.18.jpeg\",\"contentUrl\":\"https:\/\/brasilnoticias.org\/site\/wp-content\/uploads\/2026\/04\/WhatsApp-Image-2026-04-14-at-21.25.18.jpeg\",\"width\":1600,\"height\":899,\"caption\":\"Foto: Sandra Travassos \/ Alba\"},{\"@type\":\"BreadcrumbList\",\"@id\":\"https:\/\/brasilnoticias.org\/site\/ivana-bastos-admite-risco-de-queda-na-produtividade-da-alba-em-ano-eleitoral-apos-falta-de-quorum\/#breadcrumb\",\"itemListElement\":[{\"@type\":\"ListItem\",\"position\":1,\"name\":\"In\u00edcio\",\"item\":\"https:\/\/brasilnoticias.org\/site\/\"},{\"@type\":\"ListItem\",\"position\":2,\"name\":\"Ivana Bastos admite risco de queda na produtividade da Alba em ano eleitoral ap\u00f3s falta de qu\u00f3rum\"}]},{\"@type\":\"WebSite\",\"@id\":\"https:\/\/brasilnoticias.org\/site\/#website\",\"url\":\"https:\/\/brasilnoticias.org\/site\/\",\"name\":\"Brasil not\u00edcias\",\"description\":\"Brasil not\u00edcias\",\"publisher\":{\"@id\":\"https:\/\/brasilnoticias.org\/site\/#organization\"},\"potentialAction\":[{\"@type\":\"SearchAction\",\"target\":{\"@type\":\"EntryPoint\",\"urlTemplate\":\"https:\/\/brasilnoticias.org\/site\/?s={search_term_string}\"},\"query-input\":{\"@type\":\"PropertyValueSpecification\",\"valueRequired\":true,\"valueName\":\"search_term_string\"}}],\"inLanguage\":\"pt-PT\"},{\"@type\":\"Organization\",\"@id\":\"https:\/\/brasilnoticias.org\/site\/#organization\",\"name\":\"Brasil not\u00edcias\",\"url\":\"https:\/\/brasilnoticias.org\/site\/\",\"logo\":{\"@type\":\"ImageObject\",\"inLanguage\":\"pt-PT\",\"@id\":\"https:\/\/brasilnoticias.org\/site\/#\/schema\/logo\/image\/\",\"url\":\"https:\/\/brasilnoticias.org\/site\/wp-content\/uploads\/2022\/05\/cropped-brasilnoticias-mini.jpg\",\"contentUrl\":\"https:\/\/brasilnoticias.org\/site\/wp-content\/uploads\/2022\/05\/cropped-brasilnoticias-mini.jpg\",\"width\":314,\"height\":86,\"caption\":\"Brasil not\u00edcias\"},\"image\":{\"@id\":\"https:\/\/brasilnoticias.org\/site\/#\/schema\/logo\/image\/\"}},{\"@type\":\"Person\",\"@id\":\"https:\/\/brasilnoticias.org\/site\/#\/schema\/person\/03bbbfe6c7634ad18c26444ea39049fa\",\"name\":\"Reda\u00e7\u00e3o\",\"image\":{\"@type\":\"ImageObject\",\"inLanguage\":\"pt-PT\",\"@id\":\"https:\/\/brasilnoticias.org\/site\/#\/schema\/person\/image\/\",\"url\":\"https:\/\/secure.gravatar.com\/avatar\/9ecaf7327a696cb23ad926fedded5f1f04d7049de9e445375d55b48c001a6e42?s=96&d=mm&r=g\",\"contentUrl\":\"https:\/\/secure.gravatar.com\/avatar\/9ecaf7327a696cb23ad926fedded5f1f04d7049de9e445375d55b48c001a6e42?s=96&d=mm&r=g\",\"caption\":\"Reda\u00e7\u00e3o\"},\"url\":\"https:\/\/brasilnoticias.org\/site\/author\/henrique\/\"}]}<\/script>\n<!-- \/ Yoast SEO plugin. -->","yoast_head_json":{"title":"Ivana Bastos admite risco de queda na produtividade da Alba em ano eleitoral ap\u00f3s falta de qu\u00f3rum - Brasil not\u00edcias","robots":{"index":"index","follow":"follow","max-snippet":"max-snippet:-1","max-image-preview":"max-image-preview:large","max-video-preview":"max-video-preview:-1"},"canonical":"https:\/\/brasilnoticias.org\/site\/ivana-bastos-admite-risco-de-queda-na-produtividade-da-alba-em-ano-eleitoral-apos-falta-de-quorum\/","og_locale":"pt_PT","og_type":"article","og_title":"Ivana Bastos admite risco de queda na produtividade da Alba em ano eleitoral ap\u00f3s falta de qu\u00f3rum - Brasil not\u00edcias","og_description":"Presidente da Assembleia diz que deputados est\u00e3o mais presentes no interior e promete reorganizar hor\u00e1rios das sess\u00f5es para garantir vota\u00e7\u00f5es,","og_url":"https:\/\/brasilnoticias.org\/site\/ivana-bastos-admite-risco-de-queda-na-produtividade-da-alba-em-ano-eleitoral-apos-falta-de-quorum\/","og_site_name":"Brasil not\u00edcias","article_published_time":"2026-04-15T13:09:45+00:00","og_image":[{"width":1600,"height":899,"url":"https:\/\/brasilnoticias.org\/site\/wp-content\/uploads\/2026\/04\/WhatsApp-Image-2026-04-14-at-21.25.18.jpeg","type":"image\/jpeg"}],"author":"Reda\u00e7\u00e3o","twitter_card":"summary_large_image","twitter_misc":{"Escrito por":"Reda\u00e7\u00e3o","Tempo estimado de leitura":"3 minutos"},"schema":{"@context":"https:\/\/schema.org","@graph":[{"@type":"Article","@id":"https:\/\/brasilnoticias.org\/site\/ivana-bastos-admite-risco-de-queda-na-produtividade-da-alba-em-ano-eleitoral-apos-falta-de-quorum\/#article","isPartOf":{"@id":"https:\/\/brasilnoticias.org\/site\/ivana-bastos-admite-risco-de-queda-na-produtividade-da-alba-em-ano-eleitoral-apos-falta-de-quorum\/"},"author":{"name":"Reda\u00e7\u00e3o","@id":"https:\/\/brasilnoticias.org\/site\/#\/schema\/person\/03bbbfe6c7634ad18c26444ea39049fa"},"headline":"Ivana Bastos admite risco de queda na produtividade da Alba em ano eleitoral ap\u00f3s falta de qu\u00f3rum","datePublished":"2026-04-15T13:09:45+00:00","mainEntityOfPage":{"@id":"https:\/\/brasilnoticias.org\/site\/ivana-bastos-admite-risco-de-queda-na-produtividade-da-alba-em-ano-eleitoral-apos-falta-de-quorum\/"},"wordCount":531,"commentCount":0,"publisher":{"@id":"https:\/\/brasilnoticias.org\/site\/#organization"},"image":{"@id":"https:\/\/brasilnoticias.org\/site\/ivana-bastos-admite-risco-de-queda-na-produtividade-da-alba-em-ano-eleitoral-apos-falta-de-quorum\/#primaryimage"},"thumbnailUrl":"https:\/\/brasilnoticias.org\/site\/wp-content\/uploads\/2026\/04\/WhatsApp-Image-2026-04-14-at-21.25.18.jpeg","articleSection":["Pol\u00edtica","\u00daltimas"],"inLanguage":"pt-PT","potentialAction":[{"@type":"CommentAction","name":"Comment","target":["https:\/\/brasilnoticias.org\/site\/ivana-bastos-admite-risco-de-queda-na-produtividade-da-alba-em-ano-eleitoral-apos-falta-de-quorum\/#respond"]}]},{"@type":"WebPage","@id":"https:\/\/brasilnoticias.org\/site\/ivana-bastos-admite-risco-de-queda-na-produtividade-da-alba-em-ano-eleitoral-apos-falta-de-quorum\/","url":"https:\/\/brasilnoticias.org\/site\/ivana-bastos-admite-risco-de-queda-na-produtividade-da-alba-em-ano-eleitoral-apos-falta-de-quorum\/","name":"Ivana Bastos admite risco de queda na produtividade da Alba em ano eleitoral ap\u00f3s falta de qu\u00f3rum - Brasil not\u00edcias","isPartOf":{"@id":"https:\/\/brasilnoticias.org\/site\/#website"},"primaryImageOfPage":{"@id":"https:\/\/brasilnoticias.org\/site\/ivana-bastos-admite-risco-de-queda-na-produtividade-da-alba-em-ano-eleitoral-apos-falta-de-quorum\/#primaryimage"},"image":{"@id":"https:\/\/brasilnoticias.org\/site\/ivana-bastos-admite-risco-de-queda-na-produtividade-da-alba-em-ano-eleitoral-apos-falta-de-quorum\/#primaryimage"},"thumbnailUrl":"https:\/\/brasilnoticias.org\/site\/wp-content\/uploads\/2026\/04\/WhatsApp-Image-2026-04-14-at-21.25.18.jpeg","datePublished":"2026-04-15T13:09:45+00:00","breadcrumb":{"@id":"https:\/\/brasilnoticias.org\/site\/ivana-bastos-admite-risco-de-queda-na-produtividade-da-alba-em-ano-eleitoral-apos-falta-de-quorum\/#breadcrumb"},"inLanguage":"pt-PT","potentialAction":[{"@type":"ReadAction","target":["https:\/\/brasilnoticias.org\/site\/ivana-bastos-admite-risco-de-queda-na-produtividade-da-alba-em-ano-eleitoral-apos-falta-de-quorum\/"]}]},{"@type":"ImageObject","inLanguage":"pt-PT","@id":"https:\/\/brasilnoticias.org\/site\/ivana-bastos-admite-risco-de-queda-na-produtividade-da-alba-em-ano-eleitoral-apos-falta-de-quorum\/#primaryimage","url":"https:\/\/brasilnoticias.org\/site\/wp-content\/uploads\/2026\/04\/WhatsApp-Image-2026-04-14-at-21.25.18.jpeg","contentUrl":"https:\/\/brasilnoticias.org\/site\/wp-content\/uploads\/2026\/04\/WhatsApp-Image-2026-04-14-at-21.25.18.jpeg","width":1600,"height":899,"caption":"Foto: Sandra Travassos \/ Alba"},{"@type":"BreadcrumbList","@id":"https:\/\/brasilnoticias.org\/site\/ivana-bastos-admite-risco-de-queda-na-produtividade-da-alba-em-ano-eleitoral-apos-falta-de-quorum\/#breadcrumb","itemListElement":[{"@type":"ListItem","position":1,"name":"In\u00edcio","item":"https:\/\/brasilnoticias.org\/site\/"},{"@type":"ListItem","position":2,"name":"Ivana Bastos admite risco de queda na produtividade da Alba em ano eleitoral ap\u00f3s falta de qu\u00f3rum"}]},{"@type":"WebSite","@id":"https:\/\/brasilnoticias.org\/site\/#website","url":"https:\/\/brasilnoticias.org\/site\/","name":"Brasil not\u00edcias","description":"Brasil not\u00edcias","publisher":{"@id":"https:\/\/brasilnoticias.org\/site\/#organization"},"potentialAction":[{"@type":"SearchAction","target":{"@type":"EntryPoint","urlTemplate":"https:\/\/brasilnoticias.org\/site\/?s={search_term_string}"},"query-input":{"@type":"PropertyValueSpecification","valueRequired":true,"valueName":"search_term_string"}}],"inLanguage":"pt-PT"},{"@type":"Organization","@id":"https:\/\/brasilnoticias.org\/site\/#organization","name":"Brasil not\u00edcias","url":"https:\/\/brasilnoticias.org\/site\/","logo":{"@type":"ImageObject","inLanguage":"pt-PT","@id":"https:\/\/brasilnoticias.org\/site\/#\/schema\/logo\/image\/","url":"https:\/\/brasilnoticias.org\/site\/wp-content\/uploads\/2022\/05\/cropped-brasilnoticias-mini.jpg","contentUrl":"https:\/\/brasilnoticias.org\/site\/wp-content\/uploads\/2022\/05\/cropped-brasilnoticias-mini.jpg","width":314,"height":86,"caption":"Brasil not\u00edcias"},"image":{"@id":"https:\/\/brasilnoticias.org\/site\/#\/schema\/logo\/image\/"}},{"@type":"Person","@id":"https:\/\/brasilnoticias.org\/site\/#\/schema\/person\/03bbbfe6c7634ad18c26444ea39049fa","name":"Reda\u00e7\u00e3o","image":{"@type":"ImageObject","inLanguage":"pt-PT","@id":"https:\/\/brasilnoticias.org\/site\/#\/schema\/person\/image\/","url":"https:\/\/secure.gravatar.com\/avatar\/9ecaf7327a696cb23ad926fedded5f1f04d7049de9e445375d55b48c001a6e42?s=96&d=mm&r=g","contentUrl":"https:\/\/secure.gravatar.com\/avatar\/9ecaf7327a696cb23ad926fedded5f1f04d7049de9e445375d55b48c001a6e42?s=96&d=mm&r=g","caption":"Reda\u00e7\u00e3o"},"url":"https:\/\/brasilnoticias.org\/site\/author\/henrique\/"}]}},"_links":{"self":[{"href":"https:\/\/brasilnoticias.org\/site\/wp-json\/wp\/v2\/posts\/21587","targetHints":{"allow":["GET"]}}],"collection":[{"href":"https:\/\/brasilnoticias.org\/site\/wp-json\/wp\/v2\/posts"}],"about":[{"href":"https:\/\/brasilnoticias.org\/site\/wp-json\/wp\/v2\/types\/post"}],"author":[{"embeddable":true,"href":"https:\/\/brasilnoticias.org\/site\/wp-json\/wp\/v2\/users\/4"}],"replies":[{"embeddable":true,"href":"https:\/\/brasilnoticias.org\/site\/wp-json\/wp\/v2\/comments?post=21587"}],"version-history":[{"count":1,"href":"https:\/\/brasilnoticias.org\/site\/wp-json\/wp\/v2\/posts\/21587\/revisions"}],"predecessor-version":[{"id":21589,"href":"https:\/\/brasilnoticias.org\/site\/wp-json\/wp\/v2\/posts\/21587\/revisions\/21589"}],"wp:featuredmedia":[{"embeddable":true,"href":"https:\/\/brasilnoticias.org\/site\/wp-json\/wp\/v2\/media\/21588"}],"wp:attachment":[{"href":"https:\/\/brasilnoticias.org\/site\/wp-json\/wp\/v2\/media?parent=21587"}],"wp:term":[{"taxonomy":"category","embeddable":true,"href":"https:\/\/brasilnoticias.org\/site\/wp-json\/wp\/v2\/categories?post=21587"},{"taxonomy":"post_tag","embeddable":true,"href":"https:\/\/brasilnoticias.org\/site\/wp-json\/wp\/v2\/tags?post=21587"}],"curies":[{"name":"wp","href":"https:\/\/api.w.org\/{rel}","templated":true}]}}