{"id":21590,"date":"2026-04-15T11:24:42","date_gmt":"2026-04-15T14:24:42","guid":{"rendered":"https:\/\/brasilnoticias.org\/site\/?p=21590"},"modified":"2026-04-15T11:24:42","modified_gmt":"2026-04-15T14:24:42","slug":"policia-federal-cumpre-mandados-em-salvador-e-no-extremo-sul-da-bahia-por-morte-de-indigena","status":"publish","type":"post","link":"https:\/\/brasilnoticias.org\/site\/policia-federal-cumpre-mandados-em-salvador-e-no-extremo-sul-da-bahia-por-morte-de-indigena\/","title":{"rendered":"Pol\u00edcia Federal cumpre mandados em Salvador e no extremo sul da Bahia por morte de ind\u00edgena"},"content":{"rendered":"<p data-start=\"202\" data-end=\"354\">A <span class=\"hover:entity-accent entity-underline inline cursor-pointer align-baseline\"><span class=\"whitespace-normal\">Pol\u00edcia Federal<\/span><\/span> deflagrou, nesta quarta-feira (15), uma opera\u00e7\u00e3o para investigar a morte de um ind\u00edgena no extremo sul da Bahia.<\/p>\n<p data-start=\"356\" data-end=\"593\">Batizada de <strong data-start=\"368\" data-end=\"396\">Opera\u00e7\u00e3o Santa Hermandad<\/strong>, a a\u00e7\u00e3o cumpre <strong data-start=\"412\" data-end=\"450\">oito mandados de busca e apreens\u00e3o<\/strong> em cidades como <span class=\"hover:entity-accent entity-underline inline cursor-pointer align-baseline\"><span class=\"whitespace-normal\">Salvador<\/span><\/span>, Teixeira de Freitas, Itamaraju e Medeiros Neto.<\/p>\n<h3 data-section-id=\"1kjf1gw\" data-start=\"595\" data-end=\"654\">Investiga\u00e7\u00e3o apura homic\u00eddio e tentativa de assassinato<\/h3>\n<p data-start=\"656\" data-end=\"793\">O caso envolve o assassinato do ind\u00edgena <strong data-start=\"697\" data-end=\"717\">V\u00edtor Braga Braz<\/strong> e a tentativa de homic\u00eddio contra outra pessoa, ocorridos em mar\u00e7o de 2025.<\/p>\n<p data-start=\"795\" data-end=\"1000\">O crime aconteceu nas proximidades da Aldeia Terra Vista, localizada na Terra Ind\u00edgena Barra Velha, no munic\u00edpio de Prado, regi\u00e3o marcada por conflitos territoriais.<\/p>\n<h3 data-section-id=\"3qxley\" data-start=\"1002\" data-end=\"1025\">Pris\u00e3o e apreens\u00f5es<\/h3>\n<p data-start=\"1027\" data-end=\"1131\">Durante o cumprimento dos mandados, um suspeito foi preso em flagrante por posse ilegal de arma de fogo.<\/p>\n<p data-start=\"1133\" data-end=\"1156\">Os agentes apreenderam:<\/p>\n<ul data-start=\"1157\" data-end=\"1251\">\n<li data-section-id=\"w26s4z\" data-start=\"1157\" data-end=\"1180\"><strong data-start=\"1159\" data-end=\"1178\">7 armas de fogo<\/strong><\/li>\n<li data-section-id=\"9f748a\" data-start=\"1181\" data-end=\"1222\"><strong data-start=\"1183\" data-end=\"1220\">813 muni\u00e7\u00f5es de diversos calibres<\/strong><\/li>\n<li data-section-id=\"vfuebi\" data-start=\"1223\" data-end=\"1236\">Celulares<\/li>\n<li data-section-id=\"rtula3\" data-start=\"1237\" data-end=\"1251\">Um ve\u00edculo<\/li>\n<\/ul>\n<p data-start=\"1253\" data-end=\"1352\">O material ser\u00e1 analisado para aprofundar as investiga\u00e7\u00f5es.<\/p>\n<h3 data-section-id=\"1xds6ns\" data-start=\"1354\" data-end=\"1391\">Suspeita de organiza\u00e7\u00e3o criminosa<\/h3>\n<p data-start=\"1393\" data-end=\"1515\">Segundo a Pol\u00edcia Federal, h\u00e1 ind\u00edcios de que os crimes estejam ligados \u00e0 atua\u00e7\u00e3o de uma <strong data-start=\"1482\" data-end=\"1514\">organiza\u00e7\u00e3o criminosa armada<\/strong>.<\/p>\n<p data-start=\"1517\" data-end=\"1664\">A opera\u00e7\u00e3o busca desarticular essa poss\u00edvel estrutura e reunir provas para identificar todos os envolvidos.<\/p>\n<h3 data-section-id=\"1e3339f\" data-start=\"1666\" data-end=\"1701\">Contexto de conflito por terras<\/h3>\n<p data-start=\"1703\" data-end=\"1854\">As investiga\u00e7\u00f5es apontam que o crime est\u00e1 inserido em um cen\u00e1rio de disputa por terras na regi\u00e3o, envolvendo comunidades ind\u00edgenas e interesses rurais.<\/p>\n<p data-start=\"1856\" data-end=\"2030\">Esse tipo de conflito tem sido recorrente no extremo sul da Bahia, onde h\u00e1 tens\u00f5es relacionadas \u00e0 demarca\u00e7\u00e3o de territ\u00f3rios ind\u00edgenas.<\/p>\n<h3 data-section-id=\"1ptfr1\" data-start=\"2032\" data-end=\"2059\">Caso na Justi\u00e7a Federal<\/h3>\n<p data-start=\"2061\" data-end=\"2153\">Por envolver direitos ind\u00edgenas, o caso passou a ser conduzido na esfera da Justi\u00e7a Federal.<\/p>\n<p data-start=\"2155\" data-end=\"2267\">A Pol\u00edcia Federal segue com dilig\u00eancias para esclarecer as circunst\u00e2ncias do crime e responsabilizar os autores.<\/p>\n","protected":false},"excerpt":{"rendered":"<p>A Pol\u00edcia Federal deflagrou, nesta quarta-feira (15), uma opera\u00e7\u00e3o para investigar a morte de um ind\u00edgena no extremo sul da<\/p>\n","protected":false},"author":4,"featured_media":21591,"comment_status":"open","ping_status":"open","sticky":false,"template":"","format":"standard","meta":{"colormag_page_container_layout":"default_layout","colormag_page_sidebar_layout":"default_layout","_FSMCFIC_featured_image_caption":"","_FSMCFIC_featured_image_nocaption":"","_FSMCFIC_featured_image_hide":"","footnotes":""},"categories":[3,1],"tags":[],"class_list":["post-21590","post","type-post","status-publish","format-standard","has-post-thumbnail","hentry","category-policia","category-ultimas"],"yoast_head":"<!-- This site is optimized with the Yoast SEO plugin v27.1.1 - https:\/\/yoast.com\/product\/yoast-seo-wordpress\/ -->\n<title>Pol\u00edcia Federal cumpre mandados em Salvador e no extremo sul da Bahia por morte de ind\u00edgena - Brasil not\u00edcias<\/title>\n<meta name=\"robots\" content=\"index, follow, max-snippet:-1, max-image-preview:large, max-video-preview:-1\" \/>\n<link rel=\"canonical\" href=\"https:\/\/brasilnoticias.org\/site\/policia-federal-cumpre-mandados-em-salvador-e-no-extremo-sul-da-bahia-por-morte-de-indigena\/\" \/>\n<meta property=\"og:locale\" content=\"pt_PT\" \/>\n<meta property=\"og:type\" content=\"article\" \/>\n<meta property=\"og:title\" content=\"Pol\u00edcia Federal cumpre mandados em Salvador e no extremo sul da Bahia por morte de ind\u00edgena - Brasil not\u00edcias\" \/>\n<meta property=\"og:description\" content=\"A Pol\u00edcia Federal deflagrou, nesta quarta-feira (15), uma opera\u00e7\u00e3o para investigar a morte de um ind\u00edgena no extremo sul da\" \/>\n<meta property=\"og:url\" content=\"https:\/\/brasilnoticias.org\/site\/policia-federal-cumpre-mandados-em-salvador-e-no-extremo-sul-da-bahia-por-morte-de-indigena\/\" \/>\n<meta property=\"og:site_name\" content=\"Brasil not\u00edcias\" \/>\n<meta property=\"article:published_time\" content=\"2026-04-15T14:24:42+00:00\" \/>\n<meta property=\"og:image\" content=\"https:\/\/brasilnoticias.org\/site\/wp-content\/uploads\/2026\/04\/IMAGEM_NOTICIA_9-4.webp\" \/>\n\t<meta property=\"og:image:width\" content=\"1200\" \/>\n\t<meta property=\"og:image:height\" content=\"630\" \/>\n\t<meta property=\"og:image:type\" content=\"image\/webp\" \/>\n<meta name=\"author\" content=\"Reda\u00e7\u00e3o\" \/>\n<meta name=\"twitter:card\" content=\"summary_large_image\" \/>\n<meta name=\"twitter:label1\" content=\"Escrito por\" \/>\n\t<meta name=\"twitter:data1\" content=\"Reda\u00e7\u00e3o\" \/>\n\t<meta name=\"twitter:label2\" content=\"Tempo estimado de leitura\" \/>\n\t<meta name=\"twitter:data2\" content=\"2 minutos\" \/>\n<script type=\"application\/ld+json\" class=\"yoast-schema-graph\">{\"@context\":\"https:\/\/schema.org\",\"@graph\":[{\"@type\":\"Article\",\"@id\":\"https:\/\/brasilnoticias.org\/site\/policia-federal-cumpre-mandados-em-salvador-e-no-extremo-sul-da-bahia-por-morte-de-indigena\/#article\",\"isPartOf\":{\"@id\":\"https:\/\/brasilnoticias.org\/site\/policia-federal-cumpre-mandados-em-salvador-e-no-extremo-sul-da-bahia-por-morte-de-indigena\/\"},\"author\":{\"name\":\"Reda\u00e7\u00e3o\",\"@id\":\"https:\/\/brasilnoticias.org\/site\/#\/schema\/person\/03bbbfe6c7634ad18c26444ea39049fa\"},\"headline\":\"Pol\u00edcia Federal cumpre mandados em Salvador e no extremo sul da Bahia por morte de ind\u00edgena\",\"datePublished\":\"2026-04-15T14:24:42+00:00\",\"mainEntityOfPage\":{\"@id\":\"https:\/\/brasilnoticias.org\/site\/policia-federal-cumpre-mandados-em-salvador-e-no-extremo-sul-da-bahia-por-morte-de-indigena\/\"},\"wordCount\":319,\"commentCount\":0,\"publisher\":{\"@id\":\"https:\/\/brasilnoticias.org\/site\/#organization\"},\"image\":{\"@id\":\"https:\/\/brasilnoticias.org\/site\/policia-federal-cumpre-mandados-em-salvador-e-no-extremo-sul-da-bahia-por-morte-de-indigena\/#primaryimage\"},\"thumbnailUrl\":\"https:\/\/brasilnoticias.org\/site\/wp-content\/uploads\/2026\/04\/IMAGEM_NOTICIA_9-4.webp\",\"articleSection\":[\"Pol\u00edcia\",\"\u00daltimas\"],\"inLanguage\":\"pt-PT\",\"potentialAction\":[{\"@type\":\"CommentAction\",\"name\":\"Comment\",\"target\":[\"https:\/\/brasilnoticias.org\/site\/policia-federal-cumpre-mandados-em-salvador-e-no-extremo-sul-da-bahia-por-morte-de-indigena\/#respond\"]}]},{\"@type\":\"WebPage\",\"@id\":\"https:\/\/brasilnoticias.org\/site\/policia-federal-cumpre-mandados-em-salvador-e-no-extremo-sul-da-bahia-por-morte-de-indigena\/\",\"url\":\"https:\/\/brasilnoticias.org\/site\/policia-federal-cumpre-mandados-em-salvador-e-no-extremo-sul-da-bahia-por-morte-de-indigena\/\",\"name\":\"Pol\u00edcia Federal cumpre mandados em Salvador e no extremo sul da Bahia por morte de ind\u00edgena - Brasil not\u00edcias\",\"isPartOf\":{\"@id\":\"https:\/\/brasilnoticias.org\/site\/#website\"},\"primaryImageOfPage\":{\"@id\":\"https:\/\/brasilnoticias.org\/site\/policia-federal-cumpre-mandados-em-salvador-e-no-extremo-sul-da-bahia-por-morte-de-indigena\/#primaryimage\"},\"image\":{\"@id\":\"https:\/\/brasilnoticias.org\/site\/policia-federal-cumpre-mandados-em-salvador-e-no-extremo-sul-da-bahia-por-morte-de-indigena\/#primaryimage\"},\"thumbnailUrl\":\"https:\/\/brasilnoticias.org\/site\/wp-content\/uploads\/2026\/04\/IMAGEM_NOTICIA_9-4.webp\",\"datePublished\":\"2026-04-15T14:24:42+00:00\",\"breadcrumb\":{\"@id\":\"https:\/\/brasilnoticias.org\/site\/policia-federal-cumpre-mandados-em-salvador-e-no-extremo-sul-da-bahia-por-morte-de-indigena\/#breadcrumb\"},\"inLanguage\":\"pt-PT\",\"potentialAction\":[{\"@type\":\"ReadAction\",\"target\":[\"https:\/\/brasilnoticias.org\/site\/policia-federal-cumpre-mandados-em-salvador-e-no-extremo-sul-da-bahia-por-morte-de-indigena\/\"]}]},{\"@type\":\"ImageObject\",\"inLanguage\":\"pt-PT\",\"@id\":\"https:\/\/brasilnoticias.org\/site\/policia-federal-cumpre-mandados-em-salvador-e-no-extremo-sul-da-bahia-por-morte-de-indigena\/#primaryimage\",\"url\":\"https:\/\/brasilnoticias.org\/site\/wp-content\/uploads\/2026\/04\/IMAGEM_NOTICIA_9-4.webp\",\"contentUrl\":\"https:\/\/brasilnoticias.org\/site\/wp-content\/uploads\/2026\/04\/IMAGEM_NOTICIA_9-4.webp\",\"width\":1200,\"height\":630,\"caption\":\"Foto: Divulga\u00e7\u00e3o \/ Pol\u00edcia Federal\"},{\"@type\":\"BreadcrumbList\",\"@id\":\"https:\/\/brasilnoticias.org\/site\/policia-federal-cumpre-mandados-em-salvador-e-no-extremo-sul-da-bahia-por-morte-de-indigena\/#breadcrumb\",\"itemListElement\":[{\"@type\":\"ListItem\",\"position\":1,\"name\":\"In\u00edcio\",\"item\":\"https:\/\/brasilnoticias.org\/site\/\"},{\"@type\":\"ListItem\",\"position\":2,\"name\":\"Pol\u00edcia Federal cumpre mandados em Salvador e no extremo sul da Bahia por morte de ind\u00edgena\"}]},{\"@type\":\"WebSite\",\"@id\":\"https:\/\/brasilnoticias.org\/site\/#website\",\"url\":\"https:\/\/brasilnoticias.org\/site\/\",\"name\":\"Brasil not\u00edcias\",\"description\":\"Brasil not\u00edcias\",\"publisher\":{\"@id\":\"https:\/\/brasilnoticias.org\/site\/#organization\"},\"potentialAction\":[{\"@type\":\"SearchAction\",\"target\":{\"@type\":\"EntryPoint\",\"urlTemplate\":\"https:\/\/brasilnoticias.org\/site\/?s={search_term_string}\"},\"query-input\":{\"@type\":\"PropertyValueSpecification\",\"valueRequired\":true,\"valueName\":\"search_term_string\"}}],\"inLanguage\":\"pt-PT\"},{\"@type\":\"Organization\",\"@id\":\"https:\/\/brasilnoticias.org\/site\/#organization\",\"name\":\"Brasil not\u00edcias\",\"url\":\"https:\/\/brasilnoticias.org\/site\/\",\"logo\":{\"@type\":\"ImageObject\",\"inLanguage\":\"pt-PT\",\"@id\":\"https:\/\/brasilnoticias.org\/site\/#\/schema\/logo\/image\/\",\"url\":\"https:\/\/brasilnoticias.org\/site\/wp-content\/uploads\/2022\/05\/cropped-brasilnoticias-mini.jpg\",\"contentUrl\":\"https:\/\/brasilnoticias.org\/site\/wp-content\/uploads\/2022\/05\/cropped-brasilnoticias-mini.jpg\",\"width\":314,\"height\":86,\"caption\":\"Brasil not\u00edcias\"},\"image\":{\"@id\":\"https:\/\/brasilnoticias.org\/site\/#\/schema\/logo\/image\/\"}},{\"@type\":\"Person\",\"@id\":\"https:\/\/brasilnoticias.org\/site\/#\/schema\/person\/03bbbfe6c7634ad18c26444ea39049fa\",\"name\":\"Reda\u00e7\u00e3o\",\"image\":{\"@type\":\"ImageObject\",\"inLanguage\":\"pt-PT\",\"@id\":\"https:\/\/brasilnoticias.org\/site\/#\/schema\/person\/image\/\",\"url\":\"https:\/\/secure.gravatar.com\/avatar\/9ecaf7327a696cb23ad926fedded5f1f04d7049de9e445375d55b48c001a6e42?s=96&d=mm&r=g\",\"contentUrl\":\"https:\/\/secure.gravatar.com\/avatar\/9ecaf7327a696cb23ad926fedded5f1f04d7049de9e445375d55b48c001a6e42?s=96&d=mm&r=g\",\"caption\":\"Reda\u00e7\u00e3o\"},\"url\":\"https:\/\/brasilnoticias.org\/site\/author\/henrique\/\"}]}<\/script>\n<!-- \/ Yoast SEO plugin. -->","yoast_head_json":{"title":"Pol\u00edcia Federal cumpre mandados em Salvador e no extremo sul da Bahia por morte de ind\u00edgena - Brasil not\u00edcias","robots":{"index":"index","follow":"follow","max-snippet":"max-snippet:-1","max-image-preview":"max-image-preview:large","max-video-preview":"max-video-preview:-1"},"canonical":"https:\/\/brasilnoticias.org\/site\/policia-federal-cumpre-mandados-em-salvador-e-no-extremo-sul-da-bahia-por-morte-de-indigena\/","og_locale":"pt_PT","og_type":"article","og_title":"Pol\u00edcia Federal cumpre mandados em Salvador e no extremo sul da Bahia por morte de ind\u00edgena - Brasil not\u00edcias","og_description":"A Pol\u00edcia Federal deflagrou, nesta quarta-feira (15), uma opera\u00e7\u00e3o para investigar a morte de um ind\u00edgena no extremo sul da","og_url":"https:\/\/brasilnoticias.org\/site\/policia-federal-cumpre-mandados-em-salvador-e-no-extremo-sul-da-bahia-por-morte-de-indigena\/","og_site_name":"Brasil not\u00edcias","article_published_time":"2026-04-15T14:24:42+00:00","og_image":[{"width":1200,"height":630,"url":"https:\/\/brasilnoticias.org\/site\/wp-content\/uploads\/2026\/04\/IMAGEM_NOTICIA_9-4.webp","type":"image\/webp"}],"author":"Reda\u00e7\u00e3o","twitter_card":"summary_large_image","twitter_misc":{"Escrito por":"Reda\u00e7\u00e3o","Tempo estimado de leitura":"2 minutos"},"schema":{"@context":"https:\/\/schema.org","@graph":[{"@type":"Article","@id":"https:\/\/brasilnoticias.org\/site\/policia-federal-cumpre-mandados-em-salvador-e-no-extremo-sul-da-bahia-por-morte-de-indigena\/#article","isPartOf":{"@id":"https:\/\/brasilnoticias.org\/site\/policia-federal-cumpre-mandados-em-salvador-e-no-extremo-sul-da-bahia-por-morte-de-indigena\/"},"author":{"name":"Reda\u00e7\u00e3o","@id":"https:\/\/brasilnoticias.org\/site\/#\/schema\/person\/03bbbfe6c7634ad18c26444ea39049fa"},"headline":"Pol\u00edcia Federal cumpre mandados em Salvador e no extremo sul da Bahia por morte de ind\u00edgena","datePublished":"2026-04-15T14:24:42+00:00","mainEntityOfPage":{"@id":"https:\/\/brasilnoticias.org\/site\/policia-federal-cumpre-mandados-em-salvador-e-no-extremo-sul-da-bahia-por-morte-de-indigena\/"},"wordCount":319,"commentCount":0,"publisher":{"@id":"https:\/\/brasilnoticias.org\/site\/#organization"},"image":{"@id":"https:\/\/brasilnoticias.org\/site\/policia-federal-cumpre-mandados-em-salvador-e-no-extremo-sul-da-bahia-por-morte-de-indigena\/#primaryimage"},"thumbnailUrl":"https:\/\/brasilnoticias.org\/site\/wp-content\/uploads\/2026\/04\/IMAGEM_NOTICIA_9-4.webp","articleSection":["Pol\u00edcia","\u00daltimas"],"inLanguage":"pt-PT","potentialAction":[{"@type":"CommentAction","name":"Comment","target":["https:\/\/brasilnoticias.org\/site\/policia-federal-cumpre-mandados-em-salvador-e-no-extremo-sul-da-bahia-por-morte-de-indigena\/#respond"]}]},{"@type":"WebPage","@id":"https:\/\/brasilnoticias.org\/site\/policia-federal-cumpre-mandados-em-salvador-e-no-extremo-sul-da-bahia-por-morte-de-indigena\/","url":"https:\/\/brasilnoticias.org\/site\/policia-federal-cumpre-mandados-em-salvador-e-no-extremo-sul-da-bahia-por-morte-de-indigena\/","name":"Pol\u00edcia Federal cumpre mandados em Salvador e no extremo sul da Bahia por morte de ind\u00edgena - Brasil not\u00edcias","isPartOf":{"@id":"https:\/\/brasilnoticias.org\/site\/#website"},"primaryImageOfPage":{"@id":"https:\/\/brasilnoticias.org\/site\/policia-federal-cumpre-mandados-em-salvador-e-no-extremo-sul-da-bahia-por-morte-de-indigena\/#primaryimage"},"image":{"@id":"https:\/\/brasilnoticias.org\/site\/policia-federal-cumpre-mandados-em-salvador-e-no-extremo-sul-da-bahia-por-morte-de-indigena\/#primaryimage"},"thumbnailUrl":"https:\/\/brasilnoticias.org\/site\/wp-content\/uploads\/2026\/04\/IMAGEM_NOTICIA_9-4.webp","datePublished":"2026-04-15T14:24:42+00:00","breadcrumb":{"@id":"https:\/\/brasilnoticias.org\/site\/policia-federal-cumpre-mandados-em-salvador-e-no-extremo-sul-da-bahia-por-morte-de-indigena\/#breadcrumb"},"inLanguage":"pt-PT","potentialAction":[{"@type":"ReadAction","target":["https:\/\/brasilnoticias.org\/site\/policia-federal-cumpre-mandados-em-salvador-e-no-extremo-sul-da-bahia-por-morte-de-indigena\/"]}]},{"@type":"ImageObject","inLanguage":"pt-PT","@id":"https:\/\/brasilnoticias.org\/site\/policia-federal-cumpre-mandados-em-salvador-e-no-extremo-sul-da-bahia-por-morte-de-indigena\/#primaryimage","url":"https:\/\/brasilnoticias.org\/site\/wp-content\/uploads\/2026\/04\/IMAGEM_NOTICIA_9-4.webp","contentUrl":"https:\/\/brasilnoticias.org\/site\/wp-content\/uploads\/2026\/04\/IMAGEM_NOTICIA_9-4.webp","width":1200,"height":630,"caption":"Foto: Divulga\u00e7\u00e3o \/ Pol\u00edcia Federal"},{"@type":"BreadcrumbList","@id":"https:\/\/brasilnoticias.org\/site\/policia-federal-cumpre-mandados-em-salvador-e-no-extremo-sul-da-bahia-por-morte-de-indigena\/#breadcrumb","itemListElement":[{"@type":"ListItem","position":1,"name":"In\u00edcio","item":"https:\/\/brasilnoticias.org\/site\/"},{"@type":"ListItem","position":2,"name":"Pol\u00edcia Federal cumpre mandados em Salvador e no extremo sul da Bahia por morte de ind\u00edgena"}]},{"@type":"WebSite","@id":"https:\/\/brasilnoticias.org\/site\/#website","url":"https:\/\/brasilnoticias.org\/site\/","name":"Brasil not\u00edcias","description":"Brasil not\u00edcias","publisher":{"@id":"https:\/\/brasilnoticias.org\/site\/#organization"},"potentialAction":[{"@type":"SearchAction","target":{"@type":"EntryPoint","urlTemplate":"https:\/\/brasilnoticias.org\/site\/?s={search_term_string}"},"query-input":{"@type":"PropertyValueSpecification","valueRequired":true,"valueName":"search_term_string"}}],"inLanguage":"pt-PT"},{"@type":"Organization","@id":"https:\/\/brasilnoticias.org\/site\/#organization","name":"Brasil not\u00edcias","url":"https:\/\/brasilnoticias.org\/site\/","logo":{"@type":"ImageObject","inLanguage":"pt-PT","@id":"https:\/\/brasilnoticias.org\/site\/#\/schema\/logo\/image\/","url":"https:\/\/brasilnoticias.org\/site\/wp-content\/uploads\/2022\/05\/cropped-brasilnoticias-mini.jpg","contentUrl":"https:\/\/brasilnoticias.org\/site\/wp-content\/uploads\/2022\/05\/cropped-brasilnoticias-mini.jpg","width":314,"height":86,"caption":"Brasil not\u00edcias"},"image":{"@id":"https:\/\/brasilnoticias.org\/site\/#\/schema\/logo\/image\/"}},{"@type":"Person","@id":"https:\/\/brasilnoticias.org\/site\/#\/schema\/person\/03bbbfe6c7634ad18c26444ea39049fa","name":"Reda\u00e7\u00e3o","image":{"@type":"ImageObject","inLanguage":"pt-PT","@id":"https:\/\/brasilnoticias.org\/site\/#\/schema\/person\/image\/","url":"https:\/\/secure.gravatar.com\/avatar\/9ecaf7327a696cb23ad926fedded5f1f04d7049de9e445375d55b48c001a6e42?s=96&d=mm&r=g","contentUrl":"https:\/\/secure.gravatar.com\/avatar\/9ecaf7327a696cb23ad926fedded5f1f04d7049de9e445375d55b48c001a6e42?s=96&d=mm&r=g","caption":"Reda\u00e7\u00e3o"},"url":"https:\/\/brasilnoticias.org\/site\/author\/henrique\/"}]}},"_links":{"self":[{"href":"https:\/\/brasilnoticias.org\/site\/wp-json\/wp\/v2\/posts\/21590","targetHints":{"allow":["GET"]}}],"collection":[{"href":"https:\/\/brasilnoticias.org\/site\/wp-json\/wp\/v2\/posts"}],"about":[{"href":"https:\/\/brasilnoticias.org\/site\/wp-json\/wp\/v2\/types\/post"}],"author":[{"embeddable":true,"href":"https:\/\/brasilnoticias.org\/site\/wp-json\/wp\/v2\/users\/4"}],"replies":[{"embeddable":true,"href":"https:\/\/brasilnoticias.org\/site\/wp-json\/wp\/v2\/comments?post=21590"}],"version-history":[{"count":1,"href":"https:\/\/brasilnoticias.org\/site\/wp-json\/wp\/v2\/posts\/21590\/revisions"}],"predecessor-version":[{"id":21592,"href":"https:\/\/brasilnoticias.org\/site\/wp-json\/wp\/v2\/posts\/21590\/revisions\/21592"}],"wp:featuredmedia":[{"embeddable":true,"href":"https:\/\/brasilnoticias.org\/site\/wp-json\/wp\/v2\/media\/21591"}],"wp:attachment":[{"href":"https:\/\/brasilnoticias.org\/site\/wp-json\/wp\/v2\/media?parent=21590"}],"wp:term":[{"taxonomy":"category","embeddable":true,"href":"https:\/\/brasilnoticias.org\/site\/wp-json\/wp\/v2\/categories?post=21590"},{"taxonomy":"post_tag","embeddable":true,"href":"https:\/\/brasilnoticias.org\/site\/wp-json\/wp\/v2\/tags?post=21590"}],"curies":[{"name":"wp","href":"https:\/\/api.w.org\/{rel}","templated":true}]}}