{"id":21605,"date":"2026-04-16T10:25:20","date_gmt":"2026-04-16T13:25:20","guid":{"rendered":"https:\/\/brasilnoticias.org\/site\/?p=21605"},"modified":"2026-04-16T10:25:20","modified_gmt":"2026-04-16T13:25:20","slug":"ausencia-de-deputados-expoe-desgaste-na-alba-e-osni-cobra-presenca-da-base-nao-tem-sentido-nao-ter-quorum","status":"publish","type":"post","link":"https:\/\/brasilnoticias.org\/site\/ausencia-de-deputados-expoe-desgaste-na-alba-e-osni-cobra-presenca-da-base-nao-tem-sentido-nao-ter-quorum\/","title":{"rendered":"Aus\u00eancia de deputados exp\u00f5e desgaste na Alba e Osni cobra presen\u00e7a da base: &#8216;N\u00e3o tem sentido n\u00e3o ter qu\u00f3rum&#8217;"},"content":{"rendered":"<h2 class=\"self-stretch font-sans text-headline-6 font-normal tracking-tight text-neutral-50\">Parlamentar do PT critica adiamento de vota\u00e7\u00e3o do reajuste dos professores, defende pacto para garantir produtividade da Assembleia e revela inc\u00f4modo com entrada de novos nomes na federa\u00e7\u00e3o<\/h2>\n<p>A falta de qu\u00f3rum na Assembleia Legislativa da Bahia (Alba), que\u00a0<a href=\"https:\/\/www.blogdovila.com.br\/noticia\/janela-final\" target=\"_blank\" rel=\"noopener\"><strong>impediu a vota\u00e7\u00e3o do reajuste salarial dos professores da rede estadual<\/strong><\/a>, provocou cr\u00edticas at\u00e9 mesmo dentro da base do governador\u00a0<strong>Jer\u00f4nimo Rodrigues<\/strong>\u00a0(PT).<\/p>\n<p>De volta ao mandato ap\u00f3s passagem pela Secretaria de Desenvolvimento Rural, o deputado estadual\u00a0<strong>Osni Cardoso<\/strong>\u00a0(PT) afirmou, em entrevista \u00e0\u00a0<strong><em>CBN Salvador<\/em><\/strong>, que houve falha dos pr\u00f3prios integrantes da ala governista e defendeu um pacto para garantir a produtividade da Casa no per\u00edodo eleitoral.<\/p>\n<p>O projeto enviado pelo governo prev\u00ea reajuste de 3,3% para os professores da rede estadual, o que colocaria os sal\u00e1rios da categoria cerca de 2% acima do piso nacional. Apesar disso, a sess\u00e3o foi encerrada sem vota\u00e7\u00e3o por falta de qu\u00f3rum.<\/p>\n<p>Na avalia\u00e7\u00e3o do petista, a aus\u00eancia de parlamentares em uma pauta considerada consensual e positiva n\u00e3o faz sentido.<\/p>\n<p>\u201c<strong>Ter\u00e7a-feira j\u00e1 est\u00e1 registrado como dia de vota\u00e7\u00e3o. Ent\u00e3o n\u00e3o tem porqu\u00ea n\u00e3o estar presente, n\u00e3o tem porqu\u00ea n\u00e3o ter qu\u00f3rum. N\u00e3o tinha motiva\u00e7\u00e3o nenhuma de n\u00e3o ter gente para passar por esse ponto. Por que atrasar uma vota\u00e7\u00e3o t\u00e3o importante como essa?<\/strong>\u201d, criticou.<\/p>\n<p>Osni reconheceu que a oposi\u00e7\u00e3o pode recorrer \u00e0 obstru\u00e7\u00e3o como estrat\u00e9gia pol\u00edtica, mas avaliou que a pauta dos professores n\u00e3o justificava tal movimento.<\/p>\n<p>\u201c<strong>Como \u00e9 que eu fico obstruindo a vota\u00e7\u00e3o para dar um aumento real ao servidor p\u00fablico? Acho um erro, mas \u00e9 a op\u00e7\u00e3o deles. Agora, os deputados todos t\u00eam que estar ali. Eu mesmo n\u00e3o falto, s\u00f3 se for quest\u00e3o de sa\u00fade ou fam\u00edlia<\/strong>\u201d, afirmou.<\/p>\n<p>Nos bastidores da Alba, h\u00e1 uma discuss\u00e3o sobre repetir um acordo semelhante ao firmado em 2006, na gest\u00e3o do ent\u00e3o presidente\u00a0<strong>Cl\u00f3vis Ferraz<\/strong>, quando governo e oposi\u00e7\u00e3o se comprometeram a manter um n\u00famero m\u00ednimo de deputados em plen\u00e1rio para evitar paralisa\u00e7\u00f5es.<\/p>\n<p>O parlamentar disse apoiar uma articula\u00e7\u00e3o semelhante nos dias atuais.<\/p>\n<p>\u201c<strong>D\u00e1 para a gente fazer dois dias completos ali e depois viajar para o interior. N\u00e3o atrapalha ningu\u00e9m, n\u00e3o tira voto de ningu\u00e9m. Se todo mundo estiver ali, a corrida pelo voto vai estar igual para todos<\/strong>\u201d, pontuou.<\/p>\n<p>O deputado tamb\u00e9m saiu em defesa da presidente da Alba, a deputada estadual\u00a0<strong>Ivana Bastos<\/strong>\u00a0(PSD), que ficou irritada com o fracasso da sess\u00e3o.<\/p>\n<p>\u201c<strong>Ela est\u00e1 l\u00e1 de manh\u00e3, vai para as comiss\u00f5es, atende o interior, volta, se divide. Tem deputados muito frequentes na Casa, mas tem algumas pessoas que realmente n\u00e3o comparecem. Isso \u00e9 muito ruim<\/strong>\u201d, declarou.<\/p>\n<h2><strong>PT convive com \u201cintuba\u00e7\u00e3o\u201d ap\u00f3s entrada de novos deputados<\/p>\n<p><\/strong><\/h2>\n<p>Na entrevista, Osni tamb\u00e9m comentou o clima dentro da federa\u00e7\u00e3o formada por PT, PV e PCdoB ap\u00f3s a chegada de parlamentares de outros partidos durante a janela partid\u00e1ria.<\/p>\n<p>O deputado admitiu que h\u00e1 insatisfa\u00e7\u00e3o interna, especialmente porque havia um acordo para n\u00e3o receber nomes com mandato, compromisso que acabou rompido com as entradas de\u00a0<strong>Fab\u00edola Mansur, Eduardo Salles, Ant\u00f4nio Henrique J\u00fanior e \u00c2ngelo Almeida<\/strong>.<\/p>\n<p>\u201c<strong>A galera ficou intubada de \u00faltima hora. No PT tem uma tradi\u00e7\u00e3o: n\u00e3o venha por cima que vai ter sempre quem reclame com raz\u00e3o. Tem que vir construindo<\/strong>\u201d, disse.<\/p>\n<p>Mesmo assim, Osni avaliou que o impacto eleitoral pode ser menor do que em elei\u00e7\u00f5es passadas.<\/p>\n<p>\u201c<strong>Foi pior h\u00e1 quatro anos, porque a gente recebeu seis e os seis se elegeram. Nessa foram quatro. Na minha opini\u00e3o, dois t\u00eam uma cadeira mais f\u00e1cil e dois disputam por igual com os outros<\/strong>\u201d, analisou.<\/p>\n<p>Para ele, os mais consolidados entre os rec\u00e9m-chegados s\u00e3o Eduardo Salles e \u00c2ngelo Almeida.<\/p>\n<h2><strong>Osni critica modelo de financiamento de campanha<\/p>\n<p><\/strong><\/h2>\n<p>Outro ponto abordado pelo parlamentar foi o financiamento p\u00fablico de campanha. Apesar de j\u00e1 ter sido defensor do modelo, Osni afirmou que passou a rever sua posi\u00e7\u00e3o diante do aumento dos custos eleitorais e da desigualdade na distribui\u00e7\u00e3o dos recursos.<\/p>\n<p>\u201c<strong>Na teoria era lindo. Na pr\u00e1tica se tornou uma coisa invi\u00e1vel. Est\u00e1 controlado por alguns internamente. \u00c0s vezes voc\u00ea joga na m\u00e3o de determinado deputado um volume maior e protege um, enquanto descobre outros<\/strong>\u201d, afirmou.<\/p>\n<p>Segundo ele, o custo de uma campanha hoje \u00e9 incompat\u00edvel com a realidade da maioria dos candidatos.<\/p>\n<p>\u201c<strong>Quatro anos atr\u00e1s eu recebi R$ 141 mil e n\u00e3o consegui pagar os pap\u00e9is, que me custaram R$ 600 mil. S\u00f3 de santinho. As campanhas s\u00e3o muito caras<\/strong>\u201d, relatou.<\/p>\n<p>O deputado ainda afirmou que muitos pol\u00edticos acabam por se endividar para disputar elei\u00e7\u00f5es.<\/p>\n<p>\u201c<strong>Tem deputado at\u00e9 hoje com d\u00edvida, pagando conta. E a\u00ed acaba ficando na m\u00e3o de determinados grupos e interesses<\/strong>\u201d, declarou.<\/p>\n<h2><strong>\u201cN\u00e3o existe isso de n\u00e3o gostar de pol\u00edtica\u201d<\/p>\n<p><\/strong><\/h2>\n<p>Ao longo da entrevista, Osni fez uma defesa enf\u00e1tica da participa\u00e7\u00e3o popular no debate p\u00fablico e criticou o discurso de quem diz n\u00e3o gostar de pol\u00edtica.<\/p>\n<p>O petista alertou para o risco da absten\u00e7\u00e3o eleitoral e para o fortalecimento da polariza\u00e7\u00e3o.<\/p>\n<p>\u201c<strong>Quem deixa de participar est\u00e1 entregando a decis\u00e3o para os outros. Depois reclama que o SUS n\u00e3o funciona, que n\u00e3o tem tratamento, que n\u00e3o tem obra. Mas isso tudo passa pela pol\u00edtica<\/strong>\u201d, concluiu.<\/p>\n<h2><strong>Confira a entrevista na \u00edntegra:<\/p>\n<p><\/strong><iframe loading=\"lazy\" title=\"CBN BAHIA | 15\/04\/2026 | Participe pelo WhatsApp (71) 98679-2647\" src=\"https:\/\/www.youtube.com\/embed\/3gCI5C812Z4\" width=\"780\" height=\"439\" frameborder=\"0\" allowfullscreen=\"allowfullscreen\" data-mce-fragment=\"1\"><\/iframe><\/h2>\n<p>Fonte: <a href=\"https:\/\/www.blogdovila.com.br\/noticia\/osni-ausencias\" target=\"_blank\" rel=\"noopener\">Blog do Vila<\/a><\/p>\n","protected":false},"excerpt":{"rendered":"<p>Parlamentar do PT critica adiamento de vota\u00e7\u00e3o do reajuste dos professores, defende pacto para garantir produtividade da Assembleia e revela<\/p>\n","protected":false},"author":4,"featured_media":21606,"comment_status":"open","ping_status":"open","sticky":false,"template":"","format":"standard","meta":{"colormag_page_container_layout":"default_layout","colormag_page_sidebar_layout":"default_layout","_FSMCFIC_featured_image_caption":"","_FSMCFIC_featured_image_nocaption":"","_FSMCFIC_featured_image_hide":"","footnotes":""},"categories":[5,1],"tags":[],"class_list":["post-21605","post","type-post","status-publish","format-standard","has-post-thumbnail","hentry","category-politica","category-ultimas"],"yoast_head":"<!-- This site is optimized with the Yoast SEO plugin v27.1.1 - https:\/\/yoast.com\/product\/yoast-seo-wordpress\/ -->\n<title>Aus\u00eancia de deputados exp\u00f5e desgaste na Alba e Osni cobra presen\u00e7a da base: &#039;N\u00e3o tem sentido n\u00e3o ter qu\u00f3rum&#039; - Brasil not\u00edcias<\/title>\n<meta name=\"robots\" content=\"index, follow, max-snippet:-1, max-image-preview:large, max-video-preview:-1\" \/>\n<link rel=\"canonical\" href=\"https:\/\/brasilnoticias.org\/site\/ausencia-de-deputados-expoe-desgaste-na-alba-e-osni-cobra-presenca-da-base-nao-tem-sentido-nao-ter-quorum\/\" \/>\n<meta property=\"og:locale\" content=\"pt_PT\" \/>\n<meta property=\"og:type\" content=\"article\" \/>\n<meta property=\"og:title\" content=\"Aus\u00eancia de deputados exp\u00f5e desgaste na Alba e Osni cobra presen\u00e7a da base: &#039;N\u00e3o tem sentido n\u00e3o ter qu\u00f3rum&#039; - Brasil not\u00edcias\" \/>\n<meta property=\"og:description\" content=\"Parlamentar do PT critica adiamento de vota\u00e7\u00e3o do reajuste dos professores, defende pacto para garantir produtividade da Assembleia e revela\" \/>\n<meta property=\"og:url\" content=\"https:\/\/brasilnoticias.org\/site\/ausencia-de-deputados-expoe-desgaste-na-alba-e-osni-cobra-presenca-da-base-nao-tem-sentido-nao-ter-quorum\/\" \/>\n<meta property=\"og:site_name\" content=\"Brasil not\u00edcias\" \/>\n<meta property=\"article:published_time\" content=\"2026-04-16T13:25:20+00:00\" \/>\n<meta property=\"og:image\" content=\"https:\/\/brasilnoticias.org\/site\/wp-content\/uploads\/2026\/04\/WhatsApp-Image-2026-04-15-at-11.37.55.jpeg\" \/>\n\t<meta property=\"og:image:width\" content=\"1280\" \/>\n\t<meta property=\"og:image:height\" content=\"720\" \/>\n\t<meta property=\"og:image:type\" content=\"image\/jpeg\" \/>\n<meta name=\"author\" content=\"Reda\u00e7\u00e3o\" \/>\n<meta name=\"twitter:card\" content=\"summary_large_image\" \/>\n<meta name=\"twitter:label1\" content=\"Escrito por\" \/>\n\t<meta name=\"twitter:data1\" content=\"Reda\u00e7\u00e3o\" \/>\n\t<meta name=\"twitter:label2\" content=\"Tempo estimado de leitura\" \/>\n\t<meta name=\"twitter:data2\" content=\"5 minutos\" \/>\n<script type=\"application\/ld+json\" class=\"yoast-schema-graph\">{\"@context\":\"https:\/\/schema.org\",\"@graph\":[{\"@type\":\"Article\",\"@id\":\"https:\/\/brasilnoticias.org\/site\/ausencia-de-deputados-expoe-desgaste-na-alba-e-osni-cobra-presenca-da-base-nao-tem-sentido-nao-ter-quorum\/#article\",\"isPartOf\":{\"@id\":\"https:\/\/brasilnoticias.org\/site\/ausencia-de-deputados-expoe-desgaste-na-alba-e-osni-cobra-presenca-da-base-nao-tem-sentido-nao-ter-quorum\/\"},\"author\":{\"name\":\"Reda\u00e7\u00e3o\",\"@id\":\"https:\/\/brasilnoticias.org\/site\/#\/schema\/person\/03bbbfe6c7634ad18c26444ea39049fa\"},\"headline\":\"Aus\u00eancia de deputados exp\u00f5e desgaste na Alba e Osni cobra presen\u00e7a da base: &#8216;N\u00e3o tem sentido n\u00e3o ter qu\u00f3rum&#8217;\",\"datePublished\":\"2026-04-16T13:25:20+00:00\",\"mainEntityOfPage\":{\"@id\":\"https:\/\/brasilnoticias.org\/site\/ausencia-de-deputados-expoe-desgaste-na-alba-e-osni-cobra-presenca-da-base-nao-tem-sentido-nao-ter-quorum\/\"},\"wordCount\":971,\"commentCount\":0,\"publisher\":{\"@id\":\"https:\/\/brasilnoticias.org\/site\/#organization\"},\"image\":{\"@id\":\"https:\/\/brasilnoticias.org\/site\/ausencia-de-deputados-expoe-desgaste-na-alba-e-osni-cobra-presenca-da-base-nao-tem-sentido-nao-ter-quorum\/#primaryimage\"},\"thumbnailUrl\":\"https:\/\/brasilnoticias.org\/site\/wp-content\/uploads\/2026\/04\/WhatsApp-Image-2026-04-15-at-11.37.55.jpeg\",\"articleSection\":[\"Pol\u00edtica\",\"\u00daltimas\"],\"inLanguage\":\"pt-PT\",\"potentialAction\":[{\"@type\":\"CommentAction\",\"name\":\"Comment\",\"target\":[\"https:\/\/brasilnoticias.org\/site\/ausencia-de-deputados-expoe-desgaste-na-alba-e-osni-cobra-presenca-da-base-nao-tem-sentido-nao-ter-quorum\/#respond\"]}]},{\"@type\":\"WebPage\",\"@id\":\"https:\/\/brasilnoticias.org\/site\/ausencia-de-deputados-expoe-desgaste-na-alba-e-osni-cobra-presenca-da-base-nao-tem-sentido-nao-ter-quorum\/\",\"url\":\"https:\/\/brasilnoticias.org\/site\/ausencia-de-deputados-expoe-desgaste-na-alba-e-osni-cobra-presenca-da-base-nao-tem-sentido-nao-ter-quorum\/\",\"name\":\"Aus\u00eancia de deputados exp\u00f5e desgaste na Alba e Osni cobra presen\u00e7a da base: 'N\u00e3o tem sentido n\u00e3o ter qu\u00f3rum' - Brasil not\u00edcias\",\"isPartOf\":{\"@id\":\"https:\/\/brasilnoticias.org\/site\/#website\"},\"primaryImageOfPage\":{\"@id\":\"https:\/\/brasilnoticias.org\/site\/ausencia-de-deputados-expoe-desgaste-na-alba-e-osni-cobra-presenca-da-base-nao-tem-sentido-nao-ter-quorum\/#primaryimage\"},\"image\":{\"@id\":\"https:\/\/brasilnoticias.org\/site\/ausencia-de-deputados-expoe-desgaste-na-alba-e-osni-cobra-presenca-da-base-nao-tem-sentido-nao-ter-quorum\/#primaryimage\"},\"thumbnailUrl\":\"https:\/\/brasilnoticias.org\/site\/wp-content\/uploads\/2026\/04\/WhatsApp-Image-2026-04-15-at-11.37.55.jpeg\",\"datePublished\":\"2026-04-16T13:25:20+00:00\",\"breadcrumb\":{\"@id\":\"https:\/\/brasilnoticias.org\/site\/ausencia-de-deputados-expoe-desgaste-na-alba-e-osni-cobra-presenca-da-base-nao-tem-sentido-nao-ter-quorum\/#breadcrumb\"},\"inLanguage\":\"pt-PT\",\"potentialAction\":[{\"@type\":\"ReadAction\",\"target\":[\"https:\/\/brasilnoticias.org\/site\/ausencia-de-deputados-expoe-desgaste-na-alba-e-osni-cobra-presenca-da-base-nao-tem-sentido-nao-ter-quorum\/\"]}]},{\"@type\":\"ImageObject\",\"inLanguage\":\"pt-PT\",\"@id\":\"https:\/\/brasilnoticias.org\/site\/ausencia-de-deputados-expoe-desgaste-na-alba-e-osni-cobra-presenca-da-base-nao-tem-sentido-nao-ter-quorum\/#primaryimage\",\"url\":\"https:\/\/brasilnoticias.org\/site\/wp-content\/uploads\/2026\/04\/WhatsApp-Image-2026-04-15-at-11.37.55.jpeg\",\"contentUrl\":\"https:\/\/brasilnoticias.org\/site\/wp-content\/uploads\/2026\/04\/WhatsApp-Image-2026-04-15-at-11.37.55.jpeg\",\"width\":1280,\"height\":720,\"caption\":\"Foto: Evil\u00e1sio J\u00fanior\"},{\"@type\":\"BreadcrumbList\",\"@id\":\"https:\/\/brasilnoticias.org\/site\/ausencia-de-deputados-expoe-desgaste-na-alba-e-osni-cobra-presenca-da-base-nao-tem-sentido-nao-ter-quorum\/#breadcrumb\",\"itemListElement\":[{\"@type\":\"ListItem\",\"position\":1,\"name\":\"In\u00edcio\",\"item\":\"https:\/\/brasilnoticias.org\/site\/\"},{\"@type\":\"ListItem\",\"position\":2,\"name\":\"Aus\u00eancia de deputados exp\u00f5e desgaste na Alba e Osni cobra presen\u00e7a da base: &#8216;N\u00e3o tem sentido n\u00e3o ter qu\u00f3rum&#8217;\"}]},{\"@type\":\"WebSite\",\"@id\":\"https:\/\/brasilnoticias.org\/site\/#website\",\"url\":\"https:\/\/brasilnoticias.org\/site\/\",\"name\":\"Brasil not\u00edcias\",\"description\":\"Brasil not\u00edcias\",\"publisher\":{\"@id\":\"https:\/\/brasilnoticias.org\/site\/#organization\"},\"potentialAction\":[{\"@type\":\"SearchAction\",\"target\":{\"@type\":\"EntryPoint\",\"urlTemplate\":\"https:\/\/brasilnoticias.org\/site\/?s={search_term_string}\"},\"query-input\":{\"@type\":\"PropertyValueSpecification\",\"valueRequired\":true,\"valueName\":\"search_term_string\"}}],\"inLanguage\":\"pt-PT\"},{\"@type\":\"Organization\",\"@id\":\"https:\/\/brasilnoticias.org\/site\/#organization\",\"name\":\"Brasil not\u00edcias\",\"url\":\"https:\/\/brasilnoticias.org\/site\/\",\"logo\":{\"@type\":\"ImageObject\",\"inLanguage\":\"pt-PT\",\"@id\":\"https:\/\/brasilnoticias.org\/site\/#\/schema\/logo\/image\/\",\"url\":\"https:\/\/brasilnoticias.org\/site\/wp-content\/uploads\/2022\/05\/cropped-brasilnoticias-mini.jpg\",\"contentUrl\":\"https:\/\/brasilnoticias.org\/site\/wp-content\/uploads\/2022\/05\/cropped-brasilnoticias-mini.jpg\",\"width\":314,\"height\":86,\"caption\":\"Brasil not\u00edcias\"},\"image\":{\"@id\":\"https:\/\/brasilnoticias.org\/site\/#\/schema\/logo\/image\/\"}},{\"@type\":\"Person\",\"@id\":\"https:\/\/brasilnoticias.org\/site\/#\/schema\/person\/03bbbfe6c7634ad18c26444ea39049fa\",\"name\":\"Reda\u00e7\u00e3o\",\"image\":{\"@type\":\"ImageObject\",\"inLanguage\":\"pt-PT\",\"@id\":\"https:\/\/brasilnoticias.org\/site\/#\/schema\/person\/image\/\",\"url\":\"https:\/\/secure.gravatar.com\/avatar\/9ecaf7327a696cb23ad926fedded5f1f04d7049de9e445375d55b48c001a6e42?s=96&d=mm&r=g\",\"contentUrl\":\"https:\/\/secure.gravatar.com\/avatar\/9ecaf7327a696cb23ad926fedded5f1f04d7049de9e445375d55b48c001a6e42?s=96&d=mm&r=g\",\"caption\":\"Reda\u00e7\u00e3o\"},\"url\":\"https:\/\/brasilnoticias.org\/site\/author\/henrique\/\"}]}<\/script>\n<!-- \/ Yoast SEO plugin. -->","yoast_head_json":{"title":"Aus\u00eancia de deputados exp\u00f5e desgaste na Alba e Osni cobra presen\u00e7a da base: 'N\u00e3o tem sentido n\u00e3o ter qu\u00f3rum' - Brasil not\u00edcias","robots":{"index":"index","follow":"follow","max-snippet":"max-snippet:-1","max-image-preview":"max-image-preview:large","max-video-preview":"max-video-preview:-1"},"canonical":"https:\/\/brasilnoticias.org\/site\/ausencia-de-deputados-expoe-desgaste-na-alba-e-osni-cobra-presenca-da-base-nao-tem-sentido-nao-ter-quorum\/","og_locale":"pt_PT","og_type":"article","og_title":"Aus\u00eancia de deputados exp\u00f5e desgaste na Alba e Osni cobra presen\u00e7a da base: 'N\u00e3o tem sentido n\u00e3o ter qu\u00f3rum' - Brasil not\u00edcias","og_description":"Parlamentar do PT critica adiamento de vota\u00e7\u00e3o do reajuste dos professores, defende pacto para garantir produtividade da Assembleia e revela","og_url":"https:\/\/brasilnoticias.org\/site\/ausencia-de-deputados-expoe-desgaste-na-alba-e-osni-cobra-presenca-da-base-nao-tem-sentido-nao-ter-quorum\/","og_site_name":"Brasil not\u00edcias","article_published_time":"2026-04-16T13:25:20+00:00","og_image":[{"width":1280,"height":720,"url":"https:\/\/brasilnoticias.org\/site\/wp-content\/uploads\/2026\/04\/WhatsApp-Image-2026-04-15-at-11.37.55.jpeg","type":"image\/jpeg"}],"author":"Reda\u00e7\u00e3o","twitter_card":"summary_large_image","twitter_misc":{"Escrito por":"Reda\u00e7\u00e3o","Tempo estimado de leitura":"5 minutos"},"schema":{"@context":"https:\/\/schema.org","@graph":[{"@type":"Article","@id":"https:\/\/brasilnoticias.org\/site\/ausencia-de-deputados-expoe-desgaste-na-alba-e-osni-cobra-presenca-da-base-nao-tem-sentido-nao-ter-quorum\/#article","isPartOf":{"@id":"https:\/\/brasilnoticias.org\/site\/ausencia-de-deputados-expoe-desgaste-na-alba-e-osni-cobra-presenca-da-base-nao-tem-sentido-nao-ter-quorum\/"},"author":{"name":"Reda\u00e7\u00e3o","@id":"https:\/\/brasilnoticias.org\/site\/#\/schema\/person\/03bbbfe6c7634ad18c26444ea39049fa"},"headline":"Aus\u00eancia de deputados exp\u00f5e desgaste na Alba e Osni cobra presen\u00e7a da base: &#8216;N\u00e3o tem sentido n\u00e3o ter qu\u00f3rum&#8217;","datePublished":"2026-04-16T13:25:20+00:00","mainEntityOfPage":{"@id":"https:\/\/brasilnoticias.org\/site\/ausencia-de-deputados-expoe-desgaste-na-alba-e-osni-cobra-presenca-da-base-nao-tem-sentido-nao-ter-quorum\/"},"wordCount":971,"commentCount":0,"publisher":{"@id":"https:\/\/brasilnoticias.org\/site\/#organization"},"image":{"@id":"https:\/\/brasilnoticias.org\/site\/ausencia-de-deputados-expoe-desgaste-na-alba-e-osni-cobra-presenca-da-base-nao-tem-sentido-nao-ter-quorum\/#primaryimage"},"thumbnailUrl":"https:\/\/brasilnoticias.org\/site\/wp-content\/uploads\/2026\/04\/WhatsApp-Image-2026-04-15-at-11.37.55.jpeg","articleSection":["Pol\u00edtica","\u00daltimas"],"inLanguage":"pt-PT","potentialAction":[{"@type":"CommentAction","name":"Comment","target":["https:\/\/brasilnoticias.org\/site\/ausencia-de-deputados-expoe-desgaste-na-alba-e-osni-cobra-presenca-da-base-nao-tem-sentido-nao-ter-quorum\/#respond"]}]},{"@type":"WebPage","@id":"https:\/\/brasilnoticias.org\/site\/ausencia-de-deputados-expoe-desgaste-na-alba-e-osni-cobra-presenca-da-base-nao-tem-sentido-nao-ter-quorum\/","url":"https:\/\/brasilnoticias.org\/site\/ausencia-de-deputados-expoe-desgaste-na-alba-e-osni-cobra-presenca-da-base-nao-tem-sentido-nao-ter-quorum\/","name":"Aus\u00eancia de deputados exp\u00f5e desgaste na Alba e Osni cobra presen\u00e7a da base: 'N\u00e3o tem sentido n\u00e3o ter qu\u00f3rum' - Brasil not\u00edcias","isPartOf":{"@id":"https:\/\/brasilnoticias.org\/site\/#website"},"primaryImageOfPage":{"@id":"https:\/\/brasilnoticias.org\/site\/ausencia-de-deputados-expoe-desgaste-na-alba-e-osni-cobra-presenca-da-base-nao-tem-sentido-nao-ter-quorum\/#primaryimage"},"image":{"@id":"https:\/\/brasilnoticias.org\/site\/ausencia-de-deputados-expoe-desgaste-na-alba-e-osni-cobra-presenca-da-base-nao-tem-sentido-nao-ter-quorum\/#primaryimage"},"thumbnailUrl":"https:\/\/brasilnoticias.org\/site\/wp-content\/uploads\/2026\/04\/WhatsApp-Image-2026-04-15-at-11.37.55.jpeg","datePublished":"2026-04-16T13:25:20+00:00","breadcrumb":{"@id":"https:\/\/brasilnoticias.org\/site\/ausencia-de-deputados-expoe-desgaste-na-alba-e-osni-cobra-presenca-da-base-nao-tem-sentido-nao-ter-quorum\/#breadcrumb"},"inLanguage":"pt-PT","potentialAction":[{"@type":"ReadAction","target":["https:\/\/brasilnoticias.org\/site\/ausencia-de-deputados-expoe-desgaste-na-alba-e-osni-cobra-presenca-da-base-nao-tem-sentido-nao-ter-quorum\/"]}]},{"@type":"ImageObject","inLanguage":"pt-PT","@id":"https:\/\/brasilnoticias.org\/site\/ausencia-de-deputados-expoe-desgaste-na-alba-e-osni-cobra-presenca-da-base-nao-tem-sentido-nao-ter-quorum\/#primaryimage","url":"https:\/\/brasilnoticias.org\/site\/wp-content\/uploads\/2026\/04\/WhatsApp-Image-2026-04-15-at-11.37.55.jpeg","contentUrl":"https:\/\/brasilnoticias.org\/site\/wp-content\/uploads\/2026\/04\/WhatsApp-Image-2026-04-15-at-11.37.55.jpeg","width":1280,"height":720,"caption":"Foto: Evil\u00e1sio J\u00fanior"},{"@type":"BreadcrumbList","@id":"https:\/\/brasilnoticias.org\/site\/ausencia-de-deputados-expoe-desgaste-na-alba-e-osni-cobra-presenca-da-base-nao-tem-sentido-nao-ter-quorum\/#breadcrumb","itemListElement":[{"@type":"ListItem","position":1,"name":"In\u00edcio","item":"https:\/\/brasilnoticias.org\/site\/"},{"@type":"ListItem","position":2,"name":"Aus\u00eancia de deputados exp\u00f5e desgaste na Alba e Osni cobra presen\u00e7a da base: &#8216;N\u00e3o tem sentido n\u00e3o ter qu\u00f3rum&#8217;"}]},{"@type":"WebSite","@id":"https:\/\/brasilnoticias.org\/site\/#website","url":"https:\/\/brasilnoticias.org\/site\/","name":"Brasil not\u00edcias","description":"Brasil not\u00edcias","publisher":{"@id":"https:\/\/brasilnoticias.org\/site\/#organization"},"potentialAction":[{"@type":"SearchAction","target":{"@type":"EntryPoint","urlTemplate":"https:\/\/brasilnoticias.org\/site\/?s={search_term_string}"},"query-input":{"@type":"PropertyValueSpecification","valueRequired":true,"valueName":"search_term_string"}}],"inLanguage":"pt-PT"},{"@type":"Organization","@id":"https:\/\/brasilnoticias.org\/site\/#organization","name":"Brasil not\u00edcias","url":"https:\/\/brasilnoticias.org\/site\/","logo":{"@type":"ImageObject","inLanguage":"pt-PT","@id":"https:\/\/brasilnoticias.org\/site\/#\/schema\/logo\/image\/","url":"https:\/\/brasilnoticias.org\/site\/wp-content\/uploads\/2022\/05\/cropped-brasilnoticias-mini.jpg","contentUrl":"https:\/\/brasilnoticias.org\/site\/wp-content\/uploads\/2022\/05\/cropped-brasilnoticias-mini.jpg","width":314,"height":86,"caption":"Brasil not\u00edcias"},"image":{"@id":"https:\/\/brasilnoticias.org\/site\/#\/schema\/logo\/image\/"}},{"@type":"Person","@id":"https:\/\/brasilnoticias.org\/site\/#\/schema\/person\/03bbbfe6c7634ad18c26444ea39049fa","name":"Reda\u00e7\u00e3o","image":{"@type":"ImageObject","inLanguage":"pt-PT","@id":"https:\/\/brasilnoticias.org\/site\/#\/schema\/person\/image\/","url":"https:\/\/secure.gravatar.com\/avatar\/9ecaf7327a696cb23ad926fedded5f1f04d7049de9e445375d55b48c001a6e42?s=96&d=mm&r=g","contentUrl":"https:\/\/secure.gravatar.com\/avatar\/9ecaf7327a696cb23ad926fedded5f1f04d7049de9e445375d55b48c001a6e42?s=96&d=mm&r=g","caption":"Reda\u00e7\u00e3o"},"url":"https:\/\/brasilnoticias.org\/site\/author\/henrique\/"}]}},"_links":{"self":[{"href":"https:\/\/brasilnoticias.org\/site\/wp-json\/wp\/v2\/posts\/21605","targetHints":{"allow":["GET"]}}],"collection":[{"href":"https:\/\/brasilnoticias.org\/site\/wp-json\/wp\/v2\/posts"}],"about":[{"href":"https:\/\/brasilnoticias.org\/site\/wp-json\/wp\/v2\/types\/post"}],"author":[{"embeddable":true,"href":"https:\/\/brasilnoticias.org\/site\/wp-json\/wp\/v2\/users\/4"}],"replies":[{"embeddable":true,"href":"https:\/\/brasilnoticias.org\/site\/wp-json\/wp\/v2\/comments?post=21605"}],"version-history":[{"count":1,"href":"https:\/\/brasilnoticias.org\/site\/wp-json\/wp\/v2\/posts\/21605\/revisions"}],"predecessor-version":[{"id":21607,"href":"https:\/\/brasilnoticias.org\/site\/wp-json\/wp\/v2\/posts\/21605\/revisions\/21607"}],"wp:featuredmedia":[{"embeddable":true,"href":"https:\/\/brasilnoticias.org\/site\/wp-json\/wp\/v2\/media\/21606"}],"wp:attachment":[{"href":"https:\/\/brasilnoticias.org\/site\/wp-json\/wp\/v2\/media?parent=21605"}],"wp:term":[{"taxonomy":"category","embeddable":true,"href":"https:\/\/brasilnoticias.org\/site\/wp-json\/wp\/v2\/categories?post=21605"},{"taxonomy":"post_tag","embeddable":true,"href":"https:\/\/brasilnoticias.org\/site\/wp-json\/wp\/v2\/tags?post=21605"}],"curies":[{"name":"wp","href":"https:\/\/api.w.org\/{rel}","templated":true}]}}