{"id":21609,"date":"2026-04-17T05:56:44","date_gmt":"2026-04-17T08:56:44","guid":{"rendered":"https:\/\/brasilnoticias.org\/site\/?p=21609"},"modified":"2026-04-17T05:56:44","modified_gmt":"2026-04-17T08:56:44","slug":"dolar-fecha-abaixo-de-r-5-e-mercado-reage-a-expectativa-de-tregua-no-oriente-medio","status":"publish","type":"post","link":"https:\/\/brasilnoticias.org\/site\/dolar-fecha-abaixo-de-r-5-e-mercado-reage-a-expectativa-de-tregua-no-oriente-medio\/","title":{"rendered":"D\u00f3lar fecha abaixo de R$ 5 e mercado reage \u00e0 expectativa de tr\u00e9gua no Oriente M\u00e9dio"},"content":{"rendered":"<p data-start=\"281\" data-end=\"623\">O d\u00f3lar voltou a encerrar abaixo da marca de R$ 5 nesta quinta-feira (16), refletindo um cen\u00e1rio de cautela nos mercados financeiros globais diante das expectativas de redu\u00e7\u00e3o das tens\u00f5es no Oriente M\u00e9dio. A moeda norte-americana fechou praticamente est\u00e1vel, cotada a R$ 4,9934, com leve alta de 0,01%.<\/p>\n<p data-start=\"625\" data-end=\"977\">Mesmo com a estabilidade no dia, o desempenho do d\u00f3lar em 2026 segue negativo frente ao real, acumulando queda superior a 9% no ano. Esse movimento \u00e9 influenciado tanto por fatores externos quanto internos, incluindo o fluxo de investimentos para o Brasil e a expectativa de manuten\u00e7\u00e3o de juros elevados no pa\u00eds.<\/p>\n<p data-start=\"979\" data-end=\"1404\">No cen\u00e1rio internacional, os investidores acompanham de perto os desdobramentos do conflito no Oriente M\u00e9dio, especialmente as negocia\u00e7\u00f5es envolvendo Estados Unidos e Ir\u00e3. A recente sinaliza\u00e7\u00e3o de um cessar-fogo tempor\u00e1rio entre Israel e L\u00edbano, com dura\u00e7\u00e3o de dez dias, trouxe um al\u00edvio moment\u00e2neo aos mercados, reduzindo a avers\u00e3o ao risco e contribuindo para a estabilidade cambial.<\/p>\n<p data-start=\"1406\" data-end=\"1788\">Al\u00e9m disso, h\u00e1 expectativas de novas rodadas de \u0562\u0561\u0576\u0561\u056f\u0581ia\u00e7\u00f5es diplom\u00e1ticas entre norte-americanos e iranianos, o que refor\u00e7a a esperan\u00e7a de uma solu\u00e7\u00e3o mais duradoura para o conflito. Ainda assim, analistas avaliam que o cen\u00e1rio segue incerto, e qualquer avan\u00e7o ou retrocesso nas negocia\u00e7\u00f5es pode impactar diretamente o comportamento do d\u00f3lar.<\/p>\n<p data-start=\"1790\" data-end=\"2102\">No Brasil, dados econ\u00f4micos tamb\u00e9m influenciam o mercado. Indicadores recentes apontam crescimento da atividade econ\u00f4mica, o que aumenta as apostas de cortes futuros na taxa de juros, fator que pode continuar atraindo capital estrangeiro e pressionando o d\u00f3lar para baixo.<\/p>\n<p data-start=\"2104\" data-end=\"2440\">Especialistas destacam que o d\u00f3lar abaixo de R$ 5 representa um novo patamar ap\u00f3s anos acima desse n\u00edvel. Caso o cen\u00e1rio internacional se estabilize e o Brasil mantenha atratividade econ\u00f4mica, a moeda pode continuar em trajet\u00f3ria de queda ou estabilidade em n\u00edveis mais baixos nos pr\u00f3ximos meses.<\/p>\n","protected":false},"excerpt":{"rendered":"<p>O d\u00f3lar voltou a encerrar abaixo da marca de R$ 5 nesta quinta-feira (16), refletindo um cen\u00e1rio de cautela nos<\/p>\n","protected":false},"author":4,"featured_media":21610,"comment_status":"open","ping_status":"open","sticky":false,"template":"","format":"standard","meta":{"colormag_page_container_layout":"default_layout","colormag_page_sidebar_layout":"default_layout","_FSMCFIC_featured_image_caption":"","_FSMCFIC_featured_image_nocaption":"","_FSMCFIC_featured_image_hide":"","footnotes":""},"categories":[6,1],"tags":[],"class_list":["post-21609","post","type-post","status-publish","format-standard","has-post-thumbnail","hentry","category-mundo","category-ultimas"],"yoast_head":"<!-- This site is optimized with the Yoast SEO plugin v27.1.1 - https:\/\/yoast.com\/product\/yoast-seo-wordpress\/ -->\n<title>D\u00f3lar fecha abaixo de R$ 5 e mercado reage \u00e0 expectativa de tr\u00e9gua no Oriente M\u00e9dio - Brasil not\u00edcias<\/title>\n<meta name=\"robots\" content=\"index, follow, max-snippet:-1, max-image-preview:large, max-video-preview:-1\" \/>\n<link rel=\"canonical\" href=\"https:\/\/brasilnoticias.org\/site\/dolar-fecha-abaixo-de-r-5-e-mercado-reage-a-expectativa-de-tregua-no-oriente-medio\/\" \/>\n<meta property=\"og:locale\" content=\"pt_PT\" \/>\n<meta property=\"og:type\" content=\"article\" \/>\n<meta property=\"og:title\" content=\"D\u00f3lar fecha abaixo de R$ 5 e mercado reage \u00e0 expectativa de tr\u00e9gua no Oriente M\u00e9dio - Brasil not\u00edcias\" \/>\n<meta property=\"og:description\" content=\"O d\u00f3lar voltou a encerrar abaixo da marca de R$ 5 nesta quinta-feira (16), refletindo um cen\u00e1rio de cautela nos\" \/>\n<meta property=\"og:url\" content=\"https:\/\/brasilnoticias.org\/site\/dolar-fecha-abaixo-de-r-5-e-mercado-reage-a-expectativa-de-tregua-no-oriente-medio\/\" \/>\n<meta property=\"og:site_name\" content=\"Brasil not\u00edcias\" \/>\n<meta property=\"article:published_time\" content=\"2026-04-17T08:56:44+00:00\" \/>\n<meta property=\"og:image\" content=\"https:\/\/brasilnoticias.org\/site\/wp-content\/uploads\/2026\/04\/GettyImages-848755326-48dd2711646247648c4faebc98715119.webp\" \/>\n\t<meta property=\"og:image:width\" content=\"750\" \/>\n\t<meta property=\"og:image:height\" content=\"490\" \/>\n\t<meta property=\"og:image:type\" content=\"image\/webp\" \/>\n<meta name=\"author\" content=\"Reda\u00e7\u00e3o\" \/>\n<meta name=\"twitter:card\" content=\"summary_large_image\" \/>\n<meta name=\"twitter:label1\" content=\"Escrito por\" \/>\n\t<meta name=\"twitter:data1\" content=\"Reda\u00e7\u00e3o\" \/>\n\t<meta name=\"twitter:label2\" content=\"Tempo estimado de leitura\" \/>\n\t<meta name=\"twitter:data2\" content=\"2 minutos\" \/>\n<script type=\"application\/ld+json\" class=\"yoast-schema-graph\">{\"@context\":\"https:\/\/schema.org\",\"@graph\":[{\"@type\":\"Article\",\"@id\":\"https:\/\/brasilnoticias.org\/site\/dolar-fecha-abaixo-de-r-5-e-mercado-reage-a-expectativa-de-tregua-no-oriente-medio\/#article\",\"isPartOf\":{\"@id\":\"https:\/\/brasilnoticias.org\/site\/dolar-fecha-abaixo-de-r-5-e-mercado-reage-a-expectativa-de-tregua-no-oriente-medio\/\"},\"author\":{\"name\":\"Reda\u00e7\u00e3o\",\"@id\":\"https:\/\/brasilnoticias.org\/site\/#\/schema\/person\/03bbbfe6c7634ad18c26444ea39049fa\"},\"headline\":\"D\u00f3lar fecha abaixo de R$ 5 e mercado reage \u00e0 expectativa de tr\u00e9gua no Oriente M\u00e9dio\",\"datePublished\":\"2026-04-17T08:56:44+00:00\",\"mainEntityOfPage\":{\"@id\":\"https:\/\/brasilnoticias.org\/site\/dolar-fecha-abaixo-de-r-5-e-mercado-reage-a-expectativa-de-tregua-no-oriente-medio\/\"},\"wordCount\":343,\"commentCount\":0,\"publisher\":{\"@id\":\"https:\/\/brasilnoticias.org\/site\/#organization\"},\"image\":{\"@id\":\"https:\/\/brasilnoticias.org\/site\/dolar-fecha-abaixo-de-r-5-e-mercado-reage-a-expectativa-de-tregua-no-oriente-medio\/#primaryimage\"},\"thumbnailUrl\":\"https:\/\/brasilnoticias.org\/site\/wp-content\/uploads\/2026\/04\/GettyImages-848755326-48dd2711646247648c4faebc98715119.webp\",\"articleSection\":[\"Mundo\",\"\u00daltimas\"],\"inLanguage\":\"pt-PT\",\"potentialAction\":[{\"@type\":\"CommentAction\",\"name\":\"Comment\",\"target\":[\"https:\/\/brasilnoticias.org\/site\/dolar-fecha-abaixo-de-r-5-e-mercado-reage-a-expectativa-de-tregua-no-oriente-medio\/#respond\"]}]},{\"@type\":\"WebPage\",\"@id\":\"https:\/\/brasilnoticias.org\/site\/dolar-fecha-abaixo-de-r-5-e-mercado-reage-a-expectativa-de-tregua-no-oriente-medio\/\",\"url\":\"https:\/\/brasilnoticias.org\/site\/dolar-fecha-abaixo-de-r-5-e-mercado-reage-a-expectativa-de-tregua-no-oriente-medio\/\",\"name\":\"D\u00f3lar fecha abaixo de R$ 5 e mercado reage \u00e0 expectativa de tr\u00e9gua no Oriente M\u00e9dio - Brasil not\u00edcias\",\"isPartOf\":{\"@id\":\"https:\/\/brasilnoticias.org\/site\/#website\"},\"primaryImageOfPage\":{\"@id\":\"https:\/\/brasilnoticias.org\/site\/dolar-fecha-abaixo-de-r-5-e-mercado-reage-a-expectativa-de-tregua-no-oriente-medio\/#primaryimage\"},\"image\":{\"@id\":\"https:\/\/brasilnoticias.org\/site\/dolar-fecha-abaixo-de-r-5-e-mercado-reage-a-expectativa-de-tregua-no-oriente-medio\/#primaryimage\"},\"thumbnailUrl\":\"https:\/\/brasilnoticias.org\/site\/wp-content\/uploads\/2026\/04\/GettyImages-848755326-48dd2711646247648c4faebc98715119.webp\",\"datePublished\":\"2026-04-17T08:56:44+00:00\",\"breadcrumb\":{\"@id\":\"https:\/\/brasilnoticias.org\/site\/dolar-fecha-abaixo-de-r-5-e-mercado-reage-a-expectativa-de-tregua-no-oriente-medio\/#breadcrumb\"},\"inLanguage\":\"pt-PT\",\"potentialAction\":[{\"@type\":\"ReadAction\",\"target\":[\"https:\/\/brasilnoticias.org\/site\/dolar-fecha-abaixo-de-r-5-e-mercado-reage-a-expectativa-de-tregua-no-oriente-medio\/\"]}]},{\"@type\":\"ImageObject\",\"inLanguage\":\"pt-PT\",\"@id\":\"https:\/\/brasilnoticias.org\/site\/dolar-fecha-abaixo-de-r-5-e-mercado-reage-a-expectativa-de-tregua-no-oriente-medio\/#primaryimage\",\"url\":\"https:\/\/brasilnoticias.org\/site\/wp-content\/uploads\/2026\/04\/GettyImages-848755326-48dd2711646247648c4faebc98715119.webp\",\"contentUrl\":\"https:\/\/brasilnoticias.org\/site\/wp-content\/uploads\/2026\/04\/GettyImages-848755326-48dd2711646247648c4faebc98715119.webp\",\"width\":750,\"height\":490,\"caption\":\"Getty Images\"},{\"@type\":\"BreadcrumbList\",\"@id\":\"https:\/\/brasilnoticias.org\/site\/dolar-fecha-abaixo-de-r-5-e-mercado-reage-a-expectativa-de-tregua-no-oriente-medio\/#breadcrumb\",\"itemListElement\":[{\"@type\":\"ListItem\",\"position\":1,\"name\":\"In\u00edcio\",\"item\":\"https:\/\/brasilnoticias.org\/site\/\"},{\"@type\":\"ListItem\",\"position\":2,\"name\":\"D\u00f3lar fecha abaixo de R$ 5 e mercado reage \u00e0 expectativa de tr\u00e9gua no Oriente M\u00e9dio\"}]},{\"@type\":\"WebSite\",\"@id\":\"https:\/\/brasilnoticias.org\/site\/#website\",\"url\":\"https:\/\/brasilnoticias.org\/site\/\",\"name\":\"Brasil not\u00edcias\",\"description\":\"Brasil not\u00edcias\",\"publisher\":{\"@id\":\"https:\/\/brasilnoticias.org\/site\/#organization\"},\"potentialAction\":[{\"@type\":\"SearchAction\",\"target\":{\"@type\":\"EntryPoint\",\"urlTemplate\":\"https:\/\/brasilnoticias.org\/site\/?s={search_term_string}\"},\"query-input\":{\"@type\":\"PropertyValueSpecification\",\"valueRequired\":true,\"valueName\":\"search_term_string\"}}],\"inLanguage\":\"pt-PT\"},{\"@type\":\"Organization\",\"@id\":\"https:\/\/brasilnoticias.org\/site\/#organization\",\"name\":\"Brasil not\u00edcias\",\"url\":\"https:\/\/brasilnoticias.org\/site\/\",\"logo\":{\"@type\":\"ImageObject\",\"inLanguage\":\"pt-PT\",\"@id\":\"https:\/\/brasilnoticias.org\/site\/#\/schema\/logo\/image\/\",\"url\":\"https:\/\/brasilnoticias.org\/site\/wp-content\/uploads\/2022\/05\/cropped-brasilnoticias-mini.jpg\",\"contentUrl\":\"https:\/\/brasilnoticias.org\/site\/wp-content\/uploads\/2022\/05\/cropped-brasilnoticias-mini.jpg\",\"width\":314,\"height\":86,\"caption\":\"Brasil not\u00edcias\"},\"image\":{\"@id\":\"https:\/\/brasilnoticias.org\/site\/#\/schema\/logo\/image\/\"}},{\"@type\":\"Person\",\"@id\":\"https:\/\/brasilnoticias.org\/site\/#\/schema\/person\/03bbbfe6c7634ad18c26444ea39049fa\",\"name\":\"Reda\u00e7\u00e3o\",\"image\":{\"@type\":\"ImageObject\",\"inLanguage\":\"pt-PT\",\"@id\":\"https:\/\/brasilnoticias.org\/site\/#\/schema\/person\/image\/\",\"url\":\"https:\/\/secure.gravatar.com\/avatar\/9ecaf7327a696cb23ad926fedded5f1f04d7049de9e445375d55b48c001a6e42?s=96&d=mm&r=g\",\"contentUrl\":\"https:\/\/secure.gravatar.com\/avatar\/9ecaf7327a696cb23ad926fedded5f1f04d7049de9e445375d55b48c001a6e42?s=96&d=mm&r=g\",\"caption\":\"Reda\u00e7\u00e3o\"},\"url\":\"https:\/\/brasilnoticias.org\/site\/author\/henrique\/\"}]}<\/script>\n<!-- \/ Yoast SEO plugin. -->","yoast_head_json":{"title":"D\u00f3lar fecha abaixo de R$ 5 e mercado reage \u00e0 expectativa de tr\u00e9gua no Oriente M\u00e9dio - Brasil not\u00edcias","robots":{"index":"index","follow":"follow","max-snippet":"max-snippet:-1","max-image-preview":"max-image-preview:large","max-video-preview":"max-video-preview:-1"},"canonical":"https:\/\/brasilnoticias.org\/site\/dolar-fecha-abaixo-de-r-5-e-mercado-reage-a-expectativa-de-tregua-no-oriente-medio\/","og_locale":"pt_PT","og_type":"article","og_title":"D\u00f3lar fecha abaixo de R$ 5 e mercado reage \u00e0 expectativa de tr\u00e9gua no Oriente M\u00e9dio - Brasil not\u00edcias","og_description":"O d\u00f3lar voltou a encerrar abaixo da marca de R$ 5 nesta quinta-feira (16), refletindo um cen\u00e1rio de cautela nos","og_url":"https:\/\/brasilnoticias.org\/site\/dolar-fecha-abaixo-de-r-5-e-mercado-reage-a-expectativa-de-tregua-no-oriente-medio\/","og_site_name":"Brasil not\u00edcias","article_published_time":"2026-04-17T08:56:44+00:00","og_image":[{"width":750,"height":490,"url":"https:\/\/brasilnoticias.org\/site\/wp-content\/uploads\/2026\/04\/GettyImages-848755326-48dd2711646247648c4faebc98715119.webp","type":"image\/webp"}],"author":"Reda\u00e7\u00e3o","twitter_card":"summary_large_image","twitter_misc":{"Escrito por":"Reda\u00e7\u00e3o","Tempo estimado de leitura":"2 minutos"},"schema":{"@context":"https:\/\/schema.org","@graph":[{"@type":"Article","@id":"https:\/\/brasilnoticias.org\/site\/dolar-fecha-abaixo-de-r-5-e-mercado-reage-a-expectativa-de-tregua-no-oriente-medio\/#article","isPartOf":{"@id":"https:\/\/brasilnoticias.org\/site\/dolar-fecha-abaixo-de-r-5-e-mercado-reage-a-expectativa-de-tregua-no-oriente-medio\/"},"author":{"name":"Reda\u00e7\u00e3o","@id":"https:\/\/brasilnoticias.org\/site\/#\/schema\/person\/03bbbfe6c7634ad18c26444ea39049fa"},"headline":"D\u00f3lar fecha abaixo de R$ 5 e mercado reage \u00e0 expectativa de tr\u00e9gua no Oriente M\u00e9dio","datePublished":"2026-04-17T08:56:44+00:00","mainEntityOfPage":{"@id":"https:\/\/brasilnoticias.org\/site\/dolar-fecha-abaixo-de-r-5-e-mercado-reage-a-expectativa-de-tregua-no-oriente-medio\/"},"wordCount":343,"commentCount":0,"publisher":{"@id":"https:\/\/brasilnoticias.org\/site\/#organization"},"image":{"@id":"https:\/\/brasilnoticias.org\/site\/dolar-fecha-abaixo-de-r-5-e-mercado-reage-a-expectativa-de-tregua-no-oriente-medio\/#primaryimage"},"thumbnailUrl":"https:\/\/brasilnoticias.org\/site\/wp-content\/uploads\/2026\/04\/GettyImages-848755326-48dd2711646247648c4faebc98715119.webp","articleSection":["Mundo","\u00daltimas"],"inLanguage":"pt-PT","potentialAction":[{"@type":"CommentAction","name":"Comment","target":["https:\/\/brasilnoticias.org\/site\/dolar-fecha-abaixo-de-r-5-e-mercado-reage-a-expectativa-de-tregua-no-oriente-medio\/#respond"]}]},{"@type":"WebPage","@id":"https:\/\/brasilnoticias.org\/site\/dolar-fecha-abaixo-de-r-5-e-mercado-reage-a-expectativa-de-tregua-no-oriente-medio\/","url":"https:\/\/brasilnoticias.org\/site\/dolar-fecha-abaixo-de-r-5-e-mercado-reage-a-expectativa-de-tregua-no-oriente-medio\/","name":"D\u00f3lar fecha abaixo de R$ 5 e mercado reage \u00e0 expectativa de tr\u00e9gua no Oriente M\u00e9dio - Brasil not\u00edcias","isPartOf":{"@id":"https:\/\/brasilnoticias.org\/site\/#website"},"primaryImageOfPage":{"@id":"https:\/\/brasilnoticias.org\/site\/dolar-fecha-abaixo-de-r-5-e-mercado-reage-a-expectativa-de-tregua-no-oriente-medio\/#primaryimage"},"image":{"@id":"https:\/\/brasilnoticias.org\/site\/dolar-fecha-abaixo-de-r-5-e-mercado-reage-a-expectativa-de-tregua-no-oriente-medio\/#primaryimage"},"thumbnailUrl":"https:\/\/brasilnoticias.org\/site\/wp-content\/uploads\/2026\/04\/GettyImages-848755326-48dd2711646247648c4faebc98715119.webp","datePublished":"2026-04-17T08:56:44+00:00","breadcrumb":{"@id":"https:\/\/brasilnoticias.org\/site\/dolar-fecha-abaixo-de-r-5-e-mercado-reage-a-expectativa-de-tregua-no-oriente-medio\/#breadcrumb"},"inLanguage":"pt-PT","potentialAction":[{"@type":"ReadAction","target":["https:\/\/brasilnoticias.org\/site\/dolar-fecha-abaixo-de-r-5-e-mercado-reage-a-expectativa-de-tregua-no-oriente-medio\/"]}]},{"@type":"ImageObject","inLanguage":"pt-PT","@id":"https:\/\/brasilnoticias.org\/site\/dolar-fecha-abaixo-de-r-5-e-mercado-reage-a-expectativa-de-tregua-no-oriente-medio\/#primaryimage","url":"https:\/\/brasilnoticias.org\/site\/wp-content\/uploads\/2026\/04\/GettyImages-848755326-48dd2711646247648c4faebc98715119.webp","contentUrl":"https:\/\/brasilnoticias.org\/site\/wp-content\/uploads\/2026\/04\/GettyImages-848755326-48dd2711646247648c4faebc98715119.webp","width":750,"height":490,"caption":"Getty Images"},{"@type":"BreadcrumbList","@id":"https:\/\/brasilnoticias.org\/site\/dolar-fecha-abaixo-de-r-5-e-mercado-reage-a-expectativa-de-tregua-no-oriente-medio\/#breadcrumb","itemListElement":[{"@type":"ListItem","position":1,"name":"In\u00edcio","item":"https:\/\/brasilnoticias.org\/site\/"},{"@type":"ListItem","position":2,"name":"D\u00f3lar fecha abaixo de R$ 5 e mercado reage \u00e0 expectativa de tr\u00e9gua no Oriente M\u00e9dio"}]},{"@type":"WebSite","@id":"https:\/\/brasilnoticias.org\/site\/#website","url":"https:\/\/brasilnoticias.org\/site\/","name":"Brasil not\u00edcias","description":"Brasil not\u00edcias","publisher":{"@id":"https:\/\/brasilnoticias.org\/site\/#organization"},"potentialAction":[{"@type":"SearchAction","target":{"@type":"EntryPoint","urlTemplate":"https:\/\/brasilnoticias.org\/site\/?s={search_term_string}"},"query-input":{"@type":"PropertyValueSpecification","valueRequired":true,"valueName":"search_term_string"}}],"inLanguage":"pt-PT"},{"@type":"Organization","@id":"https:\/\/brasilnoticias.org\/site\/#organization","name":"Brasil not\u00edcias","url":"https:\/\/brasilnoticias.org\/site\/","logo":{"@type":"ImageObject","inLanguage":"pt-PT","@id":"https:\/\/brasilnoticias.org\/site\/#\/schema\/logo\/image\/","url":"https:\/\/brasilnoticias.org\/site\/wp-content\/uploads\/2022\/05\/cropped-brasilnoticias-mini.jpg","contentUrl":"https:\/\/brasilnoticias.org\/site\/wp-content\/uploads\/2022\/05\/cropped-brasilnoticias-mini.jpg","width":314,"height":86,"caption":"Brasil not\u00edcias"},"image":{"@id":"https:\/\/brasilnoticias.org\/site\/#\/schema\/logo\/image\/"}},{"@type":"Person","@id":"https:\/\/brasilnoticias.org\/site\/#\/schema\/person\/03bbbfe6c7634ad18c26444ea39049fa","name":"Reda\u00e7\u00e3o","image":{"@type":"ImageObject","inLanguage":"pt-PT","@id":"https:\/\/brasilnoticias.org\/site\/#\/schema\/person\/image\/","url":"https:\/\/secure.gravatar.com\/avatar\/9ecaf7327a696cb23ad926fedded5f1f04d7049de9e445375d55b48c001a6e42?s=96&d=mm&r=g","contentUrl":"https:\/\/secure.gravatar.com\/avatar\/9ecaf7327a696cb23ad926fedded5f1f04d7049de9e445375d55b48c001a6e42?s=96&d=mm&r=g","caption":"Reda\u00e7\u00e3o"},"url":"https:\/\/brasilnoticias.org\/site\/author\/henrique\/"}]}},"_links":{"self":[{"href":"https:\/\/brasilnoticias.org\/site\/wp-json\/wp\/v2\/posts\/21609","targetHints":{"allow":["GET"]}}],"collection":[{"href":"https:\/\/brasilnoticias.org\/site\/wp-json\/wp\/v2\/posts"}],"about":[{"href":"https:\/\/brasilnoticias.org\/site\/wp-json\/wp\/v2\/types\/post"}],"author":[{"embeddable":true,"href":"https:\/\/brasilnoticias.org\/site\/wp-json\/wp\/v2\/users\/4"}],"replies":[{"embeddable":true,"href":"https:\/\/brasilnoticias.org\/site\/wp-json\/wp\/v2\/comments?post=21609"}],"version-history":[{"count":1,"href":"https:\/\/brasilnoticias.org\/site\/wp-json\/wp\/v2\/posts\/21609\/revisions"}],"predecessor-version":[{"id":21611,"href":"https:\/\/brasilnoticias.org\/site\/wp-json\/wp\/v2\/posts\/21609\/revisions\/21611"}],"wp:featuredmedia":[{"embeddable":true,"href":"https:\/\/brasilnoticias.org\/site\/wp-json\/wp\/v2\/media\/21610"}],"wp:attachment":[{"href":"https:\/\/brasilnoticias.org\/site\/wp-json\/wp\/v2\/media?parent=21609"}],"wp:term":[{"taxonomy":"category","embeddable":true,"href":"https:\/\/brasilnoticias.org\/site\/wp-json\/wp\/v2\/categories?post=21609"},{"taxonomy":"post_tag","embeddable":true,"href":"https:\/\/brasilnoticias.org\/site\/wp-json\/wp\/v2\/tags?post=21609"}],"curies":[{"name":"wp","href":"https:\/\/api.w.org\/{rel}","templated":true}]}}