{"id":21621,"date":"2026-04-17T06:37:30","date_gmt":"2026-04-17T09:37:30","guid":{"rendered":"https:\/\/brasilnoticias.org\/site\/?p=21621"},"modified":"2026-04-17T06:37:30","modified_gmt":"2026-04-17T09:37:30","slug":"disputa-interna-na-oposicao-novos-nomes-para-al-ba-geram-desconforto-em-redutos-eleitorais-na-bahia","status":"publish","type":"post","link":"https:\/\/brasilnoticias.org\/site\/disputa-interna-na-oposicao-novos-nomes-para-al-ba-geram-desconforto-em-redutos-eleitorais-na-bahia\/","title":{"rendered":"Disputa interna na oposi\u00e7\u00e3o: novos nomes para AL-BA geram desconforto em redutos eleitorais na Bahia"},"content":{"rendered":"<p data-start=\"238\" data-end=\"610\">A articula\u00e7\u00e3o pol\u00edtica para as elei\u00e7\u00f5es de 2026 na Bahia j\u00e1 come\u00e7a a gerar tens\u00f5es dentro da pr\u00f3pria oposi\u00e7\u00e3o. Lideran\u00e7as ligadas ao ex-prefeito de Salvador, <span class=\"hover:entity-accent entity-underline inline cursor-pointer align-baseline\"><span class=\"whitespace-normal\">ACM Neto<\/span><\/span>, enfrentam dificuldades na montagem da chapa para a Assembleia Legislativa da Bahia (AL-BA), diante do lan\u00e7amento de novos pr\u00e9-candidatos em redutos eleitorais j\u00e1 consolidados.<\/p>\n<p data-start=\"612\" data-end=\"1082\">Deputados estaduais t\u00eam demonstrado insatisfa\u00e7\u00e3o com a entrada de novos nomes em cidades estrat\u00e9gicas como <span class=\"hover:entity-accent entity-underline inline cursor-pointer align-baseline\"><span class=\"whitespace-normal\">Salvador<\/span><\/span>, <span class=\"hover:entity-accent entity-underline inline cursor-pointer align-baseline\"><span class=\"whitespace-normal\">Lauro de Freitas<\/span><\/span>, <span class=\"hover:entity-accent entity-underline inline cursor-pointer align-baseline\"><span class=\"whitespace-normal\">Vit\u00f3ria da Conquista<\/span><\/span> e <span class=\"hover:entity-accent entity-underline inline cursor-pointer align-baseline\"><span class=\"whitespace-normal\">Teixeira de Freitas<\/span><\/span>. Esses locais s\u00e3o considerados bases eleitorais importantes, e a chegada de novos concorrentes \u00e9 vista como uma amea\u00e7a direta \u00e0 reelei\u00e7\u00e3o de parlamentares com mandato.<\/p>\n<p data-start=\"1084\" data-end=\"1454\">Um dos principais exemplos ocorre em Vit\u00f3ria da Conquista, onde a prefeita <span class=\"hover:entity-accent entity-underline inline cursor-pointer align-baseline\"><span class=\"whitespace-normal\">Sheila Lemos<\/span><\/span> lan\u00e7ou a pr\u00e9-candidatura do marido, Wagner Lemos. A movimenta\u00e7\u00e3o pegou de surpresa o deputado <span class=\"hover:entity-accent entity-underline inline cursor-pointer align-baseline\"><span class=\"whitespace-normal\">Tiago Correia<\/span><\/span>, que tem forte atua\u00e7\u00e3o pol\u00edtica no munic\u00edpio e j\u00e1 demonstrou inc\u00f4modo com a situa\u00e7\u00e3o.<\/p>\n<p data-start=\"1456\" data-end=\"1804\">Em Lauro de Freitas, outro foco de tens\u00e3o envolve o ex-candidato \u00e0 prefeitura Ant\u00f4nio Rosalvo, que deve disputar espa\u00e7o pol\u00edtico com o deputado <span class=\"hover:entity-accent entity-underline inline cursor-pointer align-baseline\"><span class=\"whitespace-normal\">Pedro Tavares<\/span><\/span>. Apesar disso, Tavares conta com o apoio da prefeita <span class=\"hover:entity-accent entity-underline inline cursor-pointer align-baseline\"><span class=\"whitespace-normal\">D\u00e9bora R\u00e9gis<\/span><\/span> para manter sua base eleitoral.<\/p>\n<p data-start=\"1806\" data-end=\"2144\">J\u00e1 em Salvador, o lan\u00e7amento da pr\u00e9-candidatura de Igor Dominguez, ligado ao grupo do prefeito <span class=\"hover:entity-accent entity-underline inline cursor-pointer align-baseline\"><span class=\"whitespace-normal\">Bruno Reis<\/span><\/span>, tamb\u00e9m tem causado desconforto entre deputados estaduais. Parlamentares com forte vota\u00e7\u00e3o na capital temem perda de espa\u00e7o no maior col\u00e9gio eleitoral do estado.<\/p>\n<p data-start=\"2146\" data-end=\"2391\">Al\u00e9m disso, h\u00e1 relatos de tens\u00e3o at\u00e9 mesmo em disputas para cargos federais, com lideran\u00e7as pol\u00edticas irritadas com poss\u00edveis candidaturas que podem fragmentar votos dentro da pr\u00f3pria base oposicionista.<\/p>\n<p data-start=\"2393\" data-end=\"2623\">O cen\u00e1rio evidencia um desafio comum em anos eleitorais: equilibrar a entrada de novos nomes sem enfraquecer lideran\u00e7as j\u00e1 estabelecidas. A falta de consenso pode impactar diretamente o desempenho da oposi\u00e7\u00e3o nas elei\u00e7\u00f5es de 2026.<\/p>\n<p data-start=\"2393\" data-end=\"2623\">Fonte: Bahia Not\u00edcias<\/p>\n","protected":false},"excerpt":{"rendered":"<p>A articula\u00e7\u00e3o pol\u00edtica para as elei\u00e7\u00f5es de 2026 na Bahia j\u00e1 come\u00e7a a gerar tens\u00f5es dentro da pr\u00f3pria oposi\u00e7\u00e3o. Lideran\u00e7as<\/p>\n","protected":false},"author":4,"featured_media":21622,"comment_status":"open","ping_status":"open","sticky":false,"template":"","format":"standard","meta":{"colormag_page_container_layout":"default_layout","colormag_page_sidebar_layout":"default_layout","_FSMCFIC_featured_image_caption":"","_FSMCFIC_featured_image_nocaption":"","_FSMCFIC_featured_image_hide":"","footnotes":""},"categories":[5,1],"tags":[],"class_list":["post-21621","post","type-post","status-publish","format-standard","has-post-thumbnail","hentry","category-politica","category-ultimas"],"yoast_head":"<!-- This site is optimized with the Yoast SEO plugin v27.1.1 - https:\/\/yoast.com\/product\/yoast-seo-wordpress\/ -->\n<title>Disputa interna na oposi\u00e7\u00e3o: novos nomes para AL-BA geram desconforto em redutos eleitorais na Bahia - Brasil not\u00edcias<\/title>\n<meta name=\"robots\" content=\"index, follow, max-snippet:-1, max-image-preview:large, max-video-preview:-1\" \/>\n<link rel=\"canonical\" href=\"https:\/\/brasilnoticias.org\/site\/disputa-interna-na-oposicao-novos-nomes-para-al-ba-geram-desconforto-em-redutos-eleitorais-na-bahia\/\" \/>\n<meta property=\"og:locale\" content=\"pt_PT\" \/>\n<meta property=\"og:type\" content=\"article\" \/>\n<meta property=\"og:title\" content=\"Disputa interna na oposi\u00e7\u00e3o: novos nomes para AL-BA geram desconforto em redutos eleitorais na Bahia - Brasil not\u00edcias\" \/>\n<meta property=\"og:description\" content=\"A articula\u00e7\u00e3o pol\u00edtica para as elei\u00e7\u00f5es de 2026 na Bahia j\u00e1 come\u00e7a a gerar tens\u00f5es dentro da pr\u00f3pria oposi\u00e7\u00e3o. Lideran\u00e7as\" \/>\n<meta property=\"og:url\" content=\"https:\/\/brasilnoticias.org\/site\/disputa-interna-na-oposicao-novos-nomes-para-al-ba-geram-desconforto-em-redutos-eleitorais-na-bahia\/\" \/>\n<meta property=\"og:site_name\" content=\"Brasil not\u00edcias\" \/>\n<meta property=\"article:published_time\" content=\"2026-04-17T09:37:30+00:00\" \/>\n<meta property=\"og:image\" content=\"https:\/\/brasilnoticias.org\/site\/wp-content\/uploads\/2026\/04\/IMAGEM_NOTICIA_9-5.webp\" \/>\n\t<meta property=\"og:image:width\" content=\"1200\" \/>\n\t<meta property=\"og:image:height\" content=\"630\" \/>\n\t<meta property=\"og:image:type\" content=\"image\/webp\" \/>\n<meta name=\"author\" content=\"Reda\u00e7\u00e3o\" \/>\n<meta name=\"twitter:card\" content=\"summary_large_image\" \/>\n<meta name=\"twitter:label1\" content=\"Escrito por\" \/>\n\t<meta name=\"twitter:data1\" content=\"Reda\u00e7\u00e3o\" \/>\n\t<meta name=\"twitter:label2\" content=\"Tempo estimado de leitura\" \/>\n\t<meta name=\"twitter:data2\" content=\"2 minutos\" \/>\n<script type=\"application\/ld+json\" class=\"yoast-schema-graph\">{\"@context\":\"https:\/\/schema.org\",\"@graph\":[{\"@type\":\"Article\",\"@id\":\"https:\/\/brasilnoticias.org\/site\/disputa-interna-na-oposicao-novos-nomes-para-al-ba-geram-desconforto-em-redutos-eleitorais-na-bahia\/#article\",\"isPartOf\":{\"@id\":\"https:\/\/brasilnoticias.org\/site\/disputa-interna-na-oposicao-novos-nomes-para-al-ba-geram-desconforto-em-redutos-eleitorais-na-bahia\/\"},\"author\":{\"name\":\"Reda\u00e7\u00e3o\",\"@id\":\"https:\/\/brasilnoticias.org\/site\/#\/schema\/person\/03bbbfe6c7634ad18c26444ea39049fa\"},\"headline\":\"Disputa interna na oposi\u00e7\u00e3o: novos nomes para AL-BA geram desconforto em redutos eleitorais na Bahia\",\"datePublished\":\"2026-04-17T09:37:30+00:00\",\"mainEntityOfPage\":{\"@id\":\"https:\/\/brasilnoticias.org\/site\/disputa-interna-na-oposicao-novos-nomes-para-al-ba-geram-desconforto-em-redutos-eleitorais-na-bahia\/\"},\"wordCount\":354,\"commentCount\":0,\"publisher\":{\"@id\":\"https:\/\/brasilnoticias.org\/site\/#organization\"},\"image\":{\"@id\":\"https:\/\/brasilnoticias.org\/site\/disputa-interna-na-oposicao-novos-nomes-para-al-ba-geram-desconforto-em-redutos-eleitorais-na-bahia\/#primaryimage\"},\"thumbnailUrl\":\"https:\/\/brasilnoticias.org\/site\/wp-content\/uploads\/2026\/04\/IMAGEM_NOTICIA_9-5.webp\",\"articleSection\":[\"Pol\u00edtica\",\"\u00daltimas\"],\"inLanguage\":\"pt-PT\",\"potentialAction\":[{\"@type\":\"CommentAction\",\"name\":\"Comment\",\"target\":[\"https:\/\/brasilnoticias.org\/site\/disputa-interna-na-oposicao-novos-nomes-para-al-ba-geram-desconforto-em-redutos-eleitorais-na-bahia\/#respond\"]}]},{\"@type\":\"WebPage\",\"@id\":\"https:\/\/brasilnoticias.org\/site\/disputa-interna-na-oposicao-novos-nomes-para-al-ba-geram-desconforto-em-redutos-eleitorais-na-bahia\/\",\"url\":\"https:\/\/brasilnoticias.org\/site\/disputa-interna-na-oposicao-novos-nomes-para-al-ba-geram-desconforto-em-redutos-eleitorais-na-bahia\/\",\"name\":\"Disputa interna na oposi\u00e7\u00e3o: novos nomes para AL-BA geram desconforto em redutos eleitorais na Bahia - Brasil not\u00edcias\",\"isPartOf\":{\"@id\":\"https:\/\/brasilnoticias.org\/site\/#website\"},\"primaryImageOfPage\":{\"@id\":\"https:\/\/brasilnoticias.org\/site\/disputa-interna-na-oposicao-novos-nomes-para-al-ba-geram-desconforto-em-redutos-eleitorais-na-bahia\/#primaryimage\"},\"image\":{\"@id\":\"https:\/\/brasilnoticias.org\/site\/disputa-interna-na-oposicao-novos-nomes-para-al-ba-geram-desconforto-em-redutos-eleitorais-na-bahia\/#primaryimage\"},\"thumbnailUrl\":\"https:\/\/brasilnoticias.org\/site\/wp-content\/uploads\/2026\/04\/IMAGEM_NOTICIA_9-5.webp\",\"datePublished\":\"2026-04-17T09:37:30+00:00\",\"breadcrumb\":{\"@id\":\"https:\/\/brasilnoticias.org\/site\/disputa-interna-na-oposicao-novos-nomes-para-al-ba-geram-desconforto-em-redutos-eleitorais-na-bahia\/#breadcrumb\"},\"inLanguage\":\"pt-PT\",\"potentialAction\":[{\"@type\":\"ReadAction\",\"target\":[\"https:\/\/brasilnoticias.org\/site\/disputa-interna-na-oposicao-novos-nomes-para-al-ba-geram-desconforto-em-redutos-eleitorais-na-bahia\/\"]}]},{\"@type\":\"ImageObject\",\"inLanguage\":\"pt-PT\",\"@id\":\"https:\/\/brasilnoticias.org\/site\/disputa-interna-na-oposicao-novos-nomes-para-al-ba-geram-desconforto-em-redutos-eleitorais-na-bahia\/#primaryimage\",\"url\":\"https:\/\/brasilnoticias.org\/site\/wp-content\/uploads\/2026\/04\/IMAGEM_NOTICIA_9-5.webp\",\"contentUrl\":\"https:\/\/brasilnoticias.org\/site\/wp-content\/uploads\/2026\/04\/IMAGEM_NOTICIA_9-5.webp\",\"width\":1200,\"height\":630,\"caption\":\"Foto: Divulga\u00e7\u00e3o\"},{\"@type\":\"BreadcrumbList\",\"@id\":\"https:\/\/brasilnoticias.org\/site\/disputa-interna-na-oposicao-novos-nomes-para-al-ba-geram-desconforto-em-redutos-eleitorais-na-bahia\/#breadcrumb\",\"itemListElement\":[{\"@type\":\"ListItem\",\"position\":1,\"name\":\"In\u00edcio\",\"item\":\"https:\/\/brasilnoticias.org\/site\/\"},{\"@type\":\"ListItem\",\"position\":2,\"name\":\"Disputa interna na oposi\u00e7\u00e3o: novos nomes para AL-BA geram desconforto em redutos eleitorais na Bahia\"}]},{\"@type\":\"WebSite\",\"@id\":\"https:\/\/brasilnoticias.org\/site\/#website\",\"url\":\"https:\/\/brasilnoticias.org\/site\/\",\"name\":\"Brasil not\u00edcias\",\"description\":\"Brasil not\u00edcias\",\"publisher\":{\"@id\":\"https:\/\/brasilnoticias.org\/site\/#organization\"},\"potentialAction\":[{\"@type\":\"SearchAction\",\"target\":{\"@type\":\"EntryPoint\",\"urlTemplate\":\"https:\/\/brasilnoticias.org\/site\/?s={search_term_string}\"},\"query-input\":{\"@type\":\"PropertyValueSpecification\",\"valueRequired\":true,\"valueName\":\"search_term_string\"}}],\"inLanguage\":\"pt-PT\"},{\"@type\":\"Organization\",\"@id\":\"https:\/\/brasilnoticias.org\/site\/#organization\",\"name\":\"Brasil not\u00edcias\",\"url\":\"https:\/\/brasilnoticias.org\/site\/\",\"logo\":{\"@type\":\"ImageObject\",\"inLanguage\":\"pt-PT\",\"@id\":\"https:\/\/brasilnoticias.org\/site\/#\/schema\/logo\/image\/\",\"url\":\"https:\/\/brasilnoticias.org\/site\/wp-content\/uploads\/2022\/05\/cropped-brasilnoticias-mini.jpg\",\"contentUrl\":\"https:\/\/brasilnoticias.org\/site\/wp-content\/uploads\/2022\/05\/cropped-brasilnoticias-mini.jpg\",\"width\":314,\"height\":86,\"caption\":\"Brasil not\u00edcias\"},\"image\":{\"@id\":\"https:\/\/brasilnoticias.org\/site\/#\/schema\/logo\/image\/\"}},{\"@type\":\"Person\",\"@id\":\"https:\/\/brasilnoticias.org\/site\/#\/schema\/person\/03bbbfe6c7634ad18c26444ea39049fa\",\"name\":\"Reda\u00e7\u00e3o\",\"image\":{\"@type\":\"ImageObject\",\"inLanguage\":\"pt-PT\",\"@id\":\"https:\/\/brasilnoticias.org\/site\/#\/schema\/person\/image\/\",\"url\":\"https:\/\/secure.gravatar.com\/avatar\/9ecaf7327a696cb23ad926fedded5f1f04d7049de9e445375d55b48c001a6e42?s=96&d=mm&r=g\",\"contentUrl\":\"https:\/\/secure.gravatar.com\/avatar\/9ecaf7327a696cb23ad926fedded5f1f04d7049de9e445375d55b48c001a6e42?s=96&d=mm&r=g\",\"caption\":\"Reda\u00e7\u00e3o\"},\"url\":\"https:\/\/brasilnoticias.org\/site\/author\/henrique\/\"}]}<\/script>\n<!-- \/ Yoast SEO plugin. -->","yoast_head_json":{"title":"Disputa interna na oposi\u00e7\u00e3o: novos nomes para AL-BA geram desconforto em redutos eleitorais na Bahia - Brasil not\u00edcias","robots":{"index":"index","follow":"follow","max-snippet":"max-snippet:-1","max-image-preview":"max-image-preview:large","max-video-preview":"max-video-preview:-1"},"canonical":"https:\/\/brasilnoticias.org\/site\/disputa-interna-na-oposicao-novos-nomes-para-al-ba-geram-desconforto-em-redutos-eleitorais-na-bahia\/","og_locale":"pt_PT","og_type":"article","og_title":"Disputa interna na oposi\u00e7\u00e3o: novos nomes para AL-BA geram desconforto em redutos eleitorais na Bahia - Brasil not\u00edcias","og_description":"A articula\u00e7\u00e3o pol\u00edtica para as elei\u00e7\u00f5es de 2026 na Bahia j\u00e1 come\u00e7a a gerar tens\u00f5es dentro da pr\u00f3pria oposi\u00e7\u00e3o. Lideran\u00e7as","og_url":"https:\/\/brasilnoticias.org\/site\/disputa-interna-na-oposicao-novos-nomes-para-al-ba-geram-desconforto-em-redutos-eleitorais-na-bahia\/","og_site_name":"Brasil not\u00edcias","article_published_time":"2026-04-17T09:37:30+00:00","og_image":[{"width":1200,"height":630,"url":"https:\/\/brasilnoticias.org\/site\/wp-content\/uploads\/2026\/04\/IMAGEM_NOTICIA_9-5.webp","type":"image\/webp"}],"author":"Reda\u00e7\u00e3o","twitter_card":"summary_large_image","twitter_misc":{"Escrito por":"Reda\u00e7\u00e3o","Tempo estimado de leitura":"2 minutos"},"schema":{"@context":"https:\/\/schema.org","@graph":[{"@type":"Article","@id":"https:\/\/brasilnoticias.org\/site\/disputa-interna-na-oposicao-novos-nomes-para-al-ba-geram-desconforto-em-redutos-eleitorais-na-bahia\/#article","isPartOf":{"@id":"https:\/\/brasilnoticias.org\/site\/disputa-interna-na-oposicao-novos-nomes-para-al-ba-geram-desconforto-em-redutos-eleitorais-na-bahia\/"},"author":{"name":"Reda\u00e7\u00e3o","@id":"https:\/\/brasilnoticias.org\/site\/#\/schema\/person\/03bbbfe6c7634ad18c26444ea39049fa"},"headline":"Disputa interna na oposi\u00e7\u00e3o: novos nomes para AL-BA geram desconforto em redutos eleitorais na Bahia","datePublished":"2026-04-17T09:37:30+00:00","mainEntityOfPage":{"@id":"https:\/\/brasilnoticias.org\/site\/disputa-interna-na-oposicao-novos-nomes-para-al-ba-geram-desconforto-em-redutos-eleitorais-na-bahia\/"},"wordCount":354,"commentCount":0,"publisher":{"@id":"https:\/\/brasilnoticias.org\/site\/#organization"},"image":{"@id":"https:\/\/brasilnoticias.org\/site\/disputa-interna-na-oposicao-novos-nomes-para-al-ba-geram-desconforto-em-redutos-eleitorais-na-bahia\/#primaryimage"},"thumbnailUrl":"https:\/\/brasilnoticias.org\/site\/wp-content\/uploads\/2026\/04\/IMAGEM_NOTICIA_9-5.webp","articleSection":["Pol\u00edtica","\u00daltimas"],"inLanguage":"pt-PT","potentialAction":[{"@type":"CommentAction","name":"Comment","target":["https:\/\/brasilnoticias.org\/site\/disputa-interna-na-oposicao-novos-nomes-para-al-ba-geram-desconforto-em-redutos-eleitorais-na-bahia\/#respond"]}]},{"@type":"WebPage","@id":"https:\/\/brasilnoticias.org\/site\/disputa-interna-na-oposicao-novos-nomes-para-al-ba-geram-desconforto-em-redutos-eleitorais-na-bahia\/","url":"https:\/\/brasilnoticias.org\/site\/disputa-interna-na-oposicao-novos-nomes-para-al-ba-geram-desconforto-em-redutos-eleitorais-na-bahia\/","name":"Disputa interna na oposi\u00e7\u00e3o: novos nomes para AL-BA geram desconforto em redutos eleitorais na Bahia - Brasil not\u00edcias","isPartOf":{"@id":"https:\/\/brasilnoticias.org\/site\/#website"},"primaryImageOfPage":{"@id":"https:\/\/brasilnoticias.org\/site\/disputa-interna-na-oposicao-novos-nomes-para-al-ba-geram-desconforto-em-redutos-eleitorais-na-bahia\/#primaryimage"},"image":{"@id":"https:\/\/brasilnoticias.org\/site\/disputa-interna-na-oposicao-novos-nomes-para-al-ba-geram-desconforto-em-redutos-eleitorais-na-bahia\/#primaryimage"},"thumbnailUrl":"https:\/\/brasilnoticias.org\/site\/wp-content\/uploads\/2026\/04\/IMAGEM_NOTICIA_9-5.webp","datePublished":"2026-04-17T09:37:30+00:00","breadcrumb":{"@id":"https:\/\/brasilnoticias.org\/site\/disputa-interna-na-oposicao-novos-nomes-para-al-ba-geram-desconforto-em-redutos-eleitorais-na-bahia\/#breadcrumb"},"inLanguage":"pt-PT","potentialAction":[{"@type":"ReadAction","target":["https:\/\/brasilnoticias.org\/site\/disputa-interna-na-oposicao-novos-nomes-para-al-ba-geram-desconforto-em-redutos-eleitorais-na-bahia\/"]}]},{"@type":"ImageObject","inLanguage":"pt-PT","@id":"https:\/\/brasilnoticias.org\/site\/disputa-interna-na-oposicao-novos-nomes-para-al-ba-geram-desconforto-em-redutos-eleitorais-na-bahia\/#primaryimage","url":"https:\/\/brasilnoticias.org\/site\/wp-content\/uploads\/2026\/04\/IMAGEM_NOTICIA_9-5.webp","contentUrl":"https:\/\/brasilnoticias.org\/site\/wp-content\/uploads\/2026\/04\/IMAGEM_NOTICIA_9-5.webp","width":1200,"height":630,"caption":"Foto: Divulga\u00e7\u00e3o"},{"@type":"BreadcrumbList","@id":"https:\/\/brasilnoticias.org\/site\/disputa-interna-na-oposicao-novos-nomes-para-al-ba-geram-desconforto-em-redutos-eleitorais-na-bahia\/#breadcrumb","itemListElement":[{"@type":"ListItem","position":1,"name":"In\u00edcio","item":"https:\/\/brasilnoticias.org\/site\/"},{"@type":"ListItem","position":2,"name":"Disputa interna na oposi\u00e7\u00e3o: novos nomes para AL-BA geram desconforto em redutos eleitorais na Bahia"}]},{"@type":"WebSite","@id":"https:\/\/brasilnoticias.org\/site\/#website","url":"https:\/\/brasilnoticias.org\/site\/","name":"Brasil not\u00edcias","description":"Brasil not\u00edcias","publisher":{"@id":"https:\/\/brasilnoticias.org\/site\/#organization"},"potentialAction":[{"@type":"SearchAction","target":{"@type":"EntryPoint","urlTemplate":"https:\/\/brasilnoticias.org\/site\/?s={search_term_string}"},"query-input":{"@type":"PropertyValueSpecification","valueRequired":true,"valueName":"search_term_string"}}],"inLanguage":"pt-PT"},{"@type":"Organization","@id":"https:\/\/brasilnoticias.org\/site\/#organization","name":"Brasil not\u00edcias","url":"https:\/\/brasilnoticias.org\/site\/","logo":{"@type":"ImageObject","inLanguage":"pt-PT","@id":"https:\/\/brasilnoticias.org\/site\/#\/schema\/logo\/image\/","url":"https:\/\/brasilnoticias.org\/site\/wp-content\/uploads\/2022\/05\/cropped-brasilnoticias-mini.jpg","contentUrl":"https:\/\/brasilnoticias.org\/site\/wp-content\/uploads\/2022\/05\/cropped-brasilnoticias-mini.jpg","width":314,"height":86,"caption":"Brasil not\u00edcias"},"image":{"@id":"https:\/\/brasilnoticias.org\/site\/#\/schema\/logo\/image\/"}},{"@type":"Person","@id":"https:\/\/brasilnoticias.org\/site\/#\/schema\/person\/03bbbfe6c7634ad18c26444ea39049fa","name":"Reda\u00e7\u00e3o","image":{"@type":"ImageObject","inLanguage":"pt-PT","@id":"https:\/\/brasilnoticias.org\/site\/#\/schema\/person\/image\/","url":"https:\/\/secure.gravatar.com\/avatar\/9ecaf7327a696cb23ad926fedded5f1f04d7049de9e445375d55b48c001a6e42?s=96&d=mm&r=g","contentUrl":"https:\/\/secure.gravatar.com\/avatar\/9ecaf7327a696cb23ad926fedded5f1f04d7049de9e445375d55b48c001a6e42?s=96&d=mm&r=g","caption":"Reda\u00e7\u00e3o"},"url":"https:\/\/brasilnoticias.org\/site\/author\/henrique\/"}]}},"_links":{"self":[{"href":"https:\/\/brasilnoticias.org\/site\/wp-json\/wp\/v2\/posts\/21621","targetHints":{"allow":["GET"]}}],"collection":[{"href":"https:\/\/brasilnoticias.org\/site\/wp-json\/wp\/v2\/posts"}],"about":[{"href":"https:\/\/brasilnoticias.org\/site\/wp-json\/wp\/v2\/types\/post"}],"author":[{"embeddable":true,"href":"https:\/\/brasilnoticias.org\/site\/wp-json\/wp\/v2\/users\/4"}],"replies":[{"embeddable":true,"href":"https:\/\/brasilnoticias.org\/site\/wp-json\/wp\/v2\/comments?post=21621"}],"version-history":[{"count":1,"href":"https:\/\/brasilnoticias.org\/site\/wp-json\/wp\/v2\/posts\/21621\/revisions"}],"predecessor-version":[{"id":21623,"href":"https:\/\/brasilnoticias.org\/site\/wp-json\/wp\/v2\/posts\/21621\/revisions\/21623"}],"wp:featuredmedia":[{"embeddable":true,"href":"https:\/\/brasilnoticias.org\/site\/wp-json\/wp\/v2\/media\/21622"}],"wp:attachment":[{"href":"https:\/\/brasilnoticias.org\/site\/wp-json\/wp\/v2\/media?parent=21621"}],"wp:term":[{"taxonomy":"category","embeddable":true,"href":"https:\/\/brasilnoticias.org\/site\/wp-json\/wp\/v2\/categories?post=21621"},{"taxonomy":"post_tag","embeddable":true,"href":"https:\/\/brasilnoticias.org\/site\/wp-json\/wp\/v2\/tags?post=21621"}],"curies":[{"name":"wp","href":"https:\/\/api.w.org\/{rel}","templated":true}]}}