{"id":21624,"date":"2026-04-17T06:45:49","date_gmt":"2026-04-17T09:45:49","guid":{"rendered":"https:\/\/brasilnoticias.org\/site\/?p=21624"},"modified":"2026-04-17T06:45:49","modified_gmt":"2026-04-17T09:45:49","slug":"maioria-dos-brasileiros-quer-neymar-na-copa-de-2026-aponta-datafolha","status":"publish","type":"post","link":"https:\/\/brasilnoticias.org\/site\/maioria-dos-brasileiros-quer-neymar-na-copa-de-2026-aponta-datafolha\/","title":{"rendered":"Maioria dos brasileiros quer Neymar na Copa de 2026, aponta Datafolha"},"content":{"rendered":"<p data-start=\"196\" data-end=\"476\">Uma pesquisa recente do instituto Datafolha revelou que a maioria dos brasileiros \u00e9 favor\u00e1vel \u00e0 convoca\u00e7\u00e3o de <span class=\"hover:entity-accent entity-underline inline cursor-pointer align-baseline\"><span class=\"whitespace-normal\">Neymar<\/span><\/span> para a Copa do Mundo de 2026. O levantamento mostra que 53% da popula\u00e7\u00e3o deseja ver o atacante na lista final da Sele\u00e7\u00e3o Brasileira.<\/p>\n<p data-start=\"478\" data-end=\"809\">Por outro lado, 34% dos entrevistados se posicionaram contra a convoca\u00e7\u00e3o do jogador, enquanto 8% se disseram indiferentes e 5% n\u00e3o souberam opinar. A pesquisa foi realizada entre os dias 7 e 9 de abril, ouvindo 2.004 pessoas em 137 munic\u00edpios, com margem de erro de dois pontos percentuais.<\/p>\n<p data-start=\"811\" data-end=\"1168\">O debate sobre a presen\u00e7a do craque ganha for\u00e7a \u00e0s v\u00e9speras da convoca\u00e7\u00e3o oficial da <span class=\"hover:entity-accent entity-underline inline cursor-pointer align-baseline\"><span class=\"whitespace-normal\">Sele\u00e7\u00e3o Brasileira de Futebol<\/span><\/span> para o Mundial, que ser\u00e1 feita pelo t\u00e9cnico <span class=\"hover:entity-accent entity-underline inline cursor-pointer align-baseline\"><span class=\"whitespace-normal\">Carlo Ancelotti<\/span><\/span>. A expectativa \u00e9 grande, principalmente pelo hist\u00f3rico do jogador e sua import\u00e2ncia na equipe ao longo dos anos.<\/p>\n<p data-start=\"1170\" data-end=\"1440\">Apesar do apoio popular, a presen\u00e7a de Neymar ainda \u00e9 incerta. O atacante n\u00e3o atua pela sele\u00e7\u00e3o desde 2023, quando sofreu uma grave les\u00e3o no joelho, e desde ent\u00e3o enfrenta dificuldades para manter sequ\u00eancia de jogos em alto n\u00edvel.<\/p>\n<p data-start=\"1442\" data-end=\"1771\">Mesmo assim, o desempenho recente e o peso de seu nome seguem colocando o jogador no centro das discuss\u00f5es. A proximidade da Copa do Mundo \u2014 que ser\u00e1 realizada nos Estados Unidos, M\u00e9xico e Canad\u00e1 \u2014 aumenta a press\u00e3o sobre a comiss\u00e3o t\u00e9cnica para definir se o camisa 10 far\u00e1 parte do grupo.<\/p>\n<p data-start=\"1773\" data-end=\"2031\">A pesquisa tamb\u00e9m indica uma mudan\u00e7a na percep\u00e7\u00e3o do p\u00fablico em rela\u00e7\u00e3o ao jogador. Em levantamento anterior, o apoio \u00e0 convoca\u00e7\u00e3o era menor, mostrando que a confian\u00e7a do torcedor brasileiro em Neymar voltou a crescer.<\/p>\n","protected":false},"excerpt":{"rendered":"<p>Uma pesquisa recente do instituto Datafolha revelou que a maioria dos brasileiros \u00e9 favor\u00e1vel \u00e0 convoca\u00e7\u00e3o de Neymar para a<\/p>\n","protected":false},"author":4,"featured_media":21626,"comment_status":"open","ping_status":"open","sticky":false,"template":"","format":"standard","meta":{"colormag_page_container_layout":"default_layout","colormag_page_sidebar_layout":"default_layout","_FSMCFIC_featured_image_caption":"","_FSMCFIC_featured_image_nocaption":"","_FSMCFIC_featured_image_hide":"","footnotes":""},"categories":[4,1],"tags":[],"class_list":["post-21624","post","type-post","status-publish","format-standard","has-post-thumbnail","hentry","category-esporte","category-ultimas"],"yoast_head":"<!-- This site is optimized with the Yoast SEO plugin v27.1.1 - https:\/\/yoast.com\/product\/yoast-seo-wordpress\/ -->\n<title>Maioria dos brasileiros quer Neymar na Copa de 2026, aponta Datafolha - Brasil not\u00edcias<\/title>\n<meta name=\"robots\" content=\"index, follow, max-snippet:-1, max-image-preview:large, max-video-preview:-1\" \/>\n<link rel=\"canonical\" href=\"https:\/\/brasilnoticias.org\/site\/maioria-dos-brasileiros-quer-neymar-na-copa-de-2026-aponta-datafolha\/\" \/>\n<meta property=\"og:locale\" content=\"pt_PT\" \/>\n<meta property=\"og:type\" content=\"article\" \/>\n<meta property=\"og:title\" content=\"Maioria dos brasileiros quer Neymar na Copa de 2026, aponta Datafolha - Brasil not\u00edcias\" \/>\n<meta property=\"og:description\" content=\"Uma pesquisa recente do instituto Datafolha revelou que a maioria dos brasileiros \u00e9 favor\u00e1vel \u00e0 convoca\u00e7\u00e3o de Neymar para a\" \/>\n<meta property=\"og:url\" content=\"https:\/\/brasilnoticias.org\/site\/maioria-dos-brasileiros-quer-neymar-na-copa-de-2026-aponta-datafolha\/\" \/>\n<meta property=\"og:site_name\" content=\"Brasil not\u00edcias\" \/>\n<meta property=\"article:published_time\" content=\"2026-04-17T09:45:49+00:00\" \/>\n<meta property=\"og:image\" content=\"https:\/\/brasilnoticias.org\/site\/wp-content\/uploads\/2026\/04\/IMAGEM_NOTICIA_9-1-1.webp\" \/>\n\t<meta property=\"og:image:width\" content=\"1200\" \/>\n\t<meta property=\"og:image:height\" content=\"630\" \/>\n\t<meta property=\"og:image:type\" content=\"image\/webp\" \/>\n<meta name=\"author\" content=\"Reda\u00e7\u00e3o\" \/>\n<meta name=\"twitter:card\" content=\"summary_large_image\" \/>\n<meta name=\"twitter:label1\" content=\"Escrito por\" \/>\n\t<meta name=\"twitter:data1\" content=\"Reda\u00e7\u00e3o\" \/>\n\t<meta name=\"twitter:label2\" content=\"Tempo estimado de leitura\" \/>\n\t<meta name=\"twitter:data2\" content=\"2 minutos\" \/>\n<script type=\"application\/ld+json\" class=\"yoast-schema-graph\">{\"@context\":\"https:\/\/schema.org\",\"@graph\":[{\"@type\":\"Article\",\"@id\":\"https:\/\/brasilnoticias.org\/site\/maioria-dos-brasileiros-quer-neymar-na-copa-de-2026-aponta-datafolha\/#article\",\"isPartOf\":{\"@id\":\"https:\/\/brasilnoticias.org\/site\/maioria-dos-brasileiros-quer-neymar-na-copa-de-2026-aponta-datafolha\/\"},\"author\":{\"name\":\"Reda\u00e7\u00e3o\",\"@id\":\"https:\/\/brasilnoticias.org\/site\/#\/schema\/person\/03bbbfe6c7634ad18c26444ea39049fa\"},\"headline\":\"Maioria dos brasileiros quer Neymar na Copa de 2026, aponta Datafolha\",\"datePublished\":\"2026-04-17T09:45:49+00:00\",\"mainEntityOfPage\":{\"@id\":\"https:\/\/brasilnoticias.org\/site\/maioria-dos-brasileiros-quer-neymar-na-copa-de-2026-aponta-datafolha\/\"},\"wordCount\":291,\"commentCount\":0,\"publisher\":{\"@id\":\"https:\/\/brasilnoticias.org\/site\/#organization\"},\"image\":{\"@id\":\"https:\/\/brasilnoticias.org\/site\/maioria-dos-brasileiros-quer-neymar-na-copa-de-2026-aponta-datafolha\/#primaryimage\"},\"thumbnailUrl\":\"https:\/\/brasilnoticias.org\/site\/wp-content\/uploads\/2026\/04\/IMAGEM_NOTICIA_9-1-1.webp\",\"articleSection\":[\"Esporte\",\"\u00daltimas\"],\"inLanguage\":\"pt-PT\",\"potentialAction\":[{\"@type\":\"CommentAction\",\"name\":\"Comment\",\"target\":[\"https:\/\/brasilnoticias.org\/site\/maioria-dos-brasileiros-quer-neymar-na-copa-de-2026-aponta-datafolha\/#respond\"]}]},{\"@type\":\"WebPage\",\"@id\":\"https:\/\/brasilnoticias.org\/site\/maioria-dos-brasileiros-quer-neymar-na-copa-de-2026-aponta-datafolha\/\",\"url\":\"https:\/\/brasilnoticias.org\/site\/maioria-dos-brasileiros-quer-neymar-na-copa-de-2026-aponta-datafolha\/\",\"name\":\"Maioria dos brasileiros quer Neymar na Copa de 2026, aponta Datafolha - Brasil not\u00edcias\",\"isPartOf\":{\"@id\":\"https:\/\/brasilnoticias.org\/site\/#website\"},\"primaryImageOfPage\":{\"@id\":\"https:\/\/brasilnoticias.org\/site\/maioria-dos-brasileiros-quer-neymar-na-copa-de-2026-aponta-datafolha\/#primaryimage\"},\"image\":{\"@id\":\"https:\/\/brasilnoticias.org\/site\/maioria-dos-brasileiros-quer-neymar-na-copa-de-2026-aponta-datafolha\/#primaryimage\"},\"thumbnailUrl\":\"https:\/\/brasilnoticias.org\/site\/wp-content\/uploads\/2026\/04\/IMAGEM_NOTICIA_9-1-1.webp\",\"datePublished\":\"2026-04-17T09:45:49+00:00\",\"breadcrumb\":{\"@id\":\"https:\/\/brasilnoticias.org\/site\/maioria-dos-brasileiros-quer-neymar-na-copa-de-2026-aponta-datafolha\/#breadcrumb\"},\"inLanguage\":\"pt-PT\",\"potentialAction\":[{\"@type\":\"ReadAction\",\"target\":[\"https:\/\/brasilnoticias.org\/site\/maioria-dos-brasileiros-quer-neymar-na-copa-de-2026-aponta-datafolha\/\"]}]},{\"@type\":\"ImageObject\",\"inLanguage\":\"pt-PT\",\"@id\":\"https:\/\/brasilnoticias.org\/site\/maioria-dos-brasileiros-quer-neymar-na-copa-de-2026-aponta-datafolha\/#primaryimage\",\"url\":\"https:\/\/brasilnoticias.org\/site\/wp-content\/uploads\/2026\/04\/IMAGEM_NOTICIA_9-1-1.webp\",\"contentUrl\":\"https:\/\/brasilnoticias.org\/site\/wp-content\/uploads\/2026\/04\/IMAGEM_NOTICIA_9-1-1.webp\",\"width\":1200,\"height\":630,\"caption\":\"Foto: Lucas Figueiredo\/CBF\"},{\"@type\":\"BreadcrumbList\",\"@id\":\"https:\/\/brasilnoticias.org\/site\/maioria-dos-brasileiros-quer-neymar-na-copa-de-2026-aponta-datafolha\/#breadcrumb\",\"itemListElement\":[{\"@type\":\"ListItem\",\"position\":1,\"name\":\"In\u00edcio\",\"item\":\"https:\/\/brasilnoticias.org\/site\/\"},{\"@type\":\"ListItem\",\"position\":2,\"name\":\"Maioria dos brasileiros quer Neymar na Copa de 2026, aponta Datafolha\"}]},{\"@type\":\"WebSite\",\"@id\":\"https:\/\/brasilnoticias.org\/site\/#website\",\"url\":\"https:\/\/brasilnoticias.org\/site\/\",\"name\":\"Brasil not\u00edcias\",\"description\":\"Brasil not\u00edcias\",\"publisher\":{\"@id\":\"https:\/\/brasilnoticias.org\/site\/#organization\"},\"potentialAction\":[{\"@type\":\"SearchAction\",\"target\":{\"@type\":\"EntryPoint\",\"urlTemplate\":\"https:\/\/brasilnoticias.org\/site\/?s={search_term_string}\"},\"query-input\":{\"@type\":\"PropertyValueSpecification\",\"valueRequired\":true,\"valueName\":\"search_term_string\"}}],\"inLanguage\":\"pt-PT\"},{\"@type\":\"Organization\",\"@id\":\"https:\/\/brasilnoticias.org\/site\/#organization\",\"name\":\"Brasil not\u00edcias\",\"url\":\"https:\/\/brasilnoticias.org\/site\/\",\"logo\":{\"@type\":\"ImageObject\",\"inLanguage\":\"pt-PT\",\"@id\":\"https:\/\/brasilnoticias.org\/site\/#\/schema\/logo\/image\/\",\"url\":\"https:\/\/brasilnoticias.org\/site\/wp-content\/uploads\/2022\/05\/cropped-brasilnoticias-mini.jpg\",\"contentUrl\":\"https:\/\/brasilnoticias.org\/site\/wp-content\/uploads\/2022\/05\/cropped-brasilnoticias-mini.jpg\",\"width\":314,\"height\":86,\"caption\":\"Brasil not\u00edcias\"},\"image\":{\"@id\":\"https:\/\/brasilnoticias.org\/site\/#\/schema\/logo\/image\/\"}},{\"@type\":\"Person\",\"@id\":\"https:\/\/brasilnoticias.org\/site\/#\/schema\/person\/03bbbfe6c7634ad18c26444ea39049fa\",\"name\":\"Reda\u00e7\u00e3o\",\"image\":{\"@type\":\"ImageObject\",\"inLanguage\":\"pt-PT\",\"@id\":\"https:\/\/brasilnoticias.org\/site\/#\/schema\/person\/image\/\",\"url\":\"https:\/\/secure.gravatar.com\/avatar\/9ecaf7327a696cb23ad926fedded5f1f04d7049de9e445375d55b48c001a6e42?s=96&d=mm&r=g\",\"contentUrl\":\"https:\/\/secure.gravatar.com\/avatar\/9ecaf7327a696cb23ad926fedded5f1f04d7049de9e445375d55b48c001a6e42?s=96&d=mm&r=g\",\"caption\":\"Reda\u00e7\u00e3o\"},\"url\":\"https:\/\/brasilnoticias.org\/site\/author\/henrique\/\"}]}<\/script>\n<!-- \/ Yoast SEO plugin. -->","yoast_head_json":{"title":"Maioria dos brasileiros quer Neymar na Copa de 2026, aponta Datafolha - Brasil not\u00edcias","robots":{"index":"index","follow":"follow","max-snippet":"max-snippet:-1","max-image-preview":"max-image-preview:large","max-video-preview":"max-video-preview:-1"},"canonical":"https:\/\/brasilnoticias.org\/site\/maioria-dos-brasileiros-quer-neymar-na-copa-de-2026-aponta-datafolha\/","og_locale":"pt_PT","og_type":"article","og_title":"Maioria dos brasileiros quer Neymar na Copa de 2026, aponta Datafolha - Brasil not\u00edcias","og_description":"Uma pesquisa recente do instituto Datafolha revelou que a maioria dos brasileiros \u00e9 favor\u00e1vel \u00e0 convoca\u00e7\u00e3o de Neymar para a","og_url":"https:\/\/brasilnoticias.org\/site\/maioria-dos-brasileiros-quer-neymar-na-copa-de-2026-aponta-datafolha\/","og_site_name":"Brasil not\u00edcias","article_published_time":"2026-04-17T09:45:49+00:00","og_image":[{"width":1200,"height":630,"url":"https:\/\/brasilnoticias.org\/site\/wp-content\/uploads\/2026\/04\/IMAGEM_NOTICIA_9-1-1.webp","type":"image\/webp"}],"author":"Reda\u00e7\u00e3o","twitter_card":"summary_large_image","twitter_misc":{"Escrito por":"Reda\u00e7\u00e3o","Tempo estimado de leitura":"2 minutos"},"schema":{"@context":"https:\/\/schema.org","@graph":[{"@type":"Article","@id":"https:\/\/brasilnoticias.org\/site\/maioria-dos-brasileiros-quer-neymar-na-copa-de-2026-aponta-datafolha\/#article","isPartOf":{"@id":"https:\/\/brasilnoticias.org\/site\/maioria-dos-brasileiros-quer-neymar-na-copa-de-2026-aponta-datafolha\/"},"author":{"name":"Reda\u00e7\u00e3o","@id":"https:\/\/brasilnoticias.org\/site\/#\/schema\/person\/03bbbfe6c7634ad18c26444ea39049fa"},"headline":"Maioria dos brasileiros quer Neymar na Copa de 2026, aponta Datafolha","datePublished":"2026-04-17T09:45:49+00:00","mainEntityOfPage":{"@id":"https:\/\/brasilnoticias.org\/site\/maioria-dos-brasileiros-quer-neymar-na-copa-de-2026-aponta-datafolha\/"},"wordCount":291,"commentCount":0,"publisher":{"@id":"https:\/\/brasilnoticias.org\/site\/#organization"},"image":{"@id":"https:\/\/brasilnoticias.org\/site\/maioria-dos-brasileiros-quer-neymar-na-copa-de-2026-aponta-datafolha\/#primaryimage"},"thumbnailUrl":"https:\/\/brasilnoticias.org\/site\/wp-content\/uploads\/2026\/04\/IMAGEM_NOTICIA_9-1-1.webp","articleSection":["Esporte","\u00daltimas"],"inLanguage":"pt-PT","potentialAction":[{"@type":"CommentAction","name":"Comment","target":["https:\/\/brasilnoticias.org\/site\/maioria-dos-brasileiros-quer-neymar-na-copa-de-2026-aponta-datafolha\/#respond"]}]},{"@type":"WebPage","@id":"https:\/\/brasilnoticias.org\/site\/maioria-dos-brasileiros-quer-neymar-na-copa-de-2026-aponta-datafolha\/","url":"https:\/\/brasilnoticias.org\/site\/maioria-dos-brasileiros-quer-neymar-na-copa-de-2026-aponta-datafolha\/","name":"Maioria dos brasileiros quer Neymar na Copa de 2026, aponta Datafolha - Brasil not\u00edcias","isPartOf":{"@id":"https:\/\/brasilnoticias.org\/site\/#website"},"primaryImageOfPage":{"@id":"https:\/\/brasilnoticias.org\/site\/maioria-dos-brasileiros-quer-neymar-na-copa-de-2026-aponta-datafolha\/#primaryimage"},"image":{"@id":"https:\/\/brasilnoticias.org\/site\/maioria-dos-brasileiros-quer-neymar-na-copa-de-2026-aponta-datafolha\/#primaryimage"},"thumbnailUrl":"https:\/\/brasilnoticias.org\/site\/wp-content\/uploads\/2026\/04\/IMAGEM_NOTICIA_9-1-1.webp","datePublished":"2026-04-17T09:45:49+00:00","breadcrumb":{"@id":"https:\/\/brasilnoticias.org\/site\/maioria-dos-brasileiros-quer-neymar-na-copa-de-2026-aponta-datafolha\/#breadcrumb"},"inLanguage":"pt-PT","potentialAction":[{"@type":"ReadAction","target":["https:\/\/brasilnoticias.org\/site\/maioria-dos-brasileiros-quer-neymar-na-copa-de-2026-aponta-datafolha\/"]}]},{"@type":"ImageObject","inLanguage":"pt-PT","@id":"https:\/\/brasilnoticias.org\/site\/maioria-dos-brasileiros-quer-neymar-na-copa-de-2026-aponta-datafolha\/#primaryimage","url":"https:\/\/brasilnoticias.org\/site\/wp-content\/uploads\/2026\/04\/IMAGEM_NOTICIA_9-1-1.webp","contentUrl":"https:\/\/brasilnoticias.org\/site\/wp-content\/uploads\/2026\/04\/IMAGEM_NOTICIA_9-1-1.webp","width":1200,"height":630,"caption":"Foto: Lucas Figueiredo\/CBF"},{"@type":"BreadcrumbList","@id":"https:\/\/brasilnoticias.org\/site\/maioria-dos-brasileiros-quer-neymar-na-copa-de-2026-aponta-datafolha\/#breadcrumb","itemListElement":[{"@type":"ListItem","position":1,"name":"In\u00edcio","item":"https:\/\/brasilnoticias.org\/site\/"},{"@type":"ListItem","position":2,"name":"Maioria dos brasileiros quer Neymar na Copa de 2026, aponta Datafolha"}]},{"@type":"WebSite","@id":"https:\/\/brasilnoticias.org\/site\/#website","url":"https:\/\/brasilnoticias.org\/site\/","name":"Brasil not\u00edcias","description":"Brasil not\u00edcias","publisher":{"@id":"https:\/\/brasilnoticias.org\/site\/#organization"},"potentialAction":[{"@type":"SearchAction","target":{"@type":"EntryPoint","urlTemplate":"https:\/\/brasilnoticias.org\/site\/?s={search_term_string}"},"query-input":{"@type":"PropertyValueSpecification","valueRequired":true,"valueName":"search_term_string"}}],"inLanguage":"pt-PT"},{"@type":"Organization","@id":"https:\/\/brasilnoticias.org\/site\/#organization","name":"Brasil not\u00edcias","url":"https:\/\/brasilnoticias.org\/site\/","logo":{"@type":"ImageObject","inLanguage":"pt-PT","@id":"https:\/\/brasilnoticias.org\/site\/#\/schema\/logo\/image\/","url":"https:\/\/brasilnoticias.org\/site\/wp-content\/uploads\/2022\/05\/cropped-brasilnoticias-mini.jpg","contentUrl":"https:\/\/brasilnoticias.org\/site\/wp-content\/uploads\/2022\/05\/cropped-brasilnoticias-mini.jpg","width":314,"height":86,"caption":"Brasil not\u00edcias"},"image":{"@id":"https:\/\/brasilnoticias.org\/site\/#\/schema\/logo\/image\/"}},{"@type":"Person","@id":"https:\/\/brasilnoticias.org\/site\/#\/schema\/person\/03bbbfe6c7634ad18c26444ea39049fa","name":"Reda\u00e7\u00e3o","image":{"@type":"ImageObject","inLanguage":"pt-PT","@id":"https:\/\/brasilnoticias.org\/site\/#\/schema\/person\/image\/","url":"https:\/\/secure.gravatar.com\/avatar\/9ecaf7327a696cb23ad926fedded5f1f04d7049de9e445375d55b48c001a6e42?s=96&d=mm&r=g","contentUrl":"https:\/\/secure.gravatar.com\/avatar\/9ecaf7327a696cb23ad926fedded5f1f04d7049de9e445375d55b48c001a6e42?s=96&d=mm&r=g","caption":"Reda\u00e7\u00e3o"},"url":"https:\/\/brasilnoticias.org\/site\/author\/henrique\/"}]}},"_links":{"self":[{"href":"https:\/\/brasilnoticias.org\/site\/wp-json\/wp\/v2\/posts\/21624","targetHints":{"allow":["GET"]}}],"collection":[{"href":"https:\/\/brasilnoticias.org\/site\/wp-json\/wp\/v2\/posts"}],"about":[{"href":"https:\/\/brasilnoticias.org\/site\/wp-json\/wp\/v2\/types\/post"}],"author":[{"embeddable":true,"href":"https:\/\/brasilnoticias.org\/site\/wp-json\/wp\/v2\/users\/4"}],"replies":[{"embeddable":true,"href":"https:\/\/brasilnoticias.org\/site\/wp-json\/wp\/v2\/comments?post=21624"}],"version-history":[{"count":1,"href":"https:\/\/brasilnoticias.org\/site\/wp-json\/wp\/v2\/posts\/21624\/revisions"}],"predecessor-version":[{"id":21627,"href":"https:\/\/brasilnoticias.org\/site\/wp-json\/wp\/v2\/posts\/21624\/revisions\/21627"}],"wp:featuredmedia":[{"embeddable":true,"href":"https:\/\/brasilnoticias.org\/site\/wp-json\/wp\/v2\/media\/21626"}],"wp:attachment":[{"href":"https:\/\/brasilnoticias.org\/site\/wp-json\/wp\/v2\/media?parent=21624"}],"wp:term":[{"taxonomy":"category","embeddable":true,"href":"https:\/\/brasilnoticias.org\/site\/wp-json\/wp\/v2\/categories?post=21624"},{"taxonomy":"post_tag","embeddable":true,"href":"https:\/\/brasilnoticias.org\/site\/wp-json\/wp\/v2\/tags?post=21624"}],"curies":[{"name":"wp","href":"https:\/\/api.w.org\/{rel}","templated":true}]}}