{"id":21629,"date":"2026-04-17T06:57:17","date_gmt":"2026-04-17T09:57:17","guid":{"rendered":"https:\/\/brasilnoticias.org\/site\/?p=21629"},"modified":"2026-04-17T06:57:17","modified_gmt":"2026-04-17T09:57:17","slug":"criticas-de-lula-a-trump-ganham-destaque-na-capa-da-imprensa-espanhola","status":"publish","type":"post","link":"https:\/\/brasilnoticias.org\/site\/criticas-de-lula-a-trump-ganham-destaque-na-capa-da-imprensa-espanhola\/","title":{"rendered":"Cr\u00edticas de Lula a Trump ganham destaque na capa da imprensa espanhola"},"content":{"rendered":"<p data-start=\"196\" data-end=\"472\">As declara\u00e7\u00f5es do presidente <span class=\"hover:entity-accent entity-underline inline cursor-pointer align-baseline\"><span class=\"whitespace-normal\">Luiz In\u00e1cio Lula da Silva<\/span><\/span> sobre o presidente dos Estados Unidos, <span class=\"hover:entity-accent entity-underline inline cursor-pointer align-baseline\"><span class=\"whitespace-normal\">Donald Trump<\/span><\/span>, repercutiram internacionalmente e chegaram \u00e0 capa de um dos principais jornais da Espanha, o <span class=\"hover:entity-accent entity-underline inline cursor-pointer align-baseline\"><span class=\"whitespace-normal\">El Pa\u00eds<\/span><\/span>.<\/p>\n<p data-start=\"474\" data-end=\"864\">Durante entrevista ao ve\u00edculo europeu, Lula adotou um tom firme ao criticar a postura de Trump na pol\u00edtica internacional. O presidente brasileiro afirmou que o l\u00edder norte-americano \u201cn\u00e3o tem o direito de acordar de manh\u00e3 e amea\u00e7ar um pa\u00eds\u201d, refor\u00e7ando a necessidade de responsabilidade no exerc\u00edcio do poder e na condu\u00e7\u00e3o das rela\u00e7\u00f5es internacionais.<\/p>\n<p data-start=\"866\" data-end=\"1208\">A fala foi destaque na capa do jornal espanhol, evidenciando a relev\u00e2ncia das declara\u00e7\u00f5es no cen\u00e1rio global. A entrevista abordou principalmente a atua\u00e7\u00e3o dos Estados Unidos em conflitos internacionais, al\u00e9m de cr\u00edticas ao que Lula considera uma postura agressiva e unilateral em decis\u00f5es geopol\u00edticas.<\/p>\n<p data-start=\"1210\" data-end=\"1500\">Al\u00e9m disso, o presidente brasileiro defendeu maior compromisso com a paz mundial e o fortalecimento de institui\u00e7\u00f5es multilaterais, destacando que l\u00edderes globais devem atuar com equil\u00edbrio e di\u00e1logo, especialmente em momentos de tens\u00e3o internacional.<\/p>\n<p data-start=\"1502\" data-end=\"1694\">A repercuss\u00e3o internacional refor\u00e7a o peso pol\u00edtico do Brasil no debate global e mostra como posicionamentos do governo brasileiro seguem sendo acompanhados de perto pela imprensa estrangeira.<\/p>\n","protected":false},"excerpt":{"rendered":"<p>As declara\u00e7\u00f5es do presidente Luiz In\u00e1cio Lula da Silva sobre o presidente dos Estados Unidos, Donald Trump, repercutiram internacionalmente e<\/p>\n","protected":false},"author":4,"featured_media":21630,"comment_status":"open","ping_status":"open","sticky":false,"template":"","format":"standard","meta":{"colormag_page_container_layout":"default_layout","colormag_page_sidebar_layout":"default_layout","_FSMCFIC_featured_image_caption":"","_FSMCFIC_featured_image_nocaption":"","_FSMCFIC_featured_image_hide":"","footnotes":""},"categories":[6,1],"tags":[],"class_list":["post-21629","post","type-post","status-publish","format-standard","has-post-thumbnail","hentry","category-mundo","category-ultimas"],"yoast_head":"<!-- This site is optimized with the Yoast SEO plugin v27.1.1 - https:\/\/yoast.com\/product\/yoast-seo-wordpress\/ -->\n<title>Cr\u00edticas de Lula a Trump ganham destaque na capa da imprensa espanhola - Brasil not\u00edcias<\/title>\n<meta name=\"robots\" content=\"index, follow, max-snippet:-1, max-image-preview:large, max-video-preview:-1\" \/>\n<link rel=\"canonical\" href=\"https:\/\/brasilnoticias.org\/site\/criticas-de-lula-a-trump-ganham-destaque-na-capa-da-imprensa-espanhola\/\" \/>\n<meta property=\"og:locale\" content=\"pt_PT\" \/>\n<meta property=\"og:type\" content=\"article\" \/>\n<meta property=\"og:title\" content=\"Cr\u00edticas de Lula a Trump ganham destaque na capa da imprensa espanhola - Brasil not\u00edcias\" \/>\n<meta property=\"og:description\" content=\"As declara\u00e7\u00f5es do presidente Luiz In\u00e1cio Lula da Silva sobre o presidente dos Estados Unidos, Donald Trump, repercutiram internacionalmente e\" \/>\n<meta property=\"og:url\" content=\"https:\/\/brasilnoticias.org\/site\/criticas-de-lula-a-trump-ganham-destaque-na-capa-da-imprensa-espanhola\/\" \/>\n<meta property=\"og:site_name\" content=\"Brasil not\u00edcias\" \/>\n<meta property=\"article:published_time\" content=\"2026-04-17T09:57:17+00:00\" \/>\n<meta property=\"og:image\" content=\"https:\/\/brasilnoticias.org\/site\/wp-content\/uploads\/2026\/04\/181143critica-de-lula-a-trump-e-destaque-de-capa-na-imprensa-espanhola-3.jpg\" \/>\n\t<meta property=\"og:image:width\" content=\"1600\" \/>\n\t<meta property=\"og:image:height\" content=\"752\" \/>\n\t<meta property=\"og:image:type\" content=\"image\/jpeg\" \/>\n<meta name=\"author\" content=\"Reda\u00e7\u00e3o\" \/>\n<meta name=\"twitter:card\" content=\"summary_large_image\" \/>\n<meta name=\"twitter:label1\" content=\"Escrito por\" \/>\n\t<meta name=\"twitter:data1\" content=\"Reda\u00e7\u00e3o\" \/>\n\t<meta name=\"twitter:label2\" content=\"Tempo estimado de leitura\" \/>\n\t<meta name=\"twitter:data2\" content=\"2 minutos\" \/>\n<script type=\"application\/ld+json\" class=\"yoast-schema-graph\">{\"@context\":\"https:\/\/schema.org\",\"@graph\":[{\"@type\":\"Article\",\"@id\":\"https:\/\/brasilnoticias.org\/site\/criticas-de-lula-a-trump-ganham-destaque-na-capa-da-imprensa-espanhola\/#article\",\"isPartOf\":{\"@id\":\"https:\/\/brasilnoticias.org\/site\/criticas-de-lula-a-trump-ganham-destaque-na-capa-da-imprensa-espanhola\/\"},\"author\":{\"name\":\"Reda\u00e7\u00e3o\",\"@id\":\"https:\/\/brasilnoticias.org\/site\/#\/schema\/person\/03bbbfe6c7634ad18c26444ea39049fa\"},\"headline\":\"Cr\u00edticas de Lula a Trump ganham destaque na capa da imprensa espanhola\",\"datePublished\":\"2026-04-17T09:57:17+00:00\",\"mainEntityOfPage\":{\"@id\":\"https:\/\/brasilnoticias.org\/site\/criticas-de-lula-a-trump-ganham-destaque-na-capa-da-imprensa-espanhola\/\"},\"wordCount\":234,\"commentCount\":0,\"publisher\":{\"@id\":\"https:\/\/brasilnoticias.org\/site\/#organization\"},\"image\":{\"@id\":\"https:\/\/brasilnoticias.org\/site\/criticas-de-lula-a-trump-ganham-destaque-na-capa-da-imprensa-espanhola\/#primaryimage\"},\"thumbnailUrl\":\"https:\/\/brasilnoticias.org\/site\/wp-content\/uploads\/2026\/04\/181143critica-de-lula-a-trump-e-destaque-de-capa-na-imprensa-espanhola-3.jpg\",\"articleSection\":[\"Mundo\",\"\u00daltimas\"],\"inLanguage\":\"pt-PT\",\"potentialAction\":[{\"@type\":\"CommentAction\",\"name\":\"Comment\",\"target\":[\"https:\/\/brasilnoticias.org\/site\/criticas-de-lula-a-trump-ganham-destaque-na-capa-da-imprensa-espanhola\/#respond\"]}]},{\"@type\":\"WebPage\",\"@id\":\"https:\/\/brasilnoticias.org\/site\/criticas-de-lula-a-trump-ganham-destaque-na-capa-da-imprensa-espanhola\/\",\"url\":\"https:\/\/brasilnoticias.org\/site\/criticas-de-lula-a-trump-ganham-destaque-na-capa-da-imprensa-espanhola\/\",\"name\":\"Cr\u00edticas de Lula a Trump ganham destaque na capa da imprensa espanhola - Brasil not\u00edcias\",\"isPartOf\":{\"@id\":\"https:\/\/brasilnoticias.org\/site\/#website\"},\"primaryImageOfPage\":{\"@id\":\"https:\/\/brasilnoticias.org\/site\/criticas-de-lula-a-trump-ganham-destaque-na-capa-da-imprensa-espanhola\/#primaryimage\"},\"image\":{\"@id\":\"https:\/\/brasilnoticias.org\/site\/criticas-de-lula-a-trump-ganham-destaque-na-capa-da-imprensa-espanhola\/#primaryimage\"},\"thumbnailUrl\":\"https:\/\/brasilnoticias.org\/site\/wp-content\/uploads\/2026\/04\/181143critica-de-lula-a-trump-e-destaque-de-capa-na-imprensa-espanhola-3.jpg\",\"datePublished\":\"2026-04-17T09:57:17+00:00\",\"breadcrumb\":{\"@id\":\"https:\/\/brasilnoticias.org\/site\/criticas-de-lula-a-trump-ganham-destaque-na-capa-da-imprensa-espanhola\/#breadcrumb\"},\"inLanguage\":\"pt-PT\",\"potentialAction\":[{\"@type\":\"ReadAction\",\"target\":[\"https:\/\/brasilnoticias.org\/site\/criticas-de-lula-a-trump-ganham-destaque-na-capa-da-imprensa-espanhola\/\"]}]},{\"@type\":\"ImageObject\",\"inLanguage\":\"pt-PT\",\"@id\":\"https:\/\/brasilnoticias.org\/site\/criticas-de-lula-a-trump-ganham-destaque-na-capa-da-imprensa-espanhola\/#primaryimage\",\"url\":\"https:\/\/brasilnoticias.org\/site\/wp-content\/uploads\/2026\/04\/181143critica-de-lula-a-trump-e-destaque-de-capa-na-imprensa-espanhola-3.jpg\",\"contentUrl\":\"https:\/\/brasilnoticias.org\/site\/wp-content\/uploads\/2026\/04\/181143critica-de-lula-a-trump-e-destaque-de-capa-na-imprensa-espanhola-3.jpg\",\"width\":1600,\"height\":752,\"caption\":\"Foto: Reprodu\u00e7\u00e3o\/El Pa\u00eds\"},{\"@type\":\"BreadcrumbList\",\"@id\":\"https:\/\/brasilnoticias.org\/site\/criticas-de-lula-a-trump-ganham-destaque-na-capa-da-imprensa-espanhola\/#breadcrumb\",\"itemListElement\":[{\"@type\":\"ListItem\",\"position\":1,\"name\":\"In\u00edcio\",\"item\":\"https:\/\/brasilnoticias.org\/site\/\"},{\"@type\":\"ListItem\",\"position\":2,\"name\":\"Cr\u00edticas de Lula a Trump ganham destaque na capa da imprensa espanhola\"}]},{\"@type\":\"WebSite\",\"@id\":\"https:\/\/brasilnoticias.org\/site\/#website\",\"url\":\"https:\/\/brasilnoticias.org\/site\/\",\"name\":\"Brasil not\u00edcias\",\"description\":\"Brasil not\u00edcias\",\"publisher\":{\"@id\":\"https:\/\/brasilnoticias.org\/site\/#organization\"},\"potentialAction\":[{\"@type\":\"SearchAction\",\"target\":{\"@type\":\"EntryPoint\",\"urlTemplate\":\"https:\/\/brasilnoticias.org\/site\/?s={search_term_string}\"},\"query-input\":{\"@type\":\"PropertyValueSpecification\",\"valueRequired\":true,\"valueName\":\"search_term_string\"}}],\"inLanguage\":\"pt-PT\"},{\"@type\":\"Organization\",\"@id\":\"https:\/\/brasilnoticias.org\/site\/#organization\",\"name\":\"Brasil not\u00edcias\",\"url\":\"https:\/\/brasilnoticias.org\/site\/\",\"logo\":{\"@type\":\"ImageObject\",\"inLanguage\":\"pt-PT\",\"@id\":\"https:\/\/brasilnoticias.org\/site\/#\/schema\/logo\/image\/\",\"url\":\"https:\/\/brasilnoticias.org\/site\/wp-content\/uploads\/2022\/05\/cropped-brasilnoticias-mini.jpg\",\"contentUrl\":\"https:\/\/brasilnoticias.org\/site\/wp-content\/uploads\/2022\/05\/cropped-brasilnoticias-mini.jpg\",\"width\":314,\"height\":86,\"caption\":\"Brasil not\u00edcias\"},\"image\":{\"@id\":\"https:\/\/brasilnoticias.org\/site\/#\/schema\/logo\/image\/\"}},{\"@type\":\"Person\",\"@id\":\"https:\/\/brasilnoticias.org\/site\/#\/schema\/person\/03bbbfe6c7634ad18c26444ea39049fa\",\"name\":\"Reda\u00e7\u00e3o\",\"image\":{\"@type\":\"ImageObject\",\"inLanguage\":\"pt-PT\",\"@id\":\"https:\/\/brasilnoticias.org\/site\/#\/schema\/person\/image\/\",\"url\":\"https:\/\/secure.gravatar.com\/avatar\/9ecaf7327a696cb23ad926fedded5f1f04d7049de9e445375d55b48c001a6e42?s=96&d=mm&r=g\",\"contentUrl\":\"https:\/\/secure.gravatar.com\/avatar\/9ecaf7327a696cb23ad926fedded5f1f04d7049de9e445375d55b48c001a6e42?s=96&d=mm&r=g\",\"caption\":\"Reda\u00e7\u00e3o\"},\"url\":\"https:\/\/brasilnoticias.org\/site\/author\/henrique\/\"}]}<\/script>\n<!-- \/ Yoast SEO plugin. -->","yoast_head_json":{"title":"Cr\u00edticas de Lula a Trump ganham destaque na capa da imprensa espanhola - Brasil not\u00edcias","robots":{"index":"index","follow":"follow","max-snippet":"max-snippet:-1","max-image-preview":"max-image-preview:large","max-video-preview":"max-video-preview:-1"},"canonical":"https:\/\/brasilnoticias.org\/site\/criticas-de-lula-a-trump-ganham-destaque-na-capa-da-imprensa-espanhola\/","og_locale":"pt_PT","og_type":"article","og_title":"Cr\u00edticas de Lula a Trump ganham destaque na capa da imprensa espanhola - Brasil not\u00edcias","og_description":"As declara\u00e7\u00f5es do presidente Luiz In\u00e1cio Lula da Silva sobre o presidente dos Estados Unidos, Donald Trump, repercutiram internacionalmente e","og_url":"https:\/\/brasilnoticias.org\/site\/criticas-de-lula-a-trump-ganham-destaque-na-capa-da-imprensa-espanhola\/","og_site_name":"Brasil not\u00edcias","article_published_time":"2026-04-17T09:57:17+00:00","og_image":[{"width":1600,"height":752,"url":"https:\/\/brasilnoticias.org\/site\/wp-content\/uploads\/2026\/04\/181143critica-de-lula-a-trump-e-destaque-de-capa-na-imprensa-espanhola-3.jpg","type":"image\/jpeg"}],"author":"Reda\u00e7\u00e3o","twitter_card":"summary_large_image","twitter_misc":{"Escrito por":"Reda\u00e7\u00e3o","Tempo estimado de leitura":"2 minutos"},"schema":{"@context":"https:\/\/schema.org","@graph":[{"@type":"Article","@id":"https:\/\/brasilnoticias.org\/site\/criticas-de-lula-a-trump-ganham-destaque-na-capa-da-imprensa-espanhola\/#article","isPartOf":{"@id":"https:\/\/brasilnoticias.org\/site\/criticas-de-lula-a-trump-ganham-destaque-na-capa-da-imprensa-espanhola\/"},"author":{"name":"Reda\u00e7\u00e3o","@id":"https:\/\/brasilnoticias.org\/site\/#\/schema\/person\/03bbbfe6c7634ad18c26444ea39049fa"},"headline":"Cr\u00edticas de Lula a Trump ganham destaque na capa da imprensa espanhola","datePublished":"2026-04-17T09:57:17+00:00","mainEntityOfPage":{"@id":"https:\/\/brasilnoticias.org\/site\/criticas-de-lula-a-trump-ganham-destaque-na-capa-da-imprensa-espanhola\/"},"wordCount":234,"commentCount":0,"publisher":{"@id":"https:\/\/brasilnoticias.org\/site\/#organization"},"image":{"@id":"https:\/\/brasilnoticias.org\/site\/criticas-de-lula-a-trump-ganham-destaque-na-capa-da-imprensa-espanhola\/#primaryimage"},"thumbnailUrl":"https:\/\/brasilnoticias.org\/site\/wp-content\/uploads\/2026\/04\/181143critica-de-lula-a-trump-e-destaque-de-capa-na-imprensa-espanhola-3.jpg","articleSection":["Mundo","\u00daltimas"],"inLanguage":"pt-PT","potentialAction":[{"@type":"CommentAction","name":"Comment","target":["https:\/\/brasilnoticias.org\/site\/criticas-de-lula-a-trump-ganham-destaque-na-capa-da-imprensa-espanhola\/#respond"]}]},{"@type":"WebPage","@id":"https:\/\/brasilnoticias.org\/site\/criticas-de-lula-a-trump-ganham-destaque-na-capa-da-imprensa-espanhola\/","url":"https:\/\/brasilnoticias.org\/site\/criticas-de-lula-a-trump-ganham-destaque-na-capa-da-imprensa-espanhola\/","name":"Cr\u00edticas de Lula a Trump ganham destaque na capa da imprensa espanhola - Brasil not\u00edcias","isPartOf":{"@id":"https:\/\/brasilnoticias.org\/site\/#website"},"primaryImageOfPage":{"@id":"https:\/\/brasilnoticias.org\/site\/criticas-de-lula-a-trump-ganham-destaque-na-capa-da-imprensa-espanhola\/#primaryimage"},"image":{"@id":"https:\/\/brasilnoticias.org\/site\/criticas-de-lula-a-trump-ganham-destaque-na-capa-da-imprensa-espanhola\/#primaryimage"},"thumbnailUrl":"https:\/\/brasilnoticias.org\/site\/wp-content\/uploads\/2026\/04\/181143critica-de-lula-a-trump-e-destaque-de-capa-na-imprensa-espanhola-3.jpg","datePublished":"2026-04-17T09:57:17+00:00","breadcrumb":{"@id":"https:\/\/brasilnoticias.org\/site\/criticas-de-lula-a-trump-ganham-destaque-na-capa-da-imprensa-espanhola\/#breadcrumb"},"inLanguage":"pt-PT","potentialAction":[{"@type":"ReadAction","target":["https:\/\/brasilnoticias.org\/site\/criticas-de-lula-a-trump-ganham-destaque-na-capa-da-imprensa-espanhola\/"]}]},{"@type":"ImageObject","inLanguage":"pt-PT","@id":"https:\/\/brasilnoticias.org\/site\/criticas-de-lula-a-trump-ganham-destaque-na-capa-da-imprensa-espanhola\/#primaryimage","url":"https:\/\/brasilnoticias.org\/site\/wp-content\/uploads\/2026\/04\/181143critica-de-lula-a-trump-e-destaque-de-capa-na-imprensa-espanhola-3.jpg","contentUrl":"https:\/\/brasilnoticias.org\/site\/wp-content\/uploads\/2026\/04\/181143critica-de-lula-a-trump-e-destaque-de-capa-na-imprensa-espanhola-3.jpg","width":1600,"height":752,"caption":"Foto: Reprodu\u00e7\u00e3o\/El Pa\u00eds"},{"@type":"BreadcrumbList","@id":"https:\/\/brasilnoticias.org\/site\/criticas-de-lula-a-trump-ganham-destaque-na-capa-da-imprensa-espanhola\/#breadcrumb","itemListElement":[{"@type":"ListItem","position":1,"name":"In\u00edcio","item":"https:\/\/brasilnoticias.org\/site\/"},{"@type":"ListItem","position":2,"name":"Cr\u00edticas de Lula a Trump ganham destaque na capa da imprensa espanhola"}]},{"@type":"WebSite","@id":"https:\/\/brasilnoticias.org\/site\/#website","url":"https:\/\/brasilnoticias.org\/site\/","name":"Brasil not\u00edcias","description":"Brasil not\u00edcias","publisher":{"@id":"https:\/\/brasilnoticias.org\/site\/#organization"},"potentialAction":[{"@type":"SearchAction","target":{"@type":"EntryPoint","urlTemplate":"https:\/\/brasilnoticias.org\/site\/?s={search_term_string}"},"query-input":{"@type":"PropertyValueSpecification","valueRequired":true,"valueName":"search_term_string"}}],"inLanguage":"pt-PT"},{"@type":"Organization","@id":"https:\/\/brasilnoticias.org\/site\/#organization","name":"Brasil not\u00edcias","url":"https:\/\/brasilnoticias.org\/site\/","logo":{"@type":"ImageObject","inLanguage":"pt-PT","@id":"https:\/\/brasilnoticias.org\/site\/#\/schema\/logo\/image\/","url":"https:\/\/brasilnoticias.org\/site\/wp-content\/uploads\/2022\/05\/cropped-brasilnoticias-mini.jpg","contentUrl":"https:\/\/brasilnoticias.org\/site\/wp-content\/uploads\/2022\/05\/cropped-brasilnoticias-mini.jpg","width":314,"height":86,"caption":"Brasil not\u00edcias"},"image":{"@id":"https:\/\/brasilnoticias.org\/site\/#\/schema\/logo\/image\/"}},{"@type":"Person","@id":"https:\/\/brasilnoticias.org\/site\/#\/schema\/person\/03bbbfe6c7634ad18c26444ea39049fa","name":"Reda\u00e7\u00e3o","image":{"@type":"ImageObject","inLanguage":"pt-PT","@id":"https:\/\/brasilnoticias.org\/site\/#\/schema\/person\/image\/","url":"https:\/\/secure.gravatar.com\/avatar\/9ecaf7327a696cb23ad926fedded5f1f04d7049de9e445375d55b48c001a6e42?s=96&d=mm&r=g","contentUrl":"https:\/\/secure.gravatar.com\/avatar\/9ecaf7327a696cb23ad926fedded5f1f04d7049de9e445375d55b48c001a6e42?s=96&d=mm&r=g","caption":"Reda\u00e7\u00e3o"},"url":"https:\/\/brasilnoticias.org\/site\/author\/henrique\/"}]}},"_links":{"self":[{"href":"https:\/\/brasilnoticias.org\/site\/wp-json\/wp\/v2\/posts\/21629","targetHints":{"allow":["GET"]}}],"collection":[{"href":"https:\/\/brasilnoticias.org\/site\/wp-json\/wp\/v2\/posts"}],"about":[{"href":"https:\/\/brasilnoticias.org\/site\/wp-json\/wp\/v2\/types\/post"}],"author":[{"embeddable":true,"href":"https:\/\/brasilnoticias.org\/site\/wp-json\/wp\/v2\/users\/4"}],"replies":[{"embeddable":true,"href":"https:\/\/brasilnoticias.org\/site\/wp-json\/wp\/v2\/comments?post=21629"}],"version-history":[{"count":1,"href":"https:\/\/brasilnoticias.org\/site\/wp-json\/wp\/v2\/posts\/21629\/revisions"}],"predecessor-version":[{"id":21631,"href":"https:\/\/brasilnoticias.org\/site\/wp-json\/wp\/v2\/posts\/21629\/revisions\/21631"}],"wp:featuredmedia":[{"embeddable":true,"href":"https:\/\/brasilnoticias.org\/site\/wp-json\/wp\/v2\/media\/21630"}],"wp:attachment":[{"href":"https:\/\/brasilnoticias.org\/site\/wp-json\/wp\/v2\/media?parent=21629"}],"wp:term":[{"taxonomy":"category","embeddable":true,"href":"https:\/\/brasilnoticias.org\/site\/wp-json\/wp\/v2\/categories?post=21629"},{"taxonomy":"post_tag","embeddable":true,"href":"https:\/\/brasilnoticias.org\/site\/wp-json\/wp\/v2\/tags?post=21629"}],"curies":[{"name":"wp","href":"https:\/\/api.w.org\/{rel}","templated":true}]}}