{"id":21632,"date":"2026-04-17T07:05:21","date_gmt":"2026-04-17T10:05:21","guid":{"rendered":"https:\/\/brasilnoticias.org\/site\/?p=21632"},"modified":"2026-04-17T07:05:21","modified_gmt":"2026-04-17T10:05:21","slug":"ze-coca-afirma-que-deixou-prefeitura-sem-promessa-de-cargo-e-aposta-em-motivacao-de-acm-neto","status":"publish","type":"post","link":"https:\/\/brasilnoticias.org\/site\/ze-coca-afirma-que-deixou-prefeitura-sem-promessa-de-cargo-e-aposta-em-motivacao-de-acm-neto\/","title":{"rendered":"Z\u00e9 Coc\u00e1 afirma que deixou prefeitura sem promessa de cargo e aposta em &#8216;motiva\u00e7\u00e3o&#8217; de ACM Neto"},"content":{"rendered":"<p>O ex-prefeito de Jequi\u00e9 e pr\u00e9-candidato a vice-governador na chapa de\u00a0<strong>ACM Neto<\/strong>\u00a0(Uni\u00e3o Brasil),\u00a0<strong>Z\u00e9 Coc\u00e1<\/strong>\u00a0(PP), afirmou que decidiu renunciar ao mandato sem qualquer promessa de cargo ou espa\u00e7o futuro em um eventual governo oposicionista.<\/p>\n<p>Em entrevista \u00e0\u00a0<em><strong>CBN Salvador<\/strong><\/em>, o progressista disse que aceitou o convite por acreditar que o ex-prefeito de Salvador est\u00e1 \u201cpronto e preparado\u201d para governar a Bahia.<\/p>\n<p>Segundo ele, n\u00e3o houve negocia\u00e7\u00e3o por secretaria, protagonismo ou qualquer compensa\u00e7\u00e3o pol\u00edtica.<\/p>\n<p><strong>\u201cEu n\u00e3o iria jamais chegar para Neto e dizer: voc\u00ea vai me dar uma secretaria, vai me dar isso. Eu digo: meu irm\u00e3o, eu quero trabalhar. Vamos trabalhar. Vamos ganhar as elei\u00e7\u00f5es e juntos mudar a Bahia\u201d<\/strong>, afirmou.\u00a0<strong>\u201cQuando eu sentei com Neto, eu vi duas coisas que me marcaram: um cara pronto e preparado. Um cara que sentou comigo e disse: eu quero mudar a Bahia. E olhou no meu olho e me deu motiva\u00e7\u00e3o\u201d<\/strong>, declarou.<\/p>\n<p>Coc\u00e1 destacou que poderia ter permanecido no comando municipal, onde foi reeleito com mais de 90% dos votos, ou at\u00e9 disputar outro cargo em 2026, mas preferiu apostar no projeto.<\/p>\n<p><strong>\u201cGra\u00e7as a Deus, eu estava organizado em Jequi\u00e9. Sou prefeito de uma cidade de m\u00e9dio porte, tive 92% dos votos. Eu n\u00e3o precisava sair para isso. Poderia ficar mais tr\u00eas anos no mandato, poderia ser candidato a deputado, mas n\u00e3o fui porque vi um projeto\u201d<\/strong>, disse.<\/p>\n<p>Ao comentar as cr\u00edticas de aliados do governador\u00a0<strong>Jer\u00f4nimo Rodrigues (PT)<\/strong>\u00a0e do ministro da Casa Civil,\u00a0<strong>Rui Costa (PT)<\/strong>, o pepista afirmou que n\u00e3o pretende entrar em embates pessoais e defendeu uma campanha baseada em propostas.<\/p>\n<p><strong>\u201cA grosseria das pessoas n\u00e3o leva ningu\u00e9m a canto nenhum. Eu n\u00e3o aprendi a fazer pol\u00edtica assim. Acho que arrog\u00e2ncia e prepot\u00eancia precedem a queda\u201d<\/strong>, enfatizou.<\/p>\n<p>O ex-prefeito tamb\u00e9m rebateu as declara\u00e7\u00f5es de Rui, que o chamou de \u201ctraidor\u201d. Segundo Coc\u00e1, ele nunca recebeu convite direto de Jer\u00f4nimo para ser vice, mas confirmou que houve conversas com integrantes do MDB e com interlocutores ligados \u00e0 base.<\/p>\n<p><strong>\u201cEu nunca disse que fui convidado pelo governo, mas o partido tinha essa liberdade e me convidou para fazer essa composi\u00e7\u00e3o. Eu agradeci, mas n\u00e3o me encaixava no projeto porque eu n\u00e3o me identificava\u201d<\/strong>, pontuou.<\/p>\n<p>Ao justificar a escolha pela oposi\u00e7\u00e3o, Coc\u00e1 voltou a citar a falta de obras estruturantes prometidas pelo governo para Jequi\u00e9 e regi\u00e3o. Segundo ele, projetos como o aeroporto regional, o sistema de irriga\u00e7\u00e3o e um novo polo industrial ficaram apenas no discurso.<\/p>\n<p><strong>\u201cSe o governador veio em abril do ano passado, voc\u00ea tem um ano para sinalizar, iniciar e dizer: vou fazer. Mas chega abril deste ano e voc\u00ea n\u00e3o tem nada iniciado, nada licitado, nada projetado\u201d<\/strong>, criticou.<\/p>\n<p>O ex-prefeito ainda fez duras cr\u00edticas \u00e0 seguran\u00e7a p\u00fablica, \u00e0 regula\u00e7\u00e3o da sa\u00fade, \u00e0 educa\u00e7\u00e3o e ao excesso de cargos pol\u00edticos em \u00e1reas t\u00e9cnicas. Tamb\u00e9m afirmou que, se for eleito vice-governador, n\u00e3o pretende manter uma estrutura de seguran\u00e7a pessoal robusta.<\/p>\n<p><strong>\u201cTodo prefeito de Jequi\u00e9 tinha direito a guarda municipal acompanhando. Meu primeiro ato foi acabar com isso. Nunca tive um guarda \u00e0 minha disposi\u00e7\u00e3o. Acho um absurdo um vice ter 30, 40 ou 50 policiais enquanto munic\u00edpios pequenos t\u00eam 12 policiais para a cidade toda\u201d<\/strong>, declarou, sem citar nominalmente o atual ocupante do posto,\u00a0<strong>Geraldo J\u00fanior<\/strong>\u00a0(MDB).<\/p>\n<p><strong>Confira a entrevista na \u00edntegra:<\/strong><\/p>\n<p><iframe loading=\"lazy\" title=\"CBN BAHIA | 16\/04\/2026 | Participe pelo WhatsApp (71) 98679-2647\" src=\"https:\/\/www.youtube.com\/embed\/DvjGwjydR8I\" width=\"780\" height=\"439\" frameborder=\"0\" allowfullscreen=\"allowfullscreen\" data-mce-fragment=\"1\"><\/iframe><\/p>\n<p>Fonte: <a href=\"https:\/\/www.blogdovila.com.br\/noticia\/coca-cargo\" target=\"_blank\" rel=\"noopener\">Blog do Vila<\/a><\/p>\n","protected":false},"excerpt":{"rendered":"<p>O ex-prefeito de Jequi\u00e9 e pr\u00e9-candidato a vice-governador na chapa de\u00a0ACM Neto\u00a0(Uni\u00e3o Brasil),\u00a0Z\u00e9 Coc\u00e1\u00a0(PP), afirmou que decidiu renunciar ao mandato<\/p>\n","protected":false},"author":4,"featured_media":21633,"comment_status":"open","ping_status":"open","sticky":false,"template":"","format":"standard","meta":{"colormag_page_container_layout":"default_layout","colormag_page_sidebar_layout":"default_layout","_FSMCFIC_featured_image_caption":"","_FSMCFIC_featured_image_nocaption":"","_FSMCFIC_featured_image_hide":"","footnotes":""},"categories":[5,1],"tags":[],"class_list":["post-21632","post","type-post","status-publish","format-standard","has-post-thumbnail","hentry","category-politica","category-ultimas"],"yoast_head":"<!-- This site is optimized with the Yoast SEO plugin v27.1.1 - https:\/\/yoast.com\/product\/yoast-seo-wordpress\/ -->\n<title>Z\u00e9 Coc\u00e1 afirma que deixou prefeitura sem promessa de cargo e aposta em &#039;motiva\u00e7\u00e3o&#039; de ACM Neto - Brasil not\u00edcias<\/title>\n<meta name=\"robots\" content=\"index, follow, max-snippet:-1, max-image-preview:large, max-video-preview:-1\" \/>\n<link rel=\"canonical\" href=\"https:\/\/brasilnoticias.org\/site\/ze-coca-afirma-que-deixou-prefeitura-sem-promessa-de-cargo-e-aposta-em-motivacao-de-acm-neto\/\" \/>\n<meta property=\"og:locale\" content=\"pt_PT\" \/>\n<meta property=\"og:type\" content=\"article\" \/>\n<meta property=\"og:title\" content=\"Z\u00e9 Coc\u00e1 afirma que deixou prefeitura sem promessa de cargo e aposta em &#039;motiva\u00e7\u00e3o&#039; de ACM Neto - Brasil not\u00edcias\" \/>\n<meta property=\"og:description\" content=\"O ex-prefeito de Jequi\u00e9 e pr\u00e9-candidato a vice-governador na chapa de\u00a0ACM Neto\u00a0(Uni\u00e3o Brasil),\u00a0Z\u00e9 Coc\u00e1\u00a0(PP), afirmou que decidiu renunciar ao mandato\" \/>\n<meta property=\"og:url\" content=\"https:\/\/brasilnoticias.org\/site\/ze-coca-afirma-que-deixou-prefeitura-sem-promessa-de-cargo-e-aposta-em-motivacao-de-acm-neto\/\" \/>\n<meta property=\"og:site_name\" content=\"Brasil not\u00edcias\" \/>\n<meta property=\"article:published_time\" content=\"2026-04-17T10:05:21+00:00\" \/>\n<meta property=\"og:image\" content=\"https:\/\/brasilnoticias.org\/site\/wp-content\/uploads\/2026\/04\/WhatsApp-Image-2026-04-16-at-12.03.07.jpeg\" \/>\n\t<meta property=\"og:image:width\" content=\"1280\" \/>\n\t<meta property=\"og:image:height\" content=\"720\" \/>\n\t<meta property=\"og:image:type\" content=\"image\/jpeg\" \/>\n<meta name=\"author\" content=\"Reda\u00e7\u00e3o\" \/>\n<meta name=\"twitter:card\" content=\"summary_large_image\" \/>\n<meta name=\"twitter:label1\" content=\"Escrito por\" \/>\n\t<meta name=\"twitter:data1\" content=\"Reda\u00e7\u00e3o\" \/>\n\t<meta name=\"twitter:label2\" content=\"Tempo estimado de leitura\" \/>\n\t<meta name=\"twitter:data2\" content=\"4 minutos\" \/>\n<script type=\"application\/ld+json\" class=\"yoast-schema-graph\">{\"@context\":\"https:\/\/schema.org\",\"@graph\":[{\"@type\":\"Article\",\"@id\":\"https:\/\/brasilnoticias.org\/site\/ze-coca-afirma-que-deixou-prefeitura-sem-promessa-de-cargo-e-aposta-em-motivacao-de-acm-neto\/#article\",\"isPartOf\":{\"@id\":\"https:\/\/brasilnoticias.org\/site\/ze-coca-afirma-que-deixou-prefeitura-sem-promessa-de-cargo-e-aposta-em-motivacao-de-acm-neto\/\"},\"author\":{\"name\":\"Reda\u00e7\u00e3o\",\"@id\":\"https:\/\/brasilnoticias.org\/site\/#\/schema\/person\/03bbbfe6c7634ad18c26444ea39049fa\"},\"headline\":\"Z\u00e9 Coc\u00e1 afirma que deixou prefeitura sem promessa de cargo e aposta em &#8216;motiva\u00e7\u00e3o&#8217; de ACM Neto\",\"datePublished\":\"2026-04-17T10:05:21+00:00\",\"mainEntityOfPage\":{\"@id\":\"https:\/\/brasilnoticias.org\/site\/ze-coca-afirma-que-deixou-prefeitura-sem-promessa-de-cargo-e-aposta-em-motivacao-de-acm-neto\/\"},\"wordCount\":606,\"commentCount\":0,\"publisher\":{\"@id\":\"https:\/\/brasilnoticias.org\/site\/#organization\"},\"image\":{\"@id\":\"https:\/\/brasilnoticias.org\/site\/ze-coca-afirma-que-deixou-prefeitura-sem-promessa-de-cargo-e-aposta-em-motivacao-de-acm-neto\/#primaryimage\"},\"thumbnailUrl\":\"https:\/\/brasilnoticias.org\/site\/wp-content\/uploads\/2026\/04\/WhatsApp-Image-2026-04-16-at-12.03.07.jpeg\",\"articleSection\":[\"Pol\u00edtica\",\"\u00daltimas\"],\"inLanguage\":\"pt-PT\",\"potentialAction\":[{\"@type\":\"CommentAction\",\"name\":\"Comment\",\"target\":[\"https:\/\/brasilnoticias.org\/site\/ze-coca-afirma-que-deixou-prefeitura-sem-promessa-de-cargo-e-aposta-em-motivacao-de-acm-neto\/#respond\"]}]},{\"@type\":\"WebPage\",\"@id\":\"https:\/\/brasilnoticias.org\/site\/ze-coca-afirma-que-deixou-prefeitura-sem-promessa-de-cargo-e-aposta-em-motivacao-de-acm-neto\/\",\"url\":\"https:\/\/brasilnoticias.org\/site\/ze-coca-afirma-que-deixou-prefeitura-sem-promessa-de-cargo-e-aposta-em-motivacao-de-acm-neto\/\",\"name\":\"Z\u00e9 Coc\u00e1 afirma que deixou prefeitura sem promessa de cargo e aposta em 'motiva\u00e7\u00e3o' de ACM Neto - Brasil not\u00edcias\",\"isPartOf\":{\"@id\":\"https:\/\/brasilnoticias.org\/site\/#website\"},\"primaryImageOfPage\":{\"@id\":\"https:\/\/brasilnoticias.org\/site\/ze-coca-afirma-que-deixou-prefeitura-sem-promessa-de-cargo-e-aposta-em-motivacao-de-acm-neto\/#primaryimage\"},\"image\":{\"@id\":\"https:\/\/brasilnoticias.org\/site\/ze-coca-afirma-que-deixou-prefeitura-sem-promessa-de-cargo-e-aposta-em-motivacao-de-acm-neto\/#primaryimage\"},\"thumbnailUrl\":\"https:\/\/brasilnoticias.org\/site\/wp-content\/uploads\/2026\/04\/WhatsApp-Image-2026-04-16-at-12.03.07.jpeg\",\"datePublished\":\"2026-04-17T10:05:21+00:00\",\"breadcrumb\":{\"@id\":\"https:\/\/brasilnoticias.org\/site\/ze-coca-afirma-que-deixou-prefeitura-sem-promessa-de-cargo-e-aposta-em-motivacao-de-acm-neto\/#breadcrumb\"},\"inLanguage\":\"pt-PT\",\"potentialAction\":[{\"@type\":\"ReadAction\",\"target\":[\"https:\/\/brasilnoticias.org\/site\/ze-coca-afirma-que-deixou-prefeitura-sem-promessa-de-cargo-e-aposta-em-motivacao-de-acm-neto\/\"]}]},{\"@type\":\"ImageObject\",\"inLanguage\":\"pt-PT\",\"@id\":\"https:\/\/brasilnoticias.org\/site\/ze-coca-afirma-que-deixou-prefeitura-sem-promessa-de-cargo-e-aposta-em-motivacao-de-acm-neto\/#primaryimage\",\"url\":\"https:\/\/brasilnoticias.org\/site\/wp-content\/uploads\/2026\/04\/WhatsApp-Image-2026-04-16-at-12.03.07.jpeg\",\"contentUrl\":\"https:\/\/brasilnoticias.org\/site\/wp-content\/uploads\/2026\/04\/WhatsApp-Image-2026-04-16-at-12.03.07.jpeg\",\"width\":1280,\"height\":720,\"caption\":\"Foto: Evil\u00e1sio J\u00fanior\"},{\"@type\":\"BreadcrumbList\",\"@id\":\"https:\/\/brasilnoticias.org\/site\/ze-coca-afirma-que-deixou-prefeitura-sem-promessa-de-cargo-e-aposta-em-motivacao-de-acm-neto\/#breadcrumb\",\"itemListElement\":[{\"@type\":\"ListItem\",\"position\":1,\"name\":\"In\u00edcio\",\"item\":\"https:\/\/brasilnoticias.org\/site\/\"},{\"@type\":\"ListItem\",\"position\":2,\"name\":\"Z\u00e9 Coc\u00e1 afirma que deixou prefeitura sem promessa de cargo e aposta em &#8216;motiva\u00e7\u00e3o&#8217; de ACM Neto\"}]},{\"@type\":\"WebSite\",\"@id\":\"https:\/\/brasilnoticias.org\/site\/#website\",\"url\":\"https:\/\/brasilnoticias.org\/site\/\",\"name\":\"Brasil not\u00edcias\",\"description\":\"Brasil not\u00edcias\",\"publisher\":{\"@id\":\"https:\/\/brasilnoticias.org\/site\/#organization\"},\"potentialAction\":[{\"@type\":\"SearchAction\",\"target\":{\"@type\":\"EntryPoint\",\"urlTemplate\":\"https:\/\/brasilnoticias.org\/site\/?s={search_term_string}\"},\"query-input\":{\"@type\":\"PropertyValueSpecification\",\"valueRequired\":true,\"valueName\":\"search_term_string\"}}],\"inLanguage\":\"pt-PT\"},{\"@type\":\"Organization\",\"@id\":\"https:\/\/brasilnoticias.org\/site\/#organization\",\"name\":\"Brasil not\u00edcias\",\"url\":\"https:\/\/brasilnoticias.org\/site\/\",\"logo\":{\"@type\":\"ImageObject\",\"inLanguage\":\"pt-PT\",\"@id\":\"https:\/\/brasilnoticias.org\/site\/#\/schema\/logo\/image\/\",\"url\":\"https:\/\/brasilnoticias.org\/site\/wp-content\/uploads\/2022\/05\/cropped-brasilnoticias-mini.jpg\",\"contentUrl\":\"https:\/\/brasilnoticias.org\/site\/wp-content\/uploads\/2022\/05\/cropped-brasilnoticias-mini.jpg\",\"width\":314,\"height\":86,\"caption\":\"Brasil not\u00edcias\"},\"image\":{\"@id\":\"https:\/\/brasilnoticias.org\/site\/#\/schema\/logo\/image\/\"}},{\"@type\":\"Person\",\"@id\":\"https:\/\/brasilnoticias.org\/site\/#\/schema\/person\/03bbbfe6c7634ad18c26444ea39049fa\",\"name\":\"Reda\u00e7\u00e3o\",\"image\":{\"@type\":\"ImageObject\",\"inLanguage\":\"pt-PT\",\"@id\":\"https:\/\/brasilnoticias.org\/site\/#\/schema\/person\/image\/\",\"url\":\"https:\/\/secure.gravatar.com\/avatar\/9ecaf7327a696cb23ad926fedded5f1f04d7049de9e445375d55b48c001a6e42?s=96&d=mm&r=g\",\"contentUrl\":\"https:\/\/secure.gravatar.com\/avatar\/9ecaf7327a696cb23ad926fedded5f1f04d7049de9e445375d55b48c001a6e42?s=96&d=mm&r=g\",\"caption\":\"Reda\u00e7\u00e3o\"},\"url\":\"https:\/\/brasilnoticias.org\/site\/author\/henrique\/\"}]}<\/script>\n<!-- \/ Yoast SEO plugin. -->","yoast_head_json":{"title":"Z\u00e9 Coc\u00e1 afirma que deixou prefeitura sem promessa de cargo e aposta em 'motiva\u00e7\u00e3o' de ACM Neto - Brasil not\u00edcias","robots":{"index":"index","follow":"follow","max-snippet":"max-snippet:-1","max-image-preview":"max-image-preview:large","max-video-preview":"max-video-preview:-1"},"canonical":"https:\/\/brasilnoticias.org\/site\/ze-coca-afirma-que-deixou-prefeitura-sem-promessa-de-cargo-e-aposta-em-motivacao-de-acm-neto\/","og_locale":"pt_PT","og_type":"article","og_title":"Z\u00e9 Coc\u00e1 afirma que deixou prefeitura sem promessa de cargo e aposta em 'motiva\u00e7\u00e3o' de ACM Neto - Brasil not\u00edcias","og_description":"O ex-prefeito de Jequi\u00e9 e pr\u00e9-candidato a vice-governador na chapa de\u00a0ACM Neto\u00a0(Uni\u00e3o Brasil),\u00a0Z\u00e9 Coc\u00e1\u00a0(PP), afirmou que decidiu renunciar ao mandato","og_url":"https:\/\/brasilnoticias.org\/site\/ze-coca-afirma-que-deixou-prefeitura-sem-promessa-de-cargo-e-aposta-em-motivacao-de-acm-neto\/","og_site_name":"Brasil not\u00edcias","article_published_time":"2026-04-17T10:05:21+00:00","og_image":[{"width":1280,"height":720,"url":"https:\/\/brasilnoticias.org\/site\/wp-content\/uploads\/2026\/04\/WhatsApp-Image-2026-04-16-at-12.03.07.jpeg","type":"image\/jpeg"}],"author":"Reda\u00e7\u00e3o","twitter_card":"summary_large_image","twitter_misc":{"Escrito por":"Reda\u00e7\u00e3o","Tempo estimado de leitura":"4 minutos"},"schema":{"@context":"https:\/\/schema.org","@graph":[{"@type":"Article","@id":"https:\/\/brasilnoticias.org\/site\/ze-coca-afirma-que-deixou-prefeitura-sem-promessa-de-cargo-e-aposta-em-motivacao-de-acm-neto\/#article","isPartOf":{"@id":"https:\/\/brasilnoticias.org\/site\/ze-coca-afirma-que-deixou-prefeitura-sem-promessa-de-cargo-e-aposta-em-motivacao-de-acm-neto\/"},"author":{"name":"Reda\u00e7\u00e3o","@id":"https:\/\/brasilnoticias.org\/site\/#\/schema\/person\/03bbbfe6c7634ad18c26444ea39049fa"},"headline":"Z\u00e9 Coc\u00e1 afirma que deixou prefeitura sem promessa de cargo e aposta em &#8216;motiva\u00e7\u00e3o&#8217; de ACM Neto","datePublished":"2026-04-17T10:05:21+00:00","mainEntityOfPage":{"@id":"https:\/\/brasilnoticias.org\/site\/ze-coca-afirma-que-deixou-prefeitura-sem-promessa-de-cargo-e-aposta-em-motivacao-de-acm-neto\/"},"wordCount":606,"commentCount":0,"publisher":{"@id":"https:\/\/brasilnoticias.org\/site\/#organization"},"image":{"@id":"https:\/\/brasilnoticias.org\/site\/ze-coca-afirma-que-deixou-prefeitura-sem-promessa-de-cargo-e-aposta-em-motivacao-de-acm-neto\/#primaryimage"},"thumbnailUrl":"https:\/\/brasilnoticias.org\/site\/wp-content\/uploads\/2026\/04\/WhatsApp-Image-2026-04-16-at-12.03.07.jpeg","articleSection":["Pol\u00edtica","\u00daltimas"],"inLanguage":"pt-PT","potentialAction":[{"@type":"CommentAction","name":"Comment","target":["https:\/\/brasilnoticias.org\/site\/ze-coca-afirma-que-deixou-prefeitura-sem-promessa-de-cargo-e-aposta-em-motivacao-de-acm-neto\/#respond"]}]},{"@type":"WebPage","@id":"https:\/\/brasilnoticias.org\/site\/ze-coca-afirma-que-deixou-prefeitura-sem-promessa-de-cargo-e-aposta-em-motivacao-de-acm-neto\/","url":"https:\/\/brasilnoticias.org\/site\/ze-coca-afirma-que-deixou-prefeitura-sem-promessa-de-cargo-e-aposta-em-motivacao-de-acm-neto\/","name":"Z\u00e9 Coc\u00e1 afirma que deixou prefeitura sem promessa de cargo e aposta em 'motiva\u00e7\u00e3o' de ACM Neto - Brasil not\u00edcias","isPartOf":{"@id":"https:\/\/brasilnoticias.org\/site\/#website"},"primaryImageOfPage":{"@id":"https:\/\/brasilnoticias.org\/site\/ze-coca-afirma-que-deixou-prefeitura-sem-promessa-de-cargo-e-aposta-em-motivacao-de-acm-neto\/#primaryimage"},"image":{"@id":"https:\/\/brasilnoticias.org\/site\/ze-coca-afirma-que-deixou-prefeitura-sem-promessa-de-cargo-e-aposta-em-motivacao-de-acm-neto\/#primaryimage"},"thumbnailUrl":"https:\/\/brasilnoticias.org\/site\/wp-content\/uploads\/2026\/04\/WhatsApp-Image-2026-04-16-at-12.03.07.jpeg","datePublished":"2026-04-17T10:05:21+00:00","breadcrumb":{"@id":"https:\/\/brasilnoticias.org\/site\/ze-coca-afirma-que-deixou-prefeitura-sem-promessa-de-cargo-e-aposta-em-motivacao-de-acm-neto\/#breadcrumb"},"inLanguage":"pt-PT","potentialAction":[{"@type":"ReadAction","target":["https:\/\/brasilnoticias.org\/site\/ze-coca-afirma-que-deixou-prefeitura-sem-promessa-de-cargo-e-aposta-em-motivacao-de-acm-neto\/"]}]},{"@type":"ImageObject","inLanguage":"pt-PT","@id":"https:\/\/brasilnoticias.org\/site\/ze-coca-afirma-que-deixou-prefeitura-sem-promessa-de-cargo-e-aposta-em-motivacao-de-acm-neto\/#primaryimage","url":"https:\/\/brasilnoticias.org\/site\/wp-content\/uploads\/2026\/04\/WhatsApp-Image-2026-04-16-at-12.03.07.jpeg","contentUrl":"https:\/\/brasilnoticias.org\/site\/wp-content\/uploads\/2026\/04\/WhatsApp-Image-2026-04-16-at-12.03.07.jpeg","width":1280,"height":720,"caption":"Foto: Evil\u00e1sio J\u00fanior"},{"@type":"BreadcrumbList","@id":"https:\/\/brasilnoticias.org\/site\/ze-coca-afirma-que-deixou-prefeitura-sem-promessa-de-cargo-e-aposta-em-motivacao-de-acm-neto\/#breadcrumb","itemListElement":[{"@type":"ListItem","position":1,"name":"In\u00edcio","item":"https:\/\/brasilnoticias.org\/site\/"},{"@type":"ListItem","position":2,"name":"Z\u00e9 Coc\u00e1 afirma que deixou prefeitura sem promessa de cargo e aposta em &#8216;motiva\u00e7\u00e3o&#8217; de ACM Neto"}]},{"@type":"WebSite","@id":"https:\/\/brasilnoticias.org\/site\/#website","url":"https:\/\/brasilnoticias.org\/site\/","name":"Brasil not\u00edcias","description":"Brasil not\u00edcias","publisher":{"@id":"https:\/\/brasilnoticias.org\/site\/#organization"},"potentialAction":[{"@type":"SearchAction","target":{"@type":"EntryPoint","urlTemplate":"https:\/\/brasilnoticias.org\/site\/?s={search_term_string}"},"query-input":{"@type":"PropertyValueSpecification","valueRequired":true,"valueName":"search_term_string"}}],"inLanguage":"pt-PT"},{"@type":"Organization","@id":"https:\/\/brasilnoticias.org\/site\/#organization","name":"Brasil not\u00edcias","url":"https:\/\/brasilnoticias.org\/site\/","logo":{"@type":"ImageObject","inLanguage":"pt-PT","@id":"https:\/\/brasilnoticias.org\/site\/#\/schema\/logo\/image\/","url":"https:\/\/brasilnoticias.org\/site\/wp-content\/uploads\/2022\/05\/cropped-brasilnoticias-mini.jpg","contentUrl":"https:\/\/brasilnoticias.org\/site\/wp-content\/uploads\/2022\/05\/cropped-brasilnoticias-mini.jpg","width":314,"height":86,"caption":"Brasil not\u00edcias"},"image":{"@id":"https:\/\/brasilnoticias.org\/site\/#\/schema\/logo\/image\/"}},{"@type":"Person","@id":"https:\/\/brasilnoticias.org\/site\/#\/schema\/person\/03bbbfe6c7634ad18c26444ea39049fa","name":"Reda\u00e7\u00e3o","image":{"@type":"ImageObject","inLanguage":"pt-PT","@id":"https:\/\/brasilnoticias.org\/site\/#\/schema\/person\/image\/","url":"https:\/\/secure.gravatar.com\/avatar\/9ecaf7327a696cb23ad926fedded5f1f04d7049de9e445375d55b48c001a6e42?s=96&d=mm&r=g","contentUrl":"https:\/\/secure.gravatar.com\/avatar\/9ecaf7327a696cb23ad926fedded5f1f04d7049de9e445375d55b48c001a6e42?s=96&d=mm&r=g","caption":"Reda\u00e7\u00e3o"},"url":"https:\/\/brasilnoticias.org\/site\/author\/henrique\/"}]}},"_links":{"self":[{"href":"https:\/\/brasilnoticias.org\/site\/wp-json\/wp\/v2\/posts\/21632","targetHints":{"allow":["GET"]}}],"collection":[{"href":"https:\/\/brasilnoticias.org\/site\/wp-json\/wp\/v2\/posts"}],"about":[{"href":"https:\/\/brasilnoticias.org\/site\/wp-json\/wp\/v2\/types\/post"}],"author":[{"embeddable":true,"href":"https:\/\/brasilnoticias.org\/site\/wp-json\/wp\/v2\/users\/4"}],"replies":[{"embeddable":true,"href":"https:\/\/brasilnoticias.org\/site\/wp-json\/wp\/v2\/comments?post=21632"}],"version-history":[{"count":1,"href":"https:\/\/brasilnoticias.org\/site\/wp-json\/wp\/v2\/posts\/21632\/revisions"}],"predecessor-version":[{"id":21634,"href":"https:\/\/brasilnoticias.org\/site\/wp-json\/wp\/v2\/posts\/21632\/revisions\/21634"}],"wp:featuredmedia":[{"embeddable":true,"href":"https:\/\/brasilnoticias.org\/site\/wp-json\/wp\/v2\/media\/21633"}],"wp:attachment":[{"href":"https:\/\/brasilnoticias.org\/site\/wp-json\/wp\/v2\/media?parent=21632"}],"wp:term":[{"taxonomy":"category","embeddable":true,"href":"https:\/\/brasilnoticias.org\/site\/wp-json\/wp\/v2\/categories?post=21632"},{"taxonomy":"post_tag","embeddable":true,"href":"https:\/\/brasilnoticias.org\/site\/wp-json\/wp\/v2\/tags?post=21632"}],"curies":[{"name":"wp","href":"https:\/\/api.w.org\/{rel}","templated":true}]}}