{"id":21664,"date":"2026-04-20T08:42:58","date_gmt":"2026-04-20T11:42:58","guid":{"rendered":"https:\/\/brasilnoticias.org\/site\/?p=21664"},"modified":"2026-04-20T08:42:58","modified_gmt":"2026-04-20T11:42:58","slug":"lula-defende-parceria-com-europa-para-descarbonizacao-durante-agenda-na-alemanha","status":"publish","type":"post","link":"https:\/\/brasilnoticias.org\/site\/lula-defende-parceria-com-europa-para-descarbonizacao-durante-agenda-na-alemanha\/","title":{"rendered":"Lula defende parceria com Europa para descarboniza\u00e7\u00e3o durante agenda na Alemanha"},"content":{"rendered":"<p data-start=\"173\" data-end=\"360\">O presidente <span class=\"hover:entity-accent entity-underline inline cursor-pointer align-baseline\"><span class=\"whitespace-normal\">Luiz In\u00e1cio Lula da Silva<\/span><\/span> defendeu uma parceria entre o Brasil e a Europa para acelerar o processo de descarboniza\u00e7\u00e3o da ind\u00fastria e reduzir os custos de energia.<\/p>\n<p data-start=\"362\" data-end=\"530\">A declara\u00e7\u00e3o foi feita neste domingo (19), durante discurso na abertura da feira industrial <span class=\"hover:entity-accent entity-underline inline cursor-pointer align-baseline\"><span class=\"whitespace-normal\">Hannover Messe<\/span><\/span>, considerada uma das maiores do mundo.<\/p>\n<h3 data-section-id=\"1967jld\" data-start=\"532\" data-end=\"563\">Parceria para energia limpa<\/h3>\n<p data-start=\"565\" data-end=\"717\">Durante a fala, Lula afirmou que o Brasil pode contribuir diretamente com a transi\u00e7\u00e3o energ\u00e9tica europeia, destacando a matriz energ\u00e9tica limpa do pa\u00eds.<\/p>\n<p data-start=\"719\" data-end=\"901\">Segundo o presidente, a coopera\u00e7\u00e3o pode ajudar a Uni\u00e3o Europeia a reduzir emiss\u00f5es de carbono e tornar a produ\u00e7\u00e3o industrial mais sustent\u00e1vel.<\/p>\n<p data-start=\"903\" data-end=\"1112\">Ele tamb\u00e9m ressaltou que, para isso, \u00e9 necess\u00e1rio que regras europeias considerem as caracter\u00edsticas da produ\u00e7\u00e3o brasileira, especialmente no uso de energias renov\u00e1veis.<\/p>\n<h3 data-section-id=\"nsxb0f\" data-start=\"1114\" data-end=\"1149\">Cr\u00edticas a barreiras comerciais<\/h3>\n<p data-start=\"1151\" data-end=\"1245\">Lula criticou a cria\u00e7\u00e3o de barreiras ao uso de biocombust\u00edveis brasileiros no mercado europeu.<\/p>\n<p data-start=\"1247\" data-end=\"1438\">Para o presidente, esse tipo de restri\u00e7\u00e3o \u00e9 prejudicial tanto do ponto de vista ambiental quanto energ\u00e9tico, dificultando a coopera\u00e7\u00e3o entre os pa\u00edses.<\/p>\n<h3 data-section-id=\"f1v2vy\" data-start=\"1440\" data-end=\"1468\">Defesa da economia verde<\/h3>\n<p data-start=\"1470\" data-end=\"1600\">O presidente tamb\u00e9m destacou que o Brasil pretende avan\u00e7ar com um programa voltado \u00e0 economia verde e \u00e0 moderniza\u00e7\u00e3o da ind\u00fastria.<\/p>\n<p data-start=\"1602\" data-end=\"1632\">Entre os pontos citados est\u00e3o:<\/p>\n<ul data-start=\"1633\" data-end=\"1751\">\n<li data-section-id=\"1s1fxq4\" data-start=\"1633\" data-end=\"1668\">Expans\u00e3o de energias renov\u00e1veis<\/li>\n<li data-section-id=\"9h8qm8\" data-start=\"1669\" data-end=\"1716\">Investimentos em tecnologia e ind\u00fastria 4.0<\/li>\n<li data-section-id=\"xvlo8r\" data-start=\"1717\" data-end=\"1751\">Redu\u00e7\u00e3o de emiss\u00f5es de carbono<\/li>\n<\/ul>\n<p data-start=\"1753\" data-end=\"1922\">Lula afirmou ainda que o pa\u00eds possui grande potencial para produzir energia limpa e contribuir com solu\u00e7\u00f5es globais para o clima.<\/p>\n<h3 data-section-id=\"vfle0r\" data-start=\"1924\" data-end=\"1950\">Contexto internacional<\/h3>\n<p data-start=\"1952\" data-end=\"2067\">Durante o discurso, o presidente tamb\u00e9m comentou o cen\u00e1rio global, marcado por conflitos e instabilidade econ\u00f4mica.<\/p>\n<p data-start=\"2069\" data-end=\"2235\">Ele criticou guerras recentes, afirmando que esses conflitos impactam diretamente o pre\u00e7o da energia e dos alimentos no mundo.<\/p>\n<h3 data-section-id=\"qtcaex\" data-start=\"2237\" data-end=\"2269\">Rela\u00e7\u00e3o com a Uni\u00e3o Europeia<\/h3>\n<p data-start=\"2271\" data-end=\"2390\">Lula refor\u00e7ou a import\u00e2ncia da coopera\u00e7\u00e3o entre Brasil e Europa, incluindo acordos comerciais e parcerias tecnol\u00f3gicas.<\/p>\n<p data-start=\"2392\" data-end=\"2515\">A proposta \u00e9 ampliar a integra\u00e7\u00e3o entre os blocos, com foco em desenvolvimento sustent\u00e1vel, inova\u00e7\u00e3o e gera\u00e7\u00e3o de empregos.<\/p>\n","protected":false},"excerpt":{"rendered":"<p>O presidente Luiz In\u00e1cio Lula da Silva defendeu uma parceria entre o Brasil e a Europa para acelerar o processo<\/p>\n","protected":false},"author":4,"featured_media":21665,"comment_status":"open","ping_status":"open","sticky":false,"template":"","format":"standard","meta":{"colormag_page_container_layout":"default_layout","colormag_page_sidebar_layout":"default_layout","_FSMCFIC_featured_image_caption":"","_FSMCFIC_featured_image_nocaption":"","_FSMCFIC_featured_image_hide":"","footnotes":""},"categories":[6,1],"tags":[],"class_list":["post-21664","post","type-post","status-publish","format-standard","has-post-thumbnail","hentry","category-mundo","category-ultimas"],"yoast_head":"<!-- This site is optimized with the Yoast SEO plugin v27.1.1 - https:\/\/yoast.com\/product\/yoast-seo-wordpress\/ -->\n<title>Lula defende parceria com Europa para descarboniza\u00e7\u00e3o durante agenda na Alemanha - Brasil not\u00edcias<\/title>\n<meta name=\"robots\" content=\"index, follow, max-snippet:-1, max-image-preview:large, max-video-preview:-1\" \/>\n<link rel=\"canonical\" href=\"https:\/\/brasilnoticias.org\/site\/lula-defende-parceria-com-europa-para-descarbonizacao-durante-agenda-na-alemanha\/\" \/>\n<meta property=\"og:locale\" content=\"pt_PT\" \/>\n<meta property=\"og:type\" content=\"article\" \/>\n<meta property=\"og:title\" content=\"Lula defende parceria com Europa para descarboniza\u00e7\u00e3o durante agenda na Alemanha - Brasil not\u00edcias\" \/>\n<meta property=\"og:description\" content=\"O presidente Luiz In\u00e1cio Lula da Silva defendeu uma parceria entre o Brasil e a Europa para acelerar o processo\" \/>\n<meta property=\"og:url\" content=\"https:\/\/brasilnoticias.org\/site\/lula-defende-parceria-com-europa-para-descarbonizacao-durante-agenda-na-alemanha\/\" \/>\n<meta property=\"og:site_name\" content=\"Brasil not\u00edcias\" \/>\n<meta property=\"article:published_time\" content=\"2026-04-20T11:42:58+00:00\" \/>\n<meta property=\"og:image\" content=\"https:\/\/brasilnoticias.org\/site\/wp-content\/uploads\/2026\/04\/55217576548_001114c587_o-1.webp\" \/>\n\t<meta property=\"og:image:width\" content=\"1170\" \/>\n\t<meta property=\"og:image:height\" content=\"700\" \/>\n\t<meta property=\"og:image:type\" content=\"image\/webp\" \/>\n<meta name=\"author\" content=\"Reda\u00e7\u00e3o\" \/>\n<meta name=\"twitter:card\" content=\"summary_large_image\" \/>\n<meta name=\"twitter:label1\" content=\"Escrito por\" \/>\n\t<meta name=\"twitter:data1\" content=\"Reda\u00e7\u00e3o\" \/>\n\t<meta name=\"twitter:label2\" content=\"Tempo estimado de leitura\" \/>\n\t<meta name=\"twitter:data2\" content=\"2 minutos\" \/>\n<script type=\"application\/ld+json\" class=\"yoast-schema-graph\">{\"@context\":\"https:\/\/schema.org\",\"@graph\":[{\"@type\":\"Article\",\"@id\":\"https:\/\/brasilnoticias.org\/site\/lula-defende-parceria-com-europa-para-descarbonizacao-durante-agenda-na-alemanha\/#article\",\"isPartOf\":{\"@id\":\"https:\/\/brasilnoticias.org\/site\/lula-defende-parceria-com-europa-para-descarbonizacao-durante-agenda-na-alemanha\/\"},\"author\":{\"name\":\"Reda\u00e7\u00e3o\",\"@id\":\"https:\/\/brasilnoticias.org\/site\/#\/schema\/person\/03bbbfe6c7634ad18c26444ea39049fa\"},\"headline\":\"Lula defende parceria com Europa para descarboniza\u00e7\u00e3o durante agenda na Alemanha\",\"datePublished\":\"2026-04-20T11:42:58+00:00\",\"mainEntityOfPage\":{\"@id\":\"https:\/\/brasilnoticias.org\/site\/lula-defende-parceria-com-europa-para-descarbonizacao-durante-agenda-na-alemanha\/\"},\"wordCount\":364,\"commentCount\":0,\"publisher\":{\"@id\":\"https:\/\/brasilnoticias.org\/site\/#organization\"},\"image\":{\"@id\":\"https:\/\/brasilnoticias.org\/site\/lula-defende-parceria-com-europa-para-descarbonizacao-durante-agenda-na-alemanha\/#primaryimage\"},\"thumbnailUrl\":\"https:\/\/brasilnoticias.org\/site\/wp-content\/uploads\/2026\/04\/55217576548_001114c587_o-1.webp\",\"articleSection\":[\"Mundo\",\"\u00daltimas\"],\"inLanguage\":\"pt-PT\",\"potentialAction\":[{\"@type\":\"CommentAction\",\"name\":\"Comment\",\"target\":[\"https:\/\/brasilnoticias.org\/site\/lula-defende-parceria-com-europa-para-descarbonizacao-durante-agenda-na-alemanha\/#respond\"]}]},{\"@type\":\"WebPage\",\"@id\":\"https:\/\/brasilnoticias.org\/site\/lula-defende-parceria-com-europa-para-descarbonizacao-durante-agenda-na-alemanha\/\",\"url\":\"https:\/\/brasilnoticias.org\/site\/lula-defende-parceria-com-europa-para-descarbonizacao-durante-agenda-na-alemanha\/\",\"name\":\"Lula defende parceria com Europa para descarboniza\u00e7\u00e3o durante agenda na Alemanha - Brasil not\u00edcias\",\"isPartOf\":{\"@id\":\"https:\/\/brasilnoticias.org\/site\/#website\"},\"primaryImageOfPage\":{\"@id\":\"https:\/\/brasilnoticias.org\/site\/lula-defende-parceria-com-europa-para-descarbonizacao-durante-agenda-na-alemanha\/#primaryimage\"},\"image\":{\"@id\":\"https:\/\/brasilnoticias.org\/site\/lula-defende-parceria-com-europa-para-descarbonizacao-durante-agenda-na-alemanha\/#primaryimage\"},\"thumbnailUrl\":\"https:\/\/brasilnoticias.org\/site\/wp-content\/uploads\/2026\/04\/55217576548_001114c587_o-1.webp\",\"datePublished\":\"2026-04-20T11:42:58+00:00\",\"breadcrumb\":{\"@id\":\"https:\/\/brasilnoticias.org\/site\/lula-defende-parceria-com-europa-para-descarbonizacao-durante-agenda-na-alemanha\/#breadcrumb\"},\"inLanguage\":\"pt-PT\",\"potentialAction\":[{\"@type\":\"ReadAction\",\"target\":[\"https:\/\/brasilnoticias.org\/site\/lula-defende-parceria-com-europa-para-descarbonizacao-durante-agenda-na-alemanha\/\"]}]},{\"@type\":\"ImageObject\",\"inLanguage\":\"pt-PT\",\"@id\":\"https:\/\/brasilnoticias.org\/site\/lula-defende-parceria-com-europa-para-descarbonizacao-durante-agenda-na-alemanha\/#primaryimage\",\"url\":\"https:\/\/brasilnoticias.org\/site\/wp-content\/uploads\/2026\/04\/55217576548_001114c587_o-1.webp\",\"contentUrl\":\"https:\/\/brasilnoticias.org\/site\/wp-content\/uploads\/2026\/04\/55217576548_001114c587_o-1.webp\",\"width\":1170,\"height\":700,\"caption\":\"Ricardo Stuckert \/ PR\"},{\"@type\":\"BreadcrumbList\",\"@id\":\"https:\/\/brasilnoticias.org\/site\/lula-defende-parceria-com-europa-para-descarbonizacao-durante-agenda-na-alemanha\/#breadcrumb\",\"itemListElement\":[{\"@type\":\"ListItem\",\"position\":1,\"name\":\"In\u00edcio\",\"item\":\"https:\/\/brasilnoticias.org\/site\/\"},{\"@type\":\"ListItem\",\"position\":2,\"name\":\"Lula defende parceria com Europa para descarboniza\u00e7\u00e3o durante agenda na Alemanha\"}]},{\"@type\":\"WebSite\",\"@id\":\"https:\/\/brasilnoticias.org\/site\/#website\",\"url\":\"https:\/\/brasilnoticias.org\/site\/\",\"name\":\"Brasil not\u00edcias\",\"description\":\"Brasil not\u00edcias\",\"publisher\":{\"@id\":\"https:\/\/brasilnoticias.org\/site\/#organization\"},\"potentialAction\":[{\"@type\":\"SearchAction\",\"target\":{\"@type\":\"EntryPoint\",\"urlTemplate\":\"https:\/\/brasilnoticias.org\/site\/?s={search_term_string}\"},\"query-input\":{\"@type\":\"PropertyValueSpecification\",\"valueRequired\":true,\"valueName\":\"search_term_string\"}}],\"inLanguage\":\"pt-PT\"},{\"@type\":\"Organization\",\"@id\":\"https:\/\/brasilnoticias.org\/site\/#organization\",\"name\":\"Brasil not\u00edcias\",\"url\":\"https:\/\/brasilnoticias.org\/site\/\",\"logo\":{\"@type\":\"ImageObject\",\"inLanguage\":\"pt-PT\",\"@id\":\"https:\/\/brasilnoticias.org\/site\/#\/schema\/logo\/image\/\",\"url\":\"https:\/\/brasilnoticias.org\/site\/wp-content\/uploads\/2022\/05\/cropped-brasilnoticias-mini.jpg\",\"contentUrl\":\"https:\/\/brasilnoticias.org\/site\/wp-content\/uploads\/2022\/05\/cropped-brasilnoticias-mini.jpg\",\"width\":314,\"height\":86,\"caption\":\"Brasil not\u00edcias\"},\"image\":{\"@id\":\"https:\/\/brasilnoticias.org\/site\/#\/schema\/logo\/image\/\"}},{\"@type\":\"Person\",\"@id\":\"https:\/\/brasilnoticias.org\/site\/#\/schema\/person\/03bbbfe6c7634ad18c26444ea39049fa\",\"name\":\"Reda\u00e7\u00e3o\",\"image\":{\"@type\":\"ImageObject\",\"inLanguage\":\"pt-PT\",\"@id\":\"https:\/\/brasilnoticias.org\/site\/#\/schema\/person\/image\/\",\"url\":\"https:\/\/secure.gravatar.com\/avatar\/9ecaf7327a696cb23ad926fedded5f1f04d7049de9e445375d55b48c001a6e42?s=96&d=mm&r=g\",\"contentUrl\":\"https:\/\/secure.gravatar.com\/avatar\/9ecaf7327a696cb23ad926fedded5f1f04d7049de9e445375d55b48c001a6e42?s=96&d=mm&r=g\",\"caption\":\"Reda\u00e7\u00e3o\"},\"url\":\"https:\/\/brasilnoticias.org\/site\/author\/henrique\/\"}]}<\/script>\n<!-- \/ Yoast SEO plugin. -->","yoast_head_json":{"title":"Lula defende parceria com Europa para descarboniza\u00e7\u00e3o durante agenda na Alemanha - Brasil not\u00edcias","robots":{"index":"index","follow":"follow","max-snippet":"max-snippet:-1","max-image-preview":"max-image-preview:large","max-video-preview":"max-video-preview:-1"},"canonical":"https:\/\/brasilnoticias.org\/site\/lula-defende-parceria-com-europa-para-descarbonizacao-durante-agenda-na-alemanha\/","og_locale":"pt_PT","og_type":"article","og_title":"Lula defende parceria com Europa para descarboniza\u00e7\u00e3o durante agenda na Alemanha - Brasil not\u00edcias","og_description":"O presidente Luiz In\u00e1cio Lula da Silva defendeu uma parceria entre o Brasil e a Europa para acelerar o processo","og_url":"https:\/\/brasilnoticias.org\/site\/lula-defende-parceria-com-europa-para-descarbonizacao-durante-agenda-na-alemanha\/","og_site_name":"Brasil not\u00edcias","article_published_time":"2026-04-20T11:42:58+00:00","og_image":[{"width":1170,"height":700,"url":"https:\/\/brasilnoticias.org\/site\/wp-content\/uploads\/2026\/04\/55217576548_001114c587_o-1.webp","type":"image\/webp"}],"author":"Reda\u00e7\u00e3o","twitter_card":"summary_large_image","twitter_misc":{"Escrito por":"Reda\u00e7\u00e3o","Tempo estimado de leitura":"2 minutos"},"schema":{"@context":"https:\/\/schema.org","@graph":[{"@type":"Article","@id":"https:\/\/brasilnoticias.org\/site\/lula-defende-parceria-com-europa-para-descarbonizacao-durante-agenda-na-alemanha\/#article","isPartOf":{"@id":"https:\/\/brasilnoticias.org\/site\/lula-defende-parceria-com-europa-para-descarbonizacao-durante-agenda-na-alemanha\/"},"author":{"name":"Reda\u00e7\u00e3o","@id":"https:\/\/brasilnoticias.org\/site\/#\/schema\/person\/03bbbfe6c7634ad18c26444ea39049fa"},"headline":"Lula defende parceria com Europa para descarboniza\u00e7\u00e3o durante agenda na Alemanha","datePublished":"2026-04-20T11:42:58+00:00","mainEntityOfPage":{"@id":"https:\/\/brasilnoticias.org\/site\/lula-defende-parceria-com-europa-para-descarbonizacao-durante-agenda-na-alemanha\/"},"wordCount":364,"commentCount":0,"publisher":{"@id":"https:\/\/brasilnoticias.org\/site\/#organization"},"image":{"@id":"https:\/\/brasilnoticias.org\/site\/lula-defende-parceria-com-europa-para-descarbonizacao-durante-agenda-na-alemanha\/#primaryimage"},"thumbnailUrl":"https:\/\/brasilnoticias.org\/site\/wp-content\/uploads\/2026\/04\/55217576548_001114c587_o-1.webp","articleSection":["Mundo","\u00daltimas"],"inLanguage":"pt-PT","potentialAction":[{"@type":"CommentAction","name":"Comment","target":["https:\/\/brasilnoticias.org\/site\/lula-defende-parceria-com-europa-para-descarbonizacao-durante-agenda-na-alemanha\/#respond"]}]},{"@type":"WebPage","@id":"https:\/\/brasilnoticias.org\/site\/lula-defende-parceria-com-europa-para-descarbonizacao-durante-agenda-na-alemanha\/","url":"https:\/\/brasilnoticias.org\/site\/lula-defende-parceria-com-europa-para-descarbonizacao-durante-agenda-na-alemanha\/","name":"Lula defende parceria com Europa para descarboniza\u00e7\u00e3o durante agenda na Alemanha - Brasil not\u00edcias","isPartOf":{"@id":"https:\/\/brasilnoticias.org\/site\/#website"},"primaryImageOfPage":{"@id":"https:\/\/brasilnoticias.org\/site\/lula-defende-parceria-com-europa-para-descarbonizacao-durante-agenda-na-alemanha\/#primaryimage"},"image":{"@id":"https:\/\/brasilnoticias.org\/site\/lula-defende-parceria-com-europa-para-descarbonizacao-durante-agenda-na-alemanha\/#primaryimage"},"thumbnailUrl":"https:\/\/brasilnoticias.org\/site\/wp-content\/uploads\/2026\/04\/55217576548_001114c587_o-1.webp","datePublished":"2026-04-20T11:42:58+00:00","breadcrumb":{"@id":"https:\/\/brasilnoticias.org\/site\/lula-defende-parceria-com-europa-para-descarbonizacao-durante-agenda-na-alemanha\/#breadcrumb"},"inLanguage":"pt-PT","potentialAction":[{"@type":"ReadAction","target":["https:\/\/brasilnoticias.org\/site\/lula-defende-parceria-com-europa-para-descarbonizacao-durante-agenda-na-alemanha\/"]}]},{"@type":"ImageObject","inLanguage":"pt-PT","@id":"https:\/\/brasilnoticias.org\/site\/lula-defende-parceria-com-europa-para-descarbonizacao-durante-agenda-na-alemanha\/#primaryimage","url":"https:\/\/brasilnoticias.org\/site\/wp-content\/uploads\/2026\/04\/55217576548_001114c587_o-1.webp","contentUrl":"https:\/\/brasilnoticias.org\/site\/wp-content\/uploads\/2026\/04\/55217576548_001114c587_o-1.webp","width":1170,"height":700,"caption":"Ricardo Stuckert \/ PR"},{"@type":"BreadcrumbList","@id":"https:\/\/brasilnoticias.org\/site\/lula-defende-parceria-com-europa-para-descarbonizacao-durante-agenda-na-alemanha\/#breadcrumb","itemListElement":[{"@type":"ListItem","position":1,"name":"In\u00edcio","item":"https:\/\/brasilnoticias.org\/site\/"},{"@type":"ListItem","position":2,"name":"Lula defende parceria com Europa para descarboniza\u00e7\u00e3o durante agenda na Alemanha"}]},{"@type":"WebSite","@id":"https:\/\/brasilnoticias.org\/site\/#website","url":"https:\/\/brasilnoticias.org\/site\/","name":"Brasil not\u00edcias","description":"Brasil not\u00edcias","publisher":{"@id":"https:\/\/brasilnoticias.org\/site\/#organization"},"potentialAction":[{"@type":"SearchAction","target":{"@type":"EntryPoint","urlTemplate":"https:\/\/brasilnoticias.org\/site\/?s={search_term_string}"},"query-input":{"@type":"PropertyValueSpecification","valueRequired":true,"valueName":"search_term_string"}}],"inLanguage":"pt-PT"},{"@type":"Organization","@id":"https:\/\/brasilnoticias.org\/site\/#organization","name":"Brasil not\u00edcias","url":"https:\/\/brasilnoticias.org\/site\/","logo":{"@type":"ImageObject","inLanguage":"pt-PT","@id":"https:\/\/brasilnoticias.org\/site\/#\/schema\/logo\/image\/","url":"https:\/\/brasilnoticias.org\/site\/wp-content\/uploads\/2022\/05\/cropped-brasilnoticias-mini.jpg","contentUrl":"https:\/\/brasilnoticias.org\/site\/wp-content\/uploads\/2022\/05\/cropped-brasilnoticias-mini.jpg","width":314,"height":86,"caption":"Brasil not\u00edcias"},"image":{"@id":"https:\/\/brasilnoticias.org\/site\/#\/schema\/logo\/image\/"}},{"@type":"Person","@id":"https:\/\/brasilnoticias.org\/site\/#\/schema\/person\/03bbbfe6c7634ad18c26444ea39049fa","name":"Reda\u00e7\u00e3o","image":{"@type":"ImageObject","inLanguage":"pt-PT","@id":"https:\/\/brasilnoticias.org\/site\/#\/schema\/person\/image\/","url":"https:\/\/secure.gravatar.com\/avatar\/9ecaf7327a696cb23ad926fedded5f1f04d7049de9e445375d55b48c001a6e42?s=96&d=mm&r=g","contentUrl":"https:\/\/secure.gravatar.com\/avatar\/9ecaf7327a696cb23ad926fedded5f1f04d7049de9e445375d55b48c001a6e42?s=96&d=mm&r=g","caption":"Reda\u00e7\u00e3o"},"url":"https:\/\/brasilnoticias.org\/site\/author\/henrique\/"}]}},"_links":{"self":[{"href":"https:\/\/brasilnoticias.org\/site\/wp-json\/wp\/v2\/posts\/21664","targetHints":{"allow":["GET"]}}],"collection":[{"href":"https:\/\/brasilnoticias.org\/site\/wp-json\/wp\/v2\/posts"}],"about":[{"href":"https:\/\/brasilnoticias.org\/site\/wp-json\/wp\/v2\/types\/post"}],"author":[{"embeddable":true,"href":"https:\/\/brasilnoticias.org\/site\/wp-json\/wp\/v2\/users\/4"}],"replies":[{"embeddable":true,"href":"https:\/\/brasilnoticias.org\/site\/wp-json\/wp\/v2\/comments?post=21664"}],"version-history":[{"count":1,"href":"https:\/\/brasilnoticias.org\/site\/wp-json\/wp\/v2\/posts\/21664\/revisions"}],"predecessor-version":[{"id":21666,"href":"https:\/\/brasilnoticias.org\/site\/wp-json\/wp\/v2\/posts\/21664\/revisions\/21666"}],"wp:featuredmedia":[{"embeddable":true,"href":"https:\/\/brasilnoticias.org\/site\/wp-json\/wp\/v2\/media\/21665"}],"wp:attachment":[{"href":"https:\/\/brasilnoticias.org\/site\/wp-json\/wp\/v2\/media?parent=21664"}],"wp:term":[{"taxonomy":"category","embeddable":true,"href":"https:\/\/brasilnoticias.org\/site\/wp-json\/wp\/v2\/categories?post=21664"},{"taxonomy":"post_tag","embeddable":true,"href":"https:\/\/brasilnoticias.org\/site\/wp-json\/wp\/v2\/tags?post=21664"}],"curies":[{"name":"wp","href":"https:\/\/api.w.org\/{rel}","templated":true}]}}