{"id":21670,"date":"2026-04-20T08:51:49","date_gmt":"2026-04-20T11:51:49","guid":{"rendered":"https:\/\/brasilnoticias.org\/site\/?p=21670"},"modified":"2026-04-20T08:51:49","modified_gmt":"2026-04-20T11:51:49","slug":"avo-e-neto-morrem-apos-carro-desgovernado-invadir-garagem-de-casa-no-interior-da-bahia","status":"publish","type":"post","link":"https:\/\/brasilnoticias.org\/site\/avo-e-neto-morrem-apos-carro-desgovernado-invadir-garagem-de-casa-no-interior-da-bahia\/","title":{"rendered":"Av\u00f3 e neto morrem ap\u00f3s carro desgovernado invadir garagem de casa no interior da Bahia"},"content":{"rendered":"<p data-start=\"179\" data-end=\"394\">Uma trag\u00e9dia foi registrada no interior da Bahia ap\u00f3s um carro desgovernado invadir a garagem de uma resid\u00eancia e atingir duas pessoas da mesma fam\u00edlia. As v\u00edtimas, uma idosa e o neto, n\u00e3o resistiram aos ferimentos.<\/p>\n<h3 data-section-id=\"3bkfw2\" data-start=\"396\" data-end=\"429\">Acidente dentro de resid\u00eancia<\/h3>\n<p data-start=\"431\" data-end=\"589\">De acordo com informa\u00e7\u00f5es iniciais, o ve\u00edculo perdeu o controle e acabou invadindo a garagem do im\u00f3vel, atingindo diretamente as v\u00edtimas que estavam no local.<\/p>\n<p data-start=\"591\" data-end=\"717\">O impacto foi forte e causou ferimentos graves, provocando a morte da av\u00f3 e do neto ainda no local ou pouco depois do socorro.<\/p>\n<h3 data-section-id=\"6imq3\" data-start=\"719\" data-end=\"749\">Circunst\u00e2ncias do acidente<\/h3>\n<p data-start=\"751\" data-end=\"919\">As circunst\u00e2ncias exatas do ocorrido ainda est\u00e3o sendo apuradas. Entre as hip\u00f3teses investigadas est\u00e3o falha mec\u00e2nica, erro do condutor ou perda de controle do ve\u00edculo.<\/p>\n<p data-start=\"921\" data-end=\"1003\">N\u00e3o h\u00e1 confirma\u00e7\u00e3o oficial, at\u00e9 o momento, sobre o que teria provocado o acidente.<\/p>\n<h3 data-section-id=\"1fxzs63\" data-start=\"1005\" data-end=\"1030\">Como\u00e7\u00e3o na comunidade<\/h3>\n<p data-start=\"1032\" data-end=\"1153\">O caso gerou grande como\u00e7\u00e3o na cidade, especialmente pelo fato de envolver familiares e ocorrer dentro de uma resid\u00eancia.<\/p>\n<p data-start=\"1155\" data-end=\"1252\">Moradores da regi\u00e3o relataram surpresa com a gravidade da ocorr\u00eancia, considerada uma fatalidade.<\/p>\n<h3 data-section-id=\"q5haum\" data-start=\"1254\" data-end=\"1283\">Investiga\u00e7\u00e3o em andamento<\/h3>\n<p data-start=\"1285\" data-end=\"1370\">As autoridades devem realizar per\u00edcia no local para esclarecer as causas do acidente.<\/p>\n<p data-start=\"1372\" data-end=\"1489\">O caso ser\u00e1 acompanhado pela Pol\u00edcia Civil, que deve ouvir testemunhas e analisar as condi\u00e7\u00f5es do ve\u00edculo e do local.<\/p>\n","protected":false},"excerpt":{"rendered":"<p>Uma trag\u00e9dia foi registrada no interior da Bahia ap\u00f3s um carro desgovernado invadir a garagem de uma resid\u00eancia e atingir<\/p>\n","protected":false},"author":4,"featured_media":21671,"comment_status":"open","ping_status":"open","sticky":false,"template":"","format":"standard","meta":{"colormag_page_container_layout":"default_layout","colormag_page_sidebar_layout":"default_layout","_FSMCFIC_featured_image_caption":"","_FSMCFIC_featured_image_nocaption":"","_FSMCFIC_featured_image_hide":"","footnotes":""},"categories":[3,1],"tags":[],"class_list":["post-21670","post","type-post","status-publish","format-standard","has-post-thumbnail","hentry","category-policia","category-ultimas"],"yoast_head":"<!-- This site is optimized with the Yoast SEO plugin v27.1.1 - https:\/\/yoast.com\/product\/yoast-seo-wordpress\/ -->\n<title>Av\u00f3 e neto morrem ap\u00f3s carro desgovernado invadir garagem de casa no interior da Bahia - Brasil not\u00edcias<\/title>\n<meta name=\"robots\" content=\"index, follow, max-snippet:-1, max-image-preview:large, max-video-preview:-1\" \/>\n<link rel=\"canonical\" href=\"https:\/\/brasilnoticias.org\/site\/avo-e-neto-morrem-apos-carro-desgovernado-invadir-garagem-de-casa-no-interior-da-bahia\/\" \/>\n<meta property=\"og:locale\" content=\"pt_PT\" \/>\n<meta property=\"og:type\" content=\"article\" \/>\n<meta property=\"og:title\" content=\"Av\u00f3 e neto morrem ap\u00f3s carro desgovernado invadir garagem de casa no interior da Bahia - Brasil not\u00edcias\" \/>\n<meta property=\"og:description\" content=\"Uma trag\u00e9dia foi registrada no interior da Bahia ap\u00f3s um carro desgovernado invadir a garagem de uma resid\u00eancia e atingir\" \/>\n<meta property=\"og:url\" content=\"https:\/\/brasilnoticias.org\/site\/avo-e-neto-morrem-apos-carro-desgovernado-invadir-garagem-de-casa-no-interior-da-bahia\/\" \/>\n<meta property=\"og:site_name\" content=\"Brasil not\u00edcias\" \/>\n<meta property=\"article:published_time\" content=\"2026-04-20T11:51:49+00:00\" \/>\n<meta property=\"og:image\" content=\"https:\/\/brasilnoticias.org\/site\/wp-content\/uploads\/2026\/04\/image-47_widelg.webp\" \/>\n\t<meta property=\"og:image:width\" content=\"800\" \/>\n\t<meta property=\"og:image:height\" content=\"450\" \/>\n\t<meta property=\"og:image:type\" content=\"image\/webp\" \/>\n<meta name=\"author\" content=\"Reda\u00e7\u00e3o\" \/>\n<meta name=\"twitter:card\" content=\"summary_large_image\" \/>\n<meta name=\"twitter:label1\" content=\"Escrito por\" \/>\n\t<meta name=\"twitter:data1\" content=\"Reda\u00e7\u00e3o\" \/>\n\t<meta name=\"twitter:label2\" content=\"Tempo estimado de leitura\" \/>\n\t<meta name=\"twitter:data2\" content=\"2 minutos\" \/>\n<script type=\"application\/ld+json\" class=\"yoast-schema-graph\">{\"@context\":\"https:\/\/schema.org\",\"@graph\":[{\"@type\":\"Article\",\"@id\":\"https:\/\/brasilnoticias.org\/site\/avo-e-neto-morrem-apos-carro-desgovernado-invadir-garagem-de-casa-no-interior-da-bahia\/#article\",\"isPartOf\":{\"@id\":\"https:\/\/brasilnoticias.org\/site\/avo-e-neto-morrem-apos-carro-desgovernado-invadir-garagem-de-casa-no-interior-da-bahia\/\"},\"author\":{\"name\":\"Reda\u00e7\u00e3o\",\"@id\":\"https:\/\/brasilnoticias.org\/site\/#\/schema\/person\/03bbbfe6c7634ad18c26444ea39049fa\"},\"headline\":\"Av\u00f3 e neto morrem ap\u00f3s carro desgovernado invadir garagem de casa no interior da Bahia\",\"datePublished\":\"2026-04-20T11:51:49+00:00\",\"mainEntityOfPage\":{\"@id\":\"https:\/\/brasilnoticias.org\/site\/avo-e-neto-morrem-apos-carro-desgovernado-invadir-garagem-de-casa-no-interior-da-bahia\/\"},\"wordCount\":248,\"commentCount\":0,\"publisher\":{\"@id\":\"https:\/\/brasilnoticias.org\/site\/#organization\"},\"image\":{\"@id\":\"https:\/\/brasilnoticias.org\/site\/avo-e-neto-morrem-apos-carro-desgovernado-invadir-garagem-de-casa-no-interior-da-bahia\/#primaryimage\"},\"thumbnailUrl\":\"https:\/\/brasilnoticias.org\/site\/wp-content\/uploads\/2026\/04\/image-47_widelg.webp\",\"articleSection\":[\"Pol\u00edcia\",\"\u00daltimas\"],\"inLanguage\":\"pt-PT\",\"potentialAction\":[{\"@type\":\"CommentAction\",\"name\":\"Comment\",\"target\":[\"https:\/\/brasilnoticias.org\/site\/avo-e-neto-morrem-apos-carro-desgovernado-invadir-garagem-de-casa-no-interior-da-bahia\/#respond\"]}]},{\"@type\":\"WebPage\",\"@id\":\"https:\/\/brasilnoticias.org\/site\/avo-e-neto-morrem-apos-carro-desgovernado-invadir-garagem-de-casa-no-interior-da-bahia\/\",\"url\":\"https:\/\/brasilnoticias.org\/site\/avo-e-neto-morrem-apos-carro-desgovernado-invadir-garagem-de-casa-no-interior-da-bahia\/\",\"name\":\"Av\u00f3 e neto morrem ap\u00f3s carro desgovernado invadir garagem de casa no interior da Bahia - Brasil not\u00edcias\",\"isPartOf\":{\"@id\":\"https:\/\/brasilnoticias.org\/site\/#website\"},\"primaryImageOfPage\":{\"@id\":\"https:\/\/brasilnoticias.org\/site\/avo-e-neto-morrem-apos-carro-desgovernado-invadir-garagem-de-casa-no-interior-da-bahia\/#primaryimage\"},\"image\":{\"@id\":\"https:\/\/brasilnoticias.org\/site\/avo-e-neto-morrem-apos-carro-desgovernado-invadir-garagem-de-casa-no-interior-da-bahia\/#primaryimage\"},\"thumbnailUrl\":\"https:\/\/brasilnoticias.org\/site\/wp-content\/uploads\/2026\/04\/image-47_widelg.webp\",\"datePublished\":\"2026-04-20T11:51:49+00:00\",\"breadcrumb\":{\"@id\":\"https:\/\/brasilnoticias.org\/site\/avo-e-neto-morrem-apos-carro-desgovernado-invadir-garagem-de-casa-no-interior-da-bahia\/#breadcrumb\"},\"inLanguage\":\"pt-PT\",\"potentialAction\":[{\"@type\":\"ReadAction\",\"target\":[\"https:\/\/brasilnoticias.org\/site\/avo-e-neto-morrem-apos-carro-desgovernado-invadir-garagem-de-casa-no-interior-da-bahia\/\"]}]},{\"@type\":\"ImageObject\",\"inLanguage\":\"pt-PT\",\"@id\":\"https:\/\/brasilnoticias.org\/site\/avo-e-neto-morrem-apos-carro-desgovernado-invadir-garagem-de-casa-no-interior-da-bahia\/#primaryimage\",\"url\":\"https:\/\/brasilnoticias.org\/site\/wp-content\/uploads\/2026\/04\/image-47_widelg.webp\",\"contentUrl\":\"https:\/\/brasilnoticias.org\/site\/wp-content\/uploads\/2026\/04\/image-47_widelg.webp\",\"width\":800,\"height\":450,\"caption\":\"Reprodu\u00e7\u00e3o \/ Redes Sociais\"},{\"@type\":\"BreadcrumbList\",\"@id\":\"https:\/\/brasilnoticias.org\/site\/avo-e-neto-morrem-apos-carro-desgovernado-invadir-garagem-de-casa-no-interior-da-bahia\/#breadcrumb\",\"itemListElement\":[{\"@type\":\"ListItem\",\"position\":1,\"name\":\"In\u00edcio\",\"item\":\"https:\/\/brasilnoticias.org\/site\/\"},{\"@type\":\"ListItem\",\"position\":2,\"name\":\"Av\u00f3 e neto morrem ap\u00f3s carro desgovernado invadir garagem de casa no interior da Bahia\"}]},{\"@type\":\"WebSite\",\"@id\":\"https:\/\/brasilnoticias.org\/site\/#website\",\"url\":\"https:\/\/brasilnoticias.org\/site\/\",\"name\":\"Brasil not\u00edcias\",\"description\":\"Brasil not\u00edcias\",\"publisher\":{\"@id\":\"https:\/\/brasilnoticias.org\/site\/#organization\"},\"potentialAction\":[{\"@type\":\"SearchAction\",\"target\":{\"@type\":\"EntryPoint\",\"urlTemplate\":\"https:\/\/brasilnoticias.org\/site\/?s={search_term_string}\"},\"query-input\":{\"@type\":\"PropertyValueSpecification\",\"valueRequired\":true,\"valueName\":\"search_term_string\"}}],\"inLanguage\":\"pt-PT\"},{\"@type\":\"Organization\",\"@id\":\"https:\/\/brasilnoticias.org\/site\/#organization\",\"name\":\"Brasil not\u00edcias\",\"url\":\"https:\/\/brasilnoticias.org\/site\/\",\"logo\":{\"@type\":\"ImageObject\",\"inLanguage\":\"pt-PT\",\"@id\":\"https:\/\/brasilnoticias.org\/site\/#\/schema\/logo\/image\/\",\"url\":\"https:\/\/brasilnoticias.org\/site\/wp-content\/uploads\/2022\/05\/cropped-brasilnoticias-mini.jpg\",\"contentUrl\":\"https:\/\/brasilnoticias.org\/site\/wp-content\/uploads\/2022\/05\/cropped-brasilnoticias-mini.jpg\",\"width\":314,\"height\":86,\"caption\":\"Brasil not\u00edcias\"},\"image\":{\"@id\":\"https:\/\/brasilnoticias.org\/site\/#\/schema\/logo\/image\/\"}},{\"@type\":\"Person\",\"@id\":\"https:\/\/brasilnoticias.org\/site\/#\/schema\/person\/03bbbfe6c7634ad18c26444ea39049fa\",\"name\":\"Reda\u00e7\u00e3o\",\"image\":{\"@type\":\"ImageObject\",\"inLanguage\":\"pt-PT\",\"@id\":\"https:\/\/brasilnoticias.org\/site\/#\/schema\/person\/image\/\",\"url\":\"https:\/\/secure.gravatar.com\/avatar\/9ecaf7327a696cb23ad926fedded5f1f04d7049de9e445375d55b48c001a6e42?s=96&d=mm&r=g\",\"contentUrl\":\"https:\/\/secure.gravatar.com\/avatar\/9ecaf7327a696cb23ad926fedded5f1f04d7049de9e445375d55b48c001a6e42?s=96&d=mm&r=g\",\"caption\":\"Reda\u00e7\u00e3o\"},\"url\":\"https:\/\/brasilnoticias.org\/site\/author\/henrique\/\"}]}<\/script>\n<!-- \/ Yoast SEO plugin. -->","yoast_head_json":{"title":"Av\u00f3 e neto morrem ap\u00f3s carro desgovernado invadir garagem de casa no interior da Bahia - Brasil not\u00edcias","robots":{"index":"index","follow":"follow","max-snippet":"max-snippet:-1","max-image-preview":"max-image-preview:large","max-video-preview":"max-video-preview:-1"},"canonical":"https:\/\/brasilnoticias.org\/site\/avo-e-neto-morrem-apos-carro-desgovernado-invadir-garagem-de-casa-no-interior-da-bahia\/","og_locale":"pt_PT","og_type":"article","og_title":"Av\u00f3 e neto morrem ap\u00f3s carro desgovernado invadir garagem de casa no interior da Bahia - Brasil not\u00edcias","og_description":"Uma trag\u00e9dia foi registrada no interior da Bahia ap\u00f3s um carro desgovernado invadir a garagem de uma resid\u00eancia e atingir","og_url":"https:\/\/brasilnoticias.org\/site\/avo-e-neto-morrem-apos-carro-desgovernado-invadir-garagem-de-casa-no-interior-da-bahia\/","og_site_name":"Brasil not\u00edcias","article_published_time":"2026-04-20T11:51:49+00:00","og_image":[{"width":800,"height":450,"url":"https:\/\/brasilnoticias.org\/site\/wp-content\/uploads\/2026\/04\/image-47_widelg.webp","type":"image\/webp"}],"author":"Reda\u00e7\u00e3o","twitter_card":"summary_large_image","twitter_misc":{"Escrito por":"Reda\u00e7\u00e3o","Tempo estimado de leitura":"2 minutos"},"schema":{"@context":"https:\/\/schema.org","@graph":[{"@type":"Article","@id":"https:\/\/brasilnoticias.org\/site\/avo-e-neto-morrem-apos-carro-desgovernado-invadir-garagem-de-casa-no-interior-da-bahia\/#article","isPartOf":{"@id":"https:\/\/brasilnoticias.org\/site\/avo-e-neto-morrem-apos-carro-desgovernado-invadir-garagem-de-casa-no-interior-da-bahia\/"},"author":{"name":"Reda\u00e7\u00e3o","@id":"https:\/\/brasilnoticias.org\/site\/#\/schema\/person\/03bbbfe6c7634ad18c26444ea39049fa"},"headline":"Av\u00f3 e neto morrem ap\u00f3s carro desgovernado invadir garagem de casa no interior da Bahia","datePublished":"2026-04-20T11:51:49+00:00","mainEntityOfPage":{"@id":"https:\/\/brasilnoticias.org\/site\/avo-e-neto-morrem-apos-carro-desgovernado-invadir-garagem-de-casa-no-interior-da-bahia\/"},"wordCount":248,"commentCount":0,"publisher":{"@id":"https:\/\/brasilnoticias.org\/site\/#organization"},"image":{"@id":"https:\/\/brasilnoticias.org\/site\/avo-e-neto-morrem-apos-carro-desgovernado-invadir-garagem-de-casa-no-interior-da-bahia\/#primaryimage"},"thumbnailUrl":"https:\/\/brasilnoticias.org\/site\/wp-content\/uploads\/2026\/04\/image-47_widelg.webp","articleSection":["Pol\u00edcia","\u00daltimas"],"inLanguage":"pt-PT","potentialAction":[{"@type":"CommentAction","name":"Comment","target":["https:\/\/brasilnoticias.org\/site\/avo-e-neto-morrem-apos-carro-desgovernado-invadir-garagem-de-casa-no-interior-da-bahia\/#respond"]}]},{"@type":"WebPage","@id":"https:\/\/brasilnoticias.org\/site\/avo-e-neto-morrem-apos-carro-desgovernado-invadir-garagem-de-casa-no-interior-da-bahia\/","url":"https:\/\/brasilnoticias.org\/site\/avo-e-neto-morrem-apos-carro-desgovernado-invadir-garagem-de-casa-no-interior-da-bahia\/","name":"Av\u00f3 e neto morrem ap\u00f3s carro desgovernado invadir garagem de casa no interior da Bahia - Brasil not\u00edcias","isPartOf":{"@id":"https:\/\/brasilnoticias.org\/site\/#website"},"primaryImageOfPage":{"@id":"https:\/\/brasilnoticias.org\/site\/avo-e-neto-morrem-apos-carro-desgovernado-invadir-garagem-de-casa-no-interior-da-bahia\/#primaryimage"},"image":{"@id":"https:\/\/brasilnoticias.org\/site\/avo-e-neto-morrem-apos-carro-desgovernado-invadir-garagem-de-casa-no-interior-da-bahia\/#primaryimage"},"thumbnailUrl":"https:\/\/brasilnoticias.org\/site\/wp-content\/uploads\/2026\/04\/image-47_widelg.webp","datePublished":"2026-04-20T11:51:49+00:00","breadcrumb":{"@id":"https:\/\/brasilnoticias.org\/site\/avo-e-neto-morrem-apos-carro-desgovernado-invadir-garagem-de-casa-no-interior-da-bahia\/#breadcrumb"},"inLanguage":"pt-PT","potentialAction":[{"@type":"ReadAction","target":["https:\/\/brasilnoticias.org\/site\/avo-e-neto-morrem-apos-carro-desgovernado-invadir-garagem-de-casa-no-interior-da-bahia\/"]}]},{"@type":"ImageObject","inLanguage":"pt-PT","@id":"https:\/\/brasilnoticias.org\/site\/avo-e-neto-morrem-apos-carro-desgovernado-invadir-garagem-de-casa-no-interior-da-bahia\/#primaryimage","url":"https:\/\/brasilnoticias.org\/site\/wp-content\/uploads\/2026\/04\/image-47_widelg.webp","contentUrl":"https:\/\/brasilnoticias.org\/site\/wp-content\/uploads\/2026\/04\/image-47_widelg.webp","width":800,"height":450,"caption":"Reprodu\u00e7\u00e3o \/ Redes Sociais"},{"@type":"BreadcrumbList","@id":"https:\/\/brasilnoticias.org\/site\/avo-e-neto-morrem-apos-carro-desgovernado-invadir-garagem-de-casa-no-interior-da-bahia\/#breadcrumb","itemListElement":[{"@type":"ListItem","position":1,"name":"In\u00edcio","item":"https:\/\/brasilnoticias.org\/site\/"},{"@type":"ListItem","position":2,"name":"Av\u00f3 e neto morrem ap\u00f3s carro desgovernado invadir garagem de casa no interior da Bahia"}]},{"@type":"WebSite","@id":"https:\/\/brasilnoticias.org\/site\/#website","url":"https:\/\/brasilnoticias.org\/site\/","name":"Brasil not\u00edcias","description":"Brasil not\u00edcias","publisher":{"@id":"https:\/\/brasilnoticias.org\/site\/#organization"},"potentialAction":[{"@type":"SearchAction","target":{"@type":"EntryPoint","urlTemplate":"https:\/\/brasilnoticias.org\/site\/?s={search_term_string}"},"query-input":{"@type":"PropertyValueSpecification","valueRequired":true,"valueName":"search_term_string"}}],"inLanguage":"pt-PT"},{"@type":"Organization","@id":"https:\/\/brasilnoticias.org\/site\/#organization","name":"Brasil not\u00edcias","url":"https:\/\/brasilnoticias.org\/site\/","logo":{"@type":"ImageObject","inLanguage":"pt-PT","@id":"https:\/\/brasilnoticias.org\/site\/#\/schema\/logo\/image\/","url":"https:\/\/brasilnoticias.org\/site\/wp-content\/uploads\/2022\/05\/cropped-brasilnoticias-mini.jpg","contentUrl":"https:\/\/brasilnoticias.org\/site\/wp-content\/uploads\/2022\/05\/cropped-brasilnoticias-mini.jpg","width":314,"height":86,"caption":"Brasil not\u00edcias"},"image":{"@id":"https:\/\/brasilnoticias.org\/site\/#\/schema\/logo\/image\/"}},{"@type":"Person","@id":"https:\/\/brasilnoticias.org\/site\/#\/schema\/person\/03bbbfe6c7634ad18c26444ea39049fa","name":"Reda\u00e7\u00e3o","image":{"@type":"ImageObject","inLanguage":"pt-PT","@id":"https:\/\/brasilnoticias.org\/site\/#\/schema\/person\/image\/","url":"https:\/\/secure.gravatar.com\/avatar\/9ecaf7327a696cb23ad926fedded5f1f04d7049de9e445375d55b48c001a6e42?s=96&d=mm&r=g","contentUrl":"https:\/\/secure.gravatar.com\/avatar\/9ecaf7327a696cb23ad926fedded5f1f04d7049de9e445375d55b48c001a6e42?s=96&d=mm&r=g","caption":"Reda\u00e7\u00e3o"},"url":"https:\/\/brasilnoticias.org\/site\/author\/henrique\/"}]}},"_links":{"self":[{"href":"https:\/\/brasilnoticias.org\/site\/wp-json\/wp\/v2\/posts\/21670","targetHints":{"allow":["GET"]}}],"collection":[{"href":"https:\/\/brasilnoticias.org\/site\/wp-json\/wp\/v2\/posts"}],"about":[{"href":"https:\/\/brasilnoticias.org\/site\/wp-json\/wp\/v2\/types\/post"}],"author":[{"embeddable":true,"href":"https:\/\/brasilnoticias.org\/site\/wp-json\/wp\/v2\/users\/4"}],"replies":[{"embeddable":true,"href":"https:\/\/brasilnoticias.org\/site\/wp-json\/wp\/v2\/comments?post=21670"}],"version-history":[{"count":1,"href":"https:\/\/brasilnoticias.org\/site\/wp-json\/wp\/v2\/posts\/21670\/revisions"}],"predecessor-version":[{"id":21672,"href":"https:\/\/brasilnoticias.org\/site\/wp-json\/wp\/v2\/posts\/21670\/revisions\/21672"}],"wp:featuredmedia":[{"embeddable":true,"href":"https:\/\/brasilnoticias.org\/site\/wp-json\/wp\/v2\/media\/21671"}],"wp:attachment":[{"href":"https:\/\/brasilnoticias.org\/site\/wp-json\/wp\/v2\/media?parent=21670"}],"wp:term":[{"taxonomy":"category","embeddable":true,"href":"https:\/\/brasilnoticias.org\/site\/wp-json\/wp\/v2\/categories?post=21670"},{"taxonomy":"post_tag","embeddable":true,"href":"https:\/\/brasilnoticias.org\/site\/wp-json\/wp\/v2\/tags?post=21670"}],"curies":[{"name":"wp","href":"https:\/\/api.w.org\/{rel}","templated":true}]}}