{"id":21673,"date":"2026-04-20T08:56:51","date_gmt":"2026-04-20T11:56:51","guid":{"rendered":"https:\/\/brasilnoticias.org\/site\/?p=21673"},"modified":"2026-04-20T08:56:51","modified_gmt":"2026-04-20T11:56:51","slug":"pm-apreende-mais-de-15-mil-animais-silvestres-durante-operacao-em-valenca","status":"publish","type":"post","link":"https:\/\/brasilnoticias.org\/site\/pm-apreende-mais-de-15-mil-animais-silvestres-durante-operacao-em-valenca\/","title":{"rendered":"PM apreende mais de 1,5 mil animais silvestres durante opera\u00e7\u00e3o em Valen\u00e7a"},"content":{"rendered":"<p data-start=\"167\" data-end=\"322\">A Pol\u00edcia Militar realizou a apreens\u00e3o de mais de 1,5 mil animais silvestres durante uma opera\u00e7\u00e3o ambiental no munic\u00edpio de Valen\u00e7a, no Baixo Sul da Bahia.<\/p>\n<p data-start=\"324\" data-end=\"495\">A a\u00e7\u00e3o ocorreu durante o per\u00edodo de defeso do caranguejo, quando a captura e comercializa\u00e7\u00e3o das esp\u00e9cies s\u00e3o proibidas para garantir a reprodu\u00e7\u00e3o e preserva\u00e7\u00e3o ambiental.<\/p>\n<h3 data-section-id=\"17f24f4\" data-start=\"497\" data-end=\"533\">Fiscaliza\u00e7\u00e3o em \u00e1reas de captura<\/h3>\n<p data-start=\"535\" data-end=\"671\">A opera\u00e7\u00e3o foi conduzida por equipes da Companhia Independente de Pol\u00edcia de Prote\u00e7\u00e3o Ambiental (Cippa), com apoio de \u00f3rg\u00e3os ambientais.<\/p>\n<p data-start=\"673\" data-end=\"797\">Durante a a\u00e7\u00e3o, os agentes realizaram fiscaliza\u00e7\u00f5es em pontos de captura e abordagens a pescadores e comerciantes da regi\u00e3o.<\/p>\n<h3 data-section-id=\"nytxny\" data-start=\"799\" data-end=\"822\">Animais apreendidos<\/h3>\n<p data-start=\"824\" data-end=\"851\">Ao todo, foram apreendidos:<\/p>\n<ul data-start=\"853\" data-end=\"896\">\n<li data-section-id=\"blvx33\" data-start=\"853\" data-end=\"876\">520 caranguejos-u\u00e7\u00e1<\/li>\n<li data-section-id=\"mfo02n\" data-start=\"877\" data-end=\"896\">1.035 guaiamuns<\/li>\n<\/ul>\n<p data-start=\"898\" data-end=\"1060\">Os animais estavam sendo capturados e comercializados de forma irregular, em desacordo com a legisla\u00e7\u00e3o ambiental vigente.<\/p>\n<h3 data-section-id=\"1tq3eav\" data-start=\"1062\" data-end=\"1086\">Objetivo da opera\u00e7\u00e3o<\/h3>\n<p data-start=\"1088\" data-end=\"1243\">A a\u00e7\u00e3o teve como foco principal garantir o cumprimento do per\u00edodo de defeso, essencial para a reprodu\u00e7\u00e3o das esp\u00e9cies e manuten\u00e7\u00e3o do equil\u00edbrio ambiental.<\/p>\n<p data-start=\"1245\" data-end=\"1424\">Al\u00e9m da fiscaliza\u00e7\u00e3o, tamb\u00e9m foram realizadas orienta\u00e7\u00f5es educativas sobre a import\u00e2ncia da preserva\u00e7\u00e3o e do respeito \u00e0s normas ambientais.<\/p>\n<h3 data-section-id=\"109drb0\" data-start=\"1426\" data-end=\"1446\">Medidas adotadas<\/h3>\n<p data-start=\"1448\" data-end=\"1564\">Os materiais apreendidos foram encaminhados aos \u00f3rg\u00e3os ambientais competentes, que devem adotar as medidas cab\u00edveis.<\/p>\n<p data-start=\"1566\" data-end=\"1747\">Estabelecimentos tamb\u00e9m foram notificados por irregularidades, como a aus\u00eancia de documenta\u00e7\u00e3o obrigat\u00f3ria para comercializa\u00e7\u00e3o das esp\u00e9cies.<\/p>\n<h3 data-section-id=\"pt3c44\" data-start=\"1749\" data-end=\"1780\">Combate a crimes ambientais<\/h3>\n<p data-start=\"1782\" data-end=\"1952\">A opera\u00e7\u00e3o refor\u00e7a as a\u00e7\u00f5es de combate \u00e0 explora\u00e7\u00e3o ilegal da fauna silvestre na regi\u00e3o, pr\u00e1tica que pode causar impactos diretos no ecossistema e na atividade pesqueira.<\/p>\n","protected":false},"excerpt":{"rendered":"<p>A Pol\u00edcia Militar realizou a apreens\u00e3o de mais de 1,5 mil animais silvestres durante uma opera\u00e7\u00e3o ambiental no munic\u00edpio de<\/p>\n","protected":false},"author":4,"featured_media":21674,"comment_status":"open","ping_status":"open","sticky":false,"template":"","format":"standard","meta":{"colormag_page_container_layout":"default_layout","colormag_page_sidebar_layout":"default_layout","_FSMCFIC_featured_image_caption":"","_FSMCFIC_featured_image_nocaption":"","_FSMCFIC_featured_image_hide":"","footnotes":""},"categories":[2,1],"tags":[],"class_list":["post-21673","post","type-post","status-publish","format-standard","has-post-thumbnail","hentry","category-noticias","category-ultimas"],"yoast_head":"<!-- This site is optimized with the Yoast SEO plugin v27.1.1 - https:\/\/yoast.com\/product\/yoast-seo-wordpress\/ -->\n<title>PM apreende mais de 1,5 mil animais silvestres durante opera\u00e7\u00e3o em Valen\u00e7a - Brasil not\u00edcias<\/title>\n<meta name=\"robots\" content=\"index, follow, max-snippet:-1, max-image-preview:large, max-video-preview:-1\" \/>\n<link rel=\"canonical\" href=\"https:\/\/brasilnoticias.org\/site\/pm-apreende-mais-de-15-mil-animais-silvestres-durante-operacao-em-valenca\/\" \/>\n<meta property=\"og:locale\" content=\"pt_PT\" \/>\n<meta property=\"og:type\" content=\"article\" \/>\n<meta property=\"og:title\" content=\"PM apreende mais de 1,5 mil animais silvestres durante opera\u00e7\u00e3o em Valen\u00e7a - Brasil not\u00edcias\" \/>\n<meta property=\"og:description\" content=\"A Pol\u00edcia Militar realizou a apreens\u00e3o de mais de 1,5 mil animais silvestres durante uma opera\u00e7\u00e3o ambiental no munic\u00edpio de\" \/>\n<meta property=\"og:url\" content=\"https:\/\/brasilnoticias.org\/site\/pm-apreende-mais-de-15-mil-animais-silvestres-durante-operacao-em-valenca\/\" \/>\n<meta property=\"og:site_name\" content=\"Brasil not\u00edcias\" \/>\n<meta property=\"article:published_time\" content=\"2026-04-20T11:56:51+00:00\" \/>\n<meta property=\"og:image\" content=\"https:\/\/brasilnoticias.org\/site\/wp-content\/uploads\/2026\/04\/IMAGEM_NOTICIA_9-6.webp\" \/>\n\t<meta property=\"og:image:width\" content=\"1200\" \/>\n\t<meta property=\"og:image:height\" content=\"630\" \/>\n\t<meta property=\"og:image:type\" content=\"image\/webp\" \/>\n<meta name=\"author\" content=\"Reda\u00e7\u00e3o\" \/>\n<meta name=\"twitter:card\" content=\"summary_large_image\" \/>\n<meta name=\"twitter:label1\" content=\"Escrito por\" \/>\n\t<meta name=\"twitter:data1\" content=\"Reda\u00e7\u00e3o\" \/>\n\t<meta name=\"twitter:label2\" content=\"Tempo estimado de leitura\" \/>\n\t<meta name=\"twitter:data2\" content=\"2 minutos\" \/>\n<script type=\"application\/ld+json\" class=\"yoast-schema-graph\">{\"@context\":\"https:\/\/schema.org\",\"@graph\":[{\"@type\":\"Article\",\"@id\":\"https:\/\/brasilnoticias.org\/site\/pm-apreende-mais-de-15-mil-animais-silvestres-durante-operacao-em-valenca\/#article\",\"isPartOf\":{\"@id\":\"https:\/\/brasilnoticias.org\/site\/pm-apreende-mais-de-15-mil-animais-silvestres-durante-operacao-em-valenca\/\"},\"author\":{\"name\":\"Reda\u00e7\u00e3o\",\"@id\":\"https:\/\/brasilnoticias.org\/site\/#\/schema\/person\/03bbbfe6c7634ad18c26444ea39049fa\"},\"headline\":\"PM apreende mais de 1,5 mil animais silvestres durante opera\u00e7\u00e3o em Valen\u00e7a\",\"datePublished\":\"2026-04-20T11:56:51+00:00\",\"mainEntityOfPage\":{\"@id\":\"https:\/\/brasilnoticias.org\/site\/pm-apreende-mais-de-15-mil-animais-silvestres-durante-operacao-em-valenca\/\"},\"wordCount\":290,\"commentCount\":0,\"publisher\":{\"@id\":\"https:\/\/brasilnoticias.org\/site\/#organization\"},\"image\":{\"@id\":\"https:\/\/brasilnoticias.org\/site\/pm-apreende-mais-de-15-mil-animais-silvestres-durante-operacao-em-valenca\/#primaryimage\"},\"thumbnailUrl\":\"https:\/\/brasilnoticias.org\/site\/wp-content\/uploads\/2026\/04\/IMAGEM_NOTICIA_9-6.webp\",\"articleSection\":[\"Not\u00edcias\",\"\u00daltimas\"],\"inLanguage\":\"pt-PT\",\"potentialAction\":[{\"@type\":\"CommentAction\",\"name\":\"Comment\",\"target\":[\"https:\/\/brasilnoticias.org\/site\/pm-apreende-mais-de-15-mil-animais-silvestres-durante-operacao-em-valenca\/#respond\"]}]},{\"@type\":\"WebPage\",\"@id\":\"https:\/\/brasilnoticias.org\/site\/pm-apreende-mais-de-15-mil-animais-silvestres-durante-operacao-em-valenca\/\",\"url\":\"https:\/\/brasilnoticias.org\/site\/pm-apreende-mais-de-15-mil-animais-silvestres-durante-operacao-em-valenca\/\",\"name\":\"PM apreende mais de 1,5 mil animais silvestres durante opera\u00e7\u00e3o em Valen\u00e7a - Brasil not\u00edcias\",\"isPartOf\":{\"@id\":\"https:\/\/brasilnoticias.org\/site\/#website\"},\"primaryImageOfPage\":{\"@id\":\"https:\/\/brasilnoticias.org\/site\/pm-apreende-mais-de-15-mil-animais-silvestres-durante-operacao-em-valenca\/#primaryimage\"},\"image\":{\"@id\":\"https:\/\/brasilnoticias.org\/site\/pm-apreende-mais-de-15-mil-animais-silvestres-durante-operacao-em-valenca\/#primaryimage\"},\"thumbnailUrl\":\"https:\/\/brasilnoticias.org\/site\/wp-content\/uploads\/2026\/04\/IMAGEM_NOTICIA_9-6.webp\",\"datePublished\":\"2026-04-20T11:56:51+00:00\",\"breadcrumb\":{\"@id\":\"https:\/\/brasilnoticias.org\/site\/pm-apreende-mais-de-15-mil-animais-silvestres-durante-operacao-em-valenca\/#breadcrumb\"},\"inLanguage\":\"pt-PT\",\"potentialAction\":[{\"@type\":\"ReadAction\",\"target\":[\"https:\/\/brasilnoticias.org\/site\/pm-apreende-mais-de-15-mil-animais-silvestres-durante-operacao-em-valenca\/\"]}]},{\"@type\":\"ImageObject\",\"inLanguage\":\"pt-PT\",\"@id\":\"https:\/\/brasilnoticias.org\/site\/pm-apreende-mais-de-15-mil-animais-silvestres-durante-operacao-em-valenca\/#primaryimage\",\"url\":\"https:\/\/brasilnoticias.org\/site\/wp-content\/uploads\/2026\/04\/IMAGEM_NOTICIA_9-6.webp\",\"contentUrl\":\"https:\/\/brasilnoticias.org\/site\/wp-content\/uploads\/2026\/04\/IMAGEM_NOTICIA_9-6.webp\",\"width\":1200,\"height\":630,\"caption\":\"Foto: CIPPA Porto Seguro\"},{\"@type\":\"BreadcrumbList\",\"@id\":\"https:\/\/brasilnoticias.org\/site\/pm-apreende-mais-de-15-mil-animais-silvestres-durante-operacao-em-valenca\/#breadcrumb\",\"itemListElement\":[{\"@type\":\"ListItem\",\"position\":1,\"name\":\"In\u00edcio\",\"item\":\"https:\/\/brasilnoticias.org\/site\/\"},{\"@type\":\"ListItem\",\"position\":2,\"name\":\"PM apreende mais de 1,5 mil animais silvestres durante opera\u00e7\u00e3o em Valen\u00e7a\"}]},{\"@type\":\"WebSite\",\"@id\":\"https:\/\/brasilnoticias.org\/site\/#website\",\"url\":\"https:\/\/brasilnoticias.org\/site\/\",\"name\":\"Brasil not\u00edcias\",\"description\":\"Brasil not\u00edcias\",\"publisher\":{\"@id\":\"https:\/\/brasilnoticias.org\/site\/#organization\"},\"potentialAction\":[{\"@type\":\"SearchAction\",\"target\":{\"@type\":\"EntryPoint\",\"urlTemplate\":\"https:\/\/brasilnoticias.org\/site\/?s={search_term_string}\"},\"query-input\":{\"@type\":\"PropertyValueSpecification\",\"valueRequired\":true,\"valueName\":\"search_term_string\"}}],\"inLanguage\":\"pt-PT\"},{\"@type\":\"Organization\",\"@id\":\"https:\/\/brasilnoticias.org\/site\/#organization\",\"name\":\"Brasil not\u00edcias\",\"url\":\"https:\/\/brasilnoticias.org\/site\/\",\"logo\":{\"@type\":\"ImageObject\",\"inLanguage\":\"pt-PT\",\"@id\":\"https:\/\/brasilnoticias.org\/site\/#\/schema\/logo\/image\/\",\"url\":\"https:\/\/brasilnoticias.org\/site\/wp-content\/uploads\/2022\/05\/cropped-brasilnoticias-mini.jpg\",\"contentUrl\":\"https:\/\/brasilnoticias.org\/site\/wp-content\/uploads\/2022\/05\/cropped-brasilnoticias-mini.jpg\",\"width\":314,\"height\":86,\"caption\":\"Brasil not\u00edcias\"},\"image\":{\"@id\":\"https:\/\/brasilnoticias.org\/site\/#\/schema\/logo\/image\/\"}},{\"@type\":\"Person\",\"@id\":\"https:\/\/brasilnoticias.org\/site\/#\/schema\/person\/03bbbfe6c7634ad18c26444ea39049fa\",\"name\":\"Reda\u00e7\u00e3o\",\"image\":{\"@type\":\"ImageObject\",\"inLanguage\":\"pt-PT\",\"@id\":\"https:\/\/brasilnoticias.org\/site\/#\/schema\/person\/image\/\",\"url\":\"https:\/\/secure.gravatar.com\/avatar\/9ecaf7327a696cb23ad926fedded5f1f04d7049de9e445375d55b48c001a6e42?s=96&d=mm&r=g\",\"contentUrl\":\"https:\/\/secure.gravatar.com\/avatar\/9ecaf7327a696cb23ad926fedded5f1f04d7049de9e445375d55b48c001a6e42?s=96&d=mm&r=g\",\"caption\":\"Reda\u00e7\u00e3o\"},\"url\":\"https:\/\/brasilnoticias.org\/site\/author\/henrique\/\"}]}<\/script>\n<!-- \/ Yoast SEO plugin. -->","yoast_head_json":{"title":"PM apreende mais de 1,5 mil animais silvestres durante opera\u00e7\u00e3o em Valen\u00e7a - Brasil not\u00edcias","robots":{"index":"index","follow":"follow","max-snippet":"max-snippet:-1","max-image-preview":"max-image-preview:large","max-video-preview":"max-video-preview:-1"},"canonical":"https:\/\/brasilnoticias.org\/site\/pm-apreende-mais-de-15-mil-animais-silvestres-durante-operacao-em-valenca\/","og_locale":"pt_PT","og_type":"article","og_title":"PM apreende mais de 1,5 mil animais silvestres durante opera\u00e7\u00e3o em Valen\u00e7a - Brasil not\u00edcias","og_description":"A Pol\u00edcia Militar realizou a apreens\u00e3o de mais de 1,5 mil animais silvestres durante uma opera\u00e7\u00e3o ambiental no munic\u00edpio de","og_url":"https:\/\/brasilnoticias.org\/site\/pm-apreende-mais-de-15-mil-animais-silvestres-durante-operacao-em-valenca\/","og_site_name":"Brasil not\u00edcias","article_published_time":"2026-04-20T11:56:51+00:00","og_image":[{"width":1200,"height":630,"url":"https:\/\/brasilnoticias.org\/site\/wp-content\/uploads\/2026\/04\/IMAGEM_NOTICIA_9-6.webp","type":"image\/webp"}],"author":"Reda\u00e7\u00e3o","twitter_card":"summary_large_image","twitter_misc":{"Escrito por":"Reda\u00e7\u00e3o","Tempo estimado de leitura":"2 minutos"},"schema":{"@context":"https:\/\/schema.org","@graph":[{"@type":"Article","@id":"https:\/\/brasilnoticias.org\/site\/pm-apreende-mais-de-15-mil-animais-silvestres-durante-operacao-em-valenca\/#article","isPartOf":{"@id":"https:\/\/brasilnoticias.org\/site\/pm-apreende-mais-de-15-mil-animais-silvestres-durante-operacao-em-valenca\/"},"author":{"name":"Reda\u00e7\u00e3o","@id":"https:\/\/brasilnoticias.org\/site\/#\/schema\/person\/03bbbfe6c7634ad18c26444ea39049fa"},"headline":"PM apreende mais de 1,5 mil animais silvestres durante opera\u00e7\u00e3o em Valen\u00e7a","datePublished":"2026-04-20T11:56:51+00:00","mainEntityOfPage":{"@id":"https:\/\/brasilnoticias.org\/site\/pm-apreende-mais-de-15-mil-animais-silvestres-durante-operacao-em-valenca\/"},"wordCount":290,"commentCount":0,"publisher":{"@id":"https:\/\/brasilnoticias.org\/site\/#organization"},"image":{"@id":"https:\/\/brasilnoticias.org\/site\/pm-apreende-mais-de-15-mil-animais-silvestres-durante-operacao-em-valenca\/#primaryimage"},"thumbnailUrl":"https:\/\/brasilnoticias.org\/site\/wp-content\/uploads\/2026\/04\/IMAGEM_NOTICIA_9-6.webp","articleSection":["Not\u00edcias","\u00daltimas"],"inLanguage":"pt-PT","potentialAction":[{"@type":"CommentAction","name":"Comment","target":["https:\/\/brasilnoticias.org\/site\/pm-apreende-mais-de-15-mil-animais-silvestres-durante-operacao-em-valenca\/#respond"]}]},{"@type":"WebPage","@id":"https:\/\/brasilnoticias.org\/site\/pm-apreende-mais-de-15-mil-animais-silvestres-durante-operacao-em-valenca\/","url":"https:\/\/brasilnoticias.org\/site\/pm-apreende-mais-de-15-mil-animais-silvestres-durante-operacao-em-valenca\/","name":"PM apreende mais de 1,5 mil animais silvestres durante opera\u00e7\u00e3o em Valen\u00e7a - Brasil not\u00edcias","isPartOf":{"@id":"https:\/\/brasilnoticias.org\/site\/#website"},"primaryImageOfPage":{"@id":"https:\/\/brasilnoticias.org\/site\/pm-apreende-mais-de-15-mil-animais-silvestres-durante-operacao-em-valenca\/#primaryimage"},"image":{"@id":"https:\/\/brasilnoticias.org\/site\/pm-apreende-mais-de-15-mil-animais-silvestres-durante-operacao-em-valenca\/#primaryimage"},"thumbnailUrl":"https:\/\/brasilnoticias.org\/site\/wp-content\/uploads\/2026\/04\/IMAGEM_NOTICIA_9-6.webp","datePublished":"2026-04-20T11:56:51+00:00","breadcrumb":{"@id":"https:\/\/brasilnoticias.org\/site\/pm-apreende-mais-de-15-mil-animais-silvestres-durante-operacao-em-valenca\/#breadcrumb"},"inLanguage":"pt-PT","potentialAction":[{"@type":"ReadAction","target":["https:\/\/brasilnoticias.org\/site\/pm-apreende-mais-de-15-mil-animais-silvestres-durante-operacao-em-valenca\/"]}]},{"@type":"ImageObject","inLanguage":"pt-PT","@id":"https:\/\/brasilnoticias.org\/site\/pm-apreende-mais-de-15-mil-animais-silvestres-durante-operacao-em-valenca\/#primaryimage","url":"https:\/\/brasilnoticias.org\/site\/wp-content\/uploads\/2026\/04\/IMAGEM_NOTICIA_9-6.webp","contentUrl":"https:\/\/brasilnoticias.org\/site\/wp-content\/uploads\/2026\/04\/IMAGEM_NOTICIA_9-6.webp","width":1200,"height":630,"caption":"Foto: CIPPA Porto Seguro"},{"@type":"BreadcrumbList","@id":"https:\/\/brasilnoticias.org\/site\/pm-apreende-mais-de-15-mil-animais-silvestres-durante-operacao-em-valenca\/#breadcrumb","itemListElement":[{"@type":"ListItem","position":1,"name":"In\u00edcio","item":"https:\/\/brasilnoticias.org\/site\/"},{"@type":"ListItem","position":2,"name":"PM apreende mais de 1,5 mil animais silvestres durante opera\u00e7\u00e3o em Valen\u00e7a"}]},{"@type":"WebSite","@id":"https:\/\/brasilnoticias.org\/site\/#website","url":"https:\/\/brasilnoticias.org\/site\/","name":"Brasil not\u00edcias","description":"Brasil not\u00edcias","publisher":{"@id":"https:\/\/brasilnoticias.org\/site\/#organization"},"potentialAction":[{"@type":"SearchAction","target":{"@type":"EntryPoint","urlTemplate":"https:\/\/brasilnoticias.org\/site\/?s={search_term_string}"},"query-input":{"@type":"PropertyValueSpecification","valueRequired":true,"valueName":"search_term_string"}}],"inLanguage":"pt-PT"},{"@type":"Organization","@id":"https:\/\/brasilnoticias.org\/site\/#organization","name":"Brasil not\u00edcias","url":"https:\/\/brasilnoticias.org\/site\/","logo":{"@type":"ImageObject","inLanguage":"pt-PT","@id":"https:\/\/brasilnoticias.org\/site\/#\/schema\/logo\/image\/","url":"https:\/\/brasilnoticias.org\/site\/wp-content\/uploads\/2022\/05\/cropped-brasilnoticias-mini.jpg","contentUrl":"https:\/\/brasilnoticias.org\/site\/wp-content\/uploads\/2022\/05\/cropped-brasilnoticias-mini.jpg","width":314,"height":86,"caption":"Brasil not\u00edcias"},"image":{"@id":"https:\/\/brasilnoticias.org\/site\/#\/schema\/logo\/image\/"}},{"@type":"Person","@id":"https:\/\/brasilnoticias.org\/site\/#\/schema\/person\/03bbbfe6c7634ad18c26444ea39049fa","name":"Reda\u00e7\u00e3o","image":{"@type":"ImageObject","inLanguage":"pt-PT","@id":"https:\/\/brasilnoticias.org\/site\/#\/schema\/person\/image\/","url":"https:\/\/secure.gravatar.com\/avatar\/9ecaf7327a696cb23ad926fedded5f1f04d7049de9e445375d55b48c001a6e42?s=96&d=mm&r=g","contentUrl":"https:\/\/secure.gravatar.com\/avatar\/9ecaf7327a696cb23ad926fedded5f1f04d7049de9e445375d55b48c001a6e42?s=96&d=mm&r=g","caption":"Reda\u00e7\u00e3o"},"url":"https:\/\/brasilnoticias.org\/site\/author\/henrique\/"}]}},"_links":{"self":[{"href":"https:\/\/brasilnoticias.org\/site\/wp-json\/wp\/v2\/posts\/21673","targetHints":{"allow":["GET"]}}],"collection":[{"href":"https:\/\/brasilnoticias.org\/site\/wp-json\/wp\/v2\/posts"}],"about":[{"href":"https:\/\/brasilnoticias.org\/site\/wp-json\/wp\/v2\/types\/post"}],"author":[{"embeddable":true,"href":"https:\/\/brasilnoticias.org\/site\/wp-json\/wp\/v2\/users\/4"}],"replies":[{"embeddable":true,"href":"https:\/\/brasilnoticias.org\/site\/wp-json\/wp\/v2\/comments?post=21673"}],"version-history":[{"count":1,"href":"https:\/\/brasilnoticias.org\/site\/wp-json\/wp\/v2\/posts\/21673\/revisions"}],"predecessor-version":[{"id":21675,"href":"https:\/\/brasilnoticias.org\/site\/wp-json\/wp\/v2\/posts\/21673\/revisions\/21675"}],"wp:featuredmedia":[{"embeddable":true,"href":"https:\/\/brasilnoticias.org\/site\/wp-json\/wp\/v2\/media\/21674"}],"wp:attachment":[{"href":"https:\/\/brasilnoticias.org\/site\/wp-json\/wp\/v2\/media?parent=21673"}],"wp:term":[{"taxonomy":"category","embeddable":true,"href":"https:\/\/brasilnoticias.org\/site\/wp-json\/wp\/v2\/categories?post=21673"},{"taxonomy":"post_tag","embeddable":true,"href":"https:\/\/brasilnoticias.org\/site\/wp-json\/wp\/v2\/tags?post=21673"}],"curies":[{"name":"wp","href":"https:\/\/api.w.org\/{rel}","templated":true}]}}