{"id":21678,"date":"2026-04-20T09:09:48","date_gmt":"2026-04-20T12:09:48","guid":{"rendered":"https:\/\/brasilnoticias.org\/site\/?p=21678"},"modified":"2026-04-20T09:09:48","modified_gmt":"2026-04-20T12:09:48","slug":"careca-de-saber-o-galinheiro-do-avante-e-o-silencio-que-ninguem-explica","status":"publish","type":"post","link":"https:\/\/brasilnoticias.org\/site\/careca-de-saber-o-galinheiro-do-avante-e-o-silencio-que-ninguem-explica\/","title":{"rendered":"Careca de Saber: o &#8216;galinheiro&#8217; do Avante e o sil\u00eancio que ningu\u00e9m explica"},"content":{"rendered":"<p>O crescimento mete\u00f3rico do Avante na Bahia ganhou, nos \u00faltimos meses, um ingrediente inc\u00f4modo nos bastidores da pol\u00edtica estadual: a filia\u00e7\u00e3o do deputado estadual\u00a0<strong>Binho Galinha<\/strong>\u00a0\u00e0 legenda.<\/p>\n<p><a href=\"https:\/\/www.blogdovila.com.br\/noticia\/binho-suspenso\" target=\"_blank\" rel=\"noopener\"><strong>Suspenso pelo PRD<\/strong><\/a>\u00a0ap\u00f3s ser\u00a0<a href=\"https:\/\/www.blogdovila.com.br\/noticia\/binho-prisao\" target=\"_blank\" rel=\"noopener\"><strong>preso em 3 de outubro de 2025<\/strong><\/a>, com\u00a0<a href=\"https:\/\/www.blogdovila.com.br\/noticia\/alba-galinha\" target=\"_blank\" rel=\"noopener\"><strong>autoriza\u00e7\u00e3o da Assembleia Legislativa<\/strong><\/a>, o parlamentar foi\u00a0<a href=\"https:\/\/www.blogdovila.com.br\/noticia\/binho-avante\" target=\"_blank\" rel=\"noopener\"><strong>filiado discretamente ao Avante no dia 12 de janeiro<\/strong><\/a>, ainda antes da janela partid\u00e1ria.<\/p>\n<p>O\u00a0<a href=\"https:\/\/www.blogdovila.com.br\/\" target=\"_blank\" rel=\"noopener\"><strong>Blog do Vila<\/strong><\/a>\u00a0apurou que a ficha de filia\u00e7\u00e3o foi levada ao pres\u00eddio pelo seu chefe de gabinete, o ex-deputado estadual\u00a0<strong>Humberto Cedraz<\/strong>. De acordo com interlocutores ouvidos, o movimento foi avalizado pelo presidente da agremia\u00e7\u00e3o na Bahia,\u00a0<strong>Ronaldo Carletto<\/strong>, e pelo ex-ministro chefe do\u00a0<strong>governo Lula<\/strong>,\u00a0<strong>Rui Costa<\/strong>.<\/p>\n<p><strong>&#8220;Claro que eles n\u00e3o s\u00f3 participaram como lideraram o processo de filia\u00e7\u00e3o de Binho Galinha. Tudo o que acontece no Avante passa por Rui e Carletto&#8221;<\/strong>, resumiu um interlocutor do Pal\u00e1cio de Ondina.<\/p>\n<p>Conforme as fontes, a motiva\u00e7\u00e3o \u00e9\u00a0<a href=\"https:\/\/www.blogdovila.com.br\/noticia\/galinha-cop\" target=\"_blank\" rel=\"noopener\"><strong>meramente pragm\u00e1tica<\/strong><\/a>:\u00a0<strong>o deputado foi eleito pelo Patriota em 2022, com 49.834 votos, e tem expectativa de crescimento este ano<\/strong>. Pesquisas internas apontam que\u00a0<strong>ele lidera as inten\u00e7\u00f5es de votos entre os postulantes \u00e0 Alba no seu reduto eleitoral: a Regi\u00e3o Metropolitana de Feira de Santana<\/strong>.<\/p>\n<h2><strong>Crescimento e sil\u00eancio<\/p>\n<p><\/strong><\/h2>\n<p>A filia\u00e7\u00e3o de Binho ocorreu justamente no momento em que o Avante se consolidava como uma das principais for\u00e7as da base governista na Bahia.<\/p>\n<p>Comandado no estado pelo ex-deputado federal e pr\u00e9-candidato a suplente de senador\u00a0<strong>Ronaldo Carletto<\/strong>, o partido elegeu\u00a0<strong>60 prefeitos, 36 vice-prefeitos e 472 vereadores em 2024<\/strong>, virou a segunda maior legenda em n\u00famero de prefeituras e saltou de um para sete deputados estaduais ap\u00f3s a \u00faltima\u00a0<a href=\"https:\/\/www.blogdovila.com.br\/noticia\/janela-final\" target=\"_blank\" rel=\"noopener\"><strong>janela partid\u00e1ria<\/strong><\/a>.<\/p>\n<p>Nos bastidores, h\u00e1 o entendimento de que parte do crescimento se deve tamb\u00e9m \u00e0 influ\u00eancia do ex-ministro da Casa Civil,\u00a0<strong>Rui Costa<\/strong>, pr\u00e9-candidato do PT ao Senado, que teria ajudado a transformar a legenda em uma pot\u00eancia estadual.<\/p>\n<p>Apesar disso, ningu\u00e9m quer assumir a responsabilidade pela entrada de Binho.<\/p>\n<p>A coluna conversou com quatro dos sete deputados estaduais do Avante \u2014\u00a0<strong>Felipe Duarte<\/strong>,\u00a0<strong>Luciano Ara\u00fajo<\/strong>,\u00a0<strong>Soane Galv\u00e3o<\/strong>\u00a0e\u00a0<strong>V\u00edtor Azevedo<\/strong>\u00a0\u2014 e todos disseram desconhecer a filia\u00e7\u00e3o ou afirmaram que o caso n\u00e3o gera constrangimento.<\/p>\n<p>Nos bastidores, por\u00e9m, a hist\u00f3ria \u00e9 outra.<\/p>\n<p>\u201c<strong>Todo mundo diz que n\u00e3o sabia, mas no fundo todos sabiam. Ningu\u00e9m entra em partido nenhum sem olhar a nominata<\/strong>\u201d, disse uma fonte ouvida pela coluna.<\/p>\n<p>A avalia\u00e7\u00e3o reservada \u00e9 de que nenhum dos novos integrantes quis criar atrito interno em um partido que virou ref\u00fagio para deputados preocupados com a pr\u00f3pria sobreviv\u00eancia eleitoral.<\/p>\n<h2><strong>\u201cA Justi\u00e7a \u00e9 quem tem que resolver\u201d<\/p>\n<p><\/strong><\/h2>\n<p>Entre os deputados ouvidos,\u00a0<strong>o discurso \u00e9 praticamente o mesmo: cabe \u00e0 Justi\u00e7a decidir o destino de Binho<\/strong>\u00a0e a situa\u00e7\u00e3o n\u00e3o teria potencial para contaminar o partido.<\/p>\n<p>Ex-PP,\u00a0<strong>Felipe Duarte<\/strong>\u00a0afirmou que o Avante n\u00e3o \u00e9 \u201cagente julgador\u201d e que o futuro pol\u00edtico de Binho depende exclusivamente do Judici\u00e1rio.<\/p>\n<p><strong>\u201cA Justi\u00e7a \u00e9 quem tem que resolver isso a\u00ed. N\u00f3s esperamos que esse resultado saia o quanto antes e seja justo para ambas as partes. Se for da permiss\u00e3o da Justi\u00e7a, ele possa concorrer. Se n\u00e3o, infelizmente n\u00e3o poder\u00e1 participar das elei\u00e7\u00f5es\u201d<\/strong>, disse.<\/p>\n<p>Questionado sobre eventual desgaste de imagem, Felipe minimizou.<\/p>\n<p><strong>\u201cAbsolutamente. Eu sei da minha conduta, do meu car\u00e1ter e do meu caminho\u201d<\/strong>, afirmou.<\/p>\n<p>Ex-presidente do Solidariedade na Bahia,\u00a0<strong>Luciano Ara\u00fajo<\/strong>\u00a0disse que encontrou Binho j\u00e1 filiado quando chegou ao partido e n\u00e3o v\u00ea preju\u00edzo eleitoral.<\/p>\n<p><strong>\u201cEu n\u00e3o acredito que Binho venha candidato. Eu acredito que seja algu\u00e9m da sua fam\u00edlia. Para mim, n\u00e3o causa nenhum constrangimento\u201d<\/strong>, declarou.<\/p>\n<p>J\u00e1\u00a0<strong>V\u00edtor Azevedo<\/strong>\u00a0(ex-PL) preferiu concentrar a responsabilidade na dire\u00e7\u00e3o da legenda.<\/p>\n<p><strong>\u201cQuem trata das filia\u00e7\u00f5es \u00e9 o nosso presidente, Ronaldo Carletto. A quest\u00e3o de Binho \u00e9 uma quest\u00e3o da Justi\u00e7a. N\u00e3o \u00e9 a gente que julga\u201d<\/strong>, declarou.<\/p>\n<p>Por fim, a l\u00edder do Avante na Alba\u00a0<strong>Soane Galv\u00e3o<\/strong>\u00a0(ex-PSB) foi a que mais saiu em defesa do colega.<\/p>\n<p><strong>\u201cBinho Galinha \u00e9 um colega meu, de corredor, meu vizinho de porta. Quem vai decidir \u00e9 o Judici\u00e1rio. Quem somos n\u00f3s para estar julgando?\u201d<\/strong>, questionou.<\/p>\n<p>Ela tamb\u00e9m rejeitou qualquer dano \u00e0 imagem do Avante.<\/p>\n<p><strong>\u201cEle tem a sua milit\u00e2ncia. Tem o povo que ele ajuda, que tem admira\u00e7\u00e3o por ele. N\u00e3o acredito que isso v\u00e1 manchar a imagem do partido\u201d<\/strong>, apostou.<\/p>\n<p><strong>Patrick Lopes<\/strong>, \u00fanico integrante original da legenda, e\u00a0<strong>Laerte do Vando<\/strong>\u00a0(ex-Podemos) n\u00e3o foram localizados para comentar o caso.<\/p>\n<h2><strong>O sil\u00eancio dos caciques<\/p>\n<p><\/strong><\/h2>\n<p>Se os deputados estaduais ao menos falaram, o mesmo n\u00e3o aconteceu com as principais lideran\u00e7as do grupo governista.<\/p>\n<p>At\u00e9 agora, seguem sem se manifestar publicamente sobre a filia\u00e7\u00e3o de Binho o governador\u00a0<strong>Jer\u00f4nimo Rodrigues<\/strong>,\u00a0<a href=\"https:\/\/www.instagram.com\/p\/DWrPJZGDh1w\/\" target=\"_blank\" rel=\"noopener\"><strong>cuja imagem \u00e9 usada pelo parlamentar nas redes sociais<\/strong><\/a>, o ex-ministro\u00a0<strong>Rui Costa<\/strong>, o presidente estadual do Avante,\u00a0<strong>Ronaldo Carletto<\/strong>, e os deputados federais\u00a0<strong>Neto Carletto<\/strong>\u00a0e\u00a0<strong>Pastor Sargento Isid\u00f3rio<\/strong>.<\/p>\n<p>Da c\u00fapula governista, chamou aten\u00e7\u00e3o recentemente a declara\u00e7\u00e3o do presidente estadual do PT,\u00a0<strong>T\u00e1ssio Brito<\/strong>, de que Binho\u00a0<a href=\"https:\/\/www.blogdovila.com.br\/noticia\/tassio-binho\" target=\"_blank\" rel=\"noopener\"><strong>\u201cn\u00e3o caberia no partido\u201d<\/strong><\/a>.<\/p>\n<p>O entendimento geral \u00e9 de que\u00a0<strong>o problema para o Avante n\u00e3o \u00e9 jur\u00eddico<\/strong>. Esse ficar\u00e1 com a Justi\u00e7a. O problema \u00e9 pol\u00edtico.<\/p>\n<p><strong>O partido que mais cresceu na Alba tem de explicar por que aceitou em sua nominata um deputado preso e investigado por suposta chefia de mil\u00edcia.<\/strong><\/p>\n<h2><strong>Deputado segue preso<\/p>\n<p><\/strong><\/h2>\n<p>Atualmente, Binho Galinha est\u00e1 custodiado em uma sala de Estado-Maior no Centro de Observa\u00e7\u00e3o Penal (COP), no Complexo Penitenci\u00e1rio da Mata Escura, em Salvador.<\/p>\n<p>O deputado \u00e9 investigado por supostamente\u00a0<strong>chefiar uma mil\u00edcia com atua\u00e7\u00e3o em Feira de Santana<\/strong>. As opera\u00e7\u00f5es El Patr\u00f3n e Estado An\u00f4mico apontam o parlamentar como chefe de uma organiza\u00e7\u00e3o criminosa suspeita de envolvimento com\u00a0<strong>lavagem de dinheiro, obstru\u00e7\u00e3o da Justi\u00e7a, jogo do bicho, agiotagem, recepta\u00e7\u00e3o qualificada, usurpa\u00e7\u00e3o de fun\u00e7\u00e3o p\u00fablica, embara\u00e7o a investiga\u00e7\u00f5es, com\u00e9rcio ilegal de armas e tr\u00e1fico de drogas<\/strong>.<\/p>\n<p>A defesa nega as acusa\u00e7\u00f5es e afirma que ele colabora com as investiga\u00e7\u00f5es.<\/p>\n<p><img decoding=\"async\" src=\"https:\/\/gestor-cbnsalvador.painel2.nvgo.app\/assets\/cc0f4f3a-bb02-41af-aa00-69d90a73c953.jpg?width=800&amp;height=450\" alt=\"Avante Bancada\" \/><\/p>\n<h3 class=\"flex flex-col items-start justify-start gap-6 self-stretch font-sans text-body-1 tracking-tight text-neutral-20 [&amp;_a]:text-primary-50 [&amp;_a]:underline [&amp;_iframe]:max-w-full [&amp;_img]:!h-auto [&amp;_img]:!w-auto [&amp;_img]:max-w-full\"><\/h3>\n<h2><strong>A expectativa da nova bancada<\/p>\n<p><\/strong><\/h2>\n<p>Se h\u00e1 desconforto nos bastidores, h\u00e1 tamb\u00e9m confian\u00e7a de sobra entre os deputados do Avante sobre o desempenho da legenda na elei\u00e7\u00e3o de outubro.<\/p>\n<p><strong>Felipe Duarte<\/strong>\u00a0aposta na manuten\u00e7\u00e3o da bancada atual.\u00a0<strong>\u201cN\u00f3s montamos um partido bem estruturado. A nossa pretens\u00e3o \u00e9 manter as sete cadeiras para o pr\u00f3ximo ano legislativo\u201d<\/strong>, afirmou.<\/p>\n<p><strong>Luciano Ara\u00fajo<\/strong>\u00a0acredita que o Avante pode at\u00e9 crescer ainda mais.\u00a0<strong>\u201cA perspectiva do Avante \u00e9 fazer sete deputados ou mais\u201d,\u00a0<\/strong>disse.<\/p>\n<p>Por sua vez,\u00a0<strong>V\u00edtor Azevedo<\/strong>\u00a0acredita que o Avante pode se tornar uma das principais for\u00e7as do pr\u00f3ximo governo.\u00a0<strong>\u201cA gente pode fazer do Avante um dos grandes partidos protagonistas do pr\u00f3ximo governo aqui da Bahia\u201d<\/strong>, afirmou.<\/p>\n<p>J\u00e1\u00a0<strong>Soane Galv\u00e3o<\/strong>, que n\u00e3o disputar\u00e1 a reelei\u00e7\u00e3o e aposta no marido, o ex-prefeito de Ilh\u00e9us\u00a0<strong>M\u00e1rio Alexandre<\/strong>, para herdar o esp\u00f3lio pol\u00edtico, disse que o grupo segue competitivo.<\/p>\n<p><strong>\u201cSe o povo quiser e Deus permitir, estaremos aqui mais uma vez com o mandato, agora M\u00e1rio Alexandre na frente\u201d<\/strong>, declarou.<\/p>\n<p>Mar\u00e3o tamb\u00e9m ingressou no Avante durante a \u00faltima janela partid\u00e1ria.\u00a0<strong>Alvo da Opera\u00e7\u00e3o Barganha da Pol\u00edcia Federal<\/strong>, que o acusa de receber propina de um contrato de servi\u00e7os de coleta de lixo,\u00a0<strong>o ex-prefeito teve as contas reprovadas pelo Tribunal de Contas da Uni\u00e3o<\/strong>\u00a0na \u00faltima semana. Segundo o TCU, ele ter\u00e1 que devolver quase R$ 1,6 milh\u00e3o devido a\u00a0<strong>irregularidades na aplica\u00e7\u00e3o de recursos federais<\/strong> destinados a pessoas afetadas pelas chuvas de abril de 2023.<\/p>\n<p>&nbsp;<\/p>\n<p>Fonte: <a href=\"https:\/\/www.blogdovila.com.br\/noticia\/galinheiro-avante\" target=\"_blank\" rel=\"noopener\">Blog do Vila<\/a><\/p>\n","protected":false},"excerpt":{"rendered":"<p>O crescimento mete\u00f3rico do Avante na Bahia ganhou, nos \u00faltimos meses, um ingrediente inc\u00f4modo nos bastidores da pol\u00edtica estadual: a<\/p>\n","protected":false},"author":4,"featured_media":21680,"comment_status":"open","ping_status":"open","sticky":false,"template":"","format":"standard","meta":{"colormag_page_container_layout":"default_layout","colormag_page_sidebar_layout":"default_layout","_FSMCFIC_featured_image_caption":"","_FSMCFIC_featured_image_nocaption":"","_FSMCFIC_featured_image_hide":"","footnotes":""},"categories":[5,1],"tags":[],"class_list":["post-21678","post","type-post","status-publish","format-standard","has-post-thumbnail","hentry","category-politica","category-ultimas"],"yoast_head":"<!-- This site is optimized with the Yoast SEO plugin v27.1.1 - https:\/\/yoast.com\/product\/yoast-seo-wordpress\/ -->\n<title>Careca de Saber: o &#039;galinheiro&#039; do Avante e o sil\u00eancio que ningu\u00e9m explica - Brasil not\u00edcias<\/title>\n<meta name=\"robots\" content=\"index, follow, max-snippet:-1, max-image-preview:large, max-video-preview:-1\" \/>\n<link rel=\"canonical\" href=\"https:\/\/brasilnoticias.org\/site\/careca-de-saber-o-galinheiro-do-avante-e-o-silencio-que-ninguem-explica\/\" \/>\n<meta property=\"og:locale\" content=\"pt_PT\" \/>\n<meta property=\"og:type\" content=\"article\" \/>\n<meta property=\"og:title\" content=\"Careca de Saber: o &#039;galinheiro&#039; do Avante e o sil\u00eancio que ningu\u00e9m explica - Brasil not\u00edcias\" \/>\n<meta property=\"og:description\" content=\"O crescimento mete\u00f3rico do Avante na Bahia ganhou, nos \u00faltimos meses, um ingrediente inc\u00f4modo nos bastidores da pol\u00edtica estadual: a\" \/>\n<meta property=\"og:url\" content=\"https:\/\/brasilnoticias.org\/site\/careca-de-saber-o-galinheiro-do-avante-e-o-silencio-que-ninguem-explica\/\" \/>\n<meta property=\"og:site_name\" content=\"Brasil not\u00edcias\" \/>\n<meta property=\"article:published_time\" content=\"2026-04-20T12:09:48+00:00\" \/>\n<meta property=\"og:image\" content=\"https:\/\/brasilnoticias.org\/site\/wp-content\/uploads\/2026\/04\/Rui-Costa-e-Ronaldo-Carletto.jpg\" \/>\n\t<meta property=\"og:image:width\" content=\"1280\" \/>\n\t<meta property=\"og:image:height\" content=\"720\" \/>\n\t<meta property=\"og:image:type\" content=\"image\/jpeg\" \/>\n<meta name=\"author\" content=\"Reda\u00e7\u00e3o\" \/>\n<meta name=\"twitter:card\" content=\"summary_large_image\" \/>\n<meta name=\"twitter:label1\" content=\"Escrito por\" \/>\n\t<meta name=\"twitter:data1\" content=\"Reda\u00e7\u00e3o\" \/>\n\t<meta name=\"twitter:label2\" content=\"Tempo estimado de leitura\" \/>\n\t<meta name=\"twitter:data2\" content=\"8 minutos\" \/>\n<script type=\"application\/ld+json\" class=\"yoast-schema-graph\">{\"@context\":\"https:\/\/schema.org\",\"@graph\":[{\"@type\":\"Article\",\"@id\":\"https:\/\/brasilnoticias.org\/site\/careca-de-saber-o-galinheiro-do-avante-e-o-silencio-que-ninguem-explica\/#article\",\"isPartOf\":{\"@id\":\"https:\/\/brasilnoticias.org\/site\/careca-de-saber-o-galinheiro-do-avante-e-o-silencio-que-ninguem-explica\/\"},\"author\":{\"name\":\"Reda\u00e7\u00e3o\",\"@id\":\"https:\/\/brasilnoticias.org\/site\/#\/schema\/person\/03bbbfe6c7634ad18c26444ea39049fa\"},\"headline\":\"Careca de Saber: o &#8216;galinheiro&#8217; do Avante e o sil\u00eancio que ningu\u00e9m explica\",\"datePublished\":\"2026-04-20T12:09:48+00:00\",\"mainEntityOfPage\":{\"@id\":\"https:\/\/brasilnoticias.org\/site\/careca-de-saber-o-galinheiro-do-avante-e-o-silencio-que-ninguem-explica\/\"},\"wordCount\":1333,\"commentCount\":0,\"publisher\":{\"@id\":\"https:\/\/brasilnoticias.org\/site\/#organization\"},\"image\":{\"@id\":\"https:\/\/brasilnoticias.org\/site\/careca-de-saber-o-galinheiro-do-avante-e-o-silencio-que-ninguem-explica\/#primaryimage\"},\"thumbnailUrl\":\"https:\/\/brasilnoticias.org\/site\/wp-content\/uploads\/2026\/04\/Rui-Costa-e-Ronaldo-Carletto.jpg\",\"articleSection\":[\"Pol\u00edtica\",\"\u00daltimas\"],\"inLanguage\":\"pt-PT\",\"potentialAction\":[{\"@type\":\"CommentAction\",\"name\":\"Comment\",\"target\":[\"https:\/\/brasilnoticias.org\/site\/careca-de-saber-o-galinheiro-do-avante-e-o-silencio-que-ninguem-explica\/#respond\"]}]},{\"@type\":\"WebPage\",\"@id\":\"https:\/\/brasilnoticias.org\/site\/careca-de-saber-o-galinheiro-do-avante-e-o-silencio-que-ninguem-explica\/\",\"url\":\"https:\/\/brasilnoticias.org\/site\/careca-de-saber-o-galinheiro-do-avante-e-o-silencio-que-ninguem-explica\/\",\"name\":\"Careca de Saber: o 'galinheiro' do Avante e o sil\u00eancio que ningu\u00e9m explica - Brasil not\u00edcias\",\"isPartOf\":{\"@id\":\"https:\/\/brasilnoticias.org\/site\/#website\"},\"primaryImageOfPage\":{\"@id\":\"https:\/\/brasilnoticias.org\/site\/careca-de-saber-o-galinheiro-do-avante-e-o-silencio-que-ninguem-explica\/#primaryimage\"},\"image\":{\"@id\":\"https:\/\/brasilnoticias.org\/site\/careca-de-saber-o-galinheiro-do-avante-e-o-silencio-que-ninguem-explica\/#primaryimage\"},\"thumbnailUrl\":\"https:\/\/brasilnoticias.org\/site\/wp-content\/uploads\/2026\/04\/Rui-Costa-e-Ronaldo-Carletto.jpg\",\"datePublished\":\"2026-04-20T12:09:48+00:00\",\"breadcrumb\":{\"@id\":\"https:\/\/brasilnoticias.org\/site\/careca-de-saber-o-galinheiro-do-avante-e-o-silencio-que-ninguem-explica\/#breadcrumb\"},\"inLanguage\":\"pt-PT\",\"potentialAction\":[{\"@type\":\"ReadAction\",\"target\":[\"https:\/\/brasilnoticias.org\/site\/careca-de-saber-o-galinheiro-do-avante-e-o-silencio-que-ninguem-explica\/\"]}]},{\"@type\":\"ImageObject\",\"inLanguage\":\"pt-PT\",\"@id\":\"https:\/\/brasilnoticias.org\/site\/careca-de-saber-o-galinheiro-do-avante-e-o-silencio-que-ninguem-explica\/#primaryimage\",\"url\":\"https:\/\/brasilnoticias.org\/site\/wp-content\/uploads\/2026\/04\/Rui-Costa-e-Ronaldo-Carletto.jpg\",\"contentUrl\":\"https:\/\/brasilnoticias.org\/site\/wp-content\/uploads\/2026\/04\/Rui-Costa-e-Ronaldo-Carletto.jpg\",\"width\":1280,\"height\":720,\"caption\":\"Divulga\u00e7\u00e3o\"},{\"@type\":\"BreadcrumbList\",\"@id\":\"https:\/\/brasilnoticias.org\/site\/careca-de-saber-o-galinheiro-do-avante-e-o-silencio-que-ninguem-explica\/#breadcrumb\",\"itemListElement\":[{\"@type\":\"ListItem\",\"position\":1,\"name\":\"In\u00edcio\",\"item\":\"https:\/\/brasilnoticias.org\/site\/\"},{\"@type\":\"ListItem\",\"position\":2,\"name\":\"Careca de Saber: o &#8216;galinheiro&#8217; do Avante e o sil\u00eancio que ningu\u00e9m explica\"}]},{\"@type\":\"WebSite\",\"@id\":\"https:\/\/brasilnoticias.org\/site\/#website\",\"url\":\"https:\/\/brasilnoticias.org\/site\/\",\"name\":\"Brasil not\u00edcias\",\"description\":\"Brasil not\u00edcias\",\"publisher\":{\"@id\":\"https:\/\/brasilnoticias.org\/site\/#organization\"},\"potentialAction\":[{\"@type\":\"SearchAction\",\"target\":{\"@type\":\"EntryPoint\",\"urlTemplate\":\"https:\/\/brasilnoticias.org\/site\/?s={search_term_string}\"},\"query-input\":{\"@type\":\"PropertyValueSpecification\",\"valueRequired\":true,\"valueName\":\"search_term_string\"}}],\"inLanguage\":\"pt-PT\"},{\"@type\":\"Organization\",\"@id\":\"https:\/\/brasilnoticias.org\/site\/#organization\",\"name\":\"Brasil not\u00edcias\",\"url\":\"https:\/\/brasilnoticias.org\/site\/\",\"logo\":{\"@type\":\"ImageObject\",\"inLanguage\":\"pt-PT\",\"@id\":\"https:\/\/brasilnoticias.org\/site\/#\/schema\/logo\/image\/\",\"url\":\"https:\/\/brasilnoticias.org\/site\/wp-content\/uploads\/2022\/05\/cropped-brasilnoticias-mini.jpg\",\"contentUrl\":\"https:\/\/brasilnoticias.org\/site\/wp-content\/uploads\/2022\/05\/cropped-brasilnoticias-mini.jpg\",\"width\":314,\"height\":86,\"caption\":\"Brasil not\u00edcias\"},\"image\":{\"@id\":\"https:\/\/brasilnoticias.org\/site\/#\/schema\/logo\/image\/\"}},{\"@type\":\"Person\",\"@id\":\"https:\/\/brasilnoticias.org\/site\/#\/schema\/person\/03bbbfe6c7634ad18c26444ea39049fa\",\"name\":\"Reda\u00e7\u00e3o\",\"image\":{\"@type\":\"ImageObject\",\"inLanguage\":\"pt-PT\",\"@id\":\"https:\/\/brasilnoticias.org\/site\/#\/schema\/person\/image\/\",\"url\":\"https:\/\/secure.gravatar.com\/avatar\/9ecaf7327a696cb23ad926fedded5f1f04d7049de9e445375d55b48c001a6e42?s=96&d=mm&r=g\",\"contentUrl\":\"https:\/\/secure.gravatar.com\/avatar\/9ecaf7327a696cb23ad926fedded5f1f04d7049de9e445375d55b48c001a6e42?s=96&d=mm&r=g\",\"caption\":\"Reda\u00e7\u00e3o\"},\"url\":\"https:\/\/brasilnoticias.org\/site\/author\/henrique\/\"}]}<\/script>\n<!-- \/ Yoast SEO plugin. -->","yoast_head_json":{"title":"Careca de Saber: o 'galinheiro' do Avante e o sil\u00eancio que ningu\u00e9m explica - Brasil not\u00edcias","robots":{"index":"index","follow":"follow","max-snippet":"max-snippet:-1","max-image-preview":"max-image-preview:large","max-video-preview":"max-video-preview:-1"},"canonical":"https:\/\/brasilnoticias.org\/site\/careca-de-saber-o-galinheiro-do-avante-e-o-silencio-que-ninguem-explica\/","og_locale":"pt_PT","og_type":"article","og_title":"Careca de Saber: o 'galinheiro' do Avante e o sil\u00eancio que ningu\u00e9m explica - Brasil not\u00edcias","og_description":"O crescimento mete\u00f3rico do Avante na Bahia ganhou, nos \u00faltimos meses, um ingrediente inc\u00f4modo nos bastidores da pol\u00edtica estadual: a","og_url":"https:\/\/brasilnoticias.org\/site\/careca-de-saber-o-galinheiro-do-avante-e-o-silencio-que-ninguem-explica\/","og_site_name":"Brasil not\u00edcias","article_published_time":"2026-04-20T12:09:48+00:00","og_image":[{"width":1280,"height":720,"url":"https:\/\/brasilnoticias.org\/site\/wp-content\/uploads\/2026\/04\/Rui-Costa-e-Ronaldo-Carletto.jpg","type":"image\/jpeg"}],"author":"Reda\u00e7\u00e3o","twitter_card":"summary_large_image","twitter_misc":{"Escrito por":"Reda\u00e7\u00e3o","Tempo estimado de leitura":"8 minutos"},"schema":{"@context":"https:\/\/schema.org","@graph":[{"@type":"Article","@id":"https:\/\/brasilnoticias.org\/site\/careca-de-saber-o-galinheiro-do-avante-e-o-silencio-que-ninguem-explica\/#article","isPartOf":{"@id":"https:\/\/brasilnoticias.org\/site\/careca-de-saber-o-galinheiro-do-avante-e-o-silencio-que-ninguem-explica\/"},"author":{"name":"Reda\u00e7\u00e3o","@id":"https:\/\/brasilnoticias.org\/site\/#\/schema\/person\/03bbbfe6c7634ad18c26444ea39049fa"},"headline":"Careca de Saber: o &#8216;galinheiro&#8217; do Avante e o sil\u00eancio que ningu\u00e9m explica","datePublished":"2026-04-20T12:09:48+00:00","mainEntityOfPage":{"@id":"https:\/\/brasilnoticias.org\/site\/careca-de-saber-o-galinheiro-do-avante-e-o-silencio-que-ninguem-explica\/"},"wordCount":1333,"commentCount":0,"publisher":{"@id":"https:\/\/brasilnoticias.org\/site\/#organization"},"image":{"@id":"https:\/\/brasilnoticias.org\/site\/careca-de-saber-o-galinheiro-do-avante-e-o-silencio-que-ninguem-explica\/#primaryimage"},"thumbnailUrl":"https:\/\/brasilnoticias.org\/site\/wp-content\/uploads\/2026\/04\/Rui-Costa-e-Ronaldo-Carletto.jpg","articleSection":["Pol\u00edtica","\u00daltimas"],"inLanguage":"pt-PT","potentialAction":[{"@type":"CommentAction","name":"Comment","target":["https:\/\/brasilnoticias.org\/site\/careca-de-saber-o-galinheiro-do-avante-e-o-silencio-que-ninguem-explica\/#respond"]}]},{"@type":"WebPage","@id":"https:\/\/brasilnoticias.org\/site\/careca-de-saber-o-galinheiro-do-avante-e-o-silencio-que-ninguem-explica\/","url":"https:\/\/brasilnoticias.org\/site\/careca-de-saber-o-galinheiro-do-avante-e-o-silencio-que-ninguem-explica\/","name":"Careca de Saber: o 'galinheiro' do Avante e o sil\u00eancio que ningu\u00e9m explica - Brasil not\u00edcias","isPartOf":{"@id":"https:\/\/brasilnoticias.org\/site\/#website"},"primaryImageOfPage":{"@id":"https:\/\/brasilnoticias.org\/site\/careca-de-saber-o-galinheiro-do-avante-e-o-silencio-que-ninguem-explica\/#primaryimage"},"image":{"@id":"https:\/\/brasilnoticias.org\/site\/careca-de-saber-o-galinheiro-do-avante-e-o-silencio-que-ninguem-explica\/#primaryimage"},"thumbnailUrl":"https:\/\/brasilnoticias.org\/site\/wp-content\/uploads\/2026\/04\/Rui-Costa-e-Ronaldo-Carletto.jpg","datePublished":"2026-04-20T12:09:48+00:00","breadcrumb":{"@id":"https:\/\/brasilnoticias.org\/site\/careca-de-saber-o-galinheiro-do-avante-e-o-silencio-que-ninguem-explica\/#breadcrumb"},"inLanguage":"pt-PT","potentialAction":[{"@type":"ReadAction","target":["https:\/\/brasilnoticias.org\/site\/careca-de-saber-o-galinheiro-do-avante-e-o-silencio-que-ninguem-explica\/"]}]},{"@type":"ImageObject","inLanguage":"pt-PT","@id":"https:\/\/brasilnoticias.org\/site\/careca-de-saber-o-galinheiro-do-avante-e-o-silencio-que-ninguem-explica\/#primaryimage","url":"https:\/\/brasilnoticias.org\/site\/wp-content\/uploads\/2026\/04\/Rui-Costa-e-Ronaldo-Carletto.jpg","contentUrl":"https:\/\/brasilnoticias.org\/site\/wp-content\/uploads\/2026\/04\/Rui-Costa-e-Ronaldo-Carletto.jpg","width":1280,"height":720,"caption":"Divulga\u00e7\u00e3o"},{"@type":"BreadcrumbList","@id":"https:\/\/brasilnoticias.org\/site\/careca-de-saber-o-galinheiro-do-avante-e-o-silencio-que-ninguem-explica\/#breadcrumb","itemListElement":[{"@type":"ListItem","position":1,"name":"In\u00edcio","item":"https:\/\/brasilnoticias.org\/site\/"},{"@type":"ListItem","position":2,"name":"Careca de Saber: o &#8216;galinheiro&#8217; do Avante e o sil\u00eancio que ningu\u00e9m explica"}]},{"@type":"WebSite","@id":"https:\/\/brasilnoticias.org\/site\/#website","url":"https:\/\/brasilnoticias.org\/site\/","name":"Brasil not\u00edcias","description":"Brasil not\u00edcias","publisher":{"@id":"https:\/\/brasilnoticias.org\/site\/#organization"},"potentialAction":[{"@type":"SearchAction","target":{"@type":"EntryPoint","urlTemplate":"https:\/\/brasilnoticias.org\/site\/?s={search_term_string}"},"query-input":{"@type":"PropertyValueSpecification","valueRequired":true,"valueName":"search_term_string"}}],"inLanguage":"pt-PT"},{"@type":"Organization","@id":"https:\/\/brasilnoticias.org\/site\/#organization","name":"Brasil not\u00edcias","url":"https:\/\/brasilnoticias.org\/site\/","logo":{"@type":"ImageObject","inLanguage":"pt-PT","@id":"https:\/\/brasilnoticias.org\/site\/#\/schema\/logo\/image\/","url":"https:\/\/brasilnoticias.org\/site\/wp-content\/uploads\/2022\/05\/cropped-brasilnoticias-mini.jpg","contentUrl":"https:\/\/brasilnoticias.org\/site\/wp-content\/uploads\/2022\/05\/cropped-brasilnoticias-mini.jpg","width":314,"height":86,"caption":"Brasil not\u00edcias"},"image":{"@id":"https:\/\/brasilnoticias.org\/site\/#\/schema\/logo\/image\/"}},{"@type":"Person","@id":"https:\/\/brasilnoticias.org\/site\/#\/schema\/person\/03bbbfe6c7634ad18c26444ea39049fa","name":"Reda\u00e7\u00e3o","image":{"@type":"ImageObject","inLanguage":"pt-PT","@id":"https:\/\/brasilnoticias.org\/site\/#\/schema\/person\/image\/","url":"https:\/\/secure.gravatar.com\/avatar\/9ecaf7327a696cb23ad926fedded5f1f04d7049de9e445375d55b48c001a6e42?s=96&d=mm&r=g","contentUrl":"https:\/\/secure.gravatar.com\/avatar\/9ecaf7327a696cb23ad926fedded5f1f04d7049de9e445375d55b48c001a6e42?s=96&d=mm&r=g","caption":"Reda\u00e7\u00e3o"},"url":"https:\/\/brasilnoticias.org\/site\/author\/henrique\/"}]}},"_links":{"self":[{"href":"https:\/\/brasilnoticias.org\/site\/wp-json\/wp\/v2\/posts\/21678","targetHints":{"allow":["GET"]}}],"collection":[{"href":"https:\/\/brasilnoticias.org\/site\/wp-json\/wp\/v2\/posts"}],"about":[{"href":"https:\/\/brasilnoticias.org\/site\/wp-json\/wp\/v2\/types\/post"}],"author":[{"embeddable":true,"href":"https:\/\/brasilnoticias.org\/site\/wp-json\/wp\/v2\/users\/4"}],"replies":[{"embeddable":true,"href":"https:\/\/brasilnoticias.org\/site\/wp-json\/wp\/v2\/comments?post=21678"}],"version-history":[{"count":1,"href":"https:\/\/brasilnoticias.org\/site\/wp-json\/wp\/v2\/posts\/21678\/revisions"}],"predecessor-version":[{"id":21681,"href":"https:\/\/brasilnoticias.org\/site\/wp-json\/wp\/v2\/posts\/21678\/revisions\/21681"}],"wp:featuredmedia":[{"embeddable":true,"href":"https:\/\/brasilnoticias.org\/site\/wp-json\/wp\/v2\/media\/21680"}],"wp:attachment":[{"href":"https:\/\/brasilnoticias.org\/site\/wp-json\/wp\/v2\/media?parent=21678"}],"wp:term":[{"taxonomy":"category","embeddable":true,"href":"https:\/\/brasilnoticias.org\/site\/wp-json\/wp\/v2\/categories?post=21678"},{"taxonomy":"post_tag","embeddable":true,"href":"https:\/\/brasilnoticias.org\/site\/wp-json\/wp\/v2\/tags?post=21678"}],"curies":[{"name":"wp","href":"https:\/\/api.w.org\/{rel}","templated":true}]}}