{"id":21689,"date":"2026-04-20T20:00:04","date_gmt":"2026-04-20T23:00:04","guid":{"rendered":"https:\/\/brasilnoticias.org\/site\/?p=21689"},"modified":"2026-04-20T20:00:04","modified_gmt":"2026-04-20T23:00:04","slug":"novo-medicamento-para-alzheimer-ja-tem-data-para-chegar-as-farmacias-veja-preco-estimado","status":"publish","type":"post","link":"https:\/\/brasilnoticias.org\/site\/novo-medicamento-para-alzheimer-ja-tem-data-para-chegar-as-farmacias-veja-preco-estimado\/","title":{"rendered":"Novo medicamento para Alzheimer j\u00e1 tem data para chegar \u00e0s farm\u00e1cias; veja pre\u00e7o estimado"},"content":{"rendered":"<p data-start=\"182\" data-end=\"366\">Um novo medicamento para o tratamento do Alzheimer deve come\u00e7ar a chegar \u00e0s farm\u00e1cias brasileiras ao longo de 2026, ap\u00f3s aprova\u00e7\u00e3o da Ag\u00eancia Nacional de Vigil\u00e2ncia Sanit\u00e1ria (Anvisa).<\/p>\n<p data-start=\"368\" data-end=\"550\">O rem\u00e9dio, chamado <span class=\"hover:entity-accent entity-underline inline cursor-pointer align-baseline\"><span class=\"whitespace-normal\">Leqembi<\/span><\/span>, \u00e9 indicado para pacientes em est\u00e1gio inicial da doen\u00e7a e representa uma nova abordagem no combate \u00e0 progress\u00e3o do Alzheimer.<\/p>\n<h3 data-section-id=\"17z4gzv\" data-start=\"552\" data-end=\"580\">Quando estar\u00e1 dispon\u00edvel<\/h3>\n<p data-start=\"582\" data-end=\"694\">Ap\u00f3s a libera\u00e7\u00e3o da Anvisa no in\u00edcio de 2026, o medicamento est\u00e1 em fase de implementa\u00e7\u00e3o no mercado brasileiro.<\/p>\n<p data-start=\"696\" data-end=\"916\">A expectativa \u00e9 que a distribui\u00e7\u00e3o ocorra gradualmente ao longo do ano, inicialmente em cl\u00ednicas especializadas e centros m\u00e9dicos, antes de chegar de forma mais ampla \u00e0s farm\u00e1cias.<\/p>\n<h3 data-section-id=\"1cph0oa\" data-start=\"918\" data-end=\"949\">Como funciona o medicamento<\/h3>\n<p data-start=\"951\" data-end=\"1081\">O tratamento utiliza um anticorpo monoclonal que atua diretamente nas placas de beta-amiloide no c\u00e9rebro, associadas ao Alzheimer.<\/p>\n<p data-start=\"1083\" data-end=\"1304\">Diferente de medicamentos tradicionais, o objetivo n\u00e3o \u00e9 apenas aliviar sintomas, mas <strong data-start=\"1169\" data-end=\"1200\">retardar o avan\u00e7o da doen\u00e7a<\/strong>, especialmente em pacientes com comprometimento cognitivo leve.<\/p>\n<p data-start=\"1306\" data-end=\"1458\">A aplica\u00e7\u00e3o \u00e9 feita por infus\u00e3o intravenosa, geralmente a cada duas semanas, com acompanhamento m\u00e9dico rigoroso.<\/p>\n<h3 data-section-id=\"ehokwa\" data-start=\"1460\" data-end=\"1481\">Quanto vai custar<\/h3>\n<p data-start=\"1483\" data-end=\"1551\">O pre\u00e7o do tratamento \u00e9 considerado elevado e pode limitar o acesso.<\/p>\n<p data-start=\"1553\" data-end=\"1619\">Estimativas apontam que o custo anual no Brasil deve variar entre:<\/p>\n<ul data-start=\"1621\" data-end=\"1703\">\n<li data-section-id=\"1vwap78\" data-start=\"1621\" data-end=\"1703\"><strong data-start=\"1623\" data-end=\"1663\">R$ 140 mil e R$ 269 mil por paciente<\/strong><\/li>\n<\/ul>\n<p data-start=\"1705\" data-end=\"1854\">Nos Estados Unidos, o valor gira em torno de US$ 26 mil por ano, o que ajuda a explicar o alto custo no pa\u00eds.<\/p>\n<p data-start=\"1856\" data-end=\"1982\">Al\u00e9m disso, o tratamento exige exames frequentes e acompanhamento especializado, o que pode aumentar ainda mais o valor total.<\/p>\n<h3 data-section-id=\"sq60nz\" data-start=\"1984\" data-end=\"2000\">Uso restrito<\/h3>\n<p data-start=\"2002\" data-end=\"2127\">O medicamento \u00e9 indicado apenas para pacientes em fase inicial da doen\u00e7a e com diagn\u00f3stico confirmado por exames espec\u00edficos.<\/p>\n<p data-start=\"2129\" data-end=\"2276\">Especialistas destacam que, apesar do avan\u00e7o, o tratamento <strong data-start=\"2188\" data-end=\"2215\">n\u00e3o representa uma cura<\/strong>, mas sim uma forma de desacelerar a progress\u00e3o do Alzheimer.<\/p>\n<h3 data-section-id=\"y5ervz\" data-start=\"2278\" data-end=\"2300\">Desafios de acesso<\/h3>\n<p data-start=\"2302\" data-end=\"2434\">Devido ao alto custo, o acesso ao medicamento pode depender de planos de sa\u00fade ou a\u00e7\u00f5es judiciais, especialmente no sistema p\u00fablico.<\/p>\n<p data-start=\"2436\" data-end=\"2535\">O tema deve gerar debate sobre financiamento e inclus\u00e3o da terapia no Sistema \u00danico de Sa\u00fade (SUS).<\/p>\n","protected":false},"excerpt":{"rendered":"<p>Um novo medicamento para o tratamento do Alzheimer deve come\u00e7ar a chegar \u00e0s farm\u00e1cias brasileiras ao longo de 2026, ap\u00f3s<\/p>\n","protected":false},"author":4,"featured_media":21690,"comment_status":"open","ping_status":"open","sticky":false,"template":"","format":"standard","meta":{"colormag_page_container_layout":"default_layout","colormag_page_sidebar_layout":"default_layout","_FSMCFIC_featured_image_caption":"","_FSMCFIC_featured_image_nocaption":"","_FSMCFIC_featured_image_hide":"","footnotes":""},"categories":[2,1],"tags":[],"class_list":["post-21689","post","type-post","status-publish","format-standard","has-post-thumbnail","hentry","category-noticias","category-ultimas"],"yoast_head":"<!-- This site is optimized with the Yoast SEO plugin v27.1.1 - https:\/\/yoast.com\/product\/yoast-seo-wordpress\/ -->\n<title>Novo medicamento para Alzheimer j\u00e1 tem data para chegar \u00e0s farm\u00e1cias; veja pre\u00e7o estimado - Brasil not\u00edcias<\/title>\n<meta name=\"robots\" content=\"index, follow, max-snippet:-1, max-image-preview:large, max-video-preview:-1\" \/>\n<link rel=\"canonical\" href=\"https:\/\/brasilnoticias.org\/site\/novo-medicamento-para-alzheimer-ja-tem-data-para-chegar-as-farmacias-veja-preco-estimado\/\" \/>\n<meta property=\"og:locale\" content=\"pt_PT\" \/>\n<meta property=\"og:type\" content=\"article\" \/>\n<meta property=\"og:title\" content=\"Novo medicamento para Alzheimer j\u00e1 tem data para chegar \u00e0s farm\u00e1cias; veja pre\u00e7o estimado - Brasil not\u00edcias\" \/>\n<meta property=\"og:description\" content=\"Um novo medicamento para o tratamento do Alzheimer deve come\u00e7ar a chegar \u00e0s farm\u00e1cias brasileiras ao longo de 2026, ap\u00f3s\" \/>\n<meta property=\"og:url\" content=\"https:\/\/brasilnoticias.org\/site\/novo-medicamento-para-alzheimer-ja-tem-data-para-chegar-as-farmacias-veja-preco-estimado\/\" \/>\n<meta property=\"og:site_name\" content=\"Brasil not\u00edcias\" \/>\n<meta property=\"article:published_time\" content=\"2026-04-20T23:00:04+00:00\" \/>\n<meta property=\"og:image\" content=\"https:\/\/brasilnoticias.org\/site\/wp-content\/uploads\/2026\/04\/design-sem-nome-3-3-750x450-1.png\" \/>\n\t<meta property=\"og:image:width\" content=\"750\" \/>\n\t<meta property=\"og:image:height\" content=\"450\" \/>\n\t<meta property=\"og:image:type\" content=\"image\/png\" \/>\n<meta name=\"author\" content=\"Reda\u00e7\u00e3o\" \/>\n<meta name=\"twitter:card\" content=\"summary_large_image\" \/>\n<meta name=\"twitter:label1\" content=\"Escrito por\" \/>\n\t<meta name=\"twitter:data1\" content=\"Reda\u00e7\u00e3o\" \/>\n\t<meta name=\"twitter:label2\" content=\"Tempo estimado de leitura\" \/>\n\t<meta name=\"twitter:data2\" content=\"3 minutos\" \/>\n<script type=\"application\/ld+json\" class=\"yoast-schema-graph\">{\"@context\":\"https:\/\/schema.org\",\"@graph\":[{\"@type\":\"Article\",\"@id\":\"https:\/\/brasilnoticias.org\/site\/novo-medicamento-para-alzheimer-ja-tem-data-para-chegar-as-farmacias-veja-preco-estimado\/#article\",\"isPartOf\":{\"@id\":\"https:\/\/brasilnoticias.org\/site\/novo-medicamento-para-alzheimer-ja-tem-data-para-chegar-as-farmacias-veja-preco-estimado\/\"},\"author\":{\"name\":\"Reda\u00e7\u00e3o\",\"@id\":\"https:\/\/brasilnoticias.org\/site\/#\/schema\/person\/03bbbfe6c7634ad18c26444ea39049fa\"},\"headline\":\"Novo medicamento para Alzheimer j\u00e1 tem data para chegar \u00e0s farm\u00e1cias; veja pre\u00e7o estimado\",\"datePublished\":\"2026-04-20T23:00:04+00:00\",\"mainEntityOfPage\":{\"@id\":\"https:\/\/brasilnoticias.org\/site\/novo-medicamento-para-alzheimer-ja-tem-data-para-chegar-as-farmacias-veja-preco-estimado\/\"},\"wordCount\":371,\"commentCount\":0,\"publisher\":{\"@id\":\"https:\/\/brasilnoticias.org\/site\/#organization\"},\"image\":{\"@id\":\"https:\/\/brasilnoticias.org\/site\/novo-medicamento-para-alzheimer-ja-tem-data-para-chegar-as-farmacias-veja-preco-estimado\/#primaryimage\"},\"thumbnailUrl\":\"https:\/\/brasilnoticias.org\/site\/wp-content\/uploads\/2026\/04\/design-sem-nome-3-3-750x450-1.png\",\"articleSection\":[\"Not\u00edcias\",\"\u00daltimas\"],\"inLanguage\":\"pt-PT\",\"potentialAction\":[{\"@type\":\"CommentAction\",\"name\":\"Comment\",\"target\":[\"https:\/\/brasilnoticias.org\/site\/novo-medicamento-para-alzheimer-ja-tem-data-para-chegar-as-farmacias-veja-preco-estimado\/#respond\"]}]},{\"@type\":\"WebPage\",\"@id\":\"https:\/\/brasilnoticias.org\/site\/novo-medicamento-para-alzheimer-ja-tem-data-para-chegar-as-farmacias-veja-preco-estimado\/\",\"url\":\"https:\/\/brasilnoticias.org\/site\/novo-medicamento-para-alzheimer-ja-tem-data-para-chegar-as-farmacias-veja-preco-estimado\/\",\"name\":\"Novo medicamento para Alzheimer j\u00e1 tem data para chegar \u00e0s farm\u00e1cias; veja pre\u00e7o estimado - Brasil not\u00edcias\",\"isPartOf\":{\"@id\":\"https:\/\/brasilnoticias.org\/site\/#website\"},\"primaryImageOfPage\":{\"@id\":\"https:\/\/brasilnoticias.org\/site\/novo-medicamento-para-alzheimer-ja-tem-data-para-chegar-as-farmacias-veja-preco-estimado\/#primaryimage\"},\"image\":{\"@id\":\"https:\/\/brasilnoticias.org\/site\/novo-medicamento-para-alzheimer-ja-tem-data-para-chegar-as-farmacias-veja-preco-estimado\/#primaryimage\"},\"thumbnailUrl\":\"https:\/\/brasilnoticias.org\/site\/wp-content\/uploads\/2026\/04\/design-sem-nome-3-3-750x450-1.png\",\"datePublished\":\"2026-04-20T23:00:04+00:00\",\"breadcrumb\":{\"@id\":\"https:\/\/brasilnoticias.org\/site\/novo-medicamento-para-alzheimer-ja-tem-data-para-chegar-as-farmacias-veja-preco-estimado\/#breadcrumb\"},\"inLanguage\":\"pt-PT\",\"potentialAction\":[{\"@type\":\"ReadAction\",\"target\":[\"https:\/\/brasilnoticias.org\/site\/novo-medicamento-para-alzheimer-ja-tem-data-para-chegar-as-farmacias-veja-preco-estimado\/\"]}]},{\"@type\":\"ImageObject\",\"inLanguage\":\"pt-PT\",\"@id\":\"https:\/\/brasilnoticias.org\/site\/novo-medicamento-para-alzheimer-ja-tem-data-para-chegar-as-farmacias-veja-preco-estimado\/#primaryimage\",\"url\":\"https:\/\/brasilnoticias.org\/site\/wp-content\/uploads\/2026\/04\/design-sem-nome-3-3-750x450-1.png\",\"contentUrl\":\"https:\/\/brasilnoticias.org\/site\/wp-content\/uploads\/2026\/04\/design-sem-nome-3-3-750x450-1.png\",\"width\":750,\"height\":450,\"caption\":\"Divulga\u00e7\u00e3o \/ Eisai\"},{\"@type\":\"BreadcrumbList\",\"@id\":\"https:\/\/brasilnoticias.org\/site\/novo-medicamento-para-alzheimer-ja-tem-data-para-chegar-as-farmacias-veja-preco-estimado\/#breadcrumb\",\"itemListElement\":[{\"@type\":\"ListItem\",\"position\":1,\"name\":\"In\u00edcio\",\"item\":\"https:\/\/brasilnoticias.org\/site\/\"},{\"@type\":\"ListItem\",\"position\":2,\"name\":\"Novo medicamento para Alzheimer j\u00e1 tem data para chegar \u00e0s farm\u00e1cias; veja pre\u00e7o estimado\"}]},{\"@type\":\"WebSite\",\"@id\":\"https:\/\/brasilnoticias.org\/site\/#website\",\"url\":\"https:\/\/brasilnoticias.org\/site\/\",\"name\":\"Brasil not\u00edcias\",\"description\":\"Brasil not\u00edcias\",\"publisher\":{\"@id\":\"https:\/\/brasilnoticias.org\/site\/#organization\"},\"potentialAction\":[{\"@type\":\"SearchAction\",\"target\":{\"@type\":\"EntryPoint\",\"urlTemplate\":\"https:\/\/brasilnoticias.org\/site\/?s={search_term_string}\"},\"query-input\":{\"@type\":\"PropertyValueSpecification\",\"valueRequired\":true,\"valueName\":\"search_term_string\"}}],\"inLanguage\":\"pt-PT\"},{\"@type\":\"Organization\",\"@id\":\"https:\/\/brasilnoticias.org\/site\/#organization\",\"name\":\"Brasil not\u00edcias\",\"url\":\"https:\/\/brasilnoticias.org\/site\/\",\"logo\":{\"@type\":\"ImageObject\",\"inLanguage\":\"pt-PT\",\"@id\":\"https:\/\/brasilnoticias.org\/site\/#\/schema\/logo\/image\/\",\"url\":\"https:\/\/brasilnoticias.org\/site\/wp-content\/uploads\/2022\/05\/cropped-brasilnoticias-mini.jpg\",\"contentUrl\":\"https:\/\/brasilnoticias.org\/site\/wp-content\/uploads\/2022\/05\/cropped-brasilnoticias-mini.jpg\",\"width\":314,\"height\":86,\"caption\":\"Brasil not\u00edcias\"},\"image\":{\"@id\":\"https:\/\/brasilnoticias.org\/site\/#\/schema\/logo\/image\/\"}},{\"@type\":\"Person\",\"@id\":\"https:\/\/brasilnoticias.org\/site\/#\/schema\/person\/03bbbfe6c7634ad18c26444ea39049fa\",\"name\":\"Reda\u00e7\u00e3o\",\"image\":{\"@type\":\"ImageObject\",\"inLanguage\":\"pt-PT\",\"@id\":\"https:\/\/brasilnoticias.org\/site\/#\/schema\/person\/image\/\",\"url\":\"https:\/\/secure.gravatar.com\/avatar\/9ecaf7327a696cb23ad926fedded5f1f04d7049de9e445375d55b48c001a6e42?s=96&d=mm&r=g\",\"contentUrl\":\"https:\/\/secure.gravatar.com\/avatar\/9ecaf7327a696cb23ad926fedded5f1f04d7049de9e445375d55b48c001a6e42?s=96&d=mm&r=g\",\"caption\":\"Reda\u00e7\u00e3o\"},\"url\":\"https:\/\/brasilnoticias.org\/site\/author\/henrique\/\"}]}<\/script>\n<!-- \/ Yoast SEO plugin. -->","yoast_head_json":{"title":"Novo medicamento para Alzheimer j\u00e1 tem data para chegar \u00e0s farm\u00e1cias; veja pre\u00e7o estimado - Brasil not\u00edcias","robots":{"index":"index","follow":"follow","max-snippet":"max-snippet:-1","max-image-preview":"max-image-preview:large","max-video-preview":"max-video-preview:-1"},"canonical":"https:\/\/brasilnoticias.org\/site\/novo-medicamento-para-alzheimer-ja-tem-data-para-chegar-as-farmacias-veja-preco-estimado\/","og_locale":"pt_PT","og_type":"article","og_title":"Novo medicamento para Alzheimer j\u00e1 tem data para chegar \u00e0s farm\u00e1cias; veja pre\u00e7o estimado - Brasil not\u00edcias","og_description":"Um novo medicamento para o tratamento do Alzheimer deve come\u00e7ar a chegar \u00e0s farm\u00e1cias brasileiras ao longo de 2026, ap\u00f3s","og_url":"https:\/\/brasilnoticias.org\/site\/novo-medicamento-para-alzheimer-ja-tem-data-para-chegar-as-farmacias-veja-preco-estimado\/","og_site_name":"Brasil not\u00edcias","article_published_time":"2026-04-20T23:00:04+00:00","og_image":[{"width":750,"height":450,"url":"https:\/\/brasilnoticias.org\/site\/wp-content\/uploads\/2026\/04\/design-sem-nome-3-3-750x450-1.png","type":"image\/png"}],"author":"Reda\u00e7\u00e3o","twitter_card":"summary_large_image","twitter_misc":{"Escrito por":"Reda\u00e7\u00e3o","Tempo estimado de leitura":"3 minutos"},"schema":{"@context":"https:\/\/schema.org","@graph":[{"@type":"Article","@id":"https:\/\/brasilnoticias.org\/site\/novo-medicamento-para-alzheimer-ja-tem-data-para-chegar-as-farmacias-veja-preco-estimado\/#article","isPartOf":{"@id":"https:\/\/brasilnoticias.org\/site\/novo-medicamento-para-alzheimer-ja-tem-data-para-chegar-as-farmacias-veja-preco-estimado\/"},"author":{"name":"Reda\u00e7\u00e3o","@id":"https:\/\/brasilnoticias.org\/site\/#\/schema\/person\/03bbbfe6c7634ad18c26444ea39049fa"},"headline":"Novo medicamento para Alzheimer j\u00e1 tem data para chegar \u00e0s farm\u00e1cias; veja pre\u00e7o estimado","datePublished":"2026-04-20T23:00:04+00:00","mainEntityOfPage":{"@id":"https:\/\/brasilnoticias.org\/site\/novo-medicamento-para-alzheimer-ja-tem-data-para-chegar-as-farmacias-veja-preco-estimado\/"},"wordCount":371,"commentCount":0,"publisher":{"@id":"https:\/\/brasilnoticias.org\/site\/#organization"},"image":{"@id":"https:\/\/brasilnoticias.org\/site\/novo-medicamento-para-alzheimer-ja-tem-data-para-chegar-as-farmacias-veja-preco-estimado\/#primaryimage"},"thumbnailUrl":"https:\/\/brasilnoticias.org\/site\/wp-content\/uploads\/2026\/04\/design-sem-nome-3-3-750x450-1.png","articleSection":["Not\u00edcias","\u00daltimas"],"inLanguage":"pt-PT","potentialAction":[{"@type":"CommentAction","name":"Comment","target":["https:\/\/brasilnoticias.org\/site\/novo-medicamento-para-alzheimer-ja-tem-data-para-chegar-as-farmacias-veja-preco-estimado\/#respond"]}]},{"@type":"WebPage","@id":"https:\/\/brasilnoticias.org\/site\/novo-medicamento-para-alzheimer-ja-tem-data-para-chegar-as-farmacias-veja-preco-estimado\/","url":"https:\/\/brasilnoticias.org\/site\/novo-medicamento-para-alzheimer-ja-tem-data-para-chegar-as-farmacias-veja-preco-estimado\/","name":"Novo medicamento para Alzheimer j\u00e1 tem data para chegar \u00e0s farm\u00e1cias; veja pre\u00e7o estimado - Brasil not\u00edcias","isPartOf":{"@id":"https:\/\/brasilnoticias.org\/site\/#website"},"primaryImageOfPage":{"@id":"https:\/\/brasilnoticias.org\/site\/novo-medicamento-para-alzheimer-ja-tem-data-para-chegar-as-farmacias-veja-preco-estimado\/#primaryimage"},"image":{"@id":"https:\/\/brasilnoticias.org\/site\/novo-medicamento-para-alzheimer-ja-tem-data-para-chegar-as-farmacias-veja-preco-estimado\/#primaryimage"},"thumbnailUrl":"https:\/\/brasilnoticias.org\/site\/wp-content\/uploads\/2026\/04\/design-sem-nome-3-3-750x450-1.png","datePublished":"2026-04-20T23:00:04+00:00","breadcrumb":{"@id":"https:\/\/brasilnoticias.org\/site\/novo-medicamento-para-alzheimer-ja-tem-data-para-chegar-as-farmacias-veja-preco-estimado\/#breadcrumb"},"inLanguage":"pt-PT","potentialAction":[{"@type":"ReadAction","target":["https:\/\/brasilnoticias.org\/site\/novo-medicamento-para-alzheimer-ja-tem-data-para-chegar-as-farmacias-veja-preco-estimado\/"]}]},{"@type":"ImageObject","inLanguage":"pt-PT","@id":"https:\/\/brasilnoticias.org\/site\/novo-medicamento-para-alzheimer-ja-tem-data-para-chegar-as-farmacias-veja-preco-estimado\/#primaryimage","url":"https:\/\/brasilnoticias.org\/site\/wp-content\/uploads\/2026\/04\/design-sem-nome-3-3-750x450-1.png","contentUrl":"https:\/\/brasilnoticias.org\/site\/wp-content\/uploads\/2026\/04\/design-sem-nome-3-3-750x450-1.png","width":750,"height":450,"caption":"Divulga\u00e7\u00e3o \/ Eisai"},{"@type":"BreadcrumbList","@id":"https:\/\/brasilnoticias.org\/site\/novo-medicamento-para-alzheimer-ja-tem-data-para-chegar-as-farmacias-veja-preco-estimado\/#breadcrumb","itemListElement":[{"@type":"ListItem","position":1,"name":"In\u00edcio","item":"https:\/\/brasilnoticias.org\/site\/"},{"@type":"ListItem","position":2,"name":"Novo medicamento para Alzheimer j\u00e1 tem data para chegar \u00e0s farm\u00e1cias; veja pre\u00e7o estimado"}]},{"@type":"WebSite","@id":"https:\/\/brasilnoticias.org\/site\/#website","url":"https:\/\/brasilnoticias.org\/site\/","name":"Brasil not\u00edcias","description":"Brasil not\u00edcias","publisher":{"@id":"https:\/\/brasilnoticias.org\/site\/#organization"},"potentialAction":[{"@type":"SearchAction","target":{"@type":"EntryPoint","urlTemplate":"https:\/\/brasilnoticias.org\/site\/?s={search_term_string}"},"query-input":{"@type":"PropertyValueSpecification","valueRequired":true,"valueName":"search_term_string"}}],"inLanguage":"pt-PT"},{"@type":"Organization","@id":"https:\/\/brasilnoticias.org\/site\/#organization","name":"Brasil not\u00edcias","url":"https:\/\/brasilnoticias.org\/site\/","logo":{"@type":"ImageObject","inLanguage":"pt-PT","@id":"https:\/\/brasilnoticias.org\/site\/#\/schema\/logo\/image\/","url":"https:\/\/brasilnoticias.org\/site\/wp-content\/uploads\/2022\/05\/cropped-brasilnoticias-mini.jpg","contentUrl":"https:\/\/brasilnoticias.org\/site\/wp-content\/uploads\/2022\/05\/cropped-brasilnoticias-mini.jpg","width":314,"height":86,"caption":"Brasil not\u00edcias"},"image":{"@id":"https:\/\/brasilnoticias.org\/site\/#\/schema\/logo\/image\/"}},{"@type":"Person","@id":"https:\/\/brasilnoticias.org\/site\/#\/schema\/person\/03bbbfe6c7634ad18c26444ea39049fa","name":"Reda\u00e7\u00e3o","image":{"@type":"ImageObject","inLanguage":"pt-PT","@id":"https:\/\/brasilnoticias.org\/site\/#\/schema\/person\/image\/","url":"https:\/\/secure.gravatar.com\/avatar\/9ecaf7327a696cb23ad926fedded5f1f04d7049de9e445375d55b48c001a6e42?s=96&d=mm&r=g","contentUrl":"https:\/\/secure.gravatar.com\/avatar\/9ecaf7327a696cb23ad926fedded5f1f04d7049de9e445375d55b48c001a6e42?s=96&d=mm&r=g","caption":"Reda\u00e7\u00e3o"},"url":"https:\/\/brasilnoticias.org\/site\/author\/henrique\/"}]}},"_links":{"self":[{"href":"https:\/\/brasilnoticias.org\/site\/wp-json\/wp\/v2\/posts\/21689","targetHints":{"allow":["GET"]}}],"collection":[{"href":"https:\/\/brasilnoticias.org\/site\/wp-json\/wp\/v2\/posts"}],"about":[{"href":"https:\/\/brasilnoticias.org\/site\/wp-json\/wp\/v2\/types\/post"}],"author":[{"embeddable":true,"href":"https:\/\/brasilnoticias.org\/site\/wp-json\/wp\/v2\/users\/4"}],"replies":[{"embeddable":true,"href":"https:\/\/brasilnoticias.org\/site\/wp-json\/wp\/v2\/comments?post=21689"}],"version-history":[{"count":1,"href":"https:\/\/brasilnoticias.org\/site\/wp-json\/wp\/v2\/posts\/21689\/revisions"}],"predecessor-version":[{"id":21691,"href":"https:\/\/brasilnoticias.org\/site\/wp-json\/wp\/v2\/posts\/21689\/revisions\/21691"}],"wp:featuredmedia":[{"embeddable":true,"href":"https:\/\/brasilnoticias.org\/site\/wp-json\/wp\/v2\/media\/21690"}],"wp:attachment":[{"href":"https:\/\/brasilnoticias.org\/site\/wp-json\/wp\/v2\/media?parent=21689"}],"wp:term":[{"taxonomy":"category","embeddable":true,"href":"https:\/\/brasilnoticias.org\/site\/wp-json\/wp\/v2\/categories?post=21689"},{"taxonomy":"post_tag","embeddable":true,"href":"https:\/\/brasilnoticias.org\/site\/wp-json\/wp\/v2\/tags?post=21689"}],"curies":[{"name":"wp","href":"https:\/\/api.w.org\/{rel}","templated":true}]}}