{"id":21699,"date":"2026-04-21T11:27:52","date_gmt":"2026-04-21T14:27:52","guid":{"rendered":"https:\/\/brasilnoticias.org\/site\/?p=21699"},"modified":"2026-04-21T11:27:52","modified_gmt":"2026-04-21T14:27:52","slug":"ira-ameaca-escalada-militar-e-acusa-trump-de-tentar-impor-mesa-de-rendicao","status":"publish","type":"post","link":"https:\/\/brasilnoticias.org\/site\/ira-ameaca-escalada-militar-e-acusa-trump-de-tentar-impor-mesa-de-rendicao\/","title":{"rendered":"Ir\u00e3 amea\u00e7a escalada militar e acusa Trump de tentar impor \u201cmesa de rendi\u00e7\u00e3o\u201d"},"content":{"rendered":"<p data-start=\"169\" data-end=\"391\">O governo do Ir\u00e3 elevou o tom contra os Estados Unidos e amea\u00e7ou uma poss\u00edvel escalada militar, ao acusar o presidente norte-americano, Donald Trump, de tentar impor condi\u00e7\u00f5es de \u201crendi\u00e7\u00e3o\u201d nas negocia\u00e7\u00f5es entre os pa\u00edses.<\/p>\n<p data-start=\"393\" data-end=\"519\">A declara\u00e7\u00e3o ocorre em meio ao aumento das tens\u00f5es no Oriente M\u00e9dio e \u00e0 incerteza sobre o futuro de um cessar-fogo tempor\u00e1rio.<\/p>\n<h3 data-section-id=\"n509w8\" data-start=\"521\" data-end=\"563\">Ir\u00e3 rejeita press\u00e3o dos Estados Unidos<\/h3>\n<p data-start=\"565\" data-end=\"663\">Autoridades iranianas afirmaram que n\u00e3o aceitar\u00e3o negociar sob amea\u00e7a militar ou press\u00e3o pol\u00edtica.<\/p>\n<p data-start=\"665\" data-end=\"862\">Segundo o presidente do Parlamento iraniano, Mohammad Bagher Ghalibaf, os Estados Unidos estariam tentando transformar o di\u00e1logo em uma imposi\u00e7\u00e3o unilateral.<\/p>\n<p data-start=\"864\" data-end=\"985\">De acordo com ele, a postura americana busca for\u00e7ar concess\u00f5es por meio de bloqueios, ataques e viola\u00e7\u00f5es do cessar-fogo.<\/p>\n<h3 data-section-id=\"1i5lpik\" data-start=\"987\" data-end=\"1021\">Acusa\u00e7\u00e3o de \u201cmesa de rendi\u00e7\u00e3o\u201d<\/h3>\n<p data-start=\"1023\" data-end=\"1160\">O governo iraniano classificou a estrat\u00e9gia dos EUA como uma tentativa de transformar negocia\u00e7\u00f5es diplom\u00e1ticas em uma \u201cmesa de rendi\u00e7\u00e3o\u201d.<\/p>\n<p data-start=\"1162\" data-end=\"1427\">A cr\u00edtica est\u00e1 diretamente ligada \u00e0s exig\u00eancias feitas por Trump, que j\u00e1 declarou publicamente que qualquer acordo com o Ir\u00e3 deveria incluir termos considerados duros, incluindo limita\u00e7\u00f5es severas ao programa nuclear do pa\u00eds.<\/p>\n<h3 data-section-id=\"ydv2e1\" data-start=\"1429\" data-end=\"1458\">Risco de escalada militar<\/h3>\n<p data-start=\"1460\" data-end=\"1619\">Diante do cen\u00e1rio, autoridades iranianas alertaram que o pa\u00eds est\u00e1 preparado para responder militarmente caso haja intensifica\u00e7\u00e3o das a\u00e7\u00f5es dos Estados Unidos.<\/p>\n<p data-start=\"1621\" data-end=\"1781\">Declara\u00e7\u00f5es recentes indicam que Teer\u00e3 pode adotar medidas mais contundentes caso continue sendo pressionado ou atacado.<\/p>\n<h3 data-section-id=\"pirbfq\" data-start=\"1783\" data-end=\"1810\">Impasse nas negocia\u00e7\u00f5es<\/h3>\n<p data-start=\"1812\" data-end=\"1963\">As negocia\u00e7\u00f5es entre os dois pa\u00edses seguem travadas, com diverg\u00eancias sobre o programa nuclear iraniano e as garantias de seguran\u00e7a exigidas por Teer\u00e3.<\/p>\n<p data-start=\"1965\" data-end=\"2081\">O cessar-fogo atual tem prazo limitado e pode n\u00e3o ser renovado, o que aumenta o risco de novos confrontos na regi\u00e3o.<\/p>\n<h3 data-section-id=\"1ivetev\" data-start=\"2083\" data-end=\"2107\">Contexto do conflito<\/h3>\n<p data-start=\"2109\" data-end=\"2257\">A crise faz parte de um conflito mais amplo iniciado em 2026, ap\u00f3s ataques liderados pelos Estados Unidos e Israel contra alvos estrat\u00e9gicos no Ir\u00e3.<\/p>\n<p data-start=\"2259\" data-end=\"2456\">Desde ent\u00e3o, o cen\u00e1rio tem sido marcado por ataques, amea\u00e7as e instabilidade, com impactos diretos no mercado global de energia e na seguran\u00e7a internacional.<\/p>\n<h3 data-section-id=\"lzw8d7\" data-start=\"2458\" data-end=\"2496\">Comunidade internacional em alerta<\/h3>\n<p data-start=\"2498\" data-end=\"2629\">Especialistas avaliam que o agravamento da crise pode desencadear uma escalada regional, envolvendo outros pa\u00edses do Oriente M\u00e9dio.<\/p>\n<p data-start=\"2631\" data-end=\"2758\">A comunidade internacional acompanha o impasse com preocupa\u00e7\u00e3o, enquanto tentativas de negocia\u00e7\u00e3o seguem sem avan\u00e7os concretos.<\/p>\n","protected":false},"excerpt":{"rendered":"<p>O governo do Ir\u00e3 elevou o tom contra os Estados Unidos e amea\u00e7ou uma poss\u00edvel escalada militar, ao acusar o<\/p>\n","protected":false},"author":4,"featured_media":21700,"comment_status":"open","ping_status":"open","sticky":false,"template":"","format":"standard","meta":{"colormag_page_container_layout":"default_layout","colormag_page_sidebar_layout":"default_layout","_FSMCFIC_featured_image_caption":"","_FSMCFIC_featured_image_nocaption":"","_FSMCFIC_featured_image_hide":"","footnotes":""},"categories":[6,1],"tags":[],"class_list":["post-21699","post","type-post","status-publish","format-standard","has-post-thumbnail","hentry","category-mundo","category-ultimas"],"yoast_head":"<!-- This site is optimized with the Yoast SEO plugin v27.1.1 - https:\/\/yoast.com\/product\/yoast-seo-wordpress\/ -->\n<title>Ir\u00e3 amea\u00e7a escalada militar e acusa Trump de tentar impor \u201cmesa de rendi\u00e7\u00e3o\u201d - Brasil not\u00edcias<\/title>\n<meta name=\"robots\" content=\"index, follow, max-snippet:-1, max-image-preview:large, max-video-preview:-1\" \/>\n<link rel=\"canonical\" href=\"https:\/\/brasilnoticias.org\/site\/ira-ameaca-escalada-militar-e-acusa-trump-de-tentar-impor-mesa-de-rendicao\/\" \/>\n<meta property=\"og:locale\" content=\"pt_PT\" \/>\n<meta property=\"og:type\" content=\"article\" \/>\n<meta property=\"og:title\" content=\"Ir\u00e3 amea\u00e7a escalada militar e acusa Trump de tentar impor \u201cmesa de rendi\u00e7\u00e3o\u201d - Brasil not\u00edcias\" \/>\n<meta property=\"og:description\" content=\"O governo do Ir\u00e3 elevou o tom contra os Estados Unidos e amea\u00e7ou uma poss\u00edvel escalada militar, ao acusar o\" \/>\n<meta property=\"og:url\" content=\"https:\/\/brasilnoticias.org\/site\/ira-ameaca-escalada-militar-e-acusa-trump-de-tentar-impor-mesa-de-rendicao\/\" \/>\n<meta property=\"og:site_name\" content=\"Brasil not\u00edcias\" \/>\n<meta property=\"article:published_time\" content=\"2026-04-21T14:27:52+00:00\" \/>\n<meta property=\"og:image\" content=\"https:\/\/brasilnoticias.org\/site\/wp-content\/uploads\/2026\/04\/Copia-de-Copia-de-Copia-de-Copia-de-Copia-de-Copia-de-Copia-de-CAPA-2026-04-21T010527.007.png\" \/>\n\t<meta property=\"og:image:width\" content=\"878\" \/>\n\t<meta property=\"og:image:height\" content=\"526\" \/>\n\t<meta property=\"og:image:type\" content=\"image\/png\" \/>\n<meta name=\"author\" content=\"Reda\u00e7\u00e3o\" \/>\n<meta name=\"twitter:card\" content=\"summary_large_image\" \/>\n<meta name=\"twitter:label1\" content=\"Escrito por\" \/>\n\t<meta name=\"twitter:data1\" content=\"Reda\u00e7\u00e3o\" \/>\n\t<meta name=\"twitter:label2\" content=\"Tempo estimado de leitura\" \/>\n\t<meta name=\"twitter:data2\" content=\"3 minutos\" \/>\n<script type=\"application\/ld+json\" class=\"yoast-schema-graph\">{\"@context\":\"https:\/\/schema.org\",\"@graph\":[{\"@type\":\"Article\",\"@id\":\"https:\/\/brasilnoticias.org\/site\/ira-ameaca-escalada-militar-e-acusa-trump-de-tentar-impor-mesa-de-rendicao\/#article\",\"isPartOf\":{\"@id\":\"https:\/\/brasilnoticias.org\/site\/ira-ameaca-escalada-militar-e-acusa-trump-de-tentar-impor-mesa-de-rendicao\/\"},\"author\":{\"name\":\"Reda\u00e7\u00e3o\",\"@id\":\"https:\/\/brasilnoticias.org\/site\/#\/schema\/person\/03bbbfe6c7634ad18c26444ea39049fa\"},\"headline\":\"Ir\u00e3 amea\u00e7a escalada militar e acusa Trump de tentar impor \u201cmesa de rendi\u00e7\u00e3o\u201d\",\"datePublished\":\"2026-04-21T14:27:52+00:00\",\"mainEntityOfPage\":{\"@id\":\"https:\/\/brasilnoticias.org\/site\/ira-ameaca-escalada-militar-e-acusa-trump-de-tentar-impor-mesa-de-rendicao\/\"},\"wordCount\":420,\"commentCount\":0,\"publisher\":{\"@id\":\"https:\/\/brasilnoticias.org\/site\/#organization\"},\"image\":{\"@id\":\"https:\/\/brasilnoticias.org\/site\/ira-ameaca-escalada-militar-e-acusa-trump-de-tentar-impor-mesa-de-rendicao\/#primaryimage\"},\"thumbnailUrl\":\"https:\/\/brasilnoticias.org\/site\/wp-content\/uploads\/2026\/04\/Copia-de-Copia-de-Copia-de-Copia-de-Copia-de-Copia-de-Copia-de-CAPA-2026-04-21T010527.007.png\",\"articleSection\":[\"Mundo\",\"\u00daltimas\"],\"inLanguage\":\"pt-PT\",\"potentialAction\":[{\"@type\":\"CommentAction\",\"name\":\"Comment\",\"target\":[\"https:\/\/brasilnoticias.org\/site\/ira-ameaca-escalada-militar-e-acusa-trump-de-tentar-impor-mesa-de-rendicao\/#respond\"]}]},{\"@type\":\"WebPage\",\"@id\":\"https:\/\/brasilnoticias.org\/site\/ira-ameaca-escalada-militar-e-acusa-trump-de-tentar-impor-mesa-de-rendicao\/\",\"url\":\"https:\/\/brasilnoticias.org\/site\/ira-ameaca-escalada-militar-e-acusa-trump-de-tentar-impor-mesa-de-rendicao\/\",\"name\":\"Ir\u00e3 amea\u00e7a escalada militar e acusa Trump de tentar impor \u201cmesa de rendi\u00e7\u00e3o\u201d - Brasil not\u00edcias\",\"isPartOf\":{\"@id\":\"https:\/\/brasilnoticias.org\/site\/#website\"},\"primaryImageOfPage\":{\"@id\":\"https:\/\/brasilnoticias.org\/site\/ira-ameaca-escalada-militar-e-acusa-trump-de-tentar-impor-mesa-de-rendicao\/#primaryimage\"},\"image\":{\"@id\":\"https:\/\/brasilnoticias.org\/site\/ira-ameaca-escalada-militar-e-acusa-trump-de-tentar-impor-mesa-de-rendicao\/#primaryimage\"},\"thumbnailUrl\":\"https:\/\/brasilnoticias.org\/site\/wp-content\/uploads\/2026\/04\/Copia-de-Copia-de-Copia-de-Copia-de-Copia-de-Copia-de-Copia-de-CAPA-2026-04-21T010527.007.png\",\"datePublished\":\"2026-04-21T14:27:52+00:00\",\"breadcrumb\":{\"@id\":\"https:\/\/brasilnoticias.org\/site\/ira-ameaca-escalada-militar-e-acusa-trump-de-tentar-impor-mesa-de-rendicao\/#breadcrumb\"},\"inLanguage\":\"pt-PT\",\"potentialAction\":[{\"@type\":\"ReadAction\",\"target\":[\"https:\/\/brasilnoticias.org\/site\/ira-ameaca-escalada-militar-e-acusa-trump-de-tentar-impor-mesa-de-rendicao\/\"]}]},{\"@type\":\"ImageObject\",\"inLanguage\":\"pt-PT\",\"@id\":\"https:\/\/brasilnoticias.org\/site\/ira-ameaca-escalada-militar-e-acusa-trump-de-tentar-impor-mesa-de-rendicao\/#primaryimage\",\"url\":\"https:\/\/brasilnoticias.org\/site\/wp-content\/uploads\/2026\/04\/Copia-de-Copia-de-Copia-de-Copia-de-Copia-de-Copia-de-Copia-de-CAPA-2026-04-21T010527.007.png\",\"contentUrl\":\"https:\/\/brasilnoticias.org\/site\/wp-content\/uploads\/2026\/04\/Copia-de-Copia-de-Copia-de-Copia-de-Copia-de-Copia-de-Copia-de-CAPA-2026-04-21T010527.007.png\",\"width\":878,\"height\":526,\"caption\":\"Divulga\u00e7\u00e3o\"},{\"@type\":\"BreadcrumbList\",\"@id\":\"https:\/\/brasilnoticias.org\/site\/ira-ameaca-escalada-militar-e-acusa-trump-de-tentar-impor-mesa-de-rendicao\/#breadcrumb\",\"itemListElement\":[{\"@type\":\"ListItem\",\"position\":1,\"name\":\"In\u00edcio\",\"item\":\"https:\/\/brasilnoticias.org\/site\/\"},{\"@type\":\"ListItem\",\"position\":2,\"name\":\"Ir\u00e3 amea\u00e7a escalada militar e acusa Trump de tentar impor \u201cmesa de rendi\u00e7\u00e3o\u201d\"}]},{\"@type\":\"WebSite\",\"@id\":\"https:\/\/brasilnoticias.org\/site\/#website\",\"url\":\"https:\/\/brasilnoticias.org\/site\/\",\"name\":\"Brasil not\u00edcias\",\"description\":\"Brasil not\u00edcias\",\"publisher\":{\"@id\":\"https:\/\/brasilnoticias.org\/site\/#organization\"},\"potentialAction\":[{\"@type\":\"SearchAction\",\"target\":{\"@type\":\"EntryPoint\",\"urlTemplate\":\"https:\/\/brasilnoticias.org\/site\/?s={search_term_string}\"},\"query-input\":{\"@type\":\"PropertyValueSpecification\",\"valueRequired\":true,\"valueName\":\"search_term_string\"}}],\"inLanguage\":\"pt-PT\"},{\"@type\":\"Organization\",\"@id\":\"https:\/\/brasilnoticias.org\/site\/#organization\",\"name\":\"Brasil not\u00edcias\",\"url\":\"https:\/\/brasilnoticias.org\/site\/\",\"logo\":{\"@type\":\"ImageObject\",\"inLanguage\":\"pt-PT\",\"@id\":\"https:\/\/brasilnoticias.org\/site\/#\/schema\/logo\/image\/\",\"url\":\"https:\/\/brasilnoticias.org\/site\/wp-content\/uploads\/2022\/05\/cropped-brasilnoticias-mini.jpg\",\"contentUrl\":\"https:\/\/brasilnoticias.org\/site\/wp-content\/uploads\/2022\/05\/cropped-brasilnoticias-mini.jpg\",\"width\":314,\"height\":86,\"caption\":\"Brasil not\u00edcias\"},\"image\":{\"@id\":\"https:\/\/brasilnoticias.org\/site\/#\/schema\/logo\/image\/\"}},{\"@type\":\"Person\",\"@id\":\"https:\/\/brasilnoticias.org\/site\/#\/schema\/person\/03bbbfe6c7634ad18c26444ea39049fa\",\"name\":\"Reda\u00e7\u00e3o\",\"image\":{\"@type\":\"ImageObject\",\"inLanguage\":\"pt-PT\",\"@id\":\"https:\/\/brasilnoticias.org\/site\/#\/schema\/person\/image\/\",\"url\":\"https:\/\/secure.gravatar.com\/avatar\/9ecaf7327a696cb23ad926fedded5f1f04d7049de9e445375d55b48c001a6e42?s=96&d=mm&r=g\",\"contentUrl\":\"https:\/\/secure.gravatar.com\/avatar\/9ecaf7327a696cb23ad926fedded5f1f04d7049de9e445375d55b48c001a6e42?s=96&d=mm&r=g\",\"caption\":\"Reda\u00e7\u00e3o\"},\"url\":\"https:\/\/brasilnoticias.org\/site\/author\/henrique\/\"}]}<\/script>\n<!-- \/ Yoast SEO plugin. -->","yoast_head_json":{"title":"Ir\u00e3 amea\u00e7a escalada militar e acusa Trump de tentar impor \u201cmesa de rendi\u00e7\u00e3o\u201d - Brasil not\u00edcias","robots":{"index":"index","follow":"follow","max-snippet":"max-snippet:-1","max-image-preview":"max-image-preview:large","max-video-preview":"max-video-preview:-1"},"canonical":"https:\/\/brasilnoticias.org\/site\/ira-ameaca-escalada-militar-e-acusa-trump-de-tentar-impor-mesa-de-rendicao\/","og_locale":"pt_PT","og_type":"article","og_title":"Ir\u00e3 amea\u00e7a escalada militar e acusa Trump de tentar impor \u201cmesa de rendi\u00e7\u00e3o\u201d - Brasil not\u00edcias","og_description":"O governo do Ir\u00e3 elevou o tom contra os Estados Unidos e amea\u00e7ou uma poss\u00edvel escalada militar, ao acusar o","og_url":"https:\/\/brasilnoticias.org\/site\/ira-ameaca-escalada-militar-e-acusa-trump-de-tentar-impor-mesa-de-rendicao\/","og_site_name":"Brasil not\u00edcias","article_published_time":"2026-04-21T14:27:52+00:00","og_image":[{"width":878,"height":526,"url":"https:\/\/brasilnoticias.org\/site\/wp-content\/uploads\/2026\/04\/Copia-de-Copia-de-Copia-de-Copia-de-Copia-de-Copia-de-Copia-de-CAPA-2026-04-21T010527.007.png","type":"image\/png"}],"author":"Reda\u00e7\u00e3o","twitter_card":"summary_large_image","twitter_misc":{"Escrito por":"Reda\u00e7\u00e3o","Tempo estimado de leitura":"3 minutos"},"schema":{"@context":"https:\/\/schema.org","@graph":[{"@type":"Article","@id":"https:\/\/brasilnoticias.org\/site\/ira-ameaca-escalada-militar-e-acusa-trump-de-tentar-impor-mesa-de-rendicao\/#article","isPartOf":{"@id":"https:\/\/brasilnoticias.org\/site\/ira-ameaca-escalada-militar-e-acusa-trump-de-tentar-impor-mesa-de-rendicao\/"},"author":{"name":"Reda\u00e7\u00e3o","@id":"https:\/\/brasilnoticias.org\/site\/#\/schema\/person\/03bbbfe6c7634ad18c26444ea39049fa"},"headline":"Ir\u00e3 amea\u00e7a escalada militar e acusa Trump de tentar impor \u201cmesa de rendi\u00e7\u00e3o\u201d","datePublished":"2026-04-21T14:27:52+00:00","mainEntityOfPage":{"@id":"https:\/\/brasilnoticias.org\/site\/ira-ameaca-escalada-militar-e-acusa-trump-de-tentar-impor-mesa-de-rendicao\/"},"wordCount":420,"commentCount":0,"publisher":{"@id":"https:\/\/brasilnoticias.org\/site\/#organization"},"image":{"@id":"https:\/\/brasilnoticias.org\/site\/ira-ameaca-escalada-militar-e-acusa-trump-de-tentar-impor-mesa-de-rendicao\/#primaryimage"},"thumbnailUrl":"https:\/\/brasilnoticias.org\/site\/wp-content\/uploads\/2026\/04\/Copia-de-Copia-de-Copia-de-Copia-de-Copia-de-Copia-de-Copia-de-CAPA-2026-04-21T010527.007.png","articleSection":["Mundo","\u00daltimas"],"inLanguage":"pt-PT","potentialAction":[{"@type":"CommentAction","name":"Comment","target":["https:\/\/brasilnoticias.org\/site\/ira-ameaca-escalada-militar-e-acusa-trump-de-tentar-impor-mesa-de-rendicao\/#respond"]}]},{"@type":"WebPage","@id":"https:\/\/brasilnoticias.org\/site\/ira-ameaca-escalada-militar-e-acusa-trump-de-tentar-impor-mesa-de-rendicao\/","url":"https:\/\/brasilnoticias.org\/site\/ira-ameaca-escalada-militar-e-acusa-trump-de-tentar-impor-mesa-de-rendicao\/","name":"Ir\u00e3 amea\u00e7a escalada militar e acusa Trump de tentar impor \u201cmesa de rendi\u00e7\u00e3o\u201d - Brasil not\u00edcias","isPartOf":{"@id":"https:\/\/brasilnoticias.org\/site\/#website"},"primaryImageOfPage":{"@id":"https:\/\/brasilnoticias.org\/site\/ira-ameaca-escalada-militar-e-acusa-trump-de-tentar-impor-mesa-de-rendicao\/#primaryimage"},"image":{"@id":"https:\/\/brasilnoticias.org\/site\/ira-ameaca-escalada-militar-e-acusa-trump-de-tentar-impor-mesa-de-rendicao\/#primaryimage"},"thumbnailUrl":"https:\/\/brasilnoticias.org\/site\/wp-content\/uploads\/2026\/04\/Copia-de-Copia-de-Copia-de-Copia-de-Copia-de-Copia-de-Copia-de-CAPA-2026-04-21T010527.007.png","datePublished":"2026-04-21T14:27:52+00:00","breadcrumb":{"@id":"https:\/\/brasilnoticias.org\/site\/ira-ameaca-escalada-militar-e-acusa-trump-de-tentar-impor-mesa-de-rendicao\/#breadcrumb"},"inLanguage":"pt-PT","potentialAction":[{"@type":"ReadAction","target":["https:\/\/brasilnoticias.org\/site\/ira-ameaca-escalada-militar-e-acusa-trump-de-tentar-impor-mesa-de-rendicao\/"]}]},{"@type":"ImageObject","inLanguage":"pt-PT","@id":"https:\/\/brasilnoticias.org\/site\/ira-ameaca-escalada-militar-e-acusa-trump-de-tentar-impor-mesa-de-rendicao\/#primaryimage","url":"https:\/\/brasilnoticias.org\/site\/wp-content\/uploads\/2026\/04\/Copia-de-Copia-de-Copia-de-Copia-de-Copia-de-Copia-de-Copia-de-CAPA-2026-04-21T010527.007.png","contentUrl":"https:\/\/brasilnoticias.org\/site\/wp-content\/uploads\/2026\/04\/Copia-de-Copia-de-Copia-de-Copia-de-Copia-de-Copia-de-Copia-de-CAPA-2026-04-21T010527.007.png","width":878,"height":526,"caption":"Divulga\u00e7\u00e3o"},{"@type":"BreadcrumbList","@id":"https:\/\/brasilnoticias.org\/site\/ira-ameaca-escalada-militar-e-acusa-trump-de-tentar-impor-mesa-de-rendicao\/#breadcrumb","itemListElement":[{"@type":"ListItem","position":1,"name":"In\u00edcio","item":"https:\/\/brasilnoticias.org\/site\/"},{"@type":"ListItem","position":2,"name":"Ir\u00e3 amea\u00e7a escalada militar e acusa Trump de tentar impor \u201cmesa de rendi\u00e7\u00e3o\u201d"}]},{"@type":"WebSite","@id":"https:\/\/brasilnoticias.org\/site\/#website","url":"https:\/\/brasilnoticias.org\/site\/","name":"Brasil not\u00edcias","description":"Brasil not\u00edcias","publisher":{"@id":"https:\/\/brasilnoticias.org\/site\/#organization"},"potentialAction":[{"@type":"SearchAction","target":{"@type":"EntryPoint","urlTemplate":"https:\/\/brasilnoticias.org\/site\/?s={search_term_string}"},"query-input":{"@type":"PropertyValueSpecification","valueRequired":true,"valueName":"search_term_string"}}],"inLanguage":"pt-PT"},{"@type":"Organization","@id":"https:\/\/brasilnoticias.org\/site\/#organization","name":"Brasil not\u00edcias","url":"https:\/\/brasilnoticias.org\/site\/","logo":{"@type":"ImageObject","inLanguage":"pt-PT","@id":"https:\/\/brasilnoticias.org\/site\/#\/schema\/logo\/image\/","url":"https:\/\/brasilnoticias.org\/site\/wp-content\/uploads\/2022\/05\/cropped-brasilnoticias-mini.jpg","contentUrl":"https:\/\/brasilnoticias.org\/site\/wp-content\/uploads\/2022\/05\/cropped-brasilnoticias-mini.jpg","width":314,"height":86,"caption":"Brasil not\u00edcias"},"image":{"@id":"https:\/\/brasilnoticias.org\/site\/#\/schema\/logo\/image\/"}},{"@type":"Person","@id":"https:\/\/brasilnoticias.org\/site\/#\/schema\/person\/03bbbfe6c7634ad18c26444ea39049fa","name":"Reda\u00e7\u00e3o","image":{"@type":"ImageObject","inLanguage":"pt-PT","@id":"https:\/\/brasilnoticias.org\/site\/#\/schema\/person\/image\/","url":"https:\/\/secure.gravatar.com\/avatar\/9ecaf7327a696cb23ad926fedded5f1f04d7049de9e445375d55b48c001a6e42?s=96&d=mm&r=g","contentUrl":"https:\/\/secure.gravatar.com\/avatar\/9ecaf7327a696cb23ad926fedded5f1f04d7049de9e445375d55b48c001a6e42?s=96&d=mm&r=g","caption":"Reda\u00e7\u00e3o"},"url":"https:\/\/brasilnoticias.org\/site\/author\/henrique\/"}]}},"_links":{"self":[{"href":"https:\/\/brasilnoticias.org\/site\/wp-json\/wp\/v2\/posts\/21699","targetHints":{"allow":["GET"]}}],"collection":[{"href":"https:\/\/brasilnoticias.org\/site\/wp-json\/wp\/v2\/posts"}],"about":[{"href":"https:\/\/brasilnoticias.org\/site\/wp-json\/wp\/v2\/types\/post"}],"author":[{"embeddable":true,"href":"https:\/\/brasilnoticias.org\/site\/wp-json\/wp\/v2\/users\/4"}],"replies":[{"embeddable":true,"href":"https:\/\/brasilnoticias.org\/site\/wp-json\/wp\/v2\/comments?post=21699"}],"version-history":[{"count":1,"href":"https:\/\/brasilnoticias.org\/site\/wp-json\/wp\/v2\/posts\/21699\/revisions"}],"predecessor-version":[{"id":21701,"href":"https:\/\/brasilnoticias.org\/site\/wp-json\/wp\/v2\/posts\/21699\/revisions\/21701"}],"wp:featuredmedia":[{"embeddable":true,"href":"https:\/\/brasilnoticias.org\/site\/wp-json\/wp\/v2\/media\/21700"}],"wp:attachment":[{"href":"https:\/\/brasilnoticias.org\/site\/wp-json\/wp\/v2\/media?parent=21699"}],"wp:term":[{"taxonomy":"category","embeddable":true,"href":"https:\/\/brasilnoticias.org\/site\/wp-json\/wp\/v2\/categories?post=21699"},{"taxonomy":"post_tag","embeddable":true,"href":"https:\/\/brasilnoticias.org\/site\/wp-json\/wp\/v2\/tags?post=21699"}],"curies":[{"name":"wp","href":"https:\/\/api.w.org\/{rel}","templated":true}]}}