{"id":21702,"date":"2026-04-21T11:36:18","date_gmt":"2026-04-21T14:36:18","guid":{"rendered":"https:\/\/brasilnoticias.org\/site\/?p=21702"},"modified":"2026-04-21T11:36:18","modified_gmt":"2026-04-21T14:36:18","slug":"bienal-do-livro-da-bahia-chega-ao-ultimo-dia-em-salvador-confira-a-programacao","status":"publish","type":"post","link":"https:\/\/brasilnoticias.org\/site\/bienal-do-livro-da-bahia-chega-ao-ultimo-dia-em-salvador-confira-a-programacao\/","title":{"rendered":"Bienal do Livro da Bahia chega ao \u00faltimo dia em Salvador; confira a programa\u00e7\u00e3o"},"content":{"rendered":"<p data-start=\"172\" data-end=\"355\">A Bienal do Livro Bahia 2026 chega ao \u00faltimo dia nesta ter\u00e7a-feira (21), no Centro de Conven\u00e7\u00f5es de Salvador, ap\u00f3s uma semana intensa de atividades culturais, liter\u00e1rias e educativas.<\/p>\n<p data-start=\"357\" data-end=\"560\">O evento, considerado um dos maiores encontros liter\u00e1rios do Nordeste, reuniu autores, editoras e o p\u00fablico em uma programa\u00e7\u00e3o diversificada ao longo de sete dias.<\/p>\n<h3 data-section-id=\"1bqsdwo\" data-start=\"562\" data-end=\"593\">Programa\u00e7\u00e3o de encerramento<\/h3>\n<p data-start=\"595\" data-end=\"738\">No \u00faltimo dia, a agenda segue com atividades distribu\u00eddas ao longo do dia, incluindo apresenta\u00e7\u00f5es culturais, oficinas e encontros com autores.<\/p>\n<p data-start=\"740\" data-end=\"786\">Entre os destaques da programa\u00e7\u00e3o final est\u00e3o:<\/p>\n<ul data-start=\"788\" data-end=\"1022\">\n<li data-section-id=\"rijv80\" data-start=\"788\" data-end=\"844\">Apresenta\u00e7\u00f5es art\u00edsticas e culturais durante a manh\u00e3<\/li>\n<li data-section-id=\"1ct519m\" data-start=\"845\" data-end=\"899\">Atividades voltadas ao p\u00fablico infantil e familiar<\/li>\n<li data-section-id=\"v182zl\" data-start=\"900\" data-end=\"956\">Leituras e performances liter\u00e1rias ao longo da tarde<\/li>\n<li data-section-id=\"1lg0kfm\" data-start=\"957\" data-end=\"1022\">Evento de encerramento com apresenta\u00e7\u00e3o musical no fim do dia<\/li>\n<\/ul>\n<p data-start=\"1024\" data-end=\"1138\">A programa\u00e7\u00e3o busca manter o car\u00e1ter plural do evento, com atividades para diferentes faixas et\u00e1rias e interesses.<\/p>\n<h3 data-section-id=\"145ruyy\" data-start=\"1140\" data-end=\"1183\">Evento reuniu autores e p\u00fablico diverso<\/h3>\n<p data-start=\"1185\" data-end=\"1376\">A edi\u00e7\u00e3o de 2026 contou com mais de 150 expositores e centenas de atividades, consolidando a Bienal como um dos principais eventos culturais do estado.<\/p>\n<p data-start=\"1378\" data-end=\"1590\">Com o tema \u201cBahia: identidade que ecoa nos quatro cantos do mundo\u201d, o evento reuniu nomes nacionais e internacionais da literatura, al\u00e9m de artistas e produtores culturais.<\/p>\n<h3 data-section-id=\"1wwwoln\" data-start=\"1592\" data-end=\"1616\">Espa\u00e7os e atividades<\/h3>\n<p data-start=\"1618\" data-end=\"1777\">Durante a programa\u00e7\u00e3o, o p\u00fablico teve acesso a diferentes espa\u00e7os tem\u00e1ticos, como arenas de debate, pra\u00e7a de aut\u00f3grafos, \u00e1reas infantis e oficinas interativas.<\/p>\n<p data-start=\"1779\" data-end=\"1894\">As atividades inclu\u00edram mesas de discuss\u00e3o, lan\u00e7amentos de livros, sess\u00f5es de aut\u00f3grafos e apresenta\u00e7\u00f5es culturais.<\/p>\n<h3 data-section-id=\"yngite\" data-start=\"1896\" data-end=\"1936\">Encerramento marca sucesso da edi\u00e7\u00e3o<\/h3>\n<p data-start=\"1938\" data-end=\"2079\">O \u00faltimo dia marca o encerramento de uma edi\u00e7\u00e3o ampliada da Bienal, que neste ano teve dura\u00e7\u00e3o de sete dias e grande participa\u00e7\u00e3o do p\u00fablico.<\/p>\n<p data-start=\"2081\" data-end=\"2212\">A expectativa \u00e9 de que o evento continue se consolidando como um dos principais polos de incentivo \u00e0 leitura e \u00e0 cultura no Brasil.<\/p>\n","protected":false},"excerpt":{"rendered":"<p>A Bienal do Livro Bahia 2026 chega ao \u00faltimo dia nesta ter\u00e7a-feira (21), no Centro de Conven\u00e7\u00f5es de Salvador, ap\u00f3s<\/p>\n","protected":false},"author":4,"featured_media":21703,"comment_status":"open","ping_status":"open","sticky":false,"template":"","format":"standard","meta":{"colormag_page_container_layout":"default_layout","colormag_page_sidebar_layout":"default_layout","_FSMCFIC_featured_image_caption":"","_FSMCFIC_featured_image_nocaption":"","_FSMCFIC_featured_image_hide":"","footnotes":""},"categories":[8,1],"tags":[],"class_list":["post-21702","post","type-post","status-publish","format-standard","has-post-thumbnail","hentry","category-entretenimento","category-ultimas"],"yoast_head":"<!-- This site is optimized with the Yoast SEO plugin v27.1.1 - https:\/\/yoast.com\/product\/yoast-seo-wordpress\/ -->\n<title>Bienal do Livro da Bahia chega ao \u00faltimo dia em Salvador; confira a programa\u00e7\u00e3o - Brasil not\u00edcias<\/title>\n<meta name=\"robots\" content=\"index, follow, max-snippet:-1, max-image-preview:large, max-video-preview:-1\" \/>\n<link rel=\"canonical\" href=\"https:\/\/brasilnoticias.org\/site\/bienal-do-livro-da-bahia-chega-ao-ultimo-dia-em-salvador-confira-a-programacao\/\" \/>\n<meta property=\"og:locale\" content=\"pt_PT\" \/>\n<meta property=\"og:type\" content=\"article\" \/>\n<meta property=\"og:title\" content=\"Bienal do Livro da Bahia chega ao \u00faltimo dia em Salvador; confira a programa\u00e7\u00e3o - Brasil not\u00edcias\" \/>\n<meta property=\"og:description\" content=\"A Bienal do Livro Bahia 2026 chega ao \u00faltimo dia nesta ter\u00e7a-feira (21), no Centro de Conven\u00e7\u00f5es de Salvador, ap\u00f3s\" \/>\n<meta property=\"og:url\" content=\"https:\/\/brasilnoticias.org\/site\/bienal-do-livro-da-bahia-chega-ao-ultimo-dia-em-salvador-confira-a-programacao\/\" \/>\n<meta property=\"og:site_name\" content=\"Brasil not\u00edcias\" \/>\n<meta property=\"article:published_time\" content=\"2026-04-21T14:36:18+00:00\" \/>\n<meta property=\"og:image\" content=\"https:\/\/brasilnoticias.org\/site\/wp-content\/uploads\/2026\/04\/181354bienal-do-livro-da-bahia-chega-ao-ultimo-dia-em-salvador-confira-a-programacao-3.jpg\" \/>\n\t<meta property=\"og:image:width\" content=\"1600\" \/>\n\t<meta property=\"og:image:height\" content=\"752\" \/>\n\t<meta property=\"og:image:type\" content=\"image\/jpeg\" \/>\n<meta name=\"author\" content=\"Reda\u00e7\u00e3o\" \/>\n<meta name=\"twitter:card\" content=\"summary_large_image\" \/>\n<meta name=\"twitter:label1\" content=\"Escrito por\" \/>\n\t<meta name=\"twitter:data1\" content=\"Reda\u00e7\u00e3o\" \/>\n\t<meta name=\"twitter:label2\" content=\"Tempo estimado de leitura\" \/>\n\t<meta name=\"twitter:data2\" content=\"2 minutos\" \/>\n<script type=\"application\/ld+json\" class=\"yoast-schema-graph\">{\"@context\":\"https:\/\/schema.org\",\"@graph\":[{\"@type\":\"Article\",\"@id\":\"https:\/\/brasilnoticias.org\/site\/bienal-do-livro-da-bahia-chega-ao-ultimo-dia-em-salvador-confira-a-programacao\/#article\",\"isPartOf\":{\"@id\":\"https:\/\/brasilnoticias.org\/site\/bienal-do-livro-da-bahia-chega-ao-ultimo-dia-em-salvador-confira-a-programacao\/\"},\"author\":{\"name\":\"Reda\u00e7\u00e3o\",\"@id\":\"https:\/\/brasilnoticias.org\/site\/#\/schema\/person\/03bbbfe6c7634ad18c26444ea39049fa\"},\"headline\":\"Bienal do Livro da Bahia chega ao \u00faltimo dia em Salvador; confira a programa\u00e7\u00e3o\",\"datePublished\":\"2026-04-21T14:36:18+00:00\",\"mainEntityOfPage\":{\"@id\":\"https:\/\/brasilnoticias.org\/site\/bienal-do-livro-da-bahia-chega-ao-ultimo-dia-em-salvador-confira-a-programacao\/\"},\"wordCount\":336,\"commentCount\":0,\"publisher\":{\"@id\":\"https:\/\/brasilnoticias.org\/site\/#organization\"},\"image\":{\"@id\":\"https:\/\/brasilnoticias.org\/site\/bienal-do-livro-da-bahia-chega-ao-ultimo-dia-em-salvador-confira-a-programacao\/#primaryimage\"},\"thumbnailUrl\":\"https:\/\/brasilnoticias.org\/site\/wp-content\/uploads\/2026\/04\/181354bienal-do-livro-da-bahia-chega-ao-ultimo-dia-em-salvador-confira-a-programacao-3.jpg\",\"articleSection\":[\"Entretenimento\",\"\u00daltimas\"],\"inLanguage\":\"pt-PT\",\"potentialAction\":[{\"@type\":\"CommentAction\",\"name\":\"Comment\",\"target\":[\"https:\/\/brasilnoticias.org\/site\/bienal-do-livro-da-bahia-chega-ao-ultimo-dia-em-salvador-confira-a-programacao\/#respond\"]}]},{\"@type\":\"WebPage\",\"@id\":\"https:\/\/brasilnoticias.org\/site\/bienal-do-livro-da-bahia-chega-ao-ultimo-dia-em-salvador-confira-a-programacao\/\",\"url\":\"https:\/\/brasilnoticias.org\/site\/bienal-do-livro-da-bahia-chega-ao-ultimo-dia-em-salvador-confira-a-programacao\/\",\"name\":\"Bienal do Livro da Bahia chega ao \u00faltimo dia em Salvador; confira a programa\u00e7\u00e3o - Brasil not\u00edcias\",\"isPartOf\":{\"@id\":\"https:\/\/brasilnoticias.org\/site\/#website\"},\"primaryImageOfPage\":{\"@id\":\"https:\/\/brasilnoticias.org\/site\/bienal-do-livro-da-bahia-chega-ao-ultimo-dia-em-salvador-confira-a-programacao\/#primaryimage\"},\"image\":{\"@id\":\"https:\/\/brasilnoticias.org\/site\/bienal-do-livro-da-bahia-chega-ao-ultimo-dia-em-salvador-confira-a-programacao\/#primaryimage\"},\"thumbnailUrl\":\"https:\/\/brasilnoticias.org\/site\/wp-content\/uploads\/2026\/04\/181354bienal-do-livro-da-bahia-chega-ao-ultimo-dia-em-salvador-confira-a-programacao-3.jpg\",\"datePublished\":\"2026-04-21T14:36:18+00:00\",\"breadcrumb\":{\"@id\":\"https:\/\/brasilnoticias.org\/site\/bienal-do-livro-da-bahia-chega-ao-ultimo-dia-em-salvador-confira-a-programacao\/#breadcrumb\"},\"inLanguage\":\"pt-PT\",\"potentialAction\":[{\"@type\":\"ReadAction\",\"target\":[\"https:\/\/brasilnoticias.org\/site\/bienal-do-livro-da-bahia-chega-ao-ultimo-dia-em-salvador-confira-a-programacao\/\"]}]},{\"@type\":\"ImageObject\",\"inLanguage\":\"pt-PT\",\"@id\":\"https:\/\/brasilnoticias.org\/site\/bienal-do-livro-da-bahia-chega-ao-ultimo-dia-em-salvador-confira-a-programacao\/#primaryimage\",\"url\":\"https:\/\/brasilnoticias.org\/site\/wp-content\/uploads\/2026\/04\/181354bienal-do-livro-da-bahia-chega-ao-ultimo-dia-em-salvador-confira-a-programacao-3.jpg\",\"contentUrl\":\"https:\/\/brasilnoticias.org\/site\/wp-content\/uploads\/2026\/04\/181354bienal-do-livro-da-bahia-chega-ao-ultimo-dia-em-salvador-confira-a-programacao-3.jpg\",\"width\":1600,\"height\":752,\"caption\":\"Foto: Arquivo\/FPC\"},{\"@type\":\"BreadcrumbList\",\"@id\":\"https:\/\/brasilnoticias.org\/site\/bienal-do-livro-da-bahia-chega-ao-ultimo-dia-em-salvador-confira-a-programacao\/#breadcrumb\",\"itemListElement\":[{\"@type\":\"ListItem\",\"position\":1,\"name\":\"In\u00edcio\",\"item\":\"https:\/\/brasilnoticias.org\/site\/\"},{\"@type\":\"ListItem\",\"position\":2,\"name\":\"Bienal do Livro da Bahia chega ao \u00faltimo dia em Salvador; confira a programa\u00e7\u00e3o\"}]},{\"@type\":\"WebSite\",\"@id\":\"https:\/\/brasilnoticias.org\/site\/#website\",\"url\":\"https:\/\/brasilnoticias.org\/site\/\",\"name\":\"Brasil not\u00edcias\",\"description\":\"Brasil not\u00edcias\",\"publisher\":{\"@id\":\"https:\/\/brasilnoticias.org\/site\/#organization\"},\"potentialAction\":[{\"@type\":\"SearchAction\",\"target\":{\"@type\":\"EntryPoint\",\"urlTemplate\":\"https:\/\/brasilnoticias.org\/site\/?s={search_term_string}\"},\"query-input\":{\"@type\":\"PropertyValueSpecification\",\"valueRequired\":true,\"valueName\":\"search_term_string\"}}],\"inLanguage\":\"pt-PT\"},{\"@type\":\"Organization\",\"@id\":\"https:\/\/brasilnoticias.org\/site\/#organization\",\"name\":\"Brasil not\u00edcias\",\"url\":\"https:\/\/brasilnoticias.org\/site\/\",\"logo\":{\"@type\":\"ImageObject\",\"inLanguage\":\"pt-PT\",\"@id\":\"https:\/\/brasilnoticias.org\/site\/#\/schema\/logo\/image\/\",\"url\":\"https:\/\/brasilnoticias.org\/site\/wp-content\/uploads\/2022\/05\/cropped-brasilnoticias-mini.jpg\",\"contentUrl\":\"https:\/\/brasilnoticias.org\/site\/wp-content\/uploads\/2022\/05\/cropped-brasilnoticias-mini.jpg\",\"width\":314,\"height\":86,\"caption\":\"Brasil not\u00edcias\"},\"image\":{\"@id\":\"https:\/\/brasilnoticias.org\/site\/#\/schema\/logo\/image\/\"}},{\"@type\":\"Person\",\"@id\":\"https:\/\/brasilnoticias.org\/site\/#\/schema\/person\/03bbbfe6c7634ad18c26444ea39049fa\",\"name\":\"Reda\u00e7\u00e3o\",\"image\":{\"@type\":\"ImageObject\",\"inLanguage\":\"pt-PT\",\"@id\":\"https:\/\/brasilnoticias.org\/site\/#\/schema\/person\/image\/\",\"url\":\"https:\/\/secure.gravatar.com\/avatar\/9ecaf7327a696cb23ad926fedded5f1f04d7049de9e445375d55b48c001a6e42?s=96&d=mm&r=g\",\"contentUrl\":\"https:\/\/secure.gravatar.com\/avatar\/9ecaf7327a696cb23ad926fedded5f1f04d7049de9e445375d55b48c001a6e42?s=96&d=mm&r=g\",\"caption\":\"Reda\u00e7\u00e3o\"},\"url\":\"https:\/\/brasilnoticias.org\/site\/author\/henrique\/\"}]}<\/script>\n<!-- \/ Yoast SEO plugin. -->","yoast_head_json":{"title":"Bienal do Livro da Bahia chega ao \u00faltimo dia em Salvador; confira a programa\u00e7\u00e3o - Brasil not\u00edcias","robots":{"index":"index","follow":"follow","max-snippet":"max-snippet:-1","max-image-preview":"max-image-preview:large","max-video-preview":"max-video-preview:-1"},"canonical":"https:\/\/brasilnoticias.org\/site\/bienal-do-livro-da-bahia-chega-ao-ultimo-dia-em-salvador-confira-a-programacao\/","og_locale":"pt_PT","og_type":"article","og_title":"Bienal do Livro da Bahia chega ao \u00faltimo dia em Salvador; confira a programa\u00e7\u00e3o - Brasil not\u00edcias","og_description":"A Bienal do Livro Bahia 2026 chega ao \u00faltimo dia nesta ter\u00e7a-feira (21), no Centro de Conven\u00e7\u00f5es de Salvador, ap\u00f3s","og_url":"https:\/\/brasilnoticias.org\/site\/bienal-do-livro-da-bahia-chega-ao-ultimo-dia-em-salvador-confira-a-programacao\/","og_site_name":"Brasil not\u00edcias","article_published_time":"2026-04-21T14:36:18+00:00","og_image":[{"width":1600,"height":752,"url":"https:\/\/brasilnoticias.org\/site\/wp-content\/uploads\/2026\/04\/181354bienal-do-livro-da-bahia-chega-ao-ultimo-dia-em-salvador-confira-a-programacao-3.jpg","type":"image\/jpeg"}],"author":"Reda\u00e7\u00e3o","twitter_card":"summary_large_image","twitter_misc":{"Escrito por":"Reda\u00e7\u00e3o","Tempo estimado de leitura":"2 minutos"},"schema":{"@context":"https:\/\/schema.org","@graph":[{"@type":"Article","@id":"https:\/\/brasilnoticias.org\/site\/bienal-do-livro-da-bahia-chega-ao-ultimo-dia-em-salvador-confira-a-programacao\/#article","isPartOf":{"@id":"https:\/\/brasilnoticias.org\/site\/bienal-do-livro-da-bahia-chega-ao-ultimo-dia-em-salvador-confira-a-programacao\/"},"author":{"name":"Reda\u00e7\u00e3o","@id":"https:\/\/brasilnoticias.org\/site\/#\/schema\/person\/03bbbfe6c7634ad18c26444ea39049fa"},"headline":"Bienal do Livro da Bahia chega ao \u00faltimo dia em Salvador; confira a programa\u00e7\u00e3o","datePublished":"2026-04-21T14:36:18+00:00","mainEntityOfPage":{"@id":"https:\/\/brasilnoticias.org\/site\/bienal-do-livro-da-bahia-chega-ao-ultimo-dia-em-salvador-confira-a-programacao\/"},"wordCount":336,"commentCount":0,"publisher":{"@id":"https:\/\/brasilnoticias.org\/site\/#organization"},"image":{"@id":"https:\/\/brasilnoticias.org\/site\/bienal-do-livro-da-bahia-chega-ao-ultimo-dia-em-salvador-confira-a-programacao\/#primaryimage"},"thumbnailUrl":"https:\/\/brasilnoticias.org\/site\/wp-content\/uploads\/2026\/04\/181354bienal-do-livro-da-bahia-chega-ao-ultimo-dia-em-salvador-confira-a-programacao-3.jpg","articleSection":["Entretenimento","\u00daltimas"],"inLanguage":"pt-PT","potentialAction":[{"@type":"CommentAction","name":"Comment","target":["https:\/\/brasilnoticias.org\/site\/bienal-do-livro-da-bahia-chega-ao-ultimo-dia-em-salvador-confira-a-programacao\/#respond"]}]},{"@type":"WebPage","@id":"https:\/\/brasilnoticias.org\/site\/bienal-do-livro-da-bahia-chega-ao-ultimo-dia-em-salvador-confira-a-programacao\/","url":"https:\/\/brasilnoticias.org\/site\/bienal-do-livro-da-bahia-chega-ao-ultimo-dia-em-salvador-confira-a-programacao\/","name":"Bienal do Livro da Bahia chega ao \u00faltimo dia em Salvador; confira a programa\u00e7\u00e3o - Brasil not\u00edcias","isPartOf":{"@id":"https:\/\/brasilnoticias.org\/site\/#website"},"primaryImageOfPage":{"@id":"https:\/\/brasilnoticias.org\/site\/bienal-do-livro-da-bahia-chega-ao-ultimo-dia-em-salvador-confira-a-programacao\/#primaryimage"},"image":{"@id":"https:\/\/brasilnoticias.org\/site\/bienal-do-livro-da-bahia-chega-ao-ultimo-dia-em-salvador-confira-a-programacao\/#primaryimage"},"thumbnailUrl":"https:\/\/brasilnoticias.org\/site\/wp-content\/uploads\/2026\/04\/181354bienal-do-livro-da-bahia-chega-ao-ultimo-dia-em-salvador-confira-a-programacao-3.jpg","datePublished":"2026-04-21T14:36:18+00:00","breadcrumb":{"@id":"https:\/\/brasilnoticias.org\/site\/bienal-do-livro-da-bahia-chega-ao-ultimo-dia-em-salvador-confira-a-programacao\/#breadcrumb"},"inLanguage":"pt-PT","potentialAction":[{"@type":"ReadAction","target":["https:\/\/brasilnoticias.org\/site\/bienal-do-livro-da-bahia-chega-ao-ultimo-dia-em-salvador-confira-a-programacao\/"]}]},{"@type":"ImageObject","inLanguage":"pt-PT","@id":"https:\/\/brasilnoticias.org\/site\/bienal-do-livro-da-bahia-chega-ao-ultimo-dia-em-salvador-confira-a-programacao\/#primaryimage","url":"https:\/\/brasilnoticias.org\/site\/wp-content\/uploads\/2026\/04\/181354bienal-do-livro-da-bahia-chega-ao-ultimo-dia-em-salvador-confira-a-programacao-3.jpg","contentUrl":"https:\/\/brasilnoticias.org\/site\/wp-content\/uploads\/2026\/04\/181354bienal-do-livro-da-bahia-chega-ao-ultimo-dia-em-salvador-confira-a-programacao-3.jpg","width":1600,"height":752,"caption":"Foto: Arquivo\/FPC"},{"@type":"BreadcrumbList","@id":"https:\/\/brasilnoticias.org\/site\/bienal-do-livro-da-bahia-chega-ao-ultimo-dia-em-salvador-confira-a-programacao\/#breadcrumb","itemListElement":[{"@type":"ListItem","position":1,"name":"In\u00edcio","item":"https:\/\/brasilnoticias.org\/site\/"},{"@type":"ListItem","position":2,"name":"Bienal do Livro da Bahia chega ao \u00faltimo dia em Salvador; confira a programa\u00e7\u00e3o"}]},{"@type":"WebSite","@id":"https:\/\/brasilnoticias.org\/site\/#website","url":"https:\/\/brasilnoticias.org\/site\/","name":"Brasil not\u00edcias","description":"Brasil not\u00edcias","publisher":{"@id":"https:\/\/brasilnoticias.org\/site\/#organization"},"potentialAction":[{"@type":"SearchAction","target":{"@type":"EntryPoint","urlTemplate":"https:\/\/brasilnoticias.org\/site\/?s={search_term_string}"},"query-input":{"@type":"PropertyValueSpecification","valueRequired":true,"valueName":"search_term_string"}}],"inLanguage":"pt-PT"},{"@type":"Organization","@id":"https:\/\/brasilnoticias.org\/site\/#organization","name":"Brasil not\u00edcias","url":"https:\/\/brasilnoticias.org\/site\/","logo":{"@type":"ImageObject","inLanguage":"pt-PT","@id":"https:\/\/brasilnoticias.org\/site\/#\/schema\/logo\/image\/","url":"https:\/\/brasilnoticias.org\/site\/wp-content\/uploads\/2022\/05\/cropped-brasilnoticias-mini.jpg","contentUrl":"https:\/\/brasilnoticias.org\/site\/wp-content\/uploads\/2022\/05\/cropped-brasilnoticias-mini.jpg","width":314,"height":86,"caption":"Brasil not\u00edcias"},"image":{"@id":"https:\/\/brasilnoticias.org\/site\/#\/schema\/logo\/image\/"}},{"@type":"Person","@id":"https:\/\/brasilnoticias.org\/site\/#\/schema\/person\/03bbbfe6c7634ad18c26444ea39049fa","name":"Reda\u00e7\u00e3o","image":{"@type":"ImageObject","inLanguage":"pt-PT","@id":"https:\/\/brasilnoticias.org\/site\/#\/schema\/person\/image\/","url":"https:\/\/secure.gravatar.com\/avatar\/9ecaf7327a696cb23ad926fedded5f1f04d7049de9e445375d55b48c001a6e42?s=96&d=mm&r=g","contentUrl":"https:\/\/secure.gravatar.com\/avatar\/9ecaf7327a696cb23ad926fedded5f1f04d7049de9e445375d55b48c001a6e42?s=96&d=mm&r=g","caption":"Reda\u00e7\u00e3o"},"url":"https:\/\/brasilnoticias.org\/site\/author\/henrique\/"}]}},"_links":{"self":[{"href":"https:\/\/brasilnoticias.org\/site\/wp-json\/wp\/v2\/posts\/21702","targetHints":{"allow":["GET"]}}],"collection":[{"href":"https:\/\/brasilnoticias.org\/site\/wp-json\/wp\/v2\/posts"}],"about":[{"href":"https:\/\/brasilnoticias.org\/site\/wp-json\/wp\/v2\/types\/post"}],"author":[{"embeddable":true,"href":"https:\/\/brasilnoticias.org\/site\/wp-json\/wp\/v2\/users\/4"}],"replies":[{"embeddable":true,"href":"https:\/\/brasilnoticias.org\/site\/wp-json\/wp\/v2\/comments?post=21702"}],"version-history":[{"count":1,"href":"https:\/\/brasilnoticias.org\/site\/wp-json\/wp\/v2\/posts\/21702\/revisions"}],"predecessor-version":[{"id":21704,"href":"https:\/\/brasilnoticias.org\/site\/wp-json\/wp\/v2\/posts\/21702\/revisions\/21704"}],"wp:featuredmedia":[{"embeddable":true,"href":"https:\/\/brasilnoticias.org\/site\/wp-json\/wp\/v2\/media\/21703"}],"wp:attachment":[{"href":"https:\/\/brasilnoticias.org\/site\/wp-json\/wp\/v2\/media?parent=21702"}],"wp:term":[{"taxonomy":"category","embeddable":true,"href":"https:\/\/brasilnoticias.org\/site\/wp-json\/wp\/v2\/categories?post=21702"},{"taxonomy":"post_tag","embeddable":true,"href":"https:\/\/brasilnoticias.org\/site\/wp-json\/wp\/v2\/tags?post=21702"}],"curies":[{"name":"wp","href":"https:\/\/api.w.org\/{rel}","templated":true}]}}