{"id":21738,"date":"2026-04-22T12:32:00","date_gmt":"2026-04-22T15:32:00","guid":{"rendered":"https:\/\/brasilnoticias.org\/site\/?p=21738"},"modified":"2026-04-22T12:32:00","modified_gmt":"2026-04-22T15:32:00","slug":"diego-castro-endurece-cobrancas-a-acm-neto-o-eleitor-quer-posicionamento-ou-e-quente-ou-e-frio","status":"publish","type":"post","link":"https:\/\/brasilnoticias.org\/site\/diego-castro-endurece-cobrancas-a-acm-neto-o-eleitor-quer-posicionamento-ou-e-quente-ou-e-frio\/","title":{"rendered":"Diego Castro endurece cobran\u00e7as a ACM Neto: \u2018O eleitor quer posicionamento. Ou \u00e9 quente ou \u00e9 frio\u2019"},"content":{"rendered":"<p>O deputado estadual\u00a0<strong>Diego Castro<\/strong>\u00a0(PL) subiu o tom contra o ex-prefeito de Salvador\u00a0<strong>ACM Neto<\/strong>\u00a0(Uni\u00e3o Brasil) e deixou evidente, em entrevista \u00e0\u00a0<em><strong>CBN Salvador<\/strong><\/em>, que ainda n\u00e3o se sente confort\u00e1vel para declarar apoio \u00e0 pr\u00e9-candidatura do vice-presidente nacional do Uni\u00e3o Brasil ao governo da Bahia.<\/p>\n<p>Para o parlamentar, o principal problema n\u00e3o \u00e9 apenas a aus\u00eancia de um gesto formal do postulante em dire\u00e7\u00e3o ao presidenci\u00e1vel do PL,\u00a0<strong>Fl\u00e1vio Bolsonaro<\/strong>, mas a falta de di\u00e1logo com a ala bolsonarista e conservadora que, segundo ele, foi decisiva para levar a oposi\u00e7\u00e3o ao segundo turno em 2022.<\/p>\n<p><strong>\u201cO que eu tenho escutado de norte a sul, de leste a oeste da Bahia, \u00e9 o mesmo cen\u00e1rio: n\u00e3o d\u00e1 para ficar em cima do muro\u201d<\/strong>, afirmou.<\/p>\n<p>Diego disse haver uma cobran\u00e7a crescente dentro do eleitorado de direita para que Neto assuma uma posi\u00e7\u00e3o mais clara na disputa nacional. Na avalia\u00e7\u00e3o dele, n\u00e3o faz sentido pedir engajamento total da base bolsonarista na Bahia enquanto o grupo de oposi\u00e7\u00e3o evita se comprometer com a candidatura presidencial apoiada pelo PL.<\/p>\n<p><strong>\u201cN\u00e3o pode haver apenas o esfor\u00e7o do lado direito. A gente vai para a rua, vai se doar, vai se jogar de cabe\u00e7a. Mas tamb\u00e9m precisa haver reciprocidade\u201d,<\/strong>\u00a0disse.<\/p>\n<h2><strong>\u201cFalta di\u00e1logo\u201d, aponta deputado<\/p>\n<p><\/strong><\/h2>\n<p>Ao longo da entrevista, Diego repetiu diversas vezes que o maior problema da rela\u00e7\u00e3o entre o PL e ACM Neto \u00e9 a aus\u00eancia de di\u00e1logo, apesar de o presidente estadual do partido,\u00a0<strong>Jo\u00e3o Roma<\/strong>, estar na majorit\u00e1ria como pr\u00e9-candidato ao Senado.<\/p>\n<p>Segundo ele, parlamentares e lideran\u00e7as identificadas com o bolsonarismo n\u00e3o foram chamados para participar das discuss\u00f5es sobre a forma\u00e7\u00e3o da chapa de oposi\u00e7\u00e3o nem para apresentar sugest\u00f5es de propostas que dialoguem com o eleitor conservador.<\/p>\n<p><strong>\u201cEm nenhum momento eu fui chamado para opinar e reverberar o que esse p\u00fablico quer\u201d<\/strong>, reclamou.<\/p>\n<p>O deputado afirmou ainda que a insatisfa\u00e7\u00e3o da ala bolsonarista vai al\u00e9m da disputa presidencial e passa tamb\u00e9m pela aus\u00eancia de compromisso claro com temas considerados priorit\u00e1rios para o grupo, como seguran\u00e7a p\u00fablica, liberdade econ\u00f4mica, redu\u00e7\u00e3o de impostos, defesa da f\u00e9 crist\u00e3, direito de propriedade e oposi\u00e7\u00e3o ao aborto.<\/p>\n<p>Para Diego, o discurso atual da oposi\u00e7\u00e3o ainda est\u00e1 muito concentrado na cr\u00edtica ao PT e pouco focado em propostas concretas.<\/p>\n<p><strong>\u201cA gente n\u00e3o quer apenas mudar a cor da bandeira. A gente quer saber quais s\u00e3o as mudan\u00e7as reais\u201d,<\/strong>\u00a0afirmou.<\/p>\n<h2><strong>Seguran\u00e7a p\u00fablica entra no centro do debate<\/p>\n<p><\/strong><\/h2>\n<p>Apesar de grande parte da entrevista ter girado em torno da rela\u00e7\u00e3o entre ACM Neto e o PL, Diego tamb\u00e9m aproveitou para cobrar propostas mais detalhadas para a seguran\u00e7a p\u00fablica, \u00e1rea em que se consolidou como uma das vozes mais ativas da oposi\u00e7\u00e3o.<\/p>\n<p>Ele criticou os baixos sal\u00e1rios das pol\u00edcias Civil e Militar da Bahia, reclamou da falta de valoriza\u00e7\u00e3o das carreiras e disse que o futuro governador precisar\u00e1 regulamentar pontos da nova Lei Org\u00e2nica das Pol\u00edcias at\u00e9 2029.<\/p>\n<p><strong>\u201cO policial civil chega ganhando pouco mais de R$ 5,8 mil e encerra a carreira com cerca de R$ 7 mil. \u00c9 uma das piores progress\u00f5es do Brasil\u201d<\/strong>, disse.<\/p>\n<p>O parlamentar afirmou que ACM Neto j\u00e1 sinalizou preocupa\u00e7\u00e3o com o tema, mas voltou a cobrar medidas concretas.<\/p>\n<p><strong>\u201cO eleitor quer ouvir proposta. Quer saber o que vai ser feito de verdade\u201d,<\/strong>\u00a0pontuou.<\/p>\n<h2><strong>Diego rejeita neutralidade e diz que cen\u00e1rio est\u00e1 polarizado<\/p>\n<p><\/strong><\/h2>\n<p>Na vis\u00e3o do deputado, o ambiente pol\u00edtico atual \u00e9 muito diferente daquele de 2022, quando ACM Neto evitou se posicionar nacionalmente entre\u00a0<strong>Jair Bolsonaro\u00a0<\/strong>(PL) e\u00a0<strong>Luiz In\u00e1cio Lula da Silva<\/strong>\u00a0(PT).<\/p>\n<p>Para Diego, o cen\u00e1rio de agora \u00e9 ainda mais polarizado e n\u00e3o h\u00e1 espa\u00e7o para candidaturas de centro ou discursos moderados.<\/p>\n<p>Ele fez cr\u00edticas indiretas ao ex-governador\u00a0<strong>Ronaldo Caiado\u00a0<\/strong>(PSD-GO), tratado por ele como um nome de centro-direita que pode retirar votos do bolsonarismo e dificultar uma polariza\u00e7\u00e3o direta entre Fl\u00e1vio e Lula.<\/p>\n<p><strong>\u201cO eleitor quer posicionamento. Ou \u00e9 quente ou \u00e9 frio\u201d<\/strong>, resumiu.<\/p>\n<h2><strong>Base conservadora pode n\u00e3o embarcar integralmente<\/p>\n<p><\/strong><\/h2>\n<p>Embora tenha evitado afirmar categoricamente que o PL ficar\u00e1 fora da campanha de ACM Neto caso o ex-prefeito n\u00e3o declare apoio a Fl\u00e1vio Bolsonaro, Diego deixou claro que haver\u00e1 dificuldade para convencer a milit\u00e2ncia conservadora a se engajar.<\/p>\n<p>Ele lembrou que, no segundo turno de 2022, muitos eleitores bolsonaristas se recusaram a votar em ACM Neto por n\u00e3o enxergarem diferen\u00e7a entre os projetos apresentados pela oposi\u00e7\u00e3o e pelo PT.<\/p>\n<p><strong>\u201cEu fui fazer campanha no segundo turno. De cada dez pessoas que recebiam um santinho, sete diziam: \u2018Nele eu n\u00e3o voto\u2019\u201d<\/strong>, contou.<\/p>\n<p>Mesmo assim, Diego disse que o PL continuar\u00e1 a fazer oposi\u00e7\u00e3o ao governo\u00a0<strong>Jer\u00f4nimo Rodrigues<\/strong>\u00a0e atacar a gest\u00e3o petista, independentemente da posi\u00e7\u00e3o que vier a ser adotada por ACM Neto.<\/p>\n<p><strong>\u201cN\u00f3s vamos continuar denunciando os desmandos do PT. Mas o que a gente quer \u00e9 comprometimento real com as pautas que esse povo defende\u201d<\/strong>, afirmou.<\/p>\n<h2><strong>Deputado nega rompimento, mas admite desconforto<\/p>\n<p><\/strong><\/h2>\n<p>Questionado diretamente sobre declara\u00e7\u00f5es de integrantes do PL de que ACM Neto estaria \u201ctratando o partido como cachorro\u201d, Diego evitou usar a express\u00e3o, mas admitiu desconforto.<\/p>\n<p><strong>\u201cMaltratado talvez seja um termo mais radical. Agora, que est\u00e1 faltando di\u00e1logo, est\u00e1\u201d<\/strong>, respondeu.<\/p>\n<p>O deputado tamb\u00e9m evitou anunciar qualquer rompimento formal com a oposi\u00e7\u00e3o, mas deixou no ar que o apoio do bolsonarismo n\u00e3o ser\u00e1 autom\u00e1tico.<\/p>\n<p><strong>\u201cSe n\u00e3o tiver posicionamento, vai ser muito dif\u00edcil explicar para essa base por que apoiar algu\u00e9m que n\u00e3o demonstra compromisso com aquilo que ela acredita\u201d,<\/strong>\u00a0concluiu.<\/p>\n<h2><strong>Confira a entrevista na \u00edntegra:<\/strong><\/h2>\n<p><strong><iframe loading=\"lazy\" title=\"CBN BAHIA | 22\/04\/2026 | Participe pelo WhatsApp (71) 98679-2647\" src=\"https:\/\/www.youtube.com\/embed\/J_HYN4W3PFM\" width=\"780\" height=\"439\" frameborder=\"0\" allowfullscreen=\"allowfullscreen\" data-mce-fragment=\"1\"><\/iframe><\/strong><\/p>\n<p>Fonte: <a href=\"https:\/\/www.blogdovila.com.br\/noticia\/diego-quente-frio\" target=\"_blank\" rel=\"noopener\">Blog do Vila<\/a><\/p>\n","protected":false},"excerpt":{"rendered":"<p>O deputado estadual\u00a0Diego Castro\u00a0(PL) subiu o tom contra o ex-prefeito de Salvador\u00a0ACM Neto\u00a0(Uni\u00e3o Brasil) e deixou evidente, em entrevista \u00e0\u00a0CBN<\/p>\n","protected":false},"author":4,"featured_media":21739,"comment_status":"open","ping_status":"open","sticky":false,"template":"","format":"standard","meta":{"colormag_page_container_layout":"default_layout","colormag_page_sidebar_layout":"default_layout","_FSMCFIC_featured_image_caption":"","_FSMCFIC_featured_image_nocaption":"","_FSMCFIC_featured_image_hide":"","footnotes":""},"categories":[5,1],"tags":[],"class_list":["post-21738","post","type-post","status-publish","format-standard","has-post-thumbnail","hentry","category-politica","category-ultimas"],"yoast_head":"<!-- This site is optimized with the Yoast SEO plugin v27.1.1 - https:\/\/yoast.com\/product\/yoast-seo-wordpress\/ -->\n<title>Diego Castro endurece cobran\u00e7as a ACM Neto: \u2018O eleitor quer posicionamento. Ou \u00e9 quente ou \u00e9 frio\u2019 - Brasil not\u00edcias<\/title>\n<meta name=\"robots\" content=\"index, follow, max-snippet:-1, max-image-preview:large, max-video-preview:-1\" \/>\n<link rel=\"canonical\" href=\"https:\/\/brasilnoticias.org\/site\/diego-castro-endurece-cobrancas-a-acm-neto-o-eleitor-quer-posicionamento-ou-e-quente-ou-e-frio\/\" \/>\n<meta property=\"og:locale\" content=\"pt_PT\" \/>\n<meta property=\"og:type\" content=\"article\" \/>\n<meta property=\"og:title\" content=\"Diego Castro endurece cobran\u00e7as a ACM Neto: \u2018O eleitor quer posicionamento. Ou \u00e9 quente ou \u00e9 frio\u2019 - Brasil not\u00edcias\" \/>\n<meta property=\"og:description\" content=\"O deputado estadual\u00a0Diego Castro\u00a0(PL) subiu o tom contra o ex-prefeito de Salvador\u00a0ACM Neto\u00a0(Uni\u00e3o Brasil) e deixou evidente, em entrevista \u00e0\u00a0CBN\" \/>\n<meta property=\"og:url\" content=\"https:\/\/brasilnoticias.org\/site\/diego-castro-endurece-cobrancas-a-acm-neto-o-eleitor-quer-posicionamento-ou-e-quente-ou-e-frio\/\" \/>\n<meta property=\"og:site_name\" content=\"Brasil not\u00edcias\" \/>\n<meta property=\"article:published_time\" content=\"2026-04-22T15:32:00+00:00\" \/>\n<meta property=\"og:image\" content=\"https:\/\/brasilnoticias.org\/site\/wp-content\/uploads\/2026\/04\/WhatsApp-Image-2026-04-22-at-09.47.52-1.jpeg\" \/>\n\t<meta property=\"og:image:width\" content=\"1280\" \/>\n\t<meta property=\"og:image:height\" content=\"720\" \/>\n\t<meta property=\"og:image:type\" content=\"image\/jpeg\" \/>\n<meta name=\"author\" content=\"Reda\u00e7\u00e3o\" \/>\n<meta name=\"twitter:card\" content=\"summary_large_image\" \/>\n<meta name=\"twitter:label1\" content=\"Escrito por\" \/>\n\t<meta name=\"twitter:data1\" content=\"Reda\u00e7\u00e3o\" \/>\n\t<meta name=\"twitter:label2\" content=\"Tempo estimado de leitura\" \/>\n\t<meta name=\"twitter:data2\" content=\"6 minutos\" \/>\n<script type=\"application\/ld+json\" class=\"yoast-schema-graph\">{\"@context\":\"https:\/\/schema.org\",\"@graph\":[{\"@type\":\"Article\",\"@id\":\"https:\/\/brasilnoticias.org\/site\/diego-castro-endurece-cobrancas-a-acm-neto-o-eleitor-quer-posicionamento-ou-e-quente-ou-e-frio\/#article\",\"isPartOf\":{\"@id\":\"https:\/\/brasilnoticias.org\/site\/diego-castro-endurece-cobrancas-a-acm-neto-o-eleitor-quer-posicionamento-ou-e-quente-ou-e-frio\/\"},\"author\":{\"name\":\"Reda\u00e7\u00e3o\",\"@id\":\"https:\/\/brasilnoticias.org\/site\/#\/schema\/person\/03bbbfe6c7634ad18c26444ea39049fa\"},\"headline\":\"Diego Castro endurece cobran\u00e7as a ACM Neto: \u2018O eleitor quer posicionamento. Ou \u00e9 quente ou \u00e9 frio\u2019\",\"datePublished\":\"2026-04-22T15:32:00+00:00\",\"mainEntityOfPage\":{\"@id\":\"https:\/\/brasilnoticias.org\/site\/diego-castro-endurece-cobrancas-a-acm-neto-o-eleitor-quer-posicionamento-ou-e-quente-ou-e-frio\/\"},\"wordCount\":1000,\"commentCount\":0,\"publisher\":{\"@id\":\"https:\/\/brasilnoticias.org\/site\/#organization\"},\"image\":{\"@id\":\"https:\/\/brasilnoticias.org\/site\/diego-castro-endurece-cobrancas-a-acm-neto-o-eleitor-quer-posicionamento-ou-e-quente-ou-e-frio\/#primaryimage\"},\"thumbnailUrl\":\"https:\/\/brasilnoticias.org\/site\/wp-content\/uploads\/2026\/04\/WhatsApp-Image-2026-04-22-at-09.47.52-1.jpeg\",\"articleSection\":[\"Pol\u00edtica\",\"\u00daltimas\"],\"inLanguage\":\"pt-PT\",\"potentialAction\":[{\"@type\":\"CommentAction\",\"name\":\"Comment\",\"target\":[\"https:\/\/brasilnoticias.org\/site\/diego-castro-endurece-cobrancas-a-acm-neto-o-eleitor-quer-posicionamento-ou-e-quente-ou-e-frio\/#respond\"]}]},{\"@type\":\"WebPage\",\"@id\":\"https:\/\/brasilnoticias.org\/site\/diego-castro-endurece-cobrancas-a-acm-neto-o-eleitor-quer-posicionamento-ou-e-quente-ou-e-frio\/\",\"url\":\"https:\/\/brasilnoticias.org\/site\/diego-castro-endurece-cobrancas-a-acm-neto-o-eleitor-quer-posicionamento-ou-e-quente-ou-e-frio\/\",\"name\":\"Diego Castro endurece cobran\u00e7as a ACM Neto: \u2018O eleitor quer posicionamento. Ou \u00e9 quente ou \u00e9 frio\u2019 - Brasil not\u00edcias\",\"isPartOf\":{\"@id\":\"https:\/\/brasilnoticias.org\/site\/#website\"},\"primaryImageOfPage\":{\"@id\":\"https:\/\/brasilnoticias.org\/site\/diego-castro-endurece-cobrancas-a-acm-neto-o-eleitor-quer-posicionamento-ou-e-quente-ou-e-frio\/#primaryimage\"},\"image\":{\"@id\":\"https:\/\/brasilnoticias.org\/site\/diego-castro-endurece-cobrancas-a-acm-neto-o-eleitor-quer-posicionamento-ou-e-quente-ou-e-frio\/#primaryimage\"},\"thumbnailUrl\":\"https:\/\/brasilnoticias.org\/site\/wp-content\/uploads\/2026\/04\/WhatsApp-Image-2026-04-22-at-09.47.52-1.jpeg\",\"datePublished\":\"2026-04-22T15:32:00+00:00\",\"breadcrumb\":{\"@id\":\"https:\/\/brasilnoticias.org\/site\/diego-castro-endurece-cobrancas-a-acm-neto-o-eleitor-quer-posicionamento-ou-e-quente-ou-e-frio\/#breadcrumb\"},\"inLanguage\":\"pt-PT\",\"potentialAction\":[{\"@type\":\"ReadAction\",\"target\":[\"https:\/\/brasilnoticias.org\/site\/diego-castro-endurece-cobrancas-a-acm-neto-o-eleitor-quer-posicionamento-ou-e-quente-ou-e-frio\/\"]}]},{\"@type\":\"ImageObject\",\"inLanguage\":\"pt-PT\",\"@id\":\"https:\/\/brasilnoticias.org\/site\/diego-castro-endurece-cobrancas-a-acm-neto-o-eleitor-quer-posicionamento-ou-e-quente-ou-e-frio\/#primaryimage\",\"url\":\"https:\/\/brasilnoticias.org\/site\/wp-content\/uploads\/2026\/04\/WhatsApp-Image-2026-04-22-at-09.47.52-1.jpeg\",\"contentUrl\":\"https:\/\/brasilnoticias.org\/site\/wp-content\/uploads\/2026\/04\/WhatsApp-Image-2026-04-22-at-09.47.52-1.jpeg\",\"width\":1280,\"height\":720,\"caption\":\"Evil\u00e1sio J\u00fanior\"},{\"@type\":\"BreadcrumbList\",\"@id\":\"https:\/\/brasilnoticias.org\/site\/diego-castro-endurece-cobrancas-a-acm-neto-o-eleitor-quer-posicionamento-ou-e-quente-ou-e-frio\/#breadcrumb\",\"itemListElement\":[{\"@type\":\"ListItem\",\"position\":1,\"name\":\"In\u00edcio\",\"item\":\"https:\/\/brasilnoticias.org\/site\/\"},{\"@type\":\"ListItem\",\"position\":2,\"name\":\"Diego Castro endurece cobran\u00e7as a ACM Neto: \u2018O eleitor quer posicionamento. Ou \u00e9 quente ou \u00e9 frio\u2019\"}]},{\"@type\":\"WebSite\",\"@id\":\"https:\/\/brasilnoticias.org\/site\/#website\",\"url\":\"https:\/\/brasilnoticias.org\/site\/\",\"name\":\"Brasil not\u00edcias\",\"description\":\"Brasil not\u00edcias\",\"publisher\":{\"@id\":\"https:\/\/brasilnoticias.org\/site\/#organization\"},\"potentialAction\":[{\"@type\":\"SearchAction\",\"target\":{\"@type\":\"EntryPoint\",\"urlTemplate\":\"https:\/\/brasilnoticias.org\/site\/?s={search_term_string}\"},\"query-input\":{\"@type\":\"PropertyValueSpecification\",\"valueRequired\":true,\"valueName\":\"search_term_string\"}}],\"inLanguage\":\"pt-PT\"},{\"@type\":\"Organization\",\"@id\":\"https:\/\/brasilnoticias.org\/site\/#organization\",\"name\":\"Brasil not\u00edcias\",\"url\":\"https:\/\/brasilnoticias.org\/site\/\",\"logo\":{\"@type\":\"ImageObject\",\"inLanguage\":\"pt-PT\",\"@id\":\"https:\/\/brasilnoticias.org\/site\/#\/schema\/logo\/image\/\",\"url\":\"https:\/\/brasilnoticias.org\/site\/wp-content\/uploads\/2022\/05\/cropped-brasilnoticias-mini.jpg\",\"contentUrl\":\"https:\/\/brasilnoticias.org\/site\/wp-content\/uploads\/2022\/05\/cropped-brasilnoticias-mini.jpg\",\"width\":314,\"height\":86,\"caption\":\"Brasil not\u00edcias\"},\"image\":{\"@id\":\"https:\/\/brasilnoticias.org\/site\/#\/schema\/logo\/image\/\"}},{\"@type\":\"Person\",\"@id\":\"https:\/\/brasilnoticias.org\/site\/#\/schema\/person\/03bbbfe6c7634ad18c26444ea39049fa\",\"name\":\"Reda\u00e7\u00e3o\",\"image\":{\"@type\":\"ImageObject\",\"inLanguage\":\"pt-PT\",\"@id\":\"https:\/\/brasilnoticias.org\/site\/#\/schema\/person\/image\/\",\"url\":\"https:\/\/secure.gravatar.com\/avatar\/9ecaf7327a696cb23ad926fedded5f1f04d7049de9e445375d55b48c001a6e42?s=96&d=mm&r=g\",\"contentUrl\":\"https:\/\/secure.gravatar.com\/avatar\/9ecaf7327a696cb23ad926fedded5f1f04d7049de9e445375d55b48c001a6e42?s=96&d=mm&r=g\",\"caption\":\"Reda\u00e7\u00e3o\"},\"url\":\"https:\/\/brasilnoticias.org\/site\/author\/henrique\/\"}]}<\/script>\n<!-- \/ Yoast SEO plugin. -->","yoast_head_json":{"title":"Diego Castro endurece cobran\u00e7as a ACM Neto: \u2018O eleitor quer posicionamento. Ou \u00e9 quente ou \u00e9 frio\u2019 - Brasil not\u00edcias","robots":{"index":"index","follow":"follow","max-snippet":"max-snippet:-1","max-image-preview":"max-image-preview:large","max-video-preview":"max-video-preview:-1"},"canonical":"https:\/\/brasilnoticias.org\/site\/diego-castro-endurece-cobrancas-a-acm-neto-o-eleitor-quer-posicionamento-ou-e-quente-ou-e-frio\/","og_locale":"pt_PT","og_type":"article","og_title":"Diego Castro endurece cobran\u00e7as a ACM Neto: \u2018O eleitor quer posicionamento. Ou \u00e9 quente ou \u00e9 frio\u2019 - Brasil not\u00edcias","og_description":"O deputado estadual\u00a0Diego Castro\u00a0(PL) subiu o tom contra o ex-prefeito de Salvador\u00a0ACM Neto\u00a0(Uni\u00e3o Brasil) e deixou evidente, em entrevista \u00e0\u00a0CBN","og_url":"https:\/\/brasilnoticias.org\/site\/diego-castro-endurece-cobrancas-a-acm-neto-o-eleitor-quer-posicionamento-ou-e-quente-ou-e-frio\/","og_site_name":"Brasil not\u00edcias","article_published_time":"2026-04-22T15:32:00+00:00","og_image":[{"width":1280,"height":720,"url":"https:\/\/brasilnoticias.org\/site\/wp-content\/uploads\/2026\/04\/WhatsApp-Image-2026-04-22-at-09.47.52-1.jpeg","type":"image\/jpeg"}],"author":"Reda\u00e7\u00e3o","twitter_card":"summary_large_image","twitter_misc":{"Escrito por":"Reda\u00e7\u00e3o","Tempo estimado de leitura":"6 minutos"},"schema":{"@context":"https:\/\/schema.org","@graph":[{"@type":"Article","@id":"https:\/\/brasilnoticias.org\/site\/diego-castro-endurece-cobrancas-a-acm-neto-o-eleitor-quer-posicionamento-ou-e-quente-ou-e-frio\/#article","isPartOf":{"@id":"https:\/\/brasilnoticias.org\/site\/diego-castro-endurece-cobrancas-a-acm-neto-o-eleitor-quer-posicionamento-ou-e-quente-ou-e-frio\/"},"author":{"name":"Reda\u00e7\u00e3o","@id":"https:\/\/brasilnoticias.org\/site\/#\/schema\/person\/03bbbfe6c7634ad18c26444ea39049fa"},"headline":"Diego Castro endurece cobran\u00e7as a ACM Neto: \u2018O eleitor quer posicionamento. Ou \u00e9 quente ou \u00e9 frio\u2019","datePublished":"2026-04-22T15:32:00+00:00","mainEntityOfPage":{"@id":"https:\/\/brasilnoticias.org\/site\/diego-castro-endurece-cobrancas-a-acm-neto-o-eleitor-quer-posicionamento-ou-e-quente-ou-e-frio\/"},"wordCount":1000,"commentCount":0,"publisher":{"@id":"https:\/\/brasilnoticias.org\/site\/#organization"},"image":{"@id":"https:\/\/brasilnoticias.org\/site\/diego-castro-endurece-cobrancas-a-acm-neto-o-eleitor-quer-posicionamento-ou-e-quente-ou-e-frio\/#primaryimage"},"thumbnailUrl":"https:\/\/brasilnoticias.org\/site\/wp-content\/uploads\/2026\/04\/WhatsApp-Image-2026-04-22-at-09.47.52-1.jpeg","articleSection":["Pol\u00edtica","\u00daltimas"],"inLanguage":"pt-PT","potentialAction":[{"@type":"CommentAction","name":"Comment","target":["https:\/\/brasilnoticias.org\/site\/diego-castro-endurece-cobrancas-a-acm-neto-o-eleitor-quer-posicionamento-ou-e-quente-ou-e-frio\/#respond"]}]},{"@type":"WebPage","@id":"https:\/\/brasilnoticias.org\/site\/diego-castro-endurece-cobrancas-a-acm-neto-o-eleitor-quer-posicionamento-ou-e-quente-ou-e-frio\/","url":"https:\/\/brasilnoticias.org\/site\/diego-castro-endurece-cobrancas-a-acm-neto-o-eleitor-quer-posicionamento-ou-e-quente-ou-e-frio\/","name":"Diego Castro endurece cobran\u00e7as a ACM Neto: \u2018O eleitor quer posicionamento. Ou \u00e9 quente ou \u00e9 frio\u2019 - Brasil not\u00edcias","isPartOf":{"@id":"https:\/\/brasilnoticias.org\/site\/#website"},"primaryImageOfPage":{"@id":"https:\/\/brasilnoticias.org\/site\/diego-castro-endurece-cobrancas-a-acm-neto-o-eleitor-quer-posicionamento-ou-e-quente-ou-e-frio\/#primaryimage"},"image":{"@id":"https:\/\/brasilnoticias.org\/site\/diego-castro-endurece-cobrancas-a-acm-neto-o-eleitor-quer-posicionamento-ou-e-quente-ou-e-frio\/#primaryimage"},"thumbnailUrl":"https:\/\/brasilnoticias.org\/site\/wp-content\/uploads\/2026\/04\/WhatsApp-Image-2026-04-22-at-09.47.52-1.jpeg","datePublished":"2026-04-22T15:32:00+00:00","breadcrumb":{"@id":"https:\/\/brasilnoticias.org\/site\/diego-castro-endurece-cobrancas-a-acm-neto-o-eleitor-quer-posicionamento-ou-e-quente-ou-e-frio\/#breadcrumb"},"inLanguage":"pt-PT","potentialAction":[{"@type":"ReadAction","target":["https:\/\/brasilnoticias.org\/site\/diego-castro-endurece-cobrancas-a-acm-neto-o-eleitor-quer-posicionamento-ou-e-quente-ou-e-frio\/"]}]},{"@type":"ImageObject","inLanguage":"pt-PT","@id":"https:\/\/brasilnoticias.org\/site\/diego-castro-endurece-cobrancas-a-acm-neto-o-eleitor-quer-posicionamento-ou-e-quente-ou-e-frio\/#primaryimage","url":"https:\/\/brasilnoticias.org\/site\/wp-content\/uploads\/2026\/04\/WhatsApp-Image-2026-04-22-at-09.47.52-1.jpeg","contentUrl":"https:\/\/brasilnoticias.org\/site\/wp-content\/uploads\/2026\/04\/WhatsApp-Image-2026-04-22-at-09.47.52-1.jpeg","width":1280,"height":720,"caption":"Evil\u00e1sio J\u00fanior"},{"@type":"BreadcrumbList","@id":"https:\/\/brasilnoticias.org\/site\/diego-castro-endurece-cobrancas-a-acm-neto-o-eleitor-quer-posicionamento-ou-e-quente-ou-e-frio\/#breadcrumb","itemListElement":[{"@type":"ListItem","position":1,"name":"In\u00edcio","item":"https:\/\/brasilnoticias.org\/site\/"},{"@type":"ListItem","position":2,"name":"Diego Castro endurece cobran\u00e7as a ACM Neto: \u2018O eleitor quer posicionamento. Ou \u00e9 quente ou \u00e9 frio\u2019"}]},{"@type":"WebSite","@id":"https:\/\/brasilnoticias.org\/site\/#website","url":"https:\/\/brasilnoticias.org\/site\/","name":"Brasil not\u00edcias","description":"Brasil not\u00edcias","publisher":{"@id":"https:\/\/brasilnoticias.org\/site\/#organization"},"potentialAction":[{"@type":"SearchAction","target":{"@type":"EntryPoint","urlTemplate":"https:\/\/brasilnoticias.org\/site\/?s={search_term_string}"},"query-input":{"@type":"PropertyValueSpecification","valueRequired":true,"valueName":"search_term_string"}}],"inLanguage":"pt-PT"},{"@type":"Organization","@id":"https:\/\/brasilnoticias.org\/site\/#organization","name":"Brasil not\u00edcias","url":"https:\/\/brasilnoticias.org\/site\/","logo":{"@type":"ImageObject","inLanguage":"pt-PT","@id":"https:\/\/brasilnoticias.org\/site\/#\/schema\/logo\/image\/","url":"https:\/\/brasilnoticias.org\/site\/wp-content\/uploads\/2022\/05\/cropped-brasilnoticias-mini.jpg","contentUrl":"https:\/\/brasilnoticias.org\/site\/wp-content\/uploads\/2022\/05\/cropped-brasilnoticias-mini.jpg","width":314,"height":86,"caption":"Brasil not\u00edcias"},"image":{"@id":"https:\/\/brasilnoticias.org\/site\/#\/schema\/logo\/image\/"}},{"@type":"Person","@id":"https:\/\/brasilnoticias.org\/site\/#\/schema\/person\/03bbbfe6c7634ad18c26444ea39049fa","name":"Reda\u00e7\u00e3o","image":{"@type":"ImageObject","inLanguage":"pt-PT","@id":"https:\/\/brasilnoticias.org\/site\/#\/schema\/person\/image\/","url":"https:\/\/secure.gravatar.com\/avatar\/9ecaf7327a696cb23ad926fedded5f1f04d7049de9e445375d55b48c001a6e42?s=96&d=mm&r=g","contentUrl":"https:\/\/secure.gravatar.com\/avatar\/9ecaf7327a696cb23ad926fedded5f1f04d7049de9e445375d55b48c001a6e42?s=96&d=mm&r=g","caption":"Reda\u00e7\u00e3o"},"url":"https:\/\/brasilnoticias.org\/site\/author\/henrique\/"}]}},"_links":{"self":[{"href":"https:\/\/brasilnoticias.org\/site\/wp-json\/wp\/v2\/posts\/21738","targetHints":{"allow":["GET"]}}],"collection":[{"href":"https:\/\/brasilnoticias.org\/site\/wp-json\/wp\/v2\/posts"}],"about":[{"href":"https:\/\/brasilnoticias.org\/site\/wp-json\/wp\/v2\/types\/post"}],"author":[{"embeddable":true,"href":"https:\/\/brasilnoticias.org\/site\/wp-json\/wp\/v2\/users\/4"}],"replies":[{"embeddable":true,"href":"https:\/\/brasilnoticias.org\/site\/wp-json\/wp\/v2\/comments?post=21738"}],"version-history":[{"count":1,"href":"https:\/\/brasilnoticias.org\/site\/wp-json\/wp\/v2\/posts\/21738\/revisions"}],"predecessor-version":[{"id":21740,"href":"https:\/\/brasilnoticias.org\/site\/wp-json\/wp\/v2\/posts\/21738\/revisions\/21740"}],"wp:featuredmedia":[{"embeddable":true,"href":"https:\/\/brasilnoticias.org\/site\/wp-json\/wp\/v2\/media\/21739"}],"wp:attachment":[{"href":"https:\/\/brasilnoticias.org\/site\/wp-json\/wp\/v2\/media?parent=21738"}],"wp:term":[{"taxonomy":"category","embeddable":true,"href":"https:\/\/brasilnoticias.org\/site\/wp-json\/wp\/v2\/categories?post=21738"},{"taxonomy":"post_tag","embeddable":true,"href":"https:\/\/brasilnoticias.org\/site\/wp-json\/wp\/v2\/tags?post=21738"}],"curies":[{"name":"wp","href":"https:\/\/api.w.org\/{rel}","templated":true}]}}