{"id":21746,"date":"2026-04-23T06:29:57","date_gmt":"2026-04-23T09:29:57","guid":{"rendered":"https:\/\/brasilnoticias.org\/site\/?p=21746"},"modified":"2026-04-23T06:29:57","modified_gmt":"2026-04-23T09:29:57","slug":"vitoria-e-derrotado-pelo-flamengo-no-maracana-e-decide-vaga-em-salvador","status":"publish","type":"post","link":"https:\/\/brasilnoticias.org\/site\/vitoria-e-derrotado-pelo-flamengo-no-maracana-e-decide-vaga-em-salvador\/","title":{"rendered":"Vit\u00f3ria \u00e9 derrotado pelo Flamengo no Maracan\u00e3 e decide vaga em Salvador"},"content":{"rendered":"<p data-start=\"187\" data-end=\"363\">O Esporte Clube Vit\u00f3ria foi derrotado por 2 a 1 pelo Clube de Regatas do Flamengo, na noite desta quarta-feira (22), no Maracan\u00e3, pelo jogo de ida da 5\u00aa fase da Copa do Brasil.<\/p>\n<p data-start=\"365\" data-end=\"504\">Apesar de uma atua\u00e7\u00e3o competitiva, o time baiano n\u00e3o conseguiu segurar o advers\u00e1rio e agora ter\u00e1 que buscar a recupera\u00e7\u00e3o no jogo de volta.<\/p>\n<h3 data-section-id=\"dirbz0\" data-start=\"506\" data-end=\"551\">Flamengo sai na frente, mas Vit\u00f3ria reage<\/h3>\n<p data-start=\"553\" data-end=\"673\">O Flamengo abriu o placar ainda no primeiro tempo com Evertton Ara\u00fajo, aproveitando a press\u00e3o inicial da equipe carioca.<\/p>\n<p data-start=\"675\" data-end=\"820\">O Vit\u00f3ria respondeu rapidamente e empatou com Erick, mantendo o equil\u00edbrio da partida antes do intervalo.<\/p>\n<h3 data-section-id=\"a6ampu\" data-start=\"822\" data-end=\"858\">Segundo tempo define o confronto<\/h3>\n<p data-start=\"860\" data-end=\"969\">Na etapa final, o Flamengo voltou melhor e marcou o gol da vit\u00f3ria com Pedro, garantindo a vantagem no duelo.<\/p>\n<p data-start=\"971\" data-end=\"1117\">O time carioca criou mais oportunidades e controlou as a\u00e7\u00f5es ofensivas durante boa parte do segundo tempo.<\/p>\n<h3 data-section-id=\"i853cd\" data-start=\"1119\" data-end=\"1149\">Decis\u00e3o fica para Salvador<\/h3>\n<p data-start=\"1151\" data-end=\"1366\">Com o resultado, o Vit\u00f3ria precisar\u00e1 vencer por dois gols de diferen\u00e7a no Barrad\u00e3o para avan\u00e7ar direto \u00e0s oitavas de final. Caso ven\u00e7a por um gol, a decis\u00e3o ser\u00e1 nos p\u00eanaltis.<\/p>\n<p data-start=\"1368\" data-end=\"1437\">O confronto de volta est\u00e1 marcado para o dia 14 de maio, em Salvador.<\/p>\n<h3 data-section-id=\"1ntaynp\" data-start=\"1439\" data-end=\"1469\">Time segue vivo na disputa<\/h3>\n<p data-start=\"1471\" data-end=\"1581\">Apesar da derrota, o Vit\u00f3ria mostrou capacidade de competir fora de casa e segue com chances de classifica\u00e7\u00e3o.<\/p>\n<p data-start=\"1583\" data-end=\"1674\">A expectativa \u00e9 de casa cheia no jogo decisivo, onde o time tentar\u00e1 reverter a desvantagem.<\/p>\n","protected":false},"excerpt":{"rendered":"<p>O Esporte Clube Vit\u00f3ria foi derrotado por 2 a 1 pelo Clube de Regatas do Flamengo, na noite desta quarta-feira<\/p>\n","protected":false},"author":4,"featured_media":21747,"comment_status":"open","ping_status":"open","sticky":false,"template":"","format":"standard","meta":{"colormag_page_container_layout":"default_layout","colormag_page_sidebar_layout":"default_layout","_FSMCFIC_featured_image_caption":"","_FSMCFIC_featured_image_nocaption":"","_FSMCFIC_featured_image_hide":"","footnotes":""},"categories":[4,1],"tags":[],"class_list":["post-21746","post","type-post","status-publish","format-standard","has-post-thumbnail","hentry","category-esporte","category-ultimas"],"yoast_head":"<!-- This site is optimized with the Yoast SEO plugin v27.1.1 - https:\/\/yoast.com\/product\/yoast-seo-wordpress\/ -->\n<title>Vit\u00f3ria \u00e9 derrotado pelo Flamengo no Maracan\u00e3 e decide vaga em Salvador - Brasil not\u00edcias<\/title>\n<meta name=\"robots\" content=\"index, follow, max-snippet:-1, max-image-preview:large, max-video-preview:-1\" \/>\n<link rel=\"canonical\" href=\"https:\/\/brasilnoticias.org\/site\/vitoria-e-derrotado-pelo-flamengo-no-maracana-e-decide-vaga-em-salvador\/\" \/>\n<meta property=\"og:locale\" content=\"pt_PT\" \/>\n<meta property=\"og:type\" content=\"article\" \/>\n<meta property=\"og:title\" content=\"Vit\u00f3ria \u00e9 derrotado pelo Flamengo no Maracan\u00e3 e decide vaga em Salvador - Brasil not\u00edcias\" \/>\n<meta property=\"og:description\" content=\"O Esporte Clube Vit\u00f3ria foi derrotado por 2 a 1 pelo Clube de Regatas do Flamengo, na noite desta quarta-feira\" \/>\n<meta property=\"og:url\" content=\"https:\/\/brasilnoticias.org\/site\/vitoria-e-derrotado-pelo-flamengo-no-maracana-e-decide-vaga-em-salvador\/\" \/>\n<meta property=\"og:site_name\" content=\"Brasil not\u00edcias\" \/>\n<meta property=\"article:published_time\" content=\"2026-04-23T09:29:57+00:00\" \/>\n<meta property=\"og:image\" content=\"https:\/\/brasilnoticias.org\/site\/wp-content\/uploads\/2026\/04\/181454vitoria-luta-mas-perde-para-o-flamengo-no-maracana-pela-copa-do-brasil-3.jpg\" \/>\n\t<meta property=\"og:image:width\" content=\"1600\" \/>\n\t<meta property=\"og:image:height\" content=\"752\" \/>\n\t<meta property=\"og:image:type\" content=\"image\/jpeg\" \/>\n<meta name=\"author\" content=\"Reda\u00e7\u00e3o\" \/>\n<meta name=\"twitter:card\" content=\"summary_large_image\" \/>\n<meta name=\"twitter:label1\" content=\"Escrito por\" \/>\n\t<meta name=\"twitter:data1\" content=\"Reda\u00e7\u00e3o\" \/>\n\t<meta name=\"twitter:label2\" content=\"Tempo estimado de leitura\" \/>\n\t<meta name=\"twitter:data2\" content=\"2 minutos\" \/>\n<script type=\"application\/ld+json\" class=\"yoast-schema-graph\">{\"@context\":\"https:\/\/schema.org\",\"@graph\":[{\"@type\":\"Article\",\"@id\":\"https:\/\/brasilnoticias.org\/site\/vitoria-e-derrotado-pelo-flamengo-no-maracana-e-decide-vaga-em-salvador\/#article\",\"isPartOf\":{\"@id\":\"https:\/\/brasilnoticias.org\/site\/vitoria-e-derrotado-pelo-flamengo-no-maracana-e-decide-vaga-em-salvador\/\"},\"author\":{\"name\":\"Reda\u00e7\u00e3o\",\"@id\":\"https:\/\/brasilnoticias.org\/site\/#\/schema\/person\/03bbbfe6c7634ad18c26444ea39049fa\"},\"headline\":\"Vit\u00f3ria \u00e9 derrotado pelo Flamengo no Maracan\u00e3 e decide vaga em Salvador\",\"datePublished\":\"2026-04-23T09:29:57+00:00\",\"mainEntityOfPage\":{\"@id\":\"https:\/\/brasilnoticias.org\/site\/vitoria-e-derrotado-pelo-flamengo-no-maracana-e-decide-vaga-em-salvador\/\"},\"wordCount\":258,\"commentCount\":0,\"publisher\":{\"@id\":\"https:\/\/brasilnoticias.org\/site\/#organization\"},\"image\":{\"@id\":\"https:\/\/brasilnoticias.org\/site\/vitoria-e-derrotado-pelo-flamengo-no-maracana-e-decide-vaga-em-salvador\/#primaryimage\"},\"thumbnailUrl\":\"https:\/\/brasilnoticias.org\/site\/wp-content\/uploads\/2026\/04\/181454vitoria-luta-mas-perde-para-o-flamengo-no-maracana-pela-copa-do-brasil-3.jpg\",\"articleSection\":[\"Esporte\",\"\u00daltimas\"],\"inLanguage\":\"pt-PT\",\"potentialAction\":[{\"@type\":\"CommentAction\",\"name\":\"Comment\",\"target\":[\"https:\/\/brasilnoticias.org\/site\/vitoria-e-derrotado-pelo-flamengo-no-maracana-e-decide-vaga-em-salvador\/#respond\"]}]},{\"@type\":\"WebPage\",\"@id\":\"https:\/\/brasilnoticias.org\/site\/vitoria-e-derrotado-pelo-flamengo-no-maracana-e-decide-vaga-em-salvador\/\",\"url\":\"https:\/\/brasilnoticias.org\/site\/vitoria-e-derrotado-pelo-flamengo-no-maracana-e-decide-vaga-em-salvador\/\",\"name\":\"Vit\u00f3ria \u00e9 derrotado pelo Flamengo no Maracan\u00e3 e decide vaga em Salvador - Brasil not\u00edcias\",\"isPartOf\":{\"@id\":\"https:\/\/brasilnoticias.org\/site\/#website\"},\"primaryImageOfPage\":{\"@id\":\"https:\/\/brasilnoticias.org\/site\/vitoria-e-derrotado-pelo-flamengo-no-maracana-e-decide-vaga-em-salvador\/#primaryimage\"},\"image\":{\"@id\":\"https:\/\/brasilnoticias.org\/site\/vitoria-e-derrotado-pelo-flamengo-no-maracana-e-decide-vaga-em-salvador\/#primaryimage\"},\"thumbnailUrl\":\"https:\/\/brasilnoticias.org\/site\/wp-content\/uploads\/2026\/04\/181454vitoria-luta-mas-perde-para-o-flamengo-no-maracana-pela-copa-do-brasil-3.jpg\",\"datePublished\":\"2026-04-23T09:29:57+00:00\",\"breadcrumb\":{\"@id\":\"https:\/\/brasilnoticias.org\/site\/vitoria-e-derrotado-pelo-flamengo-no-maracana-e-decide-vaga-em-salvador\/#breadcrumb\"},\"inLanguage\":\"pt-PT\",\"potentialAction\":[{\"@type\":\"ReadAction\",\"target\":[\"https:\/\/brasilnoticias.org\/site\/vitoria-e-derrotado-pelo-flamengo-no-maracana-e-decide-vaga-em-salvador\/\"]}]},{\"@type\":\"ImageObject\",\"inLanguage\":\"pt-PT\",\"@id\":\"https:\/\/brasilnoticias.org\/site\/vitoria-e-derrotado-pelo-flamengo-no-maracana-e-decide-vaga-em-salvador\/#primaryimage\",\"url\":\"https:\/\/brasilnoticias.org\/site\/wp-content\/uploads\/2026\/04\/181454vitoria-luta-mas-perde-para-o-flamengo-no-maracana-pela-copa-do-brasil-3.jpg\",\"contentUrl\":\"https:\/\/brasilnoticias.org\/site\/wp-content\/uploads\/2026\/04\/181454vitoria-luta-mas-perde-para-o-flamengo-no-maracana-pela-copa-do-brasil-3.jpg\",\"width\":1600,\"height\":752,\"caption\":\"Victor Ferreira\/EC Vit\u00f3ria\"},{\"@type\":\"BreadcrumbList\",\"@id\":\"https:\/\/brasilnoticias.org\/site\/vitoria-e-derrotado-pelo-flamengo-no-maracana-e-decide-vaga-em-salvador\/#breadcrumb\",\"itemListElement\":[{\"@type\":\"ListItem\",\"position\":1,\"name\":\"In\u00edcio\",\"item\":\"https:\/\/brasilnoticias.org\/site\/\"},{\"@type\":\"ListItem\",\"position\":2,\"name\":\"Vit\u00f3ria \u00e9 derrotado pelo Flamengo no Maracan\u00e3 e decide vaga em Salvador\"}]},{\"@type\":\"WebSite\",\"@id\":\"https:\/\/brasilnoticias.org\/site\/#website\",\"url\":\"https:\/\/brasilnoticias.org\/site\/\",\"name\":\"Brasil not\u00edcias\",\"description\":\"Brasil not\u00edcias\",\"publisher\":{\"@id\":\"https:\/\/brasilnoticias.org\/site\/#organization\"},\"potentialAction\":[{\"@type\":\"SearchAction\",\"target\":{\"@type\":\"EntryPoint\",\"urlTemplate\":\"https:\/\/brasilnoticias.org\/site\/?s={search_term_string}\"},\"query-input\":{\"@type\":\"PropertyValueSpecification\",\"valueRequired\":true,\"valueName\":\"search_term_string\"}}],\"inLanguage\":\"pt-PT\"},{\"@type\":\"Organization\",\"@id\":\"https:\/\/brasilnoticias.org\/site\/#organization\",\"name\":\"Brasil not\u00edcias\",\"url\":\"https:\/\/brasilnoticias.org\/site\/\",\"logo\":{\"@type\":\"ImageObject\",\"inLanguage\":\"pt-PT\",\"@id\":\"https:\/\/brasilnoticias.org\/site\/#\/schema\/logo\/image\/\",\"url\":\"https:\/\/brasilnoticias.org\/site\/wp-content\/uploads\/2022\/05\/cropped-brasilnoticias-mini.jpg\",\"contentUrl\":\"https:\/\/brasilnoticias.org\/site\/wp-content\/uploads\/2022\/05\/cropped-brasilnoticias-mini.jpg\",\"width\":314,\"height\":86,\"caption\":\"Brasil not\u00edcias\"},\"image\":{\"@id\":\"https:\/\/brasilnoticias.org\/site\/#\/schema\/logo\/image\/\"}},{\"@type\":\"Person\",\"@id\":\"https:\/\/brasilnoticias.org\/site\/#\/schema\/person\/03bbbfe6c7634ad18c26444ea39049fa\",\"name\":\"Reda\u00e7\u00e3o\",\"image\":{\"@type\":\"ImageObject\",\"inLanguage\":\"pt-PT\",\"@id\":\"https:\/\/brasilnoticias.org\/site\/#\/schema\/person\/image\/\",\"url\":\"https:\/\/secure.gravatar.com\/avatar\/9ecaf7327a696cb23ad926fedded5f1f04d7049de9e445375d55b48c001a6e42?s=96&d=mm&r=g\",\"contentUrl\":\"https:\/\/secure.gravatar.com\/avatar\/9ecaf7327a696cb23ad926fedded5f1f04d7049de9e445375d55b48c001a6e42?s=96&d=mm&r=g\",\"caption\":\"Reda\u00e7\u00e3o\"},\"url\":\"https:\/\/brasilnoticias.org\/site\/author\/henrique\/\"}]}<\/script>\n<!-- \/ Yoast SEO plugin. -->","yoast_head_json":{"title":"Vit\u00f3ria \u00e9 derrotado pelo Flamengo no Maracan\u00e3 e decide vaga em Salvador - Brasil not\u00edcias","robots":{"index":"index","follow":"follow","max-snippet":"max-snippet:-1","max-image-preview":"max-image-preview:large","max-video-preview":"max-video-preview:-1"},"canonical":"https:\/\/brasilnoticias.org\/site\/vitoria-e-derrotado-pelo-flamengo-no-maracana-e-decide-vaga-em-salvador\/","og_locale":"pt_PT","og_type":"article","og_title":"Vit\u00f3ria \u00e9 derrotado pelo Flamengo no Maracan\u00e3 e decide vaga em Salvador - Brasil not\u00edcias","og_description":"O Esporte Clube Vit\u00f3ria foi derrotado por 2 a 1 pelo Clube de Regatas do Flamengo, na noite desta quarta-feira","og_url":"https:\/\/brasilnoticias.org\/site\/vitoria-e-derrotado-pelo-flamengo-no-maracana-e-decide-vaga-em-salvador\/","og_site_name":"Brasil not\u00edcias","article_published_time":"2026-04-23T09:29:57+00:00","og_image":[{"width":1600,"height":752,"url":"https:\/\/brasilnoticias.org\/site\/wp-content\/uploads\/2026\/04\/181454vitoria-luta-mas-perde-para-o-flamengo-no-maracana-pela-copa-do-brasil-3.jpg","type":"image\/jpeg"}],"author":"Reda\u00e7\u00e3o","twitter_card":"summary_large_image","twitter_misc":{"Escrito por":"Reda\u00e7\u00e3o","Tempo estimado de leitura":"2 minutos"},"schema":{"@context":"https:\/\/schema.org","@graph":[{"@type":"Article","@id":"https:\/\/brasilnoticias.org\/site\/vitoria-e-derrotado-pelo-flamengo-no-maracana-e-decide-vaga-em-salvador\/#article","isPartOf":{"@id":"https:\/\/brasilnoticias.org\/site\/vitoria-e-derrotado-pelo-flamengo-no-maracana-e-decide-vaga-em-salvador\/"},"author":{"name":"Reda\u00e7\u00e3o","@id":"https:\/\/brasilnoticias.org\/site\/#\/schema\/person\/03bbbfe6c7634ad18c26444ea39049fa"},"headline":"Vit\u00f3ria \u00e9 derrotado pelo Flamengo no Maracan\u00e3 e decide vaga em Salvador","datePublished":"2026-04-23T09:29:57+00:00","mainEntityOfPage":{"@id":"https:\/\/brasilnoticias.org\/site\/vitoria-e-derrotado-pelo-flamengo-no-maracana-e-decide-vaga-em-salvador\/"},"wordCount":258,"commentCount":0,"publisher":{"@id":"https:\/\/brasilnoticias.org\/site\/#organization"},"image":{"@id":"https:\/\/brasilnoticias.org\/site\/vitoria-e-derrotado-pelo-flamengo-no-maracana-e-decide-vaga-em-salvador\/#primaryimage"},"thumbnailUrl":"https:\/\/brasilnoticias.org\/site\/wp-content\/uploads\/2026\/04\/181454vitoria-luta-mas-perde-para-o-flamengo-no-maracana-pela-copa-do-brasil-3.jpg","articleSection":["Esporte","\u00daltimas"],"inLanguage":"pt-PT","potentialAction":[{"@type":"CommentAction","name":"Comment","target":["https:\/\/brasilnoticias.org\/site\/vitoria-e-derrotado-pelo-flamengo-no-maracana-e-decide-vaga-em-salvador\/#respond"]}]},{"@type":"WebPage","@id":"https:\/\/brasilnoticias.org\/site\/vitoria-e-derrotado-pelo-flamengo-no-maracana-e-decide-vaga-em-salvador\/","url":"https:\/\/brasilnoticias.org\/site\/vitoria-e-derrotado-pelo-flamengo-no-maracana-e-decide-vaga-em-salvador\/","name":"Vit\u00f3ria \u00e9 derrotado pelo Flamengo no Maracan\u00e3 e decide vaga em Salvador - Brasil not\u00edcias","isPartOf":{"@id":"https:\/\/brasilnoticias.org\/site\/#website"},"primaryImageOfPage":{"@id":"https:\/\/brasilnoticias.org\/site\/vitoria-e-derrotado-pelo-flamengo-no-maracana-e-decide-vaga-em-salvador\/#primaryimage"},"image":{"@id":"https:\/\/brasilnoticias.org\/site\/vitoria-e-derrotado-pelo-flamengo-no-maracana-e-decide-vaga-em-salvador\/#primaryimage"},"thumbnailUrl":"https:\/\/brasilnoticias.org\/site\/wp-content\/uploads\/2026\/04\/181454vitoria-luta-mas-perde-para-o-flamengo-no-maracana-pela-copa-do-brasil-3.jpg","datePublished":"2026-04-23T09:29:57+00:00","breadcrumb":{"@id":"https:\/\/brasilnoticias.org\/site\/vitoria-e-derrotado-pelo-flamengo-no-maracana-e-decide-vaga-em-salvador\/#breadcrumb"},"inLanguage":"pt-PT","potentialAction":[{"@type":"ReadAction","target":["https:\/\/brasilnoticias.org\/site\/vitoria-e-derrotado-pelo-flamengo-no-maracana-e-decide-vaga-em-salvador\/"]}]},{"@type":"ImageObject","inLanguage":"pt-PT","@id":"https:\/\/brasilnoticias.org\/site\/vitoria-e-derrotado-pelo-flamengo-no-maracana-e-decide-vaga-em-salvador\/#primaryimage","url":"https:\/\/brasilnoticias.org\/site\/wp-content\/uploads\/2026\/04\/181454vitoria-luta-mas-perde-para-o-flamengo-no-maracana-pela-copa-do-brasil-3.jpg","contentUrl":"https:\/\/brasilnoticias.org\/site\/wp-content\/uploads\/2026\/04\/181454vitoria-luta-mas-perde-para-o-flamengo-no-maracana-pela-copa-do-brasil-3.jpg","width":1600,"height":752,"caption":"Victor Ferreira\/EC Vit\u00f3ria"},{"@type":"BreadcrumbList","@id":"https:\/\/brasilnoticias.org\/site\/vitoria-e-derrotado-pelo-flamengo-no-maracana-e-decide-vaga-em-salvador\/#breadcrumb","itemListElement":[{"@type":"ListItem","position":1,"name":"In\u00edcio","item":"https:\/\/brasilnoticias.org\/site\/"},{"@type":"ListItem","position":2,"name":"Vit\u00f3ria \u00e9 derrotado pelo Flamengo no Maracan\u00e3 e decide vaga em Salvador"}]},{"@type":"WebSite","@id":"https:\/\/brasilnoticias.org\/site\/#website","url":"https:\/\/brasilnoticias.org\/site\/","name":"Brasil not\u00edcias","description":"Brasil not\u00edcias","publisher":{"@id":"https:\/\/brasilnoticias.org\/site\/#organization"},"potentialAction":[{"@type":"SearchAction","target":{"@type":"EntryPoint","urlTemplate":"https:\/\/brasilnoticias.org\/site\/?s={search_term_string}"},"query-input":{"@type":"PropertyValueSpecification","valueRequired":true,"valueName":"search_term_string"}}],"inLanguage":"pt-PT"},{"@type":"Organization","@id":"https:\/\/brasilnoticias.org\/site\/#organization","name":"Brasil not\u00edcias","url":"https:\/\/brasilnoticias.org\/site\/","logo":{"@type":"ImageObject","inLanguage":"pt-PT","@id":"https:\/\/brasilnoticias.org\/site\/#\/schema\/logo\/image\/","url":"https:\/\/brasilnoticias.org\/site\/wp-content\/uploads\/2022\/05\/cropped-brasilnoticias-mini.jpg","contentUrl":"https:\/\/brasilnoticias.org\/site\/wp-content\/uploads\/2022\/05\/cropped-brasilnoticias-mini.jpg","width":314,"height":86,"caption":"Brasil not\u00edcias"},"image":{"@id":"https:\/\/brasilnoticias.org\/site\/#\/schema\/logo\/image\/"}},{"@type":"Person","@id":"https:\/\/brasilnoticias.org\/site\/#\/schema\/person\/03bbbfe6c7634ad18c26444ea39049fa","name":"Reda\u00e7\u00e3o","image":{"@type":"ImageObject","inLanguage":"pt-PT","@id":"https:\/\/brasilnoticias.org\/site\/#\/schema\/person\/image\/","url":"https:\/\/secure.gravatar.com\/avatar\/9ecaf7327a696cb23ad926fedded5f1f04d7049de9e445375d55b48c001a6e42?s=96&d=mm&r=g","contentUrl":"https:\/\/secure.gravatar.com\/avatar\/9ecaf7327a696cb23ad926fedded5f1f04d7049de9e445375d55b48c001a6e42?s=96&d=mm&r=g","caption":"Reda\u00e7\u00e3o"},"url":"https:\/\/brasilnoticias.org\/site\/author\/henrique\/"}]}},"_links":{"self":[{"href":"https:\/\/brasilnoticias.org\/site\/wp-json\/wp\/v2\/posts\/21746","targetHints":{"allow":["GET"]}}],"collection":[{"href":"https:\/\/brasilnoticias.org\/site\/wp-json\/wp\/v2\/posts"}],"about":[{"href":"https:\/\/brasilnoticias.org\/site\/wp-json\/wp\/v2\/types\/post"}],"author":[{"embeddable":true,"href":"https:\/\/brasilnoticias.org\/site\/wp-json\/wp\/v2\/users\/4"}],"replies":[{"embeddable":true,"href":"https:\/\/brasilnoticias.org\/site\/wp-json\/wp\/v2\/comments?post=21746"}],"version-history":[{"count":1,"href":"https:\/\/brasilnoticias.org\/site\/wp-json\/wp\/v2\/posts\/21746\/revisions"}],"predecessor-version":[{"id":21748,"href":"https:\/\/brasilnoticias.org\/site\/wp-json\/wp\/v2\/posts\/21746\/revisions\/21748"}],"wp:featuredmedia":[{"embeddable":true,"href":"https:\/\/brasilnoticias.org\/site\/wp-json\/wp\/v2\/media\/21747"}],"wp:attachment":[{"href":"https:\/\/brasilnoticias.org\/site\/wp-json\/wp\/v2\/media?parent=21746"}],"wp:term":[{"taxonomy":"category","embeddable":true,"href":"https:\/\/brasilnoticias.org\/site\/wp-json\/wp\/v2\/categories?post=21746"},{"taxonomy":"post_tag","embeddable":true,"href":"https:\/\/brasilnoticias.org\/site\/wp-json\/wp\/v2\/tags?post=21746"}],"curies":[{"name":"wp","href":"https:\/\/api.w.org\/{rel}","templated":true}]}}