{"id":21749,"date":"2026-04-23T06:40:27","date_gmt":"2026-04-23T09:40:27","guid":{"rendered":"https:\/\/brasilnoticias.org\/site\/?p=21749"},"modified":"2026-04-23T06:40:27","modified_gmt":"2026-04-23T09:40:27","slug":"lula-defende-reciprocidade-e-critica-atitude-dos-eua-em-caso-envolvendo-policia-federal","status":"publish","type":"post","link":"https:\/\/brasilnoticias.org\/site\/lula-defende-reciprocidade-e-critica-atitude-dos-eua-em-caso-envolvendo-policia-federal\/","title":{"rendered":"Lula defende reciprocidade e critica atitude dos EUA em caso envolvendo Pol\u00edcia Federal"},"content":{"rendered":"<p data-start=\"180\" data-end=\"359\"><span data-sfc-cp=\"\" data-sfc-root=\"c\" data-sfc-cb=\"\" data-processed=\"true\">De acordo com Ag\u00eancia Brasil.\u00a0<\/span>O presidente <span class=\"hover:entity-accent entity-underline inline cursor-pointer align-baseline\"><span class=\"whitespace-normal\">Luiz In\u00e1cio Lula da Silva<\/span><\/span> afirmou que o Brasil adotar\u00e1 o princ\u00edpio da reciprocidade ap\u00f3s medidas tomadas pelos Estados Unidos contra um agente brasileiro.<\/p>\n<p data-start=\"361\" data-end=\"528\">A declara\u00e7\u00e3o foi feita nesta quarta-feira (22), ao comentar a decis\u00e3o da Pol\u00edcia Federal de retirar as credenciais de um agente norte-americano que atuava em Bras\u00edlia.<\/p>\n<h3 data-section-id=\"80ni11\" data-start=\"530\" data-end=\"573\">\u201cFizeram conosco, vamos fazer com eles\u201d<\/h3>\n<p data-start=\"575\" data-end=\"664\">Durante a fala, Lula justificou a a\u00e7\u00e3o brasileira como resposta direta \u00e0 postura dos EUA.<\/p>\n<blockquote data-start=\"666\" data-end=\"833\">\n<p data-start=\"668\" data-end=\"833\">\u201cEles fizeram conosco, a gente vai fazer com eles\u201d, afirmou o presidente, ao defender tratamento equivalente entre os pa\u00edses.<\/p>\n<\/blockquote>\n<p data-start=\"835\" data-end=\"947\">Segundo ele, a medida busca restabelecer equil\u00edbrio nas rela\u00e7\u00f5es e incentivar a retomada do di\u00e1logo diplom\u00e1tico.<\/p>\n<h3 data-section-id=\"bbj3wm\" data-start=\"949\" data-end=\"967\">Entenda o caso<\/h3>\n<p data-start=\"969\" data-end=\"1118\">A decis\u00e3o do governo brasileiro ocorreu ap\u00f3s autoridades dos Estados Unidos solicitarem a sa\u00edda de um delegado da Pol\u00edcia Federal que atuava no pa\u00eds.<\/p>\n<p data-start=\"1120\" data-end=\"1301\">O agente brasileiro participava de a\u00e7\u00f5es de coopera\u00e7\u00e3o internacional na \u00e1rea de seguran\u00e7a, com base em acordos firmados entre os dois pa\u00edses.<\/p>\n<p data-start=\"1303\" data-end=\"1412\">Como resposta, o Brasil retirou as credenciais do agente norte-americano que trabalhava em instala\u00e7\u00f5es da PF.<\/p>\n<h3 data-section-id=\"1v4yl87\" data-start=\"1414\" data-end=\"1445\">Rela\u00e7\u00e3o bilateral em tens\u00e3o<\/h3>\n<p data-start=\"1447\" data-end=\"1587\">O epis\u00f3dio evidencia um momento de atrito diplom\u00e1tico entre Brasil e Estados Unidos, apesar da longa rela\u00e7\u00e3o hist\u00f3rica entre as duas na\u00e7\u00f5es.<\/p>\n<p data-start=\"1589\" data-end=\"1782\">Em nota, o governo brasileiro criticou a forma como a decis\u00e3o americana foi conduzida, afirmando que a medida n\u00e3o seguiu pr\u00e1ticas diplom\u00e1ticas adequadas.<\/p>\n<h3 data-section-id=\"11q6lmo\" data-start=\"1784\" data-end=\"1810\">Sinaliza\u00e7\u00e3o de di\u00e1logo<\/h3>\n<p data-start=\"1812\" data-end=\"1921\">Apesar do tom firme, Lula indicou que o objetivo n\u00e3o \u00e9 ampliar o conflito, mas abrir espa\u00e7o para negocia\u00e7\u00f5es.<\/p>\n<p data-start=\"1923\" data-end=\"2045\">Segundo o presidente, a expectativa \u00e9 que os dois pa\u00edses possam retomar o di\u00e1logo e normalizar a coopera\u00e7\u00e3o institucional.<\/p>\n","protected":false},"excerpt":{"rendered":"<p>De acordo com Ag\u00eancia Brasil.\u00a0O presidente Luiz In\u00e1cio Lula da Silva afirmou que o Brasil adotar\u00e1 o princ\u00edpio da reciprocidade<\/p>\n","protected":false},"author":4,"featured_media":21750,"comment_status":"open","ping_status":"open","sticky":false,"template":"","format":"standard","meta":{"colormag_page_container_layout":"default_layout","colormag_page_sidebar_layout":"default_layout","_FSMCFIC_featured_image_caption":"","_FSMCFIC_featured_image_nocaption":"","_FSMCFIC_featured_image_hide":"","footnotes":""},"categories":[5,1],"tags":[],"class_list":["post-21749","post","type-post","status-publish","format-standard","has-post-thumbnail","hentry","category-politica","category-ultimas"],"yoast_head":"<!-- This site is optimized with the Yoast SEO plugin v27.1.1 - https:\/\/yoast.com\/product\/yoast-seo-wordpress\/ -->\n<title>Lula defende reciprocidade e critica atitude dos EUA em caso envolvendo Pol\u00edcia Federal - Brasil not\u00edcias<\/title>\n<meta name=\"robots\" content=\"index, follow, max-snippet:-1, max-image-preview:large, max-video-preview:-1\" \/>\n<link rel=\"canonical\" href=\"https:\/\/brasilnoticias.org\/site\/lula-defende-reciprocidade-e-critica-atitude-dos-eua-em-caso-envolvendo-policia-federal\/\" \/>\n<meta property=\"og:locale\" content=\"pt_PT\" \/>\n<meta property=\"og:type\" content=\"article\" \/>\n<meta property=\"og:title\" content=\"Lula defende reciprocidade e critica atitude dos EUA em caso envolvendo Pol\u00edcia Federal - Brasil not\u00edcias\" \/>\n<meta property=\"og:description\" content=\"De acordo com Ag\u00eancia Brasil.\u00a0O presidente Luiz In\u00e1cio Lula da Silva afirmou que o Brasil adotar\u00e1 o princ\u00edpio da reciprocidade\" \/>\n<meta property=\"og:url\" content=\"https:\/\/brasilnoticias.org\/site\/lula-defende-reciprocidade-e-critica-atitude-dos-eua-em-caso-envolvendo-policia-federal\/\" \/>\n<meta property=\"og:site_name\" content=\"Brasil not\u00edcias\" \/>\n<meta property=\"article:published_time\" content=\"2026-04-23T09:40:27+00:00\" \/>\n<meta property=\"og:image\" content=\"https:\/\/brasilnoticias.org\/site\/wp-content\/uploads\/2026\/04\/55207793165_196a4f9413_o.webp\" \/>\n\t<meta property=\"og:image:width\" content=\"1170\" \/>\n\t<meta property=\"og:image:height\" content=\"700\" \/>\n\t<meta property=\"og:image:type\" content=\"image\/webp\" \/>\n<meta name=\"author\" content=\"Reda\u00e7\u00e3o\" \/>\n<meta name=\"twitter:card\" content=\"summary_large_image\" \/>\n<meta name=\"twitter:label1\" content=\"Escrito por\" \/>\n\t<meta name=\"twitter:data1\" content=\"Reda\u00e7\u00e3o\" \/>\n\t<meta name=\"twitter:label2\" content=\"Tempo estimado de leitura\" \/>\n\t<meta name=\"twitter:data2\" content=\"2 minutos\" \/>\n<script type=\"application\/ld+json\" class=\"yoast-schema-graph\">{\"@context\":\"https:\/\/schema.org\",\"@graph\":[{\"@type\":\"Article\",\"@id\":\"https:\/\/brasilnoticias.org\/site\/lula-defende-reciprocidade-e-critica-atitude-dos-eua-em-caso-envolvendo-policia-federal\/#article\",\"isPartOf\":{\"@id\":\"https:\/\/brasilnoticias.org\/site\/lula-defende-reciprocidade-e-critica-atitude-dos-eua-em-caso-envolvendo-policia-federal\/\"},\"author\":{\"name\":\"Reda\u00e7\u00e3o\",\"@id\":\"https:\/\/brasilnoticias.org\/site\/#\/schema\/person\/03bbbfe6c7634ad18c26444ea39049fa\"},\"headline\":\"Lula defende reciprocidade e critica atitude dos EUA em caso envolvendo Pol\u00edcia Federal\",\"datePublished\":\"2026-04-23T09:40:27+00:00\",\"mainEntityOfPage\":{\"@id\":\"https:\/\/brasilnoticias.org\/site\/lula-defende-reciprocidade-e-critica-atitude-dos-eua-em-caso-envolvendo-policia-federal\/\"},\"wordCount\":321,\"commentCount\":0,\"publisher\":{\"@id\":\"https:\/\/brasilnoticias.org\/site\/#organization\"},\"image\":{\"@id\":\"https:\/\/brasilnoticias.org\/site\/lula-defende-reciprocidade-e-critica-atitude-dos-eua-em-caso-envolvendo-policia-federal\/#primaryimage\"},\"thumbnailUrl\":\"https:\/\/brasilnoticias.org\/site\/wp-content\/uploads\/2026\/04\/55207793165_196a4f9413_o.webp\",\"articleSection\":[\"Pol\u00edtica\",\"\u00daltimas\"],\"inLanguage\":\"pt-PT\",\"potentialAction\":[{\"@type\":\"CommentAction\",\"name\":\"Comment\",\"target\":[\"https:\/\/brasilnoticias.org\/site\/lula-defende-reciprocidade-e-critica-atitude-dos-eua-em-caso-envolvendo-policia-federal\/#respond\"]}]},{\"@type\":\"WebPage\",\"@id\":\"https:\/\/brasilnoticias.org\/site\/lula-defende-reciprocidade-e-critica-atitude-dos-eua-em-caso-envolvendo-policia-federal\/\",\"url\":\"https:\/\/brasilnoticias.org\/site\/lula-defende-reciprocidade-e-critica-atitude-dos-eua-em-caso-envolvendo-policia-federal\/\",\"name\":\"Lula defende reciprocidade e critica atitude dos EUA em caso envolvendo Pol\u00edcia Federal - Brasil not\u00edcias\",\"isPartOf\":{\"@id\":\"https:\/\/brasilnoticias.org\/site\/#website\"},\"primaryImageOfPage\":{\"@id\":\"https:\/\/brasilnoticias.org\/site\/lula-defende-reciprocidade-e-critica-atitude-dos-eua-em-caso-envolvendo-policia-federal\/#primaryimage\"},\"image\":{\"@id\":\"https:\/\/brasilnoticias.org\/site\/lula-defende-reciprocidade-e-critica-atitude-dos-eua-em-caso-envolvendo-policia-federal\/#primaryimage\"},\"thumbnailUrl\":\"https:\/\/brasilnoticias.org\/site\/wp-content\/uploads\/2026\/04\/55207793165_196a4f9413_o.webp\",\"datePublished\":\"2026-04-23T09:40:27+00:00\",\"breadcrumb\":{\"@id\":\"https:\/\/brasilnoticias.org\/site\/lula-defende-reciprocidade-e-critica-atitude-dos-eua-em-caso-envolvendo-policia-federal\/#breadcrumb\"},\"inLanguage\":\"pt-PT\",\"potentialAction\":[{\"@type\":\"ReadAction\",\"target\":[\"https:\/\/brasilnoticias.org\/site\/lula-defende-reciprocidade-e-critica-atitude-dos-eua-em-caso-envolvendo-policia-federal\/\"]}]},{\"@type\":\"ImageObject\",\"inLanguage\":\"pt-PT\",\"@id\":\"https:\/\/brasilnoticias.org\/site\/lula-defende-reciprocidade-e-critica-atitude-dos-eua-em-caso-envolvendo-policia-federal\/#primaryimage\",\"url\":\"https:\/\/brasilnoticias.org\/site\/wp-content\/uploads\/2026\/04\/55207793165_196a4f9413_o.webp\",\"contentUrl\":\"https:\/\/brasilnoticias.org\/site\/wp-content\/uploads\/2026\/04\/55207793165_196a4f9413_o.webp\",\"width\":1170,\"height\":700,\"caption\":\"Ricardo Stuckert\/PR\"},{\"@type\":\"BreadcrumbList\",\"@id\":\"https:\/\/brasilnoticias.org\/site\/lula-defende-reciprocidade-e-critica-atitude-dos-eua-em-caso-envolvendo-policia-federal\/#breadcrumb\",\"itemListElement\":[{\"@type\":\"ListItem\",\"position\":1,\"name\":\"In\u00edcio\",\"item\":\"https:\/\/brasilnoticias.org\/site\/\"},{\"@type\":\"ListItem\",\"position\":2,\"name\":\"Lula defende reciprocidade e critica atitude dos EUA em caso envolvendo Pol\u00edcia Federal\"}]},{\"@type\":\"WebSite\",\"@id\":\"https:\/\/brasilnoticias.org\/site\/#website\",\"url\":\"https:\/\/brasilnoticias.org\/site\/\",\"name\":\"Brasil not\u00edcias\",\"description\":\"Brasil not\u00edcias\",\"publisher\":{\"@id\":\"https:\/\/brasilnoticias.org\/site\/#organization\"},\"potentialAction\":[{\"@type\":\"SearchAction\",\"target\":{\"@type\":\"EntryPoint\",\"urlTemplate\":\"https:\/\/brasilnoticias.org\/site\/?s={search_term_string}\"},\"query-input\":{\"@type\":\"PropertyValueSpecification\",\"valueRequired\":true,\"valueName\":\"search_term_string\"}}],\"inLanguage\":\"pt-PT\"},{\"@type\":\"Organization\",\"@id\":\"https:\/\/brasilnoticias.org\/site\/#organization\",\"name\":\"Brasil not\u00edcias\",\"url\":\"https:\/\/brasilnoticias.org\/site\/\",\"logo\":{\"@type\":\"ImageObject\",\"inLanguage\":\"pt-PT\",\"@id\":\"https:\/\/brasilnoticias.org\/site\/#\/schema\/logo\/image\/\",\"url\":\"https:\/\/brasilnoticias.org\/site\/wp-content\/uploads\/2022\/05\/cropped-brasilnoticias-mini.jpg\",\"contentUrl\":\"https:\/\/brasilnoticias.org\/site\/wp-content\/uploads\/2022\/05\/cropped-brasilnoticias-mini.jpg\",\"width\":314,\"height\":86,\"caption\":\"Brasil not\u00edcias\"},\"image\":{\"@id\":\"https:\/\/brasilnoticias.org\/site\/#\/schema\/logo\/image\/\"}},{\"@type\":\"Person\",\"@id\":\"https:\/\/brasilnoticias.org\/site\/#\/schema\/person\/03bbbfe6c7634ad18c26444ea39049fa\",\"name\":\"Reda\u00e7\u00e3o\",\"image\":{\"@type\":\"ImageObject\",\"inLanguage\":\"pt-PT\",\"@id\":\"https:\/\/brasilnoticias.org\/site\/#\/schema\/person\/image\/\",\"url\":\"https:\/\/secure.gravatar.com\/avatar\/9ecaf7327a696cb23ad926fedded5f1f04d7049de9e445375d55b48c001a6e42?s=96&d=mm&r=g\",\"contentUrl\":\"https:\/\/secure.gravatar.com\/avatar\/9ecaf7327a696cb23ad926fedded5f1f04d7049de9e445375d55b48c001a6e42?s=96&d=mm&r=g\",\"caption\":\"Reda\u00e7\u00e3o\"},\"url\":\"https:\/\/brasilnoticias.org\/site\/author\/henrique\/\"}]}<\/script>\n<!-- \/ Yoast SEO plugin. -->","yoast_head_json":{"title":"Lula defende reciprocidade e critica atitude dos EUA em caso envolvendo Pol\u00edcia Federal - Brasil not\u00edcias","robots":{"index":"index","follow":"follow","max-snippet":"max-snippet:-1","max-image-preview":"max-image-preview:large","max-video-preview":"max-video-preview:-1"},"canonical":"https:\/\/brasilnoticias.org\/site\/lula-defende-reciprocidade-e-critica-atitude-dos-eua-em-caso-envolvendo-policia-federal\/","og_locale":"pt_PT","og_type":"article","og_title":"Lula defende reciprocidade e critica atitude dos EUA em caso envolvendo Pol\u00edcia Federal - Brasil not\u00edcias","og_description":"De acordo com Ag\u00eancia Brasil.\u00a0O presidente Luiz In\u00e1cio Lula da Silva afirmou que o Brasil adotar\u00e1 o princ\u00edpio da reciprocidade","og_url":"https:\/\/brasilnoticias.org\/site\/lula-defende-reciprocidade-e-critica-atitude-dos-eua-em-caso-envolvendo-policia-federal\/","og_site_name":"Brasil not\u00edcias","article_published_time":"2026-04-23T09:40:27+00:00","og_image":[{"width":1170,"height":700,"url":"https:\/\/brasilnoticias.org\/site\/wp-content\/uploads\/2026\/04\/55207793165_196a4f9413_o.webp","type":"image\/webp"}],"author":"Reda\u00e7\u00e3o","twitter_card":"summary_large_image","twitter_misc":{"Escrito por":"Reda\u00e7\u00e3o","Tempo estimado de leitura":"2 minutos"},"schema":{"@context":"https:\/\/schema.org","@graph":[{"@type":"Article","@id":"https:\/\/brasilnoticias.org\/site\/lula-defende-reciprocidade-e-critica-atitude-dos-eua-em-caso-envolvendo-policia-federal\/#article","isPartOf":{"@id":"https:\/\/brasilnoticias.org\/site\/lula-defende-reciprocidade-e-critica-atitude-dos-eua-em-caso-envolvendo-policia-federal\/"},"author":{"name":"Reda\u00e7\u00e3o","@id":"https:\/\/brasilnoticias.org\/site\/#\/schema\/person\/03bbbfe6c7634ad18c26444ea39049fa"},"headline":"Lula defende reciprocidade e critica atitude dos EUA em caso envolvendo Pol\u00edcia Federal","datePublished":"2026-04-23T09:40:27+00:00","mainEntityOfPage":{"@id":"https:\/\/brasilnoticias.org\/site\/lula-defende-reciprocidade-e-critica-atitude-dos-eua-em-caso-envolvendo-policia-federal\/"},"wordCount":321,"commentCount":0,"publisher":{"@id":"https:\/\/brasilnoticias.org\/site\/#organization"},"image":{"@id":"https:\/\/brasilnoticias.org\/site\/lula-defende-reciprocidade-e-critica-atitude-dos-eua-em-caso-envolvendo-policia-federal\/#primaryimage"},"thumbnailUrl":"https:\/\/brasilnoticias.org\/site\/wp-content\/uploads\/2026\/04\/55207793165_196a4f9413_o.webp","articleSection":["Pol\u00edtica","\u00daltimas"],"inLanguage":"pt-PT","potentialAction":[{"@type":"CommentAction","name":"Comment","target":["https:\/\/brasilnoticias.org\/site\/lula-defende-reciprocidade-e-critica-atitude-dos-eua-em-caso-envolvendo-policia-federal\/#respond"]}]},{"@type":"WebPage","@id":"https:\/\/brasilnoticias.org\/site\/lula-defende-reciprocidade-e-critica-atitude-dos-eua-em-caso-envolvendo-policia-federal\/","url":"https:\/\/brasilnoticias.org\/site\/lula-defende-reciprocidade-e-critica-atitude-dos-eua-em-caso-envolvendo-policia-federal\/","name":"Lula defende reciprocidade e critica atitude dos EUA em caso envolvendo Pol\u00edcia Federal - Brasil not\u00edcias","isPartOf":{"@id":"https:\/\/brasilnoticias.org\/site\/#website"},"primaryImageOfPage":{"@id":"https:\/\/brasilnoticias.org\/site\/lula-defende-reciprocidade-e-critica-atitude-dos-eua-em-caso-envolvendo-policia-federal\/#primaryimage"},"image":{"@id":"https:\/\/brasilnoticias.org\/site\/lula-defende-reciprocidade-e-critica-atitude-dos-eua-em-caso-envolvendo-policia-federal\/#primaryimage"},"thumbnailUrl":"https:\/\/brasilnoticias.org\/site\/wp-content\/uploads\/2026\/04\/55207793165_196a4f9413_o.webp","datePublished":"2026-04-23T09:40:27+00:00","breadcrumb":{"@id":"https:\/\/brasilnoticias.org\/site\/lula-defende-reciprocidade-e-critica-atitude-dos-eua-em-caso-envolvendo-policia-federal\/#breadcrumb"},"inLanguage":"pt-PT","potentialAction":[{"@type":"ReadAction","target":["https:\/\/brasilnoticias.org\/site\/lula-defende-reciprocidade-e-critica-atitude-dos-eua-em-caso-envolvendo-policia-federal\/"]}]},{"@type":"ImageObject","inLanguage":"pt-PT","@id":"https:\/\/brasilnoticias.org\/site\/lula-defende-reciprocidade-e-critica-atitude-dos-eua-em-caso-envolvendo-policia-federal\/#primaryimage","url":"https:\/\/brasilnoticias.org\/site\/wp-content\/uploads\/2026\/04\/55207793165_196a4f9413_o.webp","contentUrl":"https:\/\/brasilnoticias.org\/site\/wp-content\/uploads\/2026\/04\/55207793165_196a4f9413_o.webp","width":1170,"height":700,"caption":"Ricardo Stuckert\/PR"},{"@type":"BreadcrumbList","@id":"https:\/\/brasilnoticias.org\/site\/lula-defende-reciprocidade-e-critica-atitude-dos-eua-em-caso-envolvendo-policia-federal\/#breadcrumb","itemListElement":[{"@type":"ListItem","position":1,"name":"In\u00edcio","item":"https:\/\/brasilnoticias.org\/site\/"},{"@type":"ListItem","position":2,"name":"Lula defende reciprocidade e critica atitude dos EUA em caso envolvendo Pol\u00edcia Federal"}]},{"@type":"WebSite","@id":"https:\/\/brasilnoticias.org\/site\/#website","url":"https:\/\/brasilnoticias.org\/site\/","name":"Brasil not\u00edcias","description":"Brasil not\u00edcias","publisher":{"@id":"https:\/\/brasilnoticias.org\/site\/#organization"},"potentialAction":[{"@type":"SearchAction","target":{"@type":"EntryPoint","urlTemplate":"https:\/\/brasilnoticias.org\/site\/?s={search_term_string}"},"query-input":{"@type":"PropertyValueSpecification","valueRequired":true,"valueName":"search_term_string"}}],"inLanguage":"pt-PT"},{"@type":"Organization","@id":"https:\/\/brasilnoticias.org\/site\/#organization","name":"Brasil not\u00edcias","url":"https:\/\/brasilnoticias.org\/site\/","logo":{"@type":"ImageObject","inLanguage":"pt-PT","@id":"https:\/\/brasilnoticias.org\/site\/#\/schema\/logo\/image\/","url":"https:\/\/brasilnoticias.org\/site\/wp-content\/uploads\/2022\/05\/cropped-brasilnoticias-mini.jpg","contentUrl":"https:\/\/brasilnoticias.org\/site\/wp-content\/uploads\/2022\/05\/cropped-brasilnoticias-mini.jpg","width":314,"height":86,"caption":"Brasil not\u00edcias"},"image":{"@id":"https:\/\/brasilnoticias.org\/site\/#\/schema\/logo\/image\/"}},{"@type":"Person","@id":"https:\/\/brasilnoticias.org\/site\/#\/schema\/person\/03bbbfe6c7634ad18c26444ea39049fa","name":"Reda\u00e7\u00e3o","image":{"@type":"ImageObject","inLanguage":"pt-PT","@id":"https:\/\/brasilnoticias.org\/site\/#\/schema\/person\/image\/","url":"https:\/\/secure.gravatar.com\/avatar\/9ecaf7327a696cb23ad926fedded5f1f04d7049de9e445375d55b48c001a6e42?s=96&d=mm&r=g","contentUrl":"https:\/\/secure.gravatar.com\/avatar\/9ecaf7327a696cb23ad926fedded5f1f04d7049de9e445375d55b48c001a6e42?s=96&d=mm&r=g","caption":"Reda\u00e7\u00e3o"},"url":"https:\/\/brasilnoticias.org\/site\/author\/henrique\/"}]}},"_links":{"self":[{"href":"https:\/\/brasilnoticias.org\/site\/wp-json\/wp\/v2\/posts\/21749","targetHints":{"allow":["GET"]}}],"collection":[{"href":"https:\/\/brasilnoticias.org\/site\/wp-json\/wp\/v2\/posts"}],"about":[{"href":"https:\/\/brasilnoticias.org\/site\/wp-json\/wp\/v2\/types\/post"}],"author":[{"embeddable":true,"href":"https:\/\/brasilnoticias.org\/site\/wp-json\/wp\/v2\/users\/4"}],"replies":[{"embeddable":true,"href":"https:\/\/brasilnoticias.org\/site\/wp-json\/wp\/v2\/comments?post=21749"}],"version-history":[{"count":1,"href":"https:\/\/brasilnoticias.org\/site\/wp-json\/wp\/v2\/posts\/21749\/revisions"}],"predecessor-version":[{"id":21751,"href":"https:\/\/brasilnoticias.org\/site\/wp-json\/wp\/v2\/posts\/21749\/revisions\/21751"}],"wp:featuredmedia":[{"embeddable":true,"href":"https:\/\/brasilnoticias.org\/site\/wp-json\/wp\/v2\/media\/21750"}],"wp:attachment":[{"href":"https:\/\/brasilnoticias.org\/site\/wp-json\/wp\/v2\/media?parent=21749"}],"wp:term":[{"taxonomy":"category","embeddable":true,"href":"https:\/\/brasilnoticias.org\/site\/wp-json\/wp\/v2\/categories?post=21749"},{"taxonomy":"post_tag","embeddable":true,"href":"https:\/\/brasilnoticias.org\/site\/wp-json\/wp\/v2\/tags?post=21749"}],"curies":[{"name":"wp","href":"https:\/\/api.w.org\/{rel}","templated":true}]}}