{"id":21752,"date":"2026-04-23T06:45:52","date_gmt":"2026-04-23T09:45:52","guid":{"rendered":"https:\/\/brasilnoticias.org\/site\/?p=21752"},"modified":"2026-04-23T06:45:52","modified_gmt":"2026-04-23T09:45:52","slug":"mendonca-autoriza-daniel-vorcaro-a-realizar-exames-em-hospital-particular","status":"publish","type":"post","link":"https:\/\/brasilnoticias.org\/site\/mendonca-autoriza-daniel-vorcaro-a-realizar-exames-em-hospital-particular\/","title":{"rendered":"Mendon\u00e7a autoriza Daniel Vorcaro a realizar exames em hospital particular"},"content":{"rendered":"<p data-start=\"166\" data-end=\"365\">O ministro <span class=\"hover:entity-accent entity-underline inline cursor-pointer align-baseline\"><span class=\"whitespace-normal\">Andr\u00e9 Mendon\u00e7a<\/span><\/span>, do Supremo Tribunal Federal (STF), autorizou que o empres\u00e1rio <span class=\"hover:entity-accent entity-underline inline cursor-pointer align-baseline\"><span class=\"whitespace-normal\">Daniel Vorcaro<\/span><\/span> realize exames m\u00e9dicos em um hospital particular.<\/p>\n<p data-start=\"367\" data-end=\"492\">A decis\u00e3o ocorre ap\u00f3s o investigado apresentar problemas de sa\u00fade enquanto est\u00e1 sob cust\u00f3dia da Pol\u00edcia Federal, em Bras\u00edlia.<\/p>\n<h3 data-section-id=\"1x7tk8e\" data-start=\"494\" data-end=\"532\">Autoriza\u00e7\u00e3o para exames fora da PF<\/h3>\n<p data-start=\"534\" data-end=\"662\">Segundo a decis\u00e3o, Vorcaro poder\u00e1 deixar a unidade prisional para realizar exames complementares em ambiente hospitalar privado.<\/p>\n<p data-start=\"664\" data-end=\"795\">A medida busca garantir uma avalia\u00e7\u00e3o mais detalhada do estado de sa\u00fade do empres\u00e1rio, com acesso a estrutura m\u00e9dica especializada.<\/p>\n<h3 data-section-id=\"2i0wds\" data-start=\"797\" data-end=\"824\">Monitoramento e escolta<\/h3>\n<p data-start=\"826\" data-end=\"935\">A autoriza\u00e7\u00e3o prev\u00ea que o deslocamento seja realizado sob escolta policial, seguindo protocolos de seguran\u00e7a.<\/p>\n<p data-start=\"937\" data-end=\"1007\">Ap\u00f3s os exames, Vorcaro dever\u00e1 retornar \u00e0 cust\u00f3dia da Pol\u00edcia Federal.<\/p>\n<h3 data-section-id=\"76vvp0\" data-start=\"1009\" data-end=\"1044\">Hist\u00f3rico de problemas de sa\u00fade<\/h3>\n<p data-start=\"1046\" data-end=\"1172\">O empres\u00e1rio j\u00e1 havia apresentado mal-estar anteriormente, quando precisou de atendimento m\u00e9dico dentro da pr\u00f3pria sede da PF.<\/p>\n<p data-start=\"1174\" data-end=\"1295\">Apesar de o quadro inicial n\u00e3o ter sido considerado grave, a necessidade de exames adicionais motivou o pedido da defesa.<\/p>\n<h3 data-section-id=\"q5haum\" data-start=\"1297\" data-end=\"1326\">Investiga\u00e7\u00e3o em andamento<\/h3>\n<p data-start=\"1328\" data-end=\"1440\">Vorcaro \u00e9 investigado por suspeitas de envolvimento em irregularidades financeiras relacionadas ao Banco Master.<\/p>\n<p data-start=\"1442\" data-end=\"1516\">Ele permanece preso preventivamente enquanto as apura\u00e7\u00f5es seguem em curso.<\/p>\n","protected":false},"excerpt":{"rendered":"<p>O ministro Andr\u00e9 Mendon\u00e7a, do Supremo Tribunal Federal (STF), autorizou que o empres\u00e1rio Daniel Vorcaro realize exames m\u00e9dicos em um<\/p>\n","protected":false},"author":4,"featured_media":21753,"comment_status":"open","ping_status":"open","sticky":false,"template":"","format":"standard","meta":{"colormag_page_container_layout":"default_layout","colormag_page_sidebar_layout":"default_layout","_FSMCFIC_featured_image_caption":"","_FSMCFIC_featured_image_nocaption":"","_FSMCFIC_featured_image_hide":"","footnotes":""},"categories":[7,1],"tags":[],"class_list":["post-21752","post","type-post","status-publish","format-standard","has-post-thumbnail","hentry","category-justica","category-ultimas"],"yoast_head":"<!-- This site is optimized with the Yoast SEO plugin v27.1.1 - https:\/\/yoast.com\/product\/yoast-seo-wordpress\/ -->\n<title>Mendon\u00e7a autoriza Daniel Vorcaro a realizar exames em hospital particular - Brasil not\u00edcias<\/title>\n<meta name=\"robots\" content=\"index, follow, max-snippet:-1, max-image-preview:large, max-video-preview:-1\" \/>\n<link rel=\"canonical\" href=\"https:\/\/brasilnoticias.org\/site\/mendonca-autoriza-daniel-vorcaro-a-realizar-exames-em-hospital-particular\/\" \/>\n<meta property=\"og:locale\" content=\"pt_PT\" \/>\n<meta property=\"og:type\" content=\"article\" \/>\n<meta property=\"og:title\" content=\"Mendon\u00e7a autoriza Daniel Vorcaro a realizar exames em hospital particular - Brasil not\u00edcias\" \/>\n<meta property=\"og:description\" content=\"O ministro Andr\u00e9 Mendon\u00e7a, do Supremo Tribunal Federal (STF), autorizou que o empres\u00e1rio Daniel Vorcaro realize exames m\u00e9dicos em um\" \/>\n<meta property=\"og:url\" content=\"https:\/\/brasilnoticias.org\/site\/mendonca-autoriza-daniel-vorcaro-a-realizar-exames-em-hospital-particular\/\" \/>\n<meta property=\"og:site_name\" content=\"Brasil not\u00edcias\" \/>\n<meta property=\"article:published_time\" content=\"2026-04-23T09:45:52+00:00\" \/>\n<meta property=\"og:image\" content=\"https:\/\/brasilnoticias.org\/site\/wp-content\/uploads\/2026\/04\/daniel_vorcaro01.webp\" \/>\n\t<meta property=\"og:image:width\" content=\"1170\" \/>\n\t<meta property=\"og:image:height\" content=\"700\" \/>\n\t<meta property=\"og:image:type\" content=\"image\/webp\" \/>\n<meta name=\"author\" content=\"Reda\u00e7\u00e3o\" \/>\n<meta name=\"twitter:card\" content=\"summary_large_image\" \/>\n<meta name=\"twitter:label1\" content=\"Escrito por\" \/>\n\t<meta name=\"twitter:data1\" content=\"Reda\u00e7\u00e3o\" \/>\n\t<meta name=\"twitter:label2\" content=\"Tempo estimado de leitura\" \/>\n\t<meta name=\"twitter:data2\" content=\"2 minutos\" \/>\n<script type=\"application\/ld+json\" class=\"yoast-schema-graph\">{\"@context\":\"https:\/\/schema.org\",\"@graph\":[{\"@type\":\"Article\",\"@id\":\"https:\/\/brasilnoticias.org\/site\/mendonca-autoriza-daniel-vorcaro-a-realizar-exames-em-hospital-particular\/#article\",\"isPartOf\":{\"@id\":\"https:\/\/brasilnoticias.org\/site\/mendonca-autoriza-daniel-vorcaro-a-realizar-exames-em-hospital-particular\/\"},\"author\":{\"name\":\"Reda\u00e7\u00e3o\",\"@id\":\"https:\/\/brasilnoticias.org\/site\/#\/schema\/person\/03bbbfe6c7634ad18c26444ea39049fa\"},\"headline\":\"Mendon\u00e7a autoriza Daniel Vorcaro a realizar exames em hospital particular\",\"datePublished\":\"2026-04-23T09:45:52+00:00\",\"mainEntityOfPage\":{\"@id\":\"https:\/\/brasilnoticias.org\/site\/mendonca-autoriza-daniel-vorcaro-a-realizar-exames-em-hospital-particular\/\"},\"wordCount\":220,\"commentCount\":0,\"publisher\":{\"@id\":\"https:\/\/brasilnoticias.org\/site\/#organization\"},\"image\":{\"@id\":\"https:\/\/brasilnoticias.org\/site\/mendonca-autoriza-daniel-vorcaro-a-realizar-exames-em-hospital-particular\/#primaryimage\"},\"thumbnailUrl\":\"https:\/\/brasilnoticias.org\/site\/wp-content\/uploads\/2026\/04\/daniel_vorcaro01.webp\",\"articleSection\":[\"Justi\u00e7a\",\"\u00daltimas\"],\"inLanguage\":\"pt-PT\",\"potentialAction\":[{\"@type\":\"CommentAction\",\"name\":\"Comment\",\"target\":[\"https:\/\/brasilnoticias.org\/site\/mendonca-autoriza-daniel-vorcaro-a-realizar-exames-em-hospital-particular\/#respond\"]}]},{\"@type\":\"WebPage\",\"@id\":\"https:\/\/brasilnoticias.org\/site\/mendonca-autoriza-daniel-vorcaro-a-realizar-exames-em-hospital-particular\/\",\"url\":\"https:\/\/brasilnoticias.org\/site\/mendonca-autoriza-daniel-vorcaro-a-realizar-exames-em-hospital-particular\/\",\"name\":\"Mendon\u00e7a autoriza Daniel Vorcaro a realizar exames em hospital particular - Brasil not\u00edcias\",\"isPartOf\":{\"@id\":\"https:\/\/brasilnoticias.org\/site\/#website\"},\"primaryImageOfPage\":{\"@id\":\"https:\/\/brasilnoticias.org\/site\/mendonca-autoriza-daniel-vorcaro-a-realizar-exames-em-hospital-particular\/#primaryimage\"},\"image\":{\"@id\":\"https:\/\/brasilnoticias.org\/site\/mendonca-autoriza-daniel-vorcaro-a-realizar-exames-em-hospital-particular\/#primaryimage\"},\"thumbnailUrl\":\"https:\/\/brasilnoticias.org\/site\/wp-content\/uploads\/2026\/04\/daniel_vorcaro01.webp\",\"datePublished\":\"2026-04-23T09:45:52+00:00\",\"breadcrumb\":{\"@id\":\"https:\/\/brasilnoticias.org\/site\/mendonca-autoriza-daniel-vorcaro-a-realizar-exames-em-hospital-particular\/#breadcrumb\"},\"inLanguage\":\"pt-PT\",\"potentialAction\":[{\"@type\":\"ReadAction\",\"target\":[\"https:\/\/brasilnoticias.org\/site\/mendonca-autoriza-daniel-vorcaro-a-realizar-exames-em-hospital-particular\/\"]}]},{\"@type\":\"ImageObject\",\"inLanguage\":\"pt-PT\",\"@id\":\"https:\/\/brasilnoticias.org\/site\/mendonca-autoriza-daniel-vorcaro-a-realizar-exames-em-hospital-particular\/#primaryimage\",\"url\":\"https:\/\/brasilnoticias.org\/site\/wp-content\/uploads\/2026\/04\/daniel_vorcaro01.webp\",\"contentUrl\":\"https:\/\/brasilnoticias.org\/site\/wp-content\/uploads\/2026\/04\/daniel_vorcaro01.webp\",\"width\":1170,\"height\":700,\"caption\":\"Secretaria da Administra\u00e7\u00e3o Penitenci\u00e1ria-SP\"},{\"@type\":\"BreadcrumbList\",\"@id\":\"https:\/\/brasilnoticias.org\/site\/mendonca-autoriza-daniel-vorcaro-a-realizar-exames-em-hospital-particular\/#breadcrumb\",\"itemListElement\":[{\"@type\":\"ListItem\",\"position\":1,\"name\":\"In\u00edcio\",\"item\":\"https:\/\/brasilnoticias.org\/site\/\"},{\"@type\":\"ListItem\",\"position\":2,\"name\":\"Mendon\u00e7a autoriza Daniel Vorcaro a realizar exames em hospital particular\"}]},{\"@type\":\"WebSite\",\"@id\":\"https:\/\/brasilnoticias.org\/site\/#website\",\"url\":\"https:\/\/brasilnoticias.org\/site\/\",\"name\":\"Brasil not\u00edcias\",\"description\":\"Brasil not\u00edcias\",\"publisher\":{\"@id\":\"https:\/\/brasilnoticias.org\/site\/#organization\"},\"potentialAction\":[{\"@type\":\"SearchAction\",\"target\":{\"@type\":\"EntryPoint\",\"urlTemplate\":\"https:\/\/brasilnoticias.org\/site\/?s={search_term_string}\"},\"query-input\":{\"@type\":\"PropertyValueSpecification\",\"valueRequired\":true,\"valueName\":\"search_term_string\"}}],\"inLanguage\":\"pt-PT\"},{\"@type\":\"Organization\",\"@id\":\"https:\/\/brasilnoticias.org\/site\/#organization\",\"name\":\"Brasil not\u00edcias\",\"url\":\"https:\/\/brasilnoticias.org\/site\/\",\"logo\":{\"@type\":\"ImageObject\",\"inLanguage\":\"pt-PT\",\"@id\":\"https:\/\/brasilnoticias.org\/site\/#\/schema\/logo\/image\/\",\"url\":\"https:\/\/brasilnoticias.org\/site\/wp-content\/uploads\/2022\/05\/cropped-brasilnoticias-mini.jpg\",\"contentUrl\":\"https:\/\/brasilnoticias.org\/site\/wp-content\/uploads\/2022\/05\/cropped-brasilnoticias-mini.jpg\",\"width\":314,\"height\":86,\"caption\":\"Brasil not\u00edcias\"},\"image\":{\"@id\":\"https:\/\/brasilnoticias.org\/site\/#\/schema\/logo\/image\/\"}},{\"@type\":\"Person\",\"@id\":\"https:\/\/brasilnoticias.org\/site\/#\/schema\/person\/03bbbfe6c7634ad18c26444ea39049fa\",\"name\":\"Reda\u00e7\u00e3o\",\"image\":{\"@type\":\"ImageObject\",\"inLanguage\":\"pt-PT\",\"@id\":\"https:\/\/brasilnoticias.org\/site\/#\/schema\/person\/image\/\",\"url\":\"https:\/\/secure.gravatar.com\/avatar\/9ecaf7327a696cb23ad926fedded5f1f04d7049de9e445375d55b48c001a6e42?s=96&d=mm&r=g\",\"contentUrl\":\"https:\/\/secure.gravatar.com\/avatar\/9ecaf7327a696cb23ad926fedded5f1f04d7049de9e445375d55b48c001a6e42?s=96&d=mm&r=g\",\"caption\":\"Reda\u00e7\u00e3o\"},\"url\":\"https:\/\/brasilnoticias.org\/site\/author\/henrique\/\"}]}<\/script>\n<!-- \/ Yoast SEO plugin. -->","yoast_head_json":{"title":"Mendon\u00e7a autoriza Daniel Vorcaro a realizar exames em hospital particular - Brasil not\u00edcias","robots":{"index":"index","follow":"follow","max-snippet":"max-snippet:-1","max-image-preview":"max-image-preview:large","max-video-preview":"max-video-preview:-1"},"canonical":"https:\/\/brasilnoticias.org\/site\/mendonca-autoriza-daniel-vorcaro-a-realizar-exames-em-hospital-particular\/","og_locale":"pt_PT","og_type":"article","og_title":"Mendon\u00e7a autoriza Daniel Vorcaro a realizar exames em hospital particular - Brasil not\u00edcias","og_description":"O ministro Andr\u00e9 Mendon\u00e7a, do Supremo Tribunal Federal (STF), autorizou que o empres\u00e1rio Daniel Vorcaro realize exames m\u00e9dicos em um","og_url":"https:\/\/brasilnoticias.org\/site\/mendonca-autoriza-daniel-vorcaro-a-realizar-exames-em-hospital-particular\/","og_site_name":"Brasil not\u00edcias","article_published_time":"2026-04-23T09:45:52+00:00","og_image":[{"width":1170,"height":700,"url":"https:\/\/brasilnoticias.org\/site\/wp-content\/uploads\/2026\/04\/daniel_vorcaro01.webp","type":"image\/webp"}],"author":"Reda\u00e7\u00e3o","twitter_card":"summary_large_image","twitter_misc":{"Escrito por":"Reda\u00e7\u00e3o","Tempo estimado de leitura":"2 minutos"},"schema":{"@context":"https:\/\/schema.org","@graph":[{"@type":"Article","@id":"https:\/\/brasilnoticias.org\/site\/mendonca-autoriza-daniel-vorcaro-a-realizar-exames-em-hospital-particular\/#article","isPartOf":{"@id":"https:\/\/brasilnoticias.org\/site\/mendonca-autoriza-daniel-vorcaro-a-realizar-exames-em-hospital-particular\/"},"author":{"name":"Reda\u00e7\u00e3o","@id":"https:\/\/brasilnoticias.org\/site\/#\/schema\/person\/03bbbfe6c7634ad18c26444ea39049fa"},"headline":"Mendon\u00e7a autoriza Daniel Vorcaro a realizar exames em hospital particular","datePublished":"2026-04-23T09:45:52+00:00","mainEntityOfPage":{"@id":"https:\/\/brasilnoticias.org\/site\/mendonca-autoriza-daniel-vorcaro-a-realizar-exames-em-hospital-particular\/"},"wordCount":220,"commentCount":0,"publisher":{"@id":"https:\/\/brasilnoticias.org\/site\/#organization"},"image":{"@id":"https:\/\/brasilnoticias.org\/site\/mendonca-autoriza-daniel-vorcaro-a-realizar-exames-em-hospital-particular\/#primaryimage"},"thumbnailUrl":"https:\/\/brasilnoticias.org\/site\/wp-content\/uploads\/2026\/04\/daniel_vorcaro01.webp","articleSection":["Justi\u00e7a","\u00daltimas"],"inLanguage":"pt-PT","potentialAction":[{"@type":"CommentAction","name":"Comment","target":["https:\/\/brasilnoticias.org\/site\/mendonca-autoriza-daniel-vorcaro-a-realizar-exames-em-hospital-particular\/#respond"]}]},{"@type":"WebPage","@id":"https:\/\/brasilnoticias.org\/site\/mendonca-autoriza-daniel-vorcaro-a-realizar-exames-em-hospital-particular\/","url":"https:\/\/brasilnoticias.org\/site\/mendonca-autoriza-daniel-vorcaro-a-realizar-exames-em-hospital-particular\/","name":"Mendon\u00e7a autoriza Daniel Vorcaro a realizar exames em hospital particular - Brasil not\u00edcias","isPartOf":{"@id":"https:\/\/brasilnoticias.org\/site\/#website"},"primaryImageOfPage":{"@id":"https:\/\/brasilnoticias.org\/site\/mendonca-autoriza-daniel-vorcaro-a-realizar-exames-em-hospital-particular\/#primaryimage"},"image":{"@id":"https:\/\/brasilnoticias.org\/site\/mendonca-autoriza-daniel-vorcaro-a-realizar-exames-em-hospital-particular\/#primaryimage"},"thumbnailUrl":"https:\/\/brasilnoticias.org\/site\/wp-content\/uploads\/2026\/04\/daniel_vorcaro01.webp","datePublished":"2026-04-23T09:45:52+00:00","breadcrumb":{"@id":"https:\/\/brasilnoticias.org\/site\/mendonca-autoriza-daniel-vorcaro-a-realizar-exames-em-hospital-particular\/#breadcrumb"},"inLanguage":"pt-PT","potentialAction":[{"@type":"ReadAction","target":["https:\/\/brasilnoticias.org\/site\/mendonca-autoriza-daniel-vorcaro-a-realizar-exames-em-hospital-particular\/"]}]},{"@type":"ImageObject","inLanguage":"pt-PT","@id":"https:\/\/brasilnoticias.org\/site\/mendonca-autoriza-daniel-vorcaro-a-realizar-exames-em-hospital-particular\/#primaryimage","url":"https:\/\/brasilnoticias.org\/site\/wp-content\/uploads\/2026\/04\/daniel_vorcaro01.webp","contentUrl":"https:\/\/brasilnoticias.org\/site\/wp-content\/uploads\/2026\/04\/daniel_vorcaro01.webp","width":1170,"height":700,"caption":"Secretaria da Administra\u00e7\u00e3o Penitenci\u00e1ria-SP"},{"@type":"BreadcrumbList","@id":"https:\/\/brasilnoticias.org\/site\/mendonca-autoriza-daniel-vorcaro-a-realizar-exames-em-hospital-particular\/#breadcrumb","itemListElement":[{"@type":"ListItem","position":1,"name":"In\u00edcio","item":"https:\/\/brasilnoticias.org\/site\/"},{"@type":"ListItem","position":2,"name":"Mendon\u00e7a autoriza Daniel Vorcaro a realizar exames em hospital particular"}]},{"@type":"WebSite","@id":"https:\/\/brasilnoticias.org\/site\/#website","url":"https:\/\/brasilnoticias.org\/site\/","name":"Brasil not\u00edcias","description":"Brasil not\u00edcias","publisher":{"@id":"https:\/\/brasilnoticias.org\/site\/#organization"},"potentialAction":[{"@type":"SearchAction","target":{"@type":"EntryPoint","urlTemplate":"https:\/\/brasilnoticias.org\/site\/?s={search_term_string}"},"query-input":{"@type":"PropertyValueSpecification","valueRequired":true,"valueName":"search_term_string"}}],"inLanguage":"pt-PT"},{"@type":"Organization","@id":"https:\/\/brasilnoticias.org\/site\/#organization","name":"Brasil not\u00edcias","url":"https:\/\/brasilnoticias.org\/site\/","logo":{"@type":"ImageObject","inLanguage":"pt-PT","@id":"https:\/\/brasilnoticias.org\/site\/#\/schema\/logo\/image\/","url":"https:\/\/brasilnoticias.org\/site\/wp-content\/uploads\/2022\/05\/cropped-brasilnoticias-mini.jpg","contentUrl":"https:\/\/brasilnoticias.org\/site\/wp-content\/uploads\/2022\/05\/cropped-brasilnoticias-mini.jpg","width":314,"height":86,"caption":"Brasil not\u00edcias"},"image":{"@id":"https:\/\/brasilnoticias.org\/site\/#\/schema\/logo\/image\/"}},{"@type":"Person","@id":"https:\/\/brasilnoticias.org\/site\/#\/schema\/person\/03bbbfe6c7634ad18c26444ea39049fa","name":"Reda\u00e7\u00e3o","image":{"@type":"ImageObject","inLanguage":"pt-PT","@id":"https:\/\/brasilnoticias.org\/site\/#\/schema\/person\/image\/","url":"https:\/\/secure.gravatar.com\/avatar\/9ecaf7327a696cb23ad926fedded5f1f04d7049de9e445375d55b48c001a6e42?s=96&d=mm&r=g","contentUrl":"https:\/\/secure.gravatar.com\/avatar\/9ecaf7327a696cb23ad926fedded5f1f04d7049de9e445375d55b48c001a6e42?s=96&d=mm&r=g","caption":"Reda\u00e7\u00e3o"},"url":"https:\/\/brasilnoticias.org\/site\/author\/henrique\/"}]}},"_links":{"self":[{"href":"https:\/\/brasilnoticias.org\/site\/wp-json\/wp\/v2\/posts\/21752","targetHints":{"allow":["GET"]}}],"collection":[{"href":"https:\/\/brasilnoticias.org\/site\/wp-json\/wp\/v2\/posts"}],"about":[{"href":"https:\/\/brasilnoticias.org\/site\/wp-json\/wp\/v2\/types\/post"}],"author":[{"embeddable":true,"href":"https:\/\/brasilnoticias.org\/site\/wp-json\/wp\/v2\/users\/4"}],"replies":[{"embeddable":true,"href":"https:\/\/brasilnoticias.org\/site\/wp-json\/wp\/v2\/comments?post=21752"}],"version-history":[{"count":1,"href":"https:\/\/brasilnoticias.org\/site\/wp-json\/wp\/v2\/posts\/21752\/revisions"}],"predecessor-version":[{"id":21754,"href":"https:\/\/brasilnoticias.org\/site\/wp-json\/wp\/v2\/posts\/21752\/revisions\/21754"}],"wp:featuredmedia":[{"embeddable":true,"href":"https:\/\/brasilnoticias.org\/site\/wp-json\/wp\/v2\/media\/21753"}],"wp:attachment":[{"href":"https:\/\/brasilnoticias.org\/site\/wp-json\/wp\/v2\/media?parent=21752"}],"wp:term":[{"taxonomy":"category","embeddable":true,"href":"https:\/\/brasilnoticias.org\/site\/wp-json\/wp\/v2\/categories?post=21752"},{"taxonomy":"post_tag","embeddable":true,"href":"https:\/\/brasilnoticias.org\/site\/wp-json\/wp\/v2\/tags?post=21752"}],"curies":[{"name":"wp","href":"https:\/\/api.w.org\/{rel}","templated":true}]}}