{"id":21755,"date":"2026-04-23T06:55:59","date_gmt":"2026-04-23T09:55:59","guid":{"rendered":"https:\/\/brasilnoticias.org\/site\/?p=21755"},"modified":"2026-04-23T06:55:59","modified_gmt":"2026-04-23T09:55:59","slug":"justica-arquiva-acao-contra-erika-hilton-por-fala-em-rede-social","status":"publish","type":"post","link":"https:\/\/brasilnoticias.org\/site\/justica-arquiva-acao-contra-erika-hilton-por-fala-em-rede-social\/","title":{"rendered":"Justi\u00e7a arquiva a\u00e7\u00e3o contra Erika Hilton por fala em rede social"},"content":{"rendered":"<p data-start=\"157\" data-end=\"317\">A Justi\u00e7a do Distrito Federal arquivou uma a\u00e7\u00e3o movida contra a deputada federal <span class=\"hover:entity-accent entity-underline inline cursor-pointer align-baseline\"><span class=\"whitespace-normal\">Erika Hilton<\/span><\/span> por declara\u00e7\u00f5es feitas nas redes sociais.<\/p>\n<p data-start=\"319\" data-end=\"447\">O processo havia sido apresentado por uma organiza\u00e7\u00e3o feminista, que pedia indeniza\u00e7\u00e3o de R$ 500 mil por danos morais coletivos.<\/p>\n<h3 data-section-id=\"el1i0i\" data-start=\"449\" data-end=\"467\">Origem da a\u00e7\u00e3o<\/h3>\n<p data-start=\"469\" data-end=\"643\">A a\u00e7\u00e3o foi motivada por uma publica\u00e7\u00e3o feita pela parlamentar no X (antigo Twitter), na qual ela reagia a cr\u00edticas ap\u00f3s assumir a presid\u00eancia da Comiss\u00e3o da Mulher da C\u00e2mara.<\/p>\n<p data-start=\"645\" data-end=\"772\">Na mensagem, Erika Hilton se referiu a cr\u00edticos como \u201cimbeCIS\u201d e \u201cesgoto da sociedade\u201d.<\/p>\n<h3 data-section-id=\"1fmicps\" data-start=\"774\" data-end=\"796\">Decis\u00e3o da Justi\u00e7a<\/h3>\n<p data-start=\"798\" data-end=\"937\">O caso foi analisado pelo juiz Giordano Resende Costa, da 4\u00aa Vara C\u00edvel de Bras\u00edlia, que decidiu extinguir a a\u00e7\u00e3o sem julgamento do m\u00e9rito.<\/p>\n<p data-start=\"939\" data-end=\"1120\">Segundo o magistrado, as declara\u00e7\u00f5es est\u00e3o protegidas pela imunidade parlamentar, que garante liberdade de express\u00e3o no exerc\u00edcio do mandato.<\/p>\n<p data-start=\"1122\" data-end=\"1242\">O juiz tamb\u00e9m avaliou que o processo representava uma tentativa de transformar diverg\u00eancia pol\u00edtica em disputa judicial.<\/p>\n<h3 data-section-id=\"1qsio2g\" data-start=\"1244\" data-end=\"1269\">Argumentos da decis\u00e3o<\/h3>\n<p data-start=\"1271\" data-end=\"1402\">Na decis\u00e3o, o magistrado afirmou que a a\u00e7\u00e3o civil p\u00fablica n\u00e3o pode ser utilizada para limitar o discurso pol\u00edtico de parlamentares.<\/p>\n<p data-start=\"1404\" data-end=\"1574\">Ele tamb\u00e9m apontou que o caso reflete uma discord\u00e2ncia de natureza ideol\u00f3gica e n\u00e3o uma viola\u00e7\u00e3o coletiva pass\u00edvel de indeniza\u00e7\u00e3o.<\/p>\n<p data-start=\"1576\" data-end=\"1690\">Al\u00e9m disso, classificou a iniciativa como poss\u00edvel uso indevido do Judici\u00e1rio para fins de \u201cpersegui\u00e7\u00e3o pol\u00edtica\u201d.<\/p>\n<h3 data-section-id=\"vu14in\" data-start=\"1692\" data-end=\"1724\">Recurso deve ser apresentado<\/h3>\n<p data-start=\"1726\" data-end=\"1815\">A organiza\u00e7\u00e3o autora da a\u00e7\u00e3o informou que n\u00e3o concorda com a decis\u00e3o e pretende recorrer.<\/p>\n<p data-start=\"1817\" data-end=\"1896\">Com isso, o caso ainda pode ter novos desdobramentos nas inst\u00e2ncias superiores.<\/p>\n","protected":false},"excerpt":{"rendered":"<p>A Justi\u00e7a do Distrito Federal arquivou uma a\u00e7\u00e3o movida contra a deputada federal Erika Hilton por declara\u00e7\u00f5es feitas nas redes<\/p>\n","protected":false},"author":4,"featured_media":21756,"comment_status":"open","ping_status":"open","sticky":false,"template":"","format":"standard","meta":{"colormag_page_container_layout":"default_layout","colormag_page_sidebar_layout":"default_layout","_FSMCFIC_featured_image_caption":"","_FSMCFIC_featured_image_nocaption":"","_FSMCFIC_featured_image_hide":"","footnotes":""},"categories":[7,1],"tags":[],"class_list":["post-21755","post","type-post","status-publish","format-standard","has-post-thumbnail","hentry","category-justica","category-ultimas"],"yoast_head":"<!-- This site is optimized with the Yoast SEO plugin v27.1.1 - https:\/\/yoast.com\/product\/yoast-seo-wordpress\/ -->\n<title>Justi\u00e7a arquiva a\u00e7\u00e3o contra Erika Hilton por fala em rede social - Brasil not\u00edcias<\/title>\n<meta name=\"robots\" content=\"index, follow, max-snippet:-1, max-image-preview:large, max-video-preview:-1\" \/>\n<link rel=\"canonical\" href=\"https:\/\/brasilnoticias.org\/site\/justica-arquiva-acao-contra-erika-hilton-por-fala-em-rede-social\/\" \/>\n<meta property=\"og:locale\" content=\"pt_PT\" \/>\n<meta property=\"og:type\" content=\"article\" \/>\n<meta property=\"og:title\" content=\"Justi\u00e7a arquiva a\u00e7\u00e3o contra Erika Hilton por fala em rede social - Brasil not\u00edcias\" \/>\n<meta property=\"og:description\" content=\"A Justi\u00e7a do Distrito Federal arquivou uma a\u00e7\u00e3o movida contra a deputada federal Erika Hilton por declara\u00e7\u00f5es feitas nas redes\" \/>\n<meta property=\"og:url\" content=\"https:\/\/brasilnoticias.org\/site\/justica-arquiva-acao-contra-erika-hilton-por-fala-em-rede-social\/\" \/>\n<meta property=\"og:site_name\" content=\"Brasil not\u00edcias\" \/>\n<meta property=\"article:published_time\" content=\"2026-04-23T09:55:59+00:00\" \/>\n<meta property=\"og:image\" content=\"https:\/\/brasilnoticias.org\/site\/wp-content\/uploads\/2026\/04\/deputada-erika-hilton-em-entrevista-para-o-metropoles-metropoles-5-scaled-1.webp\" \/>\n\t<meta property=\"og:image:width\" content=\"900\" \/>\n\t<meta property=\"og:image:height\" content=\"600\" \/>\n\t<meta property=\"og:image:type\" content=\"image\/webp\" \/>\n<meta name=\"author\" content=\"Reda\u00e7\u00e3o\" \/>\n<meta name=\"twitter:card\" content=\"summary_large_image\" \/>\n<meta name=\"twitter:label1\" content=\"Escrito por\" \/>\n\t<meta name=\"twitter:data1\" content=\"Reda\u00e7\u00e3o\" \/>\n\t<meta name=\"twitter:label2\" content=\"Tempo estimado de leitura\" \/>\n\t<meta name=\"twitter:data2\" content=\"2 minutos\" \/>\n<script type=\"application\/ld+json\" class=\"yoast-schema-graph\">{\"@context\":\"https:\/\/schema.org\",\"@graph\":[{\"@type\":\"Article\",\"@id\":\"https:\/\/brasilnoticias.org\/site\/justica-arquiva-acao-contra-erika-hilton-por-fala-em-rede-social\/#article\",\"isPartOf\":{\"@id\":\"https:\/\/brasilnoticias.org\/site\/justica-arquiva-acao-contra-erika-hilton-por-fala-em-rede-social\/\"},\"author\":{\"name\":\"Reda\u00e7\u00e3o\",\"@id\":\"https:\/\/brasilnoticias.org\/site\/#\/schema\/person\/03bbbfe6c7634ad18c26444ea39049fa\"},\"headline\":\"Justi\u00e7a arquiva a\u00e7\u00e3o contra Erika Hilton por fala em rede social\",\"datePublished\":\"2026-04-23T09:55:59+00:00\",\"mainEntityOfPage\":{\"@id\":\"https:\/\/brasilnoticias.org\/site\/justica-arquiva-acao-contra-erika-hilton-por-fala-em-rede-social\/\"},\"wordCount\":303,\"commentCount\":0,\"publisher\":{\"@id\":\"https:\/\/brasilnoticias.org\/site\/#organization\"},\"image\":{\"@id\":\"https:\/\/brasilnoticias.org\/site\/justica-arquiva-acao-contra-erika-hilton-por-fala-em-rede-social\/#primaryimage\"},\"thumbnailUrl\":\"https:\/\/brasilnoticias.org\/site\/wp-content\/uploads\/2026\/04\/deputada-erika-hilton-em-entrevista-para-o-metropoles-metropoles-5-scaled-1.webp\",\"articleSection\":[\"Justi\u00e7a\",\"\u00daltimas\"],\"inLanguage\":\"pt-PT\",\"potentialAction\":[{\"@type\":\"CommentAction\",\"name\":\"Comment\",\"target\":[\"https:\/\/brasilnoticias.org\/site\/justica-arquiva-acao-contra-erika-hilton-por-fala-em-rede-social\/#respond\"]}]},{\"@type\":\"WebPage\",\"@id\":\"https:\/\/brasilnoticias.org\/site\/justica-arquiva-acao-contra-erika-hilton-por-fala-em-rede-social\/\",\"url\":\"https:\/\/brasilnoticias.org\/site\/justica-arquiva-acao-contra-erika-hilton-por-fala-em-rede-social\/\",\"name\":\"Justi\u00e7a arquiva a\u00e7\u00e3o contra Erika Hilton por fala em rede social - Brasil not\u00edcias\",\"isPartOf\":{\"@id\":\"https:\/\/brasilnoticias.org\/site\/#website\"},\"primaryImageOfPage\":{\"@id\":\"https:\/\/brasilnoticias.org\/site\/justica-arquiva-acao-contra-erika-hilton-por-fala-em-rede-social\/#primaryimage\"},\"image\":{\"@id\":\"https:\/\/brasilnoticias.org\/site\/justica-arquiva-acao-contra-erika-hilton-por-fala-em-rede-social\/#primaryimage\"},\"thumbnailUrl\":\"https:\/\/brasilnoticias.org\/site\/wp-content\/uploads\/2026\/04\/deputada-erika-hilton-em-entrevista-para-o-metropoles-metropoles-5-scaled-1.webp\",\"datePublished\":\"2026-04-23T09:55:59+00:00\",\"breadcrumb\":{\"@id\":\"https:\/\/brasilnoticias.org\/site\/justica-arquiva-acao-contra-erika-hilton-por-fala-em-rede-social\/#breadcrumb\"},\"inLanguage\":\"pt-PT\",\"potentialAction\":[{\"@type\":\"ReadAction\",\"target\":[\"https:\/\/brasilnoticias.org\/site\/justica-arquiva-acao-contra-erika-hilton-por-fala-em-rede-social\/\"]}]},{\"@type\":\"ImageObject\",\"inLanguage\":\"pt-PT\",\"@id\":\"https:\/\/brasilnoticias.org\/site\/justica-arquiva-acao-contra-erika-hilton-por-fala-em-rede-social\/#primaryimage\",\"url\":\"https:\/\/brasilnoticias.org\/site\/wp-content\/uploads\/2026\/04\/deputada-erika-hilton-em-entrevista-para-o-metropoles-metropoles-5-scaled-1.webp\",\"contentUrl\":\"https:\/\/brasilnoticias.org\/site\/wp-content\/uploads\/2026\/04\/deputada-erika-hilton-em-entrevista-para-o-metropoles-metropoles-5-scaled-1.webp\",\"width\":900,\"height\":600,\"caption\":\"LUIS NOVA\/ESPECIAL METR\u00d3POLES\"},{\"@type\":\"BreadcrumbList\",\"@id\":\"https:\/\/brasilnoticias.org\/site\/justica-arquiva-acao-contra-erika-hilton-por-fala-em-rede-social\/#breadcrumb\",\"itemListElement\":[{\"@type\":\"ListItem\",\"position\":1,\"name\":\"In\u00edcio\",\"item\":\"https:\/\/brasilnoticias.org\/site\/\"},{\"@type\":\"ListItem\",\"position\":2,\"name\":\"Justi\u00e7a arquiva a\u00e7\u00e3o contra Erika Hilton por fala em rede social\"}]},{\"@type\":\"WebSite\",\"@id\":\"https:\/\/brasilnoticias.org\/site\/#website\",\"url\":\"https:\/\/brasilnoticias.org\/site\/\",\"name\":\"Brasil not\u00edcias\",\"description\":\"Brasil not\u00edcias\",\"publisher\":{\"@id\":\"https:\/\/brasilnoticias.org\/site\/#organization\"},\"potentialAction\":[{\"@type\":\"SearchAction\",\"target\":{\"@type\":\"EntryPoint\",\"urlTemplate\":\"https:\/\/brasilnoticias.org\/site\/?s={search_term_string}\"},\"query-input\":{\"@type\":\"PropertyValueSpecification\",\"valueRequired\":true,\"valueName\":\"search_term_string\"}}],\"inLanguage\":\"pt-PT\"},{\"@type\":\"Organization\",\"@id\":\"https:\/\/brasilnoticias.org\/site\/#organization\",\"name\":\"Brasil not\u00edcias\",\"url\":\"https:\/\/brasilnoticias.org\/site\/\",\"logo\":{\"@type\":\"ImageObject\",\"inLanguage\":\"pt-PT\",\"@id\":\"https:\/\/brasilnoticias.org\/site\/#\/schema\/logo\/image\/\",\"url\":\"https:\/\/brasilnoticias.org\/site\/wp-content\/uploads\/2022\/05\/cropped-brasilnoticias-mini.jpg\",\"contentUrl\":\"https:\/\/brasilnoticias.org\/site\/wp-content\/uploads\/2022\/05\/cropped-brasilnoticias-mini.jpg\",\"width\":314,\"height\":86,\"caption\":\"Brasil not\u00edcias\"},\"image\":{\"@id\":\"https:\/\/brasilnoticias.org\/site\/#\/schema\/logo\/image\/\"}},{\"@type\":\"Person\",\"@id\":\"https:\/\/brasilnoticias.org\/site\/#\/schema\/person\/03bbbfe6c7634ad18c26444ea39049fa\",\"name\":\"Reda\u00e7\u00e3o\",\"image\":{\"@type\":\"ImageObject\",\"inLanguage\":\"pt-PT\",\"@id\":\"https:\/\/brasilnoticias.org\/site\/#\/schema\/person\/image\/\",\"url\":\"https:\/\/secure.gravatar.com\/avatar\/9ecaf7327a696cb23ad926fedded5f1f04d7049de9e445375d55b48c001a6e42?s=96&d=mm&r=g\",\"contentUrl\":\"https:\/\/secure.gravatar.com\/avatar\/9ecaf7327a696cb23ad926fedded5f1f04d7049de9e445375d55b48c001a6e42?s=96&d=mm&r=g\",\"caption\":\"Reda\u00e7\u00e3o\"},\"url\":\"https:\/\/brasilnoticias.org\/site\/author\/henrique\/\"}]}<\/script>\n<!-- \/ Yoast SEO plugin. -->","yoast_head_json":{"title":"Justi\u00e7a arquiva a\u00e7\u00e3o contra Erika Hilton por fala em rede social - Brasil not\u00edcias","robots":{"index":"index","follow":"follow","max-snippet":"max-snippet:-1","max-image-preview":"max-image-preview:large","max-video-preview":"max-video-preview:-1"},"canonical":"https:\/\/brasilnoticias.org\/site\/justica-arquiva-acao-contra-erika-hilton-por-fala-em-rede-social\/","og_locale":"pt_PT","og_type":"article","og_title":"Justi\u00e7a arquiva a\u00e7\u00e3o contra Erika Hilton por fala em rede social - Brasil not\u00edcias","og_description":"A Justi\u00e7a do Distrito Federal arquivou uma a\u00e7\u00e3o movida contra a deputada federal Erika Hilton por declara\u00e7\u00f5es feitas nas redes","og_url":"https:\/\/brasilnoticias.org\/site\/justica-arquiva-acao-contra-erika-hilton-por-fala-em-rede-social\/","og_site_name":"Brasil not\u00edcias","article_published_time":"2026-04-23T09:55:59+00:00","og_image":[{"width":900,"height":600,"url":"https:\/\/brasilnoticias.org\/site\/wp-content\/uploads\/2026\/04\/deputada-erika-hilton-em-entrevista-para-o-metropoles-metropoles-5-scaled-1.webp","type":"image\/webp"}],"author":"Reda\u00e7\u00e3o","twitter_card":"summary_large_image","twitter_misc":{"Escrito por":"Reda\u00e7\u00e3o","Tempo estimado de leitura":"2 minutos"},"schema":{"@context":"https:\/\/schema.org","@graph":[{"@type":"Article","@id":"https:\/\/brasilnoticias.org\/site\/justica-arquiva-acao-contra-erika-hilton-por-fala-em-rede-social\/#article","isPartOf":{"@id":"https:\/\/brasilnoticias.org\/site\/justica-arquiva-acao-contra-erika-hilton-por-fala-em-rede-social\/"},"author":{"name":"Reda\u00e7\u00e3o","@id":"https:\/\/brasilnoticias.org\/site\/#\/schema\/person\/03bbbfe6c7634ad18c26444ea39049fa"},"headline":"Justi\u00e7a arquiva a\u00e7\u00e3o contra Erika Hilton por fala em rede social","datePublished":"2026-04-23T09:55:59+00:00","mainEntityOfPage":{"@id":"https:\/\/brasilnoticias.org\/site\/justica-arquiva-acao-contra-erika-hilton-por-fala-em-rede-social\/"},"wordCount":303,"commentCount":0,"publisher":{"@id":"https:\/\/brasilnoticias.org\/site\/#organization"},"image":{"@id":"https:\/\/brasilnoticias.org\/site\/justica-arquiva-acao-contra-erika-hilton-por-fala-em-rede-social\/#primaryimage"},"thumbnailUrl":"https:\/\/brasilnoticias.org\/site\/wp-content\/uploads\/2026\/04\/deputada-erika-hilton-em-entrevista-para-o-metropoles-metropoles-5-scaled-1.webp","articleSection":["Justi\u00e7a","\u00daltimas"],"inLanguage":"pt-PT","potentialAction":[{"@type":"CommentAction","name":"Comment","target":["https:\/\/brasilnoticias.org\/site\/justica-arquiva-acao-contra-erika-hilton-por-fala-em-rede-social\/#respond"]}]},{"@type":"WebPage","@id":"https:\/\/brasilnoticias.org\/site\/justica-arquiva-acao-contra-erika-hilton-por-fala-em-rede-social\/","url":"https:\/\/brasilnoticias.org\/site\/justica-arquiva-acao-contra-erika-hilton-por-fala-em-rede-social\/","name":"Justi\u00e7a arquiva a\u00e7\u00e3o contra Erika Hilton por fala em rede social - Brasil not\u00edcias","isPartOf":{"@id":"https:\/\/brasilnoticias.org\/site\/#website"},"primaryImageOfPage":{"@id":"https:\/\/brasilnoticias.org\/site\/justica-arquiva-acao-contra-erika-hilton-por-fala-em-rede-social\/#primaryimage"},"image":{"@id":"https:\/\/brasilnoticias.org\/site\/justica-arquiva-acao-contra-erika-hilton-por-fala-em-rede-social\/#primaryimage"},"thumbnailUrl":"https:\/\/brasilnoticias.org\/site\/wp-content\/uploads\/2026\/04\/deputada-erika-hilton-em-entrevista-para-o-metropoles-metropoles-5-scaled-1.webp","datePublished":"2026-04-23T09:55:59+00:00","breadcrumb":{"@id":"https:\/\/brasilnoticias.org\/site\/justica-arquiva-acao-contra-erika-hilton-por-fala-em-rede-social\/#breadcrumb"},"inLanguage":"pt-PT","potentialAction":[{"@type":"ReadAction","target":["https:\/\/brasilnoticias.org\/site\/justica-arquiva-acao-contra-erika-hilton-por-fala-em-rede-social\/"]}]},{"@type":"ImageObject","inLanguage":"pt-PT","@id":"https:\/\/brasilnoticias.org\/site\/justica-arquiva-acao-contra-erika-hilton-por-fala-em-rede-social\/#primaryimage","url":"https:\/\/brasilnoticias.org\/site\/wp-content\/uploads\/2026\/04\/deputada-erika-hilton-em-entrevista-para-o-metropoles-metropoles-5-scaled-1.webp","contentUrl":"https:\/\/brasilnoticias.org\/site\/wp-content\/uploads\/2026\/04\/deputada-erika-hilton-em-entrevista-para-o-metropoles-metropoles-5-scaled-1.webp","width":900,"height":600,"caption":"LUIS NOVA\/ESPECIAL METR\u00d3POLES"},{"@type":"BreadcrumbList","@id":"https:\/\/brasilnoticias.org\/site\/justica-arquiva-acao-contra-erika-hilton-por-fala-em-rede-social\/#breadcrumb","itemListElement":[{"@type":"ListItem","position":1,"name":"In\u00edcio","item":"https:\/\/brasilnoticias.org\/site\/"},{"@type":"ListItem","position":2,"name":"Justi\u00e7a arquiva a\u00e7\u00e3o contra Erika Hilton por fala em rede social"}]},{"@type":"WebSite","@id":"https:\/\/brasilnoticias.org\/site\/#website","url":"https:\/\/brasilnoticias.org\/site\/","name":"Brasil not\u00edcias","description":"Brasil not\u00edcias","publisher":{"@id":"https:\/\/brasilnoticias.org\/site\/#organization"},"potentialAction":[{"@type":"SearchAction","target":{"@type":"EntryPoint","urlTemplate":"https:\/\/brasilnoticias.org\/site\/?s={search_term_string}"},"query-input":{"@type":"PropertyValueSpecification","valueRequired":true,"valueName":"search_term_string"}}],"inLanguage":"pt-PT"},{"@type":"Organization","@id":"https:\/\/brasilnoticias.org\/site\/#organization","name":"Brasil not\u00edcias","url":"https:\/\/brasilnoticias.org\/site\/","logo":{"@type":"ImageObject","inLanguage":"pt-PT","@id":"https:\/\/brasilnoticias.org\/site\/#\/schema\/logo\/image\/","url":"https:\/\/brasilnoticias.org\/site\/wp-content\/uploads\/2022\/05\/cropped-brasilnoticias-mini.jpg","contentUrl":"https:\/\/brasilnoticias.org\/site\/wp-content\/uploads\/2022\/05\/cropped-brasilnoticias-mini.jpg","width":314,"height":86,"caption":"Brasil not\u00edcias"},"image":{"@id":"https:\/\/brasilnoticias.org\/site\/#\/schema\/logo\/image\/"}},{"@type":"Person","@id":"https:\/\/brasilnoticias.org\/site\/#\/schema\/person\/03bbbfe6c7634ad18c26444ea39049fa","name":"Reda\u00e7\u00e3o","image":{"@type":"ImageObject","inLanguage":"pt-PT","@id":"https:\/\/brasilnoticias.org\/site\/#\/schema\/person\/image\/","url":"https:\/\/secure.gravatar.com\/avatar\/9ecaf7327a696cb23ad926fedded5f1f04d7049de9e445375d55b48c001a6e42?s=96&d=mm&r=g","contentUrl":"https:\/\/secure.gravatar.com\/avatar\/9ecaf7327a696cb23ad926fedded5f1f04d7049de9e445375d55b48c001a6e42?s=96&d=mm&r=g","caption":"Reda\u00e7\u00e3o"},"url":"https:\/\/brasilnoticias.org\/site\/author\/henrique\/"}]}},"_links":{"self":[{"href":"https:\/\/brasilnoticias.org\/site\/wp-json\/wp\/v2\/posts\/21755","targetHints":{"allow":["GET"]}}],"collection":[{"href":"https:\/\/brasilnoticias.org\/site\/wp-json\/wp\/v2\/posts"}],"about":[{"href":"https:\/\/brasilnoticias.org\/site\/wp-json\/wp\/v2\/types\/post"}],"author":[{"embeddable":true,"href":"https:\/\/brasilnoticias.org\/site\/wp-json\/wp\/v2\/users\/4"}],"replies":[{"embeddable":true,"href":"https:\/\/brasilnoticias.org\/site\/wp-json\/wp\/v2\/comments?post=21755"}],"version-history":[{"count":1,"href":"https:\/\/brasilnoticias.org\/site\/wp-json\/wp\/v2\/posts\/21755\/revisions"}],"predecessor-version":[{"id":21757,"href":"https:\/\/brasilnoticias.org\/site\/wp-json\/wp\/v2\/posts\/21755\/revisions\/21757"}],"wp:featuredmedia":[{"embeddable":true,"href":"https:\/\/brasilnoticias.org\/site\/wp-json\/wp\/v2\/media\/21756"}],"wp:attachment":[{"href":"https:\/\/brasilnoticias.org\/site\/wp-json\/wp\/v2\/media?parent=21755"}],"wp:term":[{"taxonomy":"category","embeddable":true,"href":"https:\/\/brasilnoticias.org\/site\/wp-json\/wp\/v2\/categories?post=21755"},{"taxonomy":"post_tag","embeddable":true,"href":"https:\/\/brasilnoticias.org\/site\/wp-json\/wp\/v2\/tags?post=21755"}],"curies":[{"name":"wp","href":"https:\/\/api.w.org\/{rel}","templated":true}]}}