{"id":21766,"date":"2026-04-24T06:23:27","date_gmt":"2026-04-24T09:23:27","guid":{"rendered":"https:\/\/brasilnoticias.org\/site\/?p=21766"},"modified":"2026-04-24T06:23:27","modified_gmt":"2026-04-24T09:23:27","slug":"guarda-municipal-pode-passar-a-aplicar-multas-de-transito-em-salvador","status":"publish","type":"post","link":"https:\/\/brasilnoticias.org\/site\/guarda-municipal-pode-passar-a-aplicar-multas-de-transito-em-salvador\/","title":{"rendered":"Guarda Municipal pode passar a aplicar multas de tr\u00e2nsito em Salvador"},"content":{"rendered":"<p data-start=\"306\" data-end=\"560\">A Prefeitura de Salvador avalia a possibilidade de autorizar a Guarda Civil Municipal a aplicar multas de tr\u00e2nsito na capital baiana. A medida est\u00e1 em debate dentro da Secretaria Municipal de Ordem P\u00fablica (Semop) e ainda depende de decis\u00e3o do Executivo.<\/p>\n<p data-start=\"562\" data-end=\"762\">Atualmente, a fiscaliza\u00e7\u00e3o e aplica\u00e7\u00e3o de infra\u00e7\u00f5es de tr\u00e2nsito na cidade s\u00e3o atribui\u00e7\u00f5es exclusivas da Superintend\u00eancia de Tr\u00e2nsito de Salvador (Transalvador).<\/p>\n<p data-start=\"764\" data-end=\"1080\">A discuss\u00e3o ganhou for\u00e7a ap\u00f3s a apresenta\u00e7\u00e3o de um projeto de lei pelo vereador Maur\u00edcio Trindade, que prop\u00f5e ampliar as fun\u00e7\u00f5es da Guarda Municipal no munic\u00edpio. Segundo o diretor da Semop, Alysson Carvalho, j\u00e1 existe respaldo legal que permite esse tipo de atua\u00e7\u00e3o, desde que haja autoriza\u00e7\u00e3o formal da prefeitura.<\/p>\n<p data-start=\"1082\" data-end=\"1365\">De acordo com o gestor, a participa\u00e7\u00e3o da Guarda no tr\u00e2nsito poderia refor\u00e7ar a fiscaliza\u00e7\u00e3o nas ruas. A ideia \u00e9 que a medida funcione como um complemento ao trabalho j\u00e1 realizado pela Transalvador, aumentando a presen\u00e7a de agentes e, consequentemente, a capacidade de monitoramento.<\/p>\n<h2 data-section-id=\"11n9wzm\" data-start=\"1367\" data-end=\"1418\">Amplia\u00e7\u00e3o depender\u00e1 de estrutura e acordo formal<\/h2>\n<p data-start=\"1420\" data-end=\"1662\">Apesar da possibilidade, a mudan\u00e7a ainda exigiria ajustes operacionais. A implementa\u00e7\u00e3o dependeria de um conv\u00eanio ou autoriza\u00e7\u00e3o oficial do munic\u00edpio, al\u00e9m da cria\u00e7\u00e3o de estrutura adequada para que os guardas atuem nesse tipo de fiscaliza\u00e7\u00e3o.<\/p>\n<p data-start=\"1664\" data-end=\"1991\">A pr\u00f3pria Guarda Civil Municipal afirmou, em nota, que est\u00e1 aberta a colaborar com o tr\u00e2nsito da cidade. A corpora\u00e7\u00e3o j\u00e1 participa de a\u00e7\u00f5es de apoio \u00e0 seguran\u00e7a vi\u00e1ria e acredita que a amplia\u00e7\u00e3o de suas compet\u00eancias pode contribuir para melhorar a fiscaliza\u00e7\u00e3o e reduzir irregularidades.<\/p>\n<h2 data-section-id=\"yfddze\" data-start=\"1993\" data-end=\"2060\">Especialista v\u00ea impacto limitado no comportamento dos motoristas<\/h2>\n<p data-start=\"2062\" data-end=\"2317\">Para especialistas, no entanto, o aumento da fiscaliza\u00e7\u00e3o pode n\u00e3o ser suficiente para mudar a conduta dos motoristas. A advogada de tr\u00e2nsito Thamires Santos avalia que medidas punitivas t\u00eam efeito limitado quando n\u00e3o s\u00e3o acompanhadas de a\u00e7\u00f5es educativas.<\/p>\n<p data-start=\"2319\" data-end=\"2612\">Segundo ela, a tend\u00eancia \u00e9 que o n\u00famero de multas aumente com mais agentes nas ruas, mas sem necessariamente gerar mudan\u00e7as significativas no comportamento dos condutores. A especialista tamb\u00e9m aponta que opera\u00e7\u00f5es mais frequentes podem impactar o fluxo de ve\u00edculos em alguns pontos da cidade.<\/p>\n<h2 data-section-id=\"1k7xevw\" data-start=\"2614\" data-end=\"2666\">Necessidade de capacita\u00e7\u00e3o e defini\u00e7\u00e3o de fun\u00e7\u00f5es<\/h2>\n<p data-start=\"2668\" data-end=\"2927\">Outro ponto levantado \u00e9 a necessidade de capacita\u00e7\u00e3o espec\u00edfica dos guardas municipais para atuar no tr\u00e2nsito. A atua\u00e7\u00e3o exige conhecimento t\u00e9cnico sobre o C\u00f3digo de Tr\u00e2nsito Brasileiro e defini\u00e7\u00e3o clara de atribui\u00e7\u00f5es para evitar conflitos com outros \u00f3rg\u00e3os.<\/p>\n<p data-start=\"2929\" data-end=\"3161\">Caso avance, a proposta deve passar por regulamenta\u00e7\u00e3o e planejamento antes de entrar em vigor. A decis\u00e3o final caber\u00e1 \u00e0 prefeitura, que vai avaliar os impactos da medida na mobilidade urbana e na seguran\u00e7a vi\u00e1ria da capital baiana.<\/p>\n","protected":false},"excerpt":{"rendered":"<p>A Prefeitura de Salvador avalia a possibilidade de autorizar a Guarda Civil Municipal a aplicar multas de tr\u00e2nsito na capital<\/p>\n","protected":false},"author":4,"featured_media":21767,"comment_status":"open","ping_status":"open","sticky":false,"template":"","format":"standard","meta":{"colormag_page_container_layout":"default_layout","colormag_page_sidebar_layout":"default_layout","_FSMCFIC_featured_image_caption":"","_FSMCFIC_featured_image_nocaption":"","_FSMCFIC_featured_image_hide":"","footnotes":""},"categories":[2,1],"tags":[],"class_list":["post-21766","post","type-post","status-publish","format-standard","has-post-thumbnail","hentry","category-noticias","category-ultimas"],"yoast_head":"<!-- This site is optimized with the Yoast SEO plugin v27.1.1 - https:\/\/yoast.com\/product\/yoast-seo-wordpress\/ -->\n<title>Guarda Municipal pode passar a aplicar multas de tr\u00e2nsito em Salvador - Brasil not\u00edcias<\/title>\n<meta name=\"robots\" content=\"index, follow, max-snippet:-1, max-image-preview:large, max-video-preview:-1\" \/>\n<link rel=\"canonical\" href=\"https:\/\/brasilnoticias.org\/site\/guarda-municipal-pode-passar-a-aplicar-multas-de-transito-em-salvador\/\" \/>\n<meta property=\"og:locale\" content=\"pt_PT\" \/>\n<meta property=\"og:type\" content=\"article\" \/>\n<meta property=\"og:title\" content=\"Guarda Municipal pode passar a aplicar multas de tr\u00e2nsito em Salvador - Brasil not\u00edcias\" \/>\n<meta property=\"og:description\" content=\"A Prefeitura de Salvador avalia a possibilidade de autorizar a Guarda Civil Municipal a aplicar multas de tr\u00e2nsito na capital\" \/>\n<meta property=\"og:url\" content=\"https:\/\/brasilnoticias.org\/site\/guarda-municipal-pode-passar-a-aplicar-multas-de-transito-em-salvador\/\" \/>\n<meta property=\"og:site_name\" content=\"Brasil not\u00edcias\" \/>\n<meta property=\"article:published_time\" content=\"2026-04-24T09:23:27+00:00\" \/>\n<meta property=\"og:image\" content=\"https:\/\/brasilnoticias.org\/site\/wp-content\/uploads\/2026\/04\/IMAGEM_NOTICIA_9-1-3.webp\" \/>\n\t<meta property=\"og:image:width\" content=\"1200\" \/>\n\t<meta property=\"og:image:height\" content=\"630\" \/>\n\t<meta property=\"og:image:type\" content=\"image\/webp\" \/>\n<meta name=\"author\" content=\"Reda\u00e7\u00e3o\" \/>\n<meta name=\"twitter:card\" content=\"summary_large_image\" \/>\n<meta name=\"twitter:label1\" content=\"Escrito por\" \/>\n\t<meta name=\"twitter:data1\" content=\"Reda\u00e7\u00e3o\" \/>\n\t<meta name=\"twitter:label2\" content=\"Tempo estimado de leitura\" \/>\n\t<meta name=\"twitter:data2\" content=\"3 minutos\" \/>\n<script type=\"application\/ld+json\" class=\"yoast-schema-graph\">{\"@context\":\"https:\/\/schema.org\",\"@graph\":[{\"@type\":\"Article\",\"@id\":\"https:\/\/brasilnoticias.org\/site\/guarda-municipal-pode-passar-a-aplicar-multas-de-transito-em-salvador\/#article\",\"isPartOf\":{\"@id\":\"https:\/\/brasilnoticias.org\/site\/guarda-municipal-pode-passar-a-aplicar-multas-de-transito-em-salvador\/\"},\"author\":{\"name\":\"Reda\u00e7\u00e3o\",\"@id\":\"https:\/\/brasilnoticias.org\/site\/#\/schema\/person\/03bbbfe6c7634ad18c26444ea39049fa\"},\"headline\":\"Guarda Municipal pode passar a aplicar multas de tr\u00e2nsito em Salvador\",\"datePublished\":\"2026-04-24T09:23:27+00:00\",\"mainEntityOfPage\":{\"@id\":\"https:\/\/brasilnoticias.org\/site\/guarda-municipal-pode-passar-a-aplicar-multas-de-transito-em-salvador\/\"},\"wordCount\":499,\"commentCount\":0,\"publisher\":{\"@id\":\"https:\/\/brasilnoticias.org\/site\/#organization\"},\"image\":{\"@id\":\"https:\/\/brasilnoticias.org\/site\/guarda-municipal-pode-passar-a-aplicar-multas-de-transito-em-salvador\/#primaryimage\"},\"thumbnailUrl\":\"https:\/\/brasilnoticias.org\/site\/wp-content\/uploads\/2026\/04\/IMAGEM_NOTICIA_9-1-3.webp\",\"articleSection\":[\"Not\u00edcias\",\"\u00daltimas\"],\"inLanguage\":\"pt-PT\",\"potentialAction\":[{\"@type\":\"CommentAction\",\"name\":\"Comment\",\"target\":[\"https:\/\/brasilnoticias.org\/site\/guarda-municipal-pode-passar-a-aplicar-multas-de-transito-em-salvador\/#respond\"]}]},{\"@type\":\"WebPage\",\"@id\":\"https:\/\/brasilnoticias.org\/site\/guarda-municipal-pode-passar-a-aplicar-multas-de-transito-em-salvador\/\",\"url\":\"https:\/\/brasilnoticias.org\/site\/guarda-municipal-pode-passar-a-aplicar-multas-de-transito-em-salvador\/\",\"name\":\"Guarda Municipal pode passar a aplicar multas de tr\u00e2nsito em Salvador - Brasil not\u00edcias\",\"isPartOf\":{\"@id\":\"https:\/\/brasilnoticias.org\/site\/#website\"},\"primaryImageOfPage\":{\"@id\":\"https:\/\/brasilnoticias.org\/site\/guarda-municipal-pode-passar-a-aplicar-multas-de-transito-em-salvador\/#primaryimage\"},\"image\":{\"@id\":\"https:\/\/brasilnoticias.org\/site\/guarda-municipal-pode-passar-a-aplicar-multas-de-transito-em-salvador\/#primaryimage\"},\"thumbnailUrl\":\"https:\/\/brasilnoticias.org\/site\/wp-content\/uploads\/2026\/04\/IMAGEM_NOTICIA_9-1-3.webp\",\"datePublished\":\"2026-04-24T09:23:27+00:00\",\"breadcrumb\":{\"@id\":\"https:\/\/brasilnoticias.org\/site\/guarda-municipal-pode-passar-a-aplicar-multas-de-transito-em-salvador\/#breadcrumb\"},\"inLanguage\":\"pt-PT\",\"potentialAction\":[{\"@type\":\"ReadAction\",\"target\":[\"https:\/\/brasilnoticias.org\/site\/guarda-municipal-pode-passar-a-aplicar-multas-de-transito-em-salvador\/\"]}]},{\"@type\":\"ImageObject\",\"inLanguage\":\"pt-PT\",\"@id\":\"https:\/\/brasilnoticias.org\/site\/guarda-municipal-pode-passar-a-aplicar-multas-de-transito-em-salvador\/#primaryimage\",\"url\":\"https:\/\/brasilnoticias.org\/site\/wp-content\/uploads\/2026\/04\/IMAGEM_NOTICIA_9-1-3.webp\",\"contentUrl\":\"https:\/\/brasilnoticias.org\/site\/wp-content\/uploads\/2026\/04\/IMAGEM_NOTICIA_9-1-3.webp\",\"width\":1200,\"height\":630,\"caption\":\"Foto: Divulga\u00e7\u00e3o \/ GCM\"},{\"@type\":\"BreadcrumbList\",\"@id\":\"https:\/\/brasilnoticias.org\/site\/guarda-municipal-pode-passar-a-aplicar-multas-de-transito-em-salvador\/#breadcrumb\",\"itemListElement\":[{\"@type\":\"ListItem\",\"position\":1,\"name\":\"In\u00edcio\",\"item\":\"https:\/\/brasilnoticias.org\/site\/\"},{\"@type\":\"ListItem\",\"position\":2,\"name\":\"Guarda Municipal pode passar a aplicar multas de tr\u00e2nsito em Salvador\"}]},{\"@type\":\"WebSite\",\"@id\":\"https:\/\/brasilnoticias.org\/site\/#website\",\"url\":\"https:\/\/brasilnoticias.org\/site\/\",\"name\":\"Brasil not\u00edcias\",\"description\":\"Brasil not\u00edcias\",\"publisher\":{\"@id\":\"https:\/\/brasilnoticias.org\/site\/#organization\"},\"potentialAction\":[{\"@type\":\"SearchAction\",\"target\":{\"@type\":\"EntryPoint\",\"urlTemplate\":\"https:\/\/brasilnoticias.org\/site\/?s={search_term_string}\"},\"query-input\":{\"@type\":\"PropertyValueSpecification\",\"valueRequired\":true,\"valueName\":\"search_term_string\"}}],\"inLanguage\":\"pt-PT\"},{\"@type\":\"Organization\",\"@id\":\"https:\/\/brasilnoticias.org\/site\/#organization\",\"name\":\"Brasil not\u00edcias\",\"url\":\"https:\/\/brasilnoticias.org\/site\/\",\"logo\":{\"@type\":\"ImageObject\",\"inLanguage\":\"pt-PT\",\"@id\":\"https:\/\/brasilnoticias.org\/site\/#\/schema\/logo\/image\/\",\"url\":\"https:\/\/brasilnoticias.org\/site\/wp-content\/uploads\/2022\/05\/cropped-brasilnoticias-mini.jpg\",\"contentUrl\":\"https:\/\/brasilnoticias.org\/site\/wp-content\/uploads\/2022\/05\/cropped-brasilnoticias-mini.jpg\",\"width\":314,\"height\":86,\"caption\":\"Brasil not\u00edcias\"},\"image\":{\"@id\":\"https:\/\/brasilnoticias.org\/site\/#\/schema\/logo\/image\/\"}},{\"@type\":\"Person\",\"@id\":\"https:\/\/brasilnoticias.org\/site\/#\/schema\/person\/03bbbfe6c7634ad18c26444ea39049fa\",\"name\":\"Reda\u00e7\u00e3o\",\"image\":{\"@type\":\"ImageObject\",\"inLanguage\":\"pt-PT\",\"@id\":\"https:\/\/brasilnoticias.org\/site\/#\/schema\/person\/image\/\",\"url\":\"https:\/\/secure.gravatar.com\/avatar\/9ecaf7327a696cb23ad926fedded5f1f04d7049de9e445375d55b48c001a6e42?s=96&d=mm&r=g\",\"contentUrl\":\"https:\/\/secure.gravatar.com\/avatar\/9ecaf7327a696cb23ad926fedded5f1f04d7049de9e445375d55b48c001a6e42?s=96&d=mm&r=g\",\"caption\":\"Reda\u00e7\u00e3o\"},\"url\":\"https:\/\/brasilnoticias.org\/site\/author\/henrique\/\"}]}<\/script>\n<!-- \/ Yoast SEO plugin. -->","yoast_head_json":{"title":"Guarda Municipal pode passar a aplicar multas de tr\u00e2nsito em Salvador - Brasil not\u00edcias","robots":{"index":"index","follow":"follow","max-snippet":"max-snippet:-1","max-image-preview":"max-image-preview:large","max-video-preview":"max-video-preview:-1"},"canonical":"https:\/\/brasilnoticias.org\/site\/guarda-municipal-pode-passar-a-aplicar-multas-de-transito-em-salvador\/","og_locale":"pt_PT","og_type":"article","og_title":"Guarda Municipal pode passar a aplicar multas de tr\u00e2nsito em Salvador - Brasil not\u00edcias","og_description":"A Prefeitura de Salvador avalia a possibilidade de autorizar a Guarda Civil Municipal a aplicar multas de tr\u00e2nsito na capital","og_url":"https:\/\/brasilnoticias.org\/site\/guarda-municipal-pode-passar-a-aplicar-multas-de-transito-em-salvador\/","og_site_name":"Brasil not\u00edcias","article_published_time":"2026-04-24T09:23:27+00:00","og_image":[{"width":1200,"height":630,"url":"https:\/\/brasilnoticias.org\/site\/wp-content\/uploads\/2026\/04\/IMAGEM_NOTICIA_9-1-3.webp","type":"image\/webp"}],"author":"Reda\u00e7\u00e3o","twitter_card":"summary_large_image","twitter_misc":{"Escrito por":"Reda\u00e7\u00e3o","Tempo estimado de leitura":"3 minutos"},"schema":{"@context":"https:\/\/schema.org","@graph":[{"@type":"Article","@id":"https:\/\/brasilnoticias.org\/site\/guarda-municipal-pode-passar-a-aplicar-multas-de-transito-em-salvador\/#article","isPartOf":{"@id":"https:\/\/brasilnoticias.org\/site\/guarda-municipal-pode-passar-a-aplicar-multas-de-transito-em-salvador\/"},"author":{"name":"Reda\u00e7\u00e3o","@id":"https:\/\/brasilnoticias.org\/site\/#\/schema\/person\/03bbbfe6c7634ad18c26444ea39049fa"},"headline":"Guarda Municipal pode passar a aplicar multas de tr\u00e2nsito em Salvador","datePublished":"2026-04-24T09:23:27+00:00","mainEntityOfPage":{"@id":"https:\/\/brasilnoticias.org\/site\/guarda-municipal-pode-passar-a-aplicar-multas-de-transito-em-salvador\/"},"wordCount":499,"commentCount":0,"publisher":{"@id":"https:\/\/brasilnoticias.org\/site\/#organization"},"image":{"@id":"https:\/\/brasilnoticias.org\/site\/guarda-municipal-pode-passar-a-aplicar-multas-de-transito-em-salvador\/#primaryimage"},"thumbnailUrl":"https:\/\/brasilnoticias.org\/site\/wp-content\/uploads\/2026\/04\/IMAGEM_NOTICIA_9-1-3.webp","articleSection":["Not\u00edcias","\u00daltimas"],"inLanguage":"pt-PT","potentialAction":[{"@type":"CommentAction","name":"Comment","target":["https:\/\/brasilnoticias.org\/site\/guarda-municipal-pode-passar-a-aplicar-multas-de-transito-em-salvador\/#respond"]}]},{"@type":"WebPage","@id":"https:\/\/brasilnoticias.org\/site\/guarda-municipal-pode-passar-a-aplicar-multas-de-transito-em-salvador\/","url":"https:\/\/brasilnoticias.org\/site\/guarda-municipal-pode-passar-a-aplicar-multas-de-transito-em-salvador\/","name":"Guarda Municipal pode passar a aplicar multas de tr\u00e2nsito em Salvador - Brasil not\u00edcias","isPartOf":{"@id":"https:\/\/brasilnoticias.org\/site\/#website"},"primaryImageOfPage":{"@id":"https:\/\/brasilnoticias.org\/site\/guarda-municipal-pode-passar-a-aplicar-multas-de-transito-em-salvador\/#primaryimage"},"image":{"@id":"https:\/\/brasilnoticias.org\/site\/guarda-municipal-pode-passar-a-aplicar-multas-de-transito-em-salvador\/#primaryimage"},"thumbnailUrl":"https:\/\/brasilnoticias.org\/site\/wp-content\/uploads\/2026\/04\/IMAGEM_NOTICIA_9-1-3.webp","datePublished":"2026-04-24T09:23:27+00:00","breadcrumb":{"@id":"https:\/\/brasilnoticias.org\/site\/guarda-municipal-pode-passar-a-aplicar-multas-de-transito-em-salvador\/#breadcrumb"},"inLanguage":"pt-PT","potentialAction":[{"@type":"ReadAction","target":["https:\/\/brasilnoticias.org\/site\/guarda-municipal-pode-passar-a-aplicar-multas-de-transito-em-salvador\/"]}]},{"@type":"ImageObject","inLanguage":"pt-PT","@id":"https:\/\/brasilnoticias.org\/site\/guarda-municipal-pode-passar-a-aplicar-multas-de-transito-em-salvador\/#primaryimage","url":"https:\/\/brasilnoticias.org\/site\/wp-content\/uploads\/2026\/04\/IMAGEM_NOTICIA_9-1-3.webp","contentUrl":"https:\/\/brasilnoticias.org\/site\/wp-content\/uploads\/2026\/04\/IMAGEM_NOTICIA_9-1-3.webp","width":1200,"height":630,"caption":"Foto: Divulga\u00e7\u00e3o \/ GCM"},{"@type":"BreadcrumbList","@id":"https:\/\/brasilnoticias.org\/site\/guarda-municipal-pode-passar-a-aplicar-multas-de-transito-em-salvador\/#breadcrumb","itemListElement":[{"@type":"ListItem","position":1,"name":"In\u00edcio","item":"https:\/\/brasilnoticias.org\/site\/"},{"@type":"ListItem","position":2,"name":"Guarda Municipal pode passar a aplicar multas de tr\u00e2nsito em Salvador"}]},{"@type":"WebSite","@id":"https:\/\/brasilnoticias.org\/site\/#website","url":"https:\/\/brasilnoticias.org\/site\/","name":"Brasil not\u00edcias","description":"Brasil not\u00edcias","publisher":{"@id":"https:\/\/brasilnoticias.org\/site\/#organization"},"potentialAction":[{"@type":"SearchAction","target":{"@type":"EntryPoint","urlTemplate":"https:\/\/brasilnoticias.org\/site\/?s={search_term_string}"},"query-input":{"@type":"PropertyValueSpecification","valueRequired":true,"valueName":"search_term_string"}}],"inLanguage":"pt-PT"},{"@type":"Organization","@id":"https:\/\/brasilnoticias.org\/site\/#organization","name":"Brasil not\u00edcias","url":"https:\/\/brasilnoticias.org\/site\/","logo":{"@type":"ImageObject","inLanguage":"pt-PT","@id":"https:\/\/brasilnoticias.org\/site\/#\/schema\/logo\/image\/","url":"https:\/\/brasilnoticias.org\/site\/wp-content\/uploads\/2022\/05\/cropped-brasilnoticias-mini.jpg","contentUrl":"https:\/\/brasilnoticias.org\/site\/wp-content\/uploads\/2022\/05\/cropped-brasilnoticias-mini.jpg","width":314,"height":86,"caption":"Brasil not\u00edcias"},"image":{"@id":"https:\/\/brasilnoticias.org\/site\/#\/schema\/logo\/image\/"}},{"@type":"Person","@id":"https:\/\/brasilnoticias.org\/site\/#\/schema\/person\/03bbbfe6c7634ad18c26444ea39049fa","name":"Reda\u00e7\u00e3o","image":{"@type":"ImageObject","inLanguage":"pt-PT","@id":"https:\/\/brasilnoticias.org\/site\/#\/schema\/person\/image\/","url":"https:\/\/secure.gravatar.com\/avatar\/9ecaf7327a696cb23ad926fedded5f1f04d7049de9e445375d55b48c001a6e42?s=96&d=mm&r=g","contentUrl":"https:\/\/secure.gravatar.com\/avatar\/9ecaf7327a696cb23ad926fedded5f1f04d7049de9e445375d55b48c001a6e42?s=96&d=mm&r=g","caption":"Reda\u00e7\u00e3o"},"url":"https:\/\/brasilnoticias.org\/site\/author\/henrique\/"}]}},"_links":{"self":[{"href":"https:\/\/brasilnoticias.org\/site\/wp-json\/wp\/v2\/posts\/21766","targetHints":{"allow":["GET"]}}],"collection":[{"href":"https:\/\/brasilnoticias.org\/site\/wp-json\/wp\/v2\/posts"}],"about":[{"href":"https:\/\/brasilnoticias.org\/site\/wp-json\/wp\/v2\/types\/post"}],"author":[{"embeddable":true,"href":"https:\/\/brasilnoticias.org\/site\/wp-json\/wp\/v2\/users\/4"}],"replies":[{"embeddable":true,"href":"https:\/\/brasilnoticias.org\/site\/wp-json\/wp\/v2\/comments?post=21766"}],"version-history":[{"count":1,"href":"https:\/\/brasilnoticias.org\/site\/wp-json\/wp\/v2\/posts\/21766\/revisions"}],"predecessor-version":[{"id":21768,"href":"https:\/\/brasilnoticias.org\/site\/wp-json\/wp\/v2\/posts\/21766\/revisions\/21768"}],"wp:featuredmedia":[{"embeddable":true,"href":"https:\/\/brasilnoticias.org\/site\/wp-json\/wp\/v2\/media\/21767"}],"wp:attachment":[{"href":"https:\/\/brasilnoticias.org\/site\/wp-json\/wp\/v2\/media?parent=21766"}],"wp:term":[{"taxonomy":"category","embeddable":true,"href":"https:\/\/brasilnoticias.org\/site\/wp-json\/wp\/v2\/categories?post=21766"},{"taxonomy":"post_tag","embeddable":true,"href":"https:\/\/brasilnoticias.org\/site\/wp-json\/wp\/v2\/tags?post=21766"}],"curies":[{"name":"wp","href":"https:\/\/api.w.org\/{rel}","templated":true}]}}