{"id":21772,"date":"2026-04-24T07:26:46","date_gmt":"2026-04-24T10:26:46","guid":{"rendered":"https:\/\/brasilnoticias.org\/site\/?p=21772"},"modified":"2026-04-24T07:26:46","modified_gmt":"2026-04-24T10:26:46","slug":"conta-de-luz-fica-mais-cara-na-bahia-apos-reajuste-aprovado-pela-aneel","status":"publish","type":"post","link":"https:\/\/brasilnoticias.org\/site\/conta-de-luz-fica-mais-cara-na-bahia-apos-reajuste-aprovado-pela-aneel\/","title":{"rendered":"Conta de luz fica mais cara na Bahia ap\u00f3s reajuste aprovado pela Aneel"},"content":{"rendered":"<p data-start=\"288\" data-end=\"526\">A conta de luz dos baianos ficar\u00e1 mais cara ap\u00f3s a Ag\u00eancia Nacional de Energia El\u00e9trica (Aneel) aprovar o reajuste tarif\u00e1rio anual da Neoenergia Coelba. O aumento m\u00e9dio ser\u00e1 de 5,85% e j\u00e1 come\u00e7a a valer para consumidores em todo o estado.<\/p>\n<p data-start=\"528\" data-end=\"727\">A medida faz parte do processo peri\u00f3dico de revis\u00e3o previsto nos contratos de concess\u00e3o e deve atingir cerca de 6,92 milh\u00f5es de unidades consumidoras na Bahia.<\/p>\n<h2 data-section-id=\"18xoe5k\" data-start=\"729\" data-end=\"776\">Reajuste varia conforme tipo de consumidor<\/h2>\n<p data-start=\"778\" data-end=\"1014\">De acordo com a Aneel, o impacto do aumento n\u00e3o ser\u00e1 igual para todos. Para consumidores de baixa tens\u00e3o \u2014 como resid\u00eancias \u2014 o reajuste m\u00e9dio \u00e9 menor, enquanto para clientes de alta tens\u00e3o, como ind\u00fastrias, o percentual \u00e9 mais elevado.<\/p>\n<p data-start=\"1016\" data-end=\"1177\">No caso dos consumidores residenciais, o efeito m\u00e9dio \u00e9 de aproximadamente 3,93%, enquanto a m\u00e9dia geral chega aos 5,85%.<\/p>\n<h2 data-section-id=\"1rr8zfq\" data-start=\"1179\" data-end=\"1227\">Custos do setor el\u00e9trico pressionam tarifas<\/h2>\n<p data-start=\"1229\" data-end=\"1314\">Segundo a ag\u00eancia reguladora, o aumento foi motivado principalmente por fatores como:<\/p>\n<ul data-start=\"1315\" data-end=\"1446\">\n<li data-section-id=\"1eid41\" data-start=\"1315\" data-end=\"1387\">encargos setoriais (custos que financiam pol\u00edticas p\u00fablicas do setor);<\/li>\n<li data-section-id=\"b4airo\" data-start=\"1388\" data-end=\"1421\">despesas com compra de energia;<\/li>\n<li data-section-id=\"15esdso\" data-start=\"1422\" data-end=\"1446\">custos de transmiss\u00e3o.<\/li>\n<\/ul>\n<p data-start=\"1448\" data-end=\"1629\">Esses componentes fazem parte da estrutura tarif\u00e1ria e s\u00e3o reajustados periodicamente para manter o equil\u00edbrio financeiro das distribuidoras.<\/p>\n<h2 data-section-id=\"76b8px\" data-start=\"1631\" data-end=\"1677\">Reajuste na Bahia acompanha alta nacional<\/h2>\n<p data-start=\"1679\" data-end=\"1916\">O aumento na Bahia segue uma tend\u00eancia nacional. A Aneel aprovou reajustes para diversas distribuidoras do pa\u00eds, com \u00edndices que variam entre 5% e 15%, atingindo mais de 22 milh\u00f5es de consumidores.<\/p>\n<p data-start=\"1918\" data-end=\"2107\">Al\u00e9m disso, a expectativa para 2026 \u00e9 de que a conta de luz tenha uma alta m\u00e9dia de cerca de 8% no Brasil, acima da infla\u00e7\u00e3o prevista para o per\u00edodo.<\/p>\n<h2 data-section-id=\"l6l9dz\" data-start=\"2109\" data-end=\"2151\">Impacto direto no bolso do consumidor<\/h2>\n<p data-start=\"2153\" data-end=\"2303\">Com o reajuste, o aumento na conta de luz passa a pesar no or\u00e7amento das fam\u00edlias, especialmente em um cen\u00e1rio de infla\u00e7\u00e3o e aumento do custo de vida.<\/p>\n<p data-start=\"2305\" data-end=\"2488\">Especialistas apontam que, mesmo com reajustes menores em algumas regi\u00f5es, a tend\u00eancia \u00e9 de press\u00e3o cont\u00ednua nas tarifas devido ao custo da gera\u00e7\u00e3o de energia e aos encargos do setor.<\/p>\n<p data-start=\"2490\" data-end=\"2669\">A recomenda\u00e7\u00e3o \u00e9 que consumidores adotem medidas de economia para reduzir o impacto, como o uso consciente de eletrodom\u00e9sticos e a redu\u00e7\u00e3o do consumo em hor\u00e1rios de maior demanda.<\/p>\n","protected":false},"excerpt":{"rendered":"<p>A conta de luz dos baianos ficar\u00e1 mais cara ap\u00f3s a Ag\u00eancia Nacional de Energia El\u00e9trica (Aneel) aprovar o reajuste<\/p>\n","protected":false},"author":4,"featured_media":21773,"comment_status":"open","ping_status":"open","sticky":false,"template":"","format":"standard","meta":{"colormag_page_container_layout":"default_layout","colormag_page_sidebar_layout":"default_layout","_FSMCFIC_featured_image_caption":"","_FSMCFIC_featured_image_nocaption":"","_FSMCFIC_featured_image_hide":"","footnotes":""},"categories":[2,1],"tags":[],"class_list":["post-21772","post","type-post","status-publish","format-standard","has-post-thumbnail","hentry","category-noticias","category-ultimas"],"yoast_head":"<!-- This site is optimized with the Yoast SEO plugin v27.1.1 - https:\/\/yoast.com\/product\/yoast-seo-wordpress\/ -->\n<title>Conta de luz fica mais cara na Bahia ap\u00f3s reajuste aprovado pela Aneel - Brasil not\u00edcias<\/title>\n<meta name=\"robots\" content=\"index, follow, max-snippet:-1, max-image-preview:large, max-video-preview:-1\" \/>\n<link rel=\"canonical\" href=\"https:\/\/brasilnoticias.org\/site\/conta-de-luz-fica-mais-cara-na-bahia-apos-reajuste-aprovado-pela-aneel\/\" \/>\n<meta property=\"og:locale\" content=\"pt_PT\" \/>\n<meta property=\"og:type\" content=\"article\" \/>\n<meta property=\"og:title\" content=\"Conta de luz fica mais cara na Bahia ap\u00f3s reajuste aprovado pela Aneel - Brasil not\u00edcias\" \/>\n<meta property=\"og:description\" content=\"A conta de luz dos baianos ficar\u00e1 mais cara ap\u00f3s a Ag\u00eancia Nacional de Energia El\u00e9trica (Aneel) aprovar o reajuste\" \/>\n<meta property=\"og:url\" content=\"https:\/\/brasilnoticias.org\/site\/conta-de-luz-fica-mais-cara-na-bahia-apos-reajuste-aprovado-pela-aneel\/\" \/>\n<meta property=\"og:site_name\" content=\"Brasil not\u00edcias\" \/>\n<meta property=\"article:published_time\" content=\"2026-04-24T10:26:46+00:00\" \/>\n<meta property=\"og:image\" content=\"https:\/\/brasilnoticias.org\/site\/wp-content\/uploads\/2026\/04\/conta-de-luz.webp\" \/>\n\t<meta property=\"og:image:width\" content=\"600\" \/>\n\t<meta property=\"og:image:height\" content=\"360\" \/>\n\t<meta property=\"og:image:type\" content=\"image\/webp\" \/>\n<meta name=\"author\" content=\"Reda\u00e7\u00e3o\" \/>\n<meta name=\"twitter:card\" content=\"summary_large_image\" \/>\n<meta name=\"twitter:label1\" content=\"Escrito por\" \/>\n\t<meta name=\"twitter:data1\" content=\"Reda\u00e7\u00e3o\" \/>\n\t<meta name=\"twitter:label2\" content=\"Tempo estimado de leitura\" \/>\n\t<meta name=\"twitter:data2\" content=\"3 minutos\" \/>\n<script type=\"application\/ld+json\" class=\"yoast-schema-graph\">{\"@context\":\"https:\/\/schema.org\",\"@graph\":[{\"@type\":\"Article\",\"@id\":\"https:\/\/brasilnoticias.org\/site\/conta-de-luz-fica-mais-cara-na-bahia-apos-reajuste-aprovado-pela-aneel\/#article\",\"isPartOf\":{\"@id\":\"https:\/\/brasilnoticias.org\/site\/conta-de-luz-fica-mais-cara-na-bahia-apos-reajuste-aprovado-pela-aneel\/\"},\"author\":{\"name\":\"Reda\u00e7\u00e3o\",\"@id\":\"https:\/\/brasilnoticias.org\/site\/#\/schema\/person\/03bbbfe6c7634ad18c26444ea39049fa\"},\"headline\":\"Conta de luz fica mais cara na Bahia ap\u00f3s reajuste aprovado pela Aneel\",\"datePublished\":\"2026-04-24T10:26:46+00:00\",\"mainEntityOfPage\":{\"@id\":\"https:\/\/brasilnoticias.org\/site\/conta-de-luz-fica-mais-cara-na-bahia-apos-reajuste-aprovado-pela-aneel\/\"},\"wordCount\":391,\"commentCount\":0,\"publisher\":{\"@id\":\"https:\/\/brasilnoticias.org\/site\/#organization\"},\"image\":{\"@id\":\"https:\/\/brasilnoticias.org\/site\/conta-de-luz-fica-mais-cara-na-bahia-apos-reajuste-aprovado-pela-aneel\/#primaryimage\"},\"thumbnailUrl\":\"https:\/\/brasilnoticias.org\/site\/wp-content\/uploads\/2026\/04\/conta-de-luz.webp\",\"articleSection\":[\"Not\u00edcias\",\"\u00daltimas\"],\"inLanguage\":\"pt-PT\",\"potentialAction\":[{\"@type\":\"CommentAction\",\"name\":\"Comment\",\"target\":[\"https:\/\/brasilnoticias.org\/site\/conta-de-luz-fica-mais-cara-na-bahia-apos-reajuste-aprovado-pela-aneel\/#respond\"]}]},{\"@type\":\"WebPage\",\"@id\":\"https:\/\/brasilnoticias.org\/site\/conta-de-luz-fica-mais-cara-na-bahia-apos-reajuste-aprovado-pela-aneel\/\",\"url\":\"https:\/\/brasilnoticias.org\/site\/conta-de-luz-fica-mais-cara-na-bahia-apos-reajuste-aprovado-pela-aneel\/\",\"name\":\"Conta de luz fica mais cara na Bahia ap\u00f3s reajuste aprovado pela Aneel - Brasil not\u00edcias\",\"isPartOf\":{\"@id\":\"https:\/\/brasilnoticias.org\/site\/#website\"},\"primaryImageOfPage\":{\"@id\":\"https:\/\/brasilnoticias.org\/site\/conta-de-luz-fica-mais-cara-na-bahia-apos-reajuste-aprovado-pela-aneel\/#primaryimage\"},\"image\":{\"@id\":\"https:\/\/brasilnoticias.org\/site\/conta-de-luz-fica-mais-cara-na-bahia-apos-reajuste-aprovado-pela-aneel\/#primaryimage\"},\"thumbnailUrl\":\"https:\/\/brasilnoticias.org\/site\/wp-content\/uploads\/2026\/04\/conta-de-luz.webp\",\"datePublished\":\"2026-04-24T10:26:46+00:00\",\"breadcrumb\":{\"@id\":\"https:\/\/brasilnoticias.org\/site\/conta-de-luz-fica-mais-cara-na-bahia-apos-reajuste-aprovado-pela-aneel\/#breadcrumb\"},\"inLanguage\":\"pt-PT\",\"potentialAction\":[{\"@type\":\"ReadAction\",\"target\":[\"https:\/\/brasilnoticias.org\/site\/conta-de-luz-fica-mais-cara-na-bahia-apos-reajuste-aprovado-pela-aneel\/\"]}]},{\"@type\":\"ImageObject\",\"inLanguage\":\"pt-PT\",\"@id\":\"https:\/\/brasilnoticias.org\/site\/conta-de-luz-fica-mais-cara-na-bahia-apos-reajuste-aprovado-pela-aneel\/#primaryimage\",\"url\":\"https:\/\/brasilnoticias.org\/site\/wp-content\/uploads\/2026\/04\/conta-de-luz.webp\",\"contentUrl\":\"https:\/\/brasilnoticias.org\/site\/wp-content\/uploads\/2026\/04\/conta-de-luz.webp\",\"width\":600,\"height\":360,\"caption\":\"Foto: Marcelo Casal \/ Ag\u00eancia Brasil\"},{\"@type\":\"BreadcrumbList\",\"@id\":\"https:\/\/brasilnoticias.org\/site\/conta-de-luz-fica-mais-cara-na-bahia-apos-reajuste-aprovado-pela-aneel\/#breadcrumb\",\"itemListElement\":[{\"@type\":\"ListItem\",\"position\":1,\"name\":\"In\u00edcio\",\"item\":\"https:\/\/brasilnoticias.org\/site\/\"},{\"@type\":\"ListItem\",\"position\":2,\"name\":\"Conta de luz fica mais cara na Bahia ap\u00f3s reajuste aprovado pela Aneel\"}]},{\"@type\":\"WebSite\",\"@id\":\"https:\/\/brasilnoticias.org\/site\/#website\",\"url\":\"https:\/\/brasilnoticias.org\/site\/\",\"name\":\"Brasil not\u00edcias\",\"description\":\"Brasil not\u00edcias\",\"publisher\":{\"@id\":\"https:\/\/brasilnoticias.org\/site\/#organization\"},\"potentialAction\":[{\"@type\":\"SearchAction\",\"target\":{\"@type\":\"EntryPoint\",\"urlTemplate\":\"https:\/\/brasilnoticias.org\/site\/?s={search_term_string}\"},\"query-input\":{\"@type\":\"PropertyValueSpecification\",\"valueRequired\":true,\"valueName\":\"search_term_string\"}}],\"inLanguage\":\"pt-PT\"},{\"@type\":\"Organization\",\"@id\":\"https:\/\/brasilnoticias.org\/site\/#organization\",\"name\":\"Brasil not\u00edcias\",\"url\":\"https:\/\/brasilnoticias.org\/site\/\",\"logo\":{\"@type\":\"ImageObject\",\"inLanguage\":\"pt-PT\",\"@id\":\"https:\/\/brasilnoticias.org\/site\/#\/schema\/logo\/image\/\",\"url\":\"https:\/\/brasilnoticias.org\/site\/wp-content\/uploads\/2022\/05\/cropped-brasilnoticias-mini.jpg\",\"contentUrl\":\"https:\/\/brasilnoticias.org\/site\/wp-content\/uploads\/2022\/05\/cropped-brasilnoticias-mini.jpg\",\"width\":314,\"height\":86,\"caption\":\"Brasil not\u00edcias\"},\"image\":{\"@id\":\"https:\/\/brasilnoticias.org\/site\/#\/schema\/logo\/image\/\"}},{\"@type\":\"Person\",\"@id\":\"https:\/\/brasilnoticias.org\/site\/#\/schema\/person\/03bbbfe6c7634ad18c26444ea39049fa\",\"name\":\"Reda\u00e7\u00e3o\",\"image\":{\"@type\":\"ImageObject\",\"inLanguage\":\"pt-PT\",\"@id\":\"https:\/\/brasilnoticias.org\/site\/#\/schema\/person\/image\/\",\"url\":\"https:\/\/secure.gravatar.com\/avatar\/9ecaf7327a696cb23ad926fedded5f1f04d7049de9e445375d55b48c001a6e42?s=96&d=mm&r=g\",\"contentUrl\":\"https:\/\/secure.gravatar.com\/avatar\/9ecaf7327a696cb23ad926fedded5f1f04d7049de9e445375d55b48c001a6e42?s=96&d=mm&r=g\",\"caption\":\"Reda\u00e7\u00e3o\"},\"url\":\"https:\/\/brasilnoticias.org\/site\/author\/henrique\/\"}]}<\/script>\n<!-- \/ Yoast SEO plugin. -->","yoast_head_json":{"title":"Conta de luz fica mais cara na Bahia ap\u00f3s reajuste aprovado pela Aneel - Brasil not\u00edcias","robots":{"index":"index","follow":"follow","max-snippet":"max-snippet:-1","max-image-preview":"max-image-preview:large","max-video-preview":"max-video-preview:-1"},"canonical":"https:\/\/brasilnoticias.org\/site\/conta-de-luz-fica-mais-cara-na-bahia-apos-reajuste-aprovado-pela-aneel\/","og_locale":"pt_PT","og_type":"article","og_title":"Conta de luz fica mais cara na Bahia ap\u00f3s reajuste aprovado pela Aneel - Brasil not\u00edcias","og_description":"A conta de luz dos baianos ficar\u00e1 mais cara ap\u00f3s a Ag\u00eancia Nacional de Energia El\u00e9trica (Aneel) aprovar o reajuste","og_url":"https:\/\/brasilnoticias.org\/site\/conta-de-luz-fica-mais-cara-na-bahia-apos-reajuste-aprovado-pela-aneel\/","og_site_name":"Brasil not\u00edcias","article_published_time":"2026-04-24T10:26:46+00:00","og_image":[{"width":600,"height":360,"url":"https:\/\/brasilnoticias.org\/site\/wp-content\/uploads\/2026\/04\/conta-de-luz.webp","type":"image\/webp"}],"author":"Reda\u00e7\u00e3o","twitter_card":"summary_large_image","twitter_misc":{"Escrito por":"Reda\u00e7\u00e3o","Tempo estimado de leitura":"3 minutos"},"schema":{"@context":"https:\/\/schema.org","@graph":[{"@type":"Article","@id":"https:\/\/brasilnoticias.org\/site\/conta-de-luz-fica-mais-cara-na-bahia-apos-reajuste-aprovado-pela-aneel\/#article","isPartOf":{"@id":"https:\/\/brasilnoticias.org\/site\/conta-de-luz-fica-mais-cara-na-bahia-apos-reajuste-aprovado-pela-aneel\/"},"author":{"name":"Reda\u00e7\u00e3o","@id":"https:\/\/brasilnoticias.org\/site\/#\/schema\/person\/03bbbfe6c7634ad18c26444ea39049fa"},"headline":"Conta de luz fica mais cara na Bahia ap\u00f3s reajuste aprovado pela Aneel","datePublished":"2026-04-24T10:26:46+00:00","mainEntityOfPage":{"@id":"https:\/\/brasilnoticias.org\/site\/conta-de-luz-fica-mais-cara-na-bahia-apos-reajuste-aprovado-pela-aneel\/"},"wordCount":391,"commentCount":0,"publisher":{"@id":"https:\/\/brasilnoticias.org\/site\/#organization"},"image":{"@id":"https:\/\/brasilnoticias.org\/site\/conta-de-luz-fica-mais-cara-na-bahia-apos-reajuste-aprovado-pela-aneel\/#primaryimage"},"thumbnailUrl":"https:\/\/brasilnoticias.org\/site\/wp-content\/uploads\/2026\/04\/conta-de-luz.webp","articleSection":["Not\u00edcias","\u00daltimas"],"inLanguage":"pt-PT","potentialAction":[{"@type":"CommentAction","name":"Comment","target":["https:\/\/brasilnoticias.org\/site\/conta-de-luz-fica-mais-cara-na-bahia-apos-reajuste-aprovado-pela-aneel\/#respond"]}]},{"@type":"WebPage","@id":"https:\/\/brasilnoticias.org\/site\/conta-de-luz-fica-mais-cara-na-bahia-apos-reajuste-aprovado-pela-aneel\/","url":"https:\/\/brasilnoticias.org\/site\/conta-de-luz-fica-mais-cara-na-bahia-apos-reajuste-aprovado-pela-aneel\/","name":"Conta de luz fica mais cara na Bahia ap\u00f3s reajuste aprovado pela Aneel - Brasil not\u00edcias","isPartOf":{"@id":"https:\/\/brasilnoticias.org\/site\/#website"},"primaryImageOfPage":{"@id":"https:\/\/brasilnoticias.org\/site\/conta-de-luz-fica-mais-cara-na-bahia-apos-reajuste-aprovado-pela-aneel\/#primaryimage"},"image":{"@id":"https:\/\/brasilnoticias.org\/site\/conta-de-luz-fica-mais-cara-na-bahia-apos-reajuste-aprovado-pela-aneel\/#primaryimage"},"thumbnailUrl":"https:\/\/brasilnoticias.org\/site\/wp-content\/uploads\/2026\/04\/conta-de-luz.webp","datePublished":"2026-04-24T10:26:46+00:00","breadcrumb":{"@id":"https:\/\/brasilnoticias.org\/site\/conta-de-luz-fica-mais-cara-na-bahia-apos-reajuste-aprovado-pela-aneel\/#breadcrumb"},"inLanguage":"pt-PT","potentialAction":[{"@type":"ReadAction","target":["https:\/\/brasilnoticias.org\/site\/conta-de-luz-fica-mais-cara-na-bahia-apos-reajuste-aprovado-pela-aneel\/"]}]},{"@type":"ImageObject","inLanguage":"pt-PT","@id":"https:\/\/brasilnoticias.org\/site\/conta-de-luz-fica-mais-cara-na-bahia-apos-reajuste-aprovado-pela-aneel\/#primaryimage","url":"https:\/\/brasilnoticias.org\/site\/wp-content\/uploads\/2026\/04\/conta-de-luz.webp","contentUrl":"https:\/\/brasilnoticias.org\/site\/wp-content\/uploads\/2026\/04\/conta-de-luz.webp","width":600,"height":360,"caption":"Foto: Marcelo Casal \/ Ag\u00eancia Brasil"},{"@type":"BreadcrumbList","@id":"https:\/\/brasilnoticias.org\/site\/conta-de-luz-fica-mais-cara-na-bahia-apos-reajuste-aprovado-pela-aneel\/#breadcrumb","itemListElement":[{"@type":"ListItem","position":1,"name":"In\u00edcio","item":"https:\/\/brasilnoticias.org\/site\/"},{"@type":"ListItem","position":2,"name":"Conta de luz fica mais cara na Bahia ap\u00f3s reajuste aprovado pela Aneel"}]},{"@type":"WebSite","@id":"https:\/\/brasilnoticias.org\/site\/#website","url":"https:\/\/brasilnoticias.org\/site\/","name":"Brasil not\u00edcias","description":"Brasil not\u00edcias","publisher":{"@id":"https:\/\/brasilnoticias.org\/site\/#organization"},"potentialAction":[{"@type":"SearchAction","target":{"@type":"EntryPoint","urlTemplate":"https:\/\/brasilnoticias.org\/site\/?s={search_term_string}"},"query-input":{"@type":"PropertyValueSpecification","valueRequired":true,"valueName":"search_term_string"}}],"inLanguage":"pt-PT"},{"@type":"Organization","@id":"https:\/\/brasilnoticias.org\/site\/#organization","name":"Brasil not\u00edcias","url":"https:\/\/brasilnoticias.org\/site\/","logo":{"@type":"ImageObject","inLanguage":"pt-PT","@id":"https:\/\/brasilnoticias.org\/site\/#\/schema\/logo\/image\/","url":"https:\/\/brasilnoticias.org\/site\/wp-content\/uploads\/2022\/05\/cropped-brasilnoticias-mini.jpg","contentUrl":"https:\/\/brasilnoticias.org\/site\/wp-content\/uploads\/2022\/05\/cropped-brasilnoticias-mini.jpg","width":314,"height":86,"caption":"Brasil not\u00edcias"},"image":{"@id":"https:\/\/brasilnoticias.org\/site\/#\/schema\/logo\/image\/"}},{"@type":"Person","@id":"https:\/\/brasilnoticias.org\/site\/#\/schema\/person\/03bbbfe6c7634ad18c26444ea39049fa","name":"Reda\u00e7\u00e3o","image":{"@type":"ImageObject","inLanguage":"pt-PT","@id":"https:\/\/brasilnoticias.org\/site\/#\/schema\/person\/image\/","url":"https:\/\/secure.gravatar.com\/avatar\/9ecaf7327a696cb23ad926fedded5f1f04d7049de9e445375d55b48c001a6e42?s=96&d=mm&r=g","contentUrl":"https:\/\/secure.gravatar.com\/avatar\/9ecaf7327a696cb23ad926fedded5f1f04d7049de9e445375d55b48c001a6e42?s=96&d=mm&r=g","caption":"Reda\u00e7\u00e3o"},"url":"https:\/\/brasilnoticias.org\/site\/author\/henrique\/"}]}},"_links":{"self":[{"href":"https:\/\/brasilnoticias.org\/site\/wp-json\/wp\/v2\/posts\/21772","targetHints":{"allow":["GET"]}}],"collection":[{"href":"https:\/\/brasilnoticias.org\/site\/wp-json\/wp\/v2\/posts"}],"about":[{"href":"https:\/\/brasilnoticias.org\/site\/wp-json\/wp\/v2\/types\/post"}],"author":[{"embeddable":true,"href":"https:\/\/brasilnoticias.org\/site\/wp-json\/wp\/v2\/users\/4"}],"replies":[{"embeddable":true,"href":"https:\/\/brasilnoticias.org\/site\/wp-json\/wp\/v2\/comments?post=21772"}],"version-history":[{"count":1,"href":"https:\/\/brasilnoticias.org\/site\/wp-json\/wp\/v2\/posts\/21772\/revisions"}],"predecessor-version":[{"id":21774,"href":"https:\/\/brasilnoticias.org\/site\/wp-json\/wp\/v2\/posts\/21772\/revisions\/21774"}],"wp:featuredmedia":[{"embeddable":true,"href":"https:\/\/brasilnoticias.org\/site\/wp-json\/wp\/v2\/media\/21773"}],"wp:attachment":[{"href":"https:\/\/brasilnoticias.org\/site\/wp-json\/wp\/v2\/media?parent=21772"}],"wp:term":[{"taxonomy":"category","embeddable":true,"href":"https:\/\/brasilnoticias.org\/site\/wp-json\/wp\/v2\/categories?post=21772"},{"taxonomy":"post_tag","embeddable":true,"href":"https:\/\/brasilnoticias.org\/site\/wp-json\/wp\/v2\/tags?post=21772"}],"curies":[{"name":"wp","href":"https:\/\/api.w.org\/{rel}","templated":true}]}}