{"id":21775,"date":"2026-04-24T08:18:50","date_gmt":"2026-04-24T11:18:50","guid":{"rendered":"https:\/\/brasilnoticias.org\/site\/?p=21775"},"modified":"2026-04-24T08:18:50","modified_gmt":"2026-04-24T11:18:50","slug":"daniel-vorcaro-passa-por-exames-apos-apresentar-sangue-na-urina-na-prisao","status":"publish","type":"post","link":"https:\/\/brasilnoticias.org\/site\/daniel-vorcaro-passa-por-exames-apos-apresentar-sangue-na-urina-na-prisao\/","title":{"rendered":"Daniel Vorcaro passa por exames ap\u00f3s apresentar sangue na urina na pris\u00e3o"},"content":{"rendered":"<p data-start=\"319\" data-end=\"571\"><span class=\"hover:entity-accent entity-underline inline cursor-pointer align-baseline\"><span class=\"whitespace-normal\">Daniel Vorcaro<\/span><\/span> passou por exames m\u00e9dicos ap\u00f3s apresentar sangue na urina enquanto estava preso na Superintend\u00eancia da Pol\u00edcia Federal, em Bras\u00edlia. O epis\u00f3dio ocorreu ap\u00f3s um mal-estar registrado no in\u00edcio da semana.<\/p>\n<p data-start=\"573\" data-end=\"864\">Segundo informa\u00e7\u00f5es, Vorcaro passou mal dentro da unidade prisional e recebeu atendimento m\u00e9dico inicial ainda na pr\u00f3pria carceragem. Diante do quadro, a defesa solicitou autoriza\u00e7\u00e3o para que ele fosse submetido a exames mais detalhados fora do local.<\/p>\n<h2 data-section-id=\"12uxlrt\" data-start=\"866\" data-end=\"927\">Transfer\u00eancia para hospital dependeu de decis\u00e3o judicial<\/h2>\n<p data-start=\"929\" data-end=\"1224\">Como o empres\u00e1rio est\u00e1 sob cust\u00f3dia, qualquer deslocamento para atendimento externo precisou de autoriza\u00e7\u00e3o do Supremo Tribunal Federal (STF). O caso est\u00e1 sob an\u00e1lise do ministro <span class=\"hover:entity-accent entity-underline inline cursor-pointer align-baseline\"><span class=\"whitespace-normal\">Andr\u00e9 Mendon\u00e7a<\/span><\/span>, respons\u00e1vel por decidir sobre a necessidade de exames em ambiente hospitalar.<\/p>\n<p data-start=\"1226\" data-end=\"1447\">A autoriza\u00e7\u00e3o acabou sendo concedida, permitindo que Vorcaro deixasse temporariamente a unidade da Pol\u00edcia Federal para realizar os procedimentos m\u00e9dicos em um hospital de Bras\u00edlia.<\/p>\n<h2 data-section-id=\"oxjrk5\" data-start=\"1449\" data-end=\"1491\">Quadro de sa\u00fade \u00e9 considerado est\u00e1vel<\/h2>\n<p data-start=\"1493\" data-end=\"1768\">Apesar do susto causado pelo sangramento \u2014 condi\u00e7\u00e3o conhecida como hemat\u00faria \u2014, o estado geral de sa\u00fade do empres\u00e1rio \u00e9 considerado est\u00e1vel at\u00e9 o momento. Avalia\u00e7\u00f5es preliminares foram feitas ainda dentro da pris\u00e3o por equipes m\u00e9dicas.<\/p>\n<p data-start=\"1770\" data-end=\"1936\">A realiza\u00e7\u00e3o de exames mais completos busca identificar a causa do problema, que pode estar relacionada a diferentes condi\u00e7\u00f5es cl\u00ednicas e exige investiga\u00e7\u00e3o adequada.<\/p>\n<h2 data-section-id=\"9803v1\" data-start=\"1938\" data-end=\"1993\">Pris\u00e3o ocorre no \u00e2mbito de investiga\u00e7\u00e3o financeira<\/h2>\n<p data-start=\"1995\" data-end=\"2187\">Vorcaro est\u00e1 preso desde mar\u00e7o na sede da Pol\u00edcia Federal, em Bras\u00edlia, no contexto de investiga\u00e7\u00f5es envolvendo o Banco Master. O caso apura suspeitas de irregularidades no sistema financeiro.<\/p>\n<p data-start=\"2189\" data-end=\"2429\">Nos \u00faltimos dias, al\u00e9m das quest\u00f5es de sa\u00fade, o empres\u00e1rio tamb\u00e9m enfrentou restri\u00e7\u00f5es tempor\u00e1rias de contato com advogados devido a procedimentos internos na unidade, situa\u00e7\u00e3o que j\u00e1 foi normalizada.<\/p>\n<h2 data-section-id=\"1nzg6x4\" data-start=\"2431\" data-end=\"2482\">Pr\u00f3ximos passos dependem de resultados m\u00e9dicos<\/h2>\n<p data-start=\"2484\" data-end=\"2641\">Os resultados dos exames devem orientar os pr\u00f3ximos passos tanto no acompanhamento da sa\u00fade do empres\u00e1rio quanto nas decis\u00f5es judiciais relacionadas ao caso.<\/p>\n<p data-start=\"2643\" data-end=\"2786\">A depender da avalia\u00e7\u00e3o m\u00e9dica, novas medidas poder\u00e3o ser adotadas, incluindo a continuidade do tratamento fora ou dentro da unidade prisional.<\/p>\n","protected":false},"excerpt":{"rendered":"<p>Daniel Vorcaro passou por exames m\u00e9dicos ap\u00f3s apresentar sangue na urina enquanto estava preso na Superintend\u00eancia da Pol\u00edcia Federal, em<\/p>\n","protected":false},"author":4,"featured_media":21776,"comment_status":"open","ping_status":"open","sticky":false,"template":"","format":"standard","meta":{"colormag_page_container_layout":"default_layout","colormag_page_sidebar_layout":"default_layout","_FSMCFIC_featured_image_caption":"","_FSMCFIC_featured_image_nocaption":"","_FSMCFIC_featured_image_hide":"","footnotes":""},"categories":[2,1],"tags":[],"class_list":["post-21775","post","type-post","status-publish","format-standard","has-post-thumbnail","hentry","category-noticias","category-ultimas"],"yoast_head":"<!-- This site is optimized with the Yoast SEO plugin v27.1.1 - https:\/\/yoast.com\/product\/yoast-seo-wordpress\/ -->\n<title>Daniel Vorcaro passa por exames ap\u00f3s apresentar sangue na urina na pris\u00e3o - Brasil not\u00edcias<\/title>\n<meta name=\"robots\" content=\"index, follow, max-snippet:-1, max-image-preview:large, max-video-preview:-1\" \/>\n<link rel=\"canonical\" href=\"https:\/\/brasilnoticias.org\/site\/daniel-vorcaro-passa-por-exames-apos-apresentar-sangue-na-urina-na-prisao\/\" \/>\n<meta property=\"og:locale\" content=\"pt_PT\" \/>\n<meta property=\"og:type\" content=\"article\" \/>\n<meta property=\"og:title\" content=\"Daniel Vorcaro passa por exames ap\u00f3s apresentar sangue na urina na pris\u00e3o - Brasil not\u00edcias\" \/>\n<meta property=\"og:description\" content=\"Daniel Vorcaro passou por exames m\u00e9dicos ap\u00f3s apresentar sangue na urina enquanto estava preso na Superintend\u00eancia da Pol\u00edcia Federal, em\" \/>\n<meta property=\"og:url\" content=\"https:\/\/brasilnoticias.org\/site\/daniel-vorcaro-passa-por-exames-apos-apresentar-sangue-na-urina-na-prisao\/\" \/>\n<meta property=\"og:site_name\" content=\"Brasil not\u00edcias\" \/>\n<meta property=\"article:published_time\" content=\"2026-04-24T11:18:50+00:00\" \/>\n<meta property=\"og:image\" content=\"https:\/\/brasilnoticias.org\/site\/wp-content\/uploads\/2026\/04\/daniel-vorcaro-passa-por-tres-exames-apos-urinar-s0138680400202604240741-ScaleDownProportional.webp\" \/>\n\t<meta property=\"og:image:width\" content=\"1200\" \/>\n\t<meta property=\"og:image:height\" content=\"718\" \/>\n\t<meta property=\"og:image:type\" content=\"image\/webp\" \/>\n<meta name=\"author\" content=\"Reda\u00e7\u00e3o\" \/>\n<meta name=\"twitter:card\" content=\"summary_large_image\" \/>\n<meta name=\"twitter:label1\" content=\"Escrito por\" \/>\n\t<meta name=\"twitter:data1\" content=\"Reda\u00e7\u00e3o\" \/>\n\t<meta name=\"twitter:label2\" content=\"Tempo estimado de leitura\" \/>\n\t<meta name=\"twitter:data2\" content=\"2 minutos\" \/>\n<script type=\"application\/ld+json\" class=\"yoast-schema-graph\">{\"@context\":\"https:\/\/schema.org\",\"@graph\":[{\"@type\":\"Article\",\"@id\":\"https:\/\/brasilnoticias.org\/site\/daniel-vorcaro-passa-por-exames-apos-apresentar-sangue-na-urina-na-prisao\/#article\",\"isPartOf\":{\"@id\":\"https:\/\/brasilnoticias.org\/site\/daniel-vorcaro-passa-por-exames-apos-apresentar-sangue-na-urina-na-prisao\/\"},\"author\":{\"name\":\"Reda\u00e7\u00e3o\",\"@id\":\"https:\/\/brasilnoticias.org\/site\/#\/schema\/person\/03bbbfe6c7634ad18c26444ea39049fa\"},\"headline\":\"Daniel Vorcaro passa por exames ap\u00f3s apresentar sangue na urina na pris\u00e3o\",\"datePublished\":\"2026-04-24T11:18:50+00:00\",\"mainEntityOfPage\":{\"@id\":\"https:\/\/brasilnoticias.org\/site\/daniel-vorcaro-passa-por-exames-apos-apresentar-sangue-na-urina-na-prisao\/\"},\"wordCount\":392,\"commentCount\":0,\"publisher\":{\"@id\":\"https:\/\/brasilnoticias.org\/site\/#organization\"},\"image\":{\"@id\":\"https:\/\/brasilnoticias.org\/site\/daniel-vorcaro-passa-por-exames-apos-apresentar-sangue-na-urina-na-prisao\/#primaryimage\"},\"thumbnailUrl\":\"https:\/\/brasilnoticias.org\/site\/wp-content\/uploads\/2026\/04\/daniel-vorcaro-passa-por-tres-exames-apos-urinar-s0138680400202604240741-ScaleDownProportional.webp\",\"articleSection\":[\"Not\u00edcias\",\"\u00daltimas\"],\"inLanguage\":\"pt-PT\",\"potentialAction\":[{\"@type\":\"CommentAction\",\"name\":\"Comment\",\"target\":[\"https:\/\/brasilnoticias.org\/site\/daniel-vorcaro-passa-por-exames-apos-apresentar-sangue-na-urina-na-prisao\/#respond\"]}]},{\"@type\":\"WebPage\",\"@id\":\"https:\/\/brasilnoticias.org\/site\/daniel-vorcaro-passa-por-exames-apos-apresentar-sangue-na-urina-na-prisao\/\",\"url\":\"https:\/\/brasilnoticias.org\/site\/daniel-vorcaro-passa-por-exames-apos-apresentar-sangue-na-urina-na-prisao\/\",\"name\":\"Daniel Vorcaro passa por exames ap\u00f3s apresentar sangue na urina na pris\u00e3o - Brasil not\u00edcias\",\"isPartOf\":{\"@id\":\"https:\/\/brasilnoticias.org\/site\/#website\"},\"primaryImageOfPage\":{\"@id\":\"https:\/\/brasilnoticias.org\/site\/daniel-vorcaro-passa-por-exames-apos-apresentar-sangue-na-urina-na-prisao\/#primaryimage\"},\"image\":{\"@id\":\"https:\/\/brasilnoticias.org\/site\/daniel-vorcaro-passa-por-exames-apos-apresentar-sangue-na-urina-na-prisao\/#primaryimage\"},\"thumbnailUrl\":\"https:\/\/brasilnoticias.org\/site\/wp-content\/uploads\/2026\/04\/daniel-vorcaro-passa-por-tres-exames-apos-urinar-s0138680400202604240741-ScaleDownProportional.webp\",\"datePublished\":\"2026-04-24T11:18:50+00:00\",\"breadcrumb\":{\"@id\":\"https:\/\/brasilnoticias.org\/site\/daniel-vorcaro-passa-por-exames-apos-apresentar-sangue-na-urina-na-prisao\/#breadcrumb\"},\"inLanguage\":\"pt-PT\",\"potentialAction\":[{\"@type\":\"ReadAction\",\"target\":[\"https:\/\/brasilnoticias.org\/site\/daniel-vorcaro-passa-por-exames-apos-apresentar-sangue-na-urina-na-prisao\/\"]}]},{\"@type\":\"ImageObject\",\"inLanguage\":\"pt-PT\",\"@id\":\"https:\/\/brasilnoticias.org\/site\/daniel-vorcaro-passa-por-exames-apos-apresentar-sangue-na-urina-na-prisao\/#primaryimage\",\"url\":\"https:\/\/brasilnoticias.org\/site\/wp-content\/uploads\/2026\/04\/daniel-vorcaro-passa-por-tres-exames-apos-urinar-s0138680400202604240741-ScaleDownProportional.webp\",\"contentUrl\":\"https:\/\/brasilnoticias.org\/site\/wp-content\/uploads\/2026\/04\/daniel-vorcaro-passa-por-tres-exames-apos-urinar-s0138680400202604240741-ScaleDownProportional.webp\",\"width\":1200,\"height\":718,\"caption\":\"Foto: Divulga\u00e7\u00e3o\/Seap-SP\"},{\"@type\":\"BreadcrumbList\",\"@id\":\"https:\/\/brasilnoticias.org\/site\/daniel-vorcaro-passa-por-exames-apos-apresentar-sangue-na-urina-na-prisao\/#breadcrumb\",\"itemListElement\":[{\"@type\":\"ListItem\",\"position\":1,\"name\":\"In\u00edcio\",\"item\":\"https:\/\/brasilnoticias.org\/site\/\"},{\"@type\":\"ListItem\",\"position\":2,\"name\":\"Daniel Vorcaro passa por exames ap\u00f3s apresentar sangue na urina na pris\u00e3o\"}]},{\"@type\":\"WebSite\",\"@id\":\"https:\/\/brasilnoticias.org\/site\/#website\",\"url\":\"https:\/\/brasilnoticias.org\/site\/\",\"name\":\"Brasil not\u00edcias\",\"description\":\"Brasil not\u00edcias\",\"publisher\":{\"@id\":\"https:\/\/brasilnoticias.org\/site\/#organization\"},\"potentialAction\":[{\"@type\":\"SearchAction\",\"target\":{\"@type\":\"EntryPoint\",\"urlTemplate\":\"https:\/\/brasilnoticias.org\/site\/?s={search_term_string}\"},\"query-input\":{\"@type\":\"PropertyValueSpecification\",\"valueRequired\":true,\"valueName\":\"search_term_string\"}}],\"inLanguage\":\"pt-PT\"},{\"@type\":\"Organization\",\"@id\":\"https:\/\/brasilnoticias.org\/site\/#organization\",\"name\":\"Brasil not\u00edcias\",\"url\":\"https:\/\/brasilnoticias.org\/site\/\",\"logo\":{\"@type\":\"ImageObject\",\"inLanguage\":\"pt-PT\",\"@id\":\"https:\/\/brasilnoticias.org\/site\/#\/schema\/logo\/image\/\",\"url\":\"https:\/\/brasilnoticias.org\/site\/wp-content\/uploads\/2022\/05\/cropped-brasilnoticias-mini.jpg\",\"contentUrl\":\"https:\/\/brasilnoticias.org\/site\/wp-content\/uploads\/2022\/05\/cropped-brasilnoticias-mini.jpg\",\"width\":314,\"height\":86,\"caption\":\"Brasil not\u00edcias\"},\"image\":{\"@id\":\"https:\/\/brasilnoticias.org\/site\/#\/schema\/logo\/image\/\"}},{\"@type\":\"Person\",\"@id\":\"https:\/\/brasilnoticias.org\/site\/#\/schema\/person\/03bbbfe6c7634ad18c26444ea39049fa\",\"name\":\"Reda\u00e7\u00e3o\",\"image\":{\"@type\":\"ImageObject\",\"inLanguage\":\"pt-PT\",\"@id\":\"https:\/\/brasilnoticias.org\/site\/#\/schema\/person\/image\/\",\"url\":\"https:\/\/secure.gravatar.com\/avatar\/9ecaf7327a696cb23ad926fedded5f1f04d7049de9e445375d55b48c001a6e42?s=96&d=mm&r=g\",\"contentUrl\":\"https:\/\/secure.gravatar.com\/avatar\/9ecaf7327a696cb23ad926fedded5f1f04d7049de9e445375d55b48c001a6e42?s=96&d=mm&r=g\",\"caption\":\"Reda\u00e7\u00e3o\"},\"url\":\"https:\/\/brasilnoticias.org\/site\/author\/henrique\/\"}]}<\/script>\n<!-- \/ Yoast SEO plugin. -->","yoast_head_json":{"title":"Daniel Vorcaro passa por exames ap\u00f3s apresentar sangue na urina na pris\u00e3o - Brasil not\u00edcias","robots":{"index":"index","follow":"follow","max-snippet":"max-snippet:-1","max-image-preview":"max-image-preview:large","max-video-preview":"max-video-preview:-1"},"canonical":"https:\/\/brasilnoticias.org\/site\/daniel-vorcaro-passa-por-exames-apos-apresentar-sangue-na-urina-na-prisao\/","og_locale":"pt_PT","og_type":"article","og_title":"Daniel Vorcaro passa por exames ap\u00f3s apresentar sangue na urina na pris\u00e3o - Brasil not\u00edcias","og_description":"Daniel Vorcaro passou por exames m\u00e9dicos ap\u00f3s apresentar sangue na urina enquanto estava preso na Superintend\u00eancia da Pol\u00edcia Federal, em","og_url":"https:\/\/brasilnoticias.org\/site\/daniel-vorcaro-passa-por-exames-apos-apresentar-sangue-na-urina-na-prisao\/","og_site_name":"Brasil not\u00edcias","article_published_time":"2026-04-24T11:18:50+00:00","og_image":[{"width":1200,"height":718,"url":"https:\/\/brasilnoticias.org\/site\/wp-content\/uploads\/2026\/04\/daniel-vorcaro-passa-por-tres-exames-apos-urinar-s0138680400202604240741-ScaleDownProportional.webp","type":"image\/webp"}],"author":"Reda\u00e7\u00e3o","twitter_card":"summary_large_image","twitter_misc":{"Escrito por":"Reda\u00e7\u00e3o","Tempo estimado de leitura":"2 minutos"},"schema":{"@context":"https:\/\/schema.org","@graph":[{"@type":"Article","@id":"https:\/\/brasilnoticias.org\/site\/daniel-vorcaro-passa-por-exames-apos-apresentar-sangue-na-urina-na-prisao\/#article","isPartOf":{"@id":"https:\/\/brasilnoticias.org\/site\/daniel-vorcaro-passa-por-exames-apos-apresentar-sangue-na-urina-na-prisao\/"},"author":{"name":"Reda\u00e7\u00e3o","@id":"https:\/\/brasilnoticias.org\/site\/#\/schema\/person\/03bbbfe6c7634ad18c26444ea39049fa"},"headline":"Daniel Vorcaro passa por exames ap\u00f3s apresentar sangue na urina na pris\u00e3o","datePublished":"2026-04-24T11:18:50+00:00","mainEntityOfPage":{"@id":"https:\/\/brasilnoticias.org\/site\/daniel-vorcaro-passa-por-exames-apos-apresentar-sangue-na-urina-na-prisao\/"},"wordCount":392,"commentCount":0,"publisher":{"@id":"https:\/\/brasilnoticias.org\/site\/#organization"},"image":{"@id":"https:\/\/brasilnoticias.org\/site\/daniel-vorcaro-passa-por-exames-apos-apresentar-sangue-na-urina-na-prisao\/#primaryimage"},"thumbnailUrl":"https:\/\/brasilnoticias.org\/site\/wp-content\/uploads\/2026\/04\/daniel-vorcaro-passa-por-tres-exames-apos-urinar-s0138680400202604240741-ScaleDownProportional.webp","articleSection":["Not\u00edcias","\u00daltimas"],"inLanguage":"pt-PT","potentialAction":[{"@type":"CommentAction","name":"Comment","target":["https:\/\/brasilnoticias.org\/site\/daniel-vorcaro-passa-por-exames-apos-apresentar-sangue-na-urina-na-prisao\/#respond"]}]},{"@type":"WebPage","@id":"https:\/\/brasilnoticias.org\/site\/daniel-vorcaro-passa-por-exames-apos-apresentar-sangue-na-urina-na-prisao\/","url":"https:\/\/brasilnoticias.org\/site\/daniel-vorcaro-passa-por-exames-apos-apresentar-sangue-na-urina-na-prisao\/","name":"Daniel Vorcaro passa por exames ap\u00f3s apresentar sangue na urina na pris\u00e3o - Brasil not\u00edcias","isPartOf":{"@id":"https:\/\/brasilnoticias.org\/site\/#website"},"primaryImageOfPage":{"@id":"https:\/\/brasilnoticias.org\/site\/daniel-vorcaro-passa-por-exames-apos-apresentar-sangue-na-urina-na-prisao\/#primaryimage"},"image":{"@id":"https:\/\/brasilnoticias.org\/site\/daniel-vorcaro-passa-por-exames-apos-apresentar-sangue-na-urina-na-prisao\/#primaryimage"},"thumbnailUrl":"https:\/\/brasilnoticias.org\/site\/wp-content\/uploads\/2026\/04\/daniel-vorcaro-passa-por-tres-exames-apos-urinar-s0138680400202604240741-ScaleDownProportional.webp","datePublished":"2026-04-24T11:18:50+00:00","breadcrumb":{"@id":"https:\/\/brasilnoticias.org\/site\/daniel-vorcaro-passa-por-exames-apos-apresentar-sangue-na-urina-na-prisao\/#breadcrumb"},"inLanguage":"pt-PT","potentialAction":[{"@type":"ReadAction","target":["https:\/\/brasilnoticias.org\/site\/daniel-vorcaro-passa-por-exames-apos-apresentar-sangue-na-urina-na-prisao\/"]}]},{"@type":"ImageObject","inLanguage":"pt-PT","@id":"https:\/\/brasilnoticias.org\/site\/daniel-vorcaro-passa-por-exames-apos-apresentar-sangue-na-urina-na-prisao\/#primaryimage","url":"https:\/\/brasilnoticias.org\/site\/wp-content\/uploads\/2026\/04\/daniel-vorcaro-passa-por-tres-exames-apos-urinar-s0138680400202604240741-ScaleDownProportional.webp","contentUrl":"https:\/\/brasilnoticias.org\/site\/wp-content\/uploads\/2026\/04\/daniel-vorcaro-passa-por-tres-exames-apos-urinar-s0138680400202604240741-ScaleDownProportional.webp","width":1200,"height":718,"caption":"Foto: Divulga\u00e7\u00e3o\/Seap-SP"},{"@type":"BreadcrumbList","@id":"https:\/\/brasilnoticias.org\/site\/daniel-vorcaro-passa-por-exames-apos-apresentar-sangue-na-urina-na-prisao\/#breadcrumb","itemListElement":[{"@type":"ListItem","position":1,"name":"In\u00edcio","item":"https:\/\/brasilnoticias.org\/site\/"},{"@type":"ListItem","position":2,"name":"Daniel Vorcaro passa por exames ap\u00f3s apresentar sangue na urina na pris\u00e3o"}]},{"@type":"WebSite","@id":"https:\/\/brasilnoticias.org\/site\/#website","url":"https:\/\/brasilnoticias.org\/site\/","name":"Brasil not\u00edcias","description":"Brasil not\u00edcias","publisher":{"@id":"https:\/\/brasilnoticias.org\/site\/#organization"},"potentialAction":[{"@type":"SearchAction","target":{"@type":"EntryPoint","urlTemplate":"https:\/\/brasilnoticias.org\/site\/?s={search_term_string}"},"query-input":{"@type":"PropertyValueSpecification","valueRequired":true,"valueName":"search_term_string"}}],"inLanguage":"pt-PT"},{"@type":"Organization","@id":"https:\/\/brasilnoticias.org\/site\/#organization","name":"Brasil not\u00edcias","url":"https:\/\/brasilnoticias.org\/site\/","logo":{"@type":"ImageObject","inLanguage":"pt-PT","@id":"https:\/\/brasilnoticias.org\/site\/#\/schema\/logo\/image\/","url":"https:\/\/brasilnoticias.org\/site\/wp-content\/uploads\/2022\/05\/cropped-brasilnoticias-mini.jpg","contentUrl":"https:\/\/brasilnoticias.org\/site\/wp-content\/uploads\/2022\/05\/cropped-brasilnoticias-mini.jpg","width":314,"height":86,"caption":"Brasil not\u00edcias"},"image":{"@id":"https:\/\/brasilnoticias.org\/site\/#\/schema\/logo\/image\/"}},{"@type":"Person","@id":"https:\/\/brasilnoticias.org\/site\/#\/schema\/person\/03bbbfe6c7634ad18c26444ea39049fa","name":"Reda\u00e7\u00e3o","image":{"@type":"ImageObject","inLanguage":"pt-PT","@id":"https:\/\/brasilnoticias.org\/site\/#\/schema\/person\/image\/","url":"https:\/\/secure.gravatar.com\/avatar\/9ecaf7327a696cb23ad926fedded5f1f04d7049de9e445375d55b48c001a6e42?s=96&d=mm&r=g","contentUrl":"https:\/\/secure.gravatar.com\/avatar\/9ecaf7327a696cb23ad926fedded5f1f04d7049de9e445375d55b48c001a6e42?s=96&d=mm&r=g","caption":"Reda\u00e7\u00e3o"},"url":"https:\/\/brasilnoticias.org\/site\/author\/henrique\/"}]}},"_links":{"self":[{"href":"https:\/\/brasilnoticias.org\/site\/wp-json\/wp\/v2\/posts\/21775","targetHints":{"allow":["GET"]}}],"collection":[{"href":"https:\/\/brasilnoticias.org\/site\/wp-json\/wp\/v2\/posts"}],"about":[{"href":"https:\/\/brasilnoticias.org\/site\/wp-json\/wp\/v2\/types\/post"}],"author":[{"embeddable":true,"href":"https:\/\/brasilnoticias.org\/site\/wp-json\/wp\/v2\/users\/4"}],"replies":[{"embeddable":true,"href":"https:\/\/brasilnoticias.org\/site\/wp-json\/wp\/v2\/comments?post=21775"}],"version-history":[{"count":1,"href":"https:\/\/brasilnoticias.org\/site\/wp-json\/wp\/v2\/posts\/21775\/revisions"}],"predecessor-version":[{"id":21777,"href":"https:\/\/brasilnoticias.org\/site\/wp-json\/wp\/v2\/posts\/21775\/revisions\/21777"}],"wp:featuredmedia":[{"embeddable":true,"href":"https:\/\/brasilnoticias.org\/site\/wp-json\/wp\/v2\/media\/21776"}],"wp:attachment":[{"href":"https:\/\/brasilnoticias.org\/site\/wp-json\/wp\/v2\/media?parent=21775"}],"wp:term":[{"taxonomy":"category","embeddable":true,"href":"https:\/\/brasilnoticias.org\/site\/wp-json\/wp\/v2\/categories?post=21775"},{"taxonomy":"post_tag","embeddable":true,"href":"https:\/\/brasilnoticias.org\/site\/wp-json\/wp\/v2\/tags?post=21775"}],"curies":[{"name":"wp","href":"https:\/\/api.w.org\/{rel}","templated":true}]}}