{"id":2178,"date":"2022-11-16T07:00:47","date_gmt":"2022-11-16T10:00:47","guid":{"rendered":"https:\/\/brasilnoticias.org\/site\/?p=2178"},"modified":"2022-11-15T17:58:23","modified_gmt":"2022-11-15T20:58:23","slug":"personal-trainer-e-morto-a-tiros-na-porta-de-casa-na-fazenda-grande-do-retiro-alunos-lamentam-na-web","status":"publish","type":"post","link":"https:\/\/brasilnoticias.org\/site\/personal-trainer-e-morto-a-tiros-na-porta-de-casa-na-fazenda-grande-do-retiro-alunos-lamentam-na-web\/","title":{"rendered":"Personal trainer \u00e9 morto a tiros na porta de casa na Fazenda Grande do Retiro; alunos lamentam na web"},"content":{"rendered":"<p>Um personal trainer foi morto a tiros, enquanto chegava na casa, no bairro da Fazenda Grande do Retiro, na capital baiana, na noite desta segunda-feira (14). Segundo informa\u00e7\u00f5es divulgadas pela Pol\u00edcia Civil, a v\u00edtima foi identificada como Wellington Jesus dos Santos, de 42 anos.<\/p>\n<p>Ainda n\u00e3o h\u00e1 informa\u00e7\u00f5es sobre a autoria e motiva\u00e7\u00e3o do crime, que ser\u00e1 investigado pelo Departamento de Homic\u00eddios e Prote\u00e7\u00e3o \u00e0 Pessoa (DHPP). Conforme informa\u00e7\u00f5es preliminares, a v\u00edtima n\u00e3o tem antecedentes criminais e a causa do homic\u00eddio \u00e9 desconhecida.<\/p>\n<p>Nas redes sociais, diversos alunos lamentaram a morte da v\u00edtima. &#8220;V\u00e1 com Deus Professor&#8221;, &#8220;N\u00e3o t\u00f4 acreditando&#8221;, comentou um. &#8220;Rapaz nem t\u00f4 acreditando&#8221;, lamentou outro. &#8220;Quanta tristeza. Cora\u00e7\u00e3o apertado em saber de uma perda t\u00e3o precoce e brutal. Deus possa confortar a sua fam\u00edlia e sua filhinha meu amigo. Voc\u00ea sempre foi um cara maravilhoso&#8221;, desabafou mais um.<\/p>\n<p>&nbsp;<\/p>\n<p>Foto Reprodu\u00e7\u00e3o Redes Sociais<br \/>\nBnews<\/p>\n","protected":false},"excerpt":{"rendered":"<p>Um personal trainer foi morto a tiros, enquanto chegava na casa, no bairro da Fazenda Grande do Retiro, na capital<\/p>\n","protected":false},"author":1,"featured_media":2179,"comment_status":"open","ping_status":"open","sticky":false,"template":"","format":"standard","meta":{"colormag_page_container_layout":"default_layout","colormag_page_sidebar_layout":"default_layout","_FSMCFIC_featured_image_caption":"","_FSMCFIC_featured_image_nocaption":"","_FSMCFIC_featured_image_hide":"","footnotes":""},"categories":[2,1],"tags":[],"class_list":["post-2178","post","type-post","status-publish","format-standard","has-post-thumbnail","hentry","category-noticias","category-ultimas"],"yoast_head":"<!-- This site is optimized with the Yoast SEO plugin v27.1.1 - https:\/\/yoast.com\/product\/yoast-seo-wordpress\/ -->\n<title>Personal trainer \u00e9 morto a tiros na porta de casa na Fazenda Grande do Retiro; alunos lamentam na web - Brasil not\u00edcias<\/title>\n<meta name=\"robots\" content=\"index, follow, max-snippet:-1, max-image-preview:large, max-video-preview:-1\" \/>\n<link rel=\"canonical\" href=\"https:\/\/brasilnoticias.org\/site\/personal-trainer-e-morto-a-tiros-na-porta-de-casa-na-fazenda-grande-do-retiro-alunos-lamentam-na-web\/\" \/>\n<meta property=\"og:locale\" content=\"pt_PT\" \/>\n<meta property=\"og:type\" content=\"article\" \/>\n<meta property=\"og:title\" content=\"Personal trainer \u00e9 morto a tiros na porta de casa na Fazenda Grande do Retiro; alunos lamentam na web - Brasil not\u00edcias\" \/>\n<meta property=\"og:description\" content=\"Um personal trainer foi morto a tiros, enquanto chegava na casa, no bairro da Fazenda Grande do Retiro, na capital\" \/>\n<meta property=\"og:url\" content=\"https:\/\/brasilnoticias.org\/site\/personal-trainer-e-morto-a-tiros-na-porta-de-casa-na-fazenda-grande-do-retiro-alunos-lamentam-na-web\/\" \/>\n<meta property=\"og:site_name\" content=\"Brasil not\u00edcias\" \/>\n<meta property=\"article:published_time\" content=\"2022-11-16T10:00:47+00:00\" \/>\n<meta property=\"og:image\" content=\"https:\/\/brasilnoticias.org\/site\/wp-content\/uploads\/2022\/11\/whatsapp_image_2022-11-15_at_12.19.23_widelg.jpeg\" \/>\n\t<meta property=\"og:image:width\" content=\"720\" \/>\n\t<meta property=\"og:image:height\" content=\"392\" \/>\n\t<meta property=\"og:image:type\" content=\"image\/jpeg\" \/>\n<meta name=\"author\" content=\"Reda\u00e7\u00e3o\" \/>\n<meta name=\"twitter:card\" content=\"summary_large_image\" \/>\n<meta name=\"twitter:label1\" content=\"Escrito por\" \/>\n\t<meta name=\"twitter:data1\" content=\"Reda\u00e7\u00e3o\" \/>\n\t<meta name=\"twitter:label2\" content=\"Tempo estimado de leitura\" \/>\n\t<meta name=\"twitter:data2\" content=\"1 minuto\" \/>\n<script type=\"application\/ld+json\" class=\"yoast-schema-graph\">{\"@context\":\"https:\/\/schema.org\",\"@graph\":[{\"@type\":\"Article\",\"@id\":\"https:\/\/brasilnoticias.org\/site\/personal-trainer-e-morto-a-tiros-na-porta-de-casa-na-fazenda-grande-do-retiro-alunos-lamentam-na-web\/#article\",\"isPartOf\":{\"@id\":\"https:\/\/brasilnoticias.org\/site\/personal-trainer-e-morto-a-tiros-na-porta-de-casa-na-fazenda-grande-do-retiro-alunos-lamentam-na-web\/\"},\"author\":{\"name\":\"Reda\u00e7\u00e3o\",\"@id\":\"https:\/\/brasilnoticias.org\/site\/#\/schema\/person\/a0e05b973ec4d15c658d51911e53507b\"},\"headline\":\"Personal trainer \u00e9 morto a tiros na porta de casa na Fazenda Grande do Retiro; alunos lamentam na web\",\"datePublished\":\"2022-11-16T10:00:47+00:00\",\"mainEntityOfPage\":{\"@id\":\"https:\/\/brasilnoticias.org\/site\/personal-trainer-e-morto-a-tiros-na-porta-de-casa-na-fazenda-grande-do-retiro-alunos-lamentam-na-web\/\"},\"wordCount\":179,\"commentCount\":0,\"publisher\":{\"@id\":\"https:\/\/brasilnoticias.org\/site\/#organization\"},\"image\":{\"@id\":\"https:\/\/brasilnoticias.org\/site\/personal-trainer-e-morto-a-tiros-na-porta-de-casa-na-fazenda-grande-do-retiro-alunos-lamentam-na-web\/#primaryimage\"},\"thumbnailUrl\":\"https:\/\/brasilnoticias.org\/site\/wp-content\/uploads\/2022\/11\/whatsapp_image_2022-11-15_at_12.19.23_widelg.jpeg\",\"articleSection\":[\"Not\u00edcias\",\"\u00daltimas\"],\"inLanguage\":\"pt-PT\",\"potentialAction\":[{\"@type\":\"CommentAction\",\"name\":\"Comment\",\"target\":[\"https:\/\/brasilnoticias.org\/site\/personal-trainer-e-morto-a-tiros-na-porta-de-casa-na-fazenda-grande-do-retiro-alunos-lamentam-na-web\/#respond\"]}]},{\"@type\":\"WebPage\",\"@id\":\"https:\/\/brasilnoticias.org\/site\/personal-trainer-e-morto-a-tiros-na-porta-de-casa-na-fazenda-grande-do-retiro-alunos-lamentam-na-web\/\",\"url\":\"https:\/\/brasilnoticias.org\/site\/personal-trainer-e-morto-a-tiros-na-porta-de-casa-na-fazenda-grande-do-retiro-alunos-lamentam-na-web\/\",\"name\":\"Personal trainer \u00e9 morto a tiros na porta de casa na Fazenda Grande do Retiro; alunos lamentam na web - Brasil not\u00edcias\",\"isPartOf\":{\"@id\":\"https:\/\/brasilnoticias.org\/site\/#website\"},\"primaryImageOfPage\":{\"@id\":\"https:\/\/brasilnoticias.org\/site\/personal-trainer-e-morto-a-tiros-na-porta-de-casa-na-fazenda-grande-do-retiro-alunos-lamentam-na-web\/#primaryimage\"},\"image\":{\"@id\":\"https:\/\/brasilnoticias.org\/site\/personal-trainer-e-morto-a-tiros-na-porta-de-casa-na-fazenda-grande-do-retiro-alunos-lamentam-na-web\/#primaryimage\"},\"thumbnailUrl\":\"https:\/\/brasilnoticias.org\/site\/wp-content\/uploads\/2022\/11\/whatsapp_image_2022-11-15_at_12.19.23_widelg.jpeg\",\"datePublished\":\"2022-11-16T10:00:47+00:00\",\"breadcrumb\":{\"@id\":\"https:\/\/brasilnoticias.org\/site\/personal-trainer-e-morto-a-tiros-na-porta-de-casa-na-fazenda-grande-do-retiro-alunos-lamentam-na-web\/#breadcrumb\"},\"inLanguage\":\"pt-PT\",\"potentialAction\":[{\"@type\":\"ReadAction\",\"target\":[\"https:\/\/brasilnoticias.org\/site\/personal-trainer-e-morto-a-tiros-na-porta-de-casa-na-fazenda-grande-do-retiro-alunos-lamentam-na-web\/\"]}]},{\"@type\":\"ImageObject\",\"inLanguage\":\"pt-PT\",\"@id\":\"https:\/\/brasilnoticias.org\/site\/personal-trainer-e-morto-a-tiros-na-porta-de-casa-na-fazenda-grande-do-retiro-alunos-lamentam-na-web\/#primaryimage\",\"url\":\"https:\/\/brasilnoticias.org\/site\/wp-content\/uploads\/2022\/11\/whatsapp_image_2022-11-15_at_12.19.23_widelg.jpeg\",\"contentUrl\":\"https:\/\/brasilnoticias.org\/site\/wp-content\/uploads\/2022\/11\/whatsapp_image_2022-11-15_at_12.19.23_widelg.jpeg\",\"width\":720,\"height\":392},{\"@type\":\"BreadcrumbList\",\"@id\":\"https:\/\/brasilnoticias.org\/site\/personal-trainer-e-morto-a-tiros-na-porta-de-casa-na-fazenda-grande-do-retiro-alunos-lamentam-na-web\/#breadcrumb\",\"itemListElement\":[{\"@type\":\"ListItem\",\"position\":1,\"name\":\"In\u00edcio\",\"item\":\"https:\/\/brasilnoticias.org\/site\/\"},{\"@type\":\"ListItem\",\"position\":2,\"name\":\"Personal trainer \u00e9 morto a tiros na porta de casa na Fazenda Grande do Retiro; alunos lamentam na web\"}]},{\"@type\":\"WebSite\",\"@id\":\"https:\/\/brasilnoticias.org\/site\/#website\",\"url\":\"https:\/\/brasilnoticias.org\/site\/\",\"name\":\"Brasil not\u00edcias\",\"description\":\"Brasil not\u00edcias\",\"publisher\":{\"@id\":\"https:\/\/brasilnoticias.org\/site\/#organization\"},\"potentialAction\":[{\"@type\":\"SearchAction\",\"target\":{\"@type\":\"EntryPoint\",\"urlTemplate\":\"https:\/\/brasilnoticias.org\/site\/?s={search_term_string}\"},\"query-input\":{\"@type\":\"PropertyValueSpecification\",\"valueRequired\":true,\"valueName\":\"search_term_string\"}}],\"inLanguage\":\"pt-PT\"},{\"@type\":\"Organization\",\"@id\":\"https:\/\/brasilnoticias.org\/site\/#organization\",\"name\":\"Brasil not\u00edcias\",\"url\":\"https:\/\/brasilnoticias.org\/site\/\",\"logo\":{\"@type\":\"ImageObject\",\"inLanguage\":\"pt-PT\",\"@id\":\"https:\/\/brasilnoticias.org\/site\/#\/schema\/logo\/image\/\",\"url\":\"https:\/\/brasilnoticias.org\/site\/wp-content\/uploads\/2022\/05\/cropped-brasilnoticias-mini.jpg\",\"contentUrl\":\"https:\/\/brasilnoticias.org\/site\/wp-content\/uploads\/2022\/05\/cropped-brasilnoticias-mini.jpg\",\"width\":314,\"height\":86,\"caption\":\"Brasil not\u00edcias\"},\"image\":{\"@id\":\"https:\/\/brasilnoticias.org\/site\/#\/schema\/logo\/image\/\"}},{\"@type\":\"Person\",\"@id\":\"https:\/\/brasilnoticias.org\/site\/#\/schema\/person\/a0e05b973ec4d15c658d51911e53507b\",\"name\":\"Reda\u00e7\u00e3o\",\"image\":{\"@type\":\"ImageObject\",\"inLanguage\":\"pt-PT\",\"@id\":\"https:\/\/brasilnoticias.org\/site\/#\/schema\/person\/image\/\",\"url\":\"https:\/\/secure.gravatar.com\/avatar\/75d8b050df2de108b08ae78dfb8e374892df24a383c67db9c46a9c604f6aee9c?s=96&d=mm&r=g\",\"contentUrl\":\"https:\/\/secure.gravatar.com\/avatar\/75d8b050df2de108b08ae78dfb8e374892df24a383c67db9c46a9c604f6aee9c?s=96&d=mm&r=g\",\"caption\":\"Reda\u00e7\u00e3o\"},\"sameAs\":[\"https:\/\/brasilnoticias.org\/site\"],\"url\":\"https:\/\/brasilnoticias.org\/site\/author\/fernandozsngmail-com\/\"}]}<\/script>\n<!-- \/ Yoast SEO plugin. -->","yoast_head_json":{"title":"Personal trainer \u00e9 morto a tiros na porta de casa na Fazenda Grande do Retiro; alunos lamentam na web - Brasil not\u00edcias","robots":{"index":"index","follow":"follow","max-snippet":"max-snippet:-1","max-image-preview":"max-image-preview:large","max-video-preview":"max-video-preview:-1"},"canonical":"https:\/\/brasilnoticias.org\/site\/personal-trainer-e-morto-a-tiros-na-porta-de-casa-na-fazenda-grande-do-retiro-alunos-lamentam-na-web\/","og_locale":"pt_PT","og_type":"article","og_title":"Personal trainer \u00e9 morto a tiros na porta de casa na Fazenda Grande do Retiro; alunos lamentam na web - Brasil not\u00edcias","og_description":"Um personal trainer foi morto a tiros, enquanto chegava na casa, no bairro da Fazenda Grande do Retiro, na capital","og_url":"https:\/\/brasilnoticias.org\/site\/personal-trainer-e-morto-a-tiros-na-porta-de-casa-na-fazenda-grande-do-retiro-alunos-lamentam-na-web\/","og_site_name":"Brasil not\u00edcias","article_published_time":"2022-11-16T10:00:47+00:00","og_image":[{"width":720,"height":392,"url":"https:\/\/brasilnoticias.org\/site\/wp-content\/uploads\/2022\/11\/whatsapp_image_2022-11-15_at_12.19.23_widelg.jpeg","type":"image\/jpeg"}],"author":"Reda\u00e7\u00e3o","twitter_card":"summary_large_image","twitter_misc":{"Escrito por":"Reda\u00e7\u00e3o","Tempo estimado de leitura":"1 minuto"},"schema":{"@context":"https:\/\/schema.org","@graph":[{"@type":"Article","@id":"https:\/\/brasilnoticias.org\/site\/personal-trainer-e-morto-a-tiros-na-porta-de-casa-na-fazenda-grande-do-retiro-alunos-lamentam-na-web\/#article","isPartOf":{"@id":"https:\/\/brasilnoticias.org\/site\/personal-trainer-e-morto-a-tiros-na-porta-de-casa-na-fazenda-grande-do-retiro-alunos-lamentam-na-web\/"},"author":{"name":"Reda\u00e7\u00e3o","@id":"https:\/\/brasilnoticias.org\/site\/#\/schema\/person\/a0e05b973ec4d15c658d51911e53507b"},"headline":"Personal trainer \u00e9 morto a tiros na porta de casa na Fazenda Grande do Retiro; alunos lamentam na web","datePublished":"2022-11-16T10:00:47+00:00","mainEntityOfPage":{"@id":"https:\/\/brasilnoticias.org\/site\/personal-trainer-e-morto-a-tiros-na-porta-de-casa-na-fazenda-grande-do-retiro-alunos-lamentam-na-web\/"},"wordCount":179,"commentCount":0,"publisher":{"@id":"https:\/\/brasilnoticias.org\/site\/#organization"},"image":{"@id":"https:\/\/brasilnoticias.org\/site\/personal-trainer-e-morto-a-tiros-na-porta-de-casa-na-fazenda-grande-do-retiro-alunos-lamentam-na-web\/#primaryimage"},"thumbnailUrl":"https:\/\/brasilnoticias.org\/site\/wp-content\/uploads\/2022\/11\/whatsapp_image_2022-11-15_at_12.19.23_widelg.jpeg","articleSection":["Not\u00edcias","\u00daltimas"],"inLanguage":"pt-PT","potentialAction":[{"@type":"CommentAction","name":"Comment","target":["https:\/\/brasilnoticias.org\/site\/personal-trainer-e-morto-a-tiros-na-porta-de-casa-na-fazenda-grande-do-retiro-alunos-lamentam-na-web\/#respond"]}]},{"@type":"WebPage","@id":"https:\/\/brasilnoticias.org\/site\/personal-trainer-e-morto-a-tiros-na-porta-de-casa-na-fazenda-grande-do-retiro-alunos-lamentam-na-web\/","url":"https:\/\/brasilnoticias.org\/site\/personal-trainer-e-morto-a-tiros-na-porta-de-casa-na-fazenda-grande-do-retiro-alunos-lamentam-na-web\/","name":"Personal trainer \u00e9 morto a tiros na porta de casa na Fazenda Grande do Retiro; alunos lamentam na web - Brasil not\u00edcias","isPartOf":{"@id":"https:\/\/brasilnoticias.org\/site\/#website"},"primaryImageOfPage":{"@id":"https:\/\/brasilnoticias.org\/site\/personal-trainer-e-morto-a-tiros-na-porta-de-casa-na-fazenda-grande-do-retiro-alunos-lamentam-na-web\/#primaryimage"},"image":{"@id":"https:\/\/brasilnoticias.org\/site\/personal-trainer-e-morto-a-tiros-na-porta-de-casa-na-fazenda-grande-do-retiro-alunos-lamentam-na-web\/#primaryimage"},"thumbnailUrl":"https:\/\/brasilnoticias.org\/site\/wp-content\/uploads\/2022\/11\/whatsapp_image_2022-11-15_at_12.19.23_widelg.jpeg","datePublished":"2022-11-16T10:00:47+00:00","breadcrumb":{"@id":"https:\/\/brasilnoticias.org\/site\/personal-trainer-e-morto-a-tiros-na-porta-de-casa-na-fazenda-grande-do-retiro-alunos-lamentam-na-web\/#breadcrumb"},"inLanguage":"pt-PT","potentialAction":[{"@type":"ReadAction","target":["https:\/\/brasilnoticias.org\/site\/personal-trainer-e-morto-a-tiros-na-porta-de-casa-na-fazenda-grande-do-retiro-alunos-lamentam-na-web\/"]}]},{"@type":"ImageObject","inLanguage":"pt-PT","@id":"https:\/\/brasilnoticias.org\/site\/personal-trainer-e-morto-a-tiros-na-porta-de-casa-na-fazenda-grande-do-retiro-alunos-lamentam-na-web\/#primaryimage","url":"https:\/\/brasilnoticias.org\/site\/wp-content\/uploads\/2022\/11\/whatsapp_image_2022-11-15_at_12.19.23_widelg.jpeg","contentUrl":"https:\/\/brasilnoticias.org\/site\/wp-content\/uploads\/2022\/11\/whatsapp_image_2022-11-15_at_12.19.23_widelg.jpeg","width":720,"height":392},{"@type":"BreadcrumbList","@id":"https:\/\/brasilnoticias.org\/site\/personal-trainer-e-morto-a-tiros-na-porta-de-casa-na-fazenda-grande-do-retiro-alunos-lamentam-na-web\/#breadcrumb","itemListElement":[{"@type":"ListItem","position":1,"name":"In\u00edcio","item":"https:\/\/brasilnoticias.org\/site\/"},{"@type":"ListItem","position":2,"name":"Personal trainer \u00e9 morto a tiros na porta de casa na Fazenda Grande do Retiro; alunos lamentam na web"}]},{"@type":"WebSite","@id":"https:\/\/brasilnoticias.org\/site\/#website","url":"https:\/\/brasilnoticias.org\/site\/","name":"Brasil not\u00edcias","description":"Brasil not\u00edcias","publisher":{"@id":"https:\/\/brasilnoticias.org\/site\/#organization"},"potentialAction":[{"@type":"SearchAction","target":{"@type":"EntryPoint","urlTemplate":"https:\/\/brasilnoticias.org\/site\/?s={search_term_string}"},"query-input":{"@type":"PropertyValueSpecification","valueRequired":true,"valueName":"search_term_string"}}],"inLanguage":"pt-PT"},{"@type":"Organization","@id":"https:\/\/brasilnoticias.org\/site\/#organization","name":"Brasil not\u00edcias","url":"https:\/\/brasilnoticias.org\/site\/","logo":{"@type":"ImageObject","inLanguage":"pt-PT","@id":"https:\/\/brasilnoticias.org\/site\/#\/schema\/logo\/image\/","url":"https:\/\/brasilnoticias.org\/site\/wp-content\/uploads\/2022\/05\/cropped-brasilnoticias-mini.jpg","contentUrl":"https:\/\/brasilnoticias.org\/site\/wp-content\/uploads\/2022\/05\/cropped-brasilnoticias-mini.jpg","width":314,"height":86,"caption":"Brasil not\u00edcias"},"image":{"@id":"https:\/\/brasilnoticias.org\/site\/#\/schema\/logo\/image\/"}},{"@type":"Person","@id":"https:\/\/brasilnoticias.org\/site\/#\/schema\/person\/a0e05b973ec4d15c658d51911e53507b","name":"Reda\u00e7\u00e3o","image":{"@type":"ImageObject","inLanguage":"pt-PT","@id":"https:\/\/brasilnoticias.org\/site\/#\/schema\/person\/image\/","url":"https:\/\/secure.gravatar.com\/avatar\/75d8b050df2de108b08ae78dfb8e374892df24a383c67db9c46a9c604f6aee9c?s=96&d=mm&r=g","contentUrl":"https:\/\/secure.gravatar.com\/avatar\/75d8b050df2de108b08ae78dfb8e374892df24a383c67db9c46a9c604f6aee9c?s=96&d=mm&r=g","caption":"Reda\u00e7\u00e3o"},"sameAs":["https:\/\/brasilnoticias.org\/site"],"url":"https:\/\/brasilnoticias.org\/site\/author\/fernandozsngmail-com\/"}]}},"_links":{"self":[{"href":"https:\/\/brasilnoticias.org\/site\/wp-json\/wp\/v2\/posts\/2178","targetHints":{"allow":["GET"]}}],"collection":[{"href":"https:\/\/brasilnoticias.org\/site\/wp-json\/wp\/v2\/posts"}],"about":[{"href":"https:\/\/brasilnoticias.org\/site\/wp-json\/wp\/v2\/types\/post"}],"author":[{"embeddable":true,"href":"https:\/\/brasilnoticias.org\/site\/wp-json\/wp\/v2\/users\/1"}],"replies":[{"embeddable":true,"href":"https:\/\/brasilnoticias.org\/site\/wp-json\/wp\/v2\/comments?post=2178"}],"version-history":[{"count":1,"href":"https:\/\/brasilnoticias.org\/site\/wp-json\/wp\/v2\/posts\/2178\/revisions"}],"predecessor-version":[{"id":2180,"href":"https:\/\/brasilnoticias.org\/site\/wp-json\/wp\/v2\/posts\/2178\/revisions\/2180"}],"wp:featuredmedia":[{"embeddable":true,"href":"https:\/\/brasilnoticias.org\/site\/wp-json\/wp\/v2\/media\/2179"}],"wp:attachment":[{"href":"https:\/\/brasilnoticias.org\/site\/wp-json\/wp\/v2\/media?parent=2178"}],"wp:term":[{"taxonomy":"category","embeddable":true,"href":"https:\/\/brasilnoticias.org\/site\/wp-json\/wp\/v2\/categories?post=2178"},{"taxonomy":"post_tag","embeddable":true,"href":"https:\/\/brasilnoticias.org\/site\/wp-json\/wp\/v2\/tags?post=2178"}],"curies":[{"name":"wp","href":"https:\/\/api.w.org\/{rel}","templated":true}]}}