{"id":21791,"date":"2026-04-24T10:59:17","date_gmt":"2026-04-24T13:59:17","guid":{"rendered":"https:\/\/brasilnoticias.org\/site\/?p=21791"},"modified":"2026-04-24T10:59:17","modified_gmt":"2026-04-24T13:59:17","slug":"blogueiro-e-baleado-no-acesso-norte","status":"publish","type":"post","link":"https:\/\/brasilnoticias.org\/site\/blogueiro-e-baleado-no-acesso-norte\/","title":{"rendered":"Blogueiro \u00e9 baleado no Acesso Norte"},"content":{"rendered":"<p data-start=\"270\" data-end=\"458\">Um blogueiro foi baleado na regi\u00e3o do Acesso Norte, em Salvador, na manh\u00e3 desta sexta-feira (24). A ocorr\u00eancia mobilizou equipes de seguran\u00e7a e atendimento de emerg\u00eancia na capital baiana.<\/p>\n<p data-start=\"460\" data-end=\"711\">De acordo com informa\u00e7\u00f5es divulgadas pelo <span class=\"hover:entity-accent entity-underline inline cursor-pointer align-baseline\"><span class=\"whitespace-normal\">Aratu On<\/span><\/span>, a v\u00edtima foi atingida por disparos de arma de fogo e precisou ser socorrida para uma unidade de sa\u00fade. At\u00e9 o momento, n\u00e3o h\u00e1 detalhes confirmados sobre o estado de sa\u00fade.<\/p>\n<h2 data-section-id=\"1srk2ej\" data-start=\"713\" data-end=\"760\">Caso \u00e9 tratado como tentativa de homic\u00eddio<\/h2>\n<p data-start=\"762\" data-end=\"979\">Segundo a publica\u00e7\u00e3o, o caso deve ser investigado pela Pol\u00edcia Civil como tentativa de homic\u00eddio. Ainda n\u00e3o foram divulgadas informa\u00e7\u00f5es sobre suspeitos ou a motiva\u00e7\u00e3o do crime.<\/p>\n<p data-start=\"981\" data-end=\"1119\">A \u00e1rea onde o ataque ocorreu \u00e9 considerada uma das mais movimentadas da cidade, com intenso fluxo de ve\u00edculos e pedestres ao longo do dia.<\/p>\n<h2 data-section-id=\"jbny2t\" data-start=\"1121\" data-end=\"1171\">Circunst\u00e2ncias do ataque seguem desconhecidas<\/h2>\n<p data-start=\"1173\" data-end=\"1363\">As circunst\u00e2ncias do crime ainda n\u00e3o foram esclarecidas. Informa\u00e7\u00f5es iniciais n\u00e3o indicam se o blogueiro foi alvo direto da a\u00e7\u00e3o ou se h\u00e1 outras hip\u00f3teses sendo analisadas pelas autoridades.<\/p>\n<p data-start=\"1365\" data-end=\"1468\">A pol\u00edcia deve realizar dilig\u00eancias para identificar os respons\u00e1veis e entender o que motivou o ataque.<\/p>\n<h2 data-section-id=\"b7tvpo\" data-start=\"1470\" data-end=\"1506\">Investiga\u00e7\u00e3o segue em andamento<\/h2>\n<p data-start=\"1508\" data-end=\"1616\">O caso permanece sob investiga\u00e7\u00e3o, e novas informa\u00e7\u00f5es devem ser divulgadas conforme o avan\u00e7o das apura\u00e7\u00f5es.<\/p>\n","protected":false},"excerpt":{"rendered":"<p>Um blogueiro foi baleado na regi\u00e3o do Acesso Norte, em Salvador, na manh\u00e3 desta sexta-feira (24). A ocorr\u00eancia mobilizou equipes<\/p>\n","protected":false},"author":4,"featured_media":21792,"comment_status":"open","ping_status":"open","sticky":false,"template":"","format":"standard","meta":{"colormag_page_container_layout":"default_layout","colormag_page_sidebar_layout":"default_layout","_FSMCFIC_featured_image_caption":"","_FSMCFIC_featured_image_nocaption":"","_FSMCFIC_featured_image_hide":"","footnotes":""},"categories":[3,1],"tags":[],"class_list":["post-21791","post","type-post","status-publish","format-standard","has-post-thumbnail","hentry","category-policia","category-ultimas"],"yoast_head":"<!-- This site is optimized with the Yoast SEO plugin v27.1.1 - https:\/\/yoast.com\/product\/yoast-seo-wordpress\/ -->\n<title>Blogueiro \u00e9 baleado no Acesso Norte - Brasil not\u00edcias<\/title>\n<meta name=\"robots\" content=\"index, follow, max-snippet:-1, max-image-preview:large, max-video-preview:-1\" \/>\n<link rel=\"canonical\" href=\"https:\/\/brasilnoticias.org\/site\/blogueiro-e-baleado-no-acesso-norte\/\" \/>\n<meta property=\"og:locale\" content=\"pt_PT\" \/>\n<meta property=\"og:type\" content=\"article\" \/>\n<meta property=\"og:title\" content=\"Blogueiro \u00e9 baleado no Acesso Norte - Brasil not\u00edcias\" \/>\n<meta property=\"og:description\" content=\"Um blogueiro foi baleado na regi\u00e3o do Acesso Norte, em Salvador, na manh\u00e3 desta sexta-feira (24). A ocorr\u00eancia mobilizou equipes\" \/>\n<meta property=\"og:url\" content=\"https:\/\/brasilnoticias.org\/site\/blogueiro-e-baleado-no-acesso-norte\/\" \/>\n<meta property=\"og:site_name\" content=\"Brasil not\u00edcias\" \/>\n<meta property=\"article:published_time\" content=\"2026-04-24T13:59:17+00:00\" \/>\n<meta property=\"og:image\" content=\"https:\/\/brasilnoticias.org\/site\/wp-content\/uploads\/2026\/04\/blogueiro-baleado-em-salvador.webp\" \/>\n\t<meta property=\"og:image:width\" content=\"600\" \/>\n\t<meta property=\"og:image:height\" content=\"360\" \/>\n\t<meta property=\"og:image:type\" content=\"image\/webp\" \/>\n<meta name=\"author\" content=\"Reda\u00e7\u00e3o\" \/>\n<meta name=\"twitter:card\" content=\"summary_large_image\" \/>\n<meta name=\"twitter:label1\" content=\"Escrito por\" \/>\n\t<meta name=\"twitter:data1\" content=\"Reda\u00e7\u00e3o\" \/>\n\t<meta name=\"twitter:label2\" content=\"Tempo estimado de leitura\" \/>\n\t<meta name=\"twitter:data2\" content=\"2 minutos\" \/>\n<script type=\"application\/ld+json\" class=\"yoast-schema-graph\">{\"@context\":\"https:\/\/schema.org\",\"@graph\":[{\"@type\":\"Article\",\"@id\":\"https:\/\/brasilnoticias.org\/site\/blogueiro-e-baleado-no-acesso-norte\/#article\",\"isPartOf\":{\"@id\":\"https:\/\/brasilnoticias.org\/site\/blogueiro-e-baleado-no-acesso-norte\/\"},\"author\":{\"name\":\"Reda\u00e7\u00e3o\",\"@id\":\"https:\/\/brasilnoticias.org\/site\/#\/schema\/person\/03bbbfe6c7634ad18c26444ea39049fa\"},\"headline\":\"Blogueiro \u00e9 baleado no Acesso Norte\",\"datePublished\":\"2026-04-24T13:59:17+00:00\",\"mainEntityOfPage\":{\"@id\":\"https:\/\/brasilnoticias.org\/site\/blogueiro-e-baleado-no-acesso-norte\/\"},\"wordCount\":231,\"commentCount\":0,\"publisher\":{\"@id\":\"https:\/\/brasilnoticias.org\/site\/#organization\"},\"image\":{\"@id\":\"https:\/\/brasilnoticias.org\/site\/blogueiro-e-baleado-no-acesso-norte\/#primaryimage\"},\"thumbnailUrl\":\"https:\/\/brasilnoticias.org\/site\/wp-content\/uploads\/2026\/04\/blogueiro-baleado-em-salvador.webp\",\"articleSection\":[\"Pol\u00edcia\",\"\u00daltimas\"],\"inLanguage\":\"pt-PT\",\"potentialAction\":[{\"@type\":\"CommentAction\",\"name\":\"Comment\",\"target\":[\"https:\/\/brasilnoticias.org\/site\/blogueiro-e-baleado-no-acesso-norte\/#respond\"]}]},{\"@type\":\"WebPage\",\"@id\":\"https:\/\/brasilnoticias.org\/site\/blogueiro-e-baleado-no-acesso-norte\/\",\"url\":\"https:\/\/brasilnoticias.org\/site\/blogueiro-e-baleado-no-acesso-norte\/\",\"name\":\"Blogueiro \u00e9 baleado no Acesso Norte - Brasil not\u00edcias\",\"isPartOf\":{\"@id\":\"https:\/\/brasilnoticias.org\/site\/#website\"},\"primaryImageOfPage\":{\"@id\":\"https:\/\/brasilnoticias.org\/site\/blogueiro-e-baleado-no-acesso-norte\/#primaryimage\"},\"image\":{\"@id\":\"https:\/\/brasilnoticias.org\/site\/blogueiro-e-baleado-no-acesso-norte\/#primaryimage\"},\"thumbnailUrl\":\"https:\/\/brasilnoticias.org\/site\/wp-content\/uploads\/2026\/04\/blogueiro-baleado-em-salvador.webp\",\"datePublished\":\"2026-04-24T13:59:17+00:00\",\"breadcrumb\":{\"@id\":\"https:\/\/brasilnoticias.org\/site\/blogueiro-e-baleado-no-acesso-norte\/#breadcrumb\"},\"inLanguage\":\"pt-PT\",\"potentialAction\":[{\"@type\":\"ReadAction\",\"target\":[\"https:\/\/brasilnoticias.org\/site\/blogueiro-e-baleado-no-acesso-norte\/\"]}]},{\"@type\":\"ImageObject\",\"inLanguage\":\"pt-PT\",\"@id\":\"https:\/\/brasilnoticias.org\/site\/blogueiro-e-baleado-no-acesso-norte\/#primaryimage\",\"url\":\"https:\/\/brasilnoticias.org\/site\/wp-content\/uploads\/2026\/04\/blogueiro-baleado-em-salvador.webp\",\"contentUrl\":\"https:\/\/brasilnoticias.org\/site\/wp-content\/uploads\/2026\/04\/blogueiro-baleado-em-salvador.webp\",\"width\":600,\"height\":360,\"caption\":\"Foto: Redes sociais\"},{\"@type\":\"BreadcrumbList\",\"@id\":\"https:\/\/brasilnoticias.org\/site\/blogueiro-e-baleado-no-acesso-norte\/#breadcrumb\",\"itemListElement\":[{\"@type\":\"ListItem\",\"position\":1,\"name\":\"In\u00edcio\",\"item\":\"https:\/\/brasilnoticias.org\/site\/\"},{\"@type\":\"ListItem\",\"position\":2,\"name\":\"Blogueiro \u00e9 baleado no Acesso Norte\"}]},{\"@type\":\"WebSite\",\"@id\":\"https:\/\/brasilnoticias.org\/site\/#website\",\"url\":\"https:\/\/brasilnoticias.org\/site\/\",\"name\":\"Brasil not\u00edcias\",\"description\":\"Brasil not\u00edcias\",\"publisher\":{\"@id\":\"https:\/\/brasilnoticias.org\/site\/#organization\"},\"potentialAction\":[{\"@type\":\"SearchAction\",\"target\":{\"@type\":\"EntryPoint\",\"urlTemplate\":\"https:\/\/brasilnoticias.org\/site\/?s={search_term_string}\"},\"query-input\":{\"@type\":\"PropertyValueSpecification\",\"valueRequired\":true,\"valueName\":\"search_term_string\"}}],\"inLanguage\":\"pt-PT\"},{\"@type\":\"Organization\",\"@id\":\"https:\/\/brasilnoticias.org\/site\/#organization\",\"name\":\"Brasil not\u00edcias\",\"url\":\"https:\/\/brasilnoticias.org\/site\/\",\"logo\":{\"@type\":\"ImageObject\",\"inLanguage\":\"pt-PT\",\"@id\":\"https:\/\/brasilnoticias.org\/site\/#\/schema\/logo\/image\/\",\"url\":\"https:\/\/brasilnoticias.org\/site\/wp-content\/uploads\/2022\/05\/cropped-brasilnoticias-mini.jpg\",\"contentUrl\":\"https:\/\/brasilnoticias.org\/site\/wp-content\/uploads\/2022\/05\/cropped-brasilnoticias-mini.jpg\",\"width\":314,\"height\":86,\"caption\":\"Brasil not\u00edcias\"},\"image\":{\"@id\":\"https:\/\/brasilnoticias.org\/site\/#\/schema\/logo\/image\/\"}},{\"@type\":\"Person\",\"@id\":\"https:\/\/brasilnoticias.org\/site\/#\/schema\/person\/03bbbfe6c7634ad18c26444ea39049fa\",\"name\":\"Reda\u00e7\u00e3o\",\"image\":{\"@type\":\"ImageObject\",\"inLanguage\":\"pt-PT\",\"@id\":\"https:\/\/brasilnoticias.org\/site\/#\/schema\/person\/image\/\",\"url\":\"https:\/\/secure.gravatar.com\/avatar\/9ecaf7327a696cb23ad926fedded5f1f04d7049de9e445375d55b48c001a6e42?s=96&d=mm&r=g\",\"contentUrl\":\"https:\/\/secure.gravatar.com\/avatar\/9ecaf7327a696cb23ad926fedded5f1f04d7049de9e445375d55b48c001a6e42?s=96&d=mm&r=g\",\"caption\":\"Reda\u00e7\u00e3o\"},\"url\":\"https:\/\/brasilnoticias.org\/site\/author\/henrique\/\"}]}<\/script>\n<!-- \/ Yoast SEO plugin. -->","yoast_head_json":{"title":"Blogueiro \u00e9 baleado no Acesso Norte - Brasil not\u00edcias","robots":{"index":"index","follow":"follow","max-snippet":"max-snippet:-1","max-image-preview":"max-image-preview:large","max-video-preview":"max-video-preview:-1"},"canonical":"https:\/\/brasilnoticias.org\/site\/blogueiro-e-baleado-no-acesso-norte\/","og_locale":"pt_PT","og_type":"article","og_title":"Blogueiro \u00e9 baleado no Acesso Norte - Brasil not\u00edcias","og_description":"Um blogueiro foi baleado na regi\u00e3o do Acesso Norte, em Salvador, na manh\u00e3 desta sexta-feira (24). A ocorr\u00eancia mobilizou equipes","og_url":"https:\/\/brasilnoticias.org\/site\/blogueiro-e-baleado-no-acesso-norte\/","og_site_name":"Brasil not\u00edcias","article_published_time":"2026-04-24T13:59:17+00:00","og_image":[{"width":600,"height":360,"url":"https:\/\/brasilnoticias.org\/site\/wp-content\/uploads\/2026\/04\/blogueiro-baleado-em-salvador.webp","type":"image\/webp"}],"author":"Reda\u00e7\u00e3o","twitter_card":"summary_large_image","twitter_misc":{"Escrito por":"Reda\u00e7\u00e3o","Tempo estimado de leitura":"2 minutos"},"schema":{"@context":"https:\/\/schema.org","@graph":[{"@type":"Article","@id":"https:\/\/brasilnoticias.org\/site\/blogueiro-e-baleado-no-acesso-norte\/#article","isPartOf":{"@id":"https:\/\/brasilnoticias.org\/site\/blogueiro-e-baleado-no-acesso-norte\/"},"author":{"name":"Reda\u00e7\u00e3o","@id":"https:\/\/brasilnoticias.org\/site\/#\/schema\/person\/03bbbfe6c7634ad18c26444ea39049fa"},"headline":"Blogueiro \u00e9 baleado no Acesso Norte","datePublished":"2026-04-24T13:59:17+00:00","mainEntityOfPage":{"@id":"https:\/\/brasilnoticias.org\/site\/blogueiro-e-baleado-no-acesso-norte\/"},"wordCount":231,"commentCount":0,"publisher":{"@id":"https:\/\/brasilnoticias.org\/site\/#organization"},"image":{"@id":"https:\/\/brasilnoticias.org\/site\/blogueiro-e-baleado-no-acesso-norte\/#primaryimage"},"thumbnailUrl":"https:\/\/brasilnoticias.org\/site\/wp-content\/uploads\/2026\/04\/blogueiro-baleado-em-salvador.webp","articleSection":["Pol\u00edcia","\u00daltimas"],"inLanguage":"pt-PT","potentialAction":[{"@type":"CommentAction","name":"Comment","target":["https:\/\/brasilnoticias.org\/site\/blogueiro-e-baleado-no-acesso-norte\/#respond"]}]},{"@type":"WebPage","@id":"https:\/\/brasilnoticias.org\/site\/blogueiro-e-baleado-no-acesso-norte\/","url":"https:\/\/brasilnoticias.org\/site\/blogueiro-e-baleado-no-acesso-norte\/","name":"Blogueiro \u00e9 baleado no Acesso Norte - Brasil not\u00edcias","isPartOf":{"@id":"https:\/\/brasilnoticias.org\/site\/#website"},"primaryImageOfPage":{"@id":"https:\/\/brasilnoticias.org\/site\/blogueiro-e-baleado-no-acesso-norte\/#primaryimage"},"image":{"@id":"https:\/\/brasilnoticias.org\/site\/blogueiro-e-baleado-no-acesso-norte\/#primaryimage"},"thumbnailUrl":"https:\/\/brasilnoticias.org\/site\/wp-content\/uploads\/2026\/04\/blogueiro-baleado-em-salvador.webp","datePublished":"2026-04-24T13:59:17+00:00","breadcrumb":{"@id":"https:\/\/brasilnoticias.org\/site\/blogueiro-e-baleado-no-acesso-norte\/#breadcrumb"},"inLanguage":"pt-PT","potentialAction":[{"@type":"ReadAction","target":["https:\/\/brasilnoticias.org\/site\/blogueiro-e-baleado-no-acesso-norte\/"]}]},{"@type":"ImageObject","inLanguage":"pt-PT","@id":"https:\/\/brasilnoticias.org\/site\/blogueiro-e-baleado-no-acesso-norte\/#primaryimage","url":"https:\/\/brasilnoticias.org\/site\/wp-content\/uploads\/2026\/04\/blogueiro-baleado-em-salvador.webp","contentUrl":"https:\/\/brasilnoticias.org\/site\/wp-content\/uploads\/2026\/04\/blogueiro-baleado-em-salvador.webp","width":600,"height":360,"caption":"Foto: Redes sociais"},{"@type":"BreadcrumbList","@id":"https:\/\/brasilnoticias.org\/site\/blogueiro-e-baleado-no-acesso-norte\/#breadcrumb","itemListElement":[{"@type":"ListItem","position":1,"name":"In\u00edcio","item":"https:\/\/brasilnoticias.org\/site\/"},{"@type":"ListItem","position":2,"name":"Blogueiro \u00e9 baleado no Acesso Norte"}]},{"@type":"WebSite","@id":"https:\/\/brasilnoticias.org\/site\/#website","url":"https:\/\/brasilnoticias.org\/site\/","name":"Brasil not\u00edcias","description":"Brasil not\u00edcias","publisher":{"@id":"https:\/\/brasilnoticias.org\/site\/#organization"},"potentialAction":[{"@type":"SearchAction","target":{"@type":"EntryPoint","urlTemplate":"https:\/\/brasilnoticias.org\/site\/?s={search_term_string}"},"query-input":{"@type":"PropertyValueSpecification","valueRequired":true,"valueName":"search_term_string"}}],"inLanguage":"pt-PT"},{"@type":"Organization","@id":"https:\/\/brasilnoticias.org\/site\/#organization","name":"Brasil not\u00edcias","url":"https:\/\/brasilnoticias.org\/site\/","logo":{"@type":"ImageObject","inLanguage":"pt-PT","@id":"https:\/\/brasilnoticias.org\/site\/#\/schema\/logo\/image\/","url":"https:\/\/brasilnoticias.org\/site\/wp-content\/uploads\/2022\/05\/cropped-brasilnoticias-mini.jpg","contentUrl":"https:\/\/brasilnoticias.org\/site\/wp-content\/uploads\/2022\/05\/cropped-brasilnoticias-mini.jpg","width":314,"height":86,"caption":"Brasil not\u00edcias"},"image":{"@id":"https:\/\/brasilnoticias.org\/site\/#\/schema\/logo\/image\/"}},{"@type":"Person","@id":"https:\/\/brasilnoticias.org\/site\/#\/schema\/person\/03bbbfe6c7634ad18c26444ea39049fa","name":"Reda\u00e7\u00e3o","image":{"@type":"ImageObject","inLanguage":"pt-PT","@id":"https:\/\/brasilnoticias.org\/site\/#\/schema\/person\/image\/","url":"https:\/\/secure.gravatar.com\/avatar\/9ecaf7327a696cb23ad926fedded5f1f04d7049de9e445375d55b48c001a6e42?s=96&d=mm&r=g","contentUrl":"https:\/\/secure.gravatar.com\/avatar\/9ecaf7327a696cb23ad926fedded5f1f04d7049de9e445375d55b48c001a6e42?s=96&d=mm&r=g","caption":"Reda\u00e7\u00e3o"},"url":"https:\/\/brasilnoticias.org\/site\/author\/henrique\/"}]}},"_links":{"self":[{"href":"https:\/\/brasilnoticias.org\/site\/wp-json\/wp\/v2\/posts\/21791","targetHints":{"allow":["GET"]}}],"collection":[{"href":"https:\/\/brasilnoticias.org\/site\/wp-json\/wp\/v2\/posts"}],"about":[{"href":"https:\/\/brasilnoticias.org\/site\/wp-json\/wp\/v2\/types\/post"}],"author":[{"embeddable":true,"href":"https:\/\/brasilnoticias.org\/site\/wp-json\/wp\/v2\/users\/4"}],"replies":[{"embeddable":true,"href":"https:\/\/brasilnoticias.org\/site\/wp-json\/wp\/v2\/comments?post=21791"}],"version-history":[{"count":1,"href":"https:\/\/brasilnoticias.org\/site\/wp-json\/wp\/v2\/posts\/21791\/revisions"}],"predecessor-version":[{"id":21793,"href":"https:\/\/brasilnoticias.org\/site\/wp-json\/wp\/v2\/posts\/21791\/revisions\/21793"}],"wp:featuredmedia":[{"embeddable":true,"href":"https:\/\/brasilnoticias.org\/site\/wp-json\/wp\/v2\/media\/21792"}],"wp:attachment":[{"href":"https:\/\/brasilnoticias.org\/site\/wp-json\/wp\/v2\/media?parent=21791"}],"wp:term":[{"taxonomy":"category","embeddable":true,"href":"https:\/\/brasilnoticias.org\/site\/wp-json\/wp\/v2\/categories?post=21791"},{"taxonomy":"post_tag","embeddable":true,"href":"https:\/\/brasilnoticias.org\/site\/wp-json\/wp\/v2\/tags?post=21791"}],"curies":[{"name":"wp","href":"https:\/\/api.w.org\/{rel}","templated":true}]}}