{"id":21795,"date":"2026-04-24T16:23:34","date_gmt":"2026-04-24T19:23:34","guid":{"rendered":"https:\/\/brasilnoticias.org\/site\/?p=21795"},"modified":"2026-04-24T16:23:34","modified_gmt":"2026-04-24T19:23:34","slug":"acreditar-nisso-e-uma-fantasia-diz-alex-santana-sobre-ponte-salvador-itaparica","status":"publish","type":"post","link":"https:\/\/brasilnoticias.org\/site\/acreditar-nisso-e-uma-fantasia-diz-alex-santana-sobre-ponte-salvador-itaparica\/","title":{"rendered":"&#8216;Acreditar nisso \u00e9 uma fantasia&#8217;, diz Alex Santana sobre ponte Salvador-Itaparica"},"content":{"rendered":"<p>O novo secret\u00e1rio municipal de Rela\u00e7\u00f5es Institucionais,\u00a0<strong>Alex Santana<\/strong>\u00a0(Republicanos), fez duras cr\u00edticas ao projeto da\u00a0<strong>Ponte Salvador-Itaparica<\/strong>\u00a0durante entrevista \u00e0\u00a0<strong><em>CBN Salvador<\/em><\/strong>\u00a0nesta sexta-feira (24).<\/p>\n<p>Para ele, a promessa da obra, discutida h\u00e1 anos, j\u00e1 n\u00e3o se sustenta diante da falta de avan\u00e7os concretos.<\/p>\n<p><strong>\u201cAcreditar nisso \u00e9 uma fantasia. \u00c9 mentir para si mesmo. \u00c9 um projeto que foi vendido h\u00e1 17 anos, mas voc\u00ea n\u00e3o v\u00ea andamento\u201d<\/strong>, afirmou.<\/p>\n<p>O deputado federal licenciado tamb\u00e9m criticou tentativas de passar a impress\u00e3o de que a obra est\u00e1 em execu\u00e7\u00e3o.<\/p>\n<p>Ele citou como exemplo uma postagem nas redes sociais do secret\u00e1rio estadual de articula\u00e7\u00e3o pol\u00edtica,\u00a0<strong>Adolpho Loyola<\/strong>, que\u00a0<a href=\"https:\/\/www.instagram.com\/p\/DXeg1TIkZTg\/?img_index=2\" target=\"_blank\" rel=\"noopener\"><strong>publicou no Instagram uma imagem de uma ponte em constru\u00e7\u00e3o na China<\/strong><\/a>, sem ressalvar que n\u00e3o se tratava do projeto baiano.<\/p>\n<p><strong>\u201cPassa a ideia de que est\u00e1 em constru\u00e7\u00e3o, quando na verdade voc\u00ea vende ali uma mentira. E a gente n\u00e3o est\u00e1 mais na fase de acreditar nisso\u201d<\/strong>, completou.<\/p>\n<h2><strong>Ferry-boat prec\u00e1rio e isolamento de Salvador<\/p>\n<p><\/strong><\/h2>\n<p>Ao ampliar o debate sobre mobilidade, Alex Santana apontou o que considera abandono de modais importantes no estado.<\/p>\n<p>Ele destacou que Salvador segue dependente praticamente de um \u00fanico acesso rodovi\u00e1rio.<\/p>\n<p><strong>\u201cSe voc\u00ea olhar a geografia de Salvador, s\u00f3 tem uma sa\u00edda. A BR-324 \u00e9 ultrapassada, cheia de problemas\u201d<\/strong>, disse.<\/p>\n<p>Sobre o sistema ferry-boat, o secret\u00e1rio afirmou que a situa\u00e7\u00e3o se arrasta h\u00e1 d\u00e9cadas sem solu\u00e7\u00e3o.\u00a0<strong>\u201cNem o ferry presta um servi\u00e7o de qualidade e nem a ponte sai. Ent\u00e3o a popula\u00e7\u00e3o fica sofrendo\u201d<\/strong>, criticou.<\/p>\n<h2><strong>\u201cFalta vontade pol\u00edtica\u201d<\/p>\n<p><\/strong><\/h2>\n<p>Questionado sobre os entraves em obras e concess\u00f5es, Alex foi direto ao apontar o que considera o principal desafio do governador\u00a0<strong>Jer\u00f4nimo Rodrigues<\/strong>\u00a0(PT):\u00a0<strong>\u201cNa minha vis\u00e3o, falta vontade pol\u00edtica para resolver os problemas\u201d<\/strong>.<\/p>\n<p>Ele citou como exemplo a sa\u00edda da ViaBahia da administra\u00e7\u00e3o das rodovias federais, ap\u00f3s press\u00e3o pol\u00edtica, mas criticou a aus\u00eancia de solu\u00e7\u00f5es definitivas.<\/p>\n<p><strong>\u201cHoje estamos \u00e0 merc\u00ea do DNIT, que tamb\u00e9m n\u00e3o presta um bom servi\u00e7o\u201d<\/strong>, atestou.<\/p>\n<h2><strong>Cr\u00edticas ao governo Jer\u00f4nimo<\/strong><\/h2>\n<p>Aliado do pr\u00e9-candidato ao governo\u00a0<strong>ACM Neto<\/strong>\u00a0(Uni\u00e3o Brasil), o secret\u00e1rio tamb\u00e9m fez uma avalia\u00e7\u00e3o negativa da atual gest\u00e3o estadual.<\/p>\n<p><strong>\u201cVoc\u00ea n\u00e3o encontra nesses \u00faltimos anos nada que voc\u00ea possa apontar como um grande projeto de governo para a Bahia\u201d<\/strong>, declarou.<\/p>\n<p>Apesar disso, ele fez uma ressalva em rela\u00e7\u00e3o \u00e0 gest\u00e3o anterior.\u00a0<strong>\u201cEm Rui Costa voc\u00ea ainda encontrava alguma marca. No governo atual, n\u00e3o vejo\u201d<\/strong>, completou.<\/p>\n<h2><strong>Sa\u00edda da C\u00e2mara foi decis\u00e3o pessoal<\/strong><\/h2>\n<p>Alex Santana tamb\u00e9m explicou os bastidores da decis\u00e3o de n\u00e3o disputar a reelei\u00e7\u00e3o para deputado federal. Segundo ele, embora a mudan\u00e7a tenha aberto espa\u00e7o para o retorno de\u00a0<strong>Marcelo Nilo<\/strong>\u00a0\u00e0 C\u00e2mara, a escolha j\u00e1 estava tomada antes mesmo do convite para assumir a secretaria.<\/p>\n<p><strong>\u201cFoi uma decis\u00e3o pessoal. Eu entendi que n\u00e3o valia a pena continuar naquele momento\u201d<\/strong>, disse.<\/p>\n<p>Ele revelou que o movimento tamb\u00e9m atendeu a um pedido dentro do seu grupo pol\u00edtico.\u00a0<strong>\u201cNeto me pediu esse gesto, e eu fiz. Poderia ter dito n\u00e3o, mas entendi o contexto\u201d<\/strong>, afirmou.<\/p>\n<p>Integrante da\u00a0<strong>Assembleia de Deus<\/strong>, Santana revelou ainda que ir\u00e1 apoiar as pr\u00e9-candidaturas de\u00a0<strong>Abra\u00e3o Reis\u00a0<\/strong>para a C\u00e2mara e\u00a0<strong>Samuel J\u00fanior<\/strong>, ambos do PL, \u00e0 Assembleia Legislativa.<\/p>\n<h2><strong>Perfil conciliador e nova fun\u00e7\u00e3o<\/strong><\/h2>\n<p>Com poucas semanas no cargo, o secret\u00e1rio destacou o desafio de atuar na articula\u00e7\u00e3o pol\u00edtica da Prefeitura de Salvador.\u00a0<strong>\u201c\u00c9 uma pasta que exige di\u00e1logo, conversa, saber ouvir. \u00c9 o que eu sempre fiz\u201d<\/strong>, disse.<\/p>\n<p>Ele afirmou que pretende manter uma rela\u00e7\u00e3o equilibrada com a C\u00e2mara de Vereadores, que ter\u00e1 vota\u00e7\u00f5es importantes este ano, a exemplo do Plano Municipal de Seguran\u00e7a P\u00fablica e o Plano Diretor de Desenvolvimento Urbano (PDDU).<\/p>\n<p><strong>\u201cNa pol\u00edtica voc\u00ea pode divergir, mas n\u00e3o pode romper o di\u00e1logo\u201d<\/strong>, pontuou.<\/p>\n<h2><strong>Peso dos evang\u00e9licos na pol\u00edtica<\/p>\n<p><\/strong><\/h2>\n<p>Durante a entrevista, Alex tamb\u00e9m comentou a influ\u00eancia do eleitorado evang\u00e9lico.\u00a0<strong>\u201c\u00c9 um segmento muito forte e que hoje tem voz, tem organiza\u00e7\u00e3o e influencia diretamente as elei\u00e7\u00f5es\u201d<\/strong>, avaliou.<\/p>\n<p>Na sua avalia\u00e7\u00e3o, pol\u00edticos de diferentes campos ideol\u00f3gicos t\u00eam buscado aproxima\u00e7\u00e3o com o p\u00fablico.\u00a0<strong>\u201cA pol\u00edtica se adapta ao que a sociedade pensa. E esse segmento precisa ser ouvido\u201d<\/strong>, disse.<\/p>\n<p>No entanto, ele criticou o que chamou de oportunismo pol\u00edtico em discursos voltados ao eleitorado.\u00a0<strong>\u201cO eleitor precisa buscar a ess\u00eancia. N\u00e3o adianta discurso s\u00f3 para agradar\u201d<\/strong>, concluiu.<\/p>\n<h2><strong>Confira a entrevista na \u00edntegra:<\/strong><br \/>\n<iframe loading=\"lazy\" title=\"CBN BAHIA | 24\/04\/2026 | Participe pelo WhatsApp (71) 98679-2647\" src=\"https:\/\/www.youtube.com\/embed\/nN65dkyDrWw\" width=\"795\" height=\"447\" frameborder=\"0\" allowfullscreen=\"allowfullscreen\" data-mce-fragment=\"1\"><\/iframe><\/h2>\n","protected":false},"excerpt":{"rendered":"<p>O novo secret\u00e1rio municipal de Rela\u00e7\u00f5es Institucionais,\u00a0Alex Santana\u00a0(Republicanos), fez duras cr\u00edticas ao projeto da\u00a0Ponte Salvador-Itaparica\u00a0durante entrevista \u00e0\u00a0CBN Salvador\u00a0nesta sexta-feira (24).<\/p>\n","protected":false},"author":4,"featured_media":21796,"comment_status":"open","ping_status":"open","sticky":false,"template":"","format":"standard","meta":{"colormag_page_container_layout":"default_layout","colormag_page_sidebar_layout":"default_layout","_FSMCFIC_featured_image_caption":"","_FSMCFIC_featured_image_nocaption":"","_FSMCFIC_featured_image_hide":"","footnotes":""},"categories":[5,1],"tags":[],"class_list":["post-21795","post","type-post","status-publish","format-standard","has-post-thumbnail","hentry","category-politica","category-ultimas"],"yoast_head":"<!-- This site is optimized with the Yoast SEO plugin v27.1.1 - https:\/\/yoast.com\/product\/yoast-seo-wordpress\/ -->\n<title>&#039;Acreditar nisso \u00e9 uma fantasia&#039;, diz Alex Santana sobre ponte Salvador-Itaparica - Brasil not\u00edcias<\/title>\n<meta name=\"robots\" content=\"index, follow, max-snippet:-1, max-image-preview:large, max-video-preview:-1\" \/>\n<link rel=\"canonical\" href=\"https:\/\/brasilnoticias.org\/site\/acreditar-nisso-e-uma-fantasia-diz-alex-santana-sobre-ponte-salvador-itaparica\/\" \/>\n<meta property=\"og:locale\" content=\"pt_PT\" \/>\n<meta property=\"og:type\" content=\"article\" \/>\n<meta property=\"og:title\" content=\"&#039;Acreditar nisso \u00e9 uma fantasia&#039;, diz Alex Santana sobre ponte Salvador-Itaparica - Brasil not\u00edcias\" \/>\n<meta property=\"og:description\" content=\"O novo secret\u00e1rio municipal de Rela\u00e7\u00f5es Institucionais,\u00a0Alex Santana\u00a0(Republicanos), fez duras cr\u00edticas ao projeto da\u00a0Ponte Salvador-Itaparica\u00a0durante entrevista \u00e0\u00a0CBN Salvador\u00a0nesta sexta-feira (24).\" \/>\n<meta property=\"og:url\" content=\"https:\/\/brasilnoticias.org\/site\/acreditar-nisso-e-uma-fantasia-diz-alex-santana-sobre-ponte-salvador-itaparica\/\" \/>\n<meta property=\"og:site_name\" content=\"Brasil not\u00edcias\" \/>\n<meta property=\"article:published_time\" content=\"2026-04-24T19:23:34+00:00\" \/>\n<meta property=\"og:image\" content=\"https:\/\/brasilnoticias.org\/site\/wp-content\/uploads\/2026\/04\/WhatsApp-Image-2026-04-24-at-10.32.54.jpeg\" \/>\n\t<meta property=\"og:image:width\" content=\"1280\" \/>\n\t<meta property=\"og:image:height\" content=\"720\" \/>\n\t<meta property=\"og:image:type\" content=\"image\/jpeg\" \/>\n<meta name=\"author\" content=\"Reda\u00e7\u00e3o\" \/>\n<meta name=\"twitter:card\" content=\"summary_large_image\" \/>\n<meta name=\"twitter:label1\" content=\"Escrito por\" \/>\n\t<meta name=\"twitter:data1\" content=\"Reda\u00e7\u00e3o\" \/>\n\t<meta name=\"twitter:label2\" content=\"Tempo estimado de leitura\" \/>\n\t<meta name=\"twitter:data2\" content=\"5 minutos\" \/>\n<script type=\"application\/ld+json\" class=\"yoast-schema-graph\">{\"@context\":\"https:\/\/schema.org\",\"@graph\":[{\"@type\":\"Article\",\"@id\":\"https:\/\/brasilnoticias.org\/site\/acreditar-nisso-e-uma-fantasia-diz-alex-santana-sobre-ponte-salvador-itaparica\/#article\",\"isPartOf\":{\"@id\":\"https:\/\/brasilnoticias.org\/site\/acreditar-nisso-e-uma-fantasia-diz-alex-santana-sobre-ponte-salvador-itaparica\/\"},\"author\":{\"name\":\"Reda\u00e7\u00e3o\",\"@id\":\"https:\/\/brasilnoticias.org\/site\/#\/schema\/person\/03bbbfe6c7634ad18c26444ea39049fa\"},\"headline\":\"&#8216;Acreditar nisso \u00e9 uma fantasia&#8217;, diz Alex Santana sobre ponte Salvador-Itaparica\",\"datePublished\":\"2026-04-24T19:23:34+00:00\",\"mainEntityOfPage\":{\"@id\":\"https:\/\/brasilnoticias.org\/site\/acreditar-nisso-e-uma-fantasia-diz-alex-santana-sobre-ponte-salvador-itaparica\/\"},\"wordCount\":797,\"commentCount\":0,\"publisher\":{\"@id\":\"https:\/\/brasilnoticias.org\/site\/#organization\"},\"image\":{\"@id\":\"https:\/\/brasilnoticias.org\/site\/acreditar-nisso-e-uma-fantasia-diz-alex-santana-sobre-ponte-salvador-itaparica\/#primaryimage\"},\"thumbnailUrl\":\"https:\/\/brasilnoticias.org\/site\/wp-content\/uploads\/2026\/04\/WhatsApp-Image-2026-04-24-at-10.32.54.jpeg\",\"articleSection\":[\"Pol\u00edtica\",\"\u00daltimas\"],\"inLanguage\":\"pt-PT\",\"potentialAction\":[{\"@type\":\"CommentAction\",\"name\":\"Comment\",\"target\":[\"https:\/\/brasilnoticias.org\/site\/acreditar-nisso-e-uma-fantasia-diz-alex-santana-sobre-ponte-salvador-itaparica\/#respond\"]}]},{\"@type\":\"WebPage\",\"@id\":\"https:\/\/brasilnoticias.org\/site\/acreditar-nisso-e-uma-fantasia-diz-alex-santana-sobre-ponte-salvador-itaparica\/\",\"url\":\"https:\/\/brasilnoticias.org\/site\/acreditar-nisso-e-uma-fantasia-diz-alex-santana-sobre-ponte-salvador-itaparica\/\",\"name\":\"'Acreditar nisso \u00e9 uma fantasia', diz Alex Santana sobre ponte Salvador-Itaparica - Brasil not\u00edcias\",\"isPartOf\":{\"@id\":\"https:\/\/brasilnoticias.org\/site\/#website\"},\"primaryImageOfPage\":{\"@id\":\"https:\/\/brasilnoticias.org\/site\/acreditar-nisso-e-uma-fantasia-diz-alex-santana-sobre-ponte-salvador-itaparica\/#primaryimage\"},\"image\":{\"@id\":\"https:\/\/brasilnoticias.org\/site\/acreditar-nisso-e-uma-fantasia-diz-alex-santana-sobre-ponte-salvador-itaparica\/#primaryimage\"},\"thumbnailUrl\":\"https:\/\/brasilnoticias.org\/site\/wp-content\/uploads\/2026\/04\/WhatsApp-Image-2026-04-24-at-10.32.54.jpeg\",\"datePublished\":\"2026-04-24T19:23:34+00:00\",\"breadcrumb\":{\"@id\":\"https:\/\/brasilnoticias.org\/site\/acreditar-nisso-e-uma-fantasia-diz-alex-santana-sobre-ponte-salvador-itaparica\/#breadcrumb\"},\"inLanguage\":\"pt-PT\",\"potentialAction\":[{\"@type\":\"ReadAction\",\"target\":[\"https:\/\/brasilnoticias.org\/site\/acreditar-nisso-e-uma-fantasia-diz-alex-santana-sobre-ponte-salvador-itaparica\/\"]}]},{\"@type\":\"ImageObject\",\"inLanguage\":\"pt-PT\",\"@id\":\"https:\/\/brasilnoticias.org\/site\/acreditar-nisso-e-uma-fantasia-diz-alex-santana-sobre-ponte-salvador-itaparica\/#primaryimage\",\"url\":\"https:\/\/brasilnoticias.org\/site\/wp-content\/uploads\/2026\/04\/WhatsApp-Image-2026-04-24-at-10.32.54.jpeg\",\"contentUrl\":\"https:\/\/brasilnoticias.org\/site\/wp-content\/uploads\/2026\/04\/WhatsApp-Image-2026-04-24-at-10.32.54.jpeg\",\"width\":1280,\"height\":720,\"caption\":\"Foto: Evil\u00e1sio J\u00fanior\"},{\"@type\":\"BreadcrumbList\",\"@id\":\"https:\/\/brasilnoticias.org\/site\/acreditar-nisso-e-uma-fantasia-diz-alex-santana-sobre-ponte-salvador-itaparica\/#breadcrumb\",\"itemListElement\":[{\"@type\":\"ListItem\",\"position\":1,\"name\":\"In\u00edcio\",\"item\":\"https:\/\/brasilnoticias.org\/site\/\"},{\"@type\":\"ListItem\",\"position\":2,\"name\":\"&#8216;Acreditar nisso \u00e9 uma fantasia&#8217;, diz Alex Santana sobre ponte Salvador-Itaparica\"}]},{\"@type\":\"WebSite\",\"@id\":\"https:\/\/brasilnoticias.org\/site\/#website\",\"url\":\"https:\/\/brasilnoticias.org\/site\/\",\"name\":\"Brasil not\u00edcias\",\"description\":\"Brasil not\u00edcias\",\"publisher\":{\"@id\":\"https:\/\/brasilnoticias.org\/site\/#organization\"},\"potentialAction\":[{\"@type\":\"SearchAction\",\"target\":{\"@type\":\"EntryPoint\",\"urlTemplate\":\"https:\/\/brasilnoticias.org\/site\/?s={search_term_string}\"},\"query-input\":{\"@type\":\"PropertyValueSpecification\",\"valueRequired\":true,\"valueName\":\"search_term_string\"}}],\"inLanguage\":\"pt-PT\"},{\"@type\":\"Organization\",\"@id\":\"https:\/\/brasilnoticias.org\/site\/#organization\",\"name\":\"Brasil not\u00edcias\",\"url\":\"https:\/\/brasilnoticias.org\/site\/\",\"logo\":{\"@type\":\"ImageObject\",\"inLanguage\":\"pt-PT\",\"@id\":\"https:\/\/brasilnoticias.org\/site\/#\/schema\/logo\/image\/\",\"url\":\"https:\/\/brasilnoticias.org\/site\/wp-content\/uploads\/2022\/05\/cropped-brasilnoticias-mini.jpg\",\"contentUrl\":\"https:\/\/brasilnoticias.org\/site\/wp-content\/uploads\/2022\/05\/cropped-brasilnoticias-mini.jpg\",\"width\":314,\"height\":86,\"caption\":\"Brasil not\u00edcias\"},\"image\":{\"@id\":\"https:\/\/brasilnoticias.org\/site\/#\/schema\/logo\/image\/\"}},{\"@type\":\"Person\",\"@id\":\"https:\/\/brasilnoticias.org\/site\/#\/schema\/person\/03bbbfe6c7634ad18c26444ea39049fa\",\"name\":\"Reda\u00e7\u00e3o\",\"image\":{\"@type\":\"ImageObject\",\"inLanguage\":\"pt-PT\",\"@id\":\"https:\/\/brasilnoticias.org\/site\/#\/schema\/person\/image\/\",\"url\":\"https:\/\/secure.gravatar.com\/avatar\/9ecaf7327a696cb23ad926fedded5f1f04d7049de9e445375d55b48c001a6e42?s=96&d=mm&r=g\",\"contentUrl\":\"https:\/\/secure.gravatar.com\/avatar\/9ecaf7327a696cb23ad926fedded5f1f04d7049de9e445375d55b48c001a6e42?s=96&d=mm&r=g\",\"caption\":\"Reda\u00e7\u00e3o\"},\"url\":\"https:\/\/brasilnoticias.org\/site\/author\/henrique\/\"}]}<\/script>\n<!-- \/ Yoast SEO plugin. -->","yoast_head_json":{"title":"'Acreditar nisso \u00e9 uma fantasia', diz Alex Santana sobre ponte Salvador-Itaparica - Brasil not\u00edcias","robots":{"index":"index","follow":"follow","max-snippet":"max-snippet:-1","max-image-preview":"max-image-preview:large","max-video-preview":"max-video-preview:-1"},"canonical":"https:\/\/brasilnoticias.org\/site\/acreditar-nisso-e-uma-fantasia-diz-alex-santana-sobre-ponte-salvador-itaparica\/","og_locale":"pt_PT","og_type":"article","og_title":"'Acreditar nisso \u00e9 uma fantasia', diz Alex Santana sobre ponte Salvador-Itaparica - Brasil not\u00edcias","og_description":"O novo secret\u00e1rio municipal de Rela\u00e7\u00f5es Institucionais,\u00a0Alex Santana\u00a0(Republicanos), fez duras cr\u00edticas ao projeto da\u00a0Ponte Salvador-Itaparica\u00a0durante entrevista \u00e0\u00a0CBN Salvador\u00a0nesta sexta-feira (24).","og_url":"https:\/\/brasilnoticias.org\/site\/acreditar-nisso-e-uma-fantasia-diz-alex-santana-sobre-ponte-salvador-itaparica\/","og_site_name":"Brasil not\u00edcias","article_published_time":"2026-04-24T19:23:34+00:00","og_image":[{"width":1280,"height":720,"url":"https:\/\/brasilnoticias.org\/site\/wp-content\/uploads\/2026\/04\/WhatsApp-Image-2026-04-24-at-10.32.54.jpeg","type":"image\/jpeg"}],"author":"Reda\u00e7\u00e3o","twitter_card":"summary_large_image","twitter_misc":{"Escrito por":"Reda\u00e7\u00e3o","Tempo estimado de leitura":"5 minutos"},"schema":{"@context":"https:\/\/schema.org","@graph":[{"@type":"Article","@id":"https:\/\/brasilnoticias.org\/site\/acreditar-nisso-e-uma-fantasia-diz-alex-santana-sobre-ponte-salvador-itaparica\/#article","isPartOf":{"@id":"https:\/\/brasilnoticias.org\/site\/acreditar-nisso-e-uma-fantasia-diz-alex-santana-sobre-ponte-salvador-itaparica\/"},"author":{"name":"Reda\u00e7\u00e3o","@id":"https:\/\/brasilnoticias.org\/site\/#\/schema\/person\/03bbbfe6c7634ad18c26444ea39049fa"},"headline":"&#8216;Acreditar nisso \u00e9 uma fantasia&#8217;, diz Alex Santana sobre ponte Salvador-Itaparica","datePublished":"2026-04-24T19:23:34+00:00","mainEntityOfPage":{"@id":"https:\/\/brasilnoticias.org\/site\/acreditar-nisso-e-uma-fantasia-diz-alex-santana-sobre-ponte-salvador-itaparica\/"},"wordCount":797,"commentCount":0,"publisher":{"@id":"https:\/\/brasilnoticias.org\/site\/#organization"},"image":{"@id":"https:\/\/brasilnoticias.org\/site\/acreditar-nisso-e-uma-fantasia-diz-alex-santana-sobre-ponte-salvador-itaparica\/#primaryimage"},"thumbnailUrl":"https:\/\/brasilnoticias.org\/site\/wp-content\/uploads\/2026\/04\/WhatsApp-Image-2026-04-24-at-10.32.54.jpeg","articleSection":["Pol\u00edtica","\u00daltimas"],"inLanguage":"pt-PT","potentialAction":[{"@type":"CommentAction","name":"Comment","target":["https:\/\/brasilnoticias.org\/site\/acreditar-nisso-e-uma-fantasia-diz-alex-santana-sobre-ponte-salvador-itaparica\/#respond"]}]},{"@type":"WebPage","@id":"https:\/\/brasilnoticias.org\/site\/acreditar-nisso-e-uma-fantasia-diz-alex-santana-sobre-ponte-salvador-itaparica\/","url":"https:\/\/brasilnoticias.org\/site\/acreditar-nisso-e-uma-fantasia-diz-alex-santana-sobre-ponte-salvador-itaparica\/","name":"'Acreditar nisso \u00e9 uma fantasia', diz Alex Santana sobre ponte Salvador-Itaparica - Brasil not\u00edcias","isPartOf":{"@id":"https:\/\/brasilnoticias.org\/site\/#website"},"primaryImageOfPage":{"@id":"https:\/\/brasilnoticias.org\/site\/acreditar-nisso-e-uma-fantasia-diz-alex-santana-sobre-ponte-salvador-itaparica\/#primaryimage"},"image":{"@id":"https:\/\/brasilnoticias.org\/site\/acreditar-nisso-e-uma-fantasia-diz-alex-santana-sobre-ponte-salvador-itaparica\/#primaryimage"},"thumbnailUrl":"https:\/\/brasilnoticias.org\/site\/wp-content\/uploads\/2026\/04\/WhatsApp-Image-2026-04-24-at-10.32.54.jpeg","datePublished":"2026-04-24T19:23:34+00:00","breadcrumb":{"@id":"https:\/\/brasilnoticias.org\/site\/acreditar-nisso-e-uma-fantasia-diz-alex-santana-sobre-ponte-salvador-itaparica\/#breadcrumb"},"inLanguage":"pt-PT","potentialAction":[{"@type":"ReadAction","target":["https:\/\/brasilnoticias.org\/site\/acreditar-nisso-e-uma-fantasia-diz-alex-santana-sobre-ponte-salvador-itaparica\/"]}]},{"@type":"ImageObject","inLanguage":"pt-PT","@id":"https:\/\/brasilnoticias.org\/site\/acreditar-nisso-e-uma-fantasia-diz-alex-santana-sobre-ponte-salvador-itaparica\/#primaryimage","url":"https:\/\/brasilnoticias.org\/site\/wp-content\/uploads\/2026\/04\/WhatsApp-Image-2026-04-24-at-10.32.54.jpeg","contentUrl":"https:\/\/brasilnoticias.org\/site\/wp-content\/uploads\/2026\/04\/WhatsApp-Image-2026-04-24-at-10.32.54.jpeg","width":1280,"height":720,"caption":"Foto: Evil\u00e1sio J\u00fanior"},{"@type":"BreadcrumbList","@id":"https:\/\/brasilnoticias.org\/site\/acreditar-nisso-e-uma-fantasia-diz-alex-santana-sobre-ponte-salvador-itaparica\/#breadcrumb","itemListElement":[{"@type":"ListItem","position":1,"name":"In\u00edcio","item":"https:\/\/brasilnoticias.org\/site\/"},{"@type":"ListItem","position":2,"name":"&#8216;Acreditar nisso \u00e9 uma fantasia&#8217;, diz Alex Santana sobre ponte Salvador-Itaparica"}]},{"@type":"WebSite","@id":"https:\/\/brasilnoticias.org\/site\/#website","url":"https:\/\/brasilnoticias.org\/site\/","name":"Brasil not\u00edcias","description":"Brasil not\u00edcias","publisher":{"@id":"https:\/\/brasilnoticias.org\/site\/#organization"},"potentialAction":[{"@type":"SearchAction","target":{"@type":"EntryPoint","urlTemplate":"https:\/\/brasilnoticias.org\/site\/?s={search_term_string}"},"query-input":{"@type":"PropertyValueSpecification","valueRequired":true,"valueName":"search_term_string"}}],"inLanguage":"pt-PT"},{"@type":"Organization","@id":"https:\/\/brasilnoticias.org\/site\/#organization","name":"Brasil not\u00edcias","url":"https:\/\/brasilnoticias.org\/site\/","logo":{"@type":"ImageObject","inLanguage":"pt-PT","@id":"https:\/\/brasilnoticias.org\/site\/#\/schema\/logo\/image\/","url":"https:\/\/brasilnoticias.org\/site\/wp-content\/uploads\/2022\/05\/cropped-brasilnoticias-mini.jpg","contentUrl":"https:\/\/brasilnoticias.org\/site\/wp-content\/uploads\/2022\/05\/cropped-brasilnoticias-mini.jpg","width":314,"height":86,"caption":"Brasil not\u00edcias"},"image":{"@id":"https:\/\/brasilnoticias.org\/site\/#\/schema\/logo\/image\/"}},{"@type":"Person","@id":"https:\/\/brasilnoticias.org\/site\/#\/schema\/person\/03bbbfe6c7634ad18c26444ea39049fa","name":"Reda\u00e7\u00e3o","image":{"@type":"ImageObject","inLanguage":"pt-PT","@id":"https:\/\/brasilnoticias.org\/site\/#\/schema\/person\/image\/","url":"https:\/\/secure.gravatar.com\/avatar\/9ecaf7327a696cb23ad926fedded5f1f04d7049de9e445375d55b48c001a6e42?s=96&d=mm&r=g","contentUrl":"https:\/\/secure.gravatar.com\/avatar\/9ecaf7327a696cb23ad926fedded5f1f04d7049de9e445375d55b48c001a6e42?s=96&d=mm&r=g","caption":"Reda\u00e7\u00e3o"},"url":"https:\/\/brasilnoticias.org\/site\/author\/henrique\/"}]}},"_links":{"self":[{"href":"https:\/\/brasilnoticias.org\/site\/wp-json\/wp\/v2\/posts\/21795","targetHints":{"allow":["GET"]}}],"collection":[{"href":"https:\/\/brasilnoticias.org\/site\/wp-json\/wp\/v2\/posts"}],"about":[{"href":"https:\/\/brasilnoticias.org\/site\/wp-json\/wp\/v2\/types\/post"}],"author":[{"embeddable":true,"href":"https:\/\/brasilnoticias.org\/site\/wp-json\/wp\/v2\/users\/4"}],"replies":[{"embeddable":true,"href":"https:\/\/brasilnoticias.org\/site\/wp-json\/wp\/v2\/comments?post=21795"}],"version-history":[{"count":1,"href":"https:\/\/brasilnoticias.org\/site\/wp-json\/wp\/v2\/posts\/21795\/revisions"}],"predecessor-version":[{"id":21797,"href":"https:\/\/brasilnoticias.org\/site\/wp-json\/wp\/v2\/posts\/21795\/revisions\/21797"}],"wp:featuredmedia":[{"embeddable":true,"href":"https:\/\/brasilnoticias.org\/site\/wp-json\/wp\/v2\/media\/21796"}],"wp:attachment":[{"href":"https:\/\/brasilnoticias.org\/site\/wp-json\/wp\/v2\/media?parent=21795"}],"wp:term":[{"taxonomy":"category","embeddable":true,"href":"https:\/\/brasilnoticias.org\/site\/wp-json\/wp\/v2\/categories?post=21795"},{"taxonomy":"post_tag","embeddable":true,"href":"https:\/\/brasilnoticias.org\/site\/wp-json\/wp\/v2\/tags?post=21795"}],"curies":[{"name":"wp","href":"https:\/\/api.w.org\/{rel}","templated":true}]}}