{"id":218,"date":"2022-05-13T19:11:59","date_gmt":"2022-05-13T22:11:59","guid":{"rendered":"https:\/\/brasilnoticias.org\/site\/?p=218"},"modified":"2022-05-13T19:11:59","modified_gmt":"2022-05-13T22:11:59","slug":"ministro-do-stf-recebe-titulo-de-cidadao-baiano-saiba-quem","status":"publish","type":"post","link":"https:\/\/brasilnoticias.org\/site\/ministro-do-stf-recebe-titulo-de-cidadao-baiano-saiba-quem\/","title":{"rendered":"Ministro do STF recebe t\u00edtulo de cidad\u00e3o baiano; saiba quem"},"content":{"rendered":"<p>O presidente do Supremo Tribunal Federal (STF) e do Conselho Nacional de Justi\u00e7a (CNJ), ministro Luiz Fux, foi agraciado com o T\u00edtulo de Cidad\u00e3o Baiano na noite da \u00faltima quinta-feira (12).<\/p>\n<p>O jurista recebeu a honraria das m\u00e3os do proponente da homenagem, deputado Sandro R\u00e9gis (Uni\u00e3o Brasil), e do presidente da Assembleia Legislativa da Bahia (ALBA), Adolfo Menezes (PSD),\u00a0<a href=\"https:\/\/www.bnews.com.br\/noticias\/crime-e-justica-bahia\/abertura-do-xxiv-congresso-de-magistrados-reune-politicos-e-juristas-no-centro-de-convencoes-de-salvador.html\" target=\"_blank\" rel=\"noopener\">durante a abertura do XXIV Congresso Brasileiro de Magistrados<\/a>, no Centro de Conven\u00e7\u00f5es de Salvador. Fux foi o palestrante da confer\u00eancia magna com o tema \u201cMagistratura e Direitos Fundamentais\u201d.<\/p>\n<p>Ap\u00f3s o ato de entrega, o chefe do Legislativo e o autor da proposi\u00e7\u00e3o parabenizaram o homenageado.<\/p>\n<p>Esse \u00e9 um momento importante para a Bahia. Temos a alegria de conceder essa honraria a um grande jurista brasileiro. Saiba ministro, que baiano n\u00e3o nasce, estreia. Ent\u00e3o, seja bem-vindo ao Estado como leg\u00edtimo baiano\u201d, disse R\u00e9gis.<\/p>\n<p>O presidente da ALBA\u00a0<a href=\"https:\/\/www.bnews.com.br\/noticias\/crime-e-justica-bahia\/deputados-votam-proposta-de-aumento-para-servidores-do-tce-saiba-datas.html\" target=\"_blank\" rel=\"noopener\">tamb\u00e9m saudou o magistrado<\/a>\u00a0e falou sobre sua satisfa\u00e7\u00e3o de conceder o t\u00edtulo ao presidente do STF.<\/p>\n<p>\u201cEssa \u00e9 uma noite marcante para a Bahia, porque aqui est\u00e3o reunidos grandes juristas, operadores do direito. E, nessa oportunidade, um destes grandes nomes do Judici\u00e1rio nacional se torna filho da nossa terra\u201d, afirmou Menezes.<\/p>\n<p>Ainda durante a solenidade, o presidente da C\u00e2mara de Salvador, vereador Geraldo J\u00fanior (MDB), entregou o T\u00edtulo de Cidad\u00e3 Soteropolitana a Renata Gil, presidente da Associa\u00e7\u00e3o dos Magistrados Brasileiros (AMB).<\/p>\n<p>Ao lado dos vereadores Paulo Magalh\u00e3es J\u00fanior (Uni\u00e3o Brasil) e Marcelle Moraes (Uni\u00e3o Brasil), Geraldo J\u00fanior tamb\u00e9m fez a entrega da Medalha Thom\u00e9 de Souza ao juiz Fred Pitta Lima. Outro homenageado da noite foi o m\u00fasico Carlinhos Brown, que recebeu o t\u00edtulo de Embaixador da Justi\u00e7a Restaurativa.<\/p>\n<p>&nbsp;<\/p>\n<p>&nbsp;<\/p>\n<p>&nbsp;<\/p>\n<p style=\"text-align: center;\">Bnews<\/p>\n<p>&nbsp;<\/p>\n","protected":false},"excerpt":{"rendered":"<p>O presidente do Supremo Tribunal Federal (STF) e do Conselho Nacional de Justi\u00e7a (CNJ), ministro Luiz Fux, foi agraciado com<\/p>\n","protected":false},"author":2,"featured_media":219,"comment_status":"open","ping_status":"open","sticky":false,"template":"","format":"standard","meta":{"colormag_page_container_layout":"default_layout","colormag_page_sidebar_layout":"default_layout","_FSMCFIC_featured_image_caption":"","_FSMCFIC_featured_image_nocaption":"","_FSMCFIC_featured_image_hide":"","footnotes":""},"categories":[7,1],"tags":[],"class_list":["post-218","post","type-post","status-publish","format-standard","has-post-thumbnail","hentry","category-justica","category-ultimas"],"yoast_head":"<!-- This site is optimized with the Yoast SEO plugin v27.1.1 - https:\/\/yoast.com\/product\/yoast-seo-wordpress\/ -->\n<title>Ministro do STF recebe t\u00edtulo de cidad\u00e3o baiano; saiba quem - Brasil not\u00edcias<\/title>\n<meta name=\"robots\" content=\"index, follow, max-snippet:-1, max-image-preview:large, max-video-preview:-1\" \/>\n<link rel=\"canonical\" href=\"https:\/\/brasilnoticias.org\/site\/ministro-do-stf-recebe-titulo-de-cidadao-baiano-saiba-quem\/\" \/>\n<meta property=\"og:locale\" content=\"pt_PT\" \/>\n<meta property=\"og:type\" content=\"article\" \/>\n<meta property=\"og:title\" content=\"Ministro do STF recebe t\u00edtulo de cidad\u00e3o baiano; saiba quem - Brasil not\u00edcias\" \/>\n<meta property=\"og:description\" content=\"O presidente do Supremo Tribunal Federal (STF) e do Conselho Nacional de Justi\u00e7a (CNJ), ministro Luiz Fux, foi agraciado com\" \/>\n<meta property=\"og:url\" content=\"https:\/\/brasilnoticias.org\/site\/ministro-do-stf-recebe-titulo-de-cidadao-baiano-saiba-quem\/\" \/>\n<meta property=\"og:site_name\" content=\"Brasil not\u00edcias\" \/>\n<meta property=\"article:published_time\" content=\"2022-05-13T22:11:59+00:00\" \/>\n<meta property=\"og:image\" content=\"https:\/\/brasilnoticias.org\/site\/wp-content\/uploads\/2022\/05\/fux_recebe_titulo_de_cidadao_baiano_widelg.jpg\" \/>\n\t<meta property=\"og:image:width\" content=\"800\" \/>\n\t<meta property=\"og:image:height\" content=\"450\" \/>\n\t<meta property=\"og:image:type\" content=\"image\/jpeg\" \/>\n<meta name=\"author\" content=\"Reda\u00e7\u00e3o\" \/>\n<meta name=\"twitter:card\" content=\"summary_large_image\" \/>\n<meta name=\"twitter:label1\" content=\"Escrito por\" \/>\n\t<meta name=\"twitter:data1\" content=\"Reda\u00e7\u00e3o\" \/>\n\t<meta name=\"twitter:label2\" content=\"Tempo estimado de leitura\" \/>\n\t<meta name=\"twitter:data2\" content=\"2 minutos\" \/>\n<script type=\"application\/ld+json\" class=\"yoast-schema-graph\">{\"@context\":\"https:\/\/schema.org\",\"@graph\":[{\"@type\":\"Article\",\"@id\":\"https:\/\/brasilnoticias.org\/site\/ministro-do-stf-recebe-titulo-de-cidadao-baiano-saiba-quem\/#article\",\"isPartOf\":{\"@id\":\"https:\/\/brasilnoticias.org\/site\/ministro-do-stf-recebe-titulo-de-cidadao-baiano-saiba-quem\/\"},\"author\":{\"name\":\"Reda\u00e7\u00e3o\",\"@id\":\"https:\/\/brasilnoticias.org\/site\/#\/schema\/person\/f609fa847b5314f1c8b983342f34c798\"},\"headline\":\"Ministro do STF recebe t\u00edtulo de cidad\u00e3o baiano; saiba quem\",\"datePublished\":\"2022-05-13T22:11:59+00:00\",\"mainEntityOfPage\":{\"@id\":\"https:\/\/brasilnoticias.org\/site\/ministro-do-stf-recebe-titulo-de-cidadao-baiano-saiba-quem\/\"},\"wordCount\":322,\"commentCount\":0,\"publisher\":{\"@id\":\"https:\/\/brasilnoticias.org\/site\/#organization\"},\"image\":{\"@id\":\"https:\/\/brasilnoticias.org\/site\/ministro-do-stf-recebe-titulo-de-cidadao-baiano-saiba-quem\/#primaryimage\"},\"thumbnailUrl\":\"https:\/\/brasilnoticias.org\/site\/wp-content\/uploads\/2022\/05\/fux_recebe_titulo_de_cidadao_baiano_widelg.jpg\",\"articleSection\":[\"Justi\u00e7a\",\"\u00daltimas\"],\"inLanguage\":\"pt-PT\",\"potentialAction\":[{\"@type\":\"CommentAction\",\"name\":\"Comment\",\"target\":[\"https:\/\/brasilnoticias.org\/site\/ministro-do-stf-recebe-titulo-de-cidadao-baiano-saiba-quem\/#respond\"]}]},{\"@type\":\"WebPage\",\"@id\":\"https:\/\/brasilnoticias.org\/site\/ministro-do-stf-recebe-titulo-de-cidadao-baiano-saiba-quem\/\",\"url\":\"https:\/\/brasilnoticias.org\/site\/ministro-do-stf-recebe-titulo-de-cidadao-baiano-saiba-quem\/\",\"name\":\"Ministro do STF recebe t\u00edtulo de cidad\u00e3o baiano; saiba quem - Brasil not\u00edcias\",\"isPartOf\":{\"@id\":\"https:\/\/brasilnoticias.org\/site\/#website\"},\"primaryImageOfPage\":{\"@id\":\"https:\/\/brasilnoticias.org\/site\/ministro-do-stf-recebe-titulo-de-cidadao-baiano-saiba-quem\/#primaryimage\"},\"image\":{\"@id\":\"https:\/\/brasilnoticias.org\/site\/ministro-do-stf-recebe-titulo-de-cidadao-baiano-saiba-quem\/#primaryimage\"},\"thumbnailUrl\":\"https:\/\/brasilnoticias.org\/site\/wp-content\/uploads\/2022\/05\/fux_recebe_titulo_de_cidadao_baiano_widelg.jpg\",\"datePublished\":\"2022-05-13T22:11:59+00:00\",\"breadcrumb\":{\"@id\":\"https:\/\/brasilnoticias.org\/site\/ministro-do-stf-recebe-titulo-de-cidadao-baiano-saiba-quem\/#breadcrumb\"},\"inLanguage\":\"pt-PT\",\"potentialAction\":[{\"@type\":\"ReadAction\",\"target\":[\"https:\/\/brasilnoticias.org\/site\/ministro-do-stf-recebe-titulo-de-cidadao-baiano-saiba-quem\/\"]}]},{\"@type\":\"ImageObject\",\"inLanguage\":\"pt-PT\",\"@id\":\"https:\/\/brasilnoticias.org\/site\/ministro-do-stf-recebe-titulo-de-cidadao-baiano-saiba-quem\/#primaryimage\",\"url\":\"https:\/\/brasilnoticias.org\/site\/wp-content\/uploads\/2022\/05\/fux_recebe_titulo_de_cidadao_baiano_widelg.jpg\",\"contentUrl\":\"https:\/\/brasilnoticias.org\/site\/wp-content\/uploads\/2022\/05\/fux_recebe_titulo_de_cidadao_baiano_widelg.jpg\",\"width\":800,\"height\":450},{\"@type\":\"BreadcrumbList\",\"@id\":\"https:\/\/brasilnoticias.org\/site\/ministro-do-stf-recebe-titulo-de-cidadao-baiano-saiba-quem\/#breadcrumb\",\"itemListElement\":[{\"@type\":\"ListItem\",\"position\":1,\"name\":\"In\u00edcio\",\"item\":\"https:\/\/brasilnoticias.org\/site\/\"},{\"@type\":\"ListItem\",\"position\":2,\"name\":\"Ministro do STF recebe t\u00edtulo de cidad\u00e3o baiano; saiba quem\"}]},{\"@type\":\"WebSite\",\"@id\":\"https:\/\/brasilnoticias.org\/site\/#website\",\"url\":\"https:\/\/brasilnoticias.org\/site\/\",\"name\":\"Brasil not\u00edcias\",\"description\":\"Brasil not\u00edcias\",\"publisher\":{\"@id\":\"https:\/\/brasilnoticias.org\/site\/#organization\"},\"potentialAction\":[{\"@type\":\"SearchAction\",\"target\":{\"@type\":\"EntryPoint\",\"urlTemplate\":\"https:\/\/brasilnoticias.org\/site\/?s={search_term_string}\"},\"query-input\":{\"@type\":\"PropertyValueSpecification\",\"valueRequired\":true,\"valueName\":\"search_term_string\"}}],\"inLanguage\":\"pt-PT\"},{\"@type\":\"Organization\",\"@id\":\"https:\/\/brasilnoticias.org\/site\/#organization\",\"name\":\"Brasil not\u00edcias\",\"url\":\"https:\/\/brasilnoticias.org\/site\/\",\"logo\":{\"@type\":\"ImageObject\",\"inLanguage\":\"pt-PT\",\"@id\":\"https:\/\/brasilnoticias.org\/site\/#\/schema\/logo\/image\/\",\"url\":\"https:\/\/brasilnoticias.org\/site\/wp-content\/uploads\/2022\/05\/cropped-brasilnoticias-mini.jpg\",\"contentUrl\":\"https:\/\/brasilnoticias.org\/site\/wp-content\/uploads\/2022\/05\/cropped-brasilnoticias-mini.jpg\",\"width\":314,\"height\":86,\"caption\":\"Brasil not\u00edcias\"},\"image\":{\"@id\":\"https:\/\/brasilnoticias.org\/site\/#\/schema\/logo\/image\/\"}},{\"@type\":\"Person\",\"@id\":\"https:\/\/brasilnoticias.org\/site\/#\/schema\/person\/f609fa847b5314f1c8b983342f34c798\",\"name\":\"Reda\u00e7\u00e3o\",\"image\":{\"@type\":\"ImageObject\",\"inLanguage\":\"pt-PT\",\"@id\":\"https:\/\/brasilnoticias.org\/site\/#\/schema\/person\/image\/\",\"url\":\"https:\/\/secure.gravatar.com\/avatar\/447284c06c1ad8b46465a36de9cd0d8326b73387a22799b8b1ffb1fbcff2ed0c?s=96&d=mm&r=g\",\"contentUrl\":\"https:\/\/secure.gravatar.com\/avatar\/447284c06c1ad8b46465a36de9cd0d8326b73387a22799b8b1ffb1fbcff2ed0c?s=96&d=mm&r=g\",\"caption\":\"Reda\u00e7\u00e3o\"},\"url\":\"https:\/\/brasilnoticias.org\/site\/author\/redacao\/\"}]}<\/script>\n<!-- \/ Yoast SEO plugin. -->","yoast_head_json":{"title":"Ministro do STF recebe t\u00edtulo de cidad\u00e3o baiano; saiba quem - Brasil not\u00edcias","robots":{"index":"index","follow":"follow","max-snippet":"max-snippet:-1","max-image-preview":"max-image-preview:large","max-video-preview":"max-video-preview:-1"},"canonical":"https:\/\/brasilnoticias.org\/site\/ministro-do-stf-recebe-titulo-de-cidadao-baiano-saiba-quem\/","og_locale":"pt_PT","og_type":"article","og_title":"Ministro do STF recebe t\u00edtulo de cidad\u00e3o baiano; saiba quem - Brasil not\u00edcias","og_description":"O presidente do Supremo Tribunal Federal (STF) e do Conselho Nacional de Justi\u00e7a (CNJ), ministro Luiz Fux, foi agraciado com","og_url":"https:\/\/brasilnoticias.org\/site\/ministro-do-stf-recebe-titulo-de-cidadao-baiano-saiba-quem\/","og_site_name":"Brasil not\u00edcias","article_published_time":"2022-05-13T22:11:59+00:00","og_image":[{"width":800,"height":450,"url":"https:\/\/brasilnoticias.org\/site\/wp-content\/uploads\/2022\/05\/fux_recebe_titulo_de_cidadao_baiano_widelg.jpg","type":"image\/jpeg"}],"author":"Reda\u00e7\u00e3o","twitter_card":"summary_large_image","twitter_misc":{"Escrito por":"Reda\u00e7\u00e3o","Tempo estimado de leitura":"2 minutos"},"schema":{"@context":"https:\/\/schema.org","@graph":[{"@type":"Article","@id":"https:\/\/brasilnoticias.org\/site\/ministro-do-stf-recebe-titulo-de-cidadao-baiano-saiba-quem\/#article","isPartOf":{"@id":"https:\/\/brasilnoticias.org\/site\/ministro-do-stf-recebe-titulo-de-cidadao-baiano-saiba-quem\/"},"author":{"name":"Reda\u00e7\u00e3o","@id":"https:\/\/brasilnoticias.org\/site\/#\/schema\/person\/f609fa847b5314f1c8b983342f34c798"},"headline":"Ministro do STF recebe t\u00edtulo de cidad\u00e3o baiano; saiba quem","datePublished":"2022-05-13T22:11:59+00:00","mainEntityOfPage":{"@id":"https:\/\/brasilnoticias.org\/site\/ministro-do-stf-recebe-titulo-de-cidadao-baiano-saiba-quem\/"},"wordCount":322,"commentCount":0,"publisher":{"@id":"https:\/\/brasilnoticias.org\/site\/#organization"},"image":{"@id":"https:\/\/brasilnoticias.org\/site\/ministro-do-stf-recebe-titulo-de-cidadao-baiano-saiba-quem\/#primaryimage"},"thumbnailUrl":"https:\/\/brasilnoticias.org\/site\/wp-content\/uploads\/2022\/05\/fux_recebe_titulo_de_cidadao_baiano_widelg.jpg","articleSection":["Justi\u00e7a","\u00daltimas"],"inLanguage":"pt-PT","potentialAction":[{"@type":"CommentAction","name":"Comment","target":["https:\/\/brasilnoticias.org\/site\/ministro-do-stf-recebe-titulo-de-cidadao-baiano-saiba-quem\/#respond"]}]},{"@type":"WebPage","@id":"https:\/\/brasilnoticias.org\/site\/ministro-do-stf-recebe-titulo-de-cidadao-baiano-saiba-quem\/","url":"https:\/\/brasilnoticias.org\/site\/ministro-do-stf-recebe-titulo-de-cidadao-baiano-saiba-quem\/","name":"Ministro do STF recebe t\u00edtulo de cidad\u00e3o baiano; saiba quem - Brasil not\u00edcias","isPartOf":{"@id":"https:\/\/brasilnoticias.org\/site\/#website"},"primaryImageOfPage":{"@id":"https:\/\/brasilnoticias.org\/site\/ministro-do-stf-recebe-titulo-de-cidadao-baiano-saiba-quem\/#primaryimage"},"image":{"@id":"https:\/\/brasilnoticias.org\/site\/ministro-do-stf-recebe-titulo-de-cidadao-baiano-saiba-quem\/#primaryimage"},"thumbnailUrl":"https:\/\/brasilnoticias.org\/site\/wp-content\/uploads\/2022\/05\/fux_recebe_titulo_de_cidadao_baiano_widelg.jpg","datePublished":"2022-05-13T22:11:59+00:00","breadcrumb":{"@id":"https:\/\/brasilnoticias.org\/site\/ministro-do-stf-recebe-titulo-de-cidadao-baiano-saiba-quem\/#breadcrumb"},"inLanguage":"pt-PT","potentialAction":[{"@type":"ReadAction","target":["https:\/\/brasilnoticias.org\/site\/ministro-do-stf-recebe-titulo-de-cidadao-baiano-saiba-quem\/"]}]},{"@type":"ImageObject","inLanguage":"pt-PT","@id":"https:\/\/brasilnoticias.org\/site\/ministro-do-stf-recebe-titulo-de-cidadao-baiano-saiba-quem\/#primaryimage","url":"https:\/\/brasilnoticias.org\/site\/wp-content\/uploads\/2022\/05\/fux_recebe_titulo_de_cidadao_baiano_widelg.jpg","contentUrl":"https:\/\/brasilnoticias.org\/site\/wp-content\/uploads\/2022\/05\/fux_recebe_titulo_de_cidadao_baiano_widelg.jpg","width":800,"height":450},{"@type":"BreadcrumbList","@id":"https:\/\/brasilnoticias.org\/site\/ministro-do-stf-recebe-titulo-de-cidadao-baiano-saiba-quem\/#breadcrumb","itemListElement":[{"@type":"ListItem","position":1,"name":"In\u00edcio","item":"https:\/\/brasilnoticias.org\/site\/"},{"@type":"ListItem","position":2,"name":"Ministro do STF recebe t\u00edtulo de cidad\u00e3o baiano; saiba quem"}]},{"@type":"WebSite","@id":"https:\/\/brasilnoticias.org\/site\/#website","url":"https:\/\/brasilnoticias.org\/site\/","name":"Brasil not\u00edcias","description":"Brasil not\u00edcias","publisher":{"@id":"https:\/\/brasilnoticias.org\/site\/#organization"},"potentialAction":[{"@type":"SearchAction","target":{"@type":"EntryPoint","urlTemplate":"https:\/\/brasilnoticias.org\/site\/?s={search_term_string}"},"query-input":{"@type":"PropertyValueSpecification","valueRequired":true,"valueName":"search_term_string"}}],"inLanguage":"pt-PT"},{"@type":"Organization","@id":"https:\/\/brasilnoticias.org\/site\/#organization","name":"Brasil not\u00edcias","url":"https:\/\/brasilnoticias.org\/site\/","logo":{"@type":"ImageObject","inLanguage":"pt-PT","@id":"https:\/\/brasilnoticias.org\/site\/#\/schema\/logo\/image\/","url":"https:\/\/brasilnoticias.org\/site\/wp-content\/uploads\/2022\/05\/cropped-brasilnoticias-mini.jpg","contentUrl":"https:\/\/brasilnoticias.org\/site\/wp-content\/uploads\/2022\/05\/cropped-brasilnoticias-mini.jpg","width":314,"height":86,"caption":"Brasil not\u00edcias"},"image":{"@id":"https:\/\/brasilnoticias.org\/site\/#\/schema\/logo\/image\/"}},{"@type":"Person","@id":"https:\/\/brasilnoticias.org\/site\/#\/schema\/person\/f609fa847b5314f1c8b983342f34c798","name":"Reda\u00e7\u00e3o","image":{"@type":"ImageObject","inLanguage":"pt-PT","@id":"https:\/\/brasilnoticias.org\/site\/#\/schema\/person\/image\/","url":"https:\/\/secure.gravatar.com\/avatar\/447284c06c1ad8b46465a36de9cd0d8326b73387a22799b8b1ffb1fbcff2ed0c?s=96&d=mm&r=g","contentUrl":"https:\/\/secure.gravatar.com\/avatar\/447284c06c1ad8b46465a36de9cd0d8326b73387a22799b8b1ffb1fbcff2ed0c?s=96&d=mm&r=g","caption":"Reda\u00e7\u00e3o"},"url":"https:\/\/brasilnoticias.org\/site\/author\/redacao\/"}]}},"_links":{"self":[{"href":"https:\/\/brasilnoticias.org\/site\/wp-json\/wp\/v2\/posts\/218","targetHints":{"allow":["GET"]}}],"collection":[{"href":"https:\/\/brasilnoticias.org\/site\/wp-json\/wp\/v2\/posts"}],"about":[{"href":"https:\/\/brasilnoticias.org\/site\/wp-json\/wp\/v2\/types\/post"}],"author":[{"embeddable":true,"href":"https:\/\/brasilnoticias.org\/site\/wp-json\/wp\/v2\/users\/2"}],"replies":[{"embeddable":true,"href":"https:\/\/brasilnoticias.org\/site\/wp-json\/wp\/v2\/comments?post=218"}],"version-history":[{"count":1,"href":"https:\/\/brasilnoticias.org\/site\/wp-json\/wp\/v2\/posts\/218\/revisions"}],"predecessor-version":[{"id":220,"href":"https:\/\/brasilnoticias.org\/site\/wp-json\/wp\/v2\/posts\/218\/revisions\/220"}],"wp:featuredmedia":[{"embeddable":true,"href":"https:\/\/brasilnoticias.org\/site\/wp-json\/wp\/v2\/media\/219"}],"wp:attachment":[{"href":"https:\/\/brasilnoticias.org\/site\/wp-json\/wp\/v2\/media?parent=218"}],"wp:term":[{"taxonomy":"category","embeddable":true,"href":"https:\/\/brasilnoticias.org\/site\/wp-json\/wp\/v2\/categories?post=218"},{"taxonomy":"post_tag","embeddable":true,"href":"https:\/\/brasilnoticias.org\/site\/wp-json\/wp\/v2\/tags?post=218"}],"curies":[{"name":"wp","href":"https:\/\/api.w.org\/{rel}","templated":true}]}}