{"id":21805,"date":"2026-04-27T06:07:25","date_gmt":"2026-04-27T09:07:25","guid":{"rendered":"https:\/\/brasilnoticias.org\/site\/?p=21805"},"modified":"2026-04-27T06:07:25","modified_gmt":"2026-04-27T09:07:25","slug":"moraes-concede-prisao-domiciliar-a-idosos-condenados-pelos-atos-de-8-de-janeiro","status":"publish","type":"post","link":"https:\/\/brasilnoticias.org\/site\/moraes-concede-prisao-domiciliar-a-idosos-condenados-pelos-atos-de-8-de-janeiro\/","title":{"rendered":"Moraes concede pris\u00e3o domiciliar a idosos condenados pelos atos de 8 de janeiro"},"content":{"rendered":"<p data-start=\"302\" data-end=\"661\">O ministro do Supremo Tribunal Federal, Alexandre de Moraes, concedeu pris\u00e3o domiciliar a pelo menos 18 idosos condenados pelos atos de 8 de janeiro de 2023. A decis\u00e3o, publicada na \u00faltima sexta-feira (24), beneficia homens e mulheres com idades entre 62 e 70 anos, que cumprem penas que variam de 13 a 17 anos de pris\u00e3o.<\/p>\n<p data-start=\"663\" data-end=\"990\">Com a medida, os beneficiados deixar\u00e3o as unidades prisionais para cumprir o restante das penas em casa, mas sob uma s\u00e9rie de restri\u00e7\u00f5es impostas pelo Supremo. Entre as determina\u00e7\u00f5es est\u00e3o o uso obrigat\u00f3rio de tornozeleira eletr\u00f4nica, suspens\u00e3o dos passaportes e proibi\u00e7\u00e3o de sair do pa\u00eds.<\/p>\n<h2 data-section-id=\"hanbp2\" data-start=\"992\" data-end=\"1030\">Condenados ter\u00e3o restri\u00e7\u00f5es r\u00edgidas<\/h2>\n<p data-start=\"1032\" data-end=\"1363\">Al\u00e9m do monitoramento eletr\u00f4nico, os beneficiados tamb\u00e9m n\u00e3o poder\u00e3o utilizar redes sociais, manter contato com outros envolvidos nos atos de 8 de janeiro nem conceder entrevistas sem autoriza\u00e7\u00e3o judicial. As visitas ficam restritas a familiares e advogados, salvo autoriza\u00e7\u00e3o expressa do STF.<\/p>\n<p data-start=\"1365\" data-end=\"1523\">As medidas fazem parte das condi\u00e7\u00f5es estabelecidas por Moraes para o cumprimento da pena em regime domiciliar, mantendo controle judicial sobre os condenados.<\/p>\n<h2 data-section-id=\"106ci45\" data-start=\"1525\" data-end=\"1569\">Caso ocorre em meio a debate no Congresso<\/h2>\n<p data-start=\"1571\" data-end=\"1768\">A decis\u00e3o foi tomada poucos dias antes de o Congresso Nacional analisar o veto presidencial ao projeto que prop\u00f5e mudan\u00e7as na dosimetria das penas aplicadas aos envolvidos nos atos de 8 de janeiro.<\/p>\n<p data-start=\"1770\" data-end=\"2001\">A proposta, vetada integralmente pelo presidente Luiz In\u00e1cio Lula da Silva, prev\u00ea redu\u00e7\u00e3o de penas em determinados casos relacionados aos atos antidemocr\u00e1ticos e \u00e0 tentativa de golpe de Estado.<\/p>\n<h2 data-section-id=\"3lkpat\" data-start=\"2003\" data-end=\"2047\">Entre beneficiados est\u00e1 F\u00e1tima de Tubar\u00e3o<\/h2>\n<p data-start=\"2049\" data-end=\"2364\">Entre os contemplados pela decis\u00e3o est\u00e1 Maria de F\u00e1tima Mendon\u00e7a Jacinto, conhecida como \u201cF\u00e1tima de Tubar\u00e3o\u201d, de 70 anos, condenada a 17 anos de pris\u00e3o. Ela ficou nacionalmente conhecida ap\u00f3s aparecer em v\u00eddeos gravados durante a invas\u00e3o \u00e0s sedes dos Tr\u00eas Poderes, em Bras\u00edlia.<\/p>\n<p data-start=\"2366\" data-end=\"2553\">A decis\u00e3o pode abrir caminho para novas an\u00e1lises de pedidos semelhantes envolvendo condenados em situa\u00e7\u00e3o de idade avan\u00e7ada ou com quest\u00f5es de sa\u00fade.<\/p>\n","protected":false},"excerpt":{"rendered":"<p>O ministro do Supremo Tribunal Federal, Alexandre de Moraes, concedeu pris\u00e3o domiciliar a pelo menos 18 idosos condenados pelos atos<\/p>\n","protected":false},"author":4,"featured_media":21806,"comment_status":"open","ping_status":"open","sticky":false,"template":"","format":"standard","meta":{"colormag_page_container_layout":"default_layout","colormag_page_sidebar_layout":"default_layout","_FSMCFIC_featured_image_caption":"","_FSMCFIC_featured_image_nocaption":"","_FSMCFIC_featured_image_hide":"","footnotes":""},"categories":[7,1],"tags":[],"class_list":["post-21805","post","type-post","status-publish","format-standard","has-post-thumbnail","hentry","category-justica","category-ultimas"],"yoast_head":"<!-- This site is optimized with the Yoast SEO plugin v27.1.1 - https:\/\/yoast.com\/product\/yoast-seo-wordpress\/ -->\n<title>Moraes concede pris\u00e3o domiciliar a idosos condenados pelos atos de 8 de janeiro - Brasil not\u00edcias<\/title>\n<meta name=\"robots\" content=\"index, follow, max-snippet:-1, max-image-preview:large, max-video-preview:-1\" \/>\n<link rel=\"canonical\" href=\"https:\/\/brasilnoticias.org\/site\/moraes-concede-prisao-domiciliar-a-idosos-condenados-pelos-atos-de-8-de-janeiro\/\" \/>\n<meta property=\"og:locale\" content=\"pt_PT\" \/>\n<meta property=\"og:type\" content=\"article\" \/>\n<meta property=\"og:title\" content=\"Moraes concede pris\u00e3o domiciliar a idosos condenados pelos atos de 8 de janeiro - Brasil not\u00edcias\" \/>\n<meta property=\"og:description\" content=\"O ministro do Supremo Tribunal Federal, Alexandre de Moraes, concedeu pris\u00e3o domiciliar a pelo menos 18 idosos condenados pelos atos\" \/>\n<meta property=\"og:url\" content=\"https:\/\/brasilnoticias.org\/site\/moraes-concede-prisao-domiciliar-a-idosos-condenados-pelos-atos-de-8-de-janeiro\/\" \/>\n<meta property=\"og:site_name\" content=\"Brasil not\u00edcias\" \/>\n<meta property=\"article:published_time\" content=\"2026-04-27T09:07:25+00:00\" \/>\n<meta property=\"og:image\" content=\"https:\/\/brasilnoticias.org\/site\/wp-content\/uploads\/2026\/04\/181620moraes-concede-prisao-domiciliar-a-idosos-condenados-pelo-8-de-janeiro-3.jpg\" \/>\n\t<meta property=\"og:image:width\" content=\"1600\" \/>\n\t<meta property=\"og:image:height\" content=\"752\" \/>\n\t<meta property=\"og:image:type\" content=\"image\/jpeg\" \/>\n<meta name=\"author\" content=\"Reda\u00e7\u00e3o\" \/>\n<meta name=\"twitter:card\" content=\"summary_large_image\" \/>\n<meta name=\"twitter:label1\" content=\"Escrito por\" \/>\n\t<meta name=\"twitter:data1\" content=\"Reda\u00e7\u00e3o\" \/>\n\t<meta name=\"twitter:label2\" content=\"Tempo estimado de leitura\" \/>\n\t<meta name=\"twitter:data2\" content=\"2 minutos\" \/>\n<script type=\"application\/ld+json\" class=\"yoast-schema-graph\">{\"@context\":\"https:\/\/schema.org\",\"@graph\":[{\"@type\":\"Article\",\"@id\":\"https:\/\/brasilnoticias.org\/site\/moraes-concede-prisao-domiciliar-a-idosos-condenados-pelos-atos-de-8-de-janeiro\/#article\",\"isPartOf\":{\"@id\":\"https:\/\/brasilnoticias.org\/site\/moraes-concede-prisao-domiciliar-a-idosos-condenados-pelos-atos-de-8-de-janeiro\/\"},\"author\":{\"name\":\"Reda\u00e7\u00e3o\",\"@id\":\"https:\/\/brasilnoticias.org\/site\/#\/schema\/person\/03bbbfe6c7634ad18c26444ea39049fa\"},\"headline\":\"Moraes concede pris\u00e3o domiciliar a idosos condenados pelos atos de 8 de janeiro\",\"datePublished\":\"2026-04-27T09:07:25+00:00\",\"mainEntityOfPage\":{\"@id\":\"https:\/\/brasilnoticias.org\/site\/moraes-concede-prisao-domiciliar-a-idosos-condenados-pelos-atos-de-8-de-janeiro\/\"},\"wordCount\":362,\"commentCount\":0,\"publisher\":{\"@id\":\"https:\/\/brasilnoticias.org\/site\/#organization\"},\"image\":{\"@id\":\"https:\/\/brasilnoticias.org\/site\/moraes-concede-prisao-domiciliar-a-idosos-condenados-pelos-atos-de-8-de-janeiro\/#primaryimage\"},\"thumbnailUrl\":\"https:\/\/brasilnoticias.org\/site\/wp-content\/uploads\/2026\/04\/181620moraes-concede-prisao-domiciliar-a-idosos-condenados-pelo-8-de-janeiro-3.jpg\",\"articleSection\":[\"Justi\u00e7a\",\"\u00daltimas\"],\"inLanguage\":\"pt-PT\",\"potentialAction\":[{\"@type\":\"CommentAction\",\"name\":\"Comment\",\"target\":[\"https:\/\/brasilnoticias.org\/site\/moraes-concede-prisao-domiciliar-a-idosos-condenados-pelos-atos-de-8-de-janeiro\/#respond\"]}]},{\"@type\":\"WebPage\",\"@id\":\"https:\/\/brasilnoticias.org\/site\/moraes-concede-prisao-domiciliar-a-idosos-condenados-pelos-atos-de-8-de-janeiro\/\",\"url\":\"https:\/\/brasilnoticias.org\/site\/moraes-concede-prisao-domiciliar-a-idosos-condenados-pelos-atos-de-8-de-janeiro\/\",\"name\":\"Moraes concede pris\u00e3o domiciliar a idosos condenados pelos atos de 8 de janeiro - Brasil not\u00edcias\",\"isPartOf\":{\"@id\":\"https:\/\/brasilnoticias.org\/site\/#website\"},\"primaryImageOfPage\":{\"@id\":\"https:\/\/brasilnoticias.org\/site\/moraes-concede-prisao-domiciliar-a-idosos-condenados-pelos-atos-de-8-de-janeiro\/#primaryimage\"},\"image\":{\"@id\":\"https:\/\/brasilnoticias.org\/site\/moraes-concede-prisao-domiciliar-a-idosos-condenados-pelos-atos-de-8-de-janeiro\/#primaryimage\"},\"thumbnailUrl\":\"https:\/\/brasilnoticias.org\/site\/wp-content\/uploads\/2026\/04\/181620moraes-concede-prisao-domiciliar-a-idosos-condenados-pelo-8-de-janeiro-3.jpg\",\"datePublished\":\"2026-04-27T09:07:25+00:00\",\"breadcrumb\":{\"@id\":\"https:\/\/brasilnoticias.org\/site\/moraes-concede-prisao-domiciliar-a-idosos-condenados-pelos-atos-de-8-de-janeiro\/#breadcrumb\"},\"inLanguage\":\"pt-PT\",\"potentialAction\":[{\"@type\":\"ReadAction\",\"target\":[\"https:\/\/brasilnoticias.org\/site\/moraes-concede-prisao-domiciliar-a-idosos-condenados-pelos-atos-de-8-de-janeiro\/\"]}]},{\"@type\":\"ImageObject\",\"inLanguage\":\"pt-PT\",\"@id\":\"https:\/\/brasilnoticias.org\/site\/moraes-concede-prisao-domiciliar-a-idosos-condenados-pelos-atos-de-8-de-janeiro\/#primaryimage\",\"url\":\"https:\/\/brasilnoticias.org\/site\/wp-content\/uploads\/2026\/04\/181620moraes-concede-prisao-domiciliar-a-idosos-condenados-pelo-8-de-janeiro-3.jpg\",\"contentUrl\":\"https:\/\/brasilnoticias.org\/site\/wp-content\/uploads\/2026\/04\/181620moraes-concede-prisao-domiciliar-a-idosos-condenados-pelo-8-de-janeiro-3.jpg\",\"width\":1600,\"height\":752,\"caption\":\"Marcelo Camargo\/Ag\u00eancia Brasil\"},{\"@type\":\"BreadcrumbList\",\"@id\":\"https:\/\/brasilnoticias.org\/site\/moraes-concede-prisao-domiciliar-a-idosos-condenados-pelos-atos-de-8-de-janeiro\/#breadcrumb\",\"itemListElement\":[{\"@type\":\"ListItem\",\"position\":1,\"name\":\"In\u00edcio\",\"item\":\"https:\/\/brasilnoticias.org\/site\/\"},{\"@type\":\"ListItem\",\"position\":2,\"name\":\"Moraes concede pris\u00e3o domiciliar a idosos condenados pelos atos de 8 de janeiro\"}]},{\"@type\":\"WebSite\",\"@id\":\"https:\/\/brasilnoticias.org\/site\/#website\",\"url\":\"https:\/\/brasilnoticias.org\/site\/\",\"name\":\"Brasil not\u00edcias\",\"description\":\"Brasil not\u00edcias\",\"publisher\":{\"@id\":\"https:\/\/brasilnoticias.org\/site\/#organization\"},\"potentialAction\":[{\"@type\":\"SearchAction\",\"target\":{\"@type\":\"EntryPoint\",\"urlTemplate\":\"https:\/\/brasilnoticias.org\/site\/?s={search_term_string}\"},\"query-input\":{\"@type\":\"PropertyValueSpecification\",\"valueRequired\":true,\"valueName\":\"search_term_string\"}}],\"inLanguage\":\"pt-PT\"},{\"@type\":\"Organization\",\"@id\":\"https:\/\/brasilnoticias.org\/site\/#organization\",\"name\":\"Brasil not\u00edcias\",\"url\":\"https:\/\/brasilnoticias.org\/site\/\",\"logo\":{\"@type\":\"ImageObject\",\"inLanguage\":\"pt-PT\",\"@id\":\"https:\/\/brasilnoticias.org\/site\/#\/schema\/logo\/image\/\",\"url\":\"https:\/\/brasilnoticias.org\/site\/wp-content\/uploads\/2022\/05\/cropped-brasilnoticias-mini.jpg\",\"contentUrl\":\"https:\/\/brasilnoticias.org\/site\/wp-content\/uploads\/2022\/05\/cropped-brasilnoticias-mini.jpg\",\"width\":314,\"height\":86,\"caption\":\"Brasil not\u00edcias\"},\"image\":{\"@id\":\"https:\/\/brasilnoticias.org\/site\/#\/schema\/logo\/image\/\"}},{\"@type\":\"Person\",\"@id\":\"https:\/\/brasilnoticias.org\/site\/#\/schema\/person\/03bbbfe6c7634ad18c26444ea39049fa\",\"name\":\"Reda\u00e7\u00e3o\",\"image\":{\"@type\":\"ImageObject\",\"inLanguage\":\"pt-PT\",\"@id\":\"https:\/\/brasilnoticias.org\/site\/#\/schema\/person\/image\/\",\"url\":\"https:\/\/secure.gravatar.com\/avatar\/9ecaf7327a696cb23ad926fedded5f1f04d7049de9e445375d55b48c001a6e42?s=96&d=mm&r=g\",\"contentUrl\":\"https:\/\/secure.gravatar.com\/avatar\/9ecaf7327a696cb23ad926fedded5f1f04d7049de9e445375d55b48c001a6e42?s=96&d=mm&r=g\",\"caption\":\"Reda\u00e7\u00e3o\"},\"url\":\"https:\/\/brasilnoticias.org\/site\/author\/henrique\/\"}]}<\/script>\n<!-- \/ Yoast SEO plugin. -->","yoast_head_json":{"title":"Moraes concede pris\u00e3o domiciliar a idosos condenados pelos atos de 8 de janeiro - Brasil not\u00edcias","robots":{"index":"index","follow":"follow","max-snippet":"max-snippet:-1","max-image-preview":"max-image-preview:large","max-video-preview":"max-video-preview:-1"},"canonical":"https:\/\/brasilnoticias.org\/site\/moraes-concede-prisao-domiciliar-a-idosos-condenados-pelos-atos-de-8-de-janeiro\/","og_locale":"pt_PT","og_type":"article","og_title":"Moraes concede pris\u00e3o domiciliar a idosos condenados pelos atos de 8 de janeiro - Brasil not\u00edcias","og_description":"O ministro do Supremo Tribunal Federal, Alexandre de Moraes, concedeu pris\u00e3o domiciliar a pelo menos 18 idosos condenados pelos atos","og_url":"https:\/\/brasilnoticias.org\/site\/moraes-concede-prisao-domiciliar-a-idosos-condenados-pelos-atos-de-8-de-janeiro\/","og_site_name":"Brasil not\u00edcias","article_published_time":"2026-04-27T09:07:25+00:00","og_image":[{"width":1600,"height":752,"url":"https:\/\/brasilnoticias.org\/site\/wp-content\/uploads\/2026\/04\/181620moraes-concede-prisao-domiciliar-a-idosos-condenados-pelo-8-de-janeiro-3.jpg","type":"image\/jpeg"}],"author":"Reda\u00e7\u00e3o","twitter_card":"summary_large_image","twitter_misc":{"Escrito por":"Reda\u00e7\u00e3o","Tempo estimado de leitura":"2 minutos"},"schema":{"@context":"https:\/\/schema.org","@graph":[{"@type":"Article","@id":"https:\/\/brasilnoticias.org\/site\/moraes-concede-prisao-domiciliar-a-idosos-condenados-pelos-atos-de-8-de-janeiro\/#article","isPartOf":{"@id":"https:\/\/brasilnoticias.org\/site\/moraes-concede-prisao-domiciliar-a-idosos-condenados-pelos-atos-de-8-de-janeiro\/"},"author":{"name":"Reda\u00e7\u00e3o","@id":"https:\/\/brasilnoticias.org\/site\/#\/schema\/person\/03bbbfe6c7634ad18c26444ea39049fa"},"headline":"Moraes concede pris\u00e3o domiciliar a idosos condenados pelos atos de 8 de janeiro","datePublished":"2026-04-27T09:07:25+00:00","mainEntityOfPage":{"@id":"https:\/\/brasilnoticias.org\/site\/moraes-concede-prisao-domiciliar-a-idosos-condenados-pelos-atos-de-8-de-janeiro\/"},"wordCount":362,"commentCount":0,"publisher":{"@id":"https:\/\/brasilnoticias.org\/site\/#organization"},"image":{"@id":"https:\/\/brasilnoticias.org\/site\/moraes-concede-prisao-domiciliar-a-idosos-condenados-pelos-atos-de-8-de-janeiro\/#primaryimage"},"thumbnailUrl":"https:\/\/brasilnoticias.org\/site\/wp-content\/uploads\/2026\/04\/181620moraes-concede-prisao-domiciliar-a-idosos-condenados-pelo-8-de-janeiro-3.jpg","articleSection":["Justi\u00e7a","\u00daltimas"],"inLanguage":"pt-PT","potentialAction":[{"@type":"CommentAction","name":"Comment","target":["https:\/\/brasilnoticias.org\/site\/moraes-concede-prisao-domiciliar-a-idosos-condenados-pelos-atos-de-8-de-janeiro\/#respond"]}]},{"@type":"WebPage","@id":"https:\/\/brasilnoticias.org\/site\/moraes-concede-prisao-domiciliar-a-idosos-condenados-pelos-atos-de-8-de-janeiro\/","url":"https:\/\/brasilnoticias.org\/site\/moraes-concede-prisao-domiciliar-a-idosos-condenados-pelos-atos-de-8-de-janeiro\/","name":"Moraes concede pris\u00e3o domiciliar a idosos condenados pelos atos de 8 de janeiro - Brasil not\u00edcias","isPartOf":{"@id":"https:\/\/brasilnoticias.org\/site\/#website"},"primaryImageOfPage":{"@id":"https:\/\/brasilnoticias.org\/site\/moraes-concede-prisao-domiciliar-a-idosos-condenados-pelos-atos-de-8-de-janeiro\/#primaryimage"},"image":{"@id":"https:\/\/brasilnoticias.org\/site\/moraes-concede-prisao-domiciliar-a-idosos-condenados-pelos-atos-de-8-de-janeiro\/#primaryimage"},"thumbnailUrl":"https:\/\/brasilnoticias.org\/site\/wp-content\/uploads\/2026\/04\/181620moraes-concede-prisao-domiciliar-a-idosos-condenados-pelo-8-de-janeiro-3.jpg","datePublished":"2026-04-27T09:07:25+00:00","breadcrumb":{"@id":"https:\/\/brasilnoticias.org\/site\/moraes-concede-prisao-domiciliar-a-idosos-condenados-pelos-atos-de-8-de-janeiro\/#breadcrumb"},"inLanguage":"pt-PT","potentialAction":[{"@type":"ReadAction","target":["https:\/\/brasilnoticias.org\/site\/moraes-concede-prisao-domiciliar-a-idosos-condenados-pelos-atos-de-8-de-janeiro\/"]}]},{"@type":"ImageObject","inLanguage":"pt-PT","@id":"https:\/\/brasilnoticias.org\/site\/moraes-concede-prisao-domiciliar-a-idosos-condenados-pelos-atos-de-8-de-janeiro\/#primaryimage","url":"https:\/\/brasilnoticias.org\/site\/wp-content\/uploads\/2026\/04\/181620moraes-concede-prisao-domiciliar-a-idosos-condenados-pelo-8-de-janeiro-3.jpg","contentUrl":"https:\/\/brasilnoticias.org\/site\/wp-content\/uploads\/2026\/04\/181620moraes-concede-prisao-domiciliar-a-idosos-condenados-pelo-8-de-janeiro-3.jpg","width":1600,"height":752,"caption":"Marcelo Camargo\/Ag\u00eancia Brasil"},{"@type":"BreadcrumbList","@id":"https:\/\/brasilnoticias.org\/site\/moraes-concede-prisao-domiciliar-a-idosos-condenados-pelos-atos-de-8-de-janeiro\/#breadcrumb","itemListElement":[{"@type":"ListItem","position":1,"name":"In\u00edcio","item":"https:\/\/brasilnoticias.org\/site\/"},{"@type":"ListItem","position":2,"name":"Moraes concede pris\u00e3o domiciliar a idosos condenados pelos atos de 8 de janeiro"}]},{"@type":"WebSite","@id":"https:\/\/brasilnoticias.org\/site\/#website","url":"https:\/\/brasilnoticias.org\/site\/","name":"Brasil not\u00edcias","description":"Brasil not\u00edcias","publisher":{"@id":"https:\/\/brasilnoticias.org\/site\/#organization"},"potentialAction":[{"@type":"SearchAction","target":{"@type":"EntryPoint","urlTemplate":"https:\/\/brasilnoticias.org\/site\/?s={search_term_string}"},"query-input":{"@type":"PropertyValueSpecification","valueRequired":true,"valueName":"search_term_string"}}],"inLanguage":"pt-PT"},{"@type":"Organization","@id":"https:\/\/brasilnoticias.org\/site\/#organization","name":"Brasil not\u00edcias","url":"https:\/\/brasilnoticias.org\/site\/","logo":{"@type":"ImageObject","inLanguage":"pt-PT","@id":"https:\/\/brasilnoticias.org\/site\/#\/schema\/logo\/image\/","url":"https:\/\/brasilnoticias.org\/site\/wp-content\/uploads\/2022\/05\/cropped-brasilnoticias-mini.jpg","contentUrl":"https:\/\/brasilnoticias.org\/site\/wp-content\/uploads\/2022\/05\/cropped-brasilnoticias-mini.jpg","width":314,"height":86,"caption":"Brasil not\u00edcias"},"image":{"@id":"https:\/\/brasilnoticias.org\/site\/#\/schema\/logo\/image\/"}},{"@type":"Person","@id":"https:\/\/brasilnoticias.org\/site\/#\/schema\/person\/03bbbfe6c7634ad18c26444ea39049fa","name":"Reda\u00e7\u00e3o","image":{"@type":"ImageObject","inLanguage":"pt-PT","@id":"https:\/\/brasilnoticias.org\/site\/#\/schema\/person\/image\/","url":"https:\/\/secure.gravatar.com\/avatar\/9ecaf7327a696cb23ad926fedded5f1f04d7049de9e445375d55b48c001a6e42?s=96&d=mm&r=g","contentUrl":"https:\/\/secure.gravatar.com\/avatar\/9ecaf7327a696cb23ad926fedded5f1f04d7049de9e445375d55b48c001a6e42?s=96&d=mm&r=g","caption":"Reda\u00e7\u00e3o"},"url":"https:\/\/brasilnoticias.org\/site\/author\/henrique\/"}]}},"_links":{"self":[{"href":"https:\/\/brasilnoticias.org\/site\/wp-json\/wp\/v2\/posts\/21805","targetHints":{"allow":["GET"]}}],"collection":[{"href":"https:\/\/brasilnoticias.org\/site\/wp-json\/wp\/v2\/posts"}],"about":[{"href":"https:\/\/brasilnoticias.org\/site\/wp-json\/wp\/v2\/types\/post"}],"author":[{"embeddable":true,"href":"https:\/\/brasilnoticias.org\/site\/wp-json\/wp\/v2\/users\/4"}],"replies":[{"embeddable":true,"href":"https:\/\/brasilnoticias.org\/site\/wp-json\/wp\/v2\/comments?post=21805"}],"version-history":[{"count":1,"href":"https:\/\/brasilnoticias.org\/site\/wp-json\/wp\/v2\/posts\/21805\/revisions"}],"predecessor-version":[{"id":21807,"href":"https:\/\/brasilnoticias.org\/site\/wp-json\/wp\/v2\/posts\/21805\/revisions\/21807"}],"wp:featuredmedia":[{"embeddable":true,"href":"https:\/\/brasilnoticias.org\/site\/wp-json\/wp\/v2\/media\/21806"}],"wp:attachment":[{"href":"https:\/\/brasilnoticias.org\/site\/wp-json\/wp\/v2\/media?parent=21805"}],"wp:term":[{"taxonomy":"category","embeddable":true,"href":"https:\/\/brasilnoticias.org\/site\/wp-json\/wp\/v2\/categories?post=21805"},{"taxonomy":"post_tag","embeddable":true,"href":"https:\/\/brasilnoticias.org\/site\/wp-json\/wp\/v2\/tags?post=21805"}],"curies":[{"name":"wp","href":"https:\/\/api.w.org\/{rel}","templated":true}]}}