{"id":21808,"date":"2026-04-27T06:12:48","date_gmt":"2026-04-27T09:12:48","guid":{"rendered":"https:\/\/brasilnoticias.org\/site\/?p=21808"},"modified":"2026-04-27T06:12:48","modified_gmt":"2026-04-27T09:12:48","slug":"quem-e-cole-tomas-allen-suspeito-de-atentado-contra-trump-em-washington","status":"publish","type":"post","link":"https:\/\/brasilnoticias.org\/site\/quem-e-cole-tomas-allen-suspeito-de-atentado-contra-trump-em-washington\/","title":{"rendered":"Quem \u00e9 Cole Tomas Allen, suspeito de atentado contra Trump em Washington"},"content":{"rendered":"<p data-start=\"313\" data-end=\"704\">Cole Tomas Allen, de 31 anos, foi identificado pelas autoridades norte-americanas como o principal suspeito de abrir fogo nas proximidades do jantar da Associa\u00e7\u00e3o de Correspondentes da Casa Branca, em Washington, evento que contou com a presen\u00e7a do presidente dos Estados Unidos, Donald Trump. O homem foi detido ainda no local por agentes de seguran\u00e7a.<\/p>\n<p data-start=\"706\" data-end=\"1003\">Natural da Calif\u00f3rnia, Allen atuava como professor particular e tamb\u00e9m trabalhava no desenvolvimento independente de jogos eletr\u00f4nicos. Informa\u00e7\u00f5es divulgadas pela imprensa internacional apontam ainda que ele tem forma\u00e7\u00e3o nas \u00e1reas de engenharia e computa\u00e7\u00e3o.<\/p>\n<h2 data-section-id=\"1dpfae6\" data-start=\"1005\" data-end=\"1036\">Suspeito teria agido sozinho<\/h2>\n<p data-start=\"1038\" data-end=\"1360\">As investiga\u00e7\u00f5es preliminares indicam que Cole Tomas Allen teria atuado sozinho. Segundo autoridades dos Estados Unidos, ele viajou at\u00e9 Washington dias antes do atentado e estava hospedado no hotel onde ocorria o evento, o que pode ter facilitado sua aproxima\u00e7\u00e3o da \u00e1rea de seguran\u00e7a.<\/p>\n<p data-start=\"1362\" data-end=\"1566\">A pol\u00edcia e o Servi\u00e7o Secreto apuram se o presidente Donald Trump era o alvo principal da a\u00e7\u00e3o. At\u00e9 o momento, a motiva\u00e7\u00e3o oficial do ataque ainda n\u00e3o foi confirmada.<\/p>\n<h2 data-section-id=\"1w3evze\" data-start=\"1568\" data-end=\"1612\">Investiga\u00e7\u00e3o analisa hist\u00f3rico e escritos<\/h2>\n<p data-start=\"1614\" data-end=\"1927\">Investigadores recolheram materiais e dispositivos eletr\u00f4nicos ligados ao suspeito, al\u00e9m de documentos que podem ajudar a esclarecer as motiva\u00e7\u00f5es do caso. Autoridades norte-americanas tamb\u00e9m realizam entrevistas com pessoas pr\u00f3ximas a Allen para montar o perfil do suspeito.<\/p>\n<p data-start=\"1929\" data-end=\"2135\">O epis\u00f3dio reacendeu o debate sobre seguran\u00e7a presidencial nos Estados Unidos e elevou o n\u00edvel de alerta em eventos oficiais com participa\u00e7\u00e3o de autoridades do governo.<\/p>\n","protected":false},"excerpt":{"rendered":"<p>Cole Tomas Allen, de 31 anos, foi identificado pelas autoridades norte-americanas como o principal suspeito de abrir fogo nas proximidades<\/p>\n","protected":false},"author":4,"featured_media":21809,"comment_status":"open","ping_status":"open","sticky":false,"template":"","format":"standard","meta":{"colormag_page_container_layout":"default_layout","colormag_page_sidebar_layout":"default_layout","_FSMCFIC_featured_image_caption":"","_FSMCFIC_featured_image_nocaption":"","_FSMCFIC_featured_image_hide":"","footnotes":""},"categories":[2,1],"tags":[],"class_list":["post-21808","post","type-post","status-publish","format-standard","has-post-thumbnail","hentry","category-noticias","category-ultimas"],"yoast_head":"<!-- This site is optimized with the Yoast SEO plugin v27.1.1 - https:\/\/yoast.com\/product\/yoast-seo-wordpress\/ -->\n<title>Quem \u00e9 Cole Tomas Allen, suspeito de atentado contra Trump em Washington - Brasil not\u00edcias<\/title>\n<meta name=\"robots\" content=\"index, follow, max-snippet:-1, max-image-preview:large, max-video-preview:-1\" \/>\n<link rel=\"canonical\" href=\"https:\/\/brasilnoticias.org\/site\/quem-e-cole-tomas-allen-suspeito-de-atentado-contra-trump-em-washington\/\" \/>\n<meta property=\"og:locale\" content=\"pt_PT\" \/>\n<meta property=\"og:type\" content=\"article\" \/>\n<meta property=\"og:title\" content=\"Quem \u00e9 Cole Tomas Allen, suspeito de atentado contra Trump em Washington - Brasil not\u00edcias\" \/>\n<meta property=\"og:description\" content=\"Cole Tomas Allen, de 31 anos, foi identificado pelas autoridades norte-americanas como o principal suspeito de abrir fogo nas proximidades\" \/>\n<meta property=\"og:url\" content=\"https:\/\/brasilnoticias.org\/site\/quem-e-cole-tomas-allen-suspeito-de-atentado-contra-trump-em-washington\/\" \/>\n<meta property=\"og:site_name\" content=\"Brasil not\u00edcias\" \/>\n<meta property=\"article:published_time\" content=\"2026-04-27T09:12:48+00:00\" \/>\n<meta property=\"og:image\" content=\"https:\/\/brasilnoticias.org\/site\/wp-content\/uploads\/2026\/04\/181623quem-e-cole-tomas-allen-suspeito-de-tiroteio-contra-trump-em-washington-3.jpg\" \/>\n\t<meta property=\"og:image:width\" content=\"1600\" \/>\n\t<meta property=\"og:image:height\" content=\"752\" \/>\n\t<meta property=\"og:image:type\" content=\"image\/jpeg\" \/>\n<meta name=\"author\" content=\"Reda\u00e7\u00e3o\" \/>\n<meta name=\"twitter:card\" content=\"summary_large_image\" \/>\n<meta name=\"twitter:label1\" content=\"Escrito por\" \/>\n\t<meta name=\"twitter:data1\" content=\"Reda\u00e7\u00e3o\" \/>\n\t<meta name=\"twitter:label2\" content=\"Tempo estimado de leitura\" \/>\n\t<meta name=\"twitter:data2\" content=\"2 minutos\" \/>\n<script type=\"application\/ld+json\" class=\"yoast-schema-graph\">{\"@context\":\"https:\/\/schema.org\",\"@graph\":[{\"@type\":\"Article\",\"@id\":\"https:\/\/brasilnoticias.org\/site\/quem-e-cole-tomas-allen-suspeito-de-atentado-contra-trump-em-washington\/#article\",\"isPartOf\":{\"@id\":\"https:\/\/brasilnoticias.org\/site\/quem-e-cole-tomas-allen-suspeito-de-atentado-contra-trump-em-washington\/\"},\"author\":{\"name\":\"Reda\u00e7\u00e3o\",\"@id\":\"https:\/\/brasilnoticias.org\/site\/#\/schema\/person\/03bbbfe6c7634ad18c26444ea39049fa\"},\"headline\":\"Quem \u00e9 Cole Tomas Allen, suspeito de atentado contra Trump em Washington\",\"datePublished\":\"2026-04-27T09:12:48+00:00\",\"mainEntityOfPage\":{\"@id\":\"https:\/\/brasilnoticias.org\/site\/quem-e-cole-tomas-allen-suspeito-de-atentado-contra-trump-em-washington\/\"},\"wordCount\":273,\"commentCount\":0,\"publisher\":{\"@id\":\"https:\/\/brasilnoticias.org\/site\/#organization\"},\"image\":{\"@id\":\"https:\/\/brasilnoticias.org\/site\/quem-e-cole-tomas-allen-suspeito-de-atentado-contra-trump-em-washington\/#primaryimage\"},\"thumbnailUrl\":\"https:\/\/brasilnoticias.org\/site\/wp-content\/uploads\/2026\/04\/181623quem-e-cole-tomas-allen-suspeito-de-tiroteio-contra-trump-em-washington-3.jpg\",\"articleSection\":[\"Not\u00edcias\",\"\u00daltimas\"],\"inLanguage\":\"pt-PT\",\"potentialAction\":[{\"@type\":\"CommentAction\",\"name\":\"Comment\",\"target\":[\"https:\/\/brasilnoticias.org\/site\/quem-e-cole-tomas-allen-suspeito-de-atentado-contra-trump-em-washington\/#respond\"]}]},{\"@type\":\"WebPage\",\"@id\":\"https:\/\/brasilnoticias.org\/site\/quem-e-cole-tomas-allen-suspeito-de-atentado-contra-trump-em-washington\/\",\"url\":\"https:\/\/brasilnoticias.org\/site\/quem-e-cole-tomas-allen-suspeito-de-atentado-contra-trump-em-washington\/\",\"name\":\"Quem \u00e9 Cole Tomas Allen, suspeito de atentado contra Trump em Washington - Brasil not\u00edcias\",\"isPartOf\":{\"@id\":\"https:\/\/brasilnoticias.org\/site\/#website\"},\"primaryImageOfPage\":{\"@id\":\"https:\/\/brasilnoticias.org\/site\/quem-e-cole-tomas-allen-suspeito-de-atentado-contra-trump-em-washington\/#primaryimage\"},\"image\":{\"@id\":\"https:\/\/brasilnoticias.org\/site\/quem-e-cole-tomas-allen-suspeito-de-atentado-contra-trump-em-washington\/#primaryimage\"},\"thumbnailUrl\":\"https:\/\/brasilnoticias.org\/site\/wp-content\/uploads\/2026\/04\/181623quem-e-cole-tomas-allen-suspeito-de-tiroteio-contra-trump-em-washington-3.jpg\",\"datePublished\":\"2026-04-27T09:12:48+00:00\",\"breadcrumb\":{\"@id\":\"https:\/\/brasilnoticias.org\/site\/quem-e-cole-tomas-allen-suspeito-de-atentado-contra-trump-em-washington\/#breadcrumb\"},\"inLanguage\":\"pt-PT\",\"potentialAction\":[{\"@type\":\"ReadAction\",\"target\":[\"https:\/\/brasilnoticias.org\/site\/quem-e-cole-tomas-allen-suspeito-de-atentado-contra-trump-em-washington\/\"]}]},{\"@type\":\"ImageObject\",\"inLanguage\":\"pt-PT\",\"@id\":\"https:\/\/brasilnoticias.org\/site\/quem-e-cole-tomas-allen-suspeito-de-atentado-contra-trump-em-washington\/#primaryimage\",\"url\":\"https:\/\/brasilnoticias.org\/site\/wp-content\/uploads\/2026\/04\/181623quem-e-cole-tomas-allen-suspeito-de-tiroteio-contra-trump-em-washington-3.jpg\",\"contentUrl\":\"https:\/\/brasilnoticias.org\/site\/wp-content\/uploads\/2026\/04\/181623quem-e-cole-tomas-allen-suspeito-de-tiroteio-contra-trump-em-washington-3.jpg\",\"width\":1600,\"height\":752},{\"@type\":\"BreadcrumbList\",\"@id\":\"https:\/\/brasilnoticias.org\/site\/quem-e-cole-tomas-allen-suspeito-de-atentado-contra-trump-em-washington\/#breadcrumb\",\"itemListElement\":[{\"@type\":\"ListItem\",\"position\":1,\"name\":\"In\u00edcio\",\"item\":\"https:\/\/brasilnoticias.org\/site\/\"},{\"@type\":\"ListItem\",\"position\":2,\"name\":\"Quem \u00e9 Cole Tomas Allen, suspeito de atentado contra Trump em Washington\"}]},{\"@type\":\"WebSite\",\"@id\":\"https:\/\/brasilnoticias.org\/site\/#website\",\"url\":\"https:\/\/brasilnoticias.org\/site\/\",\"name\":\"Brasil not\u00edcias\",\"description\":\"Brasil not\u00edcias\",\"publisher\":{\"@id\":\"https:\/\/brasilnoticias.org\/site\/#organization\"},\"potentialAction\":[{\"@type\":\"SearchAction\",\"target\":{\"@type\":\"EntryPoint\",\"urlTemplate\":\"https:\/\/brasilnoticias.org\/site\/?s={search_term_string}\"},\"query-input\":{\"@type\":\"PropertyValueSpecification\",\"valueRequired\":true,\"valueName\":\"search_term_string\"}}],\"inLanguage\":\"pt-PT\"},{\"@type\":\"Organization\",\"@id\":\"https:\/\/brasilnoticias.org\/site\/#organization\",\"name\":\"Brasil not\u00edcias\",\"url\":\"https:\/\/brasilnoticias.org\/site\/\",\"logo\":{\"@type\":\"ImageObject\",\"inLanguage\":\"pt-PT\",\"@id\":\"https:\/\/brasilnoticias.org\/site\/#\/schema\/logo\/image\/\",\"url\":\"https:\/\/brasilnoticias.org\/site\/wp-content\/uploads\/2022\/05\/cropped-brasilnoticias-mini.jpg\",\"contentUrl\":\"https:\/\/brasilnoticias.org\/site\/wp-content\/uploads\/2022\/05\/cropped-brasilnoticias-mini.jpg\",\"width\":314,\"height\":86,\"caption\":\"Brasil not\u00edcias\"},\"image\":{\"@id\":\"https:\/\/brasilnoticias.org\/site\/#\/schema\/logo\/image\/\"}},{\"@type\":\"Person\",\"@id\":\"https:\/\/brasilnoticias.org\/site\/#\/schema\/person\/03bbbfe6c7634ad18c26444ea39049fa\",\"name\":\"Reda\u00e7\u00e3o\",\"image\":{\"@type\":\"ImageObject\",\"inLanguage\":\"pt-PT\",\"@id\":\"https:\/\/brasilnoticias.org\/site\/#\/schema\/person\/image\/\",\"url\":\"https:\/\/secure.gravatar.com\/avatar\/9ecaf7327a696cb23ad926fedded5f1f04d7049de9e445375d55b48c001a6e42?s=96&d=mm&r=g\",\"contentUrl\":\"https:\/\/secure.gravatar.com\/avatar\/9ecaf7327a696cb23ad926fedded5f1f04d7049de9e445375d55b48c001a6e42?s=96&d=mm&r=g\",\"caption\":\"Reda\u00e7\u00e3o\"},\"url\":\"https:\/\/brasilnoticias.org\/site\/author\/henrique\/\"}]}<\/script>\n<!-- \/ Yoast SEO plugin. -->","yoast_head_json":{"title":"Quem \u00e9 Cole Tomas Allen, suspeito de atentado contra Trump em Washington - Brasil not\u00edcias","robots":{"index":"index","follow":"follow","max-snippet":"max-snippet:-1","max-image-preview":"max-image-preview:large","max-video-preview":"max-video-preview:-1"},"canonical":"https:\/\/brasilnoticias.org\/site\/quem-e-cole-tomas-allen-suspeito-de-atentado-contra-trump-em-washington\/","og_locale":"pt_PT","og_type":"article","og_title":"Quem \u00e9 Cole Tomas Allen, suspeito de atentado contra Trump em Washington - Brasil not\u00edcias","og_description":"Cole Tomas Allen, de 31 anos, foi identificado pelas autoridades norte-americanas como o principal suspeito de abrir fogo nas proximidades","og_url":"https:\/\/brasilnoticias.org\/site\/quem-e-cole-tomas-allen-suspeito-de-atentado-contra-trump-em-washington\/","og_site_name":"Brasil not\u00edcias","article_published_time":"2026-04-27T09:12:48+00:00","og_image":[{"width":1600,"height":752,"url":"https:\/\/brasilnoticias.org\/site\/wp-content\/uploads\/2026\/04\/181623quem-e-cole-tomas-allen-suspeito-de-tiroteio-contra-trump-em-washington-3.jpg","type":"image\/jpeg"}],"author":"Reda\u00e7\u00e3o","twitter_card":"summary_large_image","twitter_misc":{"Escrito por":"Reda\u00e7\u00e3o","Tempo estimado de leitura":"2 minutos"},"schema":{"@context":"https:\/\/schema.org","@graph":[{"@type":"Article","@id":"https:\/\/brasilnoticias.org\/site\/quem-e-cole-tomas-allen-suspeito-de-atentado-contra-trump-em-washington\/#article","isPartOf":{"@id":"https:\/\/brasilnoticias.org\/site\/quem-e-cole-tomas-allen-suspeito-de-atentado-contra-trump-em-washington\/"},"author":{"name":"Reda\u00e7\u00e3o","@id":"https:\/\/brasilnoticias.org\/site\/#\/schema\/person\/03bbbfe6c7634ad18c26444ea39049fa"},"headline":"Quem \u00e9 Cole Tomas Allen, suspeito de atentado contra Trump em Washington","datePublished":"2026-04-27T09:12:48+00:00","mainEntityOfPage":{"@id":"https:\/\/brasilnoticias.org\/site\/quem-e-cole-tomas-allen-suspeito-de-atentado-contra-trump-em-washington\/"},"wordCount":273,"commentCount":0,"publisher":{"@id":"https:\/\/brasilnoticias.org\/site\/#organization"},"image":{"@id":"https:\/\/brasilnoticias.org\/site\/quem-e-cole-tomas-allen-suspeito-de-atentado-contra-trump-em-washington\/#primaryimage"},"thumbnailUrl":"https:\/\/brasilnoticias.org\/site\/wp-content\/uploads\/2026\/04\/181623quem-e-cole-tomas-allen-suspeito-de-tiroteio-contra-trump-em-washington-3.jpg","articleSection":["Not\u00edcias","\u00daltimas"],"inLanguage":"pt-PT","potentialAction":[{"@type":"CommentAction","name":"Comment","target":["https:\/\/brasilnoticias.org\/site\/quem-e-cole-tomas-allen-suspeito-de-atentado-contra-trump-em-washington\/#respond"]}]},{"@type":"WebPage","@id":"https:\/\/brasilnoticias.org\/site\/quem-e-cole-tomas-allen-suspeito-de-atentado-contra-trump-em-washington\/","url":"https:\/\/brasilnoticias.org\/site\/quem-e-cole-tomas-allen-suspeito-de-atentado-contra-trump-em-washington\/","name":"Quem \u00e9 Cole Tomas Allen, suspeito de atentado contra Trump em Washington - Brasil not\u00edcias","isPartOf":{"@id":"https:\/\/brasilnoticias.org\/site\/#website"},"primaryImageOfPage":{"@id":"https:\/\/brasilnoticias.org\/site\/quem-e-cole-tomas-allen-suspeito-de-atentado-contra-trump-em-washington\/#primaryimage"},"image":{"@id":"https:\/\/brasilnoticias.org\/site\/quem-e-cole-tomas-allen-suspeito-de-atentado-contra-trump-em-washington\/#primaryimage"},"thumbnailUrl":"https:\/\/brasilnoticias.org\/site\/wp-content\/uploads\/2026\/04\/181623quem-e-cole-tomas-allen-suspeito-de-tiroteio-contra-trump-em-washington-3.jpg","datePublished":"2026-04-27T09:12:48+00:00","breadcrumb":{"@id":"https:\/\/brasilnoticias.org\/site\/quem-e-cole-tomas-allen-suspeito-de-atentado-contra-trump-em-washington\/#breadcrumb"},"inLanguage":"pt-PT","potentialAction":[{"@type":"ReadAction","target":["https:\/\/brasilnoticias.org\/site\/quem-e-cole-tomas-allen-suspeito-de-atentado-contra-trump-em-washington\/"]}]},{"@type":"ImageObject","inLanguage":"pt-PT","@id":"https:\/\/brasilnoticias.org\/site\/quem-e-cole-tomas-allen-suspeito-de-atentado-contra-trump-em-washington\/#primaryimage","url":"https:\/\/brasilnoticias.org\/site\/wp-content\/uploads\/2026\/04\/181623quem-e-cole-tomas-allen-suspeito-de-tiroteio-contra-trump-em-washington-3.jpg","contentUrl":"https:\/\/brasilnoticias.org\/site\/wp-content\/uploads\/2026\/04\/181623quem-e-cole-tomas-allen-suspeito-de-tiroteio-contra-trump-em-washington-3.jpg","width":1600,"height":752},{"@type":"BreadcrumbList","@id":"https:\/\/brasilnoticias.org\/site\/quem-e-cole-tomas-allen-suspeito-de-atentado-contra-trump-em-washington\/#breadcrumb","itemListElement":[{"@type":"ListItem","position":1,"name":"In\u00edcio","item":"https:\/\/brasilnoticias.org\/site\/"},{"@type":"ListItem","position":2,"name":"Quem \u00e9 Cole Tomas Allen, suspeito de atentado contra Trump em Washington"}]},{"@type":"WebSite","@id":"https:\/\/brasilnoticias.org\/site\/#website","url":"https:\/\/brasilnoticias.org\/site\/","name":"Brasil not\u00edcias","description":"Brasil not\u00edcias","publisher":{"@id":"https:\/\/brasilnoticias.org\/site\/#organization"},"potentialAction":[{"@type":"SearchAction","target":{"@type":"EntryPoint","urlTemplate":"https:\/\/brasilnoticias.org\/site\/?s={search_term_string}"},"query-input":{"@type":"PropertyValueSpecification","valueRequired":true,"valueName":"search_term_string"}}],"inLanguage":"pt-PT"},{"@type":"Organization","@id":"https:\/\/brasilnoticias.org\/site\/#organization","name":"Brasil not\u00edcias","url":"https:\/\/brasilnoticias.org\/site\/","logo":{"@type":"ImageObject","inLanguage":"pt-PT","@id":"https:\/\/brasilnoticias.org\/site\/#\/schema\/logo\/image\/","url":"https:\/\/brasilnoticias.org\/site\/wp-content\/uploads\/2022\/05\/cropped-brasilnoticias-mini.jpg","contentUrl":"https:\/\/brasilnoticias.org\/site\/wp-content\/uploads\/2022\/05\/cropped-brasilnoticias-mini.jpg","width":314,"height":86,"caption":"Brasil not\u00edcias"},"image":{"@id":"https:\/\/brasilnoticias.org\/site\/#\/schema\/logo\/image\/"}},{"@type":"Person","@id":"https:\/\/brasilnoticias.org\/site\/#\/schema\/person\/03bbbfe6c7634ad18c26444ea39049fa","name":"Reda\u00e7\u00e3o","image":{"@type":"ImageObject","inLanguage":"pt-PT","@id":"https:\/\/brasilnoticias.org\/site\/#\/schema\/person\/image\/","url":"https:\/\/secure.gravatar.com\/avatar\/9ecaf7327a696cb23ad926fedded5f1f04d7049de9e445375d55b48c001a6e42?s=96&d=mm&r=g","contentUrl":"https:\/\/secure.gravatar.com\/avatar\/9ecaf7327a696cb23ad926fedded5f1f04d7049de9e445375d55b48c001a6e42?s=96&d=mm&r=g","caption":"Reda\u00e7\u00e3o"},"url":"https:\/\/brasilnoticias.org\/site\/author\/henrique\/"}]}},"_links":{"self":[{"href":"https:\/\/brasilnoticias.org\/site\/wp-json\/wp\/v2\/posts\/21808","targetHints":{"allow":["GET"]}}],"collection":[{"href":"https:\/\/brasilnoticias.org\/site\/wp-json\/wp\/v2\/posts"}],"about":[{"href":"https:\/\/brasilnoticias.org\/site\/wp-json\/wp\/v2\/types\/post"}],"author":[{"embeddable":true,"href":"https:\/\/brasilnoticias.org\/site\/wp-json\/wp\/v2\/users\/4"}],"replies":[{"embeddable":true,"href":"https:\/\/brasilnoticias.org\/site\/wp-json\/wp\/v2\/comments?post=21808"}],"version-history":[{"count":1,"href":"https:\/\/brasilnoticias.org\/site\/wp-json\/wp\/v2\/posts\/21808\/revisions"}],"predecessor-version":[{"id":21810,"href":"https:\/\/brasilnoticias.org\/site\/wp-json\/wp\/v2\/posts\/21808\/revisions\/21810"}],"wp:featuredmedia":[{"embeddable":true,"href":"https:\/\/brasilnoticias.org\/site\/wp-json\/wp\/v2\/media\/21809"}],"wp:attachment":[{"href":"https:\/\/brasilnoticias.org\/site\/wp-json\/wp\/v2\/media?parent=21808"}],"wp:term":[{"taxonomy":"category","embeddable":true,"href":"https:\/\/brasilnoticias.org\/site\/wp-json\/wp\/v2\/categories?post=21808"},{"taxonomy":"post_tag","embeddable":true,"href":"https:\/\/brasilnoticias.org\/site\/wp-json\/wp\/v2\/tags?post=21808"}],"curies":[{"name":"wp","href":"https:\/\/api.w.org\/{rel}","templated":true}]}}