{"id":21814,"date":"2026-04-27T06:32:17","date_gmt":"2026-04-27T09:32:17","guid":{"rendered":"https:\/\/brasilnoticias.org\/site\/?p=21814"},"modified":"2026-04-27T06:32:17","modified_gmt":"2026-04-27T09:32:17","slug":"salvador-tem-domingo-de-programacao-cultural-com-olodum-shows-e-exposicoes","status":"publish","type":"post","link":"https:\/\/brasilnoticias.org\/site\/salvador-tem-domingo-de-programacao-cultural-com-olodum-shows-e-exposicoes\/","title":{"rendered":"Salvador tem domingo de programa\u00e7\u00e3o cultural com Olodum, shows e exposi\u00e7\u00f5es"},"content":{"rendered":"<p data-start=\"330\" data-end=\"800\">Salvador teve um domingo (26) marcado por uma programa\u00e7\u00e3o cultural diversificada, com op\u00e7\u00f5es para p\u00fablicos de diferentes estilos e idades. Entre os destaques est\u00e1 a apresenta\u00e7\u00e3o gratuita do\u00a0<span class=\"hover:entity-accent entity-underline inline cursor-pointer align-baseline\"><span class=\"whitespace-normal\">Olodum<\/span><\/span> no Largo do Pelourinho, em comemora\u00e7\u00e3o aos 47 anos de hist\u00f3ria do tradicional bloco afro baiano. O show est\u00e1 marcado para as 15h e integra uma s\u00e9rie de atividades culturais promovidas no Centro Hist\u00f3rico.<\/p>\n<p data-start=\"802\" data-end=\"1062\">Al\u00e9m do Olodum, a capital baiana tamb\u00e9m recebe apresenta\u00e7\u00f5es musicais, exposi\u00e7\u00f5es e eventos culturais espalhados por diferentes regi\u00f5es da cidade, ampliando as op\u00e7\u00f5es de lazer para moradores e turistas neste fim de semana.<\/p>\n<h2 data-section-id=\"1k6t7xb\" data-start=\"1064\" data-end=\"1125\">Olodum celebra anivers\u00e1rio com show gratuito no Pelourinho<\/h2>\n<p data-start=\"1127\" data-end=\"1522\">S\u00edmbolo da cultura afro-brasileira e um dos maiores nomes da m\u00fasica percussiva do pa\u00eds, o <span class=\"hover:entity-accent entity-underline inline cursor-pointer align-baseline\"><span class=\"whitespace-normal\">Olodum<\/span><\/span> promete levar milhares de pessoas ao Pelourinho com uma apresenta\u00e7\u00e3o aberta ao p\u00fablico. O evento faz parte da celebra\u00e7\u00e3o de anivers\u00e1rio do grupo, fundado em 1979 e reconhecido internacionalmente por sua atua\u00e7\u00e3o cultural e social.<\/p>\n<p data-start=\"1524\" data-end=\"1792\">A expectativa \u00e9 de grande movimenta\u00e7\u00e3o no Centro Hist\u00f3rico ao longo da tarde, especialmente pela tradi\u00e7\u00e3o dos ensaios e shows do grupo, que costumam reunir baianos e visitantes em um dos cart\u00f5es-postais mais conhecidos da capital.<\/p>\n<h2 data-section-id=\"11dx56n\" data-start=\"1794\" data-end=\"1842\">M\u00fasica e exposi\u00e7\u00f5es completam agenda cultural<\/h2>\n<p data-start=\"1844\" data-end=\"2238\">Outra atra\u00e7\u00e3o do domingo \u00e9 o show de <span class=\"hover:entity-accent entity-underline inline cursor-pointer align-baseline\"><span class=\"whitespace-normal\">Z\u00e9lia Duncan<\/span><\/span> na <span class=\"hover:entity-accent entity-underline inline cursor-pointer align-baseline\"><span class=\"whitespace-normal\">Concha Ac\u00fastica do Teatro Castro Alves<\/span><\/span>, dentro do projeto \u201cConcha para Todos\u201d, iniciativa voltada \u00e0 democratiza\u00e7\u00e3o do acesso \u00e0 cultura por meio de ingressos a pre\u00e7os populares. A apresenta\u00e7\u00e3o re\u00fane sucessos que marcaram a carreira da artista e deve atrair grande p\u00fablico \u00e0 noite.<\/p>\n<p data-start=\"2240\" data-end=\"2473\">J\u00e1 para quem busca uma programa\u00e7\u00e3o mais contemplativa, exposi\u00e7\u00f5es culturais em Salvador seguem abertas ao p\u00fablico, incluindo mostras com entrada gratuita em espa\u00e7os culturais do centro da cidade.<\/p>\n<h2 data-section-id=\"1h56c61\" data-start=\"2475\" data-end=\"2510\">Capital refor\u00e7a voca\u00e7\u00e3o cultural<\/h2>\n<p data-start=\"2512\" data-end=\"2936\">Com uma agenda que mistura m\u00fasica, arte e manifesta\u00e7\u00f5es tradicionais da cultura baiana, Salvador refor\u00e7a neste domingo sua voca\u00e7\u00e3o como um dos principais polos culturais do pa\u00eds. A programa\u00e7\u00e3o diversificada tamb\u00e9m movimenta o turismo e fortalece espa\u00e7os hist\u00f3ricos como o <span class=\"hover:entity-accent entity-underline inline cursor-pointer align-baseline\"><span class=\"whitespace-normal\">Pelourinho<\/span><\/span>, palco frequente de eventos que celebram a identidade cultural da Bahia.<\/p>\n","protected":false},"excerpt":{"rendered":"<p>Salvador teve um domingo (26) marcado por uma programa\u00e7\u00e3o cultural diversificada, com op\u00e7\u00f5es para p\u00fablicos de diferentes estilos e idades.<\/p>\n","protected":false},"author":4,"featured_media":21815,"comment_status":"open","ping_status":"open","sticky":false,"template":"","format":"standard","meta":{"colormag_page_container_layout":"default_layout","colormag_page_sidebar_layout":"default_layout","_FSMCFIC_featured_image_caption":"","_FSMCFIC_featured_image_nocaption":"","_FSMCFIC_featured_image_hide":"","footnotes":""},"categories":[8,1],"tags":[],"class_list":["post-21814","post","type-post","status-publish","format-standard","has-post-thumbnail","hentry","category-entretenimento","category-ultimas"],"yoast_head":"<!-- This site is optimized with the Yoast SEO plugin v27.1.1 - https:\/\/yoast.com\/product\/yoast-seo-wordpress\/ -->\n<title>Salvador tem domingo de programa\u00e7\u00e3o cultural com Olodum, shows e exposi\u00e7\u00f5es - Brasil not\u00edcias<\/title>\n<meta name=\"robots\" content=\"index, follow, max-snippet:-1, max-image-preview:large, max-video-preview:-1\" \/>\n<link rel=\"canonical\" href=\"https:\/\/brasilnoticias.org\/site\/salvador-tem-domingo-de-programacao-cultural-com-olodum-shows-e-exposicoes\/\" \/>\n<meta property=\"og:locale\" content=\"pt_PT\" \/>\n<meta property=\"og:type\" content=\"article\" \/>\n<meta property=\"og:title\" content=\"Salvador tem domingo de programa\u00e7\u00e3o cultural com Olodum, shows e exposi\u00e7\u00f5es - Brasil not\u00edcias\" \/>\n<meta property=\"og:description\" content=\"Salvador teve um domingo (26) marcado por uma programa\u00e7\u00e3o cultural diversificada, com op\u00e7\u00f5es para p\u00fablicos de diferentes estilos e idades.\" \/>\n<meta property=\"og:url\" content=\"https:\/\/brasilnoticias.org\/site\/salvador-tem-domingo-de-programacao-cultural-com-olodum-shows-e-exposicoes\/\" \/>\n<meta property=\"og:site_name\" content=\"Brasil not\u00edcias\" \/>\n<meta property=\"article:published_time\" content=\"2026-04-27T09:32:17+00:00\" \/>\n<meta property=\"og:image\" content=\"https:\/\/brasilnoticias.org\/site\/wp-content\/uploads\/2026\/04\/181606olodum-no-pelourinho-shows-e-exposicoes-confira-o-que-fazer-em-salvador-neste-domingo-3.jpg\" \/>\n\t<meta property=\"og:image:width\" content=\"1600\" \/>\n\t<meta property=\"og:image:height\" content=\"752\" \/>\n\t<meta property=\"og:image:type\" content=\"image\/jpeg\" \/>\n<meta name=\"author\" content=\"Reda\u00e7\u00e3o\" \/>\n<meta name=\"twitter:card\" content=\"summary_large_image\" \/>\n<meta name=\"twitter:label1\" content=\"Escrito por\" \/>\n\t<meta name=\"twitter:data1\" content=\"Reda\u00e7\u00e3o\" \/>\n\t<meta name=\"twitter:label2\" content=\"Tempo estimado de leitura\" \/>\n\t<meta name=\"twitter:data2\" content=\"3 minutos\" \/>\n<script type=\"application\/ld+json\" class=\"yoast-schema-graph\">{\"@context\":\"https:\/\/schema.org\",\"@graph\":[{\"@type\":\"Article\",\"@id\":\"https:\/\/brasilnoticias.org\/site\/salvador-tem-domingo-de-programacao-cultural-com-olodum-shows-e-exposicoes\/#article\",\"isPartOf\":{\"@id\":\"https:\/\/brasilnoticias.org\/site\/salvador-tem-domingo-de-programacao-cultural-com-olodum-shows-e-exposicoes\/\"},\"author\":{\"name\":\"Reda\u00e7\u00e3o\",\"@id\":\"https:\/\/brasilnoticias.org\/site\/#\/schema\/person\/03bbbfe6c7634ad18c26444ea39049fa\"},\"headline\":\"Salvador tem domingo de programa\u00e7\u00e3o cultural com Olodum, shows e exposi\u00e7\u00f5es\",\"datePublished\":\"2026-04-27T09:32:17+00:00\",\"mainEntityOfPage\":{\"@id\":\"https:\/\/brasilnoticias.org\/site\/salvador-tem-domingo-de-programacao-cultural-com-olodum-shows-e-exposicoes\/\"},\"wordCount\":393,\"commentCount\":0,\"publisher\":{\"@id\":\"https:\/\/brasilnoticias.org\/site\/#organization\"},\"image\":{\"@id\":\"https:\/\/brasilnoticias.org\/site\/salvador-tem-domingo-de-programacao-cultural-com-olodum-shows-e-exposicoes\/#primaryimage\"},\"thumbnailUrl\":\"https:\/\/brasilnoticias.org\/site\/wp-content\/uploads\/2026\/04\/181606olodum-no-pelourinho-shows-e-exposicoes-confira-o-que-fazer-em-salvador-neste-domingo-3.jpg\",\"articleSection\":[\"Entretenimento\",\"\u00daltimas\"],\"inLanguage\":\"pt-PT\",\"potentialAction\":[{\"@type\":\"CommentAction\",\"name\":\"Comment\",\"target\":[\"https:\/\/brasilnoticias.org\/site\/salvador-tem-domingo-de-programacao-cultural-com-olodum-shows-e-exposicoes\/#respond\"]}]},{\"@type\":\"WebPage\",\"@id\":\"https:\/\/brasilnoticias.org\/site\/salvador-tem-domingo-de-programacao-cultural-com-olodum-shows-e-exposicoes\/\",\"url\":\"https:\/\/brasilnoticias.org\/site\/salvador-tem-domingo-de-programacao-cultural-com-olodum-shows-e-exposicoes\/\",\"name\":\"Salvador tem domingo de programa\u00e7\u00e3o cultural com Olodum, shows e exposi\u00e7\u00f5es - Brasil not\u00edcias\",\"isPartOf\":{\"@id\":\"https:\/\/brasilnoticias.org\/site\/#website\"},\"primaryImageOfPage\":{\"@id\":\"https:\/\/brasilnoticias.org\/site\/salvador-tem-domingo-de-programacao-cultural-com-olodum-shows-e-exposicoes\/#primaryimage\"},\"image\":{\"@id\":\"https:\/\/brasilnoticias.org\/site\/salvador-tem-domingo-de-programacao-cultural-com-olodum-shows-e-exposicoes\/#primaryimage\"},\"thumbnailUrl\":\"https:\/\/brasilnoticias.org\/site\/wp-content\/uploads\/2026\/04\/181606olodum-no-pelourinho-shows-e-exposicoes-confira-o-que-fazer-em-salvador-neste-domingo-3.jpg\",\"datePublished\":\"2026-04-27T09:32:17+00:00\",\"breadcrumb\":{\"@id\":\"https:\/\/brasilnoticias.org\/site\/salvador-tem-domingo-de-programacao-cultural-com-olodum-shows-e-exposicoes\/#breadcrumb\"},\"inLanguage\":\"pt-PT\",\"potentialAction\":[{\"@type\":\"ReadAction\",\"target\":[\"https:\/\/brasilnoticias.org\/site\/salvador-tem-domingo-de-programacao-cultural-com-olodum-shows-e-exposicoes\/\"]}]},{\"@type\":\"ImageObject\",\"inLanguage\":\"pt-PT\",\"@id\":\"https:\/\/brasilnoticias.org\/site\/salvador-tem-domingo-de-programacao-cultural-com-olodum-shows-e-exposicoes\/#primaryimage\",\"url\":\"https:\/\/brasilnoticias.org\/site\/wp-content\/uploads\/2026\/04\/181606olodum-no-pelourinho-shows-e-exposicoes-confira-o-que-fazer-em-salvador-neste-domingo-3.jpg\",\"contentUrl\":\"https:\/\/brasilnoticias.org\/site\/wp-content\/uploads\/2026\/04\/181606olodum-no-pelourinho-shows-e-exposicoes-confira-o-que-fazer-em-salvador-neste-domingo-3.jpg\",\"width\":1600,\"height\":752,\"caption\":\"Mateus Pereira\/GOVBA\"},{\"@type\":\"BreadcrumbList\",\"@id\":\"https:\/\/brasilnoticias.org\/site\/salvador-tem-domingo-de-programacao-cultural-com-olodum-shows-e-exposicoes\/#breadcrumb\",\"itemListElement\":[{\"@type\":\"ListItem\",\"position\":1,\"name\":\"In\u00edcio\",\"item\":\"https:\/\/brasilnoticias.org\/site\/\"},{\"@type\":\"ListItem\",\"position\":2,\"name\":\"Salvador tem domingo de programa\u00e7\u00e3o cultural com Olodum, shows e exposi\u00e7\u00f5es\"}]},{\"@type\":\"WebSite\",\"@id\":\"https:\/\/brasilnoticias.org\/site\/#website\",\"url\":\"https:\/\/brasilnoticias.org\/site\/\",\"name\":\"Brasil not\u00edcias\",\"description\":\"Brasil not\u00edcias\",\"publisher\":{\"@id\":\"https:\/\/brasilnoticias.org\/site\/#organization\"},\"potentialAction\":[{\"@type\":\"SearchAction\",\"target\":{\"@type\":\"EntryPoint\",\"urlTemplate\":\"https:\/\/brasilnoticias.org\/site\/?s={search_term_string}\"},\"query-input\":{\"@type\":\"PropertyValueSpecification\",\"valueRequired\":true,\"valueName\":\"search_term_string\"}}],\"inLanguage\":\"pt-PT\"},{\"@type\":\"Organization\",\"@id\":\"https:\/\/brasilnoticias.org\/site\/#organization\",\"name\":\"Brasil not\u00edcias\",\"url\":\"https:\/\/brasilnoticias.org\/site\/\",\"logo\":{\"@type\":\"ImageObject\",\"inLanguage\":\"pt-PT\",\"@id\":\"https:\/\/brasilnoticias.org\/site\/#\/schema\/logo\/image\/\",\"url\":\"https:\/\/brasilnoticias.org\/site\/wp-content\/uploads\/2022\/05\/cropped-brasilnoticias-mini.jpg\",\"contentUrl\":\"https:\/\/brasilnoticias.org\/site\/wp-content\/uploads\/2022\/05\/cropped-brasilnoticias-mini.jpg\",\"width\":314,\"height\":86,\"caption\":\"Brasil not\u00edcias\"},\"image\":{\"@id\":\"https:\/\/brasilnoticias.org\/site\/#\/schema\/logo\/image\/\"}},{\"@type\":\"Person\",\"@id\":\"https:\/\/brasilnoticias.org\/site\/#\/schema\/person\/03bbbfe6c7634ad18c26444ea39049fa\",\"name\":\"Reda\u00e7\u00e3o\",\"image\":{\"@type\":\"ImageObject\",\"inLanguage\":\"pt-PT\",\"@id\":\"https:\/\/brasilnoticias.org\/site\/#\/schema\/person\/image\/\",\"url\":\"https:\/\/secure.gravatar.com\/avatar\/9ecaf7327a696cb23ad926fedded5f1f04d7049de9e445375d55b48c001a6e42?s=96&d=mm&r=g\",\"contentUrl\":\"https:\/\/secure.gravatar.com\/avatar\/9ecaf7327a696cb23ad926fedded5f1f04d7049de9e445375d55b48c001a6e42?s=96&d=mm&r=g\",\"caption\":\"Reda\u00e7\u00e3o\"},\"url\":\"https:\/\/brasilnoticias.org\/site\/author\/henrique\/\"}]}<\/script>\n<!-- \/ Yoast SEO plugin. -->","yoast_head_json":{"title":"Salvador tem domingo de programa\u00e7\u00e3o cultural com Olodum, shows e exposi\u00e7\u00f5es - Brasil not\u00edcias","robots":{"index":"index","follow":"follow","max-snippet":"max-snippet:-1","max-image-preview":"max-image-preview:large","max-video-preview":"max-video-preview:-1"},"canonical":"https:\/\/brasilnoticias.org\/site\/salvador-tem-domingo-de-programacao-cultural-com-olodum-shows-e-exposicoes\/","og_locale":"pt_PT","og_type":"article","og_title":"Salvador tem domingo de programa\u00e7\u00e3o cultural com Olodum, shows e exposi\u00e7\u00f5es - Brasil not\u00edcias","og_description":"Salvador teve um domingo (26) marcado por uma programa\u00e7\u00e3o cultural diversificada, com op\u00e7\u00f5es para p\u00fablicos de diferentes estilos e idades.","og_url":"https:\/\/brasilnoticias.org\/site\/salvador-tem-domingo-de-programacao-cultural-com-olodum-shows-e-exposicoes\/","og_site_name":"Brasil not\u00edcias","article_published_time":"2026-04-27T09:32:17+00:00","og_image":[{"width":1600,"height":752,"url":"https:\/\/brasilnoticias.org\/site\/wp-content\/uploads\/2026\/04\/181606olodum-no-pelourinho-shows-e-exposicoes-confira-o-que-fazer-em-salvador-neste-domingo-3.jpg","type":"image\/jpeg"}],"author":"Reda\u00e7\u00e3o","twitter_card":"summary_large_image","twitter_misc":{"Escrito por":"Reda\u00e7\u00e3o","Tempo estimado de leitura":"3 minutos"},"schema":{"@context":"https:\/\/schema.org","@graph":[{"@type":"Article","@id":"https:\/\/brasilnoticias.org\/site\/salvador-tem-domingo-de-programacao-cultural-com-olodum-shows-e-exposicoes\/#article","isPartOf":{"@id":"https:\/\/brasilnoticias.org\/site\/salvador-tem-domingo-de-programacao-cultural-com-olodum-shows-e-exposicoes\/"},"author":{"name":"Reda\u00e7\u00e3o","@id":"https:\/\/brasilnoticias.org\/site\/#\/schema\/person\/03bbbfe6c7634ad18c26444ea39049fa"},"headline":"Salvador tem domingo de programa\u00e7\u00e3o cultural com Olodum, shows e exposi\u00e7\u00f5es","datePublished":"2026-04-27T09:32:17+00:00","mainEntityOfPage":{"@id":"https:\/\/brasilnoticias.org\/site\/salvador-tem-domingo-de-programacao-cultural-com-olodum-shows-e-exposicoes\/"},"wordCount":393,"commentCount":0,"publisher":{"@id":"https:\/\/brasilnoticias.org\/site\/#organization"},"image":{"@id":"https:\/\/brasilnoticias.org\/site\/salvador-tem-domingo-de-programacao-cultural-com-olodum-shows-e-exposicoes\/#primaryimage"},"thumbnailUrl":"https:\/\/brasilnoticias.org\/site\/wp-content\/uploads\/2026\/04\/181606olodum-no-pelourinho-shows-e-exposicoes-confira-o-que-fazer-em-salvador-neste-domingo-3.jpg","articleSection":["Entretenimento","\u00daltimas"],"inLanguage":"pt-PT","potentialAction":[{"@type":"CommentAction","name":"Comment","target":["https:\/\/brasilnoticias.org\/site\/salvador-tem-domingo-de-programacao-cultural-com-olodum-shows-e-exposicoes\/#respond"]}]},{"@type":"WebPage","@id":"https:\/\/brasilnoticias.org\/site\/salvador-tem-domingo-de-programacao-cultural-com-olodum-shows-e-exposicoes\/","url":"https:\/\/brasilnoticias.org\/site\/salvador-tem-domingo-de-programacao-cultural-com-olodum-shows-e-exposicoes\/","name":"Salvador tem domingo de programa\u00e7\u00e3o cultural com Olodum, shows e exposi\u00e7\u00f5es - Brasil not\u00edcias","isPartOf":{"@id":"https:\/\/brasilnoticias.org\/site\/#website"},"primaryImageOfPage":{"@id":"https:\/\/brasilnoticias.org\/site\/salvador-tem-domingo-de-programacao-cultural-com-olodum-shows-e-exposicoes\/#primaryimage"},"image":{"@id":"https:\/\/brasilnoticias.org\/site\/salvador-tem-domingo-de-programacao-cultural-com-olodum-shows-e-exposicoes\/#primaryimage"},"thumbnailUrl":"https:\/\/brasilnoticias.org\/site\/wp-content\/uploads\/2026\/04\/181606olodum-no-pelourinho-shows-e-exposicoes-confira-o-que-fazer-em-salvador-neste-domingo-3.jpg","datePublished":"2026-04-27T09:32:17+00:00","breadcrumb":{"@id":"https:\/\/brasilnoticias.org\/site\/salvador-tem-domingo-de-programacao-cultural-com-olodum-shows-e-exposicoes\/#breadcrumb"},"inLanguage":"pt-PT","potentialAction":[{"@type":"ReadAction","target":["https:\/\/brasilnoticias.org\/site\/salvador-tem-domingo-de-programacao-cultural-com-olodum-shows-e-exposicoes\/"]}]},{"@type":"ImageObject","inLanguage":"pt-PT","@id":"https:\/\/brasilnoticias.org\/site\/salvador-tem-domingo-de-programacao-cultural-com-olodum-shows-e-exposicoes\/#primaryimage","url":"https:\/\/brasilnoticias.org\/site\/wp-content\/uploads\/2026\/04\/181606olodum-no-pelourinho-shows-e-exposicoes-confira-o-que-fazer-em-salvador-neste-domingo-3.jpg","contentUrl":"https:\/\/brasilnoticias.org\/site\/wp-content\/uploads\/2026\/04\/181606olodum-no-pelourinho-shows-e-exposicoes-confira-o-que-fazer-em-salvador-neste-domingo-3.jpg","width":1600,"height":752,"caption":"Mateus Pereira\/GOVBA"},{"@type":"BreadcrumbList","@id":"https:\/\/brasilnoticias.org\/site\/salvador-tem-domingo-de-programacao-cultural-com-olodum-shows-e-exposicoes\/#breadcrumb","itemListElement":[{"@type":"ListItem","position":1,"name":"In\u00edcio","item":"https:\/\/brasilnoticias.org\/site\/"},{"@type":"ListItem","position":2,"name":"Salvador tem domingo de programa\u00e7\u00e3o cultural com Olodum, shows e exposi\u00e7\u00f5es"}]},{"@type":"WebSite","@id":"https:\/\/brasilnoticias.org\/site\/#website","url":"https:\/\/brasilnoticias.org\/site\/","name":"Brasil not\u00edcias","description":"Brasil not\u00edcias","publisher":{"@id":"https:\/\/brasilnoticias.org\/site\/#organization"},"potentialAction":[{"@type":"SearchAction","target":{"@type":"EntryPoint","urlTemplate":"https:\/\/brasilnoticias.org\/site\/?s={search_term_string}"},"query-input":{"@type":"PropertyValueSpecification","valueRequired":true,"valueName":"search_term_string"}}],"inLanguage":"pt-PT"},{"@type":"Organization","@id":"https:\/\/brasilnoticias.org\/site\/#organization","name":"Brasil not\u00edcias","url":"https:\/\/brasilnoticias.org\/site\/","logo":{"@type":"ImageObject","inLanguage":"pt-PT","@id":"https:\/\/brasilnoticias.org\/site\/#\/schema\/logo\/image\/","url":"https:\/\/brasilnoticias.org\/site\/wp-content\/uploads\/2022\/05\/cropped-brasilnoticias-mini.jpg","contentUrl":"https:\/\/brasilnoticias.org\/site\/wp-content\/uploads\/2022\/05\/cropped-brasilnoticias-mini.jpg","width":314,"height":86,"caption":"Brasil not\u00edcias"},"image":{"@id":"https:\/\/brasilnoticias.org\/site\/#\/schema\/logo\/image\/"}},{"@type":"Person","@id":"https:\/\/brasilnoticias.org\/site\/#\/schema\/person\/03bbbfe6c7634ad18c26444ea39049fa","name":"Reda\u00e7\u00e3o","image":{"@type":"ImageObject","inLanguage":"pt-PT","@id":"https:\/\/brasilnoticias.org\/site\/#\/schema\/person\/image\/","url":"https:\/\/secure.gravatar.com\/avatar\/9ecaf7327a696cb23ad926fedded5f1f04d7049de9e445375d55b48c001a6e42?s=96&d=mm&r=g","contentUrl":"https:\/\/secure.gravatar.com\/avatar\/9ecaf7327a696cb23ad926fedded5f1f04d7049de9e445375d55b48c001a6e42?s=96&d=mm&r=g","caption":"Reda\u00e7\u00e3o"},"url":"https:\/\/brasilnoticias.org\/site\/author\/henrique\/"}]}},"_links":{"self":[{"href":"https:\/\/brasilnoticias.org\/site\/wp-json\/wp\/v2\/posts\/21814","targetHints":{"allow":["GET"]}}],"collection":[{"href":"https:\/\/brasilnoticias.org\/site\/wp-json\/wp\/v2\/posts"}],"about":[{"href":"https:\/\/brasilnoticias.org\/site\/wp-json\/wp\/v2\/types\/post"}],"author":[{"embeddable":true,"href":"https:\/\/brasilnoticias.org\/site\/wp-json\/wp\/v2\/users\/4"}],"replies":[{"embeddable":true,"href":"https:\/\/brasilnoticias.org\/site\/wp-json\/wp\/v2\/comments?post=21814"}],"version-history":[{"count":1,"href":"https:\/\/brasilnoticias.org\/site\/wp-json\/wp\/v2\/posts\/21814\/revisions"}],"predecessor-version":[{"id":21816,"href":"https:\/\/brasilnoticias.org\/site\/wp-json\/wp\/v2\/posts\/21814\/revisions\/21816"}],"wp:featuredmedia":[{"embeddable":true,"href":"https:\/\/brasilnoticias.org\/site\/wp-json\/wp\/v2\/media\/21815"}],"wp:attachment":[{"href":"https:\/\/brasilnoticias.org\/site\/wp-json\/wp\/v2\/media?parent=21814"}],"wp:term":[{"taxonomy":"category","embeddable":true,"href":"https:\/\/brasilnoticias.org\/site\/wp-json\/wp\/v2\/categories?post=21814"},{"taxonomy":"post_tag","embeddable":true,"href":"https:\/\/brasilnoticias.org\/site\/wp-json\/wp\/v2\/tags?post=21814"}],"curies":[{"name":"wp","href":"https:\/\/api.w.org\/{rel}","templated":true}]}}