{"id":21843,"date":"2026-04-29T06:09:45","date_gmt":"2026-04-29T09:09:45","guid":{"rendered":"https:\/\/brasilnoticias.org\/site\/?p=21843"},"modified":"2026-04-29T06:09:45","modified_gmt":"2026-04-29T09:09:45","slug":"justica-do-trabalho-derruba-decisao-que-suspendia-eleicao-da-fecomercio-ba-e-afastava-presidente","status":"publish","type":"post","link":"https:\/\/brasilnoticias.org\/site\/justica-do-trabalho-derruba-decisao-que-suspendia-eleicao-da-fecomercio-ba-e-afastava-presidente\/","title":{"rendered":"Justi\u00e7a do Trabalho derruba decis\u00e3o que suspendia elei\u00e7\u00e3o da Fecom\u00e9rcio-BA e afastava presidente"},"content":{"rendered":"<p data-start=\"320\" data-end=\"731\">A Justi\u00e7a do Trabalho cassou a decis\u00e3o liminar que havia suspendido o processo eleitoral da Federa\u00e7\u00e3o do Com\u00e9rcio de Bens, Servi\u00e7os e Turismo do Estado da Bahia (Fecom\u00e9rcio-BA) e determinado o afastamento do atual presidente da entidade. Com a nova decis\u00e3o, o processo eleitoral volta a ter validade, assim como os atos administrativos praticados pela dire\u00e7\u00e3o da federa\u00e7\u00e3o.<\/p>\n<p data-start=\"733\" data-end=\"1079\">A reviravolta judicial ocorreu ap\u00f3s an\u00e1lise do Tribunal Regional do Trabalho da 5\u00aa Regi\u00e3o (TRT-5), que reconsiderou os efeitos da medida anterior. Na pr\u00e1tica, a decis\u00e3o restabelece a normalidade institucional dentro da Fecom\u00e9rcio-BA, uma das principais entidades representativas do setor produtivo no estado.<\/p>\n<h2 data-section-id=\"dz8yd0\" data-start=\"1081\" data-end=\"1123\">Processo eleitoral volta a ter validade<\/h2>\n<p data-start=\"1125\" data-end=\"1502\">Com a cassa\u00e7\u00e3o da liminar, o cronograma eleitoral da entidade volta a seguir seu curso regular, permitindo a continuidade do processo de escolha da nova diretoria. A decis\u00e3o tamb\u00e9m invalida, de forma pr\u00e1tica, os efeitos do afastamento do presidente, que retorna ao comando da federa\u00e7\u00e3o at\u00e9 nova delibera\u00e7\u00e3o judicial ou conclus\u00e3o do pleito.<\/p>\n<p data-start=\"1504\" data-end=\"1796\">A Fecom\u00e9rcio-BA representa sindicatos patronais dos setores de com\u00e9rcio, servi\u00e7os e turismo e tem forte peso institucional na economia baiana, al\u00e9m de integrar o Sistema Com\u00e9rcio, respons\u00e1vel pela administra\u00e7\u00e3o regional de institui\u00e7\u00f5es como Sesc e Senac.<\/p>\n<h2 data-section-id=\"1c5gmad\" data-start=\"1798\" data-end=\"1850\">Disputa judicial exp\u00f5e tens\u00e3o interna na entidade<\/h2>\n<p data-start=\"1852\" data-end=\"2111\">O caso ocorre em meio a um ambiente de disputa interna envolvendo o comando da federa\u00e7\u00e3o e a condu\u00e7\u00e3o do processo eleitoral. A judicializa\u00e7\u00e3o da elei\u00e7\u00e3o evidenciou diverg\u00eancias dentro da entidade sobre regras, legitimidade do pleito e condu\u00e7\u00e3o administrativa.<\/p>\n<p data-start=\"2113\" data-end=\"2353\">Apesar do embate, a nova decis\u00e3o da Justi\u00e7a trabalhista devolve seguran\u00e7a jur\u00eddica tempor\u00e1ria ao processo, evitando paralisa\u00e7\u00f5es que poderiam gerar impactos institucionais no funcionamento da federa\u00e7\u00e3o.<\/p>\n<h2 data-section-id=\"gk8dtw\" data-start=\"2355\" data-end=\"2409\">Entidade mant\u00e9m peso estrat\u00e9gico na economia baiana<\/h2>\n<p data-start=\"2411\" data-end=\"2764\">Fundada em 1947, a Fecom\u00e9rcio-BA re\u00fane dezenas de sindicatos empresariais e atua diretamente na defesa dos interesses do com\u00e9rcio de bens, servi\u00e7os e turismo no estado. A institui\u00e7\u00e3o tamb\u00e9m tem papel relevante na formula\u00e7\u00e3o de estudos econ\u00f4micos e na articula\u00e7\u00e3o de pautas do setor produtivo junto ao poder p\u00fablico.<\/p>\n<p data-start=\"2766\" data-end=\"2942\">Com a decis\u00e3o judicial, a expectativa agora gira em torno dos pr\u00f3ximos passos do processo eleitoral e de poss\u00edveis novos recursos envolvendo a disputa pelo comando da entidade. \u00a0<a href=\"https:\/\/fecomercioba.com.br\/wp-content\/uploads\/2026\/04\/LEIA-A-DECISAO-NA-INTEGRA.pdf\">LEIA A DECIS\u00c3O NA \u00cdNTEGRA<\/a><\/p>\n","protected":false},"excerpt":{"rendered":"<p>A Justi\u00e7a do Trabalho cassou a decis\u00e3o liminar que havia suspendido o processo eleitoral da Federa\u00e7\u00e3o do Com\u00e9rcio de Bens,<\/p>\n","protected":false},"author":4,"featured_media":21845,"comment_status":"open","ping_status":"open","sticky":false,"template":"","format":"standard","meta":{"colormag_page_container_layout":"default_layout","colormag_page_sidebar_layout":"default_layout","_FSMCFIC_featured_image_caption":"","_FSMCFIC_featured_image_nocaption":"","_FSMCFIC_featured_image_hide":"","footnotes":""},"categories":[7,1],"tags":[],"class_list":["post-21843","post","type-post","status-publish","format-standard","has-post-thumbnail","hentry","category-justica","category-ultimas"],"yoast_head":"<!-- This site is optimized with the Yoast SEO plugin v27.1.1 - https:\/\/yoast.com\/product\/yoast-seo-wordpress\/ -->\n<title>Justi\u00e7a do Trabalho derruba decis\u00e3o que suspendia elei\u00e7\u00e3o da Fecom\u00e9rcio-BA e afastava presidente - Brasil not\u00edcias<\/title>\n<meta name=\"robots\" content=\"index, follow, max-snippet:-1, max-image-preview:large, max-video-preview:-1\" \/>\n<link rel=\"canonical\" href=\"https:\/\/brasilnoticias.org\/site\/justica-do-trabalho-derruba-decisao-que-suspendia-eleicao-da-fecomercio-ba-e-afastava-presidente\/\" \/>\n<meta property=\"og:locale\" content=\"pt_PT\" \/>\n<meta property=\"og:type\" content=\"article\" \/>\n<meta property=\"og:title\" content=\"Justi\u00e7a do Trabalho derruba decis\u00e3o que suspendia elei\u00e7\u00e3o da Fecom\u00e9rcio-BA e afastava presidente - Brasil not\u00edcias\" \/>\n<meta property=\"og:description\" content=\"A Justi\u00e7a do Trabalho cassou a decis\u00e3o liminar que havia suspendido o processo eleitoral da Federa\u00e7\u00e3o do Com\u00e9rcio de Bens,\" \/>\n<meta property=\"og:url\" content=\"https:\/\/brasilnoticias.org\/site\/justica-do-trabalho-derruba-decisao-que-suspendia-eleicao-da-fecomercio-ba-e-afastava-presidente\/\" \/>\n<meta property=\"og:site_name\" content=\"Brasil not\u00edcias\" \/>\n<meta property=\"article:published_time\" content=\"2026-04-29T09:09:45+00:00\" \/>\n<meta property=\"og:image\" content=\"https:\/\/brasilnoticias.org\/site\/wp-content\/uploads\/2026\/04\/Fecomercio-BA-Cor-Extenso-1024x345-1.png\" \/>\n\t<meta property=\"og:image:width\" content=\"700\" \/>\n\t<meta property=\"og:image:height\" content=\"235\" \/>\n\t<meta property=\"og:image:type\" content=\"image\/png\" \/>\n<meta name=\"author\" content=\"Reda\u00e7\u00e3o\" \/>\n<meta name=\"twitter:card\" content=\"summary_large_image\" \/>\n<meta name=\"twitter:label1\" content=\"Escrito por\" \/>\n\t<meta name=\"twitter:data1\" content=\"Reda\u00e7\u00e3o\" \/>\n\t<meta name=\"twitter:label2\" content=\"Tempo estimado de leitura\" \/>\n\t<meta name=\"twitter:data2\" content=\"3 minutos\" \/>\n<script type=\"application\/ld+json\" class=\"yoast-schema-graph\">{\"@context\":\"https:\/\/schema.org\",\"@graph\":[{\"@type\":\"Article\",\"@id\":\"https:\/\/brasilnoticias.org\/site\/justica-do-trabalho-derruba-decisao-que-suspendia-eleicao-da-fecomercio-ba-e-afastava-presidente\/#article\",\"isPartOf\":{\"@id\":\"https:\/\/brasilnoticias.org\/site\/justica-do-trabalho-derruba-decisao-que-suspendia-eleicao-da-fecomercio-ba-e-afastava-presidente\/\"},\"author\":{\"name\":\"Reda\u00e7\u00e3o\",\"@id\":\"https:\/\/brasilnoticias.org\/site\/#\/schema\/person\/03bbbfe6c7634ad18c26444ea39049fa\"},\"headline\":\"Justi\u00e7a do Trabalho derruba decis\u00e3o que suspendia elei\u00e7\u00e3o da Fecom\u00e9rcio-BA e afastava presidente\",\"datePublished\":\"2026-04-29T09:09:45+00:00\",\"mainEntityOfPage\":{\"@id\":\"https:\/\/brasilnoticias.org\/site\/justica-do-trabalho-derruba-decisao-que-suspendia-eleicao-da-fecomercio-ba-e-afastava-presidente\/\"},\"wordCount\":433,\"commentCount\":0,\"publisher\":{\"@id\":\"https:\/\/brasilnoticias.org\/site\/#organization\"},\"image\":{\"@id\":\"https:\/\/brasilnoticias.org\/site\/justica-do-trabalho-derruba-decisao-que-suspendia-eleicao-da-fecomercio-ba-e-afastava-presidente\/#primaryimage\"},\"thumbnailUrl\":\"https:\/\/brasilnoticias.org\/site\/wp-content\/uploads\/2026\/04\/Fecomercio-BA-Cor-Extenso-1024x345-1.png\",\"articleSection\":[\"Justi\u00e7a\",\"\u00daltimas\"],\"inLanguage\":\"pt-PT\",\"potentialAction\":[{\"@type\":\"CommentAction\",\"name\":\"Comment\",\"target\":[\"https:\/\/brasilnoticias.org\/site\/justica-do-trabalho-derruba-decisao-que-suspendia-eleicao-da-fecomercio-ba-e-afastava-presidente\/#respond\"]}]},{\"@type\":\"WebPage\",\"@id\":\"https:\/\/brasilnoticias.org\/site\/justica-do-trabalho-derruba-decisao-que-suspendia-eleicao-da-fecomercio-ba-e-afastava-presidente\/\",\"url\":\"https:\/\/brasilnoticias.org\/site\/justica-do-trabalho-derruba-decisao-que-suspendia-eleicao-da-fecomercio-ba-e-afastava-presidente\/\",\"name\":\"Justi\u00e7a do Trabalho derruba decis\u00e3o que suspendia elei\u00e7\u00e3o da Fecom\u00e9rcio-BA e afastava presidente - Brasil not\u00edcias\",\"isPartOf\":{\"@id\":\"https:\/\/brasilnoticias.org\/site\/#website\"},\"primaryImageOfPage\":{\"@id\":\"https:\/\/brasilnoticias.org\/site\/justica-do-trabalho-derruba-decisao-que-suspendia-eleicao-da-fecomercio-ba-e-afastava-presidente\/#primaryimage\"},\"image\":{\"@id\":\"https:\/\/brasilnoticias.org\/site\/justica-do-trabalho-derruba-decisao-que-suspendia-eleicao-da-fecomercio-ba-e-afastava-presidente\/#primaryimage\"},\"thumbnailUrl\":\"https:\/\/brasilnoticias.org\/site\/wp-content\/uploads\/2026\/04\/Fecomercio-BA-Cor-Extenso-1024x345-1.png\",\"datePublished\":\"2026-04-29T09:09:45+00:00\",\"breadcrumb\":{\"@id\":\"https:\/\/brasilnoticias.org\/site\/justica-do-trabalho-derruba-decisao-que-suspendia-eleicao-da-fecomercio-ba-e-afastava-presidente\/#breadcrumb\"},\"inLanguage\":\"pt-PT\",\"potentialAction\":[{\"@type\":\"ReadAction\",\"target\":[\"https:\/\/brasilnoticias.org\/site\/justica-do-trabalho-derruba-decisao-que-suspendia-eleicao-da-fecomercio-ba-e-afastava-presidente\/\"]}]},{\"@type\":\"ImageObject\",\"inLanguage\":\"pt-PT\",\"@id\":\"https:\/\/brasilnoticias.org\/site\/justica-do-trabalho-derruba-decisao-que-suspendia-eleicao-da-fecomercio-ba-e-afastava-presidente\/#primaryimage\",\"url\":\"https:\/\/brasilnoticias.org\/site\/wp-content\/uploads\/2026\/04\/Fecomercio-BA-Cor-Extenso-1024x345-1.png\",\"contentUrl\":\"https:\/\/brasilnoticias.org\/site\/wp-content\/uploads\/2026\/04\/Fecomercio-BA-Cor-Extenso-1024x345-1.png\",\"width\":700,\"height\":235},{\"@type\":\"BreadcrumbList\",\"@id\":\"https:\/\/brasilnoticias.org\/site\/justica-do-trabalho-derruba-decisao-que-suspendia-eleicao-da-fecomercio-ba-e-afastava-presidente\/#breadcrumb\",\"itemListElement\":[{\"@type\":\"ListItem\",\"position\":1,\"name\":\"In\u00edcio\",\"item\":\"https:\/\/brasilnoticias.org\/site\/\"},{\"@type\":\"ListItem\",\"position\":2,\"name\":\"Justi\u00e7a do Trabalho derruba decis\u00e3o que suspendia elei\u00e7\u00e3o da Fecom\u00e9rcio-BA e afastava presidente\"}]},{\"@type\":\"WebSite\",\"@id\":\"https:\/\/brasilnoticias.org\/site\/#website\",\"url\":\"https:\/\/brasilnoticias.org\/site\/\",\"name\":\"Brasil not\u00edcias\",\"description\":\"Brasil not\u00edcias\",\"publisher\":{\"@id\":\"https:\/\/brasilnoticias.org\/site\/#organization\"},\"potentialAction\":[{\"@type\":\"SearchAction\",\"target\":{\"@type\":\"EntryPoint\",\"urlTemplate\":\"https:\/\/brasilnoticias.org\/site\/?s={search_term_string}\"},\"query-input\":{\"@type\":\"PropertyValueSpecification\",\"valueRequired\":true,\"valueName\":\"search_term_string\"}}],\"inLanguage\":\"pt-PT\"},{\"@type\":\"Organization\",\"@id\":\"https:\/\/brasilnoticias.org\/site\/#organization\",\"name\":\"Brasil not\u00edcias\",\"url\":\"https:\/\/brasilnoticias.org\/site\/\",\"logo\":{\"@type\":\"ImageObject\",\"inLanguage\":\"pt-PT\",\"@id\":\"https:\/\/brasilnoticias.org\/site\/#\/schema\/logo\/image\/\",\"url\":\"https:\/\/brasilnoticias.org\/site\/wp-content\/uploads\/2022\/05\/cropped-brasilnoticias-mini.jpg\",\"contentUrl\":\"https:\/\/brasilnoticias.org\/site\/wp-content\/uploads\/2022\/05\/cropped-brasilnoticias-mini.jpg\",\"width\":314,\"height\":86,\"caption\":\"Brasil not\u00edcias\"},\"image\":{\"@id\":\"https:\/\/brasilnoticias.org\/site\/#\/schema\/logo\/image\/\"}},{\"@type\":\"Person\",\"@id\":\"https:\/\/brasilnoticias.org\/site\/#\/schema\/person\/03bbbfe6c7634ad18c26444ea39049fa\",\"name\":\"Reda\u00e7\u00e3o\",\"image\":{\"@type\":\"ImageObject\",\"inLanguage\":\"pt-PT\",\"@id\":\"https:\/\/brasilnoticias.org\/site\/#\/schema\/person\/image\/\",\"url\":\"https:\/\/secure.gravatar.com\/avatar\/9ecaf7327a696cb23ad926fedded5f1f04d7049de9e445375d55b48c001a6e42?s=96&d=mm&r=g\",\"contentUrl\":\"https:\/\/secure.gravatar.com\/avatar\/9ecaf7327a696cb23ad926fedded5f1f04d7049de9e445375d55b48c001a6e42?s=96&d=mm&r=g\",\"caption\":\"Reda\u00e7\u00e3o\"},\"url\":\"https:\/\/brasilnoticias.org\/site\/author\/henrique\/\"}]}<\/script>\n<!-- \/ Yoast SEO plugin. -->","yoast_head_json":{"title":"Justi\u00e7a do Trabalho derruba decis\u00e3o que suspendia elei\u00e7\u00e3o da Fecom\u00e9rcio-BA e afastava presidente - Brasil not\u00edcias","robots":{"index":"index","follow":"follow","max-snippet":"max-snippet:-1","max-image-preview":"max-image-preview:large","max-video-preview":"max-video-preview:-1"},"canonical":"https:\/\/brasilnoticias.org\/site\/justica-do-trabalho-derruba-decisao-que-suspendia-eleicao-da-fecomercio-ba-e-afastava-presidente\/","og_locale":"pt_PT","og_type":"article","og_title":"Justi\u00e7a do Trabalho derruba decis\u00e3o que suspendia elei\u00e7\u00e3o da Fecom\u00e9rcio-BA e afastava presidente - Brasil not\u00edcias","og_description":"A Justi\u00e7a do Trabalho cassou a decis\u00e3o liminar que havia suspendido o processo eleitoral da Federa\u00e7\u00e3o do Com\u00e9rcio de Bens,","og_url":"https:\/\/brasilnoticias.org\/site\/justica-do-trabalho-derruba-decisao-que-suspendia-eleicao-da-fecomercio-ba-e-afastava-presidente\/","og_site_name":"Brasil not\u00edcias","article_published_time":"2026-04-29T09:09:45+00:00","og_image":[{"width":700,"height":235,"url":"https:\/\/brasilnoticias.org\/site\/wp-content\/uploads\/2026\/04\/Fecomercio-BA-Cor-Extenso-1024x345-1.png","type":"image\/png"}],"author":"Reda\u00e7\u00e3o","twitter_card":"summary_large_image","twitter_misc":{"Escrito por":"Reda\u00e7\u00e3o","Tempo estimado de leitura":"3 minutos"},"schema":{"@context":"https:\/\/schema.org","@graph":[{"@type":"Article","@id":"https:\/\/brasilnoticias.org\/site\/justica-do-trabalho-derruba-decisao-que-suspendia-eleicao-da-fecomercio-ba-e-afastava-presidente\/#article","isPartOf":{"@id":"https:\/\/brasilnoticias.org\/site\/justica-do-trabalho-derruba-decisao-que-suspendia-eleicao-da-fecomercio-ba-e-afastava-presidente\/"},"author":{"name":"Reda\u00e7\u00e3o","@id":"https:\/\/brasilnoticias.org\/site\/#\/schema\/person\/03bbbfe6c7634ad18c26444ea39049fa"},"headline":"Justi\u00e7a do Trabalho derruba decis\u00e3o que suspendia elei\u00e7\u00e3o da Fecom\u00e9rcio-BA e afastava presidente","datePublished":"2026-04-29T09:09:45+00:00","mainEntityOfPage":{"@id":"https:\/\/brasilnoticias.org\/site\/justica-do-trabalho-derruba-decisao-que-suspendia-eleicao-da-fecomercio-ba-e-afastava-presidente\/"},"wordCount":433,"commentCount":0,"publisher":{"@id":"https:\/\/brasilnoticias.org\/site\/#organization"},"image":{"@id":"https:\/\/brasilnoticias.org\/site\/justica-do-trabalho-derruba-decisao-que-suspendia-eleicao-da-fecomercio-ba-e-afastava-presidente\/#primaryimage"},"thumbnailUrl":"https:\/\/brasilnoticias.org\/site\/wp-content\/uploads\/2026\/04\/Fecomercio-BA-Cor-Extenso-1024x345-1.png","articleSection":["Justi\u00e7a","\u00daltimas"],"inLanguage":"pt-PT","potentialAction":[{"@type":"CommentAction","name":"Comment","target":["https:\/\/brasilnoticias.org\/site\/justica-do-trabalho-derruba-decisao-que-suspendia-eleicao-da-fecomercio-ba-e-afastava-presidente\/#respond"]}]},{"@type":"WebPage","@id":"https:\/\/brasilnoticias.org\/site\/justica-do-trabalho-derruba-decisao-que-suspendia-eleicao-da-fecomercio-ba-e-afastava-presidente\/","url":"https:\/\/brasilnoticias.org\/site\/justica-do-trabalho-derruba-decisao-que-suspendia-eleicao-da-fecomercio-ba-e-afastava-presidente\/","name":"Justi\u00e7a do Trabalho derruba decis\u00e3o que suspendia elei\u00e7\u00e3o da Fecom\u00e9rcio-BA e afastava presidente - Brasil not\u00edcias","isPartOf":{"@id":"https:\/\/brasilnoticias.org\/site\/#website"},"primaryImageOfPage":{"@id":"https:\/\/brasilnoticias.org\/site\/justica-do-trabalho-derruba-decisao-que-suspendia-eleicao-da-fecomercio-ba-e-afastava-presidente\/#primaryimage"},"image":{"@id":"https:\/\/brasilnoticias.org\/site\/justica-do-trabalho-derruba-decisao-que-suspendia-eleicao-da-fecomercio-ba-e-afastava-presidente\/#primaryimage"},"thumbnailUrl":"https:\/\/brasilnoticias.org\/site\/wp-content\/uploads\/2026\/04\/Fecomercio-BA-Cor-Extenso-1024x345-1.png","datePublished":"2026-04-29T09:09:45+00:00","breadcrumb":{"@id":"https:\/\/brasilnoticias.org\/site\/justica-do-trabalho-derruba-decisao-que-suspendia-eleicao-da-fecomercio-ba-e-afastava-presidente\/#breadcrumb"},"inLanguage":"pt-PT","potentialAction":[{"@type":"ReadAction","target":["https:\/\/brasilnoticias.org\/site\/justica-do-trabalho-derruba-decisao-que-suspendia-eleicao-da-fecomercio-ba-e-afastava-presidente\/"]}]},{"@type":"ImageObject","inLanguage":"pt-PT","@id":"https:\/\/brasilnoticias.org\/site\/justica-do-trabalho-derruba-decisao-que-suspendia-eleicao-da-fecomercio-ba-e-afastava-presidente\/#primaryimage","url":"https:\/\/brasilnoticias.org\/site\/wp-content\/uploads\/2026\/04\/Fecomercio-BA-Cor-Extenso-1024x345-1.png","contentUrl":"https:\/\/brasilnoticias.org\/site\/wp-content\/uploads\/2026\/04\/Fecomercio-BA-Cor-Extenso-1024x345-1.png","width":700,"height":235},{"@type":"BreadcrumbList","@id":"https:\/\/brasilnoticias.org\/site\/justica-do-trabalho-derruba-decisao-que-suspendia-eleicao-da-fecomercio-ba-e-afastava-presidente\/#breadcrumb","itemListElement":[{"@type":"ListItem","position":1,"name":"In\u00edcio","item":"https:\/\/brasilnoticias.org\/site\/"},{"@type":"ListItem","position":2,"name":"Justi\u00e7a do Trabalho derruba decis\u00e3o que suspendia elei\u00e7\u00e3o da Fecom\u00e9rcio-BA e afastava presidente"}]},{"@type":"WebSite","@id":"https:\/\/brasilnoticias.org\/site\/#website","url":"https:\/\/brasilnoticias.org\/site\/","name":"Brasil not\u00edcias","description":"Brasil not\u00edcias","publisher":{"@id":"https:\/\/brasilnoticias.org\/site\/#organization"},"potentialAction":[{"@type":"SearchAction","target":{"@type":"EntryPoint","urlTemplate":"https:\/\/brasilnoticias.org\/site\/?s={search_term_string}"},"query-input":{"@type":"PropertyValueSpecification","valueRequired":true,"valueName":"search_term_string"}}],"inLanguage":"pt-PT"},{"@type":"Organization","@id":"https:\/\/brasilnoticias.org\/site\/#organization","name":"Brasil not\u00edcias","url":"https:\/\/brasilnoticias.org\/site\/","logo":{"@type":"ImageObject","inLanguage":"pt-PT","@id":"https:\/\/brasilnoticias.org\/site\/#\/schema\/logo\/image\/","url":"https:\/\/brasilnoticias.org\/site\/wp-content\/uploads\/2022\/05\/cropped-brasilnoticias-mini.jpg","contentUrl":"https:\/\/brasilnoticias.org\/site\/wp-content\/uploads\/2022\/05\/cropped-brasilnoticias-mini.jpg","width":314,"height":86,"caption":"Brasil not\u00edcias"},"image":{"@id":"https:\/\/brasilnoticias.org\/site\/#\/schema\/logo\/image\/"}},{"@type":"Person","@id":"https:\/\/brasilnoticias.org\/site\/#\/schema\/person\/03bbbfe6c7634ad18c26444ea39049fa","name":"Reda\u00e7\u00e3o","image":{"@type":"ImageObject","inLanguage":"pt-PT","@id":"https:\/\/brasilnoticias.org\/site\/#\/schema\/person\/image\/","url":"https:\/\/secure.gravatar.com\/avatar\/9ecaf7327a696cb23ad926fedded5f1f04d7049de9e445375d55b48c001a6e42?s=96&d=mm&r=g","contentUrl":"https:\/\/secure.gravatar.com\/avatar\/9ecaf7327a696cb23ad926fedded5f1f04d7049de9e445375d55b48c001a6e42?s=96&d=mm&r=g","caption":"Reda\u00e7\u00e3o"},"url":"https:\/\/brasilnoticias.org\/site\/author\/henrique\/"}]}},"_links":{"self":[{"href":"https:\/\/brasilnoticias.org\/site\/wp-json\/wp\/v2\/posts\/21843","targetHints":{"allow":["GET"]}}],"collection":[{"href":"https:\/\/brasilnoticias.org\/site\/wp-json\/wp\/v2\/posts"}],"about":[{"href":"https:\/\/brasilnoticias.org\/site\/wp-json\/wp\/v2\/types\/post"}],"author":[{"embeddable":true,"href":"https:\/\/brasilnoticias.org\/site\/wp-json\/wp\/v2\/users\/4"}],"replies":[{"embeddable":true,"href":"https:\/\/brasilnoticias.org\/site\/wp-json\/wp\/v2\/comments?post=21843"}],"version-history":[{"count":1,"href":"https:\/\/brasilnoticias.org\/site\/wp-json\/wp\/v2\/posts\/21843\/revisions"}],"predecessor-version":[{"id":21846,"href":"https:\/\/brasilnoticias.org\/site\/wp-json\/wp\/v2\/posts\/21843\/revisions\/21846"}],"wp:featuredmedia":[{"embeddable":true,"href":"https:\/\/brasilnoticias.org\/site\/wp-json\/wp\/v2\/media\/21845"}],"wp:attachment":[{"href":"https:\/\/brasilnoticias.org\/site\/wp-json\/wp\/v2\/media?parent=21843"}],"wp:term":[{"taxonomy":"category","embeddable":true,"href":"https:\/\/brasilnoticias.org\/site\/wp-json\/wp\/v2\/categories?post=21843"},{"taxonomy":"post_tag","embeddable":true,"href":"https:\/\/brasilnoticias.org\/site\/wp-json\/wp\/v2\/tags?post=21843"}],"curies":[{"name":"wp","href":"https:\/\/api.w.org\/{rel}","templated":true}]}}